{"id":27015,"date":"2025-09-01T16:54:11","date_gmt":"2025-09-01T19:54:11","guid":{"rendered":"https:\/\/agenciainfra.com\/blog\/?p=27015"},"modified":"2025-09-01T16:58:39","modified_gmt":"2025-09-01T19:58:39","slug":"tarifa-social-garante-100-de-desconto-na-conta-de-energia","status":"publish","type":"post","link":"https:\/\/agenciainfra.com\/blog\/tarifa-social-garante-100-de-desconto-na-conta-de-energia\/","title":{"rendered":"Tarifa social garante 100% de desconto na conta de energia"},"content":{"rendered":"\n<p class=\"has-text-align-right\"><strong>da Ag\u00eancia iNFRA<\/strong><\/p>\n\n\n\n<p>Desde julho, cerca de 965 mil clientes da Enel Brasil passaram a receber 100% de desconto na conta de luz por causa das novas regras da Tarifa Social de energia el\u00e9trica. O benef\u00edcio concede gratuidade para fam\u00edlias de baixa renda que consomem at\u00e9 80 kWh por m\u00eas. Outros 2,1 milh\u00f5es de clientes tamb\u00e9m s\u00e3o contemplados com desconto parcial, aplicado ao consumo que ultrapassa esse limite.<\/p>\n\n\n\n<p>As mudan\u00e7as foram estabelecidas pela MP (Medida Provis\u00f3ria) 1.300\/2025, do governo federal, que unificou o modelo de desconto. Antes, o benef\u00edcio era escalonado, variando de 10% a 65% conforme a faixa de consumo. Agora, todos os consumidores cadastrados t\u00eam isen\u00e7\u00e3o garantida nos primeiros 80 kWh, sem risco de exclus\u00e3o do programa caso ultrapassem o teto.<\/p>\n\n\n\n<p>Entre os estados, o Cear\u00e1 lidera em n\u00famero proporcional de benefici\u00e1rios, representando 46% do total de clientes residenciais. J\u00e1 S\u00e3o Paulo soma 996 mil consumidores cadastrados e o Rio de Janeiro, 579 mil.<\/p>\n\n\n\n<p>Os crit\u00e9rios de elegibilidade n\u00e3o foram alterados, portanto, possuem o direito \u00e0 Tarifa Social: fam\u00edlias inscritas no Cadastro \u00danico com renda de at\u00e9 meio sal\u00e1rio-m\u00ednimo per capita; idosos a partir de 65 anos e pessoas com defici\u00eancia que recebem o BPC (Benef\u00edcio de Presta\u00e7\u00e3o Continuada); al\u00e9m de fam\u00edlias com renda de at\u00e9 tr\u00eas sal\u00e1rios-m\u00ednimos que tenham membros com doen\u00e7as que exigem uso cont\u00ednuo de aparelhos el\u00e9tricos.<\/p>\n\n\n\n<p>Apesar da gratuidade, a Enel refor\u00e7a que todos os clientes continuar\u00e3o recebendo a fatura, j\u00e1 que encargos e tributos, como a CIP (Contribui\u00e7\u00e3o de Ilumina\u00e7\u00e3o P\u00fablica), seguem cobrados conforme legisla\u00e7\u00e3o estadual e municipal.<\/p>\n","protected":false},"excerpt":{"rendered":"<p>da Ag\u00eancia iNFRA Desde julho, cerca de 965 mil clientes da Enel Brasil passaram a receber 100% de desconto na conta de luz por causa das novas regras da Tarifa Social de energia el\u00e9trica. O benef\u00edcio concede gratuidade para fam\u00edlias de baixa renda que consomem at\u00e9 80 kWh por m\u00eas. Outros 2,1 milh\u00f5es de clientes [&hellip;]<\/p>\n","protected":false},"author":1,"featured_media":22393,"comment_status":"closed","ping_status":"closed","sticky":false,"template":"","format":"standard","meta":{"_monsterinsights_skip_tracking":false,"_monsterinsights_sitenote_active":false,"_monsterinsights_sitenote_note":"","_monsterinsights_sitenote_category":0,"footnotes":""},"categories":[1,13576],"tags":[15107,12460,13449,13059],"class_list":["post-27015","post","type-post","status-publish","format-standard","has-post-thumbnail","hentry","category-geral","category-giro-infra","tag-desconto-na-conta-de-luz","tag-enel-brasil","tag-mp-1-300","tag-tarifa-social-de-energia"],"yoast_head":"<!-- This site is optimized with the Yoast SEO Premium plugin v25.4 (Yoast SEO v26.0) - https:\/\/yoast.com\/wordpress\/plugins\/seo\/ -->\n<title>Tarifa social garante 100% de desconto na conta de energia - Ag\u00eancia iNFRA<\/title>\n<meta name=\"robots\" content=\"index, follow, max-snippet:-1, max-image-preview:large, max-video-preview:-1\" \/>\n<link rel=\"canonical\" href=\"https:\/\/agenciainfra.com\/blog\/tarifa-social-garante-100-de-desconto-na-conta-de-energia\/\" \/>\n<meta property=\"og:locale\" content=\"pt_BR\" \/>\n<meta property=\"og:type\" content=\"article\" \/>\n<meta property=\"og:title\" content=\"Tarifa social garante 100% de desconto na conta de energia\" \/>\n<meta property=\"og:description\" content=\"da Ag\u00eancia iNFRA Desde julho, cerca de 965 mil clientes da Enel Brasil passaram a receber 100% de desconto na conta de luz por causa das novas regras da Tarifa Social de energia el\u00e9trica. O benef\u00edcio concede gratuidade para fam\u00edlias de baixa renda que consomem at\u00e9 80 kWh por m\u00eas. Outros 2,1 milh\u00f5es de clientes [&hellip;]\" \/>\n<meta property=\"og:url\" content=\"https:\/\/agenciainfra.com\/blog\/tarifa-social-garante-100-de-desconto-na-conta-de-energia\/\" \/>\n<meta property=\"og:site_name\" content=\"Ag\u00eancia iNFRA\" \/>\n<meta property=\"article:publisher\" content=\"https:\/\/www.facebook.com\/ageninfra\" \/>\n<meta property=\"article:published_time\" content=\"2025-09-01T19:54:11+00:00\" \/>\n<meta property=\"article:modified_time\" content=\"2025-09-01T19:58:39+00:00\" \/>\n<meta property=\"og:image\" content=\"https:\/\/agenciainfra.com\/blog\/wp-content\/uploads\/2025\/06\/conta_de_energia_marcello-casal.jr-agencia-brasil.png\" \/>\n\t<meta property=\"og:image:width\" content=\"1170\" \/>\n\t<meta property=\"og:image:height\" content=\"700\" \/>\n\t<meta property=\"og:image:type\" content=\"image\/png\" \/>\n<meta name=\"author\" content=\"Ag\u00eancia iNFRA\" \/>\n<meta name=\"twitter:card\" content=\"summary_large_image\" \/>\n<meta name=\"twitter:creator\" content=\"@agencia_infra\" \/>\n<meta name=\"twitter:site\" content=\"@agencia_infra\" \/>\n<meta name=\"twitter:label1\" content=\"Escrito por\" \/>\n\t<meta name=\"twitter:data1\" content=\"Ag\u00eancia iNFRA\" \/>\n\t<meta name=\"twitter:label2\" content=\"Est. tempo de leitura\" \/>\n\t<meta name=\"twitter:data2\" content=\"1 minuto\" \/>\n<script type=\"application\/ld+json\" class=\"yoast-schema-graph\">{\"@context\":\"https:\/\/schema.org\",\"@graph\":[{\"@type\":\"Article\",\"@id\":\"https:\/\/agenciainfra.com\/blog\/tarifa-social-garante-100-de-desconto-na-conta-de-energia\/#article\",\"isPartOf\":{\"@id\":\"https:\/\/agenciainfra.com\/blog\/tarifa-social-garante-100-de-desconto-na-conta-de-energia\/\"},\"author\":{\"name\":\"Ag\u00eancia iNFRA\",\"@id\":\"https:\/\/agenciainfra.com\/blog\/#\/schema\/person\/34af08dff6adea4cb22b06612ba7acfa\"},\"headline\":\"Tarifa social garante 100% de desconto na conta de energia\",\"datePublished\":\"2025-09-01T19:54:11+00:00\",\"dateModified\":\"2025-09-01T19:58:39+00:00\",\"mainEntityOfPage\":{\"@id\":\"https:\/\/agenciainfra.com\/blog\/tarifa-social-garante-100-de-desconto-na-conta-de-energia\/\"},\"wordCount\":290,\"publisher\":{\"@id\":\"https:\/\/agenciainfra.com\/blog\/#organization\"},\"image\":{\"@id\":\"https:\/\/agenciainfra.com\/blog\/tarifa-social-garante-100-de-desconto-na-conta-de-energia\/#primaryimage\"},\"thumbnailUrl\":\"https:\/\/agenciainfra.com\/blog\/wp-content\/uploads\/2025\/06\/conta_de_energia_marcello-casal.jr-agencia-brasil.png\",\"keywords\":[\"desconto na conta de luz\",\"Enel Brasil\",\"mp 1.300\",\"tarifa social de energia\"],\"articleSection\":[\"Geral\",\"Giro iNFRA\"],\"inLanguage\":\"pt-BR\",\"copyrightYear\":\"2025\",\"copyrightHolder\":{\"@id\":\"https:\/\/agenciainfra.com\/blog\/#organization\"}},{\"@type\":\"WebPage\",\"@id\":\"https:\/\/agenciainfra.com\/blog\/tarifa-social-garante-100-de-desconto-na-conta-de-energia\/\",\"url\":\"https:\/\/agenciainfra.com\/blog\/tarifa-social-garante-100-de-desconto-na-conta-de-energia\/\",\"name\":\"Tarifa social garante 100% de desconto na conta de energia - Ag\u00eancia iNFRA\",\"isPartOf\":{\"@id\":\"https:\/\/agenciainfra.com\/blog\/#website\"},\"primaryImageOfPage\":{\"@id\":\"https:\/\/agenciainfra.com\/blog\/tarifa-social-garante-100-de-desconto-na-conta-de-energia\/#primaryimage\"},\"image\":{\"@id\":\"https:\/\/agenciainfra.com\/blog\/tarifa-social-garante-100-de-desconto-na-conta-de-energia\/#primaryimage\"},\"thumbnailUrl\":\"https:\/\/agenciainfra.com\/blog\/wp-content\/uploads\/2025\/06\/conta_de_energia_marcello-casal.jr-agencia-brasil.png\",\"datePublished\":\"2025-09-01T19:54:11+00:00\",\"dateModified\":\"2025-09-01T19:58:39+00:00\",\"breadcrumb\":{\"@id\":\"https:\/\/agenciainfra.com\/blog\/tarifa-social-garante-100-de-desconto-na-conta-de-energia\/#breadcrumb\"},\"inLanguage\":\"pt-BR\",\"potentialAction\":[{\"@type\":\"ReadAction\",\"target\":[\"https:\/\/agenciainfra.com\/blog\/tarifa-social-garante-100-de-desconto-na-conta-de-energia\/\"]}]},{\"@type\":\"ImageObject\",\"inLanguage\":\"pt-BR\",\"@id\":\"https:\/\/agenciainfra.com\/blog\/tarifa-social-garante-100-de-desconto-na-conta-de-energia\/#primaryimage\",\"url\":\"https:\/\/agenciainfra.com\/blog\/wp-content\/uploads\/2025\/06\/conta_de_energia_marcello-casal.jr-agencia-brasil.png\",\"contentUrl\":\"https:\/\/agenciainfra.com\/blog\/wp-content\/uploads\/2025\/06\/conta_de_energia_marcello-casal.jr-agencia-brasil.png\",\"width\":1170,\"height\":700,\"caption\":\"Foto: Marcello Casal Jr.\/Ag\u00eancia Brasil\"},{\"@type\":\"BreadcrumbList\",\"@id\":\"https:\/\/agenciainfra.com\/blog\/tarifa-social-garante-100-de-desconto-na-conta-de-energia\/#breadcrumb\",\"itemListElement\":[{\"@type\":\"ListItem\",\"position\":1,\"name\":\"In\u00edcio\",\"item\":\"https:\/\/agenciainfra.com\/blog\/\"},{\"@type\":\"ListItem\",\"position\":2,\"name\":\"Tarifa social garante 100% de desconto na conta de energia\"}]},{\"@type\":\"WebSite\",\"@id\":\"https:\/\/agenciainfra.com\/blog\/#website\",\"url\":\"https:\/\/agenciainfra.com\/blog\/\",\"name\":\"Ag\u00eancia iNFRA\",\"description\":\"Multiplataforma de informa\u00e7\u00e3o jornal\u00edstica refer\u00eancia na \u00e1rea de infraestrutura no Brasil!\",\"publisher\":{\"@id\":\"https:\/\/agenciainfra.com\/blog\/#organization\"},\"potentialAction\":[{\"@type\":\"SearchAction\",\"target\":{\"@type\":\"EntryPoint\",\"urlTemplate\":\"https:\/\/agenciainfra.com\/blog\/?s={search_term_string}\"},\"query-input\":{\"@type\":\"PropertyValueSpecification\",\"valueRequired\":true,\"valueName\":\"search_term_string\"}}],\"inLanguage\":\"pt-BR\"},{\"@type\":\"Organization\",\"@id\":\"https:\/\/agenciainfra.com\/blog\/#organization\",\"name\":\"Ag\u00eancia iNFRA\",\"url\":\"https:\/\/agenciainfra.com\/blog\/\",\"logo\":{\"@type\":\"ImageObject\",\"inLanguage\":\"pt-BR\",\"@id\":\"https:\/\/agenciainfra.com\/blog\/#\/schema\/logo\/image\/\",\"url\":\"https:\/\/agenciainfra.com\/blog\/wp-content\/uploads\/2023\/09\/iNFRA_5-e1761735885940.png\",\"contentUrl\":\"https:\/\/agenciainfra.com\/blog\/wp-content\/uploads\/2023\/09\/iNFRA_5-e1761735885940.png\",\"width\":1672,\"height\":454,\"caption\":\"Ag\u00eancia iNFRA\"},\"image\":{\"@id\":\"https:\/\/agenciainfra.com\/blog\/#\/schema\/logo\/image\/\"},\"sameAs\":[\"https:\/\/www.facebook.com\/ageninfra\",\"https:\/\/x.com\/agencia_infra\",\"https:\/\/www.linkedin.com\/company\/ag\u00eanciainfra\/\",\"https:\/\/www.instagram.com\/agenciainfra\/\"]},{\"@type\":\"Person\",\"@id\":\"https:\/\/agenciainfra.com\/blog\/#\/schema\/person\/34af08dff6adea4cb22b06612ba7acfa\",\"name\":\"Ag\u00eancia iNFRA\",\"image\":{\"@type\":\"ImageObject\",\"inLanguage\":\"pt-BR\",\"@id\":\"https:\/\/agenciainfra.com\/blog\/#\/schema\/person\/image\/\",\"url\":\"https:\/\/secure.gravatar.com\/avatar\/d189e01678f06d8eb84d4e01f08eb848b3fffe3f8443818d3c356c66892f5be8?s=96&d=mm&r=g\",\"contentUrl\":\"https:\/\/secure.gravatar.com\/avatar\/d189e01678f06d8eb84d4e01f08eb848b3fffe3f8443818d3c356c66892f5be8?s=96&d=mm&r=g\",\"caption\":\"Ag\u00eancia iNFRA\"},\"url\":\"https:\/\/agenciainfra.com\/blog\/author\/admin\/\"}]}<\/script>\n<!-- \/ Yoast SEO Premium plugin. -->","yoast_head_json":{"title":"Tarifa social garante 100% de desconto na conta de energia - Ag\u00eancia iNFRA","robots":{"index":"index","follow":"follow","max-snippet":"max-snippet:-1","max-image-preview":"max-image-preview:large","max-video-preview":"max-video-preview:-1"},"canonical":"https:\/\/agenciainfra.com\/blog\/tarifa-social-garante-100-de-desconto-na-conta-de-energia\/","og_locale":"pt_BR","og_type":"article","og_title":"Tarifa social garante 100% de desconto na conta de energia","og_description":"da Ag\u00eancia iNFRA Desde julho, cerca de 965 mil clientes da Enel Brasil passaram a receber 100% de desconto na conta de luz por causa das novas regras da Tarifa Social de energia el\u00e9trica. O benef\u00edcio concede gratuidade para fam\u00edlias de baixa renda que consomem at\u00e9 80 kWh por m\u00eas. Outros 2,1 milh\u00f5es de clientes [&hellip;]","og_url":"https:\/\/agenciainfra.com\/blog\/tarifa-social-garante-100-de-desconto-na-conta-de-energia\/","og_site_name":"Ag\u00eancia iNFRA","article_publisher":"https:\/\/www.facebook.com\/ageninfra","article_published_time":"2025-09-01T19:54:11+00:00","article_modified_time":"2025-09-01T19:58:39+00:00","og_image":[{"width":1170,"height":700,"url":"https:\/\/agenciainfra.com\/blog\/wp-content\/uploads\/2025\/06\/conta_de_energia_marcello-casal.jr-agencia-brasil.png","type":"image\/png"}],"author":"Ag\u00eancia iNFRA","twitter_card":"summary_large_image","twitter_creator":"@agencia_infra","twitter_site":"@agencia_infra","twitter_misc":{"Escrito por":"Ag\u00eancia iNFRA","Est. tempo de leitura":"1 minuto"},"schema":{"@context":"https:\/\/schema.org","@graph":[{"@type":"Article","@id":"https:\/\/agenciainfra.com\/blog\/tarifa-social-garante-100-de-desconto-na-conta-de-energia\/#article","isPartOf":{"@id":"https:\/\/agenciainfra.com\/blog\/tarifa-social-garante-100-de-desconto-na-conta-de-energia\/"},"author":{"name":"Ag\u00eancia iNFRA","@id":"https:\/\/agenciainfra.com\/blog\/#\/schema\/person\/34af08dff6adea4cb22b06612ba7acfa"},"headline":"Tarifa social garante 100% de desconto na conta de energia","datePublished":"2025-09-01T19:54:11+00:00","dateModified":"2025-09-01T19:58:39+00:00","mainEntityOfPage":{"@id":"https:\/\/agenciainfra.com\/blog\/tarifa-social-garante-100-de-desconto-na-conta-de-energia\/"},"wordCount":290,"publisher":{"@id":"https:\/\/agenciainfra.com\/blog\/#organization"},"image":{"@id":"https:\/\/agenciainfra.com\/blog\/tarifa-social-garante-100-de-desconto-na-conta-de-energia\/#primaryimage"},"thumbnailUrl":"https:\/\/agenciainfra.com\/blog\/wp-content\/uploads\/2025\/06\/conta_de_energia_marcello-casal.jr-agencia-brasil.png","keywords":["desconto na conta de luz","Enel Brasil","mp 1.300","tarifa social de energia"],"articleSection":["Geral","Giro iNFRA"],"inLanguage":"pt-BR","copyrightYear":"2025","copyrightHolder":{"@id":"https:\/\/agenciainfra.com\/blog\/#organization"}},{"@type":"WebPage","@id":"https:\/\/agenciainfra.com\/blog\/tarifa-social-garante-100-de-desconto-na-conta-de-energia\/","url":"https:\/\/agenciainfra.com\/blog\/tarifa-social-garante-100-de-desconto-na-conta-de-energia\/","name":"Tarifa social garante 100% de desconto na conta de energia - Ag\u00eancia iNFRA","isPartOf":{"@id":"https:\/\/agenciainfra.com\/blog\/#website"},"primaryImageOfPage":{"@id":"https:\/\/agenciainfra.com\/blog\/tarifa-social-garante-100-de-desconto-na-conta-de-energia\/#primaryimage"},"image":{"@id":"https:\/\/agenciainfra.com\/blog\/tarifa-social-garante-100-de-desconto-na-conta-de-energia\/#primaryimage"},"thumbnailUrl":"https:\/\/agenciainfra.com\/blog\/wp-content\/uploads\/2025\/06\/conta_de_energia_marcello-casal.jr-agencia-brasil.png","datePublished":"2025-09-01T19:54:11+00:00","dateModified":"2025-09-01T19:58:39+00:00","breadcrumb":{"@id":"https:\/\/agenciainfra.com\/blog\/tarifa-social-garante-100-de-desconto-na-conta-de-energia\/#breadcrumb"},"inLanguage":"pt-BR","potentialAction":[{"@type":"ReadAction","target":["https:\/\/agenciainfra.com\/blog\/tarifa-social-garante-100-de-desconto-na-conta-de-energia\/"]}]},{"@type":"ImageObject","inLanguage":"pt-BR","@id":"https:\/\/agenciainfra.com\/blog\/tarifa-social-garante-100-de-desconto-na-conta-de-energia\/#primaryimage","url":"https:\/\/agenciainfra.com\/blog\/wp-content\/uploads\/2025\/06\/conta_de_energia_marcello-casal.jr-agencia-brasil.png","contentUrl":"https:\/\/agenciainfra.com\/blog\/wp-content\/uploads\/2025\/06\/conta_de_energia_marcello-casal.jr-agencia-brasil.png","width":1170,"height":700,"caption":"Foto: Marcello Casal Jr.\/Ag\u00eancia Brasil"},{"@type":"BreadcrumbList","@id":"https:\/\/agenciainfra.com\/blog\/tarifa-social-garante-100-de-desconto-na-conta-de-energia\/#breadcrumb","itemListElement":[{"@type":"ListItem","position":1,"name":"In\u00edcio","item":"https:\/\/agenciainfra.com\/blog\/"},{"@type":"ListItem","position":2,"name":"Tarifa social garante 100% de desconto na conta de energia"}]},{"@type":"WebSite","@id":"https:\/\/agenciainfra.com\/blog\/#website","url":"https:\/\/agenciainfra.com\/blog\/","name":"Ag\u00eancia iNFRA","description":"Multiplataforma de informa\u00e7\u00e3o jornal\u00edstica refer\u00eancia na \u00e1rea de infraestrutura no Brasil!","publisher":{"@id":"https:\/\/agenciainfra.com\/blog\/#organization"},"potentialAction":[{"@type":"SearchAction","target":{"@type":"EntryPoint","urlTemplate":"https:\/\/agenciainfra.com\/blog\/?s={search_term_string}"},"query-input":{"@type":"PropertyValueSpecification","valueRequired":true,"valueName":"search_term_string"}}],"inLanguage":"pt-BR"},{"@type":"Organization","@id":"https:\/\/agenciainfra.com\/blog\/#organization","name":"Ag\u00eancia iNFRA","url":"https:\/\/agenciainfra.com\/blog\/","logo":{"@type":"ImageObject","inLanguage":"pt-BR","@id":"https:\/\/agenciainfra.com\/blog\/#\/schema\/logo\/image\/","url":"https:\/\/agenciainfra.com\/blog\/wp-content\/uploads\/2023\/09\/iNFRA_5-e1761735885940.png","contentUrl":"https:\/\/agenciainfra.com\/blog\/wp-content\/uploads\/2023\/09\/iNFRA_5-e1761735885940.png","width":1672,"height":454,"caption":"Ag\u00eancia iNFRA"},"image":{"@id":"https:\/\/agenciainfra.com\/blog\/#\/schema\/logo\/image\/"},"sameAs":["https:\/\/www.facebook.com\/ageninfra","https:\/\/x.com\/agencia_infra","https:\/\/www.linkedin.com\/company\/ag\u00eanciainfra\/","https:\/\/www.instagram.com\/agenciainfra\/"]},{"@type":"Person","@id":"https:\/\/agenciainfra.com\/blog\/#\/schema\/person\/34af08dff6adea4cb22b06612ba7acfa","name":"Ag\u00eancia iNFRA","image":{"@type":"ImageObject","inLanguage":"pt-BR","@id":"https:\/\/agenciainfra.com\/blog\/#\/schema\/person\/image\/","url":"https:\/\/secure.gravatar.com\/avatar\/d189e01678f06d8eb84d4e01f08eb848b3fffe3f8443818d3c356c66892f5be8?s=96&d=mm&r=g","contentUrl":"https:\/\/secure.gravatar.com\/avatar\/d189e01678f06d8eb84d4e01f08eb848b3fffe3f8443818d3c356c66892f5be8?s=96&d=mm&r=g","caption":"Ag\u00eancia iNFRA"},"url":"https:\/\/agenciainfra.com\/blog\/author\/admin\/"}]}},"_links":{"self":[{"href":"https:\/\/agenciainfra.com\/blog\/wp-json\/wp\/v2\/posts\/27015","targetHints":{"allow":["GET"]}}],"collection":[{"href":"https:\/\/agenciainfra.com\/blog\/wp-json\/wp\/v2\/posts"}],"about":[{"href":"https:\/\/agenciainfra.com\/blog\/wp-json\/wp\/v2\/types\/post"}],"author":[{"embeddable":true,"href":"https:\/\/agenciainfra.com\/blog\/wp-json\/wp\/v2\/users\/1"}],"replies":[{"embeddable":true,"href":"https:\/\/agenciainfra.com\/blog\/wp-json\/wp\/v2\/comments?post=27015"}],"version-history":[{"count":2,"href":"https:\/\/agenciainfra.com\/blog\/wp-json\/wp\/v2\/posts\/27015\/revisions"}],"predecessor-version":[{"id":27018,"href":"https:\/\/agenciainfra.com\/blog\/wp-json\/wp\/v2\/posts\/27015\/revisions\/27018"}],"wp:featuredmedia":[{"embeddable":true,"href":"https:\/\/agenciainfra.com\/blog\/wp-json\/wp\/v2\/media\/22393"}],"wp:attachment":[{"href":"https:\/\/agenciainfra.com\/blog\/wp-json\/wp\/v2\/media?parent=27015"}],"wp:term":[{"taxonomy":"category","embeddable":true,"href":"https:\/\/agenciainfra.com\/blog\/wp-json\/wp\/v2\/categories?post=27015"},{"taxonomy":"post_tag","embeddable":true,"href":"https:\/\/agenciainfra.com\/blog\/wp-json\/wp\/v2\/tags?post=27015"}],"curies":[{"name":"wp","href":"https:\/\/api.w.org\/{rel}","templated":true}]}}