{"id":27020,"date":"2025-09-01T18:00:58","date_gmt":"2025-09-01T21:00:58","guid":{"rendered":"https:\/\/agenciainfra.com\/blog\/?p=27020"},"modified":"2025-09-02T22:33:49","modified_gmt":"2025-09-03T01:33:49","slug":"servico-geologico-do-brasil-quer-apresentar-estudos-sobre-minerais-criticos-na-cop30","status":"publish","type":"post","link":"https:\/\/agenciainfra.com\/blog\/servico-geologico-do-brasil-quer-apresentar-estudos-sobre-minerais-criticos-na-cop30\/","title":{"rendered":"Servi\u00e7o Geol\u00f3gico do Brasil quer apresentar estudo sobre minerais cr\u00edticos na COP30"},"content":{"rendered":"\n<p class=\"has-text-align-right\"><strong>Rafael Bitencourt, da Ag\u00eancia iNFRA<\/strong><\/p>\n\n\n\n<p>O primeiro documento t\u00e9cnico sobre minerais cr\u00edticos e estrat\u00e9gicos, fruto da <a href=\"https:\/\/agenciainfra.com\/blog\/sgb-fecha-parceria-com-cetem-para-avaliar-oferta-e-demanda-de-minerais-criticos-no-brasil\/\">recente parceria<\/a> entre o SGB (Servi\u00e7o Geol\u00f3gico do Brasil) e o Cetem (Centro de Tecnologia Mineral), ser\u00e1 apresentado na COP30 (Confer\u00eancia das Na\u00e7\u00f5es Unidas sobre as Mudan\u00e7as Clim\u00e1ticas), que ser\u00e1 realizada sediada neste ano no Brasil, em Bel\u00e9m (PA). A informa\u00e7\u00e3o foi divulgada pela estatal, ligada ao MME (Minist\u00e9rio de Minas e Energia), nesta segunda-feira (1\u00ba).<\/p>\n\n\n\n<p>Em nota, o SGB ressaltou que o ACT (Acordo de Coopera\u00e7\u00e3o T\u00e9cnica) resultar\u00e1 em estudos sobre a explora\u00e7\u00e3o dos minerais \u201cfundamentais para a transi\u00e7\u00e3o energ\u00e9tica e para a soberania mineral do pa\u00eds\u201d. Um dos objetivos \u00e9 \u201cincentivar o desenvolvimento da cadeia produtiva\u201d nesse segmento.<\/p>\n\n\n\n<p>De acordo com a estatal, o acordo prev\u00ea a execu\u00e7\u00e3o de tr\u00eas planos de trabalho ao longo dos pr\u00f3ximos quatro anos. O primeiro deles passa pela elabora\u00e7\u00e3o do estudo sobre oferta e demanda de minerais cr\u00edticos e estrat\u00e9gicos que ser\u00e1 levado \u00e0 COP 30.<\/p>\n\n\n\n<p>O segundo plano indicar\u00e1 a\u00e7\u00f5es de \u201ccaracteriza\u00e7\u00e3o tecnol\u00f3gica\u201d de minerais voltados \u00e0 transi\u00e7\u00e3o energ\u00e9tica. Est\u00e1 prevista a realiza\u00e7\u00e3o de an\u00e1lises dos minerais e dos dep\u00f3sitos estudados pelo SGB. Tamb\u00e9m ser\u00e3o realizados ensaios tecnol\u00f3gicos para definir rotas de aproveitamento de materiais.<\/p>\n\n\n\n<p>O terceiro plano de trabalho prev\u00ea a\u00e7\u00f5es para desenvolver tecnologias que reduzam o uso de \u00e1gua e ampliem o reuso na atividade&nbsp;de&nbsp;minera\u00e7\u00e3o.<\/p>\n","protected":false},"excerpt":{"rendered":"<p>Rafael Bitencourt, da Ag\u00eancia iNFRA O primeiro documento t\u00e9cnico sobre minerais cr\u00edticos e estrat\u00e9gicos, fruto da recente parceria entre o SGB (Servi\u00e7o Geol\u00f3gico do Brasil) e o Cetem (Centro de Tecnologia Mineral), ser\u00e1 apresentado na COP30 (Confer\u00eancia das Na\u00e7\u00f5es Unidas sobre as Mudan\u00e7as Clim\u00e1ticas), que ser\u00e1 realizada sediada neste ano no Brasil, em Bel\u00e9m (PA). [&hellip;]<\/p>\n","protected":false},"author":1,"featured_media":12737,"comment_status":"closed","ping_status":"closed","sticky":false,"template":"","format":"standard","meta":{"_monsterinsights_skip_tracking":false,"_monsterinsights_sitenote_active":false,"_monsterinsights_sitenote_note":"","_monsterinsights_sitenote_category":0,"footnotes":""},"categories":[1],"tags":[14936,8068,13228,14052,13813,14682,15109,2006],"class_list":["post-27020","post","type-post","status-publish","format-standard","has-post-thumbnail","hentry","category-geral","tag-cetem","tag-cop30","tag-minerais-criticos","tag-mme-ministerio-de-minas-e-energia","tag-rafael-bitencourt","tag-servico-geologico-do-brasil","tag-sgb","tag-transicao-energetica"],"yoast_head":"<!-- This site is optimized with the Yoast SEO Premium plugin v25.4 (Yoast SEO v26.0) - https:\/\/yoast.com\/wordpress\/plugins\/seo\/ -->\n<title>Servi\u00e7o Geol\u00f3gico do Brasil quer apresentar estudo sobre minerais cr\u00edticos na COP30 - Ag\u00eancia iNFRA<\/title>\n<meta name=\"robots\" content=\"index, follow, max-snippet:-1, max-image-preview:large, max-video-preview:-1\" \/>\n<link rel=\"canonical\" href=\"https:\/\/agenciainfra.com\/blog\/servico-geologico-do-brasil-quer-apresentar-estudos-sobre-minerais-criticos-na-cop30\/\" \/>\n<meta property=\"og:locale\" content=\"pt_BR\" \/>\n<meta property=\"og:type\" content=\"article\" \/>\n<meta property=\"og:title\" content=\"Servi\u00e7o Geol\u00f3gico do Brasil quer apresentar estudo sobre minerais cr\u00edticos na COP30\" \/>\n<meta property=\"og:description\" content=\"Rafael Bitencourt, da Ag\u00eancia iNFRA O primeiro documento t\u00e9cnico sobre minerais cr\u00edticos e estrat\u00e9gicos, fruto da recente parceria entre o SGB (Servi\u00e7o Geol\u00f3gico do Brasil) e o Cetem (Centro de Tecnologia Mineral), ser\u00e1 apresentado na COP30 (Confer\u00eancia das Na\u00e7\u00f5es Unidas sobre as Mudan\u00e7as Clim\u00e1ticas), que ser\u00e1 realizada sediada neste ano no Brasil, em Bel\u00e9m (PA). [&hellip;]\" \/>\n<meta property=\"og:url\" content=\"https:\/\/agenciainfra.com\/blog\/servico-geologico-do-brasil-quer-apresentar-estudos-sobre-minerais-criticos-na-cop30\/\" \/>\n<meta property=\"og:site_name\" content=\"Ag\u00eancia iNFRA\" \/>\n<meta property=\"article:publisher\" content=\"https:\/\/www.facebook.com\/ageninfra\" \/>\n<meta property=\"article:published_time\" content=\"2025-09-01T21:00:58+00:00\" \/>\n<meta property=\"article:modified_time\" content=\"2025-09-03T01:33:49+00:00\" \/>\n<meta property=\"og:image\" content=\"https:\/\/agenciainfra.com\/blog\/wp-content\/uploads\/2023\/05\/floresta-amazonica-foto-tv-brasil-reproducao.jpeg\" \/>\n\t<meta property=\"og:image:width\" content=\"1337\" \/>\n\t<meta property=\"og:image:height\" content=\"800\" \/>\n\t<meta property=\"og:image:type\" content=\"image\/jpeg\" \/>\n<meta name=\"author\" content=\"Ag\u00eancia iNFRA\" \/>\n<meta name=\"twitter:card\" content=\"summary_large_image\" \/>\n<meta name=\"twitter:creator\" content=\"@agencia_infra\" \/>\n<meta name=\"twitter:site\" content=\"@agencia_infra\" \/>\n<meta name=\"twitter:label1\" content=\"Escrito por\" \/>\n\t<meta name=\"twitter:data1\" content=\"Ag\u00eancia iNFRA\" \/>\n\t<meta name=\"twitter:label2\" content=\"Est. tempo de leitura\" \/>\n\t<meta name=\"twitter:data2\" content=\"1 minuto\" \/>\n<script type=\"application\/ld+json\" class=\"yoast-schema-graph\">{\"@context\":\"https:\/\/schema.org\",\"@graph\":[{\"@type\":\"Article\",\"@id\":\"https:\/\/agenciainfra.com\/blog\/servico-geologico-do-brasil-quer-apresentar-estudos-sobre-minerais-criticos-na-cop30\/#article\",\"isPartOf\":{\"@id\":\"https:\/\/agenciainfra.com\/blog\/servico-geologico-do-brasil-quer-apresentar-estudos-sobre-minerais-criticos-na-cop30\/\"},\"author\":{\"name\":\"Ag\u00eancia iNFRA\",\"@id\":\"https:\/\/agenciainfra.com\/blog\/#\/schema\/person\/34af08dff6adea4cb22b06612ba7acfa\"},\"headline\":\"Servi\u00e7o Geol\u00f3gico do Brasil quer apresentar estudo sobre minerais cr\u00edticos na COP30\",\"datePublished\":\"2025-09-01T21:00:58+00:00\",\"dateModified\":\"2025-09-03T01:33:49+00:00\",\"mainEntityOfPage\":{\"@id\":\"https:\/\/agenciainfra.com\/blog\/servico-geologico-do-brasil-quer-apresentar-estudos-sobre-minerais-criticos-na-cop30\/\"},\"wordCount\":274,\"publisher\":{\"@id\":\"https:\/\/agenciainfra.com\/blog\/#organization\"},\"image\":{\"@id\":\"https:\/\/agenciainfra.com\/blog\/servico-geologico-do-brasil-quer-apresentar-estudos-sobre-minerais-criticos-na-cop30\/#primaryimage\"},\"thumbnailUrl\":\"https:\/\/agenciainfra.com\/blog\/wp-content\/uploads\/2023\/05\/floresta-amazonica-foto-tv-brasil-reproducao-e1777412245909.jpeg\",\"keywords\":[\"Cetem\",\"COP30\",\"minerais cr\u00edticos\",\"MME (Minist\u00e9rio de Minas e Energia)\",\"Rafael Bitencourt\",\"Servi\u00e7o Geol\u00f3gico do Brasil\",\"SGB\",\"transi\u00e7\u00e3o energ\u00e9tica\"],\"articleSection\":[\"Geral\"],\"inLanguage\":\"pt-BR\",\"copyrightYear\":\"2025\",\"copyrightHolder\":{\"@id\":\"https:\/\/agenciainfra.com\/blog\/#organization\"}},{\"@type\":\"WebPage\",\"@id\":\"https:\/\/agenciainfra.com\/blog\/servico-geologico-do-brasil-quer-apresentar-estudos-sobre-minerais-criticos-na-cop30\/\",\"url\":\"https:\/\/agenciainfra.com\/blog\/servico-geologico-do-brasil-quer-apresentar-estudos-sobre-minerais-criticos-na-cop30\/\",\"name\":\"Servi\u00e7o Geol\u00f3gico do Brasil quer apresentar estudo sobre minerais cr\u00edticos na COP30 - Ag\u00eancia iNFRA\",\"isPartOf\":{\"@id\":\"https:\/\/agenciainfra.com\/blog\/#website\"},\"primaryImageOfPage\":{\"@id\":\"https:\/\/agenciainfra.com\/blog\/servico-geologico-do-brasil-quer-apresentar-estudos-sobre-minerais-criticos-na-cop30\/#primaryimage\"},\"image\":{\"@id\":\"https:\/\/agenciainfra.com\/blog\/servico-geologico-do-brasil-quer-apresentar-estudos-sobre-minerais-criticos-na-cop30\/#primaryimage\"},\"thumbnailUrl\":\"https:\/\/agenciainfra.com\/blog\/wp-content\/uploads\/2023\/05\/floresta-amazonica-foto-tv-brasil-reproducao-e1777412245909.jpeg\",\"datePublished\":\"2025-09-01T21:00:58+00:00\",\"dateModified\":\"2025-09-03T01:33:49+00:00\",\"breadcrumb\":{\"@id\":\"https:\/\/agenciainfra.com\/blog\/servico-geologico-do-brasil-quer-apresentar-estudos-sobre-minerais-criticos-na-cop30\/#breadcrumb\"},\"inLanguage\":\"pt-BR\",\"potentialAction\":[{\"@type\":\"ReadAction\",\"target\":[\"https:\/\/agenciainfra.com\/blog\/servico-geologico-do-brasil-quer-apresentar-estudos-sobre-minerais-criticos-na-cop30\/\"]}]},{\"@type\":\"ImageObject\",\"inLanguage\":\"pt-BR\",\"@id\":\"https:\/\/agenciainfra.com\/blog\/servico-geologico-do-brasil-quer-apresentar-estudos-sobre-minerais-criticos-na-cop30\/#primaryimage\",\"url\":\"https:\/\/agenciainfra.com\/blog\/wp-content\/uploads\/2023\/05\/floresta-amazonica-foto-tv-brasil-reproducao-e1777412245909.jpeg\",\"contentUrl\":\"https:\/\/agenciainfra.com\/blog\/wp-content\/uploads\/2023\/05\/floresta-amazonica-foto-tv-brasil-reproducao-e1777412245909.jpeg\",\"width\":1280,\"height\":766,\"caption\":\"Foto: Reprodu\u00e7\u00e3o\/TV Brasil\"},{\"@type\":\"BreadcrumbList\",\"@id\":\"https:\/\/agenciainfra.com\/blog\/servico-geologico-do-brasil-quer-apresentar-estudos-sobre-minerais-criticos-na-cop30\/#breadcrumb\",\"itemListElement\":[{\"@type\":\"ListItem\",\"position\":1,\"name\":\"In\u00edcio\",\"item\":\"https:\/\/agenciainfra.com\/blog\/\"},{\"@type\":\"ListItem\",\"position\":2,\"name\":\"Servi\u00e7o Geol\u00f3gico do Brasil quer apresentar estudo sobre minerais cr\u00edticos na COP30\"}]},{\"@type\":\"WebSite\",\"@id\":\"https:\/\/agenciainfra.com\/blog\/#website\",\"url\":\"https:\/\/agenciainfra.com\/blog\/\",\"name\":\"Ag\u00eancia iNFRA\",\"description\":\"Multiplataforma de informa\u00e7\u00e3o jornal\u00edstica refer\u00eancia na \u00e1rea de infraestrutura no Brasil!\",\"publisher\":{\"@id\":\"https:\/\/agenciainfra.com\/blog\/#organization\"},\"potentialAction\":[{\"@type\":\"SearchAction\",\"target\":{\"@type\":\"EntryPoint\",\"urlTemplate\":\"https:\/\/agenciainfra.com\/blog\/?s={search_term_string}\"},\"query-input\":{\"@type\":\"PropertyValueSpecification\",\"valueRequired\":true,\"valueName\":\"search_term_string\"}}],\"inLanguage\":\"pt-BR\"},{\"@type\":\"Organization\",\"@id\":\"https:\/\/agenciainfra.com\/blog\/#organization\",\"name\":\"Ag\u00eancia iNFRA\",\"url\":\"https:\/\/agenciainfra.com\/blog\/\",\"logo\":{\"@type\":\"ImageObject\",\"inLanguage\":\"pt-BR\",\"@id\":\"https:\/\/agenciainfra.com\/blog\/#\/schema\/logo\/image\/\",\"url\":\"https:\/\/agenciainfra.com\/blog\/wp-content\/uploads\/2023\/09\/iNFRA_5-e1761735885940.png\",\"contentUrl\":\"https:\/\/agenciainfra.com\/blog\/wp-content\/uploads\/2023\/09\/iNFRA_5-e1761735885940.png\",\"width\":1672,\"height\":454,\"caption\":\"Ag\u00eancia iNFRA\"},\"image\":{\"@id\":\"https:\/\/agenciainfra.com\/blog\/#\/schema\/logo\/image\/\"},\"sameAs\":[\"https:\/\/www.facebook.com\/ageninfra\",\"https:\/\/x.com\/agencia_infra\",\"https:\/\/www.linkedin.com\/company\/ag\u00eanciainfra\/\",\"https:\/\/www.instagram.com\/agenciainfra\/\"]},{\"@type\":\"Person\",\"@id\":\"https:\/\/agenciainfra.com\/blog\/#\/schema\/person\/34af08dff6adea4cb22b06612ba7acfa\",\"name\":\"Ag\u00eancia iNFRA\",\"image\":{\"@type\":\"ImageObject\",\"inLanguage\":\"pt-BR\",\"@id\":\"https:\/\/agenciainfra.com\/blog\/#\/schema\/person\/image\/\",\"url\":\"https:\/\/secure.gravatar.com\/avatar\/d189e01678f06d8eb84d4e01f08eb848b3fffe3f8443818d3c356c66892f5be8?s=96&d=mm&r=g\",\"contentUrl\":\"https:\/\/secure.gravatar.com\/avatar\/d189e01678f06d8eb84d4e01f08eb848b3fffe3f8443818d3c356c66892f5be8?s=96&d=mm&r=g\",\"caption\":\"Ag\u00eancia iNFRA\"},\"url\":\"https:\/\/agenciainfra.com\/blog\/author\/admin\/\"}]}<\/script>\n<!-- \/ Yoast SEO Premium plugin. -->","yoast_head_json":{"title":"Servi\u00e7o Geol\u00f3gico do Brasil quer apresentar estudo sobre minerais cr\u00edticos na COP30 - Ag\u00eancia iNFRA","robots":{"index":"index","follow":"follow","max-snippet":"max-snippet:-1","max-image-preview":"max-image-preview:large","max-video-preview":"max-video-preview:-1"},"canonical":"https:\/\/agenciainfra.com\/blog\/servico-geologico-do-brasil-quer-apresentar-estudos-sobre-minerais-criticos-na-cop30\/","og_locale":"pt_BR","og_type":"article","og_title":"Servi\u00e7o Geol\u00f3gico do Brasil quer apresentar estudo sobre minerais cr\u00edticos na COP30","og_description":"Rafael Bitencourt, da Ag\u00eancia iNFRA O primeiro documento t\u00e9cnico sobre minerais cr\u00edticos e estrat\u00e9gicos, fruto da recente parceria entre o SGB (Servi\u00e7o Geol\u00f3gico do Brasil) e o Cetem (Centro de Tecnologia Mineral), ser\u00e1 apresentado na COP30 (Confer\u00eancia das Na\u00e7\u00f5es Unidas sobre as Mudan\u00e7as Clim\u00e1ticas), que ser\u00e1 realizada sediada neste ano no Brasil, em Bel\u00e9m (PA). [&hellip;]","og_url":"https:\/\/agenciainfra.com\/blog\/servico-geologico-do-brasil-quer-apresentar-estudos-sobre-minerais-criticos-na-cop30\/","og_site_name":"Ag\u00eancia iNFRA","article_publisher":"https:\/\/www.facebook.com\/ageninfra","article_published_time":"2025-09-01T21:00:58+00:00","article_modified_time":"2025-09-03T01:33:49+00:00","og_image":[{"width":1337,"height":800,"url":"https:\/\/agenciainfra.com\/blog\/wp-content\/uploads\/2023\/05\/floresta-amazonica-foto-tv-brasil-reproducao.jpeg","type":"image\/jpeg"}],"author":"Ag\u00eancia iNFRA","twitter_card":"summary_large_image","twitter_creator":"@agencia_infra","twitter_site":"@agencia_infra","twitter_misc":{"Escrito por":"Ag\u00eancia iNFRA","Est. tempo de leitura":"1 minuto"},"schema":{"@context":"https:\/\/schema.org","@graph":[{"@type":"Article","@id":"https:\/\/agenciainfra.com\/blog\/servico-geologico-do-brasil-quer-apresentar-estudos-sobre-minerais-criticos-na-cop30\/#article","isPartOf":{"@id":"https:\/\/agenciainfra.com\/blog\/servico-geologico-do-brasil-quer-apresentar-estudos-sobre-minerais-criticos-na-cop30\/"},"author":{"name":"Ag\u00eancia iNFRA","@id":"https:\/\/agenciainfra.com\/blog\/#\/schema\/person\/34af08dff6adea4cb22b06612ba7acfa"},"headline":"Servi\u00e7o Geol\u00f3gico do Brasil quer apresentar estudo sobre minerais cr\u00edticos na COP30","datePublished":"2025-09-01T21:00:58+00:00","dateModified":"2025-09-03T01:33:49+00:00","mainEntityOfPage":{"@id":"https:\/\/agenciainfra.com\/blog\/servico-geologico-do-brasil-quer-apresentar-estudos-sobre-minerais-criticos-na-cop30\/"},"wordCount":274,"publisher":{"@id":"https:\/\/agenciainfra.com\/blog\/#organization"},"image":{"@id":"https:\/\/agenciainfra.com\/blog\/servico-geologico-do-brasil-quer-apresentar-estudos-sobre-minerais-criticos-na-cop30\/#primaryimage"},"thumbnailUrl":"https:\/\/agenciainfra.com\/blog\/wp-content\/uploads\/2023\/05\/floresta-amazonica-foto-tv-brasil-reproducao-e1777412245909.jpeg","keywords":["Cetem","COP30","minerais cr\u00edticos","MME (Minist\u00e9rio de Minas e Energia)","Rafael Bitencourt","Servi\u00e7o Geol\u00f3gico do Brasil","SGB","transi\u00e7\u00e3o energ\u00e9tica"],"articleSection":["Geral"],"inLanguage":"pt-BR","copyrightYear":"2025","copyrightHolder":{"@id":"https:\/\/agenciainfra.com\/blog\/#organization"}},{"@type":"WebPage","@id":"https:\/\/agenciainfra.com\/blog\/servico-geologico-do-brasil-quer-apresentar-estudos-sobre-minerais-criticos-na-cop30\/","url":"https:\/\/agenciainfra.com\/blog\/servico-geologico-do-brasil-quer-apresentar-estudos-sobre-minerais-criticos-na-cop30\/","name":"Servi\u00e7o Geol\u00f3gico do Brasil quer apresentar estudo sobre minerais cr\u00edticos na COP30 - Ag\u00eancia iNFRA","isPartOf":{"@id":"https:\/\/agenciainfra.com\/blog\/#website"},"primaryImageOfPage":{"@id":"https:\/\/agenciainfra.com\/blog\/servico-geologico-do-brasil-quer-apresentar-estudos-sobre-minerais-criticos-na-cop30\/#primaryimage"},"image":{"@id":"https:\/\/agenciainfra.com\/blog\/servico-geologico-do-brasil-quer-apresentar-estudos-sobre-minerais-criticos-na-cop30\/#primaryimage"},"thumbnailUrl":"https:\/\/agenciainfra.com\/blog\/wp-content\/uploads\/2023\/05\/floresta-amazonica-foto-tv-brasil-reproducao-e1777412245909.jpeg","datePublished":"2025-09-01T21:00:58+00:00","dateModified":"2025-09-03T01:33:49+00:00","breadcrumb":{"@id":"https:\/\/agenciainfra.com\/blog\/servico-geologico-do-brasil-quer-apresentar-estudos-sobre-minerais-criticos-na-cop30\/#breadcrumb"},"inLanguage":"pt-BR","potentialAction":[{"@type":"ReadAction","target":["https:\/\/agenciainfra.com\/blog\/servico-geologico-do-brasil-quer-apresentar-estudos-sobre-minerais-criticos-na-cop30\/"]}]},{"@type":"ImageObject","inLanguage":"pt-BR","@id":"https:\/\/agenciainfra.com\/blog\/servico-geologico-do-brasil-quer-apresentar-estudos-sobre-minerais-criticos-na-cop30\/#primaryimage","url":"https:\/\/agenciainfra.com\/blog\/wp-content\/uploads\/2023\/05\/floresta-amazonica-foto-tv-brasil-reproducao-e1777412245909.jpeg","contentUrl":"https:\/\/agenciainfra.com\/blog\/wp-content\/uploads\/2023\/05\/floresta-amazonica-foto-tv-brasil-reproducao-e1777412245909.jpeg","width":1280,"height":766,"caption":"Foto: Reprodu\u00e7\u00e3o\/TV Brasil"},{"@type":"BreadcrumbList","@id":"https:\/\/agenciainfra.com\/blog\/servico-geologico-do-brasil-quer-apresentar-estudos-sobre-minerais-criticos-na-cop30\/#breadcrumb","itemListElement":[{"@type":"ListItem","position":1,"name":"In\u00edcio","item":"https:\/\/agenciainfra.com\/blog\/"},{"@type":"ListItem","position":2,"name":"Servi\u00e7o Geol\u00f3gico do Brasil quer apresentar estudo sobre minerais cr\u00edticos na COP30"}]},{"@type":"WebSite","@id":"https:\/\/agenciainfra.com\/blog\/#website","url":"https:\/\/agenciainfra.com\/blog\/","name":"Ag\u00eancia iNFRA","description":"Multiplataforma de informa\u00e7\u00e3o jornal\u00edstica refer\u00eancia na \u00e1rea de infraestrutura no Brasil!","publisher":{"@id":"https:\/\/agenciainfra.com\/blog\/#organization"},"potentialAction":[{"@type":"SearchAction","target":{"@type":"EntryPoint","urlTemplate":"https:\/\/agenciainfra.com\/blog\/?s={search_term_string}"},"query-input":{"@type":"PropertyValueSpecification","valueRequired":true,"valueName":"search_term_string"}}],"inLanguage":"pt-BR"},{"@type":"Organization","@id":"https:\/\/agenciainfra.com\/blog\/#organization","name":"Ag\u00eancia iNFRA","url":"https:\/\/agenciainfra.com\/blog\/","logo":{"@type":"ImageObject","inLanguage":"pt-BR","@id":"https:\/\/agenciainfra.com\/blog\/#\/schema\/logo\/image\/","url":"https:\/\/agenciainfra.com\/blog\/wp-content\/uploads\/2023\/09\/iNFRA_5-e1761735885940.png","contentUrl":"https:\/\/agenciainfra.com\/blog\/wp-content\/uploads\/2023\/09\/iNFRA_5-e1761735885940.png","width":1672,"height":454,"caption":"Ag\u00eancia iNFRA"},"image":{"@id":"https:\/\/agenciainfra.com\/blog\/#\/schema\/logo\/image\/"},"sameAs":["https:\/\/www.facebook.com\/ageninfra","https:\/\/x.com\/agencia_infra","https:\/\/www.linkedin.com\/company\/ag\u00eanciainfra\/","https:\/\/www.instagram.com\/agenciainfra\/"]},{"@type":"Person","@id":"https:\/\/agenciainfra.com\/blog\/#\/schema\/person\/34af08dff6adea4cb22b06612ba7acfa","name":"Ag\u00eancia iNFRA","image":{"@type":"ImageObject","inLanguage":"pt-BR","@id":"https:\/\/agenciainfra.com\/blog\/#\/schema\/person\/image\/","url":"https:\/\/secure.gravatar.com\/avatar\/d189e01678f06d8eb84d4e01f08eb848b3fffe3f8443818d3c356c66892f5be8?s=96&d=mm&r=g","contentUrl":"https:\/\/secure.gravatar.com\/avatar\/d189e01678f06d8eb84d4e01f08eb848b3fffe3f8443818d3c356c66892f5be8?s=96&d=mm&r=g","caption":"Ag\u00eancia iNFRA"},"url":"https:\/\/agenciainfra.com\/blog\/author\/admin\/"}]}},"_links":{"self":[{"href":"https:\/\/agenciainfra.com\/blog\/wp-json\/wp\/v2\/posts\/27020","targetHints":{"allow":["GET"]}}],"collection":[{"href":"https:\/\/agenciainfra.com\/blog\/wp-json\/wp\/v2\/posts"}],"about":[{"href":"https:\/\/agenciainfra.com\/blog\/wp-json\/wp\/v2\/types\/post"}],"author":[{"embeddable":true,"href":"https:\/\/agenciainfra.com\/blog\/wp-json\/wp\/v2\/users\/1"}],"replies":[{"embeddable":true,"href":"https:\/\/agenciainfra.com\/blog\/wp-json\/wp\/v2\/comments?post=27020"}],"version-history":[{"count":2,"href":"https:\/\/agenciainfra.com\/blog\/wp-json\/wp\/v2\/posts\/27020\/revisions"}],"predecessor-version":[{"id":27024,"href":"https:\/\/agenciainfra.com\/blog\/wp-json\/wp\/v2\/posts\/27020\/revisions\/27024"}],"wp:featuredmedia":[{"embeddable":true,"href":"https:\/\/agenciainfra.com\/blog\/wp-json\/wp\/v2\/media\/12737"}],"wp:attachment":[{"href":"https:\/\/agenciainfra.com\/blog\/wp-json\/wp\/v2\/media?parent=27020"}],"wp:term":[{"taxonomy":"category","embeddable":true,"href":"https:\/\/agenciainfra.com\/blog\/wp-json\/wp\/v2\/categories?post=27020"},{"taxonomy":"post_tag","embeddable":true,"href":"https:\/\/agenciainfra.com\/blog\/wp-json\/wp\/v2\/tags?post=27020"}],"curies":[{"name":"wp","href":"https:\/\/api.w.org\/{rel}","templated":true}]}}