{"id":27036,"date":"2025-09-01T20:37:55","date_gmt":"2025-09-01T23:37:55","guid":{"rendered":"https:\/\/agenciainfra.com\/blog\/?p=27036"},"modified":"2025-09-03T08:38:22","modified_gmt":"2025-09-03T11:38:22","slug":"ppsa-projeta-aumento-de-producao-em-areas-do-pre-sal-que-vao-a-leilao","status":"publish","type":"post","link":"https:\/\/agenciainfra.com\/blog\/ppsa-projeta-aumento-de-producao-em-areas-do-pre-sal-que-vao-a-leilao\/","title":{"rendered":"PPSA projeta maior produ\u00e7\u00e3o para \u00e1reas n\u00e3o contratadas do pr\u00e9-sal que v\u00e3o a leil\u00e3o"},"content":{"rendered":"\n<p class=\"has-text-align-right\"><strong>Gabriel Vasconcelos, da Ag\u00eancia iNFRA<\/strong><\/p>\n\n\n\n<p>As tr\u00eas participa\u00e7\u00f5es da Uni\u00e3o relativas \u00e0s chamadas &#8220;\u00e1reas n\u00e3o contratadas&#8221; do pr\u00e9-sal da Bacia de Santos, que ser\u00e3o leiloadas em 4 de dezembro, devem ser majoradas at\u00e9 2030 devido a redetermina\u00e7\u00f5es do volume de \u00f3leo e de sua disposi\u00e7\u00e3o ao longo da forma\u00e7\u00e3o geol\u00f3gica, informou nesta segunda-feira (1\u00b0) a PPSA (Pr\u00e9-Sal Petr\u00f3leo SA).<\/p>\n\n\n\n<p>Por essa raz\u00e3o, a estatal prepara sugest\u00f5es ao MME (Minist\u00e9rio de Minas e Energia) para a inclus\u00e3o, pelo CNPE (Conselho Nacional de Pol\u00edtica Energ\u00e9tica), de cl\u00e1usulas de &#8220;earn-out&#8221;, os pagamentos contingentes, no edital, que ser\u00e1 divulgado em 8 de outubro. Esses gatilhos nos contratos v\u00e3o remunerar a Uni\u00e3o por melhorias futuras dos ativos, quando elas forem confirmadas.<\/p>\n\n\n\n<p>Hoje, as participa\u00e7\u00f5es a venda equivalem a 3,5% da jazida compartilhada de Mero, 0,551% da estrutura de Tupi, e 0,95% de Atapu. Tudo somado representa uma produ\u00e7\u00e3o de 26,2 mil bpd (barris por dia), que est\u00e1 em ascens\u00e3o e deve ser turbinada ainda mais por essas redetermina\u00e7\u00f5es.<\/p>\n\n\n\n<p>Segundo a diretora t\u00e9cnica da PPSA, Tabita Loureiro, as cl\u00e1usulas de earn-out devem observar esses aumentos futuros dos porcentuais de participa\u00e7\u00e3o no total das jazidas, extens\u00f5es de contrato de concess\u00e3o, e varia\u00e7\u00f5es na cota\u00e7\u00e3o do petr\u00f3leo do tipo Brent, como j\u00e1 acontece em outras vendas do setor. Ela falou em semin\u00e1rio sobre o leil\u00e3o para o mercado, no Rio de Janeiro.<\/p>\n\n\n\n<p><strong>Tupi<\/strong><br>O superintendente de reservat\u00f3rios da PPSA, Mauro Mihaguti, explicou que a primeira das tr\u00eas redetermina\u00e7\u00f5es, na jazida compartilhada de Tupi, j\u00e1 foi finalizada, mediante acordo dos s\u00f3cios atuais \u2013 operadora Petrobras (67,21%), Shell (23,02%), Galp (9,21%) e PPSA (0,055%).<\/p>\n\n\n\n<p>&#8220;Essa participa\u00e7\u00e3o da Uni\u00e3o (PPSA) vai aumentar aproximadamente 50% [para 0,0825%] a partir de 2026&#8221;, disse Mihaguti.<\/p>\n\n\n\n<p>&#8220;Quando foi encerado o plano de desenvolvimento, as partes envolvidas [empresas s\u00f3cias] se reuniram e come\u00e7aram a discutir as transforma\u00e7\u00f5es que os novos po\u00e7os provocaram na jazida compartilhada, o que isso impactou em volume, tanto na \u00e1rea total quanto na \u00e1rea n\u00e3o contratada. Ao fim do processo, chegaram a um acordo que modifica as participa\u00e7\u00f5es acordadas inicialmente. Na participa\u00e7\u00e3o relativa \u00e0 \u00e1rea da Uni\u00e3o, o aumento \u00e9 de 50%, mas isso s\u00f3 vai se tornar efetivo quando a ANP chancelar, o que vai acontecer em 2026&#8221;, continuou.<\/p>\n\n\n\n<p>Para al\u00e9m disso, h\u00e1 previs\u00e3o de extens\u00e3o do contrato de concess\u00e3o de Tupi ap\u00f3s o seu t\u00e9rmino em 2044. &#8220;O operador [Petrobras] j\u00e1 solicitou essa extens\u00e3o. Esse restante de produ\u00e7\u00e3o, mais um novo FPSO, que provavelmente ser\u00e1 instalado, devem aumentar o volume recuper\u00e1vel [de toda a jazida] em pelo menos 500 milh\u00f5es de barris&#8221;.<\/p>\n\n\n\n<p><strong>Mero e Atapu<\/strong><br>O mesmo deve acontecer em Mero e Atapu. No primeiro caso, a redetermina\u00e7\u00e3o vai come\u00e7ar a ser discutida em 4 de janeiro de 2027, para ser conclu\u00eddo em 2029. A jazida em quest\u00e3o de Mero \u00e9 38,6% da Petrobras; 19,3% da Shell; 19,3% da TotalEnergies; 9,65% da CNODC; 9,65% da CNOOC e 3,5% da PPSA.<\/p>\n\n\n\n<p>&#8220;Provavelmente, pelo que estudamos sobre Mero, com a an\u00e1lise dos po\u00e7os j\u00e1 perfurados, a participa\u00e7\u00e3o que hoje \u00e9 da Uni\u00e3o vai aumentar significativamente. Mas esse processo \u00e9 longo. Ent\u00e3o consideramos dois anos para a efetiva\u00e7\u00e3o dessa redetermina\u00e7\u00e3o&#8221;, disse Mihaguti.<\/p>\n\n\n\n<p>Em Atapu, por fim, a data prevista para o in\u00edcio do processo de redetermina\u00e7\u00e3o \u00e9 dezembro de 2027, o que ainda depende da implementa\u00e7\u00e3o do plano de desenvolvimento do FPSO Atapu 2. A efetiva\u00e7\u00e3o dos novos porcentuais, portanto, tem previs\u00e3o para o in\u00edcio de 2030. Atapu \u00e9 65,68% da Petrobras; 16,66% da Shell; 14,99% da TotalEnergies; 1,7% da Galp; e 0,95% da PPSA.<\/p>\n\n\n\n<p>&#8220;A gente acredita que essa participa\u00e7\u00e3o da Uni\u00e3o vai aumentar porque po\u00e7os perfurados na \u00e1rea oeste indicaram que o contato \u00f3leo-\u00e1gua \u00e9 mais baixo, 65 metro mais baixo, o que significa que a quantidade de \u00f3leo \u00e9 maior&#8221;, completou o t\u00e9cnico.<\/p>\n","protected":false},"excerpt":{"rendered":"<p>Gabriel Vasconcelos, da Ag\u00eancia iNFRA As tr\u00eas participa\u00e7\u00f5es da Uni\u00e3o relativas \u00e0s chamadas &#8220;\u00e1reas n\u00e3o contratadas&#8221; do pr\u00e9-sal da Bacia de Santos, que ser\u00e3o leiloadas em 4 de dezembro, devem ser majoradas at\u00e9 2030 devido a redetermina\u00e7\u00f5es do volume de \u00f3leo e de sua disposi\u00e7\u00e3o ao longo da forma\u00e7\u00e3o geol\u00f3gica, informou nesta segunda-feira (1\u00b0) a [&hellip;]<\/p>\n","protected":false},"author":1,"featured_media":22269,"comment_status":"closed","ping_status":"closed","sticky":false,"template":"","format":"standard","meta":{"_monsterinsights_skip_tracking":false,"_monsterinsights_sitenote_active":false,"_monsterinsights_sitenote_note":"","_monsterinsights_sitenote_category":0,"footnotes":""},"categories":[1,13271],"tags":[1101,14587,15116,3927,3004,15115,13251,13580,14013,14052,143,3030,344,14154,5887],"class_list":["post-27036","post","type-post","status-publish","format-standard","has-post-thumbnail","hentry","category-geral","category-oleo-gas","tag-anp","tag-areas-nao-contratadas","tag-atapu","tag-bacia-de-santos","tag-cnpe","tag-concessao-de-tupi","tag-gabriel-vasconcelos","tag-galp","tag-mero","tag-mme-ministerio-de-minas-e-energia","tag-petrobras","tag-ppsa","tag-pre-sal","tag-producao-de-petroleo","tag-shell"],"yoast_head":"<!-- This site is optimized with the Yoast SEO Premium plugin v25.4 (Yoast SEO v26.0) - https:\/\/yoast.com\/wordpress\/plugins\/seo\/ -->\n<title>PPSA projeta maior produ\u00e7\u00e3o para \u00e1reas n\u00e3o contratadas do pr\u00e9-sal que v\u00e3o a leil\u00e3o - Ag\u00eancia iNFRA<\/title>\n<meta name=\"robots\" content=\"index, follow, max-snippet:-1, max-image-preview:large, max-video-preview:-1\" \/>\n<link rel=\"canonical\" href=\"https:\/\/agenciainfra.com\/blog\/ppsa-projeta-aumento-de-producao-em-areas-do-pre-sal-que-vao-a-leilao\/\" \/>\n<meta property=\"og:locale\" content=\"pt_BR\" \/>\n<meta property=\"og:type\" content=\"article\" \/>\n<meta property=\"og:title\" content=\"PPSA projeta maior produ\u00e7\u00e3o para \u00e1reas n\u00e3o contratadas do pr\u00e9-sal que v\u00e3o a leil\u00e3o\" \/>\n<meta property=\"og:description\" content=\"Gabriel Vasconcelos, da Ag\u00eancia iNFRA As tr\u00eas participa\u00e7\u00f5es da Uni\u00e3o relativas \u00e0s chamadas &#8220;\u00e1reas n\u00e3o contratadas&#8221; do pr\u00e9-sal da Bacia de Santos, que ser\u00e3o leiloadas em 4 de dezembro, devem ser majoradas at\u00e9 2030 devido a redetermina\u00e7\u00f5es do volume de \u00f3leo e de sua disposi\u00e7\u00e3o ao longo da forma\u00e7\u00e3o geol\u00f3gica, informou nesta segunda-feira (1\u00b0) a [&hellip;]\" \/>\n<meta property=\"og:url\" content=\"https:\/\/agenciainfra.com\/blog\/ppsa-projeta-aumento-de-producao-em-areas-do-pre-sal-que-vao-a-leilao\/\" \/>\n<meta property=\"og:site_name\" content=\"Ag\u00eancia iNFRA\" \/>\n<meta property=\"article:publisher\" content=\"https:\/\/www.facebook.com\/ageninfra\" \/>\n<meta property=\"article:published_time\" content=\"2025-09-01T23:37:55+00:00\" \/>\n<meta property=\"article:modified_time\" content=\"2025-09-03T11:38:22+00:00\" \/>\n<meta property=\"og:image\" content=\"https:\/\/agenciainfra.com\/blog\/wp-content\/uploads\/2025\/05\/pre-sal-foto-divulgacao-petrobras.jpg\" \/>\n\t<meta property=\"og:image:width\" content=\"1280\" \/>\n\t<meta property=\"og:image:height\" content=\"849\" \/>\n\t<meta property=\"og:image:type\" content=\"image\/jpeg\" \/>\n<meta name=\"author\" content=\"Ag\u00eancia iNFRA\" \/>\n<meta name=\"twitter:card\" content=\"summary_large_image\" \/>\n<meta name=\"twitter:creator\" content=\"@agencia_infra\" \/>\n<meta name=\"twitter:site\" content=\"@agencia_infra\" \/>\n<meta name=\"twitter:label1\" content=\"Escrito por\" \/>\n\t<meta name=\"twitter:data1\" content=\"Ag\u00eancia iNFRA\" \/>\n\t<meta name=\"twitter:label2\" content=\"Est. tempo de leitura\" \/>\n\t<meta name=\"twitter:data2\" content=\"3 minutos\" \/>\n<script type=\"application\/ld+json\" class=\"yoast-schema-graph\">{\"@context\":\"https:\/\/schema.org\",\"@graph\":[{\"@type\":\"Article\",\"@id\":\"https:\/\/agenciainfra.com\/blog\/ppsa-projeta-aumento-de-producao-em-areas-do-pre-sal-que-vao-a-leilao\/#article\",\"isPartOf\":{\"@id\":\"https:\/\/agenciainfra.com\/blog\/ppsa-projeta-aumento-de-producao-em-areas-do-pre-sal-que-vao-a-leilao\/\"},\"author\":{\"name\":\"Ag\u00eancia iNFRA\",\"@id\":\"https:\/\/agenciainfra.com\/blog\/#\/schema\/person\/34af08dff6adea4cb22b06612ba7acfa\"},\"headline\":\"PPSA projeta maior produ\u00e7\u00e3o para \u00e1reas n\u00e3o contratadas do pr\u00e9-sal que v\u00e3o a leil\u00e3o\",\"datePublished\":\"2025-09-01T23:37:55+00:00\",\"dateModified\":\"2025-09-03T11:38:22+00:00\",\"mainEntityOfPage\":{\"@id\":\"https:\/\/agenciainfra.com\/blog\/ppsa-projeta-aumento-de-producao-em-areas-do-pre-sal-que-vao-a-leilao\/\"},\"wordCount\":677,\"publisher\":{\"@id\":\"https:\/\/agenciainfra.com\/blog\/#organization\"},\"image\":{\"@id\":\"https:\/\/agenciainfra.com\/blog\/ppsa-projeta-aumento-de-producao-em-areas-do-pre-sal-que-vao-a-leilao\/#primaryimage\"},\"thumbnailUrl\":\"https:\/\/agenciainfra.com\/blog\/wp-content\/uploads\/2025\/05\/pre-sal-foto-divulgacao-petrobras.jpg\",\"keywords\":[\"ANP\",\"\u00e1reas n\u00e3o contratadas\",\"Atapu\",\"Bacia de Santos\",\"CNPE\",\"concess\u00e3o de Tupi\",\"Gabriel Vasconcelos\",\"Galp\",\"Mero\",\"MME (Minist\u00e9rio de Minas e Energia)\",\"Petrobras\",\"PPSA\",\"pr\u00e9-sal\",\"produ\u00e7\u00e3o de petr\u00f3leo\",\"Shell\"],\"articleSection\":[\"Geral\",\"\u00d3leo &amp; G\u00e1s\"],\"inLanguage\":\"pt-BR\",\"copyrightYear\":\"2025\",\"copyrightHolder\":{\"@id\":\"https:\/\/agenciainfra.com\/blog\/#organization\"}},{\"@type\":\"WebPage\",\"@id\":\"https:\/\/agenciainfra.com\/blog\/ppsa-projeta-aumento-de-producao-em-areas-do-pre-sal-que-vao-a-leilao\/\",\"url\":\"https:\/\/agenciainfra.com\/blog\/ppsa-projeta-aumento-de-producao-em-areas-do-pre-sal-que-vao-a-leilao\/\",\"name\":\"PPSA projeta maior produ\u00e7\u00e3o para \u00e1reas n\u00e3o contratadas do pr\u00e9-sal que v\u00e3o a leil\u00e3o - Ag\u00eancia iNFRA\",\"isPartOf\":{\"@id\":\"https:\/\/agenciainfra.com\/blog\/#website\"},\"primaryImageOfPage\":{\"@id\":\"https:\/\/agenciainfra.com\/blog\/ppsa-projeta-aumento-de-producao-em-areas-do-pre-sal-que-vao-a-leilao\/#primaryimage\"},\"image\":{\"@id\":\"https:\/\/agenciainfra.com\/blog\/ppsa-projeta-aumento-de-producao-em-areas-do-pre-sal-que-vao-a-leilao\/#primaryimage\"},\"thumbnailUrl\":\"https:\/\/agenciainfra.com\/blog\/wp-content\/uploads\/2025\/05\/pre-sal-foto-divulgacao-petrobras.jpg\",\"datePublished\":\"2025-09-01T23:37:55+00:00\",\"dateModified\":\"2025-09-03T11:38:22+00:00\",\"breadcrumb\":{\"@id\":\"https:\/\/agenciainfra.com\/blog\/ppsa-projeta-aumento-de-producao-em-areas-do-pre-sal-que-vao-a-leilao\/#breadcrumb\"},\"inLanguage\":\"pt-BR\",\"potentialAction\":[{\"@type\":\"ReadAction\",\"target\":[\"https:\/\/agenciainfra.com\/blog\/ppsa-projeta-aumento-de-producao-em-areas-do-pre-sal-que-vao-a-leilao\/\"]}]},{\"@type\":\"ImageObject\",\"inLanguage\":\"pt-BR\",\"@id\":\"https:\/\/agenciainfra.com\/blog\/ppsa-projeta-aumento-de-producao-em-areas-do-pre-sal-que-vao-a-leilao\/#primaryimage\",\"url\":\"https:\/\/agenciainfra.com\/blog\/wp-content\/uploads\/2025\/05\/pre-sal-foto-divulgacao-petrobras.jpg\",\"contentUrl\":\"https:\/\/agenciainfra.com\/blog\/wp-content\/uploads\/2025\/05\/pre-sal-foto-divulgacao-petrobras.jpg\",\"width\":1280,\"height\":849,\"caption\":\"Foto: Petrobras\/Divulga\u00e7\u00e3o\"},{\"@type\":\"BreadcrumbList\",\"@id\":\"https:\/\/agenciainfra.com\/blog\/ppsa-projeta-aumento-de-producao-em-areas-do-pre-sal-que-vao-a-leilao\/#breadcrumb\",\"itemListElement\":[{\"@type\":\"ListItem\",\"position\":1,\"name\":\"In\u00edcio\",\"item\":\"https:\/\/agenciainfra.com\/blog\/\"},{\"@type\":\"ListItem\",\"position\":2,\"name\":\"PPSA projeta maior produ\u00e7\u00e3o para \u00e1reas n\u00e3o contratadas do pr\u00e9-sal que v\u00e3o a leil\u00e3o\"}]},{\"@type\":\"WebSite\",\"@id\":\"https:\/\/agenciainfra.com\/blog\/#website\",\"url\":\"https:\/\/agenciainfra.com\/blog\/\",\"name\":\"Ag\u00eancia iNFRA\",\"description\":\"Multiplataforma de informa\u00e7\u00e3o jornal\u00edstica refer\u00eancia na \u00e1rea de infraestrutura no Brasil!\",\"publisher\":{\"@id\":\"https:\/\/agenciainfra.com\/blog\/#organization\"},\"potentialAction\":[{\"@type\":\"SearchAction\",\"target\":{\"@type\":\"EntryPoint\",\"urlTemplate\":\"https:\/\/agenciainfra.com\/blog\/?s={search_term_string}\"},\"query-input\":{\"@type\":\"PropertyValueSpecification\",\"valueRequired\":true,\"valueName\":\"search_term_string\"}}],\"inLanguage\":\"pt-BR\"},{\"@type\":\"Organization\",\"@id\":\"https:\/\/agenciainfra.com\/blog\/#organization\",\"name\":\"Ag\u00eancia iNFRA\",\"url\":\"https:\/\/agenciainfra.com\/blog\/\",\"logo\":{\"@type\":\"ImageObject\",\"inLanguage\":\"pt-BR\",\"@id\":\"https:\/\/agenciainfra.com\/blog\/#\/schema\/logo\/image\/\",\"url\":\"https:\/\/agenciainfra.com\/blog\/wp-content\/uploads\/2023\/09\/iNFRA_5-e1761735885940.png\",\"contentUrl\":\"https:\/\/agenciainfra.com\/blog\/wp-content\/uploads\/2023\/09\/iNFRA_5-e1761735885940.png\",\"width\":1672,\"height\":454,\"caption\":\"Ag\u00eancia iNFRA\"},\"image\":{\"@id\":\"https:\/\/agenciainfra.com\/blog\/#\/schema\/logo\/image\/\"},\"sameAs\":[\"https:\/\/www.facebook.com\/ageninfra\",\"https:\/\/x.com\/agencia_infra\",\"https:\/\/www.linkedin.com\/company\/ag\u00eanciainfra\/\",\"https:\/\/www.instagram.com\/agenciainfra\/\"]},{\"@type\":\"Person\",\"@id\":\"https:\/\/agenciainfra.com\/blog\/#\/schema\/person\/34af08dff6adea4cb22b06612ba7acfa\",\"name\":\"Ag\u00eancia iNFRA\",\"image\":{\"@type\":\"ImageObject\",\"inLanguage\":\"pt-BR\",\"@id\":\"https:\/\/agenciainfra.com\/blog\/#\/schema\/person\/image\/\",\"url\":\"https:\/\/secure.gravatar.com\/avatar\/d189e01678f06d8eb84d4e01f08eb848b3fffe3f8443818d3c356c66892f5be8?s=96&d=mm&r=g\",\"contentUrl\":\"https:\/\/secure.gravatar.com\/avatar\/d189e01678f06d8eb84d4e01f08eb848b3fffe3f8443818d3c356c66892f5be8?s=96&d=mm&r=g\",\"caption\":\"Ag\u00eancia iNFRA\"},\"url\":\"https:\/\/agenciainfra.com\/blog\/author\/admin\/\"}]}<\/script>\n<!-- \/ Yoast SEO Premium plugin. -->","yoast_head_json":{"title":"PPSA projeta maior produ\u00e7\u00e3o para \u00e1reas n\u00e3o contratadas do pr\u00e9-sal que v\u00e3o a leil\u00e3o - Ag\u00eancia iNFRA","robots":{"index":"index","follow":"follow","max-snippet":"max-snippet:-1","max-image-preview":"max-image-preview:large","max-video-preview":"max-video-preview:-1"},"canonical":"https:\/\/agenciainfra.com\/blog\/ppsa-projeta-aumento-de-producao-em-areas-do-pre-sal-que-vao-a-leilao\/","og_locale":"pt_BR","og_type":"article","og_title":"PPSA projeta maior produ\u00e7\u00e3o para \u00e1reas n\u00e3o contratadas do pr\u00e9-sal que v\u00e3o a leil\u00e3o","og_description":"Gabriel Vasconcelos, da Ag\u00eancia iNFRA As tr\u00eas participa\u00e7\u00f5es da Uni\u00e3o relativas \u00e0s chamadas &#8220;\u00e1reas n\u00e3o contratadas&#8221; do pr\u00e9-sal da Bacia de Santos, que ser\u00e3o leiloadas em 4 de dezembro, devem ser majoradas at\u00e9 2030 devido a redetermina\u00e7\u00f5es do volume de \u00f3leo e de sua disposi\u00e7\u00e3o ao longo da forma\u00e7\u00e3o geol\u00f3gica, informou nesta segunda-feira (1\u00b0) a [&hellip;]","og_url":"https:\/\/agenciainfra.com\/blog\/ppsa-projeta-aumento-de-producao-em-areas-do-pre-sal-que-vao-a-leilao\/","og_site_name":"Ag\u00eancia iNFRA","article_publisher":"https:\/\/www.facebook.com\/ageninfra","article_published_time":"2025-09-01T23:37:55+00:00","article_modified_time":"2025-09-03T11:38:22+00:00","og_image":[{"width":1280,"height":849,"url":"https:\/\/agenciainfra.com\/blog\/wp-content\/uploads\/2025\/05\/pre-sal-foto-divulgacao-petrobras.jpg","type":"image\/jpeg"}],"author":"Ag\u00eancia iNFRA","twitter_card":"summary_large_image","twitter_creator":"@agencia_infra","twitter_site":"@agencia_infra","twitter_misc":{"Escrito por":"Ag\u00eancia iNFRA","Est. tempo de leitura":"3 minutos"},"schema":{"@context":"https:\/\/schema.org","@graph":[{"@type":"Article","@id":"https:\/\/agenciainfra.com\/blog\/ppsa-projeta-aumento-de-producao-em-areas-do-pre-sal-que-vao-a-leilao\/#article","isPartOf":{"@id":"https:\/\/agenciainfra.com\/blog\/ppsa-projeta-aumento-de-producao-em-areas-do-pre-sal-que-vao-a-leilao\/"},"author":{"name":"Ag\u00eancia iNFRA","@id":"https:\/\/agenciainfra.com\/blog\/#\/schema\/person\/34af08dff6adea4cb22b06612ba7acfa"},"headline":"PPSA projeta maior produ\u00e7\u00e3o para \u00e1reas n\u00e3o contratadas do pr\u00e9-sal que v\u00e3o a leil\u00e3o","datePublished":"2025-09-01T23:37:55+00:00","dateModified":"2025-09-03T11:38:22+00:00","mainEntityOfPage":{"@id":"https:\/\/agenciainfra.com\/blog\/ppsa-projeta-aumento-de-producao-em-areas-do-pre-sal-que-vao-a-leilao\/"},"wordCount":677,"publisher":{"@id":"https:\/\/agenciainfra.com\/blog\/#organization"},"image":{"@id":"https:\/\/agenciainfra.com\/blog\/ppsa-projeta-aumento-de-producao-em-areas-do-pre-sal-que-vao-a-leilao\/#primaryimage"},"thumbnailUrl":"https:\/\/agenciainfra.com\/blog\/wp-content\/uploads\/2025\/05\/pre-sal-foto-divulgacao-petrobras.jpg","keywords":["ANP","\u00e1reas n\u00e3o contratadas","Atapu","Bacia de Santos","CNPE","concess\u00e3o de Tupi","Gabriel Vasconcelos","Galp","Mero","MME (Minist\u00e9rio de Minas e Energia)","Petrobras","PPSA","pr\u00e9-sal","produ\u00e7\u00e3o de petr\u00f3leo","Shell"],"articleSection":["Geral","\u00d3leo &amp; G\u00e1s"],"inLanguage":"pt-BR","copyrightYear":"2025","copyrightHolder":{"@id":"https:\/\/agenciainfra.com\/blog\/#organization"}},{"@type":"WebPage","@id":"https:\/\/agenciainfra.com\/blog\/ppsa-projeta-aumento-de-producao-em-areas-do-pre-sal-que-vao-a-leilao\/","url":"https:\/\/agenciainfra.com\/blog\/ppsa-projeta-aumento-de-producao-em-areas-do-pre-sal-que-vao-a-leilao\/","name":"PPSA projeta maior produ\u00e7\u00e3o para \u00e1reas n\u00e3o contratadas do pr\u00e9-sal que v\u00e3o a leil\u00e3o - Ag\u00eancia iNFRA","isPartOf":{"@id":"https:\/\/agenciainfra.com\/blog\/#website"},"primaryImageOfPage":{"@id":"https:\/\/agenciainfra.com\/blog\/ppsa-projeta-aumento-de-producao-em-areas-do-pre-sal-que-vao-a-leilao\/#primaryimage"},"image":{"@id":"https:\/\/agenciainfra.com\/blog\/ppsa-projeta-aumento-de-producao-em-areas-do-pre-sal-que-vao-a-leilao\/#primaryimage"},"thumbnailUrl":"https:\/\/agenciainfra.com\/blog\/wp-content\/uploads\/2025\/05\/pre-sal-foto-divulgacao-petrobras.jpg","datePublished":"2025-09-01T23:37:55+00:00","dateModified":"2025-09-03T11:38:22+00:00","breadcrumb":{"@id":"https:\/\/agenciainfra.com\/blog\/ppsa-projeta-aumento-de-producao-em-areas-do-pre-sal-que-vao-a-leilao\/#breadcrumb"},"inLanguage":"pt-BR","potentialAction":[{"@type":"ReadAction","target":["https:\/\/agenciainfra.com\/blog\/ppsa-projeta-aumento-de-producao-em-areas-do-pre-sal-que-vao-a-leilao\/"]}]},{"@type":"ImageObject","inLanguage":"pt-BR","@id":"https:\/\/agenciainfra.com\/blog\/ppsa-projeta-aumento-de-producao-em-areas-do-pre-sal-que-vao-a-leilao\/#primaryimage","url":"https:\/\/agenciainfra.com\/blog\/wp-content\/uploads\/2025\/05\/pre-sal-foto-divulgacao-petrobras.jpg","contentUrl":"https:\/\/agenciainfra.com\/blog\/wp-content\/uploads\/2025\/05\/pre-sal-foto-divulgacao-petrobras.jpg","width":1280,"height":849,"caption":"Foto: Petrobras\/Divulga\u00e7\u00e3o"},{"@type":"BreadcrumbList","@id":"https:\/\/agenciainfra.com\/blog\/ppsa-projeta-aumento-de-producao-em-areas-do-pre-sal-que-vao-a-leilao\/#breadcrumb","itemListElement":[{"@type":"ListItem","position":1,"name":"In\u00edcio","item":"https:\/\/agenciainfra.com\/blog\/"},{"@type":"ListItem","position":2,"name":"PPSA projeta maior produ\u00e7\u00e3o para \u00e1reas n\u00e3o contratadas do pr\u00e9-sal que v\u00e3o a leil\u00e3o"}]},{"@type":"WebSite","@id":"https:\/\/agenciainfra.com\/blog\/#website","url":"https:\/\/agenciainfra.com\/blog\/","name":"Ag\u00eancia iNFRA","description":"Multiplataforma de informa\u00e7\u00e3o jornal\u00edstica refer\u00eancia na \u00e1rea de infraestrutura no Brasil!","publisher":{"@id":"https:\/\/agenciainfra.com\/blog\/#organization"},"potentialAction":[{"@type":"SearchAction","target":{"@type":"EntryPoint","urlTemplate":"https:\/\/agenciainfra.com\/blog\/?s={search_term_string}"},"query-input":{"@type":"PropertyValueSpecification","valueRequired":true,"valueName":"search_term_string"}}],"inLanguage":"pt-BR"},{"@type":"Organization","@id":"https:\/\/agenciainfra.com\/blog\/#organization","name":"Ag\u00eancia iNFRA","url":"https:\/\/agenciainfra.com\/blog\/","logo":{"@type":"ImageObject","inLanguage":"pt-BR","@id":"https:\/\/agenciainfra.com\/blog\/#\/schema\/logo\/image\/","url":"https:\/\/agenciainfra.com\/blog\/wp-content\/uploads\/2023\/09\/iNFRA_5-e1761735885940.png","contentUrl":"https:\/\/agenciainfra.com\/blog\/wp-content\/uploads\/2023\/09\/iNFRA_5-e1761735885940.png","width":1672,"height":454,"caption":"Ag\u00eancia iNFRA"},"image":{"@id":"https:\/\/agenciainfra.com\/blog\/#\/schema\/logo\/image\/"},"sameAs":["https:\/\/www.facebook.com\/ageninfra","https:\/\/x.com\/agencia_infra","https:\/\/www.linkedin.com\/company\/ag\u00eanciainfra\/","https:\/\/www.instagram.com\/agenciainfra\/"]},{"@type":"Person","@id":"https:\/\/agenciainfra.com\/blog\/#\/schema\/person\/34af08dff6adea4cb22b06612ba7acfa","name":"Ag\u00eancia iNFRA","image":{"@type":"ImageObject","inLanguage":"pt-BR","@id":"https:\/\/agenciainfra.com\/blog\/#\/schema\/person\/image\/","url":"https:\/\/secure.gravatar.com\/avatar\/d189e01678f06d8eb84d4e01f08eb848b3fffe3f8443818d3c356c66892f5be8?s=96&d=mm&r=g","contentUrl":"https:\/\/secure.gravatar.com\/avatar\/d189e01678f06d8eb84d4e01f08eb848b3fffe3f8443818d3c356c66892f5be8?s=96&d=mm&r=g","caption":"Ag\u00eancia iNFRA"},"url":"https:\/\/agenciainfra.com\/blog\/author\/admin\/"}]}},"_links":{"self":[{"href":"https:\/\/agenciainfra.com\/blog\/wp-json\/wp\/v2\/posts\/27036","targetHints":{"allow":["GET"]}}],"collection":[{"href":"https:\/\/agenciainfra.com\/blog\/wp-json\/wp\/v2\/posts"}],"about":[{"href":"https:\/\/agenciainfra.com\/blog\/wp-json\/wp\/v2\/types\/post"}],"author":[{"embeddable":true,"href":"https:\/\/agenciainfra.com\/blog\/wp-json\/wp\/v2\/users\/1"}],"replies":[{"embeddable":true,"href":"https:\/\/agenciainfra.com\/blog\/wp-json\/wp\/v2\/comments?post=27036"}],"version-history":[{"count":2,"href":"https:\/\/agenciainfra.com\/blog\/wp-json\/wp\/v2\/posts\/27036\/revisions"}],"predecessor-version":[{"id":27038,"href":"https:\/\/agenciainfra.com\/blog\/wp-json\/wp\/v2\/posts\/27036\/revisions\/27038"}],"wp:featuredmedia":[{"embeddable":true,"href":"https:\/\/agenciainfra.com\/blog\/wp-json\/wp\/v2\/media\/22269"}],"wp:attachment":[{"href":"https:\/\/agenciainfra.com\/blog\/wp-json\/wp\/v2\/media?parent=27036"}],"wp:term":[{"taxonomy":"category","embeddable":true,"href":"https:\/\/agenciainfra.com\/blog\/wp-json\/wp\/v2\/categories?post=27036"},{"taxonomy":"post_tag","embeddable":true,"href":"https:\/\/agenciainfra.com\/blog\/wp-json\/wp\/v2\/tags?post=27036"}],"curies":[{"name":"wp","href":"https:\/\/api.w.org\/{rel}","templated":true}]}}