{"id":27055,"date":"2025-09-02T10:15:34","date_gmt":"2025-09-02T13:15:34","guid":{"rendered":"https:\/\/agenciainfra.com\/blog\/?p=27055"},"modified":"2025-09-03T14:18:44","modified_gmt":"2025-09-03T17:18:44","slug":"joao-daniel-cascalho-e-nomeado-secretario-de-energia-eletrica","status":"publish","type":"post","link":"https:\/\/agenciainfra.com\/blog\/joao-daniel-cascalho-e-nomeado-secretario-de-energia-eletrica\/","title":{"rendered":"Jo\u00e3o Daniel Cascalho \u00e9 nomeado secret\u00e1rio de Energia El\u00e9trica"},"content":{"rendered":"\n<p class=\"has-text-align-right\"><strong>da Ag\u00eancia iNFRA<\/strong><\/p>\n\n\n\n<p>O MME (Minist\u00e9rio de Minas e Energia) nomeou Jo\u00e3o Daniel Cascalho no cargo de secret\u00e1rio nacional de Energia El\u00e9trica. A <a href=\"https:\/\/www.in.gov.br\/en\/web\/dou\/-\/portarias-de-1-de-setembro-de-2025-652593194\">nomea\u00e7\u00e3o<\/a> foi publicada em edi\u00e7\u00e3o desta ter\u00e7a-feira (2) do Di\u00e1rio Oficial da Uni\u00e3o.<\/p>\n\n\n\n<p>O nome de Cascalho j\u00e1 circulava desde a confirma\u00e7\u00e3o da indica\u00e7\u00e3o do ent\u00e3o secret\u00e1rio Gentil Nogueira para a diretoria da ANEEL, em meados de agosto. O novo secret\u00e1rio j\u00e1 atuava no MME, como chefe da Assessoria Especial de Assuntos T\u00e9cnicos da pasta.<\/p>\n\n\n\n<p>Jo\u00e3o Daniel Cascalho tamb\u00e9m teve passagens na Casa Civil, na Secretaria de Governo da Presid\u00eancia da Rep\u00fablica e no ONS (Operador Nacional do Sistema El\u00e9trico).<\/p>\n","protected":false},"excerpt":{"rendered":"<p>da Ag\u00eancia iNFRA O MME (Minist\u00e9rio de Minas e Energia) nomeou Jo\u00e3o Daniel Cascalho no cargo de secret\u00e1rio nacional de Energia El\u00e9trica. A nomea\u00e7\u00e3o foi publicada em edi\u00e7\u00e3o desta ter\u00e7a-feira (2) do Di\u00e1rio Oficial da Uni\u00e3o. O nome de Cascalho j\u00e1 circulava desde a confirma\u00e7\u00e3o da indica\u00e7\u00e3o do ent\u00e3o secret\u00e1rio Gentil Nogueira para a diretoria [&hellip;]<\/p>\n","protected":false},"author":1,"featured_media":27056,"comment_status":"closed","ping_status":"closed","sticky":false,"template":"","format":"standard","meta":{"_monsterinsights_skip_tracking":false,"_monsterinsights_sitenote_active":false,"_monsterinsights_sitenote_note":"","_monsterinsights_sitenote_category":0,"footnotes":""},"categories":[7250,1,10],"tags":[6781,15119,96,15120,54],"class_list":["post-27055","post","type-post","status-publish","format-standard","has-post-thumbnail","hentry","category-destaque-lista","category-geral","category-infraenergia","tag-gentil-nogueira","tag-joao-daniel-cascalho","tag-ministerio-de-minas-e-energia","tag-secretaria-nacional-de-energia-eletrica","tag-setor-eletrico"],"yoast_head":"<!-- This site is optimized with the Yoast SEO Premium plugin v25.4 (Yoast SEO v26.0) - https:\/\/yoast.com\/wordpress\/plugins\/seo\/ -->\n<title>Jo\u00e3o Daniel Cascalho \u00e9 nomeado secret\u00e1rio de Energia El\u00e9trica - Ag\u00eancia iNFRA<\/title>\n<meta name=\"robots\" content=\"index, follow, max-snippet:-1, max-image-preview:large, max-video-preview:-1\" \/>\n<link rel=\"canonical\" href=\"https:\/\/agenciainfra.com\/blog\/joao-daniel-cascalho-e-nomeado-secretario-de-energia-eletrica\/\" \/>\n<meta property=\"og:locale\" content=\"pt_BR\" \/>\n<meta property=\"og:type\" content=\"article\" \/>\n<meta property=\"og:title\" content=\"Jo\u00e3o Daniel Cascalho \u00e9 nomeado secret\u00e1rio de Energia El\u00e9trica\" \/>\n<meta property=\"og:description\" content=\"da Ag\u00eancia iNFRA O MME (Minist\u00e9rio de Minas e Energia) nomeou Jo\u00e3o Daniel Cascalho no cargo de secret\u00e1rio nacional de Energia El\u00e9trica. A nomea\u00e7\u00e3o foi publicada em edi\u00e7\u00e3o desta ter\u00e7a-feira (2) do Di\u00e1rio Oficial da Uni\u00e3o. O nome de Cascalho j\u00e1 circulava desde a confirma\u00e7\u00e3o da indica\u00e7\u00e3o do ent\u00e3o secret\u00e1rio Gentil Nogueira para a diretoria [&hellip;]\" \/>\n<meta property=\"og:url\" content=\"https:\/\/agenciainfra.com\/blog\/joao-daniel-cascalho-e-nomeado-secretario-de-energia-eletrica\/\" \/>\n<meta property=\"og:site_name\" content=\"Ag\u00eancia iNFRA\" \/>\n<meta property=\"article:publisher\" content=\"https:\/\/www.facebook.com\/ageninfra\" \/>\n<meta property=\"article:published_time\" content=\"2025-09-02T13:15:34+00:00\" \/>\n<meta property=\"article:modified_time\" content=\"2025-09-03T17:18:44+00:00\" \/>\n<meta property=\"og:image\" content=\"https:\/\/agenciainfra.com\/blog\/wp-content\/uploads\/2025\/09\/joao-daniel-cascalho-foto-linkedin.png\" \/>\n\t<meta property=\"og:image:width\" content=\"1280\" \/>\n\t<meta property=\"og:image:height\" content=\"776\" \/>\n\t<meta property=\"og:image:type\" content=\"image\/png\" \/>\n<meta name=\"author\" content=\"Ag\u00eancia iNFRA\" \/>\n<meta name=\"twitter:card\" content=\"summary_large_image\" \/>\n<meta name=\"twitter:creator\" content=\"@agencia_infra\" \/>\n<meta name=\"twitter:site\" content=\"@agencia_infra\" \/>\n<meta name=\"twitter:label1\" content=\"Escrito por\" \/>\n\t<meta name=\"twitter:data1\" content=\"Ag\u00eancia iNFRA\" \/>\n\t<meta name=\"twitter:label2\" content=\"Est. tempo de leitura\" \/>\n\t<meta name=\"twitter:data2\" content=\"1 minuto\" \/>\n<script type=\"application\/ld+json\" class=\"yoast-schema-graph\">{\"@context\":\"https:\/\/schema.org\",\"@graph\":[{\"@type\":\"Article\",\"@id\":\"https:\/\/agenciainfra.com\/blog\/joao-daniel-cascalho-e-nomeado-secretario-de-energia-eletrica\/#article\",\"isPartOf\":{\"@id\":\"https:\/\/agenciainfra.com\/blog\/joao-daniel-cascalho-e-nomeado-secretario-de-energia-eletrica\/\"},\"author\":{\"name\":\"Ag\u00eancia iNFRA\",\"@id\":\"https:\/\/agenciainfra.com\/blog\/#\/schema\/person\/34af08dff6adea4cb22b06612ba7acfa\"},\"headline\":\"Jo\u00e3o Daniel Cascalho \u00e9 nomeado secret\u00e1rio de Energia El\u00e9trica\",\"datePublished\":\"2025-09-02T13:15:34+00:00\",\"dateModified\":\"2025-09-03T17:18:44+00:00\",\"mainEntityOfPage\":{\"@id\":\"https:\/\/agenciainfra.com\/blog\/joao-daniel-cascalho-e-nomeado-secretario-de-energia-eletrica\/\"},\"wordCount\":134,\"publisher\":{\"@id\":\"https:\/\/agenciainfra.com\/blog\/#organization\"},\"image\":{\"@id\":\"https:\/\/agenciainfra.com\/blog\/joao-daniel-cascalho-e-nomeado-secretario-de-energia-eletrica\/#primaryimage\"},\"thumbnailUrl\":\"https:\/\/agenciainfra.com\/blog\/wp-content\/uploads\/2025\/09\/joao-daniel-cascalho-foto-linkedin.png\",\"keywords\":[\"Gentil Nogueira\",\"Jo\u00e3o Daniel Cascalho\",\"Minist\u00e9rio de Minas e Energia\",\"Secretaria Nacional de Energia El\u00e9trica\",\"Setor El\u00e9trico\"],\"articleSection\":[\"Destaque lista\",\"Geral\",\"iNFRAEnergia\"],\"inLanguage\":\"pt-BR\",\"copyrightYear\":\"2025\",\"copyrightHolder\":{\"@id\":\"https:\/\/agenciainfra.com\/blog\/#organization\"}},{\"@type\":\"WebPage\",\"@id\":\"https:\/\/agenciainfra.com\/blog\/joao-daniel-cascalho-e-nomeado-secretario-de-energia-eletrica\/\",\"url\":\"https:\/\/agenciainfra.com\/blog\/joao-daniel-cascalho-e-nomeado-secretario-de-energia-eletrica\/\",\"name\":\"Jo\u00e3o Daniel Cascalho \u00e9 nomeado secret\u00e1rio de Energia El\u00e9trica - Ag\u00eancia iNFRA\",\"isPartOf\":{\"@id\":\"https:\/\/agenciainfra.com\/blog\/#website\"},\"primaryImageOfPage\":{\"@id\":\"https:\/\/agenciainfra.com\/blog\/joao-daniel-cascalho-e-nomeado-secretario-de-energia-eletrica\/#primaryimage\"},\"image\":{\"@id\":\"https:\/\/agenciainfra.com\/blog\/joao-daniel-cascalho-e-nomeado-secretario-de-energia-eletrica\/#primaryimage\"},\"thumbnailUrl\":\"https:\/\/agenciainfra.com\/blog\/wp-content\/uploads\/2025\/09\/joao-daniel-cascalho-foto-linkedin.png\",\"datePublished\":\"2025-09-02T13:15:34+00:00\",\"dateModified\":\"2025-09-03T17:18:44+00:00\",\"breadcrumb\":{\"@id\":\"https:\/\/agenciainfra.com\/blog\/joao-daniel-cascalho-e-nomeado-secretario-de-energia-eletrica\/#breadcrumb\"},\"inLanguage\":\"pt-BR\",\"potentialAction\":[{\"@type\":\"ReadAction\",\"target\":[\"https:\/\/agenciainfra.com\/blog\/joao-daniel-cascalho-e-nomeado-secretario-de-energia-eletrica\/\"]}]},{\"@type\":\"ImageObject\",\"inLanguage\":\"pt-BR\",\"@id\":\"https:\/\/agenciainfra.com\/blog\/joao-daniel-cascalho-e-nomeado-secretario-de-energia-eletrica\/#primaryimage\",\"url\":\"https:\/\/agenciainfra.com\/blog\/wp-content\/uploads\/2025\/09\/joao-daniel-cascalho-foto-linkedin.png\",\"contentUrl\":\"https:\/\/agenciainfra.com\/blog\/wp-content\/uploads\/2025\/09\/joao-daniel-cascalho-foto-linkedin.png\",\"width\":1280,\"height\":776,\"caption\":\"Foto: LinkedIn\"},{\"@type\":\"BreadcrumbList\",\"@id\":\"https:\/\/agenciainfra.com\/blog\/joao-daniel-cascalho-e-nomeado-secretario-de-energia-eletrica\/#breadcrumb\",\"itemListElement\":[{\"@type\":\"ListItem\",\"position\":1,\"name\":\"In\u00edcio\",\"item\":\"https:\/\/agenciainfra.com\/blog\/\"},{\"@type\":\"ListItem\",\"position\":2,\"name\":\"Jo\u00e3o Daniel Cascalho \u00e9 nomeado secret\u00e1rio de Energia El\u00e9trica\"}]},{\"@type\":\"WebSite\",\"@id\":\"https:\/\/agenciainfra.com\/blog\/#website\",\"url\":\"https:\/\/agenciainfra.com\/blog\/\",\"name\":\"Ag\u00eancia iNFRA\",\"description\":\"Multiplataforma de informa\u00e7\u00e3o jornal\u00edstica refer\u00eancia na \u00e1rea de infraestrutura no Brasil!\",\"publisher\":{\"@id\":\"https:\/\/agenciainfra.com\/blog\/#organization\"},\"potentialAction\":[{\"@type\":\"SearchAction\",\"target\":{\"@type\":\"EntryPoint\",\"urlTemplate\":\"https:\/\/agenciainfra.com\/blog\/?s={search_term_string}\"},\"query-input\":{\"@type\":\"PropertyValueSpecification\",\"valueRequired\":true,\"valueName\":\"search_term_string\"}}],\"inLanguage\":\"pt-BR\"},{\"@type\":\"Organization\",\"@id\":\"https:\/\/agenciainfra.com\/blog\/#organization\",\"name\":\"Ag\u00eancia iNFRA\",\"url\":\"https:\/\/agenciainfra.com\/blog\/\",\"logo\":{\"@type\":\"ImageObject\",\"inLanguage\":\"pt-BR\",\"@id\":\"https:\/\/agenciainfra.com\/blog\/#\/schema\/logo\/image\/\",\"url\":\"https:\/\/agenciainfra.com\/blog\/wp-content\/uploads\/2023\/09\/iNFRA_5-e1761735885940.png\",\"contentUrl\":\"https:\/\/agenciainfra.com\/blog\/wp-content\/uploads\/2023\/09\/iNFRA_5-e1761735885940.png\",\"width\":1672,\"height\":454,\"caption\":\"Ag\u00eancia iNFRA\"},\"image\":{\"@id\":\"https:\/\/agenciainfra.com\/blog\/#\/schema\/logo\/image\/\"},\"sameAs\":[\"https:\/\/www.facebook.com\/ageninfra\",\"https:\/\/x.com\/agencia_infra\",\"https:\/\/www.linkedin.com\/company\/ag\u00eanciainfra\/\",\"https:\/\/www.instagram.com\/agenciainfra\/\"]},{\"@type\":\"Person\",\"@id\":\"https:\/\/agenciainfra.com\/blog\/#\/schema\/person\/34af08dff6adea4cb22b06612ba7acfa\",\"name\":\"Ag\u00eancia iNFRA\",\"image\":{\"@type\":\"ImageObject\",\"inLanguage\":\"pt-BR\",\"@id\":\"https:\/\/agenciainfra.com\/blog\/#\/schema\/person\/image\/\",\"url\":\"https:\/\/secure.gravatar.com\/avatar\/d189e01678f06d8eb84d4e01f08eb848b3fffe3f8443818d3c356c66892f5be8?s=96&d=mm&r=g\",\"contentUrl\":\"https:\/\/secure.gravatar.com\/avatar\/d189e01678f06d8eb84d4e01f08eb848b3fffe3f8443818d3c356c66892f5be8?s=96&d=mm&r=g\",\"caption\":\"Ag\u00eancia iNFRA\"},\"url\":\"https:\/\/agenciainfra.com\/blog\/author\/admin\/\"}]}<\/script>\n<!-- \/ Yoast SEO Premium plugin. -->","yoast_head_json":{"title":"Jo\u00e3o Daniel Cascalho \u00e9 nomeado secret\u00e1rio de Energia El\u00e9trica - Ag\u00eancia iNFRA","robots":{"index":"index","follow":"follow","max-snippet":"max-snippet:-1","max-image-preview":"max-image-preview:large","max-video-preview":"max-video-preview:-1"},"canonical":"https:\/\/agenciainfra.com\/blog\/joao-daniel-cascalho-e-nomeado-secretario-de-energia-eletrica\/","og_locale":"pt_BR","og_type":"article","og_title":"Jo\u00e3o Daniel Cascalho \u00e9 nomeado secret\u00e1rio de Energia El\u00e9trica","og_description":"da Ag\u00eancia iNFRA O MME (Minist\u00e9rio de Minas e Energia) nomeou Jo\u00e3o Daniel Cascalho no cargo de secret\u00e1rio nacional de Energia El\u00e9trica. A nomea\u00e7\u00e3o foi publicada em edi\u00e7\u00e3o desta ter\u00e7a-feira (2) do Di\u00e1rio Oficial da Uni\u00e3o. O nome de Cascalho j\u00e1 circulava desde a confirma\u00e7\u00e3o da indica\u00e7\u00e3o do ent\u00e3o secret\u00e1rio Gentil Nogueira para a diretoria [&hellip;]","og_url":"https:\/\/agenciainfra.com\/blog\/joao-daniel-cascalho-e-nomeado-secretario-de-energia-eletrica\/","og_site_name":"Ag\u00eancia iNFRA","article_publisher":"https:\/\/www.facebook.com\/ageninfra","article_published_time":"2025-09-02T13:15:34+00:00","article_modified_time":"2025-09-03T17:18:44+00:00","og_image":[{"width":1280,"height":776,"url":"https:\/\/agenciainfra.com\/blog\/wp-content\/uploads\/2025\/09\/joao-daniel-cascalho-foto-linkedin.png","type":"image\/png"}],"author":"Ag\u00eancia iNFRA","twitter_card":"summary_large_image","twitter_creator":"@agencia_infra","twitter_site":"@agencia_infra","twitter_misc":{"Escrito por":"Ag\u00eancia iNFRA","Est. tempo de leitura":"1 minuto"},"schema":{"@context":"https:\/\/schema.org","@graph":[{"@type":"Article","@id":"https:\/\/agenciainfra.com\/blog\/joao-daniel-cascalho-e-nomeado-secretario-de-energia-eletrica\/#article","isPartOf":{"@id":"https:\/\/agenciainfra.com\/blog\/joao-daniel-cascalho-e-nomeado-secretario-de-energia-eletrica\/"},"author":{"name":"Ag\u00eancia iNFRA","@id":"https:\/\/agenciainfra.com\/blog\/#\/schema\/person\/34af08dff6adea4cb22b06612ba7acfa"},"headline":"Jo\u00e3o Daniel Cascalho \u00e9 nomeado secret\u00e1rio de Energia El\u00e9trica","datePublished":"2025-09-02T13:15:34+00:00","dateModified":"2025-09-03T17:18:44+00:00","mainEntityOfPage":{"@id":"https:\/\/agenciainfra.com\/blog\/joao-daniel-cascalho-e-nomeado-secretario-de-energia-eletrica\/"},"wordCount":134,"publisher":{"@id":"https:\/\/agenciainfra.com\/blog\/#organization"},"image":{"@id":"https:\/\/agenciainfra.com\/blog\/joao-daniel-cascalho-e-nomeado-secretario-de-energia-eletrica\/#primaryimage"},"thumbnailUrl":"https:\/\/agenciainfra.com\/blog\/wp-content\/uploads\/2025\/09\/joao-daniel-cascalho-foto-linkedin.png","keywords":["Gentil Nogueira","Jo\u00e3o Daniel Cascalho","Minist\u00e9rio de Minas e Energia","Secretaria Nacional de Energia El\u00e9trica","Setor El\u00e9trico"],"articleSection":["Destaque lista","Geral","iNFRAEnergia"],"inLanguage":"pt-BR","copyrightYear":"2025","copyrightHolder":{"@id":"https:\/\/agenciainfra.com\/blog\/#organization"}},{"@type":"WebPage","@id":"https:\/\/agenciainfra.com\/blog\/joao-daniel-cascalho-e-nomeado-secretario-de-energia-eletrica\/","url":"https:\/\/agenciainfra.com\/blog\/joao-daniel-cascalho-e-nomeado-secretario-de-energia-eletrica\/","name":"Jo\u00e3o Daniel Cascalho \u00e9 nomeado secret\u00e1rio de Energia El\u00e9trica - Ag\u00eancia iNFRA","isPartOf":{"@id":"https:\/\/agenciainfra.com\/blog\/#website"},"primaryImageOfPage":{"@id":"https:\/\/agenciainfra.com\/blog\/joao-daniel-cascalho-e-nomeado-secretario-de-energia-eletrica\/#primaryimage"},"image":{"@id":"https:\/\/agenciainfra.com\/blog\/joao-daniel-cascalho-e-nomeado-secretario-de-energia-eletrica\/#primaryimage"},"thumbnailUrl":"https:\/\/agenciainfra.com\/blog\/wp-content\/uploads\/2025\/09\/joao-daniel-cascalho-foto-linkedin.png","datePublished":"2025-09-02T13:15:34+00:00","dateModified":"2025-09-03T17:18:44+00:00","breadcrumb":{"@id":"https:\/\/agenciainfra.com\/blog\/joao-daniel-cascalho-e-nomeado-secretario-de-energia-eletrica\/#breadcrumb"},"inLanguage":"pt-BR","potentialAction":[{"@type":"ReadAction","target":["https:\/\/agenciainfra.com\/blog\/joao-daniel-cascalho-e-nomeado-secretario-de-energia-eletrica\/"]}]},{"@type":"ImageObject","inLanguage":"pt-BR","@id":"https:\/\/agenciainfra.com\/blog\/joao-daniel-cascalho-e-nomeado-secretario-de-energia-eletrica\/#primaryimage","url":"https:\/\/agenciainfra.com\/blog\/wp-content\/uploads\/2025\/09\/joao-daniel-cascalho-foto-linkedin.png","contentUrl":"https:\/\/agenciainfra.com\/blog\/wp-content\/uploads\/2025\/09\/joao-daniel-cascalho-foto-linkedin.png","width":1280,"height":776,"caption":"Foto: LinkedIn"},{"@type":"BreadcrumbList","@id":"https:\/\/agenciainfra.com\/blog\/joao-daniel-cascalho-e-nomeado-secretario-de-energia-eletrica\/#breadcrumb","itemListElement":[{"@type":"ListItem","position":1,"name":"In\u00edcio","item":"https:\/\/agenciainfra.com\/blog\/"},{"@type":"ListItem","position":2,"name":"Jo\u00e3o Daniel Cascalho \u00e9 nomeado secret\u00e1rio de Energia El\u00e9trica"}]},{"@type":"WebSite","@id":"https:\/\/agenciainfra.com\/blog\/#website","url":"https:\/\/agenciainfra.com\/blog\/","name":"Ag\u00eancia iNFRA","description":"Multiplataforma de informa\u00e7\u00e3o jornal\u00edstica refer\u00eancia na \u00e1rea de infraestrutura no Brasil!","publisher":{"@id":"https:\/\/agenciainfra.com\/blog\/#organization"},"potentialAction":[{"@type":"SearchAction","target":{"@type":"EntryPoint","urlTemplate":"https:\/\/agenciainfra.com\/blog\/?s={search_term_string}"},"query-input":{"@type":"PropertyValueSpecification","valueRequired":true,"valueName":"search_term_string"}}],"inLanguage":"pt-BR"},{"@type":"Organization","@id":"https:\/\/agenciainfra.com\/blog\/#organization","name":"Ag\u00eancia iNFRA","url":"https:\/\/agenciainfra.com\/blog\/","logo":{"@type":"ImageObject","inLanguage":"pt-BR","@id":"https:\/\/agenciainfra.com\/blog\/#\/schema\/logo\/image\/","url":"https:\/\/agenciainfra.com\/blog\/wp-content\/uploads\/2023\/09\/iNFRA_5-e1761735885940.png","contentUrl":"https:\/\/agenciainfra.com\/blog\/wp-content\/uploads\/2023\/09\/iNFRA_5-e1761735885940.png","width":1672,"height":454,"caption":"Ag\u00eancia iNFRA"},"image":{"@id":"https:\/\/agenciainfra.com\/blog\/#\/schema\/logo\/image\/"},"sameAs":["https:\/\/www.facebook.com\/ageninfra","https:\/\/x.com\/agencia_infra","https:\/\/www.linkedin.com\/company\/ag\u00eanciainfra\/","https:\/\/www.instagram.com\/agenciainfra\/"]},{"@type":"Person","@id":"https:\/\/agenciainfra.com\/blog\/#\/schema\/person\/34af08dff6adea4cb22b06612ba7acfa","name":"Ag\u00eancia iNFRA","image":{"@type":"ImageObject","inLanguage":"pt-BR","@id":"https:\/\/agenciainfra.com\/blog\/#\/schema\/person\/image\/","url":"https:\/\/secure.gravatar.com\/avatar\/d189e01678f06d8eb84d4e01f08eb848b3fffe3f8443818d3c356c66892f5be8?s=96&d=mm&r=g","contentUrl":"https:\/\/secure.gravatar.com\/avatar\/d189e01678f06d8eb84d4e01f08eb848b3fffe3f8443818d3c356c66892f5be8?s=96&d=mm&r=g","caption":"Ag\u00eancia iNFRA"},"url":"https:\/\/agenciainfra.com\/blog\/author\/admin\/"}]}},"_links":{"self":[{"href":"https:\/\/agenciainfra.com\/blog\/wp-json\/wp\/v2\/posts\/27055","targetHints":{"allow":["GET"]}}],"collection":[{"href":"https:\/\/agenciainfra.com\/blog\/wp-json\/wp\/v2\/posts"}],"about":[{"href":"https:\/\/agenciainfra.com\/blog\/wp-json\/wp\/v2\/types\/post"}],"author":[{"embeddable":true,"href":"https:\/\/agenciainfra.com\/blog\/wp-json\/wp\/v2\/users\/1"}],"replies":[{"embeddable":true,"href":"https:\/\/agenciainfra.com\/blog\/wp-json\/wp\/v2\/comments?post=27055"}],"version-history":[{"count":1,"href":"https:\/\/agenciainfra.com\/blog\/wp-json\/wp\/v2\/posts\/27055\/revisions"}],"predecessor-version":[{"id":27057,"href":"https:\/\/agenciainfra.com\/blog\/wp-json\/wp\/v2\/posts\/27055\/revisions\/27057"}],"wp:featuredmedia":[{"embeddable":true,"href":"https:\/\/agenciainfra.com\/blog\/wp-json\/wp\/v2\/media\/27056"}],"wp:attachment":[{"href":"https:\/\/agenciainfra.com\/blog\/wp-json\/wp\/v2\/media?parent=27055"}],"wp:term":[{"taxonomy":"category","embeddable":true,"href":"https:\/\/agenciainfra.com\/blog\/wp-json\/wp\/v2\/categories?post=27055"},{"taxonomy":"post_tag","embeddable":true,"href":"https:\/\/agenciainfra.com\/blog\/wp-json\/wp\/v2\/tags?post=27055"}],"curies":[{"name":"wp","href":"https:\/\/api.w.org\/{rel}","templated":true}]}}