{"id":27065,"date":"2025-09-02T11:39:28","date_gmt":"2025-09-02T14:39:28","guid":{"rendered":"https:\/\/agenciainfra.com\/blog\/?p=27065"},"modified":"2025-09-03T16:55:30","modified_gmt":"2025-09-03T19:55:30","slug":"coelho-defende-que-preco-de-renovaveis-considere-investimentos-no-sistema","status":"publish","type":"post","link":"https:\/\/agenciainfra.com\/blog\/coelho-defende-que-preco-de-renovaveis-considere-investimentos-no-sistema\/","title":{"rendered":"Coelho defende que pre\u00e7o de renov\u00e1veis considere investimentos no sistema"},"content":{"rendered":"\n<p class=\"has-text-align-right\"><strong>da Ag\u00eancia iNFRA<\/strong><\/p>\n\n\n\n<p>O deputado e ex-ministro de Minas e Energia, Fernando Coelho Filho (Uni\u00e3o-PE), defendeu nesta ter\u00e7a-feira (2) que os custos de investimentos em \u201crobustez\u201d no sistema el\u00e9trico sejam considerados no pre\u00e7o real da energia de fontes renov\u00e1veis. O parlamentar, que relata a MP (Medida Provis\u00f3ria) 1.300, foi questionado sobre as dificuldades de opera\u00e7\u00e3o do sistema diante da expans\u00e3o da MMGD (Micro e Minigera\u00e7\u00e3o Distribu\u00edda).&nbsp;<\/p>\n\n\n\n<p>\u201cN\u00e3o \u00e9 justo com o consumidor brasileiro falar que a energia custa R$ 180 ou R$ 280, uma energia limpa, produzida nos ventos de estados do Nordeste, ou do sol do Pernambuco, do Piau\u00ed, mas esconder do consumidor que para ele poder receber essa energia a\u00ed na Faria Lima, em S\u00e3o Paulo, a gente tem que gastar R$ 4 bilh\u00f5es ou R$ 7 bilh\u00f5es em uma linha de transmiss\u00e3o, por exemplo\u201d, disse em participa\u00e7\u00e3o no F\u00f3rum An\u00e1lise Setorial, da CCEE (C\u00e2mara de Comercializa\u00e7\u00e3o de Energia).&nbsp;&nbsp;<\/p>\n\n\n\n<p>Coelho Filho tamb\u00e9m disse ser favor\u00e1vel a um \u201csinal de pre\u00e7o correto\u201d da energia ao consumidor. \u201cAssim a gente come\u00e7a a conseguir educar, porque voc\u00ea s\u00f3 educa mesmo quando pega no bolso\u201d, afirmou.&nbsp;<\/p>\n\n\n\n<p>Ele ainda ressaltou a necessidade de gera\u00e7\u00e3o de energia firme \u2013 como termel\u00e9tricas e hidrel\u00e9tricas com reservat\u00f3rios \u2013&nbsp; para que a expans\u00e3o das renov\u00e1veis continue: \u201ccom a matriz que a gente tem, a gente precisa de muita energia firme para poder a gente continuar tendo esse crescimento como a gente tem, lastreado, e \u00e9 o que a gente quer e se orgulha de ter, das renov\u00e1veis\u201d<strong>.<\/strong><\/p>\n","protected":false},"excerpt":{"rendered":"<p>da Ag\u00eancia iNFRA O deputado e ex-ministro de Minas e Energia, Fernando Coelho Filho (Uni\u00e3o-PE), defendeu nesta ter\u00e7a-feira (2) que os custos de investimentos em \u201crobustez\u201d no sistema el\u00e9trico sejam considerados no pre\u00e7o real da energia de fontes renov\u00e1veis. O parlamentar, que relata a MP (Medida Provis\u00f3ria) 1.300, foi questionado sobre as dificuldades de opera\u00e7\u00e3o [&hellip;]<\/p>\n","protected":false},"author":1,"featured_media":24921,"comment_status":"closed","ping_status":"closed","sticky":false,"template":"","format":"standard","meta":{"_monsterinsights_skip_tracking":false,"_monsterinsights_sitenote_active":false,"_monsterinsights_sitenote_note":"","_monsterinsights_sitenote_category":0,"footnotes":""},"categories":[1,10],"tags":[607,94,850,8724,54],"class_list":["post-27065","post","type-post","status-publish","format-standard","has-post-thumbnail","hentry","category-geral","category-infraenergia","tag-energias-renovaveis","tag-fernando-coelho","tag-geracao-distribuida","tag-mmgd","tag-setor-eletrico"],"yoast_head":"<!-- This site is optimized with the Yoast SEO Premium plugin v25.4 (Yoast SEO v26.0) - https:\/\/yoast.com\/wordpress\/plugins\/seo\/ -->\n<title>Coelho defende que pre\u00e7o de renov\u00e1veis considere investimentos no sistema - Ag\u00eancia iNFRA<\/title>\n<meta name=\"robots\" content=\"index, follow, max-snippet:-1, max-image-preview:large, max-video-preview:-1\" \/>\n<link rel=\"canonical\" href=\"https:\/\/agenciainfra.com\/blog\/coelho-defende-que-preco-de-renovaveis-considere-investimentos-no-sistema\/\" \/>\n<meta property=\"og:locale\" content=\"pt_BR\" \/>\n<meta property=\"og:type\" content=\"article\" \/>\n<meta property=\"og:title\" content=\"Coelho defende que pre\u00e7o de renov\u00e1veis considere investimentos no sistema\" \/>\n<meta property=\"og:description\" content=\"da Ag\u00eancia iNFRA O deputado e ex-ministro de Minas e Energia, Fernando Coelho Filho (Uni\u00e3o-PE), defendeu nesta ter\u00e7a-feira (2) que os custos de investimentos em \u201crobustez\u201d no sistema el\u00e9trico sejam considerados no pre\u00e7o real da energia de fontes renov\u00e1veis. O parlamentar, que relata a MP (Medida Provis\u00f3ria) 1.300, foi questionado sobre as dificuldades de opera\u00e7\u00e3o [&hellip;]\" \/>\n<meta property=\"og:url\" content=\"https:\/\/agenciainfra.com\/blog\/coelho-defende-que-preco-de-renovaveis-considere-investimentos-no-sistema\/\" \/>\n<meta property=\"og:site_name\" content=\"Ag\u00eancia iNFRA\" \/>\n<meta property=\"article:publisher\" content=\"https:\/\/www.facebook.com\/ageninfra\" \/>\n<meta property=\"article:published_time\" content=\"2025-09-02T14:39:28+00:00\" \/>\n<meta property=\"article:modified_time\" content=\"2025-09-03T19:55:30+00:00\" \/>\n<meta property=\"og:image\" content=\"https:\/\/agenciainfra.com\/blog\/wp-content\/uploads\/2025\/07\/mercado-livre-energia-foto-dominio_publico.jpg\" \/>\n\t<meta property=\"og:image:width\" content=\"1280\" \/>\n\t<meta property=\"og:image:height\" content=\"886\" \/>\n\t<meta property=\"og:image:type\" content=\"image\/jpeg\" \/>\n<meta name=\"author\" content=\"Ag\u00eancia iNFRA\" \/>\n<meta name=\"twitter:card\" content=\"summary_large_image\" \/>\n<meta name=\"twitter:creator\" content=\"@agencia_infra\" \/>\n<meta name=\"twitter:site\" content=\"@agencia_infra\" \/>\n<meta name=\"twitter:label1\" content=\"Escrito por\" \/>\n\t<meta name=\"twitter:data1\" content=\"Ag\u00eancia iNFRA\" \/>\n\t<meta name=\"twitter:label2\" content=\"Est. tempo de leitura\" \/>\n\t<meta name=\"twitter:data2\" content=\"1 minuto\" \/>\n<script type=\"application\/ld+json\" class=\"yoast-schema-graph\">{\"@context\":\"https:\/\/schema.org\",\"@graph\":[{\"@type\":\"Article\",\"@id\":\"https:\/\/agenciainfra.com\/blog\/coelho-defende-que-preco-de-renovaveis-considere-investimentos-no-sistema\/#article\",\"isPartOf\":{\"@id\":\"https:\/\/agenciainfra.com\/blog\/coelho-defende-que-preco-de-renovaveis-considere-investimentos-no-sistema\/\"},\"author\":{\"name\":\"Ag\u00eancia iNFRA\",\"@id\":\"https:\/\/agenciainfra.com\/blog\/#\/schema\/person\/34af08dff6adea4cb22b06612ba7acfa\"},\"headline\":\"Coelho defende que pre\u00e7o de renov\u00e1veis considere investimentos no sistema\",\"datePublished\":\"2025-09-02T14:39:28+00:00\",\"dateModified\":\"2025-09-03T19:55:30+00:00\",\"mainEntityOfPage\":{\"@id\":\"https:\/\/agenciainfra.com\/blog\/coelho-defende-que-preco-de-renovaveis-considere-investimentos-no-sistema\/\"},\"wordCount\":289,\"publisher\":{\"@id\":\"https:\/\/agenciainfra.com\/blog\/#organization\"},\"image\":{\"@id\":\"https:\/\/agenciainfra.com\/blog\/coelho-defende-que-preco-de-renovaveis-considere-investimentos-no-sistema\/#primaryimage\"},\"thumbnailUrl\":\"https:\/\/agenciainfra.com\/blog\/wp-content\/uploads\/2025\/07\/mercado-livre-energia-foto-dominio_publico-e1764157404689.jpg\",\"keywords\":[\"energias renov\u00e1veis\",\"Fernando Coelho\",\"gera\u00e7\u00e3o distribu\u00edda\",\"MMGD\",\"Setor El\u00e9trico\"],\"articleSection\":[\"Geral\",\"iNFRAEnergia\"],\"inLanguage\":\"pt-BR\",\"copyrightYear\":\"2025\",\"copyrightHolder\":{\"@id\":\"https:\/\/agenciainfra.com\/blog\/#organization\"}},{\"@type\":\"WebPage\",\"@id\":\"https:\/\/agenciainfra.com\/blog\/coelho-defende-que-preco-de-renovaveis-considere-investimentos-no-sistema\/\",\"url\":\"https:\/\/agenciainfra.com\/blog\/coelho-defende-que-preco-de-renovaveis-considere-investimentos-no-sistema\/\",\"name\":\"Coelho defende que pre\u00e7o de renov\u00e1veis considere investimentos no sistema - Ag\u00eancia iNFRA\",\"isPartOf\":{\"@id\":\"https:\/\/agenciainfra.com\/blog\/#website\"},\"primaryImageOfPage\":{\"@id\":\"https:\/\/agenciainfra.com\/blog\/coelho-defende-que-preco-de-renovaveis-considere-investimentos-no-sistema\/#primaryimage\"},\"image\":{\"@id\":\"https:\/\/agenciainfra.com\/blog\/coelho-defende-que-preco-de-renovaveis-considere-investimentos-no-sistema\/#primaryimage\"},\"thumbnailUrl\":\"https:\/\/agenciainfra.com\/blog\/wp-content\/uploads\/2025\/07\/mercado-livre-energia-foto-dominio_publico-e1764157404689.jpg\",\"datePublished\":\"2025-09-02T14:39:28+00:00\",\"dateModified\":\"2025-09-03T19:55:30+00:00\",\"breadcrumb\":{\"@id\":\"https:\/\/agenciainfra.com\/blog\/coelho-defende-que-preco-de-renovaveis-considere-investimentos-no-sistema\/#breadcrumb\"},\"inLanguage\":\"pt-BR\",\"potentialAction\":[{\"@type\":\"ReadAction\",\"target\":[\"https:\/\/agenciainfra.com\/blog\/coelho-defende-que-preco-de-renovaveis-considere-investimentos-no-sistema\/\"]}]},{\"@type\":\"ImageObject\",\"inLanguage\":\"pt-BR\",\"@id\":\"https:\/\/agenciainfra.com\/blog\/coelho-defende-que-preco-de-renovaveis-considere-investimentos-no-sistema\/#primaryimage\",\"url\":\"https:\/\/agenciainfra.com\/blog\/wp-content\/uploads\/2025\/07\/mercado-livre-energia-foto-dominio_publico-e1764157404689.jpg\",\"contentUrl\":\"https:\/\/agenciainfra.com\/blog\/wp-content\/uploads\/2025\/07\/mercado-livre-energia-foto-dominio_publico-e1764157404689.jpg\",\"width\":1280,\"height\":732,\"caption\":\"Foto: Dom\u00ednio P\u00fablico\"},{\"@type\":\"BreadcrumbList\",\"@id\":\"https:\/\/agenciainfra.com\/blog\/coelho-defende-que-preco-de-renovaveis-considere-investimentos-no-sistema\/#breadcrumb\",\"itemListElement\":[{\"@type\":\"ListItem\",\"position\":1,\"name\":\"In\u00edcio\",\"item\":\"https:\/\/agenciainfra.com\/blog\/\"},{\"@type\":\"ListItem\",\"position\":2,\"name\":\"Coelho defende que pre\u00e7o de renov\u00e1veis considere investimentos no sistema\"}]},{\"@type\":\"WebSite\",\"@id\":\"https:\/\/agenciainfra.com\/blog\/#website\",\"url\":\"https:\/\/agenciainfra.com\/blog\/\",\"name\":\"Ag\u00eancia iNFRA\",\"description\":\"Multiplataforma de informa\u00e7\u00e3o jornal\u00edstica refer\u00eancia na \u00e1rea de infraestrutura no Brasil!\",\"publisher\":{\"@id\":\"https:\/\/agenciainfra.com\/blog\/#organization\"},\"potentialAction\":[{\"@type\":\"SearchAction\",\"target\":{\"@type\":\"EntryPoint\",\"urlTemplate\":\"https:\/\/agenciainfra.com\/blog\/?s={search_term_string}\"},\"query-input\":{\"@type\":\"PropertyValueSpecification\",\"valueRequired\":true,\"valueName\":\"search_term_string\"}}],\"inLanguage\":\"pt-BR\"},{\"@type\":\"Organization\",\"@id\":\"https:\/\/agenciainfra.com\/blog\/#organization\",\"name\":\"Ag\u00eancia iNFRA\",\"url\":\"https:\/\/agenciainfra.com\/blog\/\",\"logo\":{\"@type\":\"ImageObject\",\"inLanguage\":\"pt-BR\",\"@id\":\"https:\/\/agenciainfra.com\/blog\/#\/schema\/logo\/image\/\",\"url\":\"https:\/\/agenciainfra.com\/blog\/wp-content\/uploads\/2023\/09\/iNFRA_5-e1761735885940.png\",\"contentUrl\":\"https:\/\/agenciainfra.com\/blog\/wp-content\/uploads\/2023\/09\/iNFRA_5-e1761735885940.png\",\"width\":1672,\"height\":454,\"caption\":\"Ag\u00eancia iNFRA\"},\"image\":{\"@id\":\"https:\/\/agenciainfra.com\/blog\/#\/schema\/logo\/image\/\"},\"sameAs\":[\"https:\/\/www.facebook.com\/ageninfra\",\"https:\/\/x.com\/agencia_infra\",\"https:\/\/www.linkedin.com\/company\/ag\u00eanciainfra\/\",\"https:\/\/www.instagram.com\/agenciainfra\/\"]},{\"@type\":\"Person\",\"@id\":\"https:\/\/agenciainfra.com\/blog\/#\/schema\/person\/34af08dff6adea4cb22b06612ba7acfa\",\"name\":\"Ag\u00eancia iNFRA\",\"image\":{\"@type\":\"ImageObject\",\"inLanguage\":\"pt-BR\",\"@id\":\"https:\/\/agenciainfra.com\/blog\/#\/schema\/person\/image\/\",\"url\":\"https:\/\/secure.gravatar.com\/avatar\/d189e01678f06d8eb84d4e01f08eb848b3fffe3f8443818d3c356c66892f5be8?s=96&d=mm&r=g\",\"contentUrl\":\"https:\/\/secure.gravatar.com\/avatar\/d189e01678f06d8eb84d4e01f08eb848b3fffe3f8443818d3c356c66892f5be8?s=96&d=mm&r=g\",\"caption\":\"Ag\u00eancia iNFRA\"},\"url\":\"https:\/\/agenciainfra.com\/blog\/author\/admin\/\"}]}<\/script>\n<!-- \/ Yoast SEO Premium plugin. -->","yoast_head_json":{"title":"Coelho defende que pre\u00e7o de renov\u00e1veis considere investimentos no sistema - Ag\u00eancia iNFRA","robots":{"index":"index","follow":"follow","max-snippet":"max-snippet:-1","max-image-preview":"max-image-preview:large","max-video-preview":"max-video-preview:-1"},"canonical":"https:\/\/agenciainfra.com\/blog\/coelho-defende-que-preco-de-renovaveis-considere-investimentos-no-sistema\/","og_locale":"pt_BR","og_type":"article","og_title":"Coelho defende que pre\u00e7o de renov\u00e1veis considere investimentos no sistema","og_description":"da Ag\u00eancia iNFRA O deputado e ex-ministro de Minas e Energia, Fernando Coelho Filho (Uni\u00e3o-PE), defendeu nesta ter\u00e7a-feira (2) que os custos de investimentos em \u201crobustez\u201d no sistema el\u00e9trico sejam considerados no pre\u00e7o real da energia de fontes renov\u00e1veis. O parlamentar, que relata a MP (Medida Provis\u00f3ria) 1.300, foi questionado sobre as dificuldades de opera\u00e7\u00e3o [&hellip;]","og_url":"https:\/\/agenciainfra.com\/blog\/coelho-defende-que-preco-de-renovaveis-considere-investimentos-no-sistema\/","og_site_name":"Ag\u00eancia iNFRA","article_publisher":"https:\/\/www.facebook.com\/ageninfra","article_published_time":"2025-09-02T14:39:28+00:00","article_modified_time":"2025-09-03T19:55:30+00:00","og_image":[{"width":1280,"height":886,"url":"https:\/\/agenciainfra.com\/blog\/wp-content\/uploads\/2025\/07\/mercado-livre-energia-foto-dominio_publico.jpg","type":"image\/jpeg"}],"author":"Ag\u00eancia iNFRA","twitter_card":"summary_large_image","twitter_creator":"@agencia_infra","twitter_site":"@agencia_infra","twitter_misc":{"Escrito por":"Ag\u00eancia iNFRA","Est. tempo de leitura":"1 minuto"},"schema":{"@context":"https:\/\/schema.org","@graph":[{"@type":"Article","@id":"https:\/\/agenciainfra.com\/blog\/coelho-defende-que-preco-de-renovaveis-considere-investimentos-no-sistema\/#article","isPartOf":{"@id":"https:\/\/agenciainfra.com\/blog\/coelho-defende-que-preco-de-renovaveis-considere-investimentos-no-sistema\/"},"author":{"name":"Ag\u00eancia iNFRA","@id":"https:\/\/agenciainfra.com\/blog\/#\/schema\/person\/34af08dff6adea4cb22b06612ba7acfa"},"headline":"Coelho defende que pre\u00e7o de renov\u00e1veis considere investimentos no sistema","datePublished":"2025-09-02T14:39:28+00:00","dateModified":"2025-09-03T19:55:30+00:00","mainEntityOfPage":{"@id":"https:\/\/agenciainfra.com\/blog\/coelho-defende-que-preco-de-renovaveis-considere-investimentos-no-sistema\/"},"wordCount":289,"publisher":{"@id":"https:\/\/agenciainfra.com\/blog\/#organization"},"image":{"@id":"https:\/\/agenciainfra.com\/blog\/coelho-defende-que-preco-de-renovaveis-considere-investimentos-no-sistema\/#primaryimage"},"thumbnailUrl":"https:\/\/agenciainfra.com\/blog\/wp-content\/uploads\/2025\/07\/mercado-livre-energia-foto-dominio_publico-e1764157404689.jpg","keywords":["energias renov\u00e1veis","Fernando Coelho","gera\u00e7\u00e3o distribu\u00edda","MMGD","Setor El\u00e9trico"],"articleSection":["Geral","iNFRAEnergia"],"inLanguage":"pt-BR","copyrightYear":"2025","copyrightHolder":{"@id":"https:\/\/agenciainfra.com\/blog\/#organization"}},{"@type":"WebPage","@id":"https:\/\/agenciainfra.com\/blog\/coelho-defende-que-preco-de-renovaveis-considere-investimentos-no-sistema\/","url":"https:\/\/agenciainfra.com\/blog\/coelho-defende-que-preco-de-renovaveis-considere-investimentos-no-sistema\/","name":"Coelho defende que pre\u00e7o de renov\u00e1veis considere investimentos no sistema - Ag\u00eancia iNFRA","isPartOf":{"@id":"https:\/\/agenciainfra.com\/blog\/#website"},"primaryImageOfPage":{"@id":"https:\/\/agenciainfra.com\/blog\/coelho-defende-que-preco-de-renovaveis-considere-investimentos-no-sistema\/#primaryimage"},"image":{"@id":"https:\/\/agenciainfra.com\/blog\/coelho-defende-que-preco-de-renovaveis-considere-investimentos-no-sistema\/#primaryimage"},"thumbnailUrl":"https:\/\/agenciainfra.com\/blog\/wp-content\/uploads\/2025\/07\/mercado-livre-energia-foto-dominio_publico-e1764157404689.jpg","datePublished":"2025-09-02T14:39:28+00:00","dateModified":"2025-09-03T19:55:30+00:00","breadcrumb":{"@id":"https:\/\/agenciainfra.com\/blog\/coelho-defende-que-preco-de-renovaveis-considere-investimentos-no-sistema\/#breadcrumb"},"inLanguage":"pt-BR","potentialAction":[{"@type":"ReadAction","target":["https:\/\/agenciainfra.com\/blog\/coelho-defende-que-preco-de-renovaveis-considere-investimentos-no-sistema\/"]}]},{"@type":"ImageObject","inLanguage":"pt-BR","@id":"https:\/\/agenciainfra.com\/blog\/coelho-defende-que-preco-de-renovaveis-considere-investimentos-no-sistema\/#primaryimage","url":"https:\/\/agenciainfra.com\/blog\/wp-content\/uploads\/2025\/07\/mercado-livre-energia-foto-dominio_publico-e1764157404689.jpg","contentUrl":"https:\/\/agenciainfra.com\/blog\/wp-content\/uploads\/2025\/07\/mercado-livre-energia-foto-dominio_publico-e1764157404689.jpg","width":1280,"height":732,"caption":"Foto: Dom\u00ednio P\u00fablico"},{"@type":"BreadcrumbList","@id":"https:\/\/agenciainfra.com\/blog\/coelho-defende-que-preco-de-renovaveis-considere-investimentos-no-sistema\/#breadcrumb","itemListElement":[{"@type":"ListItem","position":1,"name":"In\u00edcio","item":"https:\/\/agenciainfra.com\/blog\/"},{"@type":"ListItem","position":2,"name":"Coelho defende que pre\u00e7o de renov\u00e1veis considere investimentos no sistema"}]},{"@type":"WebSite","@id":"https:\/\/agenciainfra.com\/blog\/#website","url":"https:\/\/agenciainfra.com\/blog\/","name":"Ag\u00eancia iNFRA","description":"Multiplataforma de informa\u00e7\u00e3o jornal\u00edstica refer\u00eancia na \u00e1rea de infraestrutura no Brasil!","publisher":{"@id":"https:\/\/agenciainfra.com\/blog\/#organization"},"potentialAction":[{"@type":"SearchAction","target":{"@type":"EntryPoint","urlTemplate":"https:\/\/agenciainfra.com\/blog\/?s={search_term_string}"},"query-input":{"@type":"PropertyValueSpecification","valueRequired":true,"valueName":"search_term_string"}}],"inLanguage":"pt-BR"},{"@type":"Organization","@id":"https:\/\/agenciainfra.com\/blog\/#organization","name":"Ag\u00eancia iNFRA","url":"https:\/\/agenciainfra.com\/blog\/","logo":{"@type":"ImageObject","inLanguage":"pt-BR","@id":"https:\/\/agenciainfra.com\/blog\/#\/schema\/logo\/image\/","url":"https:\/\/agenciainfra.com\/blog\/wp-content\/uploads\/2023\/09\/iNFRA_5-e1761735885940.png","contentUrl":"https:\/\/agenciainfra.com\/blog\/wp-content\/uploads\/2023\/09\/iNFRA_5-e1761735885940.png","width":1672,"height":454,"caption":"Ag\u00eancia iNFRA"},"image":{"@id":"https:\/\/agenciainfra.com\/blog\/#\/schema\/logo\/image\/"},"sameAs":["https:\/\/www.facebook.com\/ageninfra","https:\/\/x.com\/agencia_infra","https:\/\/www.linkedin.com\/company\/ag\u00eanciainfra\/","https:\/\/www.instagram.com\/agenciainfra\/"]},{"@type":"Person","@id":"https:\/\/agenciainfra.com\/blog\/#\/schema\/person\/34af08dff6adea4cb22b06612ba7acfa","name":"Ag\u00eancia iNFRA","image":{"@type":"ImageObject","inLanguage":"pt-BR","@id":"https:\/\/agenciainfra.com\/blog\/#\/schema\/person\/image\/","url":"https:\/\/secure.gravatar.com\/avatar\/d189e01678f06d8eb84d4e01f08eb848b3fffe3f8443818d3c356c66892f5be8?s=96&d=mm&r=g","contentUrl":"https:\/\/secure.gravatar.com\/avatar\/d189e01678f06d8eb84d4e01f08eb848b3fffe3f8443818d3c356c66892f5be8?s=96&d=mm&r=g","caption":"Ag\u00eancia iNFRA"},"url":"https:\/\/agenciainfra.com\/blog\/author\/admin\/"}]}},"_links":{"self":[{"href":"https:\/\/agenciainfra.com\/blog\/wp-json\/wp\/v2\/posts\/27065","targetHints":{"allow":["GET"]}}],"collection":[{"href":"https:\/\/agenciainfra.com\/blog\/wp-json\/wp\/v2\/posts"}],"about":[{"href":"https:\/\/agenciainfra.com\/blog\/wp-json\/wp\/v2\/types\/post"}],"author":[{"embeddable":true,"href":"https:\/\/agenciainfra.com\/blog\/wp-json\/wp\/v2\/users\/1"}],"replies":[{"embeddable":true,"href":"https:\/\/agenciainfra.com\/blog\/wp-json\/wp\/v2\/comments?post=27065"}],"version-history":[{"count":1,"href":"https:\/\/agenciainfra.com\/blog\/wp-json\/wp\/v2\/posts\/27065\/revisions"}],"predecessor-version":[{"id":27067,"href":"https:\/\/agenciainfra.com\/blog\/wp-json\/wp\/v2\/posts\/27065\/revisions\/27067"}],"wp:featuredmedia":[{"embeddable":true,"href":"https:\/\/agenciainfra.com\/blog\/wp-json\/wp\/v2\/media\/24921"}],"wp:attachment":[{"href":"https:\/\/agenciainfra.com\/blog\/wp-json\/wp\/v2\/media?parent=27065"}],"wp:term":[{"taxonomy":"category","embeddable":true,"href":"https:\/\/agenciainfra.com\/blog\/wp-json\/wp\/v2\/categories?post=27065"},{"taxonomy":"post_tag","embeddable":true,"href":"https:\/\/agenciainfra.com\/blog\/wp-json\/wp\/v2\/tags?post=27065"}],"curies":[{"name":"wp","href":"https:\/\/api.w.org\/{rel}","templated":true}]}}