{"id":27107,"date":"2025-09-02T20:23:48","date_gmt":"2025-09-02T23:23:48","guid":{"rendered":"https:\/\/agenciainfra.com\/blog\/?p=27107"},"modified":"2025-09-02T20:23:51","modified_gmt":"2025-09-02T23:23:51","slug":"mpor-e-federacoes-portuarias-firmam-acordo-entre-trabalhadores-e-setor-produtivo","status":"publish","type":"post","link":"https:\/\/agenciainfra.com\/blog\/mpor-e-federacoes-portuarias-firmam-acordo-entre-trabalhadores-e-setor-produtivo\/","title":{"rendered":"MPor e federa\u00e7\u00f5es portu\u00e1rias firmam acordo entre trabalhadores e setor produtivo"},"content":{"rendered":"\n<p class=\"has-text-align-right\"><strong>da Ag\u00eancia iNFRA<\/strong><\/p>\n\n\n\n<p>O MPor (Minist\u00e9rio de Portos e Aeroportos) mediou, nesta ter\u00e7a-feira (2), a assinatura do primeiro memorando de entendimento entre federa\u00e7\u00f5es de trabalhadores e operadores portu\u00e1rios com o setor produtivo. O acordo re\u00fane propostas conjuntas sobre temas laborais em discuss\u00e3o no <a href=\"https:\/\/www.camara.leg.br\/proposicoesWeb\/fichadetramitacao?idProposicao=2485830\">PL (Projeto de Lei) 733\/2025<\/a>, como a defini\u00e7\u00e3o de atividades portu\u00e1rias, certifica\u00e7\u00e3o profissional e crit\u00e9rios de contrata\u00e7\u00e3o.<\/p>\n\n\n\n<p>O documento prev\u00ea atua\u00e7\u00e3o coordenada na defesa dos pontos acordados junto ao governo, ao Congresso e \u00e0 sociedade. Tamb\u00e9m inclui regras sobre negocia\u00e7\u00e3o coletiva e contrata\u00e7\u00e3o de trabalhadores com v\u00ednculo empregat\u00edcio. O objetivo \u00e9 subsidiar o Executivo e o Legislativo com sugest\u00f5es debatidas entre os setores, e posteriormente encaminhar as propostas \u00e0 comiss\u00e3o especial que analisa o PL na C\u00e2mara dos Deputados.<\/p>\n\n\n\n<p>\u201cEste \u00e9 um trabalho coletivo em que todos n\u00f3s ganhamos. Ganha o Brasil com esse entendimento. Cada vez mais eu tenho admira\u00e7\u00e3o pelo setor portu\u00e1rio brasileiro, pois \u00e9 um setor que gera emprego, gera renda e movimenta a economia. Este momento vai ficar marcado na hist\u00f3ria do setor portu\u00e1rio brasileiro\u201d, destacou o ministro Silvio Costa Filho. Ele participou da solenidade ao lado do secret\u00e1rio nacional de Portos, Alex \u00c1vila, e da diretora de Gest\u00e3o e Moderniza\u00e7\u00e3o Portu\u00e1ria, Ana Bomfim.<\/p>\n\n\n\n<p>Para o presidente da Fenop, S\u00e9rgio Aquino, o consenso \u00e9 hist\u00f3rico. \u201cUm acordo dessa magnitude n\u00e3o ocorre sem que todos os envolvidos estejam absolutamente comprometidos. Nunca na hist\u00f3ria do sistema portu\u00e1rio brasileiro havia sido poss\u00edvel um entendimento assinado pelo setor empresarial e pelo setor laboral sobre textos de legisla\u00e7\u00e3o. \u00c9 um dia hist\u00f3rico\u201d, declarou.&nbsp;<\/p>\n\n\n\n<p><\/p>\n","protected":false},"excerpt":{"rendered":"<p>da Ag\u00eancia iNFRA O MPor (Minist\u00e9rio de Portos e Aeroportos) mediou, nesta ter\u00e7a-feira (2), a assinatura do primeiro memorando de entendimento entre federa\u00e7\u00f5es de trabalhadores e operadores portu\u00e1rios com o setor produtivo. O acordo re\u00fane propostas conjuntas sobre temas laborais em discuss\u00e3o no PL (Projeto de Lei) 733\/2025, como a defini\u00e7\u00e3o de atividades portu\u00e1rias, certifica\u00e7\u00e3o [&hellip;]<\/p>\n","protected":false},"author":1,"featured_media":27109,"comment_status":"closed","ping_status":"closed","sticky":false,"template":"","format":"standard","meta":{"_monsterinsights_skip_tracking":false,"_monsterinsights_sitenote_active":false,"_monsterinsights_sitenote_note":"","_monsterinsights_sitenote_category":0,"footnotes":""},"categories":[1,13576],"tags":[308,6257,12990,7467,5239],"class_list":["post-27107","post","type-post","status-publish","format-standard","has-post-thumbnail","hentry","category-geral","category-giro-infra","tag-lei-dos-portos","tag-ministerio-de-portos-e-aeroportos","tag-pl-733-2025","tag-silvio-costa-filho","tag-trabalhadores-portuarios"],"yoast_head":"<!-- This site is optimized with the Yoast SEO Premium plugin v25.4 (Yoast SEO v26.0) - https:\/\/yoast.com\/wordpress\/plugins\/seo\/ -->\n<title>MPor e federa\u00e7\u00f5es portu\u00e1rias firmam acordo entre trabalhadores e setor produtivo - Ag\u00eancia iNFRA<\/title>\n<meta name=\"robots\" content=\"index, follow, max-snippet:-1, max-image-preview:large, max-video-preview:-1\" \/>\n<link rel=\"canonical\" href=\"https:\/\/agenciainfra.com\/blog\/mpor-e-federacoes-portuarias-firmam-acordo-entre-trabalhadores-e-setor-produtivo\/\" \/>\n<meta property=\"og:locale\" content=\"pt_BR\" \/>\n<meta property=\"og:type\" content=\"article\" \/>\n<meta property=\"og:title\" content=\"MPor e federa\u00e7\u00f5es portu\u00e1rias firmam acordo entre trabalhadores e setor produtivo\" \/>\n<meta property=\"og:description\" content=\"da Ag\u00eancia iNFRA O MPor (Minist\u00e9rio de Portos e Aeroportos) mediou, nesta ter\u00e7a-feira (2), a assinatura do primeiro memorando de entendimento entre federa\u00e7\u00f5es de trabalhadores e operadores portu\u00e1rios com o setor produtivo. O acordo re\u00fane propostas conjuntas sobre temas laborais em discuss\u00e3o no PL (Projeto de Lei) 733\/2025, como a defini\u00e7\u00e3o de atividades portu\u00e1rias, certifica\u00e7\u00e3o [&hellip;]\" \/>\n<meta property=\"og:url\" content=\"https:\/\/agenciainfra.com\/blog\/mpor-e-federacoes-portuarias-firmam-acordo-entre-trabalhadores-e-setor-produtivo\/\" \/>\n<meta property=\"og:site_name\" content=\"Ag\u00eancia iNFRA\" \/>\n<meta property=\"article:publisher\" content=\"https:\/\/www.facebook.com\/ageninfra\" \/>\n<meta property=\"article:published_time\" content=\"2025-09-02T23:23:48+00:00\" \/>\n<meta property=\"article:modified_time\" content=\"2025-09-02T23:23:51+00:00\" \/>\n<meta property=\"og:image\" content=\"https:\/\/agenciainfra.com\/blog\/wp-content\/uploads\/2025\/09\/Foto-Vosmar-Rosa-MPor.jpeg\" \/>\n\t<meta property=\"og:image:width\" content=\"768\" \/>\n\t<meta property=\"og:image:height\" content=\"511\" \/>\n\t<meta property=\"og:image:type\" content=\"image\/jpeg\" \/>\n<meta name=\"author\" content=\"Ag\u00eancia iNFRA\" \/>\n<meta name=\"twitter:card\" content=\"summary_large_image\" \/>\n<meta name=\"twitter:creator\" content=\"@agencia_infra\" \/>\n<meta name=\"twitter:site\" content=\"@agencia_infra\" \/>\n<meta name=\"twitter:label1\" content=\"Escrito por\" \/>\n\t<meta name=\"twitter:data1\" content=\"Ag\u00eancia iNFRA\" \/>\n\t<meta name=\"twitter:label2\" content=\"Est. tempo de leitura\" \/>\n\t<meta name=\"twitter:data2\" content=\"1 minuto\" \/>\n<script type=\"application\/ld+json\" class=\"yoast-schema-graph\">{\"@context\":\"https:\/\/schema.org\",\"@graph\":[{\"@type\":\"Article\",\"@id\":\"https:\/\/agenciainfra.com\/blog\/mpor-e-federacoes-portuarias-firmam-acordo-entre-trabalhadores-e-setor-produtivo\/#article\",\"isPartOf\":{\"@id\":\"https:\/\/agenciainfra.com\/blog\/mpor-e-federacoes-portuarias-firmam-acordo-entre-trabalhadores-e-setor-produtivo\/\"},\"author\":{\"name\":\"Ag\u00eancia iNFRA\",\"@id\":\"https:\/\/agenciainfra.com\/blog\/#\/schema\/person\/34af08dff6adea4cb22b06612ba7acfa\"},\"headline\":\"MPor e federa\u00e7\u00f5es portu\u00e1rias firmam acordo entre trabalhadores e setor produtivo\",\"datePublished\":\"2025-09-02T23:23:48+00:00\",\"dateModified\":\"2025-09-02T23:23:51+00:00\",\"mainEntityOfPage\":{\"@id\":\"https:\/\/agenciainfra.com\/blog\/mpor-e-federacoes-portuarias-firmam-acordo-entre-trabalhadores-e-setor-produtivo\/\"},\"wordCount\":298,\"publisher\":{\"@id\":\"https:\/\/agenciainfra.com\/blog\/#organization\"},\"image\":{\"@id\":\"https:\/\/agenciainfra.com\/blog\/mpor-e-federacoes-portuarias-firmam-acordo-entre-trabalhadores-e-setor-produtivo\/#primaryimage\"},\"thumbnailUrl\":\"https:\/\/agenciainfra.com\/blog\/wp-content\/uploads\/2025\/09\/Foto-Vosmar-Rosa-MPor.jpeg\",\"keywords\":[\"Lei dos Portos\",\"Minist\u00e9rio de Portos e Aeroportos\",\"PL 733\/2025\",\"Silvio Costa Filho\",\"trabalhadores portu\u00e1rios\"],\"articleSection\":[\"Geral\",\"Giro iNFRA\"],\"inLanguage\":\"pt-BR\",\"copyrightYear\":\"2025\",\"copyrightHolder\":{\"@id\":\"https:\/\/agenciainfra.com\/blog\/#organization\"}},{\"@type\":\"WebPage\",\"@id\":\"https:\/\/agenciainfra.com\/blog\/mpor-e-federacoes-portuarias-firmam-acordo-entre-trabalhadores-e-setor-produtivo\/\",\"url\":\"https:\/\/agenciainfra.com\/blog\/mpor-e-federacoes-portuarias-firmam-acordo-entre-trabalhadores-e-setor-produtivo\/\",\"name\":\"MPor e federa\u00e7\u00f5es portu\u00e1rias firmam acordo entre trabalhadores e setor produtivo - Ag\u00eancia iNFRA\",\"isPartOf\":{\"@id\":\"https:\/\/agenciainfra.com\/blog\/#website\"},\"primaryImageOfPage\":{\"@id\":\"https:\/\/agenciainfra.com\/blog\/mpor-e-federacoes-portuarias-firmam-acordo-entre-trabalhadores-e-setor-produtivo\/#primaryimage\"},\"image\":{\"@id\":\"https:\/\/agenciainfra.com\/blog\/mpor-e-federacoes-portuarias-firmam-acordo-entre-trabalhadores-e-setor-produtivo\/#primaryimage\"},\"thumbnailUrl\":\"https:\/\/agenciainfra.com\/blog\/wp-content\/uploads\/2025\/09\/Foto-Vosmar-Rosa-MPor.jpeg\",\"datePublished\":\"2025-09-02T23:23:48+00:00\",\"dateModified\":\"2025-09-02T23:23:51+00:00\",\"breadcrumb\":{\"@id\":\"https:\/\/agenciainfra.com\/blog\/mpor-e-federacoes-portuarias-firmam-acordo-entre-trabalhadores-e-setor-produtivo\/#breadcrumb\"},\"inLanguage\":\"pt-BR\",\"potentialAction\":[{\"@type\":\"ReadAction\",\"target\":[\"https:\/\/agenciainfra.com\/blog\/mpor-e-federacoes-portuarias-firmam-acordo-entre-trabalhadores-e-setor-produtivo\/\"]}]},{\"@type\":\"ImageObject\",\"inLanguage\":\"pt-BR\",\"@id\":\"https:\/\/agenciainfra.com\/blog\/mpor-e-federacoes-portuarias-firmam-acordo-entre-trabalhadores-e-setor-produtivo\/#primaryimage\",\"url\":\"https:\/\/agenciainfra.com\/blog\/wp-content\/uploads\/2025\/09\/Foto-Vosmar-Rosa-MPor.jpeg\",\"contentUrl\":\"https:\/\/agenciainfra.com\/blog\/wp-content\/uploads\/2025\/09\/Foto-Vosmar-Rosa-MPor.jpeg\",\"width\":768,\"height\":511,\"caption\":\"Foto: Vosmar Rosa\/MPor\"},{\"@type\":\"BreadcrumbList\",\"@id\":\"https:\/\/agenciainfra.com\/blog\/mpor-e-federacoes-portuarias-firmam-acordo-entre-trabalhadores-e-setor-produtivo\/#breadcrumb\",\"itemListElement\":[{\"@type\":\"ListItem\",\"position\":1,\"name\":\"In\u00edcio\",\"item\":\"https:\/\/agenciainfra.com\/blog\/\"},{\"@type\":\"ListItem\",\"position\":2,\"name\":\"MPor e federa\u00e7\u00f5es portu\u00e1rias firmam acordo entre trabalhadores e setor produtivo\"}]},{\"@type\":\"WebSite\",\"@id\":\"https:\/\/agenciainfra.com\/blog\/#website\",\"url\":\"https:\/\/agenciainfra.com\/blog\/\",\"name\":\"Ag\u00eancia iNFRA\",\"description\":\"Multiplataforma de informa\u00e7\u00e3o jornal\u00edstica refer\u00eancia na \u00e1rea de infraestrutura no Brasil!\",\"publisher\":{\"@id\":\"https:\/\/agenciainfra.com\/blog\/#organization\"},\"potentialAction\":[{\"@type\":\"SearchAction\",\"target\":{\"@type\":\"EntryPoint\",\"urlTemplate\":\"https:\/\/agenciainfra.com\/blog\/?s={search_term_string}\"},\"query-input\":{\"@type\":\"PropertyValueSpecification\",\"valueRequired\":true,\"valueName\":\"search_term_string\"}}],\"inLanguage\":\"pt-BR\"},{\"@type\":\"Organization\",\"@id\":\"https:\/\/agenciainfra.com\/blog\/#organization\",\"name\":\"Ag\u00eancia iNFRA\",\"url\":\"https:\/\/agenciainfra.com\/blog\/\",\"logo\":{\"@type\":\"ImageObject\",\"inLanguage\":\"pt-BR\",\"@id\":\"https:\/\/agenciainfra.com\/blog\/#\/schema\/logo\/image\/\",\"url\":\"https:\/\/agenciainfra.com\/blog\/wp-content\/uploads\/2023\/09\/iNFRA_5-e1761735885940.png\",\"contentUrl\":\"https:\/\/agenciainfra.com\/blog\/wp-content\/uploads\/2023\/09\/iNFRA_5-e1761735885940.png\",\"width\":1672,\"height\":454,\"caption\":\"Ag\u00eancia iNFRA\"},\"image\":{\"@id\":\"https:\/\/agenciainfra.com\/blog\/#\/schema\/logo\/image\/\"},\"sameAs\":[\"https:\/\/www.facebook.com\/ageninfra\",\"https:\/\/x.com\/agencia_infra\",\"https:\/\/www.linkedin.com\/company\/ag\u00eanciainfra\/\",\"https:\/\/www.instagram.com\/agenciainfra\/\"]},{\"@type\":\"Person\",\"@id\":\"https:\/\/agenciainfra.com\/blog\/#\/schema\/person\/34af08dff6adea4cb22b06612ba7acfa\",\"name\":\"Ag\u00eancia iNFRA\",\"image\":{\"@type\":\"ImageObject\",\"inLanguage\":\"pt-BR\",\"@id\":\"https:\/\/agenciainfra.com\/blog\/#\/schema\/person\/image\/\",\"url\":\"https:\/\/secure.gravatar.com\/avatar\/d189e01678f06d8eb84d4e01f08eb848b3fffe3f8443818d3c356c66892f5be8?s=96&d=mm&r=g\",\"contentUrl\":\"https:\/\/secure.gravatar.com\/avatar\/d189e01678f06d8eb84d4e01f08eb848b3fffe3f8443818d3c356c66892f5be8?s=96&d=mm&r=g\",\"caption\":\"Ag\u00eancia iNFRA\"},\"url\":\"https:\/\/agenciainfra.com\/blog\/author\/admin\/\"}]}<\/script>\n<!-- \/ Yoast SEO Premium plugin. -->","yoast_head_json":{"title":"MPor e federa\u00e7\u00f5es portu\u00e1rias firmam acordo entre trabalhadores e setor produtivo - Ag\u00eancia iNFRA","robots":{"index":"index","follow":"follow","max-snippet":"max-snippet:-1","max-image-preview":"max-image-preview:large","max-video-preview":"max-video-preview:-1"},"canonical":"https:\/\/agenciainfra.com\/blog\/mpor-e-federacoes-portuarias-firmam-acordo-entre-trabalhadores-e-setor-produtivo\/","og_locale":"pt_BR","og_type":"article","og_title":"MPor e federa\u00e7\u00f5es portu\u00e1rias firmam acordo entre trabalhadores e setor produtivo","og_description":"da Ag\u00eancia iNFRA O MPor (Minist\u00e9rio de Portos e Aeroportos) mediou, nesta ter\u00e7a-feira (2), a assinatura do primeiro memorando de entendimento entre federa\u00e7\u00f5es de trabalhadores e operadores portu\u00e1rios com o setor produtivo. O acordo re\u00fane propostas conjuntas sobre temas laborais em discuss\u00e3o no PL (Projeto de Lei) 733\/2025, como a defini\u00e7\u00e3o de atividades portu\u00e1rias, certifica\u00e7\u00e3o [&hellip;]","og_url":"https:\/\/agenciainfra.com\/blog\/mpor-e-federacoes-portuarias-firmam-acordo-entre-trabalhadores-e-setor-produtivo\/","og_site_name":"Ag\u00eancia iNFRA","article_publisher":"https:\/\/www.facebook.com\/ageninfra","article_published_time":"2025-09-02T23:23:48+00:00","article_modified_time":"2025-09-02T23:23:51+00:00","og_image":[{"width":768,"height":511,"url":"https:\/\/agenciainfra.com\/blog\/wp-content\/uploads\/2025\/09\/Foto-Vosmar-Rosa-MPor.jpeg","type":"image\/jpeg"}],"author":"Ag\u00eancia iNFRA","twitter_card":"summary_large_image","twitter_creator":"@agencia_infra","twitter_site":"@agencia_infra","twitter_misc":{"Escrito por":"Ag\u00eancia iNFRA","Est. tempo de leitura":"1 minuto"},"schema":{"@context":"https:\/\/schema.org","@graph":[{"@type":"Article","@id":"https:\/\/agenciainfra.com\/blog\/mpor-e-federacoes-portuarias-firmam-acordo-entre-trabalhadores-e-setor-produtivo\/#article","isPartOf":{"@id":"https:\/\/agenciainfra.com\/blog\/mpor-e-federacoes-portuarias-firmam-acordo-entre-trabalhadores-e-setor-produtivo\/"},"author":{"name":"Ag\u00eancia iNFRA","@id":"https:\/\/agenciainfra.com\/blog\/#\/schema\/person\/34af08dff6adea4cb22b06612ba7acfa"},"headline":"MPor e federa\u00e7\u00f5es portu\u00e1rias firmam acordo entre trabalhadores e setor produtivo","datePublished":"2025-09-02T23:23:48+00:00","dateModified":"2025-09-02T23:23:51+00:00","mainEntityOfPage":{"@id":"https:\/\/agenciainfra.com\/blog\/mpor-e-federacoes-portuarias-firmam-acordo-entre-trabalhadores-e-setor-produtivo\/"},"wordCount":298,"publisher":{"@id":"https:\/\/agenciainfra.com\/blog\/#organization"},"image":{"@id":"https:\/\/agenciainfra.com\/blog\/mpor-e-federacoes-portuarias-firmam-acordo-entre-trabalhadores-e-setor-produtivo\/#primaryimage"},"thumbnailUrl":"https:\/\/agenciainfra.com\/blog\/wp-content\/uploads\/2025\/09\/Foto-Vosmar-Rosa-MPor.jpeg","keywords":["Lei dos Portos","Minist\u00e9rio de Portos e Aeroportos","PL 733\/2025","Silvio Costa Filho","trabalhadores portu\u00e1rios"],"articleSection":["Geral","Giro iNFRA"],"inLanguage":"pt-BR","copyrightYear":"2025","copyrightHolder":{"@id":"https:\/\/agenciainfra.com\/blog\/#organization"}},{"@type":"WebPage","@id":"https:\/\/agenciainfra.com\/blog\/mpor-e-federacoes-portuarias-firmam-acordo-entre-trabalhadores-e-setor-produtivo\/","url":"https:\/\/agenciainfra.com\/blog\/mpor-e-federacoes-portuarias-firmam-acordo-entre-trabalhadores-e-setor-produtivo\/","name":"MPor e federa\u00e7\u00f5es portu\u00e1rias firmam acordo entre trabalhadores e setor produtivo - Ag\u00eancia iNFRA","isPartOf":{"@id":"https:\/\/agenciainfra.com\/blog\/#website"},"primaryImageOfPage":{"@id":"https:\/\/agenciainfra.com\/blog\/mpor-e-federacoes-portuarias-firmam-acordo-entre-trabalhadores-e-setor-produtivo\/#primaryimage"},"image":{"@id":"https:\/\/agenciainfra.com\/blog\/mpor-e-federacoes-portuarias-firmam-acordo-entre-trabalhadores-e-setor-produtivo\/#primaryimage"},"thumbnailUrl":"https:\/\/agenciainfra.com\/blog\/wp-content\/uploads\/2025\/09\/Foto-Vosmar-Rosa-MPor.jpeg","datePublished":"2025-09-02T23:23:48+00:00","dateModified":"2025-09-02T23:23:51+00:00","breadcrumb":{"@id":"https:\/\/agenciainfra.com\/blog\/mpor-e-federacoes-portuarias-firmam-acordo-entre-trabalhadores-e-setor-produtivo\/#breadcrumb"},"inLanguage":"pt-BR","potentialAction":[{"@type":"ReadAction","target":["https:\/\/agenciainfra.com\/blog\/mpor-e-federacoes-portuarias-firmam-acordo-entre-trabalhadores-e-setor-produtivo\/"]}]},{"@type":"ImageObject","inLanguage":"pt-BR","@id":"https:\/\/agenciainfra.com\/blog\/mpor-e-federacoes-portuarias-firmam-acordo-entre-trabalhadores-e-setor-produtivo\/#primaryimage","url":"https:\/\/agenciainfra.com\/blog\/wp-content\/uploads\/2025\/09\/Foto-Vosmar-Rosa-MPor.jpeg","contentUrl":"https:\/\/agenciainfra.com\/blog\/wp-content\/uploads\/2025\/09\/Foto-Vosmar-Rosa-MPor.jpeg","width":768,"height":511,"caption":"Foto: Vosmar Rosa\/MPor"},{"@type":"BreadcrumbList","@id":"https:\/\/agenciainfra.com\/blog\/mpor-e-federacoes-portuarias-firmam-acordo-entre-trabalhadores-e-setor-produtivo\/#breadcrumb","itemListElement":[{"@type":"ListItem","position":1,"name":"In\u00edcio","item":"https:\/\/agenciainfra.com\/blog\/"},{"@type":"ListItem","position":2,"name":"MPor e federa\u00e7\u00f5es portu\u00e1rias firmam acordo entre trabalhadores e setor produtivo"}]},{"@type":"WebSite","@id":"https:\/\/agenciainfra.com\/blog\/#website","url":"https:\/\/agenciainfra.com\/blog\/","name":"Ag\u00eancia iNFRA","description":"Multiplataforma de informa\u00e7\u00e3o jornal\u00edstica refer\u00eancia na \u00e1rea de infraestrutura no Brasil!","publisher":{"@id":"https:\/\/agenciainfra.com\/blog\/#organization"},"potentialAction":[{"@type":"SearchAction","target":{"@type":"EntryPoint","urlTemplate":"https:\/\/agenciainfra.com\/blog\/?s={search_term_string}"},"query-input":{"@type":"PropertyValueSpecification","valueRequired":true,"valueName":"search_term_string"}}],"inLanguage":"pt-BR"},{"@type":"Organization","@id":"https:\/\/agenciainfra.com\/blog\/#organization","name":"Ag\u00eancia iNFRA","url":"https:\/\/agenciainfra.com\/blog\/","logo":{"@type":"ImageObject","inLanguage":"pt-BR","@id":"https:\/\/agenciainfra.com\/blog\/#\/schema\/logo\/image\/","url":"https:\/\/agenciainfra.com\/blog\/wp-content\/uploads\/2023\/09\/iNFRA_5-e1761735885940.png","contentUrl":"https:\/\/agenciainfra.com\/blog\/wp-content\/uploads\/2023\/09\/iNFRA_5-e1761735885940.png","width":1672,"height":454,"caption":"Ag\u00eancia iNFRA"},"image":{"@id":"https:\/\/agenciainfra.com\/blog\/#\/schema\/logo\/image\/"},"sameAs":["https:\/\/www.facebook.com\/ageninfra","https:\/\/x.com\/agencia_infra","https:\/\/www.linkedin.com\/company\/ag\u00eanciainfra\/","https:\/\/www.instagram.com\/agenciainfra\/"]},{"@type":"Person","@id":"https:\/\/agenciainfra.com\/blog\/#\/schema\/person\/34af08dff6adea4cb22b06612ba7acfa","name":"Ag\u00eancia iNFRA","image":{"@type":"ImageObject","inLanguage":"pt-BR","@id":"https:\/\/agenciainfra.com\/blog\/#\/schema\/person\/image\/","url":"https:\/\/secure.gravatar.com\/avatar\/d189e01678f06d8eb84d4e01f08eb848b3fffe3f8443818d3c356c66892f5be8?s=96&d=mm&r=g","contentUrl":"https:\/\/secure.gravatar.com\/avatar\/d189e01678f06d8eb84d4e01f08eb848b3fffe3f8443818d3c356c66892f5be8?s=96&d=mm&r=g","caption":"Ag\u00eancia iNFRA"},"url":"https:\/\/agenciainfra.com\/blog\/author\/admin\/"}]}},"_links":{"self":[{"href":"https:\/\/agenciainfra.com\/blog\/wp-json\/wp\/v2\/posts\/27107","targetHints":{"allow":["GET"]}}],"collection":[{"href":"https:\/\/agenciainfra.com\/blog\/wp-json\/wp\/v2\/posts"}],"about":[{"href":"https:\/\/agenciainfra.com\/blog\/wp-json\/wp\/v2\/types\/post"}],"author":[{"embeddable":true,"href":"https:\/\/agenciainfra.com\/blog\/wp-json\/wp\/v2\/users\/1"}],"replies":[{"embeddable":true,"href":"https:\/\/agenciainfra.com\/blog\/wp-json\/wp\/v2\/comments?post=27107"}],"version-history":[{"count":1,"href":"https:\/\/agenciainfra.com\/blog\/wp-json\/wp\/v2\/posts\/27107\/revisions"}],"predecessor-version":[{"id":27111,"href":"https:\/\/agenciainfra.com\/blog\/wp-json\/wp\/v2\/posts\/27107\/revisions\/27111"}],"wp:featuredmedia":[{"embeddable":true,"href":"https:\/\/agenciainfra.com\/blog\/wp-json\/wp\/v2\/media\/27109"}],"wp:attachment":[{"href":"https:\/\/agenciainfra.com\/blog\/wp-json\/wp\/v2\/media?parent=27107"}],"wp:term":[{"taxonomy":"category","embeddable":true,"href":"https:\/\/agenciainfra.com\/blog\/wp-json\/wp\/v2\/categories?post=27107"},{"taxonomy":"post_tag","embeddable":true,"href":"https:\/\/agenciainfra.com\/blog\/wp-json\/wp\/v2\/tags?post=27107"}],"curies":[{"name":"wp","href":"https:\/\/api.w.org\/{rel}","templated":true}]}}