{"id":27117,"date":"2025-09-03T08:19:37","date_gmt":"2025-09-03T11:19:37","guid":{"rendered":"https:\/\/agenciainfra.com\/blog\/?p=27117"},"modified":"2025-09-04T09:39:34","modified_gmt":"2025-09-04T12:39:34","slug":"via-cristais-quer-antecipar-obras-sonda-debentures-e-ve-setor-atrativo","status":"publish","type":"post","link":"https:\/\/agenciainfra.com\/blog\/via-cristais-quer-antecipar-obras-sonda-debentures-e-ve-setor-atrativo\/","title":{"rendered":"Via Cristais quer antecipar obras, sonda deb\u00eantures e v\u00ea setor atrativo"},"content":{"rendered":"\n<p class=\"has-text-align-right\"><strong>Amanda Pupo, da Ag\u00eancia iNFRA<\/strong><\/p>\n\n\n\n<p>Respons\u00e1vel por assumir no in\u00edcio deste ano uma das rodovias que precisou ser relicitada ap\u00f3s problemas na terceira etapa de concess\u00f5es, a Via Cristais, da\u00a0Vinci Highways, faz um balan\u00e7o positivo dos primeiros meses de opera\u00e7\u00e3o da BR-040 entre Belo Horizonte (MG) e Cristalina (GO).<br><br>Na estreia do grupo franc\u00eas em rodovias federais brasileiras, a concession\u00e1ria afirma que trabalha para antecipar o cronograma de obras, classifica a ANTT (Ag\u00eancia Nacional de Transportes Terrestres) como um regulador \u201cextremamente eficiente\u201d e se programa para fazer sugest\u00f5es ao \u00f3rg\u00e3o no \u00e2mbito do RDT (Recursos para Desenvolvimento Tecnol\u00f3gico) e de sandbox regulat\u00f3rio, especialmente na \u00e1rea de sustentabilidade e de intelig\u00eancia artificial.<br><br>Al\u00e9m disso, j\u00e1 prop\u00f4s \u00e0 ANTT que as balan\u00e7as de pesagem na rodovia sejam no modelo do HS-Wim. A expectativa \u00e9 colocar cinco ao longo da concess\u00e3o, tr\u00eas a mais do que prev\u00ea o contrato hoje.<br><br>Os planos foram explicados \u00e0\u00a0<strong>Ag\u00eancia iNFRA<\/strong>\u00a0pelo CEO da Via Cristais, Tulio Abi-Saber, que na entrevista tamb\u00e9m contou que a empresa acompanha \u201ccom muita aten\u00e7\u00e3o\u201d as altera\u00e7\u00f5es propostas pelo governo nas deb\u00eantures incentivadas. Com obriga\u00e7\u00e3o de investir R$ 12 bilh\u00f5es, a concession\u00e1ria planeja levantar seu financiamento no pr\u00f3ximo ano e por isso est\u00e1 monitorando as condi\u00e7\u00f5es do mercado. Pela <a href=\"https:\/\/www.congressonacional.leg.br\/materias\/medidas-provisorias\/-\/mpv\/169059\">MP (Medida Provis\u00f3ria) 1.303<\/a>, as deb\u00eantures v\u00e3o perder a isen\u00e7\u00e3o fiscal concedida ao investidor pessoa f\u00edsica a partir de 2026, ponto que preocupa o setor de infraestrutura.\u00a0<br><br>Abi-Saber faz coro \u00e0 avalia\u00e7\u00e3o de que, embora o BNDES (Banco Nacional de Desenvolvimento Econ\u00f4mico e Social) tenha uma atua\u00e7\u00e3o \u201cbastante efetiva\u201d, a institui\u00e7\u00e3o n\u00e3o pode ficar sozinha no financiamento ao setor. \u201cAvan\u00e7amos tanto na cria\u00e7\u00e3o dessas alternativas para financiar a infraestrutura, que n\u00e3o podemos perder isso. Precisamos dessas fontes complementares\u201d, disse o CEO da Via Cristais.\u00a0<br><br><strong>Condi\u00e7\u00e3o prec\u00e1ria<\/strong><br>A rodovia arrematada pela subsidi\u00e1ria da Vinci Highways no ano passado era administrada pela Invepar, que operava desde 2014 esse e outro trecho na concess\u00e3o conhecida como Via 040. Foi a primeira a pedir uma devolu\u00e7\u00e3o \u201camig\u00e1vel\u201d no setor de rodovias, mas o processo demorou praticamente cinco anos para ser conclu\u00eddo.<br><br>Segundo Abi-Saber, quando a Via Cristais assumiu o trecho entre Cristalina (GO) e Belo Horizonte (MG), a condi\u00e7\u00e3o da estrada estava \u201cmuito mais prec\u00e1ria\u201d do que o imaginado pela empresa. \u201cA concession\u00e1ria anterior abandonou seis meses antes de assumirmos. O desafio foi maior, as instala\u00e7\u00f5es estavam absolutamente depredadas\u201d, contou.<br><br>Apesar disso, a opera\u00e7\u00e3o foi aberta conforme programado em mar\u00e7o e agora a concession\u00e1ria estima que vai conseguir concluir at\u00e9 o final de\u00a0outubro a entrega dos trabalhos iniciais, que costumam ser feitos num per\u00edodo maior, de um ano. \u201cH\u00e1 uma preocupa\u00e7\u00e3o grande com a seguran\u00e7a. Em novembro coincide com o per\u00edodo de chuvas e in\u00edcio de f\u00e9rias escolares\u201d, disse Abi-Saber sobre a tentativa de antecipar o cronograma.<br><br>J\u00e1 a primeira entrega de amplia\u00e7\u00e3o est\u00e1 prevista para 2028, terceiro ano da concess\u00e3o, mas a ideia \u00e9 adiantar para 2027. Al\u00e9m de come\u00e7ar as obras efetivamente, no pr\u00f3ximo ano a Via Cristais vai implantar as balan\u00e7as HS-Wim e dois pontos de parada para caminhoneiros.\u00a0<br><br>O trabalho feito at\u00e9 agora foi concentrado principalmente no plano de 100 dias, sem parar por ali. Segundo a concession\u00e1ria, entre outros n\u00fameros,\u00a0foram 4,6 mil\u00a0buracos tampados e at\u00e9 agora o equivalente a 137 quil\u00f4metros de rodovia com pavimento novo, mais de 350 quil\u00f4metros repintados e 4 mil placas de sinaliza\u00e7\u00e3o instaladas.\u00a0<br><br><strong>M\u00e3o de obra<\/strong><br>Abi-Saber tamb\u00e9m conta que, no momento, tem sentido pouco impacto de falta de m\u00e3o de obra para a concess\u00e3o. Mas o CEO n\u00e3o descarta que a quest\u00e3o se apresente mais a frente, especialmente pelo volume de obras que est\u00e1 previsto para a regi\u00e3o com os projetos para a nova BR-381, a Fern\u00e3o Dias, a Via Mineira, al\u00e9m das licita\u00e7\u00f5es estaduais.\u00a0<br><br>\u201cTodo mundo vai come\u00e7ar a obra ao mesmo tempo. A\u00ed eu antecipo que a gente pode ter uma quest\u00e3o. Se coincidir com o ciclo de minera\u00e7\u00e3o positivo, a gente pode ter um problema\u201d, levantou o executivo, para quem o setor precisa evoluir tanto para criar estruturas de carreiras mais gratificantes como melhorar a produtividade com automa\u00e7\u00e3o.\u00a0<br><br><strong>Ag\u00eancia mais madura<\/strong><br>Outra preocupa\u00e7\u00e3o de empres\u00e1rios do mercado de infraestrutura \u00e9 o patamar atual da taxa de juros no Brasil, em 15% ao ano. Para Abi-Saber, o n\u00edvel de maturidade do setor de rodovias garante uma atratividade relevante apesar da taxa contracionista. \u201cA gente ainda v\u00ea uma atratividade mesmo para taxa de juros nesse patamar (\u2026) Eu como cidad\u00e3o tor\u00e7o muito para que a taxa caia o quanto antes\u201d, disse.\u00a0<br><br>Para o executivo, que j\u00e1 atuou em outros setores de infraestrutura, como de energia e telecom, a ANTT tem feito um trabalho \u201cexcepcional\u201d na qualidade da regula\u00e7\u00e3o. \u201cO entendimento privado tem chance de opinar sobre consequ\u00eancias e tem clareza de que as consequ\u00eancias v\u00e3o ser endere\u00e7adas (\u2026) A ANTT para mim, hoje, das ag\u00eancias que eu conhe\u00e7o, \u00e9 disparada a mais madura\u201d, afirmou.\u00a0<br><br>Sobre o interesse da Vinci Highways em outras concess\u00f5es rodovi\u00e1rias, Abi-Saber lembrou que s\u00f3 poderia falar pela Via Cristais, mas n\u00e3o deixou de avaliar que \u201co mercado brasileiro \u00e9 dif\u00edcil de ignorar\u201d. \u201cA gente est\u00e1 muito focado em entregar um trabalho de \u00f3tima qualidade na Via Cristais. Foco n\u00famero um disparado\u201d, disse. O grupo franc\u00eas j\u00e1 atua no Brasil desde 2017, quando arrematou a concess\u00e3o do aeroporto de Salvador (BA).<br><br>Em 2023, concluiu a compra de 55% da concess\u00e3o rodovi\u00e1ria Entrevias, que \u00e9 estadual e localizada em S\u00e3o Paulo. Neste caso, o\u00a0P\u00e1tria ficou com posi\u00e7\u00e3o minorit\u00e1ria no ativo.<\/p>\n","protected":false},"excerpt":{"rendered":"<p>Amanda Pupo, da Ag\u00eancia iNFRA Respons\u00e1vel por assumir no in\u00edcio deste ano uma das rodovias que precisou ser relicitada ap\u00f3s problemas na terceira etapa de concess\u00f5es, a Via Cristais, da\u00a0Vinci Highways, faz um balan\u00e7o positivo dos primeiros meses de opera\u00e7\u00e3o da BR-040 entre Belo Horizonte (MG) e Cristalina (GO). Na estreia do grupo franc\u00eas em [&hellip;]<\/p>\n","protected":false},"author":1,"featured_media":27118,"comment_status":"closed","ping_status":"closed","sticky":false,"template":"","format":"standard","meta":{"_monsterinsights_skip_tracking":false,"_monsterinsights_sitenote_active":false,"_monsterinsights_sitenote_note":"","_monsterinsights_sitenote_category":0,"footnotes":""},"categories":[1,7],"tags":[13354,14229,15139,14228,14230],"class_list":["post-27117","post","type-post","status-publish","format-standard","has-post-thumbnail","hentry","category-geral","category-infratransporte","tag-amanda-pupo","tag-br-040-mg-go-2","tag-tulio-abi-saber","tag-via-cristais","tag-vinci-highways"],"yoast_head":"<!-- This site is optimized with the Yoast SEO Premium plugin v25.4 (Yoast SEO v26.0) - https:\/\/yoast.com\/wordpress\/plugins\/seo\/ -->\n<title>Via Cristais quer antecipar obras, sonda deb\u00eantures e v\u00ea setor atrativo - Ag\u00eancia iNFRA<\/title>\n<meta name=\"robots\" content=\"index, follow, max-snippet:-1, max-image-preview:large, max-video-preview:-1\" \/>\n<link rel=\"canonical\" href=\"https:\/\/agenciainfra.com\/blog\/via-cristais-quer-antecipar-obras-sonda-debentures-e-ve-setor-atrativo\/\" \/>\n<meta property=\"og:locale\" content=\"pt_BR\" \/>\n<meta property=\"og:type\" content=\"article\" \/>\n<meta property=\"og:title\" content=\"Via Cristais quer antecipar obras, sonda deb\u00eantures e v\u00ea setor atrativo\" \/>\n<meta property=\"og:description\" content=\"Amanda Pupo, da Ag\u00eancia iNFRA Respons\u00e1vel por assumir no in\u00edcio deste ano uma das rodovias que precisou ser relicitada ap\u00f3s problemas na terceira etapa de concess\u00f5es, a Via Cristais, da\u00a0Vinci Highways, faz um balan\u00e7o positivo dos primeiros meses de opera\u00e7\u00e3o da BR-040 entre Belo Horizonte (MG) e Cristalina (GO). Na estreia do grupo franc\u00eas em [&hellip;]\" \/>\n<meta property=\"og:url\" content=\"https:\/\/agenciainfra.com\/blog\/via-cristais-quer-antecipar-obras-sonda-debentures-e-ve-setor-atrativo\/\" \/>\n<meta property=\"og:site_name\" content=\"Ag\u00eancia iNFRA\" \/>\n<meta property=\"article:publisher\" content=\"https:\/\/www.facebook.com\/ageninfra\" \/>\n<meta property=\"article:published_time\" content=\"2025-09-03T11:19:37+00:00\" \/>\n<meta property=\"article:modified_time\" content=\"2025-09-04T12:39:34+00:00\" \/>\n<meta property=\"og:image\" content=\"https:\/\/agenciainfra.com\/blog\/wp-content\/uploads\/2025\/09\/br-040-mg-go-foto-via-cristais.png\" \/>\n\t<meta property=\"og:image:width\" content=\"1280\" \/>\n\t<meta property=\"og:image:height\" content=\"701\" \/>\n\t<meta property=\"og:image:type\" content=\"image\/png\" \/>\n<meta name=\"author\" content=\"Ag\u00eancia iNFRA\" \/>\n<meta name=\"twitter:card\" content=\"summary_large_image\" \/>\n<meta name=\"twitter:creator\" content=\"@agencia_infra\" \/>\n<meta name=\"twitter:site\" content=\"@agencia_infra\" \/>\n<meta name=\"twitter:label1\" content=\"Escrito por\" \/>\n\t<meta name=\"twitter:data1\" content=\"Ag\u00eancia iNFRA\" \/>\n\t<meta name=\"twitter:label2\" content=\"Est. tempo de leitura\" \/>\n\t<meta name=\"twitter:data2\" content=\"5 minutos\" \/>\n<script type=\"application\/ld+json\" class=\"yoast-schema-graph\">{\"@context\":\"https:\/\/schema.org\",\"@graph\":[{\"@type\":\"Article\",\"@id\":\"https:\/\/agenciainfra.com\/blog\/via-cristais-quer-antecipar-obras-sonda-debentures-e-ve-setor-atrativo\/#article\",\"isPartOf\":{\"@id\":\"https:\/\/agenciainfra.com\/blog\/via-cristais-quer-antecipar-obras-sonda-debentures-e-ve-setor-atrativo\/\"},\"author\":{\"name\":\"Ag\u00eancia iNFRA\",\"@id\":\"https:\/\/agenciainfra.com\/blog\/#\/schema\/person\/34af08dff6adea4cb22b06612ba7acfa\"},\"headline\":\"Via Cristais quer antecipar obras, sonda deb\u00eantures e v\u00ea setor atrativo\",\"datePublished\":\"2025-09-03T11:19:37+00:00\",\"dateModified\":\"2025-09-04T12:39:34+00:00\",\"mainEntityOfPage\":{\"@id\":\"https:\/\/agenciainfra.com\/blog\/via-cristais-quer-antecipar-obras-sonda-debentures-e-ve-setor-atrativo\/\"},\"wordCount\":1011,\"publisher\":{\"@id\":\"https:\/\/agenciainfra.com\/blog\/#organization\"},\"image\":{\"@id\":\"https:\/\/agenciainfra.com\/blog\/via-cristais-quer-antecipar-obras-sonda-debentures-e-ve-setor-atrativo\/#primaryimage\"},\"thumbnailUrl\":\"https:\/\/agenciainfra.com\/blog\/wp-content\/uploads\/2025\/09\/br-040-mg-go-foto-via-cristais.png\",\"keywords\":[\"Amanda Pupo\",\"BR-040\/MG\/GO\",\"Tulio Abi-Saber\",\"Via Cristais\",\"Vinci Highways\"],\"articleSection\":[\"Geral\",\"iNFRATransporte\"],\"inLanguage\":\"pt-BR\",\"copyrightYear\":\"2025\",\"copyrightHolder\":{\"@id\":\"https:\/\/agenciainfra.com\/blog\/#organization\"}},{\"@type\":\"WebPage\",\"@id\":\"https:\/\/agenciainfra.com\/blog\/via-cristais-quer-antecipar-obras-sonda-debentures-e-ve-setor-atrativo\/\",\"url\":\"https:\/\/agenciainfra.com\/blog\/via-cristais-quer-antecipar-obras-sonda-debentures-e-ve-setor-atrativo\/\",\"name\":\"Via Cristais quer antecipar obras, sonda deb\u00eantures e v\u00ea setor atrativo - Ag\u00eancia iNFRA\",\"isPartOf\":{\"@id\":\"https:\/\/agenciainfra.com\/blog\/#website\"},\"primaryImageOfPage\":{\"@id\":\"https:\/\/agenciainfra.com\/blog\/via-cristais-quer-antecipar-obras-sonda-debentures-e-ve-setor-atrativo\/#primaryimage\"},\"image\":{\"@id\":\"https:\/\/agenciainfra.com\/blog\/via-cristais-quer-antecipar-obras-sonda-debentures-e-ve-setor-atrativo\/#primaryimage\"},\"thumbnailUrl\":\"https:\/\/agenciainfra.com\/blog\/wp-content\/uploads\/2025\/09\/br-040-mg-go-foto-via-cristais.png\",\"datePublished\":\"2025-09-03T11:19:37+00:00\",\"dateModified\":\"2025-09-04T12:39:34+00:00\",\"breadcrumb\":{\"@id\":\"https:\/\/agenciainfra.com\/blog\/via-cristais-quer-antecipar-obras-sonda-debentures-e-ve-setor-atrativo\/#breadcrumb\"},\"inLanguage\":\"pt-BR\",\"potentialAction\":[{\"@type\":\"ReadAction\",\"target\":[\"https:\/\/agenciainfra.com\/blog\/via-cristais-quer-antecipar-obras-sonda-debentures-e-ve-setor-atrativo\/\"]}]},{\"@type\":\"ImageObject\",\"inLanguage\":\"pt-BR\",\"@id\":\"https:\/\/agenciainfra.com\/blog\/via-cristais-quer-antecipar-obras-sonda-debentures-e-ve-setor-atrativo\/#primaryimage\",\"url\":\"https:\/\/agenciainfra.com\/blog\/wp-content\/uploads\/2025\/09\/br-040-mg-go-foto-via-cristais.png\",\"contentUrl\":\"https:\/\/agenciainfra.com\/blog\/wp-content\/uploads\/2025\/09\/br-040-mg-go-foto-via-cristais.png\",\"width\":1280,\"height\":701,\"caption\":\"Foto: Via Cristais\"},{\"@type\":\"BreadcrumbList\",\"@id\":\"https:\/\/agenciainfra.com\/blog\/via-cristais-quer-antecipar-obras-sonda-debentures-e-ve-setor-atrativo\/#breadcrumb\",\"itemListElement\":[{\"@type\":\"ListItem\",\"position\":1,\"name\":\"In\u00edcio\",\"item\":\"https:\/\/agenciainfra.com\/blog\/\"},{\"@type\":\"ListItem\",\"position\":2,\"name\":\"Via Cristais quer antecipar obras, sonda deb\u00eantures e v\u00ea setor atrativo\"}]},{\"@type\":\"WebSite\",\"@id\":\"https:\/\/agenciainfra.com\/blog\/#website\",\"url\":\"https:\/\/agenciainfra.com\/blog\/\",\"name\":\"Ag\u00eancia iNFRA\",\"description\":\"Multiplataforma de informa\u00e7\u00e3o jornal\u00edstica refer\u00eancia na \u00e1rea de infraestrutura no Brasil!\",\"publisher\":{\"@id\":\"https:\/\/agenciainfra.com\/blog\/#organization\"},\"potentialAction\":[{\"@type\":\"SearchAction\",\"target\":{\"@type\":\"EntryPoint\",\"urlTemplate\":\"https:\/\/agenciainfra.com\/blog\/?s={search_term_string}\"},\"query-input\":{\"@type\":\"PropertyValueSpecification\",\"valueRequired\":true,\"valueName\":\"search_term_string\"}}],\"inLanguage\":\"pt-BR\"},{\"@type\":\"Organization\",\"@id\":\"https:\/\/agenciainfra.com\/blog\/#organization\",\"name\":\"Ag\u00eancia iNFRA\",\"url\":\"https:\/\/agenciainfra.com\/blog\/\",\"logo\":{\"@type\":\"ImageObject\",\"inLanguage\":\"pt-BR\",\"@id\":\"https:\/\/agenciainfra.com\/blog\/#\/schema\/logo\/image\/\",\"url\":\"https:\/\/agenciainfra.com\/blog\/wp-content\/uploads\/2023\/09\/iNFRA_5-e1761735885940.png\",\"contentUrl\":\"https:\/\/agenciainfra.com\/blog\/wp-content\/uploads\/2023\/09\/iNFRA_5-e1761735885940.png\",\"width\":1672,\"height\":454,\"caption\":\"Ag\u00eancia iNFRA\"},\"image\":{\"@id\":\"https:\/\/agenciainfra.com\/blog\/#\/schema\/logo\/image\/\"},\"sameAs\":[\"https:\/\/www.facebook.com\/ageninfra\",\"https:\/\/x.com\/agencia_infra\",\"https:\/\/www.linkedin.com\/company\/ag\u00eanciainfra\/\",\"https:\/\/www.instagram.com\/agenciainfra\/\"]},{\"@type\":\"Person\",\"@id\":\"https:\/\/agenciainfra.com\/blog\/#\/schema\/person\/34af08dff6adea4cb22b06612ba7acfa\",\"name\":\"Ag\u00eancia iNFRA\",\"image\":{\"@type\":\"ImageObject\",\"inLanguage\":\"pt-BR\",\"@id\":\"https:\/\/agenciainfra.com\/blog\/#\/schema\/person\/image\/\",\"url\":\"https:\/\/secure.gravatar.com\/avatar\/d189e01678f06d8eb84d4e01f08eb848b3fffe3f8443818d3c356c66892f5be8?s=96&d=mm&r=g\",\"contentUrl\":\"https:\/\/secure.gravatar.com\/avatar\/d189e01678f06d8eb84d4e01f08eb848b3fffe3f8443818d3c356c66892f5be8?s=96&d=mm&r=g\",\"caption\":\"Ag\u00eancia iNFRA\"},\"url\":\"https:\/\/agenciainfra.com\/blog\/author\/admin\/\"}]}<\/script>\n<!-- \/ Yoast SEO Premium plugin. -->","yoast_head_json":{"title":"Via Cristais quer antecipar obras, sonda deb\u00eantures e v\u00ea setor atrativo - Ag\u00eancia iNFRA","robots":{"index":"index","follow":"follow","max-snippet":"max-snippet:-1","max-image-preview":"max-image-preview:large","max-video-preview":"max-video-preview:-1"},"canonical":"https:\/\/agenciainfra.com\/blog\/via-cristais-quer-antecipar-obras-sonda-debentures-e-ve-setor-atrativo\/","og_locale":"pt_BR","og_type":"article","og_title":"Via Cristais quer antecipar obras, sonda deb\u00eantures e v\u00ea setor atrativo","og_description":"Amanda Pupo, da Ag\u00eancia iNFRA Respons\u00e1vel por assumir no in\u00edcio deste ano uma das rodovias que precisou ser relicitada ap\u00f3s problemas na terceira etapa de concess\u00f5es, a Via Cristais, da\u00a0Vinci Highways, faz um balan\u00e7o positivo dos primeiros meses de opera\u00e7\u00e3o da BR-040 entre Belo Horizonte (MG) e Cristalina (GO). Na estreia do grupo franc\u00eas em [&hellip;]","og_url":"https:\/\/agenciainfra.com\/blog\/via-cristais-quer-antecipar-obras-sonda-debentures-e-ve-setor-atrativo\/","og_site_name":"Ag\u00eancia iNFRA","article_publisher":"https:\/\/www.facebook.com\/ageninfra","article_published_time":"2025-09-03T11:19:37+00:00","article_modified_time":"2025-09-04T12:39:34+00:00","og_image":[{"width":1280,"height":701,"url":"https:\/\/agenciainfra.com\/blog\/wp-content\/uploads\/2025\/09\/br-040-mg-go-foto-via-cristais.png","type":"image\/png"}],"author":"Ag\u00eancia iNFRA","twitter_card":"summary_large_image","twitter_creator":"@agencia_infra","twitter_site":"@agencia_infra","twitter_misc":{"Escrito por":"Ag\u00eancia iNFRA","Est. tempo de leitura":"5 minutos"},"schema":{"@context":"https:\/\/schema.org","@graph":[{"@type":"Article","@id":"https:\/\/agenciainfra.com\/blog\/via-cristais-quer-antecipar-obras-sonda-debentures-e-ve-setor-atrativo\/#article","isPartOf":{"@id":"https:\/\/agenciainfra.com\/blog\/via-cristais-quer-antecipar-obras-sonda-debentures-e-ve-setor-atrativo\/"},"author":{"name":"Ag\u00eancia iNFRA","@id":"https:\/\/agenciainfra.com\/blog\/#\/schema\/person\/34af08dff6adea4cb22b06612ba7acfa"},"headline":"Via Cristais quer antecipar obras, sonda deb\u00eantures e v\u00ea setor atrativo","datePublished":"2025-09-03T11:19:37+00:00","dateModified":"2025-09-04T12:39:34+00:00","mainEntityOfPage":{"@id":"https:\/\/agenciainfra.com\/blog\/via-cristais-quer-antecipar-obras-sonda-debentures-e-ve-setor-atrativo\/"},"wordCount":1011,"publisher":{"@id":"https:\/\/agenciainfra.com\/blog\/#organization"},"image":{"@id":"https:\/\/agenciainfra.com\/blog\/via-cristais-quer-antecipar-obras-sonda-debentures-e-ve-setor-atrativo\/#primaryimage"},"thumbnailUrl":"https:\/\/agenciainfra.com\/blog\/wp-content\/uploads\/2025\/09\/br-040-mg-go-foto-via-cristais.png","keywords":["Amanda Pupo","BR-040\/MG\/GO","Tulio Abi-Saber","Via Cristais","Vinci Highways"],"articleSection":["Geral","iNFRATransporte"],"inLanguage":"pt-BR","copyrightYear":"2025","copyrightHolder":{"@id":"https:\/\/agenciainfra.com\/blog\/#organization"}},{"@type":"WebPage","@id":"https:\/\/agenciainfra.com\/blog\/via-cristais-quer-antecipar-obras-sonda-debentures-e-ve-setor-atrativo\/","url":"https:\/\/agenciainfra.com\/blog\/via-cristais-quer-antecipar-obras-sonda-debentures-e-ve-setor-atrativo\/","name":"Via Cristais quer antecipar obras, sonda deb\u00eantures e v\u00ea setor atrativo - Ag\u00eancia iNFRA","isPartOf":{"@id":"https:\/\/agenciainfra.com\/blog\/#website"},"primaryImageOfPage":{"@id":"https:\/\/agenciainfra.com\/blog\/via-cristais-quer-antecipar-obras-sonda-debentures-e-ve-setor-atrativo\/#primaryimage"},"image":{"@id":"https:\/\/agenciainfra.com\/blog\/via-cristais-quer-antecipar-obras-sonda-debentures-e-ve-setor-atrativo\/#primaryimage"},"thumbnailUrl":"https:\/\/agenciainfra.com\/blog\/wp-content\/uploads\/2025\/09\/br-040-mg-go-foto-via-cristais.png","datePublished":"2025-09-03T11:19:37+00:00","dateModified":"2025-09-04T12:39:34+00:00","breadcrumb":{"@id":"https:\/\/agenciainfra.com\/blog\/via-cristais-quer-antecipar-obras-sonda-debentures-e-ve-setor-atrativo\/#breadcrumb"},"inLanguage":"pt-BR","potentialAction":[{"@type":"ReadAction","target":["https:\/\/agenciainfra.com\/blog\/via-cristais-quer-antecipar-obras-sonda-debentures-e-ve-setor-atrativo\/"]}]},{"@type":"ImageObject","inLanguage":"pt-BR","@id":"https:\/\/agenciainfra.com\/blog\/via-cristais-quer-antecipar-obras-sonda-debentures-e-ve-setor-atrativo\/#primaryimage","url":"https:\/\/agenciainfra.com\/blog\/wp-content\/uploads\/2025\/09\/br-040-mg-go-foto-via-cristais.png","contentUrl":"https:\/\/agenciainfra.com\/blog\/wp-content\/uploads\/2025\/09\/br-040-mg-go-foto-via-cristais.png","width":1280,"height":701,"caption":"Foto: Via Cristais"},{"@type":"BreadcrumbList","@id":"https:\/\/agenciainfra.com\/blog\/via-cristais-quer-antecipar-obras-sonda-debentures-e-ve-setor-atrativo\/#breadcrumb","itemListElement":[{"@type":"ListItem","position":1,"name":"In\u00edcio","item":"https:\/\/agenciainfra.com\/blog\/"},{"@type":"ListItem","position":2,"name":"Via Cristais quer antecipar obras, sonda deb\u00eantures e v\u00ea setor atrativo"}]},{"@type":"WebSite","@id":"https:\/\/agenciainfra.com\/blog\/#website","url":"https:\/\/agenciainfra.com\/blog\/","name":"Ag\u00eancia iNFRA","description":"Multiplataforma de informa\u00e7\u00e3o jornal\u00edstica refer\u00eancia na \u00e1rea de infraestrutura no Brasil!","publisher":{"@id":"https:\/\/agenciainfra.com\/blog\/#organization"},"potentialAction":[{"@type":"SearchAction","target":{"@type":"EntryPoint","urlTemplate":"https:\/\/agenciainfra.com\/blog\/?s={search_term_string}"},"query-input":{"@type":"PropertyValueSpecification","valueRequired":true,"valueName":"search_term_string"}}],"inLanguage":"pt-BR"},{"@type":"Organization","@id":"https:\/\/agenciainfra.com\/blog\/#organization","name":"Ag\u00eancia iNFRA","url":"https:\/\/agenciainfra.com\/blog\/","logo":{"@type":"ImageObject","inLanguage":"pt-BR","@id":"https:\/\/agenciainfra.com\/blog\/#\/schema\/logo\/image\/","url":"https:\/\/agenciainfra.com\/blog\/wp-content\/uploads\/2023\/09\/iNFRA_5-e1761735885940.png","contentUrl":"https:\/\/agenciainfra.com\/blog\/wp-content\/uploads\/2023\/09\/iNFRA_5-e1761735885940.png","width":1672,"height":454,"caption":"Ag\u00eancia iNFRA"},"image":{"@id":"https:\/\/agenciainfra.com\/blog\/#\/schema\/logo\/image\/"},"sameAs":["https:\/\/www.facebook.com\/ageninfra","https:\/\/x.com\/agencia_infra","https:\/\/www.linkedin.com\/company\/ag\u00eanciainfra\/","https:\/\/www.instagram.com\/agenciainfra\/"]},{"@type":"Person","@id":"https:\/\/agenciainfra.com\/blog\/#\/schema\/person\/34af08dff6adea4cb22b06612ba7acfa","name":"Ag\u00eancia iNFRA","image":{"@type":"ImageObject","inLanguage":"pt-BR","@id":"https:\/\/agenciainfra.com\/blog\/#\/schema\/person\/image\/","url":"https:\/\/secure.gravatar.com\/avatar\/d189e01678f06d8eb84d4e01f08eb848b3fffe3f8443818d3c356c66892f5be8?s=96&d=mm&r=g","contentUrl":"https:\/\/secure.gravatar.com\/avatar\/d189e01678f06d8eb84d4e01f08eb848b3fffe3f8443818d3c356c66892f5be8?s=96&d=mm&r=g","caption":"Ag\u00eancia iNFRA"},"url":"https:\/\/agenciainfra.com\/blog\/author\/admin\/"}]}},"_links":{"self":[{"href":"https:\/\/agenciainfra.com\/blog\/wp-json\/wp\/v2\/posts\/27117","targetHints":{"allow":["GET"]}}],"collection":[{"href":"https:\/\/agenciainfra.com\/blog\/wp-json\/wp\/v2\/posts"}],"about":[{"href":"https:\/\/agenciainfra.com\/blog\/wp-json\/wp\/v2\/types\/post"}],"author":[{"embeddable":true,"href":"https:\/\/agenciainfra.com\/blog\/wp-json\/wp\/v2\/users\/1"}],"replies":[{"embeddable":true,"href":"https:\/\/agenciainfra.com\/blog\/wp-json\/wp\/v2\/comments?post=27117"}],"version-history":[{"count":1,"href":"https:\/\/agenciainfra.com\/blog\/wp-json\/wp\/v2\/posts\/27117\/revisions"}],"predecessor-version":[{"id":27119,"href":"https:\/\/agenciainfra.com\/blog\/wp-json\/wp\/v2\/posts\/27117\/revisions\/27119"}],"wp:featuredmedia":[{"embeddable":true,"href":"https:\/\/agenciainfra.com\/blog\/wp-json\/wp\/v2\/media\/27118"}],"wp:attachment":[{"href":"https:\/\/agenciainfra.com\/blog\/wp-json\/wp\/v2\/media?parent=27117"}],"wp:term":[{"taxonomy":"category","embeddable":true,"href":"https:\/\/agenciainfra.com\/blog\/wp-json\/wp\/v2\/categories?post=27117"},{"taxonomy":"post_tag","embeddable":true,"href":"https:\/\/agenciainfra.com\/blog\/wp-json\/wp\/v2\/tags?post=27117"}],"curies":[{"name":"wp","href":"https:\/\/api.w.org\/{rel}","templated":true}]}}