{"id":27127,"date":"2025-09-03T10:46:01","date_gmt":"2025-09-03T13:46:01","guid":{"rendered":"https:\/\/agenciainfra.com\/blog\/?p=27127"},"modified":"2025-09-04T10:55:04","modified_gmt":"2025-09-04T13:55:04","slug":"relatorio-da-mp-da-tarifa-social-de-energia-eletrica-traz-novidades","status":"publish","type":"post","link":"https:\/\/agenciainfra.com\/blog\/relatorio-da-mp-da-tarifa-social-de-energia-eletrica-traz-novidades\/","title":{"rendered":"Relat\u00f3rio da MP da Tarifa Social de Energia El\u00e9trica traz novidades"},"content":{"rendered":"\n<p class=\"has-text-align-right\"><strong>Geraldo Campos Jr., Lais Carregosa e Marisa Wanzeller, da Ag\u00eancia iNFRA<\/strong><\/p>\n\n\n\n<p>O\u00a0<a href=\"https:\/\/agenciainfra.us14.list-manage.com\/track\/click?u=d460dd1bcf9ba0ae040e1fc0f&amp;id=455ead2b53&amp;e=c099169394\" target=\"_blank\" rel=\"noreferrer noopener\">relat\u00f3rio<\/a>\u00a0apresentado pelo deputado Fernando Coelho Filho (Uni\u00e3o-PE) nesta ter\u00e7a-feira (2) para a\u00a0<a href=\"https:\/\/agenciainfra.us14.list-manage.com\/track\/click?u=d460dd1bcf9ba0ae040e1fc0f&amp;id=6b1fbdfcb2&amp;e=c099169394\" target=\"_blank\" rel=\"noreferrer noopener\">MP (Medida Provis\u00f3ria) 1.300<\/a>\u00a0foi al\u00e9m da amplia\u00e7\u00e3o da Tarifa Social de Energia El\u00e9trica e trouxe novidades e at\u00e9 surpresas para o setor. Dentre os novos pontos, est\u00e1 a possibilidade de renova\u00e7\u00e3o de concess\u00f5es de hidrel\u00e9tricas vinculadas ao abastecimento de \u00e1gua em regi\u00f5es metropolitanas, mediante pagamento de outorga e destina\u00e7\u00e3o de 50% do valor \u00e0 CDE (Conta de Desenvolvimento Energ\u00e9tico).<br><br>Tamb\u00e9m prev\u00ea outros recursos para modicidade tarif\u00e1ria, neste caso para as distribuidoras das regi\u00f5es Norte e Nordeste. Ocorreria por meio de repactua\u00e7\u00e3o de passivos de UBP (Uso do Bem P\u00fablico), um pagamento anual que as empresas concession\u00e1rias de gera\u00e7\u00e3o hidrel\u00e9trica fazem \u00e0 Uni\u00e3o pelo uso da \u00e1gua. Al\u00e9m disso, o parecer destina\u00a0do \u00e1gio do leil\u00e3o do GSF (sigla para risco hidrol\u00f3gico),\u00a0ocorrido em 1\u00ba de agosto, para abater tarifas. Neste caso apenas para as concession\u00e1rias de distribui\u00e7\u00e3o de energia do Norte, um pleito do presidente do Senado, Davi Alcolumbre (Uni\u00e3o-AP).<br><br>O texto ainda permite que as baterias (sistemas de armazenamento) sejam consideradas como prestadoras de servi\u00e7os ancilares no sistema el\u00e9trico \u2013 com direito a ressarcimento via ESS (Encargos de Servi\u00e7os do Sistema). E trata de novos par\u00e2metros na forma\u00e7\u00e3o do pre\u00e7o da energia, e tarifas diferenciadas para \u00e1reas com altos \u00edndices de perdas n\u00e3o-t\u00e9cnicas.<br><br><strong>Fora do texto<\/strong><br>No entanto, ficaram de fora do parecer temas como abertura de mercado e autoprodu\u00e7\u00e3o, que, por acordo, tramitar\u00e3o na\u00a0<a href=\"https:\/\/agenciainfra.us14.list-manage.com\/track\/click?u=d460dd1bcf9ba0ae040e1fc0f&amp;id=ab9e4b42fb&amp;e=c099169394\" target=\"_blank\" rel=\"noreferrer noopener\">MP 1.304<\/a>, de relatoria do senador Eduardo Braga (MDB-AM). Uma proposta para o curtailment (cortes obrigat\u00f3rios de gera\u00e7\u00e3o), esperada por agentes renov\u00e1veis, tamb\u00e9m n\u00e3o entrou na vers\u00e3o final do parecer.\u00a0<br><br><strong>Renova\u00e7\u00e3o de concess\u00f5es<\/strong><br>O texto determina que as usinas com concess\u00f5es anteriores a 2003, que n\u00e3o tenham sido renovadas e que sejam importantes para o abastecimento p\u00fablico de \u00e1gua em regi\u00f5es metropolitanas, possam renovar as suas outorgas por mais 30 anos. Para isso, os agentes devem pagar pela outorga e destinar 50% do valor \u00e0 CDE.\u00a0<br><br>O complexo Lajes, da Light, estaria entre os empreendimentos beneficiados pela medida, disseram fontes \u00e0 <strong>Ag\u00eancia iNFRA<\/strong>. A companhia dependeria dessa renova\u00e7\u00e3o para dar in\u00edcio a uma s\u00e9rie de investimentos j\u00e1 aprovados pela ANEEL (Ag\u00eancia Nacional de Energia El\u00e9trica) e pela ANA (Ag\u00eancia Nacional de \u00c1guas e Saneamento B\u00e1sico). No entanto, outras usinas dentro dos par\u00e2metros tamb\u00e9m poder\u00e3o ser atendidas pelo mecanismo.<br><br><strong>Repactua\u00e7\u00e3o de UBP<\/strong><br>Sobre o UBP, o relator prop\u00f4s a repactua\u00e7\u00e3o de passivos para atenuar tarifas. Segundo agentes do setor, o valor do saldo \u00e9 de aproximadamente R$ 6 bilh\u00f5es.<br><br>O mecanismo prev\u00ea que as usinas poder\u00e3o quitar o saldo devedor repactuado do UBP por meio de dep\u00f3sito na CDE. Posteriormente, esses valores ser\u00e3o revertidos para fins da modicidade tarif\u00e1ria entre 2025 e 2026 dos consumidores regulados do Norte e Nordeste.<br><br><strong>Leil\u00e3o do GSF<\/strong>\u00a0<br>A regi\u00e3o Norte ainda seria beneficiada com recursos do leil\u00e3o do GSF que ocorreu no \u00faltimo m\u00eas nos moldes da MP 1.300. O \u00e1gio do certame seria destinado ao abatimento da CDE, segundo a proposta original. Mas o texto de Fernando Coelho determina a transfer\u00eancia dos recursos para as concession\u00e1rias de distribui\u00e7\u00e3o da regi\u00e3o com o objetivo de \u201cconten\u00e7\u00e3o de impacto tarif\u00e1rio\u201d.\u00a0<br><br>A aprova\u00e7\u00e3o do mecanismo no relat\u00f3rio da MP e, consequentemente, sua transforma\u00e7\u00e3o em lei, d\u00e1 mais tempo para a ANEEL apreciar os contratos de extens\u00e3o de outorga das usinas vencedoras. Caso a MP caducasse ou fosse transformada em lei sem o trecho, as assinaturas deveriam ocorrer antes do dia 17 de setembro.<br><br><strong>Sinal econ\u00f4mico<\/strong><br>O parecer\u00a0tamb\u00e9m fala sobre a incorpora\u00e7\u00e3o de novos par\u00e2metros de seguran\u00e7a operativa na forma\u00e7\u00e3o de pre\u00e7os de energia para \u201cmelhorar o sinal econ\u00f4mico&#8221;. Os par\u00e2metros acrescentados s\u00e3o: 1) restri\u00e7\u00f5es de deflu\u00eancia e armazenamento dos reservat\u00f3rios; 2) restri\u00e7\u00f5es de rampas de subida e descida das usinas hidrel\u00e9tricas e termel\u00e9tricas; e 3) a reserva de pot\u00eancia operativa.<br><br>Estabelece ainda maior flexibilidade para que a ANEEL defina modalidades de tarifas diferenciadas, como por hor\u00e1rio, por \u00e1reas cr\u00edticas de perdas n\u00e3o t\u00e9cnicas (onde h\u00e1 alto \u00edndice de furtos de energia) e inadimpl\u00eancia, al\u00e9m da possibilidade de fornecimento pr\u00e9-pago.<br><br><strong>Solu\u00e7\u00e3o para o curtailment<\/strong><br>Coelho Filho explicou a jornalistas que queria colocar no relat\u00f3rio uma solu\u00e7\u00e3o inicial para o problema do curtailment. A ideia, que chegou a entrar numa minuta do texto, era resolver o passivo dos geradores afetados. No entanto, ele disse que faltou consenso sobre um desenho de como fazer uma mudan\u00e7a de regra para resolver o problema daqui para a frente.<br><br>\u201cSobre a quest\u00e3o da financiabilidade, a minha ideia era poder criar um ativo com esse n\u00famero que foi de frustra\u00e7\u00e3o de receita at\u00e9 agora. E criar um ativo regulat\u00f3rio e com isso tentar fazer um evento de liquidez assim como foi o leil\u00e3o do GSF, algo parecido. Assim resolve a quest\u00e3o financeira at\u00e9 agora\u201d, explicou o relator.\u00a0<br><br>Sobre uma solu\u00e7\u00e3o definitiva, Coelho Filho disse que seria preciso \u201catacar o curtailment\u201d. \u201cA gente n\u00e3o ia conseguir trazer a tempo uma sugest\u00e3o para poder acabar com o problema estrutural, para evitar que voc\u00ea tivesse que ficar dando solu\u00e7\u00f5es de liquidez sempre. A\u00ed a gente achou que misturar os dois assuntos, curtailment agora e curtailment depois, ia acabar s\u00f3 tumultuando essa discuss\u00e3o e ent\u00e3o seria melhor fazer tudo junto pra [Medida Provis\u00f3ria] 1.304\u201d, afirmou.<br><br><strong>Calend\u00e1rio<\/strong><br>Al\u00e9m da tarifa social e do leil\u00e3o do GSF, ficam mantidas no texto a divis\u00e3o de custos da usina de Angra tamb\u00e9m com consumidores livres, as altera\u00e7\u00f5es no funcionamento da CCEE (C\u00e2mara de Comercializa\u00e7\u00e3o de Energia) e a previs\u00e3o de ado\u00e7\u00e3o de novos modelos tarif\u00e1rios pela ANEEL.<br><br>O parecer foi lido nesta ter\u00e7a-feira (2) na comiss\u00e3o mista que analisa a MP, onde foi concedida vista coletiva. O colegiado retomar\u00e1 os trabalhos nesta quarta-feira (3) para votar o texto. A expectativa \u00e9 apreciar a proposta na semana que vem no plen\u00e1rio da C\u00e2mara, para dar tempo de tamb\u00e9m passar pelo plen\u00e1rio do Senado antes do fim da vig\u00eancia da MP, no pr\u00f3ximo dia 17.<\/p>\n","protected":false},"excerpt":{"rendered":"<p>Geraldo Campos Jr., Lais Carregosa e Marisa Wanzeller, da Ag\u00eancia iNFRA O\u00a0relat\u00f3rio\u00a0apresentado pelo deputado Fernando Coelho Filho (Uni\u00e3o-PE) nesta ter\u00e7a-feira (2) para a\u00a0MP (Medida Provis\u00f3ria) 1.300\u00a0foi al\u00e9m da amplia\u00e7\u00e3o da Tarifa Social de Energia El\u00e9trica e trouxe novidades e at\u00e9 surpresas para o setor. Dentre os novos pontos, est\u00e1 a possibilidade de renova\u00e7\u00e3o de concess\u00f5es [&hellip;]<\/p>\n","protected":false},"author":1,"featured_media":27129,"comment_status":"closed","ping_status":"closed","sticky":false,"template":"","format":"standard","meta":{"_monsterinsights_skip_tracking":false,"_monsterinsights_sitenote_active":false,"_monsterinsights_sitenote_note":"","_monsterinsights_sitenote_category":0,"footnotes":""},"categories":[1,10],"tags":[11474,1254,11594,635,13132,13851,7366,2941,13449,14378,1831],"class_list":["post-27127","post","type-post","status-publish","format-standard","has-post-thumbnail","hentry","category-geral","category-infraenergia","tag-curtailment","tag-fernando-coelho-filho","tag-geraldo-campos-jr","tag-hidreletricas","tag-lais-carregosa","tag-leilao-do-gsf","tag-marisa-wanzeller","tag-modicidade-tarifaria","tag-mp-1-300","tag-mp-1-304","tag-tarifa-social-de-energia-eletrica"],"yoast_head":"<!-- This site is optimized with the Yoast SEO Premium plugin v25.4 (Yoast SEO v26.0) - https:\/\/yoast.com\/wordpress\/plugins\/seo\/ -->\n<title>Relat\u00f3rio da MP da Tarifa Social de Energia El\u00e9trica traz novidades - Ag\u00eancia iNFRA<\/title>\n<meta name=\"robots\" content=\"index, follow, max-snippet:-1, max-image-preview:large, max-video-preview:-1\" \/>\n<link rel=\"canonical\" href=\"https:\/\/agenciainfra.com\/blog\/relatorio-da-mp-da-tarifa-social-de-energia-eletrica-traz-novidades\/\" \/>\n<meta property=\"og:locale\" content=\"pt_BR\" \/>\n<meta property=\"og:type\" content=\"article\" \/>\n<meta property=\"og:title\" content=\"Relat\u00f3rio da MP da Tarifa Social de Energia El\u00e9trica traz novidades\" \/>\n<meta property=\"og:description\" content=\"Geraldo Campos Jr., Lais Carregosa e Marisa Wanzeller, da Ag\u00eancia iNFRA O\u00a0relat\u00f3rio\u00a0apresentado pelo deputado Fernando Coelho Filho (Uni\u00e3o-PE) nesta ter\u00e7a-feira (2) para a\u00a0MP (Medida Provis\u00f3ria) 1.300\u00a0foi al\u00e9m da amplia\u00e7\u00e3o da Tarifa Social de Energia El\u00e9trica e trouxe novidades e at\u00e9 surpresas para o setor. Dentre os novos pontos, est\u00e1 a possibilidade de renova\u00e7\u00e3o de concess\u00f5es [&hellip;]\" \/>\n<meta property=\"og:url\" content=\"https:\/\/agenciainfra.com\/blog\/relatorio-da-mp-da-tarifa-social-de-energia-eletrica-traz-novidades\/\" \/>\n<meta property=\"og:site_name\" content=\"Ag\u00eancia iNFRA\" \/>\n<meta property=\"article:publisher\" content=\"https:\/\/www.facebook.com\/ageninfra\" \/>\n<meta property=\"article:published_time\" content=\"2025-09-03T13:46:01+00:00\" \/>\n<meta property=\"article:modified_time\" content=\"2025-09-04T13:55:04+00:00\" \/>\n<meta property=\"og:image\" content=\"https:\/\/agenciainfra.com\/blog\/wp-content\/uploads\/2025\/09\/fernando-coelho-filho-foto-waldemir-barreto-agencia-senado-.jpg\" \/>\n\t<meta property=\"og:image:width\" content=\"1280\" \/>\n\t<meta property=\"og:image:height\" content=\"854\" \/>\n\t<meta property=\"og:image:type\" content=\"image\/jpeg\" \/>\n<meta name=\"author\" content=\"Ag\u00eancia iNFRA\" \/>\n<meta name=\"twitter:card\" content=\"summary_large_image\" \/>\n<meta name=\"twitter:creator\" content=\"@agencia_infra\" \/>\n<meta name=\"twitter:site\" content=\"@agencia_infra\" \/>\n<meta name=\"twitter:label1\" content=\"Escrito por\" \/>\n\t<meta name=\"twitter:data1\" content=\"Ag\u00eancia iNFRA\" \/>\n\t<meta name=\"twitter:label2\" content=\"Est. tempo de leitura\" \/>\n\t<meta name=\"twitter:data2\" content=\"6 minutos\" \/>\n<script type=\"application\/ld+json\" class=\"yoast-schema-graph\">{\"@context\":\"https:\/\/schema.org\",\"@graph\":[{\"@type\":\"Article\",\"@id\":\"https:\/\/agenciainfra.com\/blog\/relatorio-da-mp-da-tarifa-social-de-energia-eletrica-traz-novidades\/#article\",\"isPartOf\":{\"@id\":\"https:\/\/agenciainfra.com\/blog\/relatorio-da-mp-da-tarifa-social-de-energia-eletrica-traz-novidades\/\"},\"author\":{\"name\":\"Ag\u00eancia iNFRA\",\"@id\":\"https:\/\/agenciainfra.com\/blog\/#\/schema\/person\/34af08dff6adea4cb22b06612ba7acfa\"},\"headline\":\"Relat\u00f3rio da MP da Tarifa Social de Energia El\u00e9trica traz novidades\",\"datePublished\":\"2025-09-03T13:46:01+00:00\",\"dateModified\":\"2025-09-04T13:55:04+00:00\",\"mainEntityOfPage\":{\"@id\":\"https:\/\/agenciainfra.com\/blog\/relatorio-da-mp-da-tarifa-social-de-energia-eletrica-traz-novidades\/\"},\"wordCount\":1124,\"publisher\":{\"@id\":\"https:\/\/agenciainfra.com\/blog\/#organization\"},\"image\":{\"@id\":\"https:\/\/agenciainfra.com\/blog\/relatorio-da-mp-da-tarifa-social-de-energia-eletrica-traz-novidades\/#primaryimage\"},\"thumbnailUrl\":\"https:\/\/agenciainfra.com\/blog\/wp-content\/uploads\/2025\/09\/fernando-coelho-filho-foto-waldemir-barreto-agencia-senado-.jpg\",\"keywords\":[\"curtailment\",\"Fernando Coelho Filho\",\"Geraldo Campos Jr.\",\"Hidrel\u00e9tricas\",\"Lais Carregosa\",\"leil\u00e3o do GSF\",\"Marisa Wanzeller\",\"modicidade tarif\u00e1ria\",\"mp 1.300\",\"MP 1.304\",\"Tarifa Social de Energia El\u00e9trica\"],\"articleSection\":[\"Geral\",\"iNFRAEnergia\"],\"inLanguage\":\"pt-BR\",\"copyrightYear\":\"2025\",\"copyrightHolder\":{\"@id\":\"https:\/\/agenciainfra.com\/blog\/#organization\"}},{\"@type\":\"WebPage\",\"@id\":\"https:\/\/agenciainfra.com\/blog\/relatorio-da-mp-da-tarifa-social-de-energia-eletrica-traz-novidades\/\",\"url\":\"https:\/\/agenciainfra.com\/blog\/relatorio-da-mp-da-tarifa-social-de-energia-eletrica-traz-novidades\/\",\"name\":\"Relat\u00f3rio da MP da Tarifa Social de Energia El\u00e9trica traz novidades - Ag\u00eancia iNFRA\",\"isPartOf\":{\"@id\":\"https:\/\/agenciainfra.com\/blog\/#website\"},\"primaryImageOfPage\":{\"@id\":\"https:\/\/agenciainfra.com\/blog\/relatorio-da-mp-da-tarifa-social-de-energia-eletrica-traz-novidades\/#primaryimage\"},\"image\":{\"@id\":\"https:\/\/agenciainfra.com\/blog\/relatorio-da-mp-da-tarifa-social-de-energia-eletrica-traz-novidades\/#primaryimage\"},\"thumbnailUrl\":\"https:\/\/agenciainfra.com\/blog\/wp-content\/uploads\/2025\/09\/fernando-coelho-filho-foto-waldemir-barreto-agencia-senado-.jpg\",\"datePublished\":\"2025-09-03T13:46:01+00:00\",\"dateModified\":\"2025-09-04T13:55:04+00:00\",\"breadcrumb\":{\"@id\":\"https:\/\/agenciainfra.com\/blog\/relatorio-da-mp-da-tarifa-social-de-energia-eletrica-traz-novidades\/#breadcrumb\"},\"inLanguage\":\"pt-BR\",\"potentialAction\":[{\"@type\":\"ReadAction\",\"target\":[\"https:\/\/agenciainfra.com\/blog\/relatorio-da-mp-da-tarifa-social-de-energia-eletrica-traz-novidades\/\"]}]},{\"@type\":\"ImageObject\",\"inLanguage\":\"pt-BR\",\"@id\":\"https:\/\/agenciainfra.com\/blog\/relatorio-da-mp-da-tarifa-social-de-energia-eletrica-traz-novidades\/#primaryimage\",\"url\":\"https:\/\/agenciainfra.com\/blog\/wp-content\/uploads\/2025\/09\/fernando-coelho-filho-foto-waldemir-barreto-agencia-senado-.jpg\",\"contentUrl\":\"https:\/\/agenciainfra.com\/blog\/wp-content\/uploads\/2025\/09\/fernando-coelho-filho-foto-waldemir-barreto-agencia-senado-.jpg\",\"width\":1280,\"height\":854,\"caption\":\"Foto: Waldemir Barreto\/Ag\u00eancia Senado\"},{\"@type\":\"BreadcrumbList\",\"@id\":\"https:\/\/agenciainfra.com\/blog\/relatorio-da-mp-da-tarifa-social-de-energia-eletrica-traz-novidades\/#breadcrumb\",\"itemListElement\":[{\"@type\":\"ListItem\",\"position\":1,\"name\":\"In\u00edcio\",\"item\":\"https:\/\/agenciainfra.com\/blog\/\"},{\"@type\":\"ListItem\",\"position\":2,\"name\":\"Relat\u00f3rio da MP da Tarifa Social de Energia El\u00e9trica traz novidades\"}]},{\"@type\":\"WebSite\",\"@id\":\"https:\/\/agenciainfra.com\/blog\/#website\",\"url\":\"https:\/\/agenciainfra.com\/blog\/\",\"name\":\"Ag\u00eancia iNFRA\",\"description\":\"Multiplataforma de informa\u00e7\u00e3o jornal\u00edstica refer\u00eancia na \u00e1rea de infraestrutura no Brasil!\",\"publisher\":{\"@id\":\"https:\/\/agenciainfra.com\/blog\/#organization\"},\"potentialAction\":[{\"@type\":\"SearchAction\",\"target\":{\"@type\":\"EntryPoint\",\"urlTemplate\":\"https:\/\/agenciainfra.com\/blog\/?s={search_term_string}\"},\"query-input\":{\"@type\":\"PropertyValueSpecification\",\"valueRequired\":true,\"valueName\":\"search_term_string\"}}],\"inLanguage\":\"pt-BR\"},{\"@type\":\"Organization\",\"@id\":\"https:\/\/agenciainfra.com\/blog\/#organization\",\"name\":\"Ag\u00eancia iNFRA\",\"url\":\"https:\/\/agenciainfra.com\/blog\/\",\"logo\":{\"@type\":\"ImageObject\",\"inLanguage\":\"pt-BR\",\"@id\":\"https:\/\/agenciainfra.com\/blog\/#\/schema\/logo\/image\/\",\"url\":\"https:\/\/agenciainfra.com\/blog\/wp-content\/uploads\/2023\/09\/iNFRA_5-e1761735885940.png\",\"contentUrl\":\"https:\/\/agenciainfra.com\/blog\/wp-content\/uploads\/2023\/09\/iNFRA_5-e1761735885940.png\",\"width\":1672,\"height\":454,\"caption\":\"Ag\u00eancia iNFRA\"},\"image\":{\"@id\":\"https:\/\/agenciainfra.com\/blog\/#\/schema\/logo\/image\/\"},\"sameAs\":[\"https:\/\/www.facebook.com\/ageninfra\",\"https:\/\/x.com\/agencia_infra\",\"https:\/\/www.linkedin.com\/company\/ag\u00eanciainfra\/\",\"https:\/\/www.instagram.com\/agenciainfra\/\"]},{\"@type\":\"Person\",\"@id\":\"https:\/\/agenciainfra.com\/blog\/#\/schema\/person\/34af08dff6adea4cb22b06612ba7acfa\",\"name\":\"Ag\u00eancia iNFRA\",\"image\":{\"@type\":\"ImageObject\",\"inLanguage\":\"pt-BR\",\"@id\":\"https:\/\/agenciainfra.com\/blog\/#\/schema\/person\/image\/\",\"url\":\"https:\/\/secure.gravatar.com\/avatar\/d189e01678f06d8eb84d4e01f08eb848b3fffe3f8443818d3c356c66892f5be8?s=96&d=mm&r=g\",\"contentUrl\":\"https:\/\/secure.gravatar.com\/avatar\/d189e01678f06d8eb84d4e01f08eb848b3fffe3f8443818d3c356c66892f5be8?s=96&d=mm&r=g\",\"caption\":\"Ag\u00eancia iNFRA\"},\"url\":\"https:\/\/agenciainfra.com\/blog\/author\/admin\/\"}]}<\/script>\n<!-- \/ Yoast SEO Premium plugin. -->","yoast_head_json":{"title":"Relat\u00f3rio da MP da Tarifa Social de Energia El\u00e9trica traz novidades - Ag\u00eancia iNFRA","robots":{"index":"index","follow":"follow","max-snippet":"max-snippet:-1","max-image-preview":"max-image-preview:large","max-video-preview":"max-video-preview:-1"},"canonical":"https:\/\/agenciainfra.com\/blog\/relatorio-da-mp-da-tarifa-social-de-energia-eletrica-traz-novidades\/","og_locale":"pt_BR","og_type":"article","og_title":"Relat\u00f3rio da MP da Tarifa Social de Energia El\u00e9trica traz novidades","og_description":"Geraldo Campos Jr., Lais Carregosa e Marisa Wanzeller, da Ag\u00eancia iNFRA O\u00a0relat\u00f3rio\u00a0apresentado pelo deputado Fernando Coelho Filho (Uni\u00e3o-PE) nesta ter\u00e7a-feira (2) para a\u00a0MP (Medida Provis\u00f3ria) 1.300\u00a0foi al\u00e9m da amplia\u00e7\u00e3o da Tarifa Social de Energia El\u00e9trica e trouxe novidades e at\u00e9 surpresas para o setor. Dentre os novos pontos, est\u00e1 a possibilidade de renova\u00e7\u00e3o de concess\u00f5es [&hellip;]","og_url":"https:\/\/agenciainfra.com\/blog\/relatorio-da-mp-da-tarifa-social-de-energia-eletrica-traz-novidades\/","og_site_name":"Ag\u00eancia iNFRA","article_publisher":"https:\/\/www.facebook.com\/ageninfra","article_published_time":"2025-09-03T13:46:01+00:00","article_modified_time":"2025-09-04T13:55:04+00:00","og_image":[{"width":1280,"height":854,"url":"https:\/\/agenciainfra.com\/blog\/wp-content\/uploads\/2025\/09\/fernando-coelho-filho-foto-waldemir-barreto-agencia-senado-.jpg","type":"image\/jpeg"}],"author":"Ag\u00eancia iNFRA","twitter_card":"summary_large_image","twitter_creator":"@agencia_infra","twitter_site":"@agencia_infra","twitter_misc":{"Escrito por":"Ag\u00eancia iNFRA","Est. tempo de leitura":"6 minutos"},"schema":{"@context":"https:\/\/schema.org","@graph":[{"@type":"Article","@id":"https:\/\/agenciainfra.com\/blog\/relatorio-da-mp-da-tarifa-social-de-energia-eletrica-traz-novidades\/#article","isPartOf":{"@id":"https:\/\/agenciainfra.com\/blog\/relatorio-da-mp-da-tarifa-social-de-energia-eletrica-traz-novidades\/"},"author":{"name":"Ag\u00eancia iNFRA","@id":"https:\/\/agenciainfra.com\/blog\/#\/schema\/person\/34af08dff6adea4cb22b06612ba7acfa"},"headline":"Relat\u00f3rio da MP da Tarifa Social de Energia El\u00e9trica traz novidades","datePublished":"2025-09-03T13:46:01+00:00","dateModified":"2025-09-04T13:55:04+00:00","mainEntityOfPage":{"@id":"https:\/\/agenciainfra.com\/blog\/relatorio-da-mp-da-tarifa-social-de-energia-eletrica-traz-novidades\/"},"wordCount":1124,"publisher":{"@id":"https:\/\/agenciainfra.com\/blog\/#organization"},"image":{"@id":"https:\/\/agenciainfra.com\/blog\/relatorio-da-mp-da-tarifa-social-de-energia-eletrica-traz-novidades\/#primaryimage"},"thumbnailUrl":"https:\/\/agenciainfra.com\/blog\/wp-content\/uploads\/2025\/09\/fernando-coelho-filho-foto-waldemir-barreto-agencia-senado-.jpg","keywords":["curtailment","Fernando Coelho Filho","Geraldo Campos Jr.","Hidrel\u00e9tricas","Lais Carregosa","leil\u00e3o do GSF","Marisa Wanzeller","modicidade tarif\u00e1ria","mp 1.300","MP 1.304","Tarifa Social de Energia El\u00e9trica"],"articleSection":["Geral","iNFRAEnergia"],"inLanguage":"pt-BR","copyrightYear":"2025","copyrightHolder":{"@id":"https:\/\/agenciainfra.com\/blog\/#organization"}},{"@type":"WebPage","@id":"https:\/\/agenciainfra.com\/blog\/relatorio-da-mp-da-tarifa-social-de-energia-eletrica-traz-novidades\/","url":"https:\/\/agenciainfra.com\/blog\/relatorio-da-mp-da-tarifa-social-de-energia-eletrica-traz-novidades\/","name":"Relat\u00f3rio da MP da Tarifa Social de Energia El\u00e9trica traz novidades - Ag\u00eancia iNFRA","isPartOf":{"@id":"https:\/\/agenciainfra.com\/blog\/#website"},"primaryImageOfPage":{"@id":"https:\/\/agenciainfra.com\/blog\/relatorio-da-mp-da-tarifa-social-de-energia-eletrica-traz-novidades\/#primaryimage"},"image":{"@id":"https:\/\/agenciainfra.com\/blog\/relatorio-da-mp-da-tarifa-social-de-energia-eletrica-traz-novidades\/#primaryimage"},"thumbnailUrl":"https:\/\/agenciainfra.com\/blog\/wp-content\/uploads\/2025\/09\/fernando-coelho-filho-foto-waldemir-barreto-agencia-senado-.jpg","datePublished":"2025-09-03T13:46:01+00:00","dateModified":"2025-09-04T13:55:04+00:00","breadcrumb":{"@id":"https:\/\/agenciainfra.com\/blog\/relatorio-da-mp-da-tarifa-social-de-energia-eletrica-traz-novidades\/#breadcrumb"},"inLanguage":"pt-BR","potentialAction":[{"@type":"ReadAction","target":["https:\/\/agenciainfra.com\/blog\/relatorio-da-mp-da-tarifa-social-de-energia-eletrica-traz-novidades\/"]}]},{"@type":"ImageObject","inLanguage":"pt-BR","@id":"https:\/\/agenciainfra.com\/blog\/relatorio-da-mp-da-tarifa-social-de-energia-eletrica-traz-novidades\/#primaryimage","url":"https:\/\/agenciainfra.com\/blog\/wp-content\/uploads\/2025\/09\/fernando-coelho-filho-foto-waldemir-barreto-agencia-senado-.jpg","contentUrl":"https:\/\/agenciainfra.com\/blog\/wp-content\/uploads\/2025\/09\/fernando-coelho-filho-foto-waldemir-barreto-agencia-senado-.jpg","width":1280,"height":854,"caption":"Foto: Waldemir Barreto\/Ag\u00eancia Senado"},{"@type":"BreadcrumbList","@id":"https:\/\/agenciainfra.com\/blog\/relatorio-da-mp-da-tarifa-social-de-energia-eletrica-traz-novidades\/#breadcrumb","itemListElement":[{"@type":"ListItem","position":1,"name":"In\u00edcio","item":"https:\/\/agenciainfra.com\/blog\/"},{"@type":"ListItem","position":2,"name":"Relat\u00f3rio da MP da Tarifa Social de Energia El\u00e9trica traz novidades"}]},{"@type":"WebSite","@id":"https:\/\/agenciainfra.com\/blog\/#website","url":"https:\/\/agenciainfra.com\/blog\/","name":"Ag\u00eancia iNFRA","description":"Multiplataforma de informa\u00e7\u00e3o jornal\u00edstica refer\u00eancia na \u00e1rea de infraestrutura no Brasil!","publisher":{"@id":"https:\/\/agenciainfra.com\/blog\/#organization"},"potentialAction":[{"@type":"SearchAction","target":{"@type":"EntryPoint","urlTemplate":"https:\/\/agenciainfra.com\/blog\/?s={search_term_string}"},"query-input":{"@type":"PropertyValueSpecification","valueRequired":true,"valueName":"search_term_string"}}],"inLanguage":"pt-BR"},{"@type":"Organization","@id":"https:\/\/agenciainfra.com\/blog\/#organization","name":"Ag\u00eancia iNFRA","url":"https:\/\/agenciainfra.com\/blog\/","logo":{"@type":"ImageObject","inLanguage":"pt-BR","@id":"https:\/\/agenciainfra.com\/blog\/#\/schema\/logo\/image\/","url":"https:\/\/agenciainfra.com\/blog\/wp-content\/uploads\/2023\/09\/iNFRA_5-e1761735885940.png","contentUrl":"https:\/\/agenciainfra.com\/blog\/wp-content\/uploads\/2023\/09\/iNFRA_5-e1761735885940.png","width":1672,"height":454,"caption":"Ag\u00eancia iNFRA"},"image":{"@id":"https:\/\/agenciainfra.com\/blog\/#\/schema\/logo\/image\/"},"sameAs":["https:\/\/www.facebook.com\/ageninfra","https:\/\/x.com\/agencia_infra","https:\/\/www.linkedin.com\/company\/ag\u00eanciainfra\/","https:\/\/www.instagram.com\/agenciainfra\/"]},{"@type":"Person","@id":"https:\/\/agenciainfra.com\/blog\/#\/schema\/person\/34af08dff6adea4cb22b06612ba7acfa","name":"Ag\u00eancia iNFRA","image":{"@type":"ImageObject","inLanguage":"pt-BR","@id":"https:\/\/agenciainfra.com\/blog\/#\/schema\/person\/image\/","url":"https:\/\/secure.gravatar.com\/avatar\/d189e01678f06d8eb84d4e01f08eb848b3fffe3f8443818d3c356c66892f5be8?s=96&d=mm&r=g","contentUrl":"https:\/\/secure.gravatar.com\/avatar\/d189e01678f06d8eb84d4e01f08eb848b3fffe3f8443818d3c356c66892f5be8?s=96&d=mm&r=g","caption":"Ag\u00eancia iNFRA"},"url":"https:\/\/agenciainfra.com\/blog\/author\/admin\/"}]}},"_links":{"self":[{"href":"https:\/\/agenciainfra.com\/blog\/wp-json\/wp\/v2\/posts\/27127","targetHints":{"allow":["GET"]}}],"collection":[{"href":"https:\/\/agenciainfra.com\/blog\/wp-json\/wp\/v2\/posts"}],"about":[{"href":"https:\/\/agenciainfra.com\/blog\/wp-json\/wp\/v2\/types\/post"}],"author":[{"embeddable":true,"href":"https:\/\/agenciainfra.com\/blog\/wp-json\/wp\/v2\/users\/1"}],"replies":[{"embeddable":true,"href":"https:\/\/agenciainfra.com\/blog\/wp-json\/wp\/v2\/comments?post=27127"}],"version-history":[{"count":1,"href":"https:\/\/agenciainfra.com\/blog\/wp-json\/wp\/v2\/posts\/27127\/revisions"}],"predecessor-version":[{"id":27130,"href":"https:\/\/agenciainfra.com\/blog\/wp-json\/wp\/v2\/posts\/27127\/revisions\/27130"}],"wp:featuredmedia":[{"embeddable":true,"href":"https:\/\/agenciainfra.com\/blog\/wp-json\/wp\/v2\/media\/27129"}],"wp:attachment":[{"href":"https:\/\/agenciainfra.com\/blog\/wp-json\/wp\/v2\/media?parent=27127"}],"wp:term":[{"taxonomy":"category","embeddable":true,"href":"https:\/\/agenciainfra.com\/blog\/wp-json\/wp\/v2\/categories?post=27127"},{"taxonomy":"post_tag","embeddable":true,"href":"https:\/\/agenciainfra.com\/blog\/wp-json\/wp\/v2\/tags?post=27127"}],"curies":[{"name":"wp","href":"https:\/\/api.w.org\/{rel}","templated":true}]}}