{"id":27133,"date":"2025-09-03T11:38:40","date_gmt":"2025-09-03T14:38:40","guid":{"rendered":"https:\/\/agenciainfra.com\/blog\/?p=27133"},"modified":"2025-09-04T12:17:46","modified_gmt":"2025-09-04T15:17:46","slug":"conexoes-saneamento-arbitragem-nao-pode-ser-revisora-das-reguladoras","status":"publish","type":"post","link":"https:\/\/agenciainfra.com\/blog\/conexoes-saneamento-arbitragem-nao-pode-ser-revisora-das-reguladoras\/","title":{"rendered":"Conex\u00f5es Saneamento: Arbitragem n\u00e3o pode ser revisora das reguladoras"},"content":{"rendered":"\n<p class=\"has-text-align-right\"><strong>apresentado por Abcon Sindcon<\/strong><\/p>\n\n\n\n<p>A d\u00favida sobre como os conflitos no setor de saneamento podem ser arbitrados foi tema de <a href=\"https:\/\/www.youtube.com\/watch?v=WGIYjck1RHo\">discuss\u00e3o<\/a> na primeira edi\u00e7\u00e3o do \u201cConex\u00f5es Saneamento \u2013 5 anos do Marco Legal do Saneamento\u201d, realizado no dia 26 de agosto (transmiss\u00e3o completa&nbsp;<a href=\"https:\/\/www.youtube.com\/watch?v=0fbrHmZ74uI\">neste link<\/a>).<\/p>\n\n\n\n<p>Davi Pereira Alves, procurador-chefe da ANA (Ag\u00eancias Nacional de \u00c1guas e Saneamento B\u00e1sico), falou sobre o papel da autarquia de \u201corientar e harmonizar\u201d as ag\u00eancias infranacionais \u2013 as quais det\u00eam a compet\u00eancia de regular diretamente a presta\u00e7\u00e3o dos servi\u00e7os de saneamento b\u00e1sico.<\/p>\n\n\n\n<p>\u201cA partir do novo marco legal do saneamento, a ANA passou a ter uma miss\u00e3o institucional de zelar pela uniformidade regulat\u00f3ria e pela seguran\u00e7a jur\u00eddica no setor de saneamento b\u00e1sico\u201d, afirmou. Em casos de conflitos entre o prestador do servi\u00e7o e alguma ag\u00eancia infranacional relacionados \u00e0s normas de refer\u00eancia ditadas pela ag\u00eancia, a ANA desenvolveu mecanismo para fazer a media\u00e7\u00e3o ou o arbitramento regulat\u00f3rio, por meio da Compor, a c\u00e2mara de solu\u00e7\u00e3o de controv\u00e9rsias da ag\u00eancia<\/p>\n\n\n\n<p>Para ele, a c\u00e2mara ser\u00e1 uma ferramenta&nbsp;importante para o setor, uma vez que ajuda a chegar ao objetivo, que \u00e9 de que os processos sejam finalizados com celeridade. \u201cA c\u00e2mara ser\u00e1 um ambiente t\u00e9cnico, seguro juridicamente e com suporte inclusive de outros \u00f3rg\u00e3os jur\u00eddicos, caso seja necess\u00e1rio&#8221;, explicou.<\/p>\n\n\n\n<p><strong>Instabilidade<\/strong><br>A consultora jur\u00eddica do Minist\u00e9rio das Cidades, Fernanda Rodrigues de Morais, lembrou que o risco regulat\u00f3rio vem da instabilidade. \u201cN\u00e3o h\u00e1 investimento onde h\u00e1 instabilidade. Nesse sentido, o papel do Minist\u00e9rio das Cidades \u00e9 essencial, porque o risco regulat\u00f3rio passa pelo risco normativo, quando h\u00e1 altera\u00e7\u00f5es de leis e decretos sem uma transi\u00e7\u00e3o\u201d, citou a consultora.<\/p>\n\n\n\n<p>Levando a experi\u00eancia das entidades reguladoras infranacionais, o procurador-geral da Agenersa (Ag\u00eancia Reguladora de Energia e Saneamento B\u00e1sico do Estado do Rio de Janeiro), Marcus Vin\u00edcius Barbosa, disse que o grande desafio regulat\u00f3rio dos \u00faltimos quatro anos tem sido o de estruturar uma regula\u00e7\u00e3o adequada e eficiente para a nova realidade que se apresentou ap\u00f3s o novo marco legal.<\/p>\n\n\n\n<p><strong>Profissionaliza\u00e7\u00e3o<\/strong><br>No caso da&nbsp;ag\u00eancia, Barbosa conta que isso foi feito, por exemplo, com investimento&nbsp;em profissionaliza\u00e7\u00e3o para acompanhar a amplia\u00e7\u00e3o dos servi\u00e7os da Cedae, cujos servi\u00e7os de distribui\u00e7\u00e3o de \u00e1gua e colega e tratamento de esgotos foram concedidos \u00e0&nbsp;iniciativa privada em 2021 por R$ 22 bilh\u00f5es.<\/p>\n\n\n\n<p>Antes do leil\u00e3o, cerca de 35% da popula\u00e7\u00e3o do Rio de Janeiro n\u00e3o tinha acesso \u00e0 rede de esgoto. Com o Marco Legal do Saneamento B\u00e1sico, ficou estabelecido que estados e munic\u00edpios devem atender \u00e0 universaliza\u00e7\u00e3o dos servi\u00e7os at\u00e9 2033 (99% da popula\u00e7\u00e3o com \u00e1gua pot\u00e1vel e 90% com coleta e tratamento de esgoto).<\/p>\n\n\n\n<p><strong>Limites<\/strong><br>O diretor da ag\u00eancia reguladora Ares PCJ (Ag\u00eancia Reguladora dos Servi\u00e7os de Saneamento das Bacias dos Rios Piracicaba, Capivari e Jundia\u00ed), Carlos Roberto de Oliveira, trouxe ao debate problemas regulat\u00f3rios com os quais a entidade se confrontou, mencionando dois tipos de conflitos:&nbsp;os econ\u00f4micos, que podem ser resolvidos por meio de reequil\u00edbrios, e os jur\u00eddicos, que v\u00e3o para a arbitragem.<\/p>\n\n\n\n<p>Para o diretor, h\u00e1 uma preocupa\u00e7\u00e3o do setor em rela\u00e7\u00e3o \u00e0s arbitragens, que podem afetar a autonomia das ag\u00eancias. A quest\u00e3o que se coloca \u00e9 sobre os limites das c\u00e2maras arbitrais quanto \u00e0 revis\u00e3o de atos das reguladoras. Oliveira defendeu a possibilidade de se discutir cl\u00e1usulas contratuais entre os envolvidos, mas que as decis\u00f5es t\u00e9cnicas devem ser sempre do ente regulador. &#8220;N\u00f3s temos aqui uma preocupa\u00e7\u00e3o e um ponto muito claro, que temas de conte\u00fado estritamente regulat\u00f3rio n\u00e3o podem ser revisados.&#8221;<\/p>\n\n\n\n<p>O advogado da Torre Teodoro Advogados&nbsp;especialista no tema, Matheus Teodoro Ramsey, disse que h\u00e1 no Brasil mudan\u00e7as nas pr\u00e1ticas regulat\u00f3rias, que passam de \u2018hard regulation\u2019 para \u2018soft regulation\u2019. \u201cNesse racioc\u00ednio, voc\u00ea tem o agente regulador n\u00e3o s\u00f3 como um fiscalizador e punidor, mas tamb\u00e9m como um parceiro dos entes privados, dos concession\u00e1rios, em busca de uma regula\u00e7\u00e3o mais eficiente, que n\u00e3o necessariamente significa ser uma regula\u00e7\u00e3o punitivista.\u201d<\/p>\n","protected":false},"excerpt":{"rendered":"<p>apresentado por Abcon Sindcon A d\u00favida sobre como os conflitos no setor de saneamento podem ser arbitrados foi tema de discuss\u00e3o na primeira edi\u00e7\u00e3o do \u201cConex\u00f5es Saneamento \u2013 5 anos do Marco Legal do Saneamento\u201d, realizado no dia 26 de agosto (transmiss\u00e3o completa&nbsp;neste link). Davi Pereira Alves, procurador-chefe da ANA (Ag\u00eancias Nacional de \u00c1guas e [&hellip;]<\/p>\n","protected":false},"author":1,"featured_media":27136,"comment_status":"closed","ping_status":"closed","sticky":false,"template":"","format":"standard","meta":{"_monsterinsights_skip_tracking":false,"_monsterinsights_sitenote_active":false,"_monsterinsights_sitenote_note":"","_monsterinsights_sitenote_category":0,"footnotes":""},"categories":[1,2053],"tags":[2392,1121,77,1262,15147,10153,15087,15144,15145,6273,15146,15149,4035,73,15148],"class_list":["post-27133","post","type-post","status-publish","format-standard","has-post-thumbnail","hentry","category-geral","category-infraliveventos","tag-abcon-sindcon","tag-agenersa","tag-ana","tag-arbitragem","tag-ares-pcj-2","tag-carlos-roberto-de-oliveira","tag-conexoes-saneamento","tag-davi-pereira-alves","tag-fernanda-rodrigues-de-morais","tag-marco-legal-do-saneamento","tag-marcus-vinicius-barbosa","tag-matheus-teodoro-ramsey","tag-ministerio-das-cidades","tag-saneamento-basico","tag-torre-teodoro-advogados"],"yoast_head":"<!-- This site is optimized with the Yoast SEO Premium plugin v25.4 (Yoast SEO v26.0) - https:\/\/yoast.com\/wordpress\/plugins\/seo\/ -->\n<title>Conex\u00f5es Saneamento: Arbitragem n\u00e3o pode ser revisora das reguladoras - Ag\u00eancia iNFRA<\/title>\n<meta name=\"robots\" content=\"index, follow, max-snippet:-1, max-image-preview:large, max-video-preview:-1\" \/>\n<link rel=\"canonical\" href=\"https:\/\/agenciainfra.com\/blog\/conexoes-saneamento-arbitragem-nao-pode-ser-revisora-das-reguladoras\/\" \/>\n<meta property=\"og:locale\" content=\"pt_BR\" \/>\n<meta property=\"og:type\" content=\"article\" \/>\n<meta property=\"og:title\" content=\"Conex\u00f5es Saneamento: Arbitragem n\u00e3o pode ser revisora das reguladoras\" \/>\n<meta property=\"og:description\" content=\"apresentado por Abcon Sindcon A d\u00favida sobre como os conflitos no setor de saneamento podem ser arbitrados foi tema de discuss\u00e3o na primeira edi\u00e7\u00e3o do \u201cConex\u00f5es Saneamento \u2013 5 anos do Marco Legal do Saneamento\u201d, realizado no dia 26 de agosto (transmiss\u00e3o completa&nbsp;neste link). Davi Pereira Alves, procurador-chefe da ANA (Ag\u00eancias Nacional de \u00c1guas e [&hellip;]\" \/>\n<meta property=\"og:url\" content=\"https:\/\/agenciainfra.com\/blog\/conexoes-saneamento-arbitragem-nao-pode-ser-revisora-das-reguladoras\/\" \/>\n<meta property=\"og:site_name\" content=\"Ag\u00eancia iNFRA\" \/>\n<meta property=\"article:publisher\" content=\"https:\/\/www.facebook.com\/ageninfra\" \/>\n<meta property=\"article:published_time\" content=\"2025-09-03T14:38:40+00:00\" \/>\n<meta property=\"article:modified_time\" content=\"2025-09-04T15:17:46+00:00\" \/>\n<meta property=\"og:image\" content=\"https:\/\/agenciainfra.com\/blog\/wp-content\/uploads\/2025\/09\/conexoes-saneamento-abcon-foto-percio-campos-agencia-infra.jpg\" \/>\n\t<meta property=\"og:image:width\" content=\"1280\" \/>\n\t<meta property=\"og:image:height\" content=\"853\" \/>\n\t<meta property=\"og:image:type\" content=\"image\/jpeg\" \/>\n<meta name=\"author\" content=\"Ag\u00eancia iNFRA\" \/>\n<meta name=\"twitter:card\" content=\"summary_large_image\" \/>\n<meta name=\"twitter:creator\" content=\"@agencia_infra\" \/>\n<meta name=\"twitter:site\" content=\"@agencia_infra\" \/>\n<meta name=\"twitter:label1\" content=\"Escrito por\" \/>\n\t<meta name=\"twitter:data1\" content=\"Ag\u00eancia iNFRA\" \/>\n\t<meta name=\"twitter:label2\" content=\"Est. tempo de leitura\" \/>\n\t<meta name=\"twitter:data2\" content=\"4 minutos\" \/>\n<script type=\"application\/ld+json\" class=\"yoast-schema-graph\">{\"@context\":\"https:\/\/schema.org\",\"@graph\":[{\"@type\":\"Article\",\"@id\":\"https:\/\/agenciainfra.com\/blog\/conexoes-saneamento-arbitragem-nao-pode-ser-revisora-das-reguladoras\/#article\",\"isPartOf\":{\"@id\":\"https:\/\/agenciainfra.com\/blog\/conexoes-saneamento-arbitragem-nao-pode-ser-revisora-das-reguladoras\/\"},\"author\":{\"name\":\"Ag\u00eancia iNFRA\",\"@id\":\"https:\/\/agenciainfra.com\/blog\/#\/schema\/person\/34af08dff6adea4cb22b06612ba7acfa\"},\"headline\":\"Conex\u00f5es Saneamento: Arbitragem n\u00e3o pode ser revisora das reguladoras\",\"datePublished\":\"2025-09-03T14:38:40+00:00\",\"dateModified\":\"2025-09-04T15:17:46+00:00\",\"mainEntityOfPage\":{\"@id\":\"https:\/\/agenciainfra.com\/blog\/conexoes-saneamento-arbitragem-nao-pode-ser-revisora-das-reguladoras\/\"},\"wordCount\":739,\"publisher\":{\"@id\":\"https:\/\/agenciainfra.com\/blog\/#organization\"},\"image\":{\"@id\":\"https:\/\/agenciainfra.com\/blog\/conexoes-saneamento-arbitragem-nao-pode-ser-revisora-das-reguladoras\/#primaryimage\"},\"thumbnailUrl\":\"https:\/\/agenciainfra.com\/blog\/wp-content\/uploads\/2025\/09\/conexoes-saneamento-abcon-foto-percio-campos-agencia-infra.jpg\",\"keywords\":[\"Abcon Sindcon\",\"Agenersa\",\"ANA\",\"arbitragem\",\"Ares PCJ\",\"Carlos Roberto de Oliveira\",\"Conex\u00f5es Saneamento\",\"Davi Pereira Alves\",\"Fernanda Rodrigues de Morais\",\"marco legal do saneamento\",\"Marcus Vin\u00edcius Barbosa\",\"Matheus Teodoro Ramsey\",\"Minist\u00e9rio das Cidades\",\"Saneamento B\u00e1sico\",\"Torre Teodoro Advogados\"],\"articleSection\":[\"Geral\",\"iNFRALive e Eventos\"],\"inLanguage\":\"pt-BR\",\"copyrightYear\":\"2025\",\"copyrightHolder\":{\"@id\":\"https:\/\/agenciainfra.com\/blog\/#organization\"}},{\"@type\":\"WebPage\",\"@id\":\"https:\/\/agenciainfra.com\/blog\/conexoes-saneamento-arbitragem-nao-pode-ser-revisora-das-reguladoras\/\",\"url\":\"https:\/\/agenciainfra.com\/blog\/conexoes-saneamento-arbitragem-nao-pode-ser-revisora-das-reguladoras\/\",\"name\":\"Conex\u00f5es Saneamento: Arbitragem n\u00e3o pode ser revisora das reguladoras - Ag\u00eancia iNFRA\",\"isPartOf\":{\"@id\":\"https:\/\/agenciainfra.com\/blog\/#website\"},\"primaryImageOfPage\":{\"@id\":\"https:\/\/agenciainfra.com\/blog\/conexoes-saneamento-arbitragem-nao-pode-ser-revisora-das-reguladoras\/#primaryimage\"},\"image\":{\"@id\":\"https:\/\/agenciainfra.com\/blog\/conexoes-saneamento-arbitragem-nao-pode-ser-revisora-das-reguladoras\/#primaryimage\"},\"thumbnailUrl\":\"https:\/\/agenciainfra.com\/blog\/wp-content\/uploads\/2025\/09\/conexoes-saneamento-abcon-foto-percio-campos-agencia-infra.jpg\",\"datePublished\":\"2025-09-03T14:38:40+00:00\",\"dateModified\":\"2025-09-04T15:17:46+00:00\",\"breadcrumb\":{\"@id\":\"https:\/\/agenciainfra.com\/blog\/conexoes-saneamento-arbitragem-nao-pode-ser-revisora-das-reguladoras\/#breadcrumb\"},\"inLanguage\":\"pt-BR\",\"potentialAction\":[{\"@type\":\"ReadAction\",\"target\":[\"https:\/\/agenciainfra.com\/blog\/conexoes-saneamento-arbitragem-nao-pode-ser-revisora-das-reguladoras\/\"]}]},{\"@type\":\"ImageObject\",\"inLanguage\":\"pt-BR\",\"@id\":\"https:\/\/agenciainfra.com\/blog\/conexoes-saneamento-arbitragem-nao-pode-ser-revisora-das-reguladoras\/#primaryimage\",\"url\":\"https:\/\/agenciainfra.com\/blog\/wp-content\/uploads\/2025\/09\/conexoes-saneamento-abcon-foto-percio-campos-agencia-infra.jpg\",\"contentUrl\":\"https:\/\/agenciainfra.com\/blog\/wp-content\/uploads\/2025\/09\/conexoes-saneamento-abcon-foto-percio-campos-agencia-infra.jpg\",\"width\":1280,\"height\":853,\"caption\":\"Foto: Percio Campos\/Ag\u00eancia iNFRA\"},{\"@type\":\"BreadcrumbList\",\"@id\":\"https:\/\/agenciainfra.com\/blog\/conexoes-saneamento-arbitragem-nao-pode-ser-revisora-das-reguladoras\/#breadcrumb\",\"itemListElement\":[{\"@type\":\"ListItem\",\"position\":1,\"name\":\"In\u00edcio\",\"item\":\"https:\/\/agenciainfra.com\/blog\/\"},{\"@type\":\"ListItem\",\"position\":2,\"name\":\"Conex\u00f5es Saneamento: Arbitragem n\u00e3o pode ser revisora das reguladoras\"}]},{\"@type\":\"WebSite\",\"@id\":\"https:\/\/agenciainfra.com\/blog\/#website\",\"url\":\"https:\/\/agenciainfra.com\/blog\/\",\"name\":\"Ag\u00eancia iNFRA\",\"description\":\"Multiplataforma de informa\u00e7\u00e3o jornal\u00edstica refer\u00eancia na \u00e1rea de infraestrutura no Brasil!\",\"publisher\":{\"@id\":\"https:\/\/agenciainfra.com\/blog\/#organization\"},\"potentialAction\":[{\"@type\":\"SearchAction\",\"target\":{\"@type\":\"EntryPoint\",\"urlTemplate\":\"https:\/\/agenciainfra.com\/blog\/?s={search_term_string}\"},\"query-input\":{\"@type\":\"PropertyValueSpecification\",\"valueRequired\":true,\"valueName\":\"search_term_string\"}}],\"inLanguage\":\"pt-BR\"},{\"@type\":\"Organization\",\"@id\":\"https:\/\/agenciainfra.com\/blog\/#organization\",\"name\":\"Ag\u00eancia iNFRA\",\"url\":\"https:\/\/agenciainfra.com\/blog\/\",\"logo\":{\"@type\":\"ImageObject\",\"inLanguage\":\"pt-BR\",\"@id\":\"https:\/\/agenciainfra.com\/blog\/#\/schema\/logo\/image\/\",\"url\":\"https:\/\/agenciainfra.com\/blog\/wp-content\/uploads\/2023\/09\/iNFRA_5-e1761735885940.png\",\"contentUrl\":\"https:\/\/agenciainfra.com\/blog\/wp-content\/uploads\/2023\/09\/iNFRA_5-e1761735885940.png\",\"width\":1672,\"height\":454,\"caption\":\"Ag\u00eancia iNFRA\"},\"image\":{\"@id\":\"https:\/\/agenciainfra.com\/blog\/#\/schema\/logo\/image\/\"},\"sameAs\":[\"https:\/\/www.facebook.com\/ageninfra\",\"https:\/\/x.com\/agencia_infra\",\"https:\/\/www.linkedin.com\/company\/ag\u00eanciainfra\/\",\"https:\/\/www.instagram.com\/agenciainfra\/\"]},{\"@type\":\"Person\",\"@id\":\"https:\/\/agenciainfra.com\/blog\/#\/schema\/person\/34af08dff6adea4cb22b06612ba7acfa\",\"name\":\"Ag\u00eancia iNFRA\",\"image\":{\"@type\":\"ImageObject\",\"inLanguage\":\"pt-BR\",\"@id\":\"https:\/\/agenciainfra.com\/blog\/#\/schema\/person\/image\/\",\"url\":\"https:\/\/secure.gravatar.com\/avatar\/d189e01678f06d8eb84d4e01f08eb848b3fffe3f8443818d3c356c66892f5be8?s=96&d=mm&r=g\",\"contentUrl\":\"https:\/\/secure.gravatar.com\/avatar\/d189e01678f06d8eb84d4e01f08eb848b3fffe3f8443818d3c356c66892f5be8?s=96&d=mm&r=g\",\"caption\":\"Ag\u00eancia iNFRA\"},\"url\":\"https:\/\/agenciainfra.com\/blog\/author\/admin\/\"}]}<\/script>\n<!-- \/ Yoast SEO Premium plugin. -->","yoast_head_json":{"title":"Conex\u00f5es Saneamento: Arbitragem n\u00e3o pode ser revisora das reguladoras - Ag\u00eancia iNFRA","robots":{"index":"index","follow":"follow","max-snippet":"max-snippet:-1","max-image-preview":"max-image-preview:large","max-video-preview":"max-video-preview:-1"},"canonical":"https:\/\/agenciainfra.com\/blog\/conexoes-saneamento-arbitragem-nao-pode-ser-revisora-das-reguladoras\/","og_locale":"pt_BR","og_type":"article","og_title":"Conex\u00f5es Saneamento: Arbitragem n\u00e3o pode ser revisora das reguladoras","og_description":"apresentado por Abcon Sindcon A d\u00favida sobre como os conflitos no setor de saneamento podem ser arbitrados foi tema de discuss\u00e3o na primeira edi\u00e7\u00e3o do \u201cConex\u00f5es Saneamento \u2013 5 anos do Marco Legal do Saneamento\u201d, realizado no dia 26 de agosto (transmiss\u00e3o completa&nbsp;neste link). Davi Pereira Alves, procurador-chefe da ANA (Ag\u00eancias Nacional de \u00c1guas e [&hellip;]","og_url":"https:\/\/agenciainfra.com\/blog\/conexoes-saneamento-arbitragem-nao-pode-ser-revisora-das-reguladoras\/","og_site_name":"Ag\u00eancia iNFRA","article_publisher":"https:\/\/www.facebook.com\/ageninfra","article_published_time":"2025-09-03T14:38:40+00:00","article_modified_time":"2025-09-04T15:17:46+00:00","og_image":[{"width":1280,"height":853,"url":"https:\/\/agenciainfra.com\/blog\/wp-content\/uploads\/2025\/09\/conexoes-saneamento-abcon-foto-percio-campos-agencia-infra.jpg","type":"image\/jpeg"}],"author":"Ag\u00eancia iNFRA","twitter_card":"summary_large_image","twitter_creator":"@agencia_infra","twitter_site":"@agencia_infra","twitter_misc":{"Escrito por":"Ag\u00eancia iNFRA","Est. tempo de leitura":"4 minutos"},"schema":{"@context":"https:\/\/schema.org","@graph":[{"@type":"Article","@id":"https:\/\/agenciainfra.com\/blog\/conexoes-saneamento-arbitragem-nao-pode-ser-revisora-das-reguladoras\/#article","isPartOf":{"@id":"https:\/\/agenciainfra.com\/blog\/conexoes-saneamento-arbitragem-nao-pode-ser-revisora-das-reguladoras\/"},"author":{"name":"Ag\u00eancia iNFRA","@id":"https:\/\/agenciainfra.com\/blog\/#\/schema\/person\/34af08dff6adea4cb22b06612ba7acfa"},"headline":"Conex\u00f5es Saneamento: Arbitragem n\u00e3o pode ser revisora das reguladoras","datePublished":"2025-09-03T14:38:40+00:00","dateModified":"2025-09-04T15:17:46+00:00","mainEntityOfPage":{"@id":"https:\/\/agenciainfra.com\/blog\/conexoes-saneamento-arbitragem-nao-pode-ser-revisora-das-reguladoras\/"},"wordCount":739,"publisher":{"@id":"https:\/\/agenciainfra.com\/blog\/#organization"},"image":{"@id":"https:\/\/agenciainfra.com\/blog\/conexoes-saneamento-arbitragem-nao-pode-ser-revisora-das-reguladoras\/#primaryimage"},"thumbnailUrl":"https:\/\/agenciainfra.com\/blog\/wp-content\/uploads\/2025\/09\/conexoes-saneamento-abcon-foto-percio-campos-agencia-infra.jpg","keywords":["Abcon Sindcon","Agenersa","ANA","arbitragem","Ares PCJ","Carlos Roberto de Oliveira","Conex\u00f5es Saneamento","Davi Pereira Alves","Fernanda Rodrigues de Morais","marco legal do saneamento","Marcus Vin\u00edcius Barbosa","Matheus Teodoro Ramsey","Minist\u00e9rio das Cidades","Saneamento B\u00e1sico","Torre Teodoro Advogados"],"articleSection":["Geral","iNFRALive e Eventos"],"inLanguage":"pt-BR","copyrightYear":"2025","copyrightHolder":{"@id":"https:\/\/agenciainfra.com\/blog\/#organization"}},{"@type":"WebPage","@id":"https:\/\/agenciainfra.com\/blog\/conexoes-saneamento-arbitragem-nao-pode-ser-revisora-das-reguladoras\/","url":"https:\/\/agenciainfra.com\/blog\/conexoes-saneamento-arbitragem-nao-pode-ser-revisora-das-reguladoras\/","name":"Conex\u00f5es Saneamento: Arbitragem n\u00e3o pode ser revisora das reguladoras - Ag\u00eancia iNFRA","isPartOf":{"@id":"https:\/\/agenciainfra.com\/blog\/#website"},"primaryImageOfPage":{"@id":"https:\/\/agenciainfra.com\/blog\/conexoes-saneamento-arbitragem-nao-pode-ser-revisora-das-reguladoras\/#primaryimage"},"image":{"@id":"https:\/\/agenciainfra.com\/blog\/conexoes-saneamento-arbitragem-nao-pode-ser-revisora-das-reguladoras\/#primaryimage"},"thumbnailUrl":"https:\/\/agenciainfra.com\/blog\/wp-content\/uploads\/2025\/09\/conexoes-saneamento-abcon-foto-percio-campos-agencia-infra.jpg","datePublished":"2025-09-03T14:38:40+00:00","dateModified":"2025-09-04T15:17:46+00:00","breadcrumb":{"@id":"https:\/\/agenciainfra.com\/blog\/conexoes-saneamento-arbitragem-nao-pode-ser-revisora-das-reguladoras\/#breadcrumb"},"inLanguage":"pt-BR","potentialAction":[{"@type":"ReadAction","target":["https:\/\/agenciainfra.com\/blog\/conexoes-saneamento-arbitragem-nao-pode-ser-revisora-das-reguladoras\/"]}]},{"@type":"ImageObject","inLanguage":"pt-BR","@id":"https:\/\/agenciainfra.com\/blog\/conexoes-saneamento-arbitragem-nao-pode-ser-revisora-das-reguladoras\/#primaryimage","url":"https:\/\/agenciainfra.com\/blog\/wp-content\/uploads\/2025\/09\/conexoes-saneamento-abcon-foto-percio-campos-agencia-infra.jpg","contentUrl":"https:\/\/agenciainfra.com\/blog\/wp-content\/uploads\/2025\/09\/conexoes-saneamento-abcon-foto-percio-campos-agencia-infra.jpg","width":1280,"height":853,"caption":"Foto: Percio Campos\/Ag\u00eancia iNFRA"},{"@type":"BreadcrumbList","@id":"https:\/\/agenciainfra.com\/blog\/conexoes-saneamento-arbitragem-nao-pode-ser-revisora-das-reguladoras\/#breadcrumb","itemListElement":[{"@type":"ListItem","position":1,"name":"In\u00edcio","item":"https:\/\/agenciainfra.com\/blog\/"},{"@type":"ListItem","position":2,"name":"Conex\u00f5es Saneamento: Arbitragem n\u00e3o pode ser revisora das reguladoras"}]},{"@type":"WebSite","@id":"https:\/\/agenciainfra.com\/blog\/#website","url":"https:\/\/agenciainfra.com\/blog\/","name":"Ag\u00eancia iNFRA","description":"Multiplataforma de informa\u00e7\u00e3o jornal\u00edstica refer\u00eancia na \u00e1rea de infraestrutura no Brasil!","publisher":{"@id":"https:\/\/agenciainfra.com\/blog\/#organization"},"potentialAction":[{"@type":"SearchAction","target":{"@type":"EntryPoint","urlTemplate":"https:\/\/agenciainfra.com\/blog\/?s={search_term_string}"},"query-input":{"@type":"PropertyValueSpecification","valueRequired":true,"valueName":"search_term_string"}}],"inLanguage":"pt-BR"},{"@type":"Organization","@id":"https:\/\/agenciainfra.com\/blog\/#organization","name":"Ag\u00eancia iNFRA","url":"https:\/\/agenciainfra.com\/blog\/","logo":{"@type":"ImageObject","inLanguage":"pt-BR","@id":"https:\/\/agenciainfra.com\/blog\/#\/schema\/logo\/image\/","url":"https:\/\/agenciainfra.com\/blog\/wp-content\/uploads\/2023\/09\/iNFRA_5-e1761735885940.png","contentUrl":"https:\/\/agenciainfra.com\/blog\/wp-content\/uploads\/2023\/09\/iNFRA_5-e1761735885940.png","width":1672,"height":454,"caption":"Ag\u00eancia iNFRA"},"image":{"@id":"https:\/\/agenciainfra.com\/blog\/#\/schema\/logo\/image\/"},"sameAs":["https:\/\/www.facebook.com\/ageninfra","https:\/\/x.com\/agencia_infra","https:\/\/www.linkedin.com\/company\/ag\u00eanciainfra\/","https:\/\/www.instagram.com\/agenciainfra\/"]},{"@type":"Person","@id":"https:\/\/agenciainfra.com\/blog\/#\/schema\/person\/34af08dff6adea4cb22b06612ba7acfa","name":"Ag\u00eancia iNFRA","image":{"@type":"ImageObject","inLanguage":"pt-BR","@id":"https:\/\/agenciainfra.com\/blog\/#\/schema\/person\/image\/","url":"https:\/\/secure.gravatar.com\/avatar\/d189e01678f06d8eb84d4e01f08eb848b3fffe3f8443818d3c356c66892f5be8?s=96&d=mm&r=g","contentUrl":"https:\/\/secure.gravatar.com\/avatar\/d189e01678f06d8eb84d4e01f08eb848b3fffe3f8443818d3c356c66892f5be8?s=96&d=mm&r=g","caption":"Ag\u00eancia iNFRA"},"url":"https:\/\/agenciainfra.com\/blog\/author\/admin\/"}]}},"_links":{"self":[{"href":"https:\/\/agenciainfra.com\/blog\/wp-json\/wp\/v2\/posts\/27133","targetHints":{"allow":["GET"]}}],"collection":[{"href":"https:\/\/agenciainfra.com\/blog\/wp-json\/wp\/v2\/posts"}],"about":[{"href":"https:\/\/agenciainfra.com\/blog\/wp-json\/wp\/v2\/types\/post"}],"author":[{"embeddable":true,"href":"https:\/\/agenciainfra.com\/blog\/wp-json\/wp\/v2\/users\/1"}],"replies":[{"embeddable":true,"href":"https:\/\/agenciainfra.com\/blog\/wp-json\/wp\/v2\/comments?post=27133"}],"version-history":[{"count":3,"href":"https:\/\/agenciainfra.com\/blog\/wp-json\/wp\/v2\/posts\/27133\/revisions"}],"predecessor-version":[{"id":27212,"href":"https:\/\/agenciainfra.com\/blog\/wp-json\/wp\/v2\/posts\/27133\/revisions\/27212"}],"wp:featuredmedia":[{"embeddable":true,"href":"https:\/\/agenciainfra.com\/blog\/wp-json\/wp\/v2\/media\/27136"}],"wp:attachment":[{"href":"https:\/\/agenciainfra.com\/blog\/wp-json\/wp\/v2\/media?parent=27133"}],"wp:term":[{"taxonomy":"category","embeddable":true,"href":"https:\/\/agenciainfra.com\/blog\/wp-json\/wp\/v2\/categories?post=27133"},{"taxonomy":"post_tag","embeddable":true,"href":"https:\/\/agenciainfra.com\/blog\/wp-json\/wp\/v2\/tags?post=27133"}],"curies":[{"name":"wp","href":"https:\/\/api.w.org\/{rel}","templated":true}]}}