{"id":27137,"date":"2025-09-03T14:00:00","date_gmt":"2025-09-03T17:00:00","guid":{"rendered":"https:\/\/agenciainfra.com\/blog\/?p=27137"},"modified":"2025-09-04T13:16:45","modified_gmt":"2025-09-04T16:16:45","slug":"concessionarias-cobram-integracao-e-regras-claras-para-o-free-flow","status":"publish","type":"post","link":"https:\/\/agenciainfra.com\/blog\/concessionarias-cobram-integracao-e-regras-claras-para-o-free-flow\/","title":{"rendered":"Concession\u00e1rias cobram integra\u00e7\u00e3o e regras claras para o free flow"},"content":{"rendered":"\n<p class=\"has-text-align-right\"><strong>Mar\u00edlia Sena, da Ag\u00eancia iNFRA<\/strong><\/p>\n\n\n\n<p>Representantes de concession\u00e1rias e empresas de pagamento apontaram que, apesar da expans\u00e3o do modelo de cobran\u00e7a autom\u00e1tica de ped\u00e1gio de fluxo livre (free flow) no pa\u00eds, ainda n\u00e3o h\u00e1 regras gerais definidas, o que gera incertezas e riscos operacionais.\u00a0A cobran\u00e7a foi apresentarada \u00e0\u00a0ANTT (Ag\u00eancia Nacional de Transportes Terrestres), nesta ter\u00e7a-feira (2), em audi\u00eancia p\u00fablica sobre o modelo.<br><br>O diretor-presidente da Via Arauc\u00e1ria, que administra o Lote 1 das rodovias do Paran\u00e1, S\u00e9rgio Santill\u00e1n, citou o caso de motoristas que passam pelo trecho e precisam efetuar pagamentos a tr\u00eas concession\u00e1rias diferentes. Ele defendeu a integra\u00e7\u00e3o dos sistemas, com parcerias que permitam centralizar informa\u00e7\u00f5es e viabilizar a cobran\u00e7a por meio de uma \u00fanica gestora de banco de dados.<br><br>O primeiro modelo de cobran\u00e7a autom\u00e1tica de ped\u00e1gio foi apresentado pela ANTT num sandbox regulat\u00f3rio iniciado em\u00a02022 na BR-101\/RJ, da\u00a0Concession\u00e1ria Motiva\u00a0Rio-SP. Ap\u00f3s dois anos de execu\u00e7\u00e3o em modelo de teste, a ANTT iniciou uma regulamenta\u00e7\u00e3o geral para valer para todas as concession\u00e1rias do pa\u00eds.<br><br>As empresas de pagamento autom\u00e1tico refor\u00e7aram que j\u00e1 existe tecnologia interoper\u00e1vel para a integra\u00e7\u00e3o. Segundo a Abepam (Associa\u00e7\u00e3o Brasileira das Empresas de Pagamento Autom\u00e1tico para Mobilidade), uma concess\u00e3o federal opera hoje com tr\u00eas p\u00f3rticos, mas at\u00e9 o fim do ano esse n\u00famero deve subir para 24, chegando a 52 at\u00e9 2026. \u201cO motorista precisar\u00e1 acessar apenas um canal para pagar; n\u00e3o far\u00e1 sentido recorrer a v\u00e1rios sistemas\u201d, afirmou Humberto Filho, representante da entidade.<br><br>A ABCR (Associa\u00e7\u00e3o Brasileira de Concession\u00e1rias de Rodovias), representada por Andr\u00e9 Curiavi, cobrou maior clareza sobre a chamada conta de migra\u00e7\u00e3o do free flow. Para a entidade, as regras atuais podem engessar recursos e gerar desincentivos ao setor. Como alternativa, a associa\u00e7\u00e3o sugeriu adotar um modelo gr\u00e1fico, em que a conta seja ajustada conforme os riscos assumidos pelo poder concedente, como a inadimpl\u00eancia dos usu\u00e1rios. A associa\u00e7\u00e3o tamb\u00e9m defendeu a cria\u00e7\u00e3o de um portal \u00fanico para o registro dos usu\u00e1rios.<br><br>A audi\u00eancia foi realizada no \u00e2mbito da reabertura da Audi\u00eancia P\u00fablica 10\/2024, voltada \u00e0 regulamenta\u00e7\u00e3o do free flow. O processo foi retomado ap\u00f3s parecer da Procuradoria Federal junto \u00e0 ANTT, que apontou a necessidade de unificar normas para evitar contradi\u00e7\u00f5es e refor\u00e7ar a seguran\u00e7a jur\u00eddica.\u00a0<br><br>O assessor parlamentar do deputado Hugo Leal (PSD-RJ), Jerry Dias, ponderou que o modelo ainda apresenta falhas para parte dos usu\u00e1rios, sobretudo aqueles com menor familiaridade tecnol\u00f3gica. Para ele, a maioria dos inadimplentes no sistema free flow s\u00e3o pessoas \u201cmais simples e que n\u00e3o t\u00eam tanto acesso ou facilidade com a tecnologia\u201d. Dias lembrou ainda sobre a possibilidade de fraudes. \u201cComo o usu\u00e1rio vai saber se o site ou o aplicativo de pagamento do free flow n\u00e3o \u00e9 fraudulento?\u201d<br><br>Em resposta \u00e0s cr\u00edticas, o gerente de Regula\u00e7\u00e3o Rodovi\u00e1ria da ANTT, Ricardo Tim\u00f3teo, afirmou que a resolu\u00e7\u00e3o em discuss\u00e3o busca aprimorar regras j\u00e1 existentes e que a expectativa \u00e9 aprov\u00e1-la at\u00e9 o fim do ano. Segundo ele, pontos como a cria\u00e7\u00e3o de um sistema \u00fanico de cobran\u00e7a exigem envolvimento mais amplo do poder p\u00fablico e a discuss\u00e3o atual da resolu\u00e7\u00e3o do free flow n\u00e3o contempla a complexidade do assunto.<\/p>\n","protected":false},"excerpt":{"rendered":"<p>Mar\u00edlia Sena, da Ag\u00eancia iNFRA Representantes de concession\u00e1rias e empresas de pagamento apontaram que, apesar da expans\u00e3o do modelo de cobran\u00e7a autom\u00e1tica de ped\u00e1gio de fluxo livre (free flow) no pa\u00eds, ainda n\u00e3o h\u00e1 regras gerais definidas, o que gera incertezas e riscos operacionais.\u00a0A cobran\u00e7a foi apresentarada \u00e0\u00a0ANTT (Ag\u00eancia Nacional de Transportes Terrestres), nesta ter\u00e7a-feira [&hellip;]<\/p>\n","protected":false},"author":1,"featured_media":27138,"comment_status":"closed","ping_status":"closed","sticky":false,"template":"","format":"standard","meta":{"_monsterinsights_skip_tracking":false,"_monsterinsights_sitenote_active":false,"_monsterinsights_sitenote_note":"","_monsterinsights_sitenote_category":0,"footnotes":""},"categories":[1,7],"tags":[613,5414,15152,19,1106,1189,15151,15153,11654,15154,15150,8411],"class_list":["post-27137","post","type-post","status-publish","format-standard","has-post-thumbnail","hentry","category-geral","category-infratransporte","tag-abcr","tag-abepam","tag-andre-curiavi","tag-antt","tag-free-flow","tag-hugo-leal","tag-humberto-filho","tag-jerry-dias","tag-marilia-sena","tag-ricardo-timoteo","tag-sergio-santillan","tag-via-araucaria"],"yoast_head":"<!-- This site is optimized with the Yoast SEO Premium plugin v25.4 (Yoast SEO v26.0) - https:\/\/yoast.com\/wordpress\/plugins\/seo\/ -->\n<title>Concession\u00e1rias cobram integra\u00e7\u00e3o e regras claras para o free flow - Ag\u00eancia iNFRA<\/title>\n<meta name=\"robots\" content=\"index, follow, max-snippet:-1, max-image-preview:large, max-video-preview:-1\" \/>\n<link rel=\"canonical\" href=\"https:\/\/agenciainfra.com\/blog\/concessionarias-cobram-integracao-e-regras-claras-para-o-free-flow\/\" \/>\n<meta property=\"og:locale\" content=\"pt_BR\" \/>\n<meta property=\"og:type\" content=\"article\" \/>\n<meta property=\"og:title\" content=\"Concession\u00e1rias cobram integra\u00e7\u00e3o e regras claras para o free flow\" \/>\n<meta property=\"og:description\" content=\"Mar\u00edlia Sena, da Ag\u00eancia iNFRA Representantes de concession\u00e1rias e empresas de pagamento apontaram que, apesar da expans\u00e3o do modelo de cobran\u00e7a autom\u00e1tica de ped\u00e1gio de fluxo livre (free flow) no pa\u00eds, ainda n\u00e3o h\u00e1 regras gerais definidas, o que gera incertezas e riscos operacionais.\u00a0A cobran\u00e7a foi apresentarada \u00e0\u00a0ANTT (Ag\u00eancia Nacional de Transportes Terrestres), nesta ter\u00e7a-feira [&hellip;]\" \/>\n<meta property=\"og:url\" content=\"https:\/\/agenciainfra.com\/blog\/concessionarias-cobram-integracao-e-regras-claras-para-o-free-flow\/\" \/>\n<meta property=\"og:site_name\" content=\"Ag\u00eancia iNFRA\" \/>\n<meta property=\"article:publisher\" content=\"https:\/\/www.facebook.com\/ageninfra\" \/>\n<meta property=\"article:published_time\" content=\"2025-09-03T17:00:00+00:00\" \/>\n<meta property=\"article:modified_time\" content=\"2025-09-04T16:16:45+00:00\" \/>\n<meta property=\"og:image\" content=\"https:\/\/agenciainfra.com\/blog\/wp-content\/uploads\/2025\/09\/audiencia-publica-antt-foto-rebeca-takechi-comunicacao-antt.jpeg\" \/>\n\t<meta property=\"og:image:width\" content=\"1280\" \/>\n\t<meta property=\"og:image:height\" content=\"853\" \/>\n\t<meta property=\"og:image:type\" content=\"image\/jpeg\" \/>\n<meta name=\"author\" content=\"Ag\u00eancia iNFRA\" \/>\n<meta name=\"twitter:card\" content=\"summary_large_image\" \/>\n<meta name=\"twitter:creator\" content=\"@agencia_infra\" \/>\n<meta name=\"twitter:site\" content=\"@agencia_infra\" \/>\n<meta name=\"twitter:label1\" content=\"Escrito por\" \/>\n\t<meta name=\"twitter:data1\" content=\"Ag\u00eancia iNFRA\" \/>\n\t<meta name=\"twitter:label2\" content=\"Est. tempo de leitura\" \/>\n\t<meta name=\"twitter:data2\" content=\"3 minutos\" \/>\n<script type=\"application\/ld+json\" class=\"yoast-schema-graph\">{\"@context\":\"https:\/\/schema.org\",\"@graph\":[{\"@type\":\"Article\",\"@id\":\"https:\/\/agenciainfra.com\/blog\/concessionarias-cobram-integracao-e-regras-claras-para-o-free-flow\/#article\",\"isPartOf\":{\"@id\":\"https:\/\/agenciainfra.com\/blog\/concessionarias-cobram-integracao-e-regras-claras-para-o-free-flow\/\"},\"author\":{\"name\":\"Ag\u00eancia iNFRA\",\"@id\":\"https:\/\/agenciainfra.com\/blog\/#\/schema\/person\/34af08dff6adea4cb22b06612ba7acfa\"},\"headline\":\"Concession\u00e1rias cobram integra\u00e7\u00e3o e regras claras para o free flow\",\"datePublished\":\"2025-09-03T17:00:00+00:00\",\"dateModified\":\"2025-09-04T16:16:45+00:00\",\"mainEntityOfPage\":{\"@id\":\"https:\/\/agenciainfra.com\/blog\/concessionarias-cobram-integracao-e-regras-claras-para-o-free-flow\/\"},\"wordCount\":601,\"publisher\":{\"@id\":\"https:\/\/agenciainfra.com\/blog\/#organization\"},\"image\":{\"@id\":\"https:\/\/agenciainfra.com\/blog\/concessionarias-cobram-integracao-e-regras-claras-para-o-free-flow\/#primaryimage\"},\"thumbnailUrl\":\"https:\/\/agenciainfra.com\/blog\/wp-content\/uploads\/2025\/09\/audiencia-publica-antt-foto-rebeca-takechi-comunicacao-antt.jpeg\",\"keywords\":[\"abcr\",\"Abepam\",\"Andr\u00e9 Curiavi\",\"ANTT\",\"free flow\",\"Hugo Leal\",\"Humberto Filho\",\"Jerry Dias\",\"Mar\u00edlia Sena\",\"Ricardo Tim\u00f3teo\",\"S\u00e9rgio Santill\u00e1n\",\"Via Arauc\u00e1ria\"],\"articleSection\":[\"Geral\",\"iNFRATransporte\"],\"inLanguage\":\"pt-BR\",\"copyrightYear\":\"2025\",\"copyrightHolder\":{\"@id\":\"https:\/\/agenciainfra.com\/blog\/#organization\"}},{\"@type\":\"WebPage\",\"@id\":\"https:\/\/agenciainfra.com\/blog\/concessionarias-cobram-integracao-e-regras-claras-para-o-free-flow\/\",\"url\":\"https:\/\/agenciainfra.com\/blog\/concessionarias-cobram-integracao-e-regras-claras-para-o-free-flow\/\",\"name\":\"Concession\u00e1rias cobram integra\u00e7\u00e3o e regras claras para o free flow - Ag\u00eancia iNFRA\",\"isPartOf\":{\"@id\":\"https:\/\/agenciainfra.com\/blog\/#website\"},\"primaryImageOfPage\":{\"@id\":\"https:\/\/agenciainfra.com\/blog\/concessionarias-cobram-integracao-e-regras-claras-para-o-free-flow\/#primaryimage\"},\"image\":{\"@id\":\"https:\/\/agenciainfra.com\/blog\/concessionarias-cobram-integracao-e-regras-claras-para-o-free-flow\/#primaryimage\"},\"thumbnailUrl\":\"https:\/\/agenciainfra.com\/blog\/wp-content\/uploads\/2025\/09\/audiencia-publica-antt-foto-rebeca-takechi-comunicacao-antt.jpeg\",\"datePublished\":\"2025-09-03T17:00:00+00:00\",\"dateModified\":\"2025-09-04T16:16:45+00:00\",\"breadcrumb\":{\"@id\":\"https:\/\/agenciainfra.com\/blog\/concessionarias-cobram-integracao-e-regras-claras-para-o-free-flow\/#breadcrumb\"},\"inLanguage\":\"pt-BR\",\"potentialAction\":[{\"@type\":\"ReadAction\",\"target\":[\"https:\/\/agenciainfra.com\/blog\/concessionarias-cobram-integracao-e-regras-claras-para-o-free-flow\/\"]}]},{\"@type\":\"ImageObject\",\"inLanguage\":\"pt-BR\",\"@id\":\"https:\/\/agenciainfra.com\/blog\/concessionarias-cobram-integracao-e-regras-claras-para-o-free-flow\/#primaryimage\",\"url\":\"https:\/\/agenciainfra.com\/blog\/wp-content\/uploads\/2025\/09\/audiencia-publica-antt-foto-rebeca-takechi-comunicacao-antt.jpeg\",\"contentUrl\":\"https:\/\/agenciainfra.com\/blog\/wp-content\/uploads\/2025\/09\/audiencia-publica-antt-foto-rebeca-takechi-comunicacao-antt.jpeg\",\"width\":1280,\"height\":853,\"caption\":\"Foto: Rebeca Takechi\/Comunica\u00e7\u00e3o ANTT\"},{\"@type\":\"BreadcrumbList\",\"@id\":\"https:\/\/agenciainfra.com\/blog\/concessionarias-cobram-integracao-e-regras-claras-para-o-free-flow\/#breadcrumb\",\"itemListElement\":[{\"@type\":\"ListItem\",\"position\":1,\"name\":\"In\u00edcio\",\"item\":\"https:\/\/agenciainfra.com\/blog\/\"},{\"@type\":\"ListItem\",\"position\":2,\"name\":\"Concession\u00e1rias cobram integra\u00e7\u00e3o e regras claras para o free flow\"}]},{\"@type\":\"WebSite\",\"@id\":\"https:\/\/agenciainfra.com\/blog\/#website\",\"url\":\"https:\/\/agenciainfra.com\/blog\/\",\"name\":\"Ag\u00eancia iNFRA\",\"description\":\"Multiplataforma de informa\u00e7\u00e3o jornal\u00edstica refer\u00eancia na \u00e1rea de infraestrutura no Brasil!\",\"publisher\":{\"@id\":\"https:\/\/agenciainfra.com\/blog\/#organization\"},\"potentialAction\":[{\"@type\":\"SearchAction\",\"target\":{\"@type\":\"EntryPoint\",\"urlTemplate\":\"https:\/\/agenciainfra.com\/blog\/?s={search_term_string}\"},\"query-input\":{\"@type\":\"PropertyValueSpecification\",\"valueRequired\":true,\"valueName\":\"search_term_string\"}}],\"inLanguage\":\"pt-BR\"},{\"@type\":\"Organization\",\"@id\":\"https:\/\/agenciainfra.com\/blog\/#organization\",\"name\":\"Ag\u00eancia iNFRA\",\"url\":\"https:\/\/agenciainfra.com\/blog\/\",\"logo\":{\"@type\":\"ImageObject\",\"inLanguage\":\"pt-BR\",\"@id\":\"https:\/\/agenciainfra.com\/blog\/#\/schema\/logo\/image\/\",\"url\":\"https:\/\/agenciainfra.com\/blog\/wp-content\/uploads\/2023\/09\/iNFRA_5-e1761735885940.png\",\"contentUrl\":\"https:\/\/agenciainfra.com\/blog\/wp-content\/uploads\/2023\/09\/iNFRA_5-e1761735885940.png\",\"width\":1672,\"height\":454,\"caption\":\"Ag\u00eancia iNFRA\"},\"image\":{\"@id\":\"https:\/\/agenciainfra.com\/blog\/#\/schema\/logo\/image\/\"},\"sameAs\":[\"https:\/\/www.facebook.com\/ageninfra\",\"https:\/\/x.com\/agencia_infra\",\"https:\/\/www.linkedin.com\/company\/ag\u00eanciainfra\/\",\"https:\/\/www.instagram.com\/agenciainfra\/\"]},{\"@type\":\"Person\",\"@id\":\"https:\/\/agenciainfra.com\/blog\/#\/schema\/person\/34af08dff6adea4cb22b06612ba7acfa\",\"name\":\"Ag\u00eancia iNFRA\",\"image\":{\"@type\":\"ImageObject\",\"inLanguage\":\"pt-BR\",\"@id\":\"https:\/\/agenciainfra.com\/blog\/#\/schema\/person\/image\/\",\"url\":\"https:\/\/secure.gravatar.com\/avatar\/d189e01678f06d8eb84d4e01f08eb848b3fffe3f8443818d3c356c66892f5be8?s=96&d=mm&r=g\",\"contentUrl\":\"https:\/\/secure.gravatar.com\/avatar\/d189e01678f06d8eb84d4e01f08eb848b3fffe3f8443818d3c356c66892f5be8?s=96&d=mm&r=g\",\"caption\":\"Ag\u00eancia iNFRA\"},\"url\":\"https:\/\/agenciainfra.com\/blog\/author\/admin\/\"}]}<\/script>\n<!-- \/ Yoast SEO Premium plugin. -->","yoast_head_json":{"title":"Concession\u00e1rias cobram integra\u00e7\u00e3o e regras claras para o free flow - Ag\u00eancia iNFRA","robots":{"index":"index","follow":"follow","max-snippet":"max-snippet:-1","max-image-preview":"max-image-preview:large","max-video-preview":"max-video-preview:-1"},"canonical":"https:\/\/agenciainfra.com\/blog\/concessionarias-cobram-integracao-e-regras-claras-para-o-free-flow\/","og_locale":"pt_BR","og_type":"article","og_title":"Concession\u00e1rias cobram integra\u00e7\u00e3o e regras claras para o free flow","og_description":"Mar\u00edlia Sena, da Ag\u00eancia iNFRA Representantes de concession\u00e1rias e empresas de pagamento apontaram que, apesar da expans\u00e3o do modelo de cobran\u00e7a autom\u00e1tica de ped\u00e1gio de fluxo livre (free flow) no pa\u00eds, ainda n\u00e3o h\u00e1 regras gerais definidas, o que gera incertezas e riscos operacionais.\u00a0A cobran\u00e7a foi apresentarada \u00e0\u00a0ANTT (Ag\u00eancia Nacional de Transportes Terrestres), nesta ter\u00e7a-feira [&hellip;]","og_url":"https:\/\/agenciainfra.com\/blog\/concessionarias-cobram-integracao-e-regras-claras-para-o-free-flow\/","og_site_name":"Ag\u00eancia iNFRA","article_publisher":"https:\/\/www.facebook.com\/ageninfra","article_published_time":"2025-09-03T17:00:00+00:00","article_modified_time":"2025-09-04T16:16:45+00:00","og_image":[{"width":1280,"height":853,"url":"https:\/\/agenciainfra.com\/blog\/wp-content\/uploads\/2025\/09\/audiencia-publica-antt-foto-rebeca-takechi-comunicacao-antt.jpeg","type":"image\/jpeg"}],"author":"Ag\u00eancia iNFRA","twitter_card":"summary_large_image","twitter_creator":"@agencia_infra","twitter_site":"@agencia_infra","twitter_misc":{"Escrito por":"Ag\u00eancia iNFRA","Est. tempo de leitura":"3 minutos"},"schema":{"@context":"https:\/\/schema.org","@graph":[{"@type":"Article","@id":"https:\/\/agenciainfra.com\/blog\/concessionarias-cobram-integracao-e-regras-claras-para-o-free-flow\/#article","isPartOf":{"@id":"https:\/\/agenciainfra.com\/blog\/concessionarias-cobram-integracao-e-regras-claras-para-o-free-flow\/"},"author":{"name":"Ag\u00eancia iNFRA","@id":"https:\/\/agenciainfra.com\/blog\/#\/schema\/person\/34af08dff6adea4cb22b06612ba7acfa"},"headline":"Concession\u00e1rias cobram integra\u00e7\u00e3o e regras claras para o free flow","datePublished":"2025-09-03T17:00:00+00:00","dateModified":"2025-09-04T16:16:45+00:00","mainEntityOfPage":{"@id":"https:\/\/agenciainfra.com\/blog\/concessionarias-cobram-integracao-e-regras-claras-para-o-free-flow\/"},"wordCount":601,"publisher":{"@id":"https:\/\/agenciainfra.com\/blog\/#organization"},"image":{"@id":"https:\/\/agenciainfra.com\/blog\/concessionarias-cobram-integracao-e-regras-claras-para-o-free-flow\/#primaryimage"},"thumbnailUrl":"https:\/\/agenciainfra.com\/blog\/wp-content\/uploads\/2025\/09\/audiencia-publica-antt-foto-rebeca-takechi-comunicacao-antt.jpeg","keywords":["abcr","Abepam","Andr\u00e9 Curiavi","ANTT","free flow","Hugo Leal","Humberto Filho","Jerry Dias","Mar\u00edlia Sena","Ricardo Tim\u00f3teo","S\u00e9rgio Santill\u00e1n","Via Arauc\u00e1ria"],"articleSection":["Geral","iNFRATransporte"],"inLanguage":"pt-BR","copyrightYear":"2025","copyrightHolder":{"@id":"https:\/\/agenciainfra.com\/blog\/#organization"}},{"@type":"WebPage","@id":"https:\/\/agenciainfra.com\/blog\/concessionarias-cobram-integracao-e-regras-claras-para-o-free-flow\/","url":"https:\/\/agenciainfra.com\/blog\/concessionarias-cobram-integracao-e-regras-claras-para-o-free-flow\/","name":"Concession\u00e1rias cobram integra\u00e7\u00e3o e regras claras para o free flow - Ag\u00eancia iNFRA","isPartOf":{"@id":"https:\/\/agenciainfra.com\/blog\/#website"},"primaryImageOfPage":{"@id":"https:\/\/agenciainfra.com\/blog\/concessionarias-cobram-integracao-e-regras-claras-para-o-free-flow\/#primaryimage"},"image":{"@id":"https:\/\/agenciainfra.com\/blog\/concessionarias-cobram-integracao-e-regras-claras-para-o-free-flow\/#primaryimage"},"thumbnailUrl":"https:\/\/agenciainfra.com\/blog\/wp-content\/uploads\/2025\/09\/audiencia-publica-antt-foto-rebeca-takechi-comunicacao-antt.jpeg","datePublished":"2025-09-03T17:00:00+00:00","dateModified":"2025-09-04T16:16:45+00:00","breadcrumb":{"@id":"https:\/\/agenciainfra.com\/blog\/concessionarias-cobram-integracao-e-regras-claras-para-o-free-flow\/#breadcrumb"},"inLanguage":"pt-BR","potentialAction":[{"@type":"ReadAction","target":["https:\/\/agenciainfra.com\/blog\/concessionarias-cobram-integracao-e-regras-claras-para-o-free-flow\/"]}]},{"@type":"ImageObject","inLanguage":"pt-BR","@id":"https:\/\/agenciainfra.com\/blog\/concessionarias-cobram-integracao-e-regras-claras-para-o-free-flow\/#primaryimage","url":"https:\/\/agenciainfra.com\/blog\/wp-content\/uploads\/2025\/09\/audiencia-publica-antt-foto-rebeca-takechi-comunicacao-antt.jpeg","contentUrl":"https:\/\/agenciainfra.com\/blog\/wp-content\/uploads\/2025\/09\/audiencia-publica-antt-foto-rebeca-takechi-comunicacao-antt.jpeg","width":1280,"height":853,"caption":"Foto: Rebeca Takechi\/Comunica\u00e7\u00e3o ANTT"},{"@type":"BreadcrumbList","@id":"https:\/\/agenciainfra.com\/blog\/concessionarias-cobram-integracao-e-regras-claras-para-o-free-flow\/#breadcrumb","itemListElement":[{"@type":"ListItem","position":1,"name":"In\u00edcio","item":"https:\/\/agenciainfra.com\/blog\/"},{"@type":"ListItem","position":2,"name":"Concession\u00e1rias cobram integra\u00e7\u00e3o e regras claras para o free flow"}]},{"@type":"WebSite","@id":"https:\/\/agenciainfra.com\/blog\/#website","url":"https:\/\/agenciainfra.com\/blog\/","name":"Ag\u00eancia iNFRA","description":"Multiplataforma de informa\u00e7\u00e3o jornal\u00edstica refer\u00eancia na \u00e1rea de infraestrutura no Brasil!","publisher":{"@id":"https:\/\/agenciainfra.com\/blog\/#organization"},"potentialAction":[{"@type":"SearchAction","target":{"@type":"EntryPoint","urlTemplate":"https:\/\/agenciainfra.com\/blog\/?s={search_term_string}"},"query-input":{"@type":"PropertyValueSpecification","valueRequired":true,"valueName":"search_term_string"}}],"inLanguage":"pt-BR"},{"@type":"Organization","@id":"https:\/\/agenciainfra.com\/blog\/#organization","name":"Ag\u00eancia iNFRA","url":"https:\/\/agenciainfra.com\/blog\/","logo":{"@type":"ImageObject","inLanguage":"pt-BR","@id":"https:\/\/agenciainfra.com\/blog\/#\/schema\/logo\/image\/","url":"https:\/\/agenciainfra.com\/blog\/wp-content\/uploads\/2023\/09\/iNFRA_5-e1761735885940.png","contentUrl":"https:\/\/agenciainfra.com\/blog\/wp-content\/uploads\/2023\/09\/iNFRA_5-e1761735885940.png","width":1672,"height":454,"caption":"Ag\u00eancia iNFRA"},"image":{"@id":"https:\/\/agenciainfra.com\/blog\/#\/schema\/logo\/image\/"},"sameAs":["https:\/\/www.facebook.com\/ageninfra","https:\/\/x.com\/agencia_infra","https:\/\/www.linkedin.com\/company\/ag\u00eanciainfra\/","https:\/\/www.instagram.com\/agenciainfra\/"]},{"@type":"Person","@id":"https:\/\/agenciainfra.com\/blog\/#\/schema\/person\/34af08dff6adea4cb22b06612ba7acfa","name":"Ag\u00eancia iNFRA","image":{"@type":"ImageObject","inLanguage":"pt-BR","@id":"https:\/\/agenciainfra.com\/blog\/#\/schema\/person\/image\/","url":"https:\/\/secure.gravatar.com\/avatar\/d189e01678f06d8eb84d4e01f08eb848b3fffe3f8443818d3c356c66892f5be8?s=96&d=mm&r=g","contentUrl":"https:\/\/secure.gravatar.com\/avatar\/d189e01678f06d8eb84d4e01f08eb848b3fffe3f8443818d3c356c66892f5be8?s=96&d=mm&r=g","caption":"Ag\u00eancia iNFRA"},"url":"https:\/\/agenciainfra.com\/blog\/author\/admin\/"}]}},"_links":{"self":[{"href":"https:\/\/agenciainfra.com\/blog\/wp-json\/wp\/v2\/posts\/27137","targetHints":{"allow":["GET"]}}],"collection":[{"href":"https:\/\/agenciainfra.com\/blog\/wp-json\/wp\/v2\/posts"}],"about":[{"href":"https:\/\/agenciainfra.com\/blog\/wp-json\/wp\/v2\/types\/post"}],"author":[{"embeddable":true,"href":"https:\/\/agenciainfra.com\/blog\/wp-json\/wp\/v2\/users\/1"}],"replies":[{"embeddable":true,"href":"https:\/\/agenciainfra.com\/blog\/wp-json\/wp\/v2\/comments?post=27137"}],"version-history":[{"count":1,"href":"https:\/\/agenciainfra.com\/blog\/wp-json\/wp\/v2\/posts\/27137\/revisions"}],"predecessor-version":[{"id":27139,"href":"https:\/\/agenciainfra.com\/blog\/wp-json\/wp\/v2\/posts\/27137\/revisions\/27139"}],"wp:featuredmedia":[{"embeddable":true,"href":"https:\/\/agenciainfra.com\/blog\/wp-json\/wp\/v2\/media\/27138"}],"wp:attachment":[{"href":"https:\/\/agenciainfra.com\/blog\/wp-json\/wp\/v2\/media?parent=27137"}],"wp:term":[{"taxonomy":"category","embeddable":true,"href":"https:\/\/agenciainfra.com\/blog\/wp-json\/wp\/v2\/categories?post=27137"},{"taxonomy":"post_tag","embeddable":true,"href":"https:\/\/agenciainfra.com\/blog\/wp-json\/wp\/v2\/tags?post=27137"}],"curies":[{"name":"wp","href":"https:\/\/api.w.org\/{rel}","templated":true}]}}