{"id":27144,"date":"2025-09-03T13:04:19","date_gmt":"2025-09-03T16:04:19","guid":{"rendered":"https:\/\/agenciainfra.com\/blog\/?p=27144"},"modified":"2025-09-03T13:05:41","modified_gmt":"2025-09-03T16:05:41","slug":"porto-de-santos-lidera-ranking-da-america-latina-em-conteineres","status":"publish","type":"post","link":"https:\/\/agenciainfra.com\/blog\/porto-de-santos-lidera-ranking-da-america-latina-em-conteineres\/","title":{"rendered":"Porto de Santos lidera ranking da Am\u00e9rica Latina em cont\u00eaineres"},"content":{"rendered":"\n<p class=\"has-text-align-right\"><strong>da Ag\u00eancia iNFRA<\/strong><\/p>\n\n\n\n<p>O Porto de Santos subiu seis posi\u00e7\u00f5es no ranking da Lloyd&#8217;s List em movimenta\u00e7\u00e3o de cont\u00eaineres. Posicionado no 43\u00ba na edi\u00e7\u00e3o anterior, o complexo portu\u00e1rio chegou ao 37\u00ba e se destaca como o maior nesta \u00e1rea entre os portos da Am\u00e9rica Latina. Santos ultrapassou Col\u00f3n, no canal do Panam\u00e1, Val\u00eancia (Espanha), Abu Dhabi (Emirados \u00c1rabes), Pireu (Gr\u00e9cia) e Dalian (China), entre outros, e \u00e9 o \u00fanico brasileiro a figurar entre os 100 maiores portos do mundo.<\/p>\n\n\n\n<p>O presidente da APS (Autoridade Portu\u00e1ria de Santos), Anderson Pomini, que comentou o resultado, defendeu a nova lideran\u00e7a como uma consolida\u00e7\u00e3o do porto, que definiu como &#8220;refer\u00eancia internacional de efici\u00eancia e gest\u00e3o&#8221;. Para Pomini, a capacidade de cont\u00eaineres ainda aumentar\u00e1 mais 50% somente com o megaterminal Tecon 10, cujo projeto de concess\u00e3o est\u00e1 em an\u00e1lise pelo TCU (Tribunal de Contas da Uni\u00e3o).<\/p>\n\n\n\n<p>A Lloyd&#8217;s List baseou-se em dados da movimenta\u00e7\u00e3o de cont\u00eaineres de 2024. Na ocasi\u00e3o, o Porto de Santos registrou uma alta de 14,7% na compara\u00e7\u00e3o anual, com a movimenta\u00e7\u00e3o de 5,4 milh\u00f5es de TEU (medida padr\u00e3o do cont\u00eainer de 20 p\u00e9s).<\/p>\n\n\n\n<p>Neste ano, o complexo atingiu um novo recorde na movimenta\u00e7\u00e3o de julho, quando movimentou 534,6 mil TEU, uma alta de 8,5% em rela\u00e7\u00e3o a julho de 2024. O acumulado do ano j\u00e1 registra 3,3 milh\u00f5es de TEU, o que representa um crescimento de 7,9% frente ao mesmo per\u00edodo do ano passado.<\/p>\n","protected":false},"excerpt":{"rendered":"<p>da Ag\u00eancia iNFRA O Porto de Santos subiu seis posi\u00e7\u00f5es no ranking da Lloyd&#8217;s List em movimenta\u00e7\u00e3o de cont\u00eaineres. Posicionado no 43\u00ba na edi\u00e7\u00e3o anterior, o complexo portu\u00e1rio chegou ao 37\u00ba e se destaca como o maior nesta \u00e1rea entre os portos da Am\u00e9rica Latina. Santos ultrapassou Col\u00f3n, no canal do Panam\u00e1, Val\u00eancia (Espanha), Abu [&hellip;]<\/p>\n","protected":false},"author":1,"featured_media":27145,"comment_status":"closed","ping_status":"closed","sticky":false,"template":"","format":"standard","meta":{"_monsterinsights_skip_tracking":false,"_monsterinsights_sitenote_active":false,"_monsterinsights_sitenote_note":"","_monsterinsights_sitenote_category":0,"footnotes":""},"categories":[1,13576],"tags":[877,6855,6854,15155,10474,260],"class_list":["post-27144","post","type-post","status-publish","format-standard","has-post-thumbnail","hentry","category-geral","category-giro-infra","tag-america-latina","tag-anderson-pomini","tag-aps","tag-lloyds-list","tag-movimentacao-de-conteineres","tag-porto-de-santos"],"yoast_head":"<!-- This site is optimized with the Yoast SEO Premium plugin v25.4 (Yoast SEO v26.0) - https:\/\/yoast.com\/wordpress\/plugins\/seo\/ -->\n<title>Porto de Santos lidera ranking da Am\u00e9rica Latina em cont\u00eaineres - Ag\u00eancia iNFRA<\/title>\n<meta name=\"robots\" content=\"index, follow, max-snippet:-1, max-image-preview:large, max-video-preview:-1\" \/>\n<link rel=\"canonical\" href=\"https:\/\/agenciainfra.com\/blog\/porto-de-santos-lidera-ranking-da-america-latina-em-conteineres\/\" \/>\n<meta property=\"og:locale\" content=\"pt_BR\" \/>\n<meta property=\"og:type\" content=\"article\" \/>\n<meta property=\"og:title\" content=\"Porto de Santos lidera ranking da Am\u00e9rica Latina em cont\u00eaineres\" \/>\n<meta property=\"og:description\" content=\"da Ag\u00eancia iNFRA O Porto de Santos subiu seis posi\u00e7\u00f5es no ranking da Lloyd&#8217;s List em movimenta\u00e7\u00e3o de cont\u00eaineres. Posicionado no 43\u00ba na edi\u00e7\u00e3o anterior, o complexo portu\u00e1rio chegou ao 37\u00ba e se destaca como o maior nesta \u00e1rea entre os portos da Am\u00e9rica Latina. Santos ultrapassou Col\u00f3n, no canal do Panam\u00e1, Val\u00eancia (Espanha), Abu [&hellip;]\" \/>\n<meta property=\"og:url\" content=\"https:\/\/agenciainfra.com\/blog\/porto-de-santos-lidera-ranking-da-america-latina-em-conteineres\/\" \/>\n<meta property=\"og:site_name\" content=\"Ag\u00eancia iNFRA\" \/>\n<meta property=\"article:publisher\" content=\"https:\/\/www.facebook.com\/ageninfra\" \/>\n<meta property=\"article:published_time\" content=\"2025-09-03T16:04:19+00:00\" \/>\n<meta property=\"article:modified_time\" content=\"2025-09-03T16:05:41+00:00\" \/>\n<meta property=\"og:image\" content=\"https:\/\/agenciainfra.com\/blog\/wp-content\/uploads\/2025\/09\/porto-de-santos-foto-ricardo-botelho-minfra.jpg\" \/>\n\t<meta property=\"og:image:width\" content=\"1280\" \/>\n\t<meta property=\"og:image:height\" content=\"854\" \/>\n\t<meta property=\"og:image:type\" content=\"image\/jpeg\" \/>\n<meta name=\"author\" content=\"Ag\u00eancia iNFRA\" \/>\n<meta name=\"twitter:card\" content=\"summary_large_image\" \/>\n<meta name=\"twitter:creator\" content=\"@agencia_infra\" \/>\n<meta name=\"twitter:site\" content=\"@agencia_infra\" \/>\n<meta name=\"twitter:label1\" content=\"Escrito por\" \/>\n\t<meta name=\"twitter:data1\" content=\"Ag\u00eancia iNFRA\" \/>\n\t<meta name=\"twitter:label2\" content=\"Est. tempo de leitura\" \/>\n\t<meta name=\"twitter:data2\" content=\"1 minuto\" \/>\n<script type=\"application\/ld+json\" class=\"yoast-schema-graph\">{\"@context\":\"https:\/\/schema.org\",\"@graph\":[{\"@type\":\"Article\",\"@id\":\"https:\/\/agenciainfra.com\/blog\/porto-de-santos-lidera-ranking-da-america-latina-em-conteineres\/#article\",\"isPartOf\":{\"@id\":\"https:\/\/agenciainfra.com\/blog\/porto-de-santos-lidera-ranking-da-america-latina-em-conteineres\/\"},\"author\":{\"name\":\"Ag\u00eancia iNFRA\",\"@id\":\"https:\/\/agenciainfra.com\/blog\/#\/schema\/person\/34af08dff6adea4cb22b06612ba7acfa\"},\"headline\":\"Porto de Santos lidera ranking da Am\u00e9rica Latina em cont\u00eaineres\",\"datePublished\":\"2025-09-03T16:04:19+00:00\",\"dateModified\":\"2025-09-03T16:05:41+00:00\",\"mainEntityOfPage\":{\"@id\":\"https:\/\/agenciainfra.com\/blog\/porto-de-santos-lidera-ranking-da-america-latina-em-conteineres\/\"},\"wordCount\":265,\"publisher\":{\"@id\":\"https:\/\/agenciainfra.com\/blog\/#organization\"},\"image\":{\"@id\":\"https:\/\/agenciainfra.com\/blog\/porto-de-santos-lidera-ranking-da-america-latina-em-conteineres\/#primaryimage\"},\"thumbnailUrl\":\"https:\/\/agenciainfra.com\/blog\/wp-content\/uploads\/2025\/09\/porto-de-santos-foto-ricardo-botelho-minfra.jpg\",\"keywords\":[\"Am\u00e9rica Latina\",\"Anderson Pomini\",\"APS\",\"Lloyd's List\",\"movimenta\u00e7\u00e3o de cont\u00eaineres\",\"Porto de Santos\"],\"articleSection\":[\"Geral\",\"Giro iNFRA\"],\"inLanguage\":\"pt-BR\",\"copyrightYear\":\"2025\",\"copyrightHolder\":{\"@id\":\"https:\/\/agenciainfra.com\/blog\/#organization\"}},{\"@type\":\"WebPage\",\"@id\":\"https:\/\/agenciainfra.com\/blog\/porto-de-santos-lidera-ranking-da-america-latina-em-conteineres\/\",\"url\":\"https:\/\/agenciainfra.com\/blog\/porto-de-santos-lidera-ranking-da-america-latina-em-conteineres\/\",\"name\":\"Porto de Santos lidera ranking da Am\u00e9rica Latina em cont\u00eaineres - Ag\u00eancia iNFRA\",\"isPartOf\":{\"@id\":\"https:\/\/agenciainfra.com\/blog\/#website\"},\"primaryImageOfPage\":{\"@id\":\"https:\/\/agenciainfra.com\/blog\/porto-de-santos-lidera-ranking-da-america-latina-em-conteineres\/#primaryimage\"},\"image\":{\"@id\":\"https:\/\/agenciainfra.com\/blog\/porto-de-santos-lidera-ranking-da-america-latina-em-conteineres\/#primaryimage\"},\"thumbnailUrl\":\"https:\/\/agenciainfra.com\/blog\/wp-content\/uploads\/2025\/09\/porto-de-santos-foto-ricardo-botelho-minfra.jpg\",\"datePublished\":\"2025-09-03T16:04:19+00:00\",\"dateModified\":\"2025-09-03T16:05:41+00:00\",\"breadcrumb\":{\"@id\":\"https:\/\/agenciainfra.com\/blog\/porto-de-santos-lidera-ranking-da-america-latina-em-conteineres\/#breadcrumb\"},\"inLanguage\":\"pt-BR\",\"potentialAction\":[{\"@type\":\"ReadAction\",\"target\":[\"https:\/\/agenciainfra.com\/blog\/porto-de-santos-lidera-ranking-da-america-latina-em-conteineres\/\"]}]},{\"@type\":\"ImageObject\",\"inLanguage\":\"pt-BR\",\"@id\":\"https:\/\/agenciainfra.com\/blog\/porto-de-santos-lidera-ranking-da-america-latina-em-conteineres\/#primaryimage\",\"url\":\"https:\/\/agenciainfra.com\/blog\/wp-content\/uploads\/2025\/09\/porto-de-santos-foto-ricardo-botelho-minfra.jpg\",\"contentUrl\":\"https:\/\/agenciainfra.com\/blog\/wp-content\/uploads\/2025\/09\/porto-de-santos-foto-ricardo-botelho-minfra.jpg\",\"width\":1280,\"height\":854,\"caption\":\"Foto: Ricardo Botelho\/Minfra\"},{\"@type\":\"BreadcrumbList\",\"@id\":\"https:\/\/agenciainfra.com\/blog\/porto-de-santos-lidera-ranking-da-america-latina-em-conteineres\/#breadcrumb\",\"itemListElement\":[{\"@type\":\"ListItem\",\"position\":1,\"name\":\"In\u00edcio\",\"item\":\"https:\/\/agenciainfra.com\/blog\/\"},{\"@type\":\"ListItem\",\"position\":2,\"name\":\"Porto de Santos lidera ranking da Am\u00e9rica Latina em cont\u00eaineres\"}]},{\"@type\":\"WebSite\",\"@id\":\"https:\/\/agenciainfra.com\/blog\/#website\",\"url\":\"https:\/\/agenciainfra.com\/blog\/\",\"name\":\"Ag\u00eancia iNFRA\",\"description\":\"Multiplataforma de informa\u00e7\u00e3o jornal\u00edstica refer\u00eancia na \u00e1rea de infraestrutura no Brasil!\",\"publisher\":{\"@id\":\"https:\/\/agenciainfra.com\/blog\/#organization\"},\"potentialAction\":[{\"@type\":\"SearchAction\",\"target\":{\"@type\":\"EntryPoint\",\"urlTemplate\":\"https:\/\/agenciainfra.com\/blog\/?s={search_term_string}\"},\"query-input\":{\"@type\":\"PropertyValueSpecification\",\"valueRequired\":true,\"valueName\":\"search_term_string\"}}],\"inLanguage\":\"pt-BR\"},{\"@type\":\"Organization\",\"@id\":\"https:\/\/agenciainfra.com\/blog\/#organization\",\"name\":\"Ag\u00eancia iNFRA\",\"url\":\"https:\/\/agenciainfra.com\/blog\/\",\"logo\":{\"@type\":\"ImageObject\",\"inLanguage\":\"pt-BR\",\"@id\":\"https:\/\/agenciainfra.com\/blog\/#\/schema\/logo\/image\/\",\"url\":\"https:\/\/agenciainfra.com\/blog\/wp-content\/uploads\/2023\/09\/iNFRA_5-e1761735885940.png\",\"contentUrl\":\"https:\/\/agenciainfra.com\/blog\/wp-content\/uploads\/2023\/09\/iNFRA_5-e1761735885940.png\",\"width\":1672,\"height\":454,\"caption\":\"Ag\u00eancia iNFRA\"},\"image\":{\"@id\":\"https:\/\/agenciainfra.com\/blog\/#\/schema\/logo\/image\/\"},\"sameAs\":[\"https:\/\/www.facebook.com\/ageninfra\",\"https:\/\/x.com\/agencia_infra\",\"https:\/\/www.linkedin.com\/company\/ag\u00eanciainfra\/\",\"https:\/\/www.instagram.com\/agenciainfra\/\"]},{\"@type\":\"Person\",\"@id\":\"https:\/\/agenciainfra.com\/blog\/#\/schema\/person\/34af08dff6adea4cb22b06612ba7acfa\",\"name\":\"Ag\u00eancia iNFRA\",\"image\":{\"@type\":\"ImageObject\",\"inLanguage\":\"pt-BR\",\"@id\":\"https:\/\/agenciainfra.com\/blog\/#\/schema\/person\/image\/\",\"url\":\"https:\/\/secure.gravatar.com\/avatar\/d189e01678f06d8eb84d4e01f08eb848b3fffe3f8443818d3c356c66892f5be8?s=96&d=mm&r=g\",\"contentUrl\":\"https:\/\/secure.gravatar.com\/avatar\/d189e01678f06d8eb84d4e01f08eb848b3fffe3f8443818d3c356c66892f5be8?s=96&d=mm&r=g\",\"caption\":\"Ag\u00eancia iNFRA\"},\"url\":\"https:\/\/agenciainfra.com\/blog\/author\/admin\/\"}]}<\/script>\n<!-- \/ Yoast SEO Premium plugin. -->","yoast_head_json":{"title":"Porto de Santos lidera ranking da Am\u00e9rica Latina em cont\u00eaineres - Ag\u00eancia iNFRA","robots":{"index":"index","follow":"follow","max-snippet":"max-snippet:-1","max-image-preview":"max-image-preview:large","max-video-preview":"max-video-preview:-1"},"canonical":"https:\/\/agenciainfra.com\/blog\/porto-de-santos-lidera-ranking-da-america-latina-em-conteineres\/","og_locale":"pt_BR","og_type":"article","og_title":"Porto de Santos lidera ranking da Am\u00e9rica Latina em cont\u00eaineres","og_description":"da Ag\u00eancia iNFRA O Porto de Santos subiu seis posi\u00e7\u00f5es no ranking da Lloyd&#8217;s List em movimenta\u00e7\u00e3o de cont\u00eaineres. Posicionado no 43\u00ba na edi\u00e7\u00e3o anterior, o complexo portu\u00e1rio chegou ao 37\u00ba e se destaca como o maior nesta \u00e1rea entre os portos da Am\u00e9rica Latina. Santos ultrapassou Col\u00f3n, no canal do Panam\u00e1, Val\u00eancia (Espanha), Abu [&hellip;]","og_url":"https:\/\/agenciainfra.com\/blog\/porto-de-santos-lidera-ranking-da-america-latina-em-conteineres\/","og_site_name":"Ag\u00eancia iNFRA","article_publisher":"https:\/\/www.facebook.com\/ageninfra","article_published_time":"2025-09-03T16:04:19+00:00","article_modified_time":"2025-09-03T16:05:41+00:00","og_image":[{"width":1280,"height":854,"url":"https:\/\/agenciainfra.com\/blog\/wp-content\/uploads\/2025\/09\/porto-de-santos-foto-ricardo-botelho-minfra.jpg","type":"image\/jpeg"}],"author":"Ag\u00eancia iNFRA","twitter_card":"summary_large_image","twitter_creator":"@agencia_infra","twitter_site":"@agencia_infra","twitter_misc":{"Escrito por":"Ag\u00eancia iNFRA","Est. tempo de leitura":"1 minuto"},"schema":{"@context":"https:\/\/schema.org","@graph":[{"@type":"Article","@id":"https:\/\/agenciainfra.com\/blog\/porto-de-santos-lidera-ranking-da-america-latina-em-conteineres\/#article","isPartOf":{"@id":"https:\/\/agenciainfra.com\/blog\/porto-de-santos-lidera-ranking-da-america-latina-em-conteineres\/"},"author":{"name":"Ag\u00eancia iNFRA","@id":"https:\/\/agenciainfra.com\/blog\/#\/schema\/person\/34af08dff6adea4cb22b06612ba7acfa"},"headline":"Porto de Santos lidera ranking da Am\u00e9rica Latina em cont\u00eaineres","datePublished":"2025-09-03T16:04:19+00:00","dateModified":"2025-09-03T16:05:41+00:00","mainEntityOfPage":{"@id":"https:\/\/agenciainfra.com\/blog\/porto-de-santos-lidera-ranking-da-america-latina-em-conteineres\/"},"wordCount":265,"publisher":{"@id":"https:\/\/agenciainfra.com\/blog\/#organization"},"image":{"@id":"https:\/\/agenciainfra.com\/blog\/porto-de-santos-lidera-ranking-da-america-latina-em-conteineres\/#primaryimage"},"thumbnailUrl":"https:\/\/agenciainfra.com\/blog\/wp-content\/uploads\/2025\/09\/porto-de-santos-foto-ricardo-botelho-minfra.jpg","keywords":["Am\u00e9rica Latina","Anderson Pomini","APS","Lloyd's List","movimenta\u00e7\u00e3o de cont\u00eaineres","Porto de Santos"],"articleSection":["Geral","Giro iNFRA"],"inLanguage":"pt-BR","copyrightYear":"2025","copyrightHolder":{"@id":"https:\/\/agenciainfra.com\/blog\/#organization"}},{"@type":"WebPage","@id":"https:\/\/agenciainfra.com\/blog\/porto-de-santos-lidera-ranking-da-america-latina-em-conteineres\/","url":"https:\/\/agenciainfra.com\/blog\/porto-de-santos-lidera-ranking-da-america-latina-em-conteineres\/","name":"Porto de Santos lidera ranking da Am\u00e9rica Latina em cont\u00eaineres - Ag\u00eancia iNFRA","isPartOf":{"@id":"https:\/\/agenciainfra.com\/blog\/#website"},"primaryImageOfPage":{"@id":"https:\/\/agenciainfra.com\/blog\/porto-de-santos-lidera-ranking-da-america-latina-em-conteineres\/#primaryimage"},"image":{"@id":"https:\/\/agenciainfra.com\/blog\/porto-de-santos-lidera-ranking-da-america-latina-em-conteineres\/#primaryimage"},"thumbnailUrl":"https:\/\/agenciainfra.com\/blog\/wp-content\/uploads\/2025\/09\/porto-de-santos-foto-ricardo-botelho-minfra.jpg","datePublished":"2025-09-03T16:04:19+00:00","dateModified":"2025-09-03T16:05:41+00:00","breadcrumb":{"@id":"https:\/\/agenciainfra.com\/blog\/porto-de-santos-lidera-ranking-da-america-latina-em-conteineres\/#breadcrumb"},"inLanguage":"pt-BR","potentialAction":[{"@type":"ReadAction","target":["https:\/\/agenciainfra.com\/blog\/porto-de-santos-lidera-ranking-da-america-latina-em-conteineres\/"]}]},{"@type":"ImageObject","inLanguage":"pt-BR","@id":"https:\/\/agenciainfra.com\/blog\/porto-de-santos-lidera-ranking-da-america-latina-em-conteineres\/#primaryimage","url":"https:\/\/agenciainfra.com\/blog\/wp-content\/uploads\/2025\/09\/porto-de-santos-foto-ricardo-botelho-minfra.jpg","contentUrl":"https:\/\/agenciainfra.com\/blog\/wp-content\/uploads\/2025\/09\/porto-de-santos-foto-ricardo-botelho-minfra.jpg","width":1280,"height":854,"caption":"Foto: Ricardo Botelho\/Minfra"},{"@type":"BreadcrumbList","@id":"https:\/\/agenciainfra.com\/blog\/porto-de-santos-lidera-ranking-da-america-latina-em-conteineres\/#breadcrumb","itemListElement":[{"@type":"ListItem","position":1,"name":"In\u00edcio","item":"https:\/\/agenciainfra.com\/blog\/"},{"@type":"ListItem","position":2,"name":"Porto de Santos lidera ranking da Am\u00e9rica Latina em cont\u00eaineres"}]},{"@type":"WebSite","@id":"https:\/\/agenciainfra.com\/blog\/#website","url":"https:\/\/agenciainfra.com\/blog\/","name":"Ag\u00eancia iNFRA","description":"Multiplataforma de informa\u00e7\u00e3o jornal\u00edstica refer\u00eancia na \u00e1rea de infraestrutura no Brasil!","publisher":{"@id":"https:\/\/agenciainfra.com\/blog\/#organization"},"potentialAction":[{"@type":"SearchAction","target":{"@type":"EntryPoint","urlTemplate":"https:\/\/agenciainfra.com\/blog\/?s={search_term_string}"},"query-input":{"@type":"PropertyValueSpecification","valueRequired":true,"valueName":"search_term_string"}}],"inLanguage":"pt-BR"},{"@type":"Organization","@id":"https:\/\/agenciainfra.com\/blog\/#organization","name":"Ag\u00eancia iNFRA","url":"https:\/\/agenciainfra.com\/blog\/","logo":{"@type":"ImageObject","inLanguage":"pt-BR","@id":"https:\/\/agenciainfra.com\/blog\/#\/schema\/logo\/image\/","url":"https:\/\/agenciainfra.com\/blog\/wp-content\/uploads\/2023\/09\/iNFRA_5-e1761735885940.png","contentUrl":"https:\/\/agenciainfra.com\/blog\/wp-content\/uploads\/2023\/09\/iNFRA_5-e1761735885940.png","width":1672,"height":454,"caption":"Ag\u00eancia iNFRA"},"image":{"@id":"https:\/\/agenciainfra.com\/blog\/#\/schema\/logo\/image\/"},"sameAs":["https:\/\/www.facebook.com\/ageninfra","https:\/\/x.com\/agencia_infra","https:\/\/www.linkedin.com\/company\/ag\u00eanciainfra\/","https:\/\/www.instagram.com\/agenciainfra\/"]},{"@type":"Person","@id":"https:\/\/agenciainfra.com\/blog\/#\/schema\/person\/34af08dff6adea4cb22b06612ba7acfa","name":"Ag\u00eancia iNFRA","image":{"@type":"ImageObject","inLanguage":"pt-BR","@id":"https:\/\/agenciainfra.com\/blog\/#\/schema\/person\/image\/","url":"https:\/\/secure.gravatar.com\/avatar\/d189e01678f06d8eb84d4e01f08eb848b3fffe3f8443818d3c356c66892f5be8?s=96&d=mm&r=g","contentUrl":"https:\/\/secure.gravatar.com\/avatar\/d189e01678f06d8eb84d4e01f08eb848b3fffe3f8443818d3c356c66892f5be8?s=96&d=mm&r=g","caption":"Ag\u00eancia iNFRA"},"url":"https:\/\/agenciainfra.com\/blog\/author\/admin\/"}]}},"_links":{"self":[{"href":"https:\/\/agenciainfra.com\/blog\/wp-json\/wp\/v2\/posts\/27144","targetHints":{"allow":["GET"]}}],"collection":[{"href":"https:\/\/agenciainfra.com\/blog\/wp-json\/wp\/v2\/posts"}],"about":[{"href":"https:\/\/agenciainfra.com\/blog\/wp-json\/wp\/v2\/types\/post"}],"author":[{"embeddable":true,"href":"https:\/\/agenciainfra.com\/blog\/wp-json\/wp\/v2\/users\/1"}],"replies":[{"embeddable":true,"href":"https:\/\/agenciainfra.com\/blog\/wp-json\/wp\/v2\/comments?post=27144"}],"version-history":[{"count":1,"href":"https:\/\/agenciainfra.com\/blog\/wp-json\/wp\/v2\/posts\/27144\/revisions"}],"predecessor-version":[{"id":27147,"href":"https:\/\/agenciainfra.com\/blog\/wp-json\/wp\/v2\/posts\/27144\/revisions\/27147"}],"wp:featuredmedia":[{"embeddable":true,"href":"https:\/\/agenciainfra.com\/blog\/wp-json\/wp\/v2\/media\/27145"}],"wp:attachment":[{"href":"https:\/\/agenciainfra.com\/blog\/wp-json\/wp\/v2\/media?parent=27144"}],"wp:term":[{"taxonomy":"category","embeddable":true,"href":"https:\/\/agenciainfra.com\/blog\/wp-json\/wp\/v2\/categories?post=27144"},{"taxonomy":"post_tag","embeddable":true,"href":"https:\/\/agenciainfra.com\/blog\/wp-json\/wp\/v2\/tags?post=27144"}],"curies":[{"name":"wp","href":"https:\/\/api.w.org\/{rel}","templated":true}]}}