{"id":27149,"date":"2025-09-03T14:03:17","date_gmt":"2025-09-03T17:03:17","guid":{"rendered":"https:\/\/agenciainfra.com\/blog\/?p=27149"},"modified":"2025-09-04T14:02:37","modified_gmt":"2025-09-04T17:02:37","slug":"devedor-contumaz-senado-impoe-capital-minimo-e-titularidade-comprovados-para-combustiveis","status":"publish","type":"post","link":"https:\/\/agenciainfra.com\/blog\/devedor-contumaz-senado-impoe-capital-minimo-e-titularidade-comprovados-para-combustiveis\/","title":{"rendered":"Devedor Contumaz: Senado imp\u00f5e capital m\u00ednimo e titularidade comprovados para combust\u00edveis"},"content":{"rendered":"\n<p class=\"has-text-align-right\"><strong>Gabriel Vasconcelos, da Ag\u00eancia iNFRA<\/strong><\/p>\n\n\n\n<p>O PLP 125\/2022, que cria o C\u00f3digo de Defesa dos Contribuintes e tipifica a figura do devedor contumaz, foi aprovado no Senado com trechos espec\u00edficos para o setor de combust\u00edveis. O principal deles \u00e9 a obriga\u00e7\u00e3o de aportes m\u00ednimos definidos pela ANP (Ag\u00eancia Nacional do Petr\u00f3leo, G\u00e1s Natural e Biocombust\u00edveis), na forma de capital social, para que as empresas possam iniciar as atividades de revenda, distribui\u00e7\u00e3o e produ\u00e7\u00e3o de combust\u00edveis l\u00edquidos.<\/p>\n\n\n\n<p>Sobre isso, o texto absorve e amplia trecho da lei de 1997, que regula essas atividades. Para fontes do setor, ser\u00e3o necess\u00e1rias revis\u00f5es da ANP para torn\u00e1-lo mais consequente no em linha com o esp\u00edrito da nova lei. Interlocutores do mercado tamb\u00e9m lamentaram o n\u00e3o acolhimento das emendas que propunham a monofasia de impostos sobre a nafta, vista como solu\u00e7\u00e3o para frear a sonega\u00e7\u00e3o envolvendo esse insumo, que serve \u00e0 formula\u00e7\u00e3o de gasolina. O texto segue para a C\u00e2mara dos Deputados, onde ainda pode ser modificado.<\/p>\n\n\n\n<p>De forma mais ampla, para toda a economia, o PLP 125\/2022 aumenta as penalidades contra empresas que devem mais de R$ 15 milh\u00f5es e n\u00e3o pagam impostos de maneira &#8220;substancial, reiterada e injustificada&#8221;, por quatro meses seguidos ou seis meses dispersos no per\u00edodo de um ano. Na sess\u00e3o da noite desta ter\u00e7a-feira (2), o relator do projeto, senador Efraim Filho (Uni\u00e3o-PB), acolheu quatro emendas integralmente e oito parcialmente.<\/p>\n\n\n\n<p>Entre as \u00faltimas estava a proposta da senadora Tereza Cristina (PP-MS), para cria\u00e7\u00e3o de um novo cadastro nacional de devedores contumazes pelo governo federal. Sob o argumento de maior economia, a ideia foi absorvida no artigo 16 do texto, mas como fun\u00e7\u00e3o da Receita Federal, com divulga\u00e7\u00e3o dessa lista em seu site e no as administra\u00e7\u00f5es tribut\u00e1rias de estados, munic\u00edpios e Distrito Federal. Produtores, distribuidores e varejistas de combust\u00edveis enquadrados pela legisla\u00e7\u00e3o ter\u00e3o, portanto, seus nomes expostos, assim como a ANP passou a fazer recentemente com as distribuidoras inadimplentes no programa de descarboniza\u00e7\u00e3o RenovaBio.<\/p>\n\n\n\n<p><strong>Aporte m\u00ednimo<\/strong><br>No relat\u00f3rio substitutivo de Efraim, h\u00e1 men\u00e7\u00e3o direta \u00e0 opera\u00e7\u00e3o &#8220;Carbono Oculto&#8221;, que revelou a inser\u00e7\u00e3o do crime organizado, sobretudo PCC, em toda a cadeia de combust\u00edveis. Admitindo a influ\u00eancia do contexto, o senador Efraim incorporou a determina\u00e7\u00e3o de capital social pela ANP e acrescentou, como condi\u00e7\u00e3o para a autoriza\u00e7\u00e3o de funcionamento junto \u00e0 ag\u00eancia, a &#8220;comprova\u00e7\u00e3o da licitude dos recursos aportados e identifica\u00e7\u00e3o do titular efetivo das empresas&#8221;.<\/p>\n\n\n\n<p>&#8220;Ao inibir a atua\u00e7\u00e3o de pessoas interpostas, os chamados \u201claranjas\u201d, e possibilitar ajustes regionais considerando custos e especificidades, a medida fortalece os mecanismos de controle sobre o setor de combust\u00edveis e mitiga o risco de apropria\u00e7\u00e3o do mercado por organiza\u00e7\u00f5es criminosas&#8221;, escreveu o senador Efraim no relat\u00f3rio.<\/p>\n\n\n\n<p>Assim, no artigo 52 do texto substitutivo s\u00e3o incorporados os seguintes valores m\u00ednimos de capital social: R$ 1 milh\u00e3o para revenda de combust\u00edveis l\u00edquidos (postos de abastecimento); R$ 10 milh\u00f5es para distribui\u00e7\u00e3o de combust\u00edveis l\u00edquidos; e R$ 200 milh\u00f5es para a atividade de produ\u00e7\u00e3o desses g\u00eaneros.<\/p>\n\n\n\n<p>Sobre a titularidade efetiva das empresa, o texto &nbsp;menciona &#8220;controle direto ou indireto&#8221;, a fim de ampliar o raio de imputa\u00e7\u00e3o das d\u00edvidas tribut\u00e1rias, mas faz uma concess\u00e3o no par\u00e1grafo quinto, segundo o qual a ANP em colabora\u00e7\u00e3o com estados e DF, poder\u00e1 prever valores menores que os m\u00ednimos previstos para observar as &#8220;peculiaridades&#8221; e a &#8220;pesquisa de custos do setor&#8221; por regi\u00e3o, estado ou Distrito Federal.<\/p>\n\n\n\n<p>Um executivo de grande distribuidora disse \u00e0 <strong>Ag\u00eancia iNFRA<\/strong> que, para a nova legisla\u00e7\u00e3o atingir seus objetivos, a ANP ter\u00e1 de adaptar sua norma, sobretudo com rela\u00e7\u00e3o aos aportes m\u00ednimos, que estariam defasados. Al\u00e9m disso, a ag\u00eancia ter\u00e1 de incorporar as novas exig\u00eancias de comprova\u00e7\u00e3o.<br>\u00a0<br>&#8220;Os valores est\u00e3o aqu\u00e9m da realidade. Para uma refinaria, deveria ser de pelo menos R$ 1 bilh\u00e3o. A defasagem para o capital social ideal de uma distribuidora \u00e9 menor, mas ainda existe: deveria come\u00e7ar em R$ 20 milh\u00f5es, que \u00e9 o valor de investimento de uma base hoje [tancagem, estrutura para mistura e infraestrutura de transporte]&#8221;, diz a fonte.<\/p>\n\n\n\n<p>No p\u00falpito do Senado, Efraim disse que a &#8220;medida cir\u00fargica para o setor de combust\u00edveis aumenta o sarrafo para aventureiros&#8221;.<\/p>\n\n\n\n<p>&#8220;\u00c9 o fim da farra de se criar CNPJ s\u00f3 com um peda\u00e7o de papel, para praticar crime. A regra geral do direito brasileiro preserva a livre iniciativa. Voc\u00ea tem o direito de criar um CNPJ e tentar buscar o seu neg\u00f3cio, mas como esse setor j\u00e1 est\u00e1 muito absorvido pelo crime organizado, estamos criando a regra de que \u00e9 preciso ter um aporte inicial de capital. Inclusive para que a Receita, ap\u00f3s identificar que se trata de evas\u00e3o de divisas, tenha um patrim\u00f4nio conhecido para buscar. Hoje, esse patrim\u00f4nio evapora mais r\u00e1pido que o combust\u00edvel adulterado que [essas empresas de fachada] colocam nos carros&#8221;, disse o senador.<\/p>\n\n\n\n<p><strong>Nafta<\/strong><br>N\u00e3o foram acolhidas as emendas dos senadores Izalci Lucas (PL-DF) e Veneziano Vital do R\u00eago (MDB-PA), que buscavam alterar outras legisla\u00e7\u00f5es por meio do texto em quest\u00e3o para estender a monofasia do IBS, CBS e ICMS para &#8220;hidrocarbonetos l\u00edquidos derivados de petr\u00f3leo e hidrocarbonetos l\u00edquidos derivados de g\u00e1s natural utilizados em mistura majoritariamente mec\u00e2nica para a produ\u00e7\u00e3o de gasolinas ou de diesel [Nafta]&#8221;. A aplica\u00e7\u00e3o da\u00a0monofasia, que j\u00e1 vale para gasolina e diesel, tamb\u00e9m para produtos como nafta e etanol, \u00e9 pleito relevante do setor, mas n\u00e3o foi acolhida por fugir do escopo do PLP 125\/2022.<\/p>\n\n\n\n<p>A este respeito, Efraim disse que j\u00e1 existe emenda com essa natureza para outro PLP, o 108\/2024, que regulamenta a Reforma Tribut\u00e1ria. &#8220;Isso tem uma implica\u00e7\u00e3o que vai al\u00e9m da natureza criminal, e tem natureza negocial. Meu entendimento foi n\u00e3o trazer a emenda para debate neste PLP e permitir que ela possa avan\u00e7ar no PLP 108, relatado pelo senador Eduardo Braga e onde j\u00e1 foi tratada com mais profundidade&#8221;, disse Efraim na leitura do relat\u00f3rio.<\/p>\n\n\n\n<p><\/p>\n","protected":false},"excerpt":{"rendered":"<p>Gabriel Vasconcelos, da Ag\u00eancia iNFRA O PLP 125\/2022, que cria o C\u00f3digo de Defesa dos Contribuintes e tipifica a figura do devedor contumaz, foi aprovado no Senado com trechos espec\u00edficos para o setor de combust\u00edveis. O principal deles \u00e9 a obriga\u00e7\u00e3o de aportes m\u00ednimos definidos pela ANP (Ag\u00eancia Nacional do Petr\u00f3leo, G\u00e1s Natural e Biocombust\u00edveis), [&hellip;]<\/p>\n","protected":false},"author":1,"featured_media":6764,"comment_status":"closed","ping_status":"closed","sticky":false,"template":"","format":"standard","meta":{"_monsterinsights_skip_tracking":false,"_monsterinsights_sitenote_active":false,"_monsterinsights_sitenote_note":"","_monsterinsights_sitenote_category":0,"footnotes":""},"categories":[7250,1,13271],"tags":[1101,314,15059,315,13509,13251,3365,15157,15058,5202],"class_list":["post-27149","post","type-post","status-publish","format-standard","has-post-thumbnail","hentry","category-destaque-lista","category-geral","category-oleo-gas","tag-anp","tag-combustiveis","tag-devedor-contumaz","tag-diesel","tag-efraim-filho-uniao-pb","tag-gabriel-vasconcelos","tag-gasolina","tag-nafta","tag-plp-125-2022","tag-renovabio"],"yoast_head":"<!-- This site is optimized with the Yoast SEO Premium plugin v25.4 (Yoast SEO v26.0) - https:\/\/yoast.com\/wordpress\/plugins\/seo\/ -->\n<title>Devedor Contumaz: Senado imp\u00f5e capital m\u00ednimo e titularidade comprovados para combust\u00edveis - Ag\u00eancia iNFRA<\/title>\n<meta name=\"robots\" content=\"index, follow, max-snippet:-1, max-image-preview:large, max-video-preview:-1\" \/>\n<link rel=\"canonical\" href=\"https:\/\/agenciainfra.com\/blog\/devedor-contumaz-senado-impoe-capital-minimo-e-titularidade-comprovados-para-combustiveis\/\" \/>\n<meta property=\"og:locale\" content=\"pt_BR\" \/>\n<meta property=\"og:type\" content=\"article\" \/>\n<meta property=\"og:title\" content=\"Devedor Contumaz: Senado imp\u00f5e capital m\u00ednimo e titularidade comprovados para combust\u00edveis\" \/>\n<meta property=\"og:description\" content=\"Gabriel Vasconcelos, da Ag\u00eancia iNFRA O PLP 125\/2022, que cria o C\u00f3digo de Defesa dos Contribuintes e tipifica a figura do devedor contumaz, foi aprovado no Senado com trechos espec\u00edficos para o setor de combust\u00edveis. O principal deles \u00e9 a obriga\u00e7\u00e3o de aportes m\u00ednimos definidos pela ANP (Ag\u00eancia Nacional do Petr\u00f3leo, G\u00e1s Natural e Biocombust\u00edveis), [&hellip;]\" \/>\n<meta property=\"og:url\" content=\"https:\/\/agenciainfra.com\/blog\/devedor-contumaz-senado-impoe-capital-minimo-e-titularidade-comprovados-para-combustiveis\/\" \/>\n<meta property=\"og:site_name\" content=\"Ag\u00eancia iNFRA\" \/>\n<meta property=\"article:publisher\" content=\"https:\/\/www.facebook.com\/ageninfra\" \/>\n<meta property=\"article:published_time\" content=\"2025-09-03T17:03:17+00:00\" \/>\n<meta property=\"article:modified_time\" content=\"2025-09-04T17:02:37+00:00\" \/>\n<meta property=\"og:image\" content=\"https:\/\/agenciainfra.com\/blog\/wp-content\/uploads\/2021\/02\/efraim-filho-foto-najara-araujo-camara-deputados.jpg\" \/>\n\t<meta property=\"og:image:width\" content=\"1280\" \/>\n\t<meta property=\"og:image:height\" content=\"853\" \/>\n\t<meta property=\"og:image:type\" content=\"image\/jpeg\" \/>\n<meta name=\"author\" content=\"Ag\u00eancia iNFRA\" \/>\n<meta name=\"twitter:card\" content=\"summary_large_image\" \/>\n<meta name=\"twitter:creator\" content=\"@agencia_infra\" \/>\n<meta name=\"twitter:site\" content=\"@agencia_infra\" \/>\n<meta name=\"twitter:label1\" content=\"Escrito por\" \/>\n\t<meta name=\"twitter:data1\" content=\"Ag\u00eancia iNFRA\" \/>\n\t<meta name=\"twitter:label2\" content=\"Est. tempo de leitura\" \/>\n\t<meta name=\"twitter:data2\" content=\"5 minutos\" \/>\n<script type=\"application\/ld+json\" class=\"yoast-schema-graph\">{\"@context\":\"https:\/\/schema.org\",\"@graph\":[{\"@type\":\"Article\",\"@id\":\"https:\/\/agenciainfra.com\/blog\/devedor-contumaz-senado-impoe-capital-minimo-e-titularidade-comprovados-para-combustiveis\/#article\",\"isPartOf\":{\"@id\":\"https:\/\/agenciainfra.com\/blog\/devedor-contumaz-senado-impoe-capital-minimo-e-titularidade-comprovados-para-combustiveis\/\"},\"author\":{\"name\":\"Ag\u00eancia iNFRA\",\"@id\":\"https:\/\/agenciainfra.com\/blog\/#\/schema\/person\/34af08dff6adea4cb22b06612ba7acfa\"},\"headline\":\"Devedor Contumaz: Senado imp\u00f5e capital m\u00ednimo e titularidade comprovados para combust\u00edveis\",\"datePublished\":\"2025-09-03T17:03:17+00:00\",\"dateModified\":\"2025-09-04T17:02:37+00:00\",\"mainEntityOfPage\":{\"@id\":\"https:\/\/agenciainfra.com\/blog\/devedor-contumaz-senado-impoe-capital-minimo-e-titularidade-comprovados-para-combustiveis\/\"},\"wordCount\":1072,\"publisher\":{\"@id\":\"https:\/\/agenciainfra.com\/blog\/#organization\"},\"image\":{\"@id\":\"https:\/\/agenciainfra.com\/blog\/devedor-contumaz-senado-impoe-capital-minimo-e-titularidade-comprovados-para-combustiveis\/#primaryimage\"},\"thumbnailUrl\":\"https:\/\/agenciainfra.com\/blog\/wp-content\/uploads\/2021\/02\/efraim-filho-foto-najara-araujo-camara-deputados.jpg\",\"keywords\":[\"ANP\",\"combust\u00edveis\",\"devedor contumaz\",\"diesel\",\"Efraim Filho (Uni\u00e3o-PB)\",\"Gabriel Vasconcelos\",\"gasolina\",\"Nafta\",\"PLP 125\/2022\",\"RenovaBio\"],\"articleSection\":[\"Destaque lista\",\"Geral\",\"\u00d3leo &amp; G\u00e1s\"],\"inLanguage\":\"pt-BR\",\"copyrightYear\":\"2025\",\"copyrightHolder\":{\"@id\":\"https:\/\/agenciainfra.com\/blog\/#organization\"}},{\"@type\":\"WebPage\",\"@id\":\"https:\/\/agenciainfra.com\/blog\/devedor-contumaz-senado-impoe-capital-minimo-e-titularidade-comprovados-para-combustiveis\/\",\"url\":\"https:\/\/agenciainfra.com\/blog\/devedor-contumaz-senado-impoe-capital-minimo-e-titularidade-comprovados-para-combustiveis\/\",\"name\":\"Devedor Contumaz: Senado imp\u00f5e capital m\u00ednimo e titularidade comprovados para combust\u00edveis - Ag\u00eancia iNFRA\",\"isPartOf\":{\"@id\":\"https:\/\/agenciainfra.com\/blog\/#website\"},\"primaryImageOfPage\":{\"@id\":\"https:\/\/agenciainfra.com\/blog\/devedor-contumaz-senado-impoe-capital-minimo-e-titularidade-comprovados-para-combustiveis\/#primaryimage\"},\"image\":{\"@id\":\"https:\/\/agenciainfra.com\/blog\/devedor-contumaz-senado-impoe-capital-minimo-e-titularidade-comprovados-para-combustiveis\/#primaryimage\"},\"thumbnailUrl\":\"https:\/\/agenciainfra.com\/blog\/wp-content\/uploads\/2021\/02\/efraim-filho-foto-najara-araujo-camara-deputados.jpg\",\"datePublished\":\"2025-09-03T17:03:17+00:00\",\"dateModified\":\"2025-09-04T17:02:37+00:00\",\"breadcrumb\":{\"@id\":\"https:\/\/agenciainfra.com\/blog\/devedor-contumaz-senado-impoe-capital-minimo-e-titularidade-comprovados-para-combustiveis\/#breadcrumb\"},\"inLanguage\":\"pt-BR\",\"potentialAction\":[{\"@type\":\"ReadAction\",\"target\":[\"https:\/\/agenciainfra.com\/blog\/devedor-contumaz-senado-impoe-capital-minimo-e-titularidade-comprovados-para-combustiveis\/\"]}]},{\"@type\":\"ImageObject\",\"inLanguage\":\"pt-BR\",\"@id\":\"https:\/\/agenciainfra.com\/blog\/devedor-contumaz-senado-impoe-capital-minimo-e-titularidade-comprovados-para-combustiveis\/#primaryimage\",\"url\":\"https:\/\/agenciainfra.com\/blog\/wp-content\/uploads\/2021\/02\/efraim-filho-foto-najara-araujo-camara-deputados.jpg\",\"contentUrl\":\"https:\/\/agenciainfra.com\/blog\/wp-content\/uploads\/2021\/02\/efraim-filho-foto-najara-araujo-camara-deputados.jpg\",\"width\":1280,\"height\":853,\"caption\":\"Foto: Najara Ara\u00fajo\/C\u00e2mara dos Deputados\"},{\"@type\":\"BreadcrumbList\",\"@id\":\"https:\/\/agenciainfra.com\/blog\/devedor-contumaz-senado-impoe-capital-minimo-e-titularidade-comprovados-para-combustiveis\/#breadcrumb\",\"itemListElement\":[{\"@type\":\"ListItem\",\"position\":1,\"name\":\"In\u00edcio\",\"item\":\"https:\/\/agenciainfra.com\/blog\/\"},{\"@type\":\"ListItem\",\"position\":2,\"name\":\"Devedor Contumaz: Senado imp\u00f5e capital m\u00ednimo e titularidade comprovados para combust\u00edveis\"}]},{\"@type\":\"WebSite\",\"@id\":\"https:\/\/agenciainfra.com\/blog\/#website\",\"url\":\"https:\/\/agenciainfra.com\/blog\/\",\"name\":\"Ag\u00eancia iNFRA\",\"description\":\"Multiplataforma de informa\u00e7\u00e3o jornal\u00edstica refer\u00eancia na \u00e1rea de infraestrutura no Brasil!\",\"publisher\":{\"@id\":\"https:\/\/agenciainfra.com\/blog\/#organization\"},\"potentialAction\":[{\"@type\":\"SearchAction\",\"target\":{\"@type\":\"EntryPoint\",\"urlTemplate\":\"https:\/\/agenciainfra.com\/blog\/?s={search_term_string}\"},\"query-input\":{\"@type\":\"PropertyValueSpecification\",\"valueRequired\":true,\"valueName\":\"search_term_string\"}}],\"inLanguage\":\"pt-BR\"},{\"@type\":\"Organization\",\"@id\":\"https:\/\/agenciainfra.com\/blog\/#organization\",\"name\":\"Ag\u00eancia iNFRA\",\"url\":\"https:\/\/agenciainfra.com\/blog\/\",\"logo\":{\"@type\":\"ImageObject\",\"inLanguage\":\"pt-BR\",\"@id\":\"https:\/\/agenciainfra.com\/blog\/#\/schema\/logo\/image\/\",\"url\":\"https:\/\/agenciainfra.com\/blog\/wp-content\/uploads\/2023\/09\/iNFRA_5-e1761735885940.png\",\"contentUrl\":\"https:\/\/agenciainfra.com\/blog\/wp-content\/uploads\/2023\/09\/iNFRA_5-e1761735885940.png\",\"width\":1672,\"height\":454,\"caption\":\"Ag\u00eancia iNFRA\"},\"image\":{\"@id\":\"https:\/\/agenciainfra.com\/blog\/#\/schema\/logo\/image\/\"},\"sameAs\":[\"https:\/\/www.facebook.com\/ageninfra\",\"https:\/\/x.com\/agencia_infra\",\"https:\/\/www.linkedin.com\/company\/ag\u00eanciainfra\/\",\"https:\/\/www.instagram.com\/agenciainfra\/\"]},{\"@type\":\"Person\",\"@id\":\"https:\/\/agenciainfra.com\/blog\/#\/schema\/person\/34af08dff6adea4cb22b06612ba7acfa\",\"name\":\"Ag\u00eancia iNFRA\",\"image\":{\"@type\":\"ImageObject\",\"inLanguage\":\"pt-BR\",\"@id\":\"https:\/\/agenciainfra.com\/blog\/#\/schema\/person\/image\/\",\"url\":\"https:\/\/secure.gravatar.com\/avatar\/d189e01678f06d8eb84d4e01f08eb848b3fffe3f8443818d3c356c66892f5be8?s=96&d=mm&r=g\",\"contentUrl\":\"https:\/\/secure.gravatar.com\/avatar\/d189e01678f06d8eb84d4e01f08eb848b3fffe3f8443818d3c356c66892f5be8?s=96&d=mm&r=g\",\"caption\":\"Ag\u00eancia iNFRA\"},\"url\":\"https:\/\/agenciainfra.com\/blog\/author\/admin\/\"}]}<\/script>\n<!-- \/ Yoast SEO Premium plugin. -->","yoast_head_json":{"title":"Devedor Contumaz: Senado imp\u00f5e capital m\u00ednimo e titularidade comprovados para combust\u00edveis - Ag\u00eancia iNFRA","robots":{"index":"index","follow":"follow","max-snippet":"max-snippet:-1","max-image-preview":"max-image-preview:large","max-video-preview":"max-video-preview:-1"},"canonical":"https:\/\/agenciainfra.com\/blog\/devedor-contumaz-senado-impoe-capital-minimo-e-titularidade-comprovados-para-combustiveis\/","og_locale":"pt_BR","og_type":"article","og_title":"Devedor Contumaz: Senado imp\u00f5e capital m\u00ednimo e titularidade comprovados para combust\u00edveis","og_description":"Gabriel Vasconcelos, da Ag\u00eancia iNFRA O PLP 125\/2022, que cria o C\u00f3digo de Defesa dos Contribuintes e tipifica a figura do devedor contumaz, foi aprovado no Senado com trechos espec\u00edficos para o setor de combust\u00edveis. O principal deles \u00e9 a obriga\u00e7\u00e3o de aportes m\u00ednimos definidos pela ANP (Ag\u00eancia Nacional do Petr\u00f3leo, G\u00e1s Natural e Biocombust\u00edveis), [&hellip;]","og_url":"https:\/\/agenciainfra.com\/blog\/devedor-contumaz-senado-impoe-capital-minimo-e-titularidade-comprovados-para-combustiveis\/","og_site_name":"Ag\u00eancia iNFRA","article_publisher":"https:\/\/www.facebook.com\/ageninfra","article_published_time":"2025-09-03T17:03:17+00:00","article_modified_time":"2025-09-04T17:02:37+00:00","og_image":[{"width":1280,"height":853,"url":"https:\/\/agenciainfra.com\/blog\/wp-content\/uploads\/2021\/02\/efraim-filho-foto-najara-araujo-camara-deputados.jpg","type":"image\/jpeg"}],"author":"Ag\u00eancia iNFRA","twitter_card":"summary_large_image","twitter_creator":"@agencia_infra","twitter_site":"@agencia_infra","twitter_misc":{"Escrito por":"Ag\u00eancia iNFRA","Est. tempo de leitura":"5 minutos"},"schema":{"@context":"https:\/\/schema.org","@graph":[{"@type":"Article","@id":"https:\/\/agenciainfra.com\/blog\/devedor-contumaz-senado-impoe-capital-minimo-e-titularidade-comprovados-para-combustiveis\/#article","isPartOf":{"@id":"https:\/\/agenciainfra.com\/blog\/devedor-contumaz-senado-impoe-capital-minimo-e-titularidade-comprovados-para-combustiveis\/"},"author":{"name":"Ag\u00eancia iNFRA","@id":"https:\/\/agenciainfra.com\/blog\/#\/schema\/person\/34af08dff6adea4cb22b06612ba7acfa"},"headline":"Devedor Contumaz: Senado imp\u00f5e capital m\u00ednimo e titularidade comprovados para combust\u00edveis","datePublished":"2025-09-03T17:03:17+00:00","dateModified":"2025-09-04T17:02:37+00:00","mainEntityOfPage":{"@id":"https:\/\/agenciainfra.com\/blog\/devedor-contumaz-senado-impoe-capital-minimo-e-titularidade-comprovados-para-combustiveis\/"},"wordCount":1072,"publisher":{"@id":"https:\/\/agenciainfra.com\/blog\/#organization"},"image":{"@id":"https:\/\/agenciainfra.com\/blog\/devedor-contumaz-senado-impoe-capital-minimo-e-titularidade-comprovados-para-combustiveis\/#primaryimage"},"thumbnailUrl":"https:\/\/agenciainfra.com\/blog\/wp-content\/uploads\/2021\/02\/efraim-filho-foto-najara-araujo-camara-deputados.jpg","keywords":["ANP","combust\u00edveis","devedor contumaz","diesel","Efraim Filho (Uni\u00e3o-PB)","Gabriel Vasconcelos","gasolina","Nafta","PLP 125\/2022","RenovaBio"],"articleSection":["Destaque lista","Geral","\u00d3leo &amp; G\u00e1s"],"inLanguage":"pt-BR","copyrightYear":"2025","copyrightHolder":{"@id":"https:\/\/agenciainfra.com\/blog\/#organization"}},{"@type":"WebPage","@id":"https:\/\/agenciainfra.com\/blog\/devedor-contumaz-senado-impoe-capital-minimo-e-titularidade-comprovados-para-combustiveis\/","url":"https:\/\/agenciainfra.com\/blog\/devedor-contumaz-senado-impoe-capital-minimo-e-titularidade-comprovados-para-combustiveis\/","name":"Devedor Contumaz: Senado imp\u00f5e capital m\u00ednimo e titularidade comprovados para combust\u00edveis - Ag\u00eancia iNFRA","isPartOf":{"@id":"https:\/\/agenciainfra.com\/blog\/#website"},"primaryImageOfPage":{"@id":"https:\/\/agenciainfra.com\/blog\/devedor-contumaz-senado-impoe-capital-minimo-e-titularidade-comprovados-para-combustiveis\/#primaryimage"},"image":{"@id":"https:\/\/agenciainfra.com\/blog\/devedor-contumaz-senado-impoe-capital-minimo-e-titularidade-comprovados-para-combustiveis\/#primaryimage"},"thumbnailUrl":"https:\/\/agenciainfra.com\/blog\/wp-content\/uploads\/2021\/02\/efraim-filho-foto-najara-araujo-camara-deputados.jpg","datePublished":"2025-09-03T17:03:17+00:00","dateModified":"2025-09-04T17:02:37+00:00","breadcrumb":{"@id":"https:\/\/agenciainfra.com\/blog\/devedor-contumaz-senado-impoe-capital-minimo-e-titularidade-comprovados-para-combustiveis\/#breadcrumb"},"inLanguage":"pt-BR","potentialAction":[{"@type":"ReadAction","target":["https:\/\/agenciainfra.com\/blog\/devedor-contumaz-senado-impoe-capital-minimo-e-titularidade-comprovados-para-combustiveis\/"]}]},{"@type":"ImageObject","inLanguage":"pt-BR","@id":"https:\/\/agenciainfra.com\/blog\/devedor-contumaz-senado-impoe-capital-minimo-e-titularidade-comprovados-para-combustiveis\/#primaryimage","url":"https:\/\/agenciainfra.com\/blog\/wp-content\/uploads\/2021\/02\/efraim-filho-foto-najara-araujo-camara-deputados.jpg","contentUrl":"https:\/\/agenciainfra.com\/blog\/wp-content\/uploads\/2021\/02\/efraim-filho-foto-najara-araujo-camara-deputados.jpg","width":1280,"height":853,"caption":"Foto: Najara Ara\u00fajo\/C\u00e2mara dos Deputados"},{"@type":"BreadcrumbList","@id":"https:\/\/agenciainfra.com\/blog\/devedor-contumaz-senado-impoe-capital-minimo-e-titularidade-comprovados-para-combustiveis\/#breadcrumb","itemListElement":[{"@type":"ListItem","position":1,"name":"In\u00edcio","item":"https:\/\/agenciainfra.com\/blog\/"},{"@type":"ListItem","position":2,"name":"Devedor Contumaz: Senado imp\u00f5e capital m\u00ednimo e titularidade comprovados para combust\u00edveis"}]},{"@type":"WebSite","@id":"https:\/\/agenciainfra.com\/blog\/#website","url":"https:\/\/agenciainfra.com\/blog\/","name":"Ag\u00eancia iNFRA","description":"Multiplataforma de informa\u00e7\u00e3o jornal\u00edstica refer\u00eancia na \u00e1rea de infraestrutura no Brasil!","publisher":{"@id":"https:\/\/agenciainfra.com\/blog\/#organization"},"potentialAction":[{"@type":"SearchAction","target":{"@type":"EntryPoint","urlTemplate":"https:\/\/agenciainfra.com\/blog\/?s={search_term_string}"},"query-input":{"@type":"PropertyValueSpecification","valueRequired":true,"valueName":"search_term_string"}}],"inLanguage":"pt-BR"},{"@type":"Organization","@id":"https:\/\/agenciainfra.com\/blog\/#organization","name":"Ag\u00eancia iNFRA","url":"https:\/\/agenciainfra.com\/blog\/","logo":{"@type":"ImageObject","inLanguage":"pt-BR","@id":"https:\/\/agenciainfra.com\/blog\/#\/schema\/logo\/image\/","url":"https:\/\/agenciainfra.com\/blog\/wp-content\/uploads\/2023\/09\/iNFRA_5-e1761735885940.png","contentUrl":"https:\/\/agenciainfra.com\/blog\/wp-content\/uploads\/2023\/09\/iNFRA_5-e1761735885940.png","width":1672,"height":454,"caption":"Ag\u00eancia iNFRA"},"image":{"@id":"https:\/\/agenciainfra.com\/blog\/#\/schema\/logo\/image\/"},"sameAs":["https:\/\/www.facebook.com\/ageninfra","https:\/\/x.com\/agencia_infra","https:\/\/www.linkedin.com\/company\/ag\u00eanciainfra\/","https:\/\/www.instagram.com\/agenciainfra\/"]},{"@type":"Person","@id":"https:\/\/agenciainfra.com\/blog\/#\/schema\/person\/34af08dff6adea4cb22b06612ba7acfa","name":"Ag\u00eancia iNFRA","image":{"@type":"ImageObject","inLanguage":"pt-BR","@id":"https:\/\/agenciainfra.com\/blog\/#\/schema\/person\/image\/","url":"https:\/\/secure.gravatar.com\/avatar\/d189e01678f06d8eb84d4e01f08eb848b3fffe3f8443818d3c356c66892f5be8?s=96&d=mm&r=g","contentUrl":"https:\/\/secure.gravatar.com\/avatar\/d189e01678f06d8eb84d4e01f08eb848b3fffe3f8443818d3c356c66892f5be8?s=96&d=mm&r=g","caption":"Ag\u00eancia iNFRA"},"url":"https:\/\/agenciainfra.com\/blog\/author\/admin\/"}]}},"_links":{"self":[{"href":"https:\/\/agenciainfra.com\/blog\/wp-json\/wp\/v2\/posts\/27149","targetHints":{"allow":["GET"]}}],"collection":[{"href":"https:\/\/agenciainfra.com\/blog\/wp-json\/wp\/v2\/posts"}],"about":[{"href":"https:\/\/agenciainfra.com\/blog\/wp-json\/wp\/v2\/types\/post"}],"author":[{"embeddable":true,"href":"https:\/\/agenciainfra.com\/blog\/wp-json\/wp\/v2\/users\/1"}],"replies":[{"embeddable":true,"href":"https:\/\/agenciainfra.com\/blog\/wp-json\/wp\/v2\/comments?post=27149"}],"version-history":[{"count":1,"href":"https:\/\/agenciainfra.com\/blog\/wp-json\/wp\/v2\/posts\/27149\/revisions"}],"predecessor-version":[{"id":27150,"href":"https:\/\/agenciainfra.com\/blog\/wp-json\/wp\/v2\/posts\/27149\/revisions\/27150"}],"wp:featuredmedia":[{"embeddable":true,"href":"https:\/\/agenciainfra.com\/blog\/wp-json\/wp\/v2\/media\/6764"}],"wp:attachment":[{"href":"https:\/\/agenciainfra.com\/blog\/wp-json\/wp\/v2\/media?parent=27149"}],"wp:term":[{"taxonomy":"category","embeddable":true,"href":"https:\/\/agenciainfra.com\/blog\/wp-json\/wp\/v2\/categories?post=27149"},{"taxonomy":"post_tag","embeddable":true,"href":"https:\/\/agenciainfra.com\/blog\/wp-json\/wp\/v2\/tags?post=27149"}],"curies":[{"name":"wp","href":"https:\/\/api.w.org\/{rel}","templated":true}]}}