{"id":27158,"date":"2025-09-03T16:09:32","date_gmt":"2025-09-03T19:09:32","guid":{"rendered":"https:\/\/agenciainfra.com\/blog\/?p=27158"},"modified":"2025-09-03T16:18:01","modified_gmt":"2025-09-03T19:18:01","slug":"cade-exige-que-gol-e-azul-notifiquem-acordo-de-codeshare-em-ate-30-dias","status":"publish","type":"post","link":"https:\/\/agenciainfra.com\/blog\/cade-exige-que-gol-e-azul-notifiquem-acordo-de-codeshare-em-ate-30-dias\/","title":{"rendered":"Cade exige que Gol e Azul notifiquem acordo de codeshare em at\u00e9 30 dias"},"content":{"rendered":"\n<p class=\"has-text-align-right\"><strong>da Ag\u00eancia iNFRA<\/strong><\/p>\n\n\n\n<p>O Cade (Conselho Administrativo de Defesa Econ\u00f4mica) determinou que as companhias a\u00e9reas Gol e Azul apresentem, no prazo de 30 dias, o contrato de codeshare firmado entre elas. A decis\u00e3o, tomada nesta quarta-feira (3) pelo tribunal do \u00f3rg\u00e3o antitruste, impede as empresas de ampliar as rotas compartilhadas at\u00e9 a conclus\u00e3o da an\u00e1lise.<\/p>\n\n\n\n<p>O processo foi instaurado por meio de um Apac (Procedimento de Apura\u00e7\u00e3o de Ato de Concentra\u00e7\u00e3o) para avaliar se o acordo deveria passar pelo Cade. O relator, conselheiro Carlos Jacques, ressaltou que n\u00e3o se trata da an\u00e1lise de uma fus\u00e3o, mas da verifica\u00e7\u00e3o sobre a necessidade de submiss\u00e3o do contrato \u00e0 autoridade.<\/p>\n\n\n\n<p>Jacques destacou que contratos de codeshare n\u00e3o t\u00eam isen\u00e7\u00e3o autom\u00e1tica da an\u00e1lise do Cade e devem ser avaliados caso a caso; e lembrou ainda que o \u00f3rg\u00e3o n\u00e3o presume neutralidade concorrencial nesse tipo de contrato e que acordos dom\u00e9sticos entre companhias brasileiras levantam maiores preocupa\u00e7\u00f5es do que parcerias internacionais. Por isso, o entendimento do caso TAM\/Qatar n\u00e3o seria aplic\u00e1vel \u00e0 opera\u00e7\u00e3o entre Gol e Azul.<\/p>\n\n\n\n<p>Por unanimidade, o tribunal seguiu o relator e votou pela aplica\u00e7\u00e3o do artigo 88 da Lei 12.529\/2011, que permite ao Cade exigir a notifica\u00e7\u00e3o de opera\u00e7\u00f5es que n\u00e3o se enquadram como atos de concentra\u00e7\u00e3o de comunica\u00e7\u00e3o obrigat\u00f3ria. Caso as empresas n\u00e3o notifiquem o contrato no prazo fixado, o acordo dever\u00e1 ser suspenso, resguardando apenas as passagens j\u00e1 emitidas.<\/p>\n","protected":false},"excerpt":{"rendered":"<p>da Ag\u00eancia iNFRA O Cade (Conselho Administrativo de Defesa Econ\u00f4mica) determinou que as companhias a\u00e9reas Gol e Azul apresentem, no prazo de 30 dias, o contrato de codeshare firmado entre elas. A decis\u00e3o, tomada nesta quarta-feira (3) pelo tribunal do \u00f3rg\u00e3o antitruste, impede as empresas de ampliar as rotas compartilhadas at\u00e9 a conclus\u00e3o da an\u00e1lise. [&hellip;]<\/p>\n","protected":false},"author":1,"featured_media":8975,"comment_status":"closed","ping_status":"closed","sticky":false,"template":"","format":"standard","meta":{"_monsterinsights_skip_tracking":false,"_monsterinsights_sitenote_active":false,"_monsterinsights_sitenote_note":"","_monsterinsights_sitenote_category":0,"footnotes":""},"categories":[1,13576],"tags":[15161,15163,599,676,371,15162,230,10361],"class_list":["post-27158","post","type-post","status-publish","format-standard","has-post-thumbnail","hentry","category-geral","category-giro-infra","tag-acordo-de-codeshare","tag-analise-de-concorrencia","tag-aviacao-civil","tag-azul","tag-cade","tag-carlos-jacques","tag-gol","tag-voos-nacionais"],"yoast_head":"<!-- This site is optimized with the Yoast SEO Premium plugin v25.4 (Yoast SEO v26.0) - https:\/\/yoast.com\/wordpress\/plugins\/seo\/ -->\n<title>Cade exige que Gol e Azul notifiquem acordo de codeshare em at\u00e9 30 dias - Ag\u00eancia iNFRA<\/title>\n<meta name=\"robots\" content=\"index, follow, max-snippet:-1, max-image-preview:large, max-video-preview:-1\" \/>\n<link rel=\"canonical\" href=\"https:\/\/agenciainfra.com\/blog\/cade-exige-que-gol-e-azul-notifiquem-acordo-de-codeshare-em-ate-30-dias\/\" \/>\n<meta property=\"og:locale\" content=\"pt_BR\" \/>\n<meta property=\"og:type\" content=\"article\" \/>\n<meta property=\"og:title\" content=\"Cade exige que Gol e Azul notifiquem acordo de codeshare em at\u00e9 30 dias\" \/>\n<meta property=\"og:description\" content=\"da Ag\u00eancia iNFRA O Cade (Conselho Administrativo de Defesa Econ\u00f4mica) determinou que as companhias a\u00e9reas Gol e Azul apresentem, no prazo de 30 dias, o contrato de codeshare firmado entre elas. A decis\u00e3o, tomada nesta quarta-feira (3) pelo tribunal do \u00f3rg\u00e3o antitruste, impede as empresas de ampliar as rotas compartilhadas at\u00e9 a conclus\u00e3o da an\u00e1lise. [&hellip;]\" \/>\n<meta property=\"og:url\" content=\"https:\/\/agenciainfra.com\/blog\/cade-exige-que-gol-e-azul-notifiquem-acordo-de-codeshare-em-ate-30-dias\/\" \/>\n<meta property=\"og:site_name\" content=\"Ag\u00eancia iNFRA\" \/>\n<meta property=\"article:publisher\" content=\"https:\/\/www.facebook.com\/ageninfra\" \/>\n<meta property=\"article:published_time\" content=\"2025-09-03T19:09:32+00:00\" \/>\n<meta property=\"article:modified_time\" content=\"2025-09-03T19:18:01+00:00\" \/>\n<meta property=\"og:image\" content=\"https:\/\/agenciainfra.com\/blog\/wp-content\/uploads\/2021\/11\/aeroporto-santos-dumont-foto-alexandre-macieira-riotur.jpg\" \/>\n\t<meta property=\"og:image:width\" content=\"2048\" \/>\n\t<meta property=\"og:image:height\" content=\"1360\" \/>\n\t<meta property=\"og:image:type\" content=\"image\/jpeg\" \/>\n<meta name=\"author\" content=\"Ag\u00eancia iNFRA\" \/>\n<meta name=\"twitter:card\" content=\"summary_large_image\" \/>\n<meta name=\"twitter:creator\" content=\"@agencia_infra\" \/>\n<meta name=\"twitter:site\" content=\"@agencia_infra\" \/>\n<meta name=\"twitter:label1\" content=\"Escrito por\" \/>\n\t<meta name=\"twitter:data1\" content=\"Ag\u00eancia iNFRA\" \/>\n\t<meta name=\"twitter:label2\" content=\"Est. tempo de leitura\" \/>\n\t<meta name=\"twitter:data2\" content=\"1 minuto\" \/>\n<script type=\"application\/ld+json\" class=\"yoast-schema-graph\">{\"@context\":\"https:\/\/schema.org\",\"@graph\":[{\"@type\":\"Article\",\"@id\":\"https:\/\/agenciainfra.com\/blog\/cade-exige-que-gol-e-azul-notifiquem-acordo-de-codeshare-em-ate-30-dias\/#article\",\"isPartOf\":{\"@id\":\"https:\/\/agenciainfra.com\/blog\/cade-exige-que-gol-e-azul-notifiquem-acordo-de-codeshare-em-ate-30-dias\/\"},\"author\":{\"name\":\"Ag\u00eancia iNFRA\",\"@id\":\"https:\/\/agenciainfra.com\/blog\/#\/schema\/person\/34af08dff6adea4cb22b06612ba7acfa\"},\"headline\":\"Cade exige que Gol e Azul notifiquem acordo de codeshare em at\u00e9 30 dias\",\"datePublished\":\"2025-09-03T19:09:32+00:00\",\"dateModified\":\"2025-09-03T19:18:01+00:00\",\"mainEntityOfPage\":{\"@id\":\"https:\/\/agenciainfra.com\/blog\/cade-exige-que-gol-e-azul-notifiquem-acordo-de-codeshare-em-ate-30-dias\/\"},\"wordCount\":272,\"publisher\":{\"@id\":\"https:\/\/agenciainfra.com\/blog\/#organization\"},\"image\":{\"@id\":\"https:\/\/agenciainfra.com\/blog\/cade-exige-que-gol-e-azul-notifiquem-acordo-de-codeshare-em-ate-30-dias\/#primaryimage\"},\"thumbnailUrl\":\"https:\/\/agenciainfra.com\/blog\/wp-content\/uploads\/2021\/11\/aeroporto-santos-dumont-foto-alexandre-macieira-riotur.jpg\",\"keywords\":[\"acordo de codeshare\",\"an\u00e1lise de concorr\u00eancia\",\"avia\u00e7\u00e3o civil\",\"azul\",\"Cade\",\"Carlos Jacques\",\"Gol\",\"voos nacionais\"],\"articleSection\":[\"Geral\",\"Giro iNFRA\"],\"inLanguage\":\"pt-BR\",\"copyrightYear\":\"2025\",\"copyrightHolder\":{\"@id\":\"https:\/\/agenciainfra.com\/blog\/#organization\"}},{\"@type\":\"WebPage\",\"@id\":\"https:\/\/agenciainfra.com\/blog\/cade-exige-que-gol-e-azul-notifiquem-acordo-de-codeshare-em-ate-30-dias\/\",\"url\":\"https:\/\/agenciainfra.com\/blog\/cade-exige-que-gol-e-azul-notifiquem-acordo-de-codeshare-em-ate-30-dias\/\",\"name\":\"Cade exige que Gol e Azul notifiquem acordo de codeshare em at\u00e9 30 dias - Ag\u00eancia iNFRA\",\"isPartOf\":{\"@id\":\"https:\/\/agenciainfra.com\/blog\/#website\"},\"primaryImageOfPage\":{\"@id\":\"https:\/\/agenciainfra.com\/blog\/cade-exige-que-gol-e-azul-notifiquem-acordo-de-codeshare-em-ate-30-dias\/#primaryimage\"},\"image\":{\"@id\":\"https:\/\/agenciainfra.com\/blog\/cade-exige-que-gol-e-azul-notifiquem-acordo-de-codeshare-em-ate-30-dias\/#primaryimage\"},\"thumbnailUrl\":\"https:\/\/agenciainfra.com\/blog\/wp-content\/uploads\/2021\/11\/aeroporto-santos-dumont-foto-alexandre-macieira-riotur.jpg\",\"datePublished\":\"2025-09-03T19:09:32+00:00\",\"dateModified\":\"2025-09-03T19:18:01+00:00\",\"breadcrumb\":{\"@id\":\"https:\/\/agenciainfra.com\/blog\/cade-exige-que-gol-e-azul-notifiquem-acordo-de-codeshare-em-ate-30-dias\/#breadcrumb\"},\"inLanguage\":\"pt-BR\",\"potentialAction\":[{\"@type\":\"ReadAction\",\"target\":[\"https:\/\/agenciainfra.com\/blog\/cade-exige-que-gol-e-azul-notifiquem-acordo-de-codeshare-em-ate-30-dias\/\"]}]},{\"@type\":\"ImageObject\",\"inLanguage\":\"pt-BR\",\"@id\":\"https:\/\/agenciainfra.com\/blog\/cade-exige-que-gol-e-azul-notifiquem-acordo-de-codeshare-em-ate-30-dias\/#primaryimage\",\"url\":\"https:\/\/agenciainfra.com\/blog\/wp-content\/uploads\/2021\/11\/aeroporto-santos-dumont-foto-alexandre-macieira-riotur.jpg\",\"contentUrl\":\"https:\/\/agenciainfra.com\/blog\/wp-content\/uploads\/2021\/11\/aeroporto-santos-dumont-foto-alexandre-macieira-riotur.jpg\",\"width\":2048,\"height\":1360,\"caption\":\"Foto: Alexandre Macieira\/Riotur\"},{\"@type\":\"BreadcrumbList\",\"@id\":\"https:\/\/agenciainfra.com\/blog\/cade-exige-que-gol-e-azul-notifiquem-acordo-de-codeshare-em-ate-30-dias\/#breadcrumb\",\"itemListElement\":[{\"@type\":\"ListItem\",\"position\":1,\"name\":\"In\u00edcio\",\"item\":\"https:\/\/agenciainfra.com\/blog\/\"},{\"@type\":\"ListItem\",\"position\":2,\"name\":\"Cade exige que Gol e Azul notifiquem acordo de codeshare em at\u00e9 30 dias\"}]},{\"@type\":\"WebSite\",\"@id\":\"https:\/\/agenciainfra.com\/blog\/#website\",\"url\":\"https:\/\/agenciainfra.com\/blog\/\",\"name\":\"Ag\u00eancia iNFRA\",\"description\":\"Multiplataforma de informa\u00e7\u00e3o jornal\u00edstica refer\u00eancia na \u00e1rea de infraestrutura no Brasil!\",\"publisher\":{\"@id\":\"https:\/\/agenciainfra.com\/blog\/#organization\"},\"potentialAction\":[{\"@type\":\"SearchAction\",\"target\":{\"@type\":\"EntryPoint\",\"urlTemplate\":\"https:\/\/agenciainfra.com\/blog\/?s={search_term_string}\"},\"query-input\":{\"@type\":\"PropertyValueSpecification\",\"valueRequired\":true,\"valueName\":\"search_term_string\"}}],\"inLanguage\":\"pt-BR\"},{\"@type\":\"Organization\",\"@id\":\"https:\/\/agenciainfra.com\/blog\/#organization\",\"name\":\"Ag\u00eancia iNFRA\",\"url\":\"https:\/\/agenciainfra.com\/blog\/\",\"logo\":{\"@type\":\"ImageObject\",\"inLanguage\":\"pt-BR\",\"@id\":\"https:\/\/agenciainfra.com\/blog\/#\/schema\/logo\/image\/\",\"url\":\"https:\/\/agenciainfra.com\/blog\/wp-content\/uploads\/2023\/09\/iNFRA_5-e1761735885940.png\",\"contentUrl\":\"https:\/\/agenciainfra.com\/blog\/wp-content\/uploads\/2023\/09\/iNFRA_5-e1761735885940.png\",\"width\":1672,\"height\":454,\"caption\":\"Ag\u00eancia iNFRA\"},\"image\":{\"@id\":\"https:\/\/agenciainfra.com\/blog\/#\/schema\/logo\/image\/\"},\"sameAs\":[\"https:\/\/www.facebook.com\/ageninfra\",\"https:\/\/x.com\/agencia_infra\",\"https:\/\/www.linkedin.com\/company\/ag\u00eanciainfra\/\",\"https:\/\/www.instagram.com\/agenciainfra\/\"]},{\"@type\":\"Person\",\"@id\":\"https:\/\/agenciainfra.com\/blog\/#\/schema\/person\/34af08dff6adea4cb22b06612ba7acfa\",\"name\":\"Ag\u00eancia iNFRA\",\"image\":{\"@type\":\"ImageObject\",\"inLanguage\":\"pt-BR\",\"@id\":\"https:\/\/agenciainfra.com\/blog\/#\/schema\/person\/image\/\",\"url\":\"https:\/\/secure.gravatar.com\/avatar\/d189e01678f06d8eb84d4e01f08eb848b3fffe3f8443818d3c356c66892f5be8?s=96&d=mm&r=g\",\"contentUrl\":\"https:\/\/secure.gravatar.com\/avatar\/d189e01678f06d8eb84d4e01f08eb848b3fffe3f8443818d3c356c66892f5be8?s=96&d=mm&r=g\",\"caption\":\"Ag\u00eancia iNFRA\"},\"url\":\"https:\/\/agenciainfra.com\/blog\/author\/admin\/\"}]}<\/script>\n<!-- \/ Yoast SEO Premium plugin. -->","yoast_head_json":{"title":"Cade exige que Gol e Azul notifiquem acordo de codeshare em at\u00e9 30 dias - Ag\u00eancia iNFRA","robots":{"index":"index","follow":"follow","max-snippet":"max-snippet:-1","max-image-preview":"max-image-preview:large","max-video-preview":"max-video-preview:-1"},"canonical":"https:\/\/agenciainfra.com\/blog\/cade-exige-que-gol-e-azul-notifiquem-acordo-de-codeshare-em-ate-30-dias\/","og_locale":"pt_BR","og_type":"article","og_title":"Cade exige que Gol e Azul notifiquem acordo de codeshare em at\u00e9 30 dias","og_description":"da Ag\u00eancia iNFRA O Cade (Conselho Administrativo de Defesa Econ\u00f4mica) determinou que as companhias a\u00e9reas Gol e Azul apresentem, no prazo de 30 dias, o contrato de codeshare firmado entre elas. A decis\u00e3o, tomada nesta quarta-feira (3) pelo tribunal do \u00f3rg\u00e3o antitruste, impede as empresas de ampliar as rotas compartilhadas at\u00e9 a conclus\u00e3o da an\u00e1lise. [&hellip;]","og_url":"https:\/\/agenciainfra.com\/blog\/cade-exige-que-gol-e-azul-notifiquem-acordo-de-codeshare-em-ate-30-dias\/","og_site_name":"Ag\u00eancia iNFRA","article_publisher":"https:\/\/www.facebook.com\/ageninfra","article_published_time":"2025-09-03T19:09:32+00:00","article_modified_time":"2025-09-03T19:18:01+00:00","og_image":[{"width":2048,"height":1360,"url":"https:\/\/agenciainfra.com\/blog\/wp-content\/uploads\/2021\/11\/aeroporto-santos-dumont-foto-alexandre-macieira-riotur.jpg","type":"image\/jpeg"}],"author":"Ag\u00eancia iNFRA","twitter_card":"summary_large_image","twitter_creator":"@agencia_infra","twitter_site":"@agencia_infra","twitter_misc":{"Escrito por":"Ag\u00eancia iNFRA","Est. tempo de leitura":"1 minuto"},"schema":{"@context":"https:\/\/schema.org","@graph":[{"@type":"Article","@id":"https:\/\/agenciainfra.com\/blog\/cade-exige-que-gol-e-azul-notifiquem-acordo-de-codeshare-em-ate-30-dias\/#article","isPartOf":{"@id":"https:\/\/agenciainfra.com\/blog\/cade-exige-que-gol-e-azul-notifiquem-acordo-de-codeshare-em-ate-30-dias\/"},"author":{"name":"Ag\u00eancia iNFRA","@id":"https:\/\/agenciainfra.com\/blog\/#\/schema\/person\/34af08dff6adea4cb22b06612ba7acfa"},"headline":"Cade exige que Gol e Azul notifiquem acordo de codeshare em at\u00e9 30 dias","datePublished":"2025-09-03T19:09:32+00:00","dateModified":"2025-09-03T19:18:01+00:00","mainEntityOfPage":{"@id":"https:\/\/agenciainfra.com\/blog\/cade-exige-que-gol-e-azul-notifiquem-acordo-de-codeshare-em-ate-30-dias\/"},"wordCount":272,"publisher":{"@id":"https:\/\/agenciainfra.com\/blog\/#organization"},"image":{"@id":"https:\/\/agenciainfra.com\/blog\/cade-exige-que-gol-e-azul-notifiquem-acordo-de-codeshare-em-ate-30-dias\/#primaryimage"},"thumbnailUrl":"https:\/\/agenciainfra.com\/blog\/wp-content\/uploads\/2021\/11\/aeroporto-santos-dumont-foto-alexandre-macieira-riotur.jpg","keywords":["acordo de codeshare","an\u00e1lise de concorr\u00eancia","avia\u00e7\u00e3o civil","azul","Cade","Carlos Jacques","Gol","voos nacionais"],"articleSection":["Geral","Giro iNFRA"],"inLanguage":"pt-BR","copyrightYear":"2025","copyrightHolder":{"@id":"https:\/\/agenciainfra.com\/blog\/#organization"}},{"@type":"WebPage","@id":"https:\/\/agenciainfra.com\/blog\/cade-exige-que-gol-e-azul-notifiquem-acordo-de-codeshare-em-ate-30-dias\/","url":"https:\/\/agenciainfra.com\/blog\/cade-exige-que-gol-e-azul-notifiquem-acordo-de-codeshare-em-ate-30-dias\/","name":"Cade exige que Gol e Azul notifiquem acordo de codeshare em at\u00e9 30 dias - Ag\u00eancia iNFRA","isPartOf":{"@id":"https:\/\/agenciainfra.com\/blog\/#website"},"primaryImageOfPage":{"@id":"https:\/\/agenciainfra.com\/blog\/cade-exige-que-gol-e-azul-notifiquem-acordo-de-codeshare-em-ate-30-dias\/#primaryimage"},"image":{"@id":"https:\/\/agenciainfra.com\/blog\/cade-exige-que-gol-e-azul-notifiquem-acordo-de-codeshare-em-ate-30-dias\/#primaryimage"},"thumbnailUrl":"https:\/\/agenciainfra.com\/blog\/wp-content\/uploads\/2021\/11\/aeroporto-santos-dumont-foto-alexandre-macieira-riotur.jpg","datePublished":"2025-09-03T19:09:32+00:00","dateModified":"2025-09-03T19:18:01+00:00","breadcrumb":{"@id":"https:\/\/agenciainfra.com\/blog\/cade-exige-que-gol-e-azul-notifiquem-acordo-de-codeshare-em-ate-30-dias\/#breadcrumb"},"inLanguage":"pt-BR","potentialAction":[{"@type":"ReadAction","target":["https:\/\/agenciainfra.com\/blog\/cade-exige-que-gol-e-azul-notifiquem-acordo-de-codeshare-em-ate-30-dias\/"]}]},{"@type":"ImageObject","inLanguage":"pt-BR","@id":"https:\/\/agenciainfra.com\/blog\/cade-exige-que-gol-e-azul-notifiquem-acordo-de-codeshare-em-ate-30-dias\/#primaryimage","url":"https:\/\/agenciainfra.com\/blog\/wp-content\/uploads\/2021\/11\/aeroporto-santos-dumont-foto-alexandre-macieira-riotur.jpg","contentUrl":"https:\/\/agenciainfra.com\/blog\/wp-content\/uploads\/2021\/11\/aeroporto-santos-dumont-foto-alexandre-macieira-riotur.jpg","width":2048,"height":1360,"caption":"Foto: Alexandre Macieira\/Riotur"},{"@type":"BreadcrumbList","@id":"https:\/\/agenciainfra.com\/blog\/cade-exige-que-gol-e-azul-notifiquem-acordo-de-codeshare-em-ate-30-dias\/#breadcrumb","itemListElement":[{"@type":"ListItem","position":1,"name":"In\u00edcio","item":"https:\/\/agenciainfra.com\/blog\/"},{"@type":"ListItem","position":2,"name":"Cade exige que Gol e Azul notifiquem acordo de codeshare em at\u00e9 30 dias"}]},{"@type":"WebSite","@id":"https:\/\/agenciainfra.com\/blog\/#website","url":"https:\/\/agenciainfra.com\/blog\/","name":"Ag\u00eancia iNFRA","description":"Multiplataforma de informa\u00e7\u00e3o jornal\u00edstica refer\u00eancia na \u00e1rea de infraestrutura no Brasil!","publisher":{"@id":"https:\/\/agenciainfra.com\/blog\/#organization"},"potentialAction":[{"@type":"SearchAction","target":{"@type":"EntryPoint","urlTemplate":"https:\/\/agenciainfra.com\/blog\/?s={search_term_string}"},"query-input":{"@type":"PropertyValueSpecification","valueRequired":true,"valueName":"search_term_string"}}],"inLanguage":"pt-BR"},{"@type":"Organization","@id":"https:\/\/agenciainfra.com\/blog\/#organization","name":"Ag\u00eancia iNFRA","url":"https:\/\/agenciainfra.com\/blog\/","logo":{"@type":"ImageObject","inLanguage":"pt-BR","@id":"https:\/\/agenciainfra.com\/blog\/#\/schema\/logo\/image\/","url":"https:\/\/agenciainfra.com\/blog\/wp-content\/uploads\/2023\/09\/iNFRA_5-e1761735885940.png","contentUrl":"https:\/\/agenciainfra.com\/blog\/wp-content\/uploads\/2023\/09\/iNFRA_5-e1761735885940.png","width":1672,"height":454,"caption":"Ag\u00eancia iNFRA"},"image":{"@id":"https:\/\/agenciainfra.com\/blog\/#\/schema\/logo\/image\/"},"sameAs":["https:\/\/www.facebook.com\/ageninfra","https:\/\/x.com\/agencia_infra","https:\/\/www.linkedin.com\/company\/ag\u00eanciainfra\/","https:\/\/www.instagram.com\/agenciainfra\/"]},{"@type":"Person","@id":"https:\/\/agenciainfra.com\/blog\/#\/schema\/person\/34af08dff6adea4cb22b06612ba7acfa","name":"Ag\u00eancia iNFRA","image":{"@type":"ImageObject","inLanguage":"pt-BR","@id":"https:\/\/agenciainfra.com\/blog\/#\/schema\/person\/image\/","url":"https:\/\/secure.gravatar.com\/avatar\/d189e01678f06d8eb84d4e01f08eb848b3fffe3f8443818d3c356c66892f5be8?s=96&d=mm&r=g","contentUrl":"https:\/\/secure.gravatar.com\/avatar\/d189e01678f06d8eb84d4e01f08eb848b3fffe3f8443818d3c356c66892f5be8?s=96&d=mm&r=g","caption":"Ag\u00eancia iNFRA"},"url":"https:\/\/agenciainfra.com\/blog\/author\/admin\/"}]}},"_links":{"self":[{"href":"https:\/\/agenciainfra.com\/blog\/wp-json\/wp\/v2\/posts\/27158","targetHints":{"allow":["GET"]}}],"collection":[{"href":"https:\/\/agenciainfra.com\/blog\/wp-json\/wp\/v2\/posts"}],"about":[{"href":"https:\/\/agenciainfra.com\/blog\/wp-json\/wp\/v2\/types\/post"}],"author":[{"embeddable":true,"href":"https:\/\/agenciainfra.com\/blog\/wp-json\/wp\/v2\/users\/1"}],"replies":[{"embeddable":true,"href":"https:\/\/agenciainfra.com\/blog\/wp-json\/wp\/v2\/comments?post=27158"}],"version-history":[{"count":3,"href":"https:\/\/agenciainfra.com\/blog\/wp-json\/wp\/v2\/posts\/27158\/revisions"}],"predecessor-version":[{"id":27166,"href":"https:\/\/agenciainfra.com\/blog\/wp-json\/wp\/v2\/posts\/27158\/revisions\/27166"}],"wp:featuredmedia":[{"embeddable":true,"href":"https:\/\/agenciainfra.com\/blog\/wp-json\/wp\/v2\/media\/8975"}],"wp:attachment":[{"href":"https:\/\/agenciainfra.com\/blog\/wp-json\/wp\/v2\/media?parent=27158"}],"wp:term":[{"taxonomy":"category","embeddable":true,"href":"https:\/\/agenciainfra.com\/blog\/wp-json\/wp\/v2\/categories?post=27158"},{"taxonomy":"post_tag","embeddable":true,"href":"https:\/\/agenciainfra.com\/blog\/wp-json\/wp\/v2\/tags?post=27158"}],"curies":[{"name":"wp","href":"https:\/\/api.w.org\/{rel}","templated":true}]}}