{"id":27174,"date":"2025-09-03T18:12:18","date_gmt":"2025-09-03T21:12:18","guid":{"rendered":"https:\/\/agenciainfra.com\/blog\/?p=27174"},"modified":"2025-09-03T18:15:32","modified_gmt":"2025-09-03T21:15:32","slug":"cade-mantem-condenacao-a-empresas-de-logistica-com-multa-de-r-201-milhoes","status":"publish","type":"post","link":"https:\/\/agenciainfra.com\/blog\/cade-mantem-condenacao-a-empresas-de-logistica-com-multa-de-r-201-milhoes\/","title":{"rendered":"Cade mant\u00e9m condena\u00e7\u00e3o a empresas de log\u00edstica por abuso de posi\u00e7\u00e3o"},"content":{"rendered":"\n<p class=\"has-text-align-right\"><strong>da Ag\u00eancia iNFRA<\/strong><\/p>\n\n\n\n<p>O tribunal do Cade (Conselho Administrativo de Defesa Econ\u00f4mica) concluiu, na sess\u00e3o desta quarta-feira (3), o julgamento do processo administrativo instaurado a partir de representa\u00e7\u00e3o da Agrovia contra a Rumo e a Am\u00e9rica Latina Log\u00edstica.<\/p>\n\n\n\n<p>A investiga\u00e7\u00e3o, iniciada em 2016, a partir de den\u00fancia feita ao Cade pela Agrovia, apurou que a Rumo praticou abuso de posi\u00e7\u00e3o dominante ao interditar injustificadamente o p\u00e1tio ferrovi\u00e1rio de Santa Ad\u00e9lia (SP), considerado essencial para o escoamento de a\u00e7\u00facar pelo Porto de Santos, restringindo o acesso de concorrentes \u00e0 infraestrutura.<\/p>\n\n\n\n<p>Em decis\u00e3o anterior, anulada pelo TRF1 (Tribunal Regional Federal da 1\u00aa Regi\u00e3o), o Conselho votou pela condena\u00e7\u00e3o e determinou o pagamento de multa. No novo julgamento, o Tribunal confirmou a condena\u00e7\u00e3o da empresa e procedeu \u00e0 revis\u00e3o da dosimetria da pena.<\/p>\n\n\n\n<p>A Rumo apresentou uma proposta de acordo, que foi homologada pelo presidente do Cade e relator do caso, Gustavo Augusto, propondo que o c\u00e1lculo da multa fosse feito exclusivamente sobre a receita obtida com transporte ferrovi\u00e1rio de a\u00e7\u00facar na Malha Paulista.<\/p>\n\n\n\n<p>Neste cen\u00e1rio, o valor a ser pago seria de R$ 20,1 milh\u00f5es (atualizado at\u00e9 agosto de 2025), no prazo de 30 dias corridos a partir da publica\u00e7\u00e3o da decis\u00e3o no Di\u00e1rio Oficial da Uni\u00e3o.<\/p>\n\n\n\n<p>O presidente destacou a possibilidade de desconto de 10% sobre a multa, reduzindo o valor para R$ 18,1 milh\u00f5es, desde que a empresa assine termo de desist\u00eancia de a\u00e7\u00e3o judicial e de quaisquer outros recursos, al\u00e9m de efetuar o pagamento integral em parcela \u00fanica no prazo m\u00e1ximo de 30 dias.\u202f<\/p>\n\n\n\n<p>O Tribunal tamb\u00e9m manteve as obriga\u00e7\u00f5es impostas na decis\u00e3o original. A Rumo dever\u00e1 se abster de adotar medidas que, de forma injustificada, impe\u00e7am o ingresso ou vedem o acesso \u00e0 malha paulista.\u202f\u202f<\/p>\n\n\n\n<p>Al\u00e9m disso, a empresa deve assegurar, em condi\u00e7\u00f5es objetivas e ison\u00f4micas, o acesso \u00e0 ferrovia e a contrata\u00e7\u00e3o do transporte ferrovi\u00e1rio por todos os agentes interessados.\u202f\u202f<\/p>\n\n\n\n<p>Outro lado<br>Em nota, a Rumo informa que obteve anula\u00e7\u00e3o judicial de multa indevida aplicada pelo Cade e, visando encerrar o lit\u00edgio, submeteu ao \u00f3rg\u00e3o proposta de transa\u00e7\u00e3o, que foi aprovada nesta quarta-feira (3).<\/p>\n\n\n\n<p><\/p>\n","protected":false},"excerpt":{"rendered":"<p>da Ag\u00eancia iNFRA O tribunal do Cade (Conselho Administrativo de Defesa Econ\u00f4mica) concluiu, na sess\u00e3o desta quarta-feira (3), o julgamento do processo administrativo instaurado a partir de representa\u00e7\u00e3o da Agrovia contra a Rumo e a Am\u00e9rica Latina Log\u00edstica. A investiga\u00e7\u00e3o, iniciada em 2016, a partir de den\u00fancia feita ao Cade pela Agrovia, apurou que a [&hellip;]<\/p>\n","protected":false},"author":1,"featured_media":27176,"comment_status":"closed","ping_status":"closed","sticky":false,"template":"","format":"standard","meta":{"_monsterinsights_skip_tracking":false,"_monsterinsights_sitenote_active":false,"_monsterinsights_sitenote_note":"","_monsterinsights_sitenote_category":0,"footnotes":""},"categories":[1,13576],"tags":[15166,824,371,80,15167],"class_list":["post-27174","post","type-post","status-publish","format-standard","has-post-thumbnail","hentry","category-geral","category-giro-infra","tag-agrovia","tag-america-latina-logistica","tag-cade","tag-rumo","tag-santa-adelia"],"yoast_head":"<!-- This site is optimized with the Yoast SEO Premium plugin v25.4 (Yoast SEO v26.0) - https:\/\/yoast.com\/wordpress\/plugins\/seo\/ -->\n<title>Cade mant\u00e9m condena\u00e7\u00e3o a empresas de log\u00edstica por abuso de posi\u00e7\u00e3o - Ag\u00eancia iNFRA<\/title>\n<meta name=\"robots\" content=\"index, follow, max-snippet:-1, max-image-preview:large, max-video-preview:-1\" \/>\n<link rel=\"canonical\" href=\"https:\/\/agenciainfra.com\/blog\/cade-mantem-condenacao-a-empresas-de-logistica-com-multa-de-r-201-milhoes\/\" \/>\n<meta property=\"og:locale\" content=\"pt_BR\" \/>\n<meta property=\"og:type\" content=\"article\" \/>\n<meta property=\"og:title\" content=\"Cade mant\u00e9m condena\u00e7\u00e3o a empresas de log\u00edstica por abuso de posi\u00e7\u00e3o\" \/>\n<meta property=\"og:description\" content=\"da Ag\u00eancia iNFRA O tribunal do Cade (Conselho Administrativo de Defesa Econ\u00f4mica) concluiu, na sess\u00e3o desta quarta-feira (3), o julgamento do processo administrativo instaurado a partir de representa\u00e7\u00e3o da Agrovia contra a Rumo e a Am\u00e9rica Latina Log\u00edstica. A investiga\u00e7\u00e3o, iniciada em 2016, a partir de den\u00fancia feita ao Cade pela Agrovia, apurou que a [&hellip;]\" \/>\n<meta property=\"og:url\" content=\"https:\/\/agenciainfra.com\/blog\/cade-mantem-condenacao-a-empresas-de-logistica-com-multa-de-r-201-milhoes\/\" \/>\n<meta property=\"og:site_name\" content=\"Ag\u00eancia iNFRA\" \/>\n<meta property=\"article:publisher\" content=\"https:\/\/www.facebook.com\/ageninfra\" \/>\n<meta property=\"article:published_time\" content=\"2025-09-03T21:12:18+00:00\" \/>\n<meta property=\"article:modified_time\" content=\"2025-09-03T21:15:32+00:00\" \/>\n<meta property=\"og:image\" content=\"https:\/\/agenciainfra.com\/blog\/wp-content\/uploads\/2025\/09\/agrovia-santa-adelia-sp-foto-wikimedia-commons.jpg\" \/>\n\t<meta property=\"og:image:width\" content=\"1280\" \/>\n\t<meta property=\"og:image:height\" content=\"960\" \/>\n\t<meta property=\"og:image:type\" content=\"image\/jpeg\" \/>\n<meta name=\"author\" content=\"Ag\u00eancia iNFRA\" \/>\n<meta name=\"twitter:card\" content=\"summary_large_image\" \/>\n<meta name=\"twitter:creator\" content=\"@agencia_infra\" \/>\n<meta name=\"twitter:site\" content=\"@agencia_infra\" \/>\n<meta name=\"twitter:label1\" content=\"Escrito por\" \/>\n\t<meta name=\"twitter:data1\" content=\"Ag\u00eancia iNFRA\" \/>\n\t<meta name=\"twitter:label2\" content=\"Est. tempo de leitura\" \/>\n\t<meta name=\"twitter:data2\" content=\"2 minutos\" \/>\n<script type=\"application\/ld+json\" class=\"yoast-schema-graph\">{\"@context\":\"https:\/\/schema.org\",\"@graph\":[{\"@type\":\"Article\",\"@id\":\"https:\/\/agenciainfra.com\/blog\/cade-mantem-condenacao-a-empresas-de-logistica-com-multa-de-r-201-milhoes\/#article\",\"isPartOf\":{\"@id\":\"https:\/\/agenciainfra.com\/blog\/cade-mantem-condenacao-a-empresas-de-logistica-com-multa-de-r-201-milhoes\/\"},\"author\":{\"name\":\"Ag\u00eancia iNFRA\",\"@id\":\"https:\/\/agenciainfra.com\/blog\/#\/schema\/person\/34af08dff6adea4cb22b06612ba7acfa\"},\"headline\":\"Cade mant\u00e9m condena\u00e7\u00e3o a empresas de log\u00edstica por abuso de posi\u00e7\u00e3o\",\"datePublished\":\"2025-09-03T21:12:18+00:00\",\"dateModified\":\"2025-09-03T21:15:32+00:00\",\"mainEntityOfPage\":{\"@id\":\"https:\/\/agenciainfra.com\/blog\/cade-mantem-condenacao-a-empresas-de-logistica-com-multa-de-r-201-milhoes\/\"},\"wordCount\":392,\"publisher\":{\"@id\":\"https:\/\/agenciainfra.com\/blog\/#organization\"},\"image\":{\"@id\":\"https:\/\/agenciainfra.com\/blog\/cade-mantem-condenacao-a-empresas-de-logistica-com-multa-de-r-201-milhoes\/#primaryimage\"},\"thumbnailUrl\":\"https:\/\/agenciainfra.com\/blog\/wp-content\/uploads\/2025\/09\/agrovia-santa-adelia-sp-foto-wikimedia-commons.jpg\",\"keywords\":[\"Agrovia\",\"Am\u00e9rica Latina Log\u00edstica\",\"Cade\",\"Rumo\",\"Santa Ad\u00e9lia\"],\"articleSection\":[\"Geral\",\"Giro iNFRA\"],\"inLanguage\":\"pt-BR\",\"copyrightYear\":\"2025\",\"copyrightHolder\":{\"@id\":\"https:\/\/agenciainfra.com\/blog\/#organization\"}},{\"@type\":\"WebPage\",\"@id\":\"https:\/\/agenciainfra.com\/blog\/cade-mantem-condenacao-a-empresas-de-logistica-com-multa-de-r-201-milhoes\/\",\"url\":\"https:\/\/agenciainfra.com\/blog\/cade-mantem-condenacao-a-empresas-de-logistica-com-multa-de-r-201-milhoes\/\",\"name\":\"Cade mant\u00e9m condena\u00e7\u00e3o a empresas de log\u00edstica por abuso de posi\u00e7\u00e3o - Ag\u00eancia iNFRA\",\"isPartOf\":{\"@id\":\"https:\/\/agenciainfra.com\/blog\/#website\"},\"primaryImageOfPage\":{\"@id\":\"https:\/\/agenciainfra.com\/blog\/cade-mantem-condenacao-a-empresas-de-logistica-com-multa-de-r-201-milhoes\/#primaryimage\"},\"image\":{\"@id\":\"https:\/\/agenciainfra.com\/blog\/cade-mantem-condenacao-a-empresas-de-logistica-com-multa-de-r-201-milhoes\/#primaryimage\"},\"thumbnailUrl\":\"https:\/\/agenciainfra.com\/blog\/wp-content\/uploads\/2025\/09\/agrovia-santa-adelia-sp-foto-wikimedia-commons.jpg\",\"datePublished\":\"2025-09-03T21:12:18+00:00\",\"dateModified\":\"2025-09-03T21:15:32+00:00\",\"breadcrumb\":{\"@id\":\"https:\/\/agenciainfra.com\/blog\/cade-mantem-condenacao-a-empresas-de-logistica-com-multa-de-r-201-milhoes\/#breadcrumb\"},\"inLanguage\":\"pt-BR\",\"potentialAction\":[{\"@type\":\"ReadAction\",\"target\":[\"https:\/\/agenciainfra.com\/blog\/cade-mantem-condenacao-a-empresas-de-logistica-com-multa-de-r-201-milhoes\/\"]}]},{\"@type\":\"ImageObject\",\"inLanguage\":\"pt-BR\",\"@id\":\"https:\/\/agenciainfra.com\/blog\/cade-mantem-condenacao-a-empresas-de-logistica-com-multa-de-r-201-milhoes\/#primaryimage\",\"url\":\"https:\/\/agenciainfra.com\/blog\/wp-content\/uploads\/2025\/09\/agrovia-santa-adelia-sp-foto-wikimedia-commons.jpg\",\"contentUrl\":\"https:\/\/agenciainfra.com\/blog\/wp-content\/uploads\/2025\/09\/agrovia-santa-adelia-sp-foto-wikimedia-commons.jpg\",\"width\":1280,\"height\":960,\"caption\":\"Foto: Wikimedia Commons\"},{\"@type\":\"BreadcrumbList\",\"@id\":\"https:\/\/agenciainfra.com\/blog\/cade-mantem-condenacao-a-empresas-de-logistica-com-multa-de-r-201-milhoes\/#breadcrumb\",\"itemListElement\":[{\"@type\":\"ListItem\",\"position\":1,\"name\":\"In\u00edcio\",\"item\":\"https:\/\/agenciainfra.com\/blog\/\"},{\"@type\":\"ListItem\",\"position\":2,\"name\":\"Cade mant\u00e9m condena\u00e7\u00e3o a empresas de log\u00edstica por abuso de posi\u00e7\u00e3o\"}]},{\"@type\":\"WebSite\",\"@id\":\"https:\/\/agenciainfra.com\/blog\/#website\",\"url\":\"https:\/\/agenciainfra.com\/blog\/\",\"name\":\"Ag\u00eancia iNFRA\",\"description\":\"Multiplataforma de informa\u00e7\u00e3o jornal\u00edstica refer\u00eancia na \u00e1rea de infraestrutura no Brasil!\",\"publisher\":{\"@id\":\"https:\/\/agenciainfra.com\/blog\/#organization\"},\"potentialAction\":[{\"@type\":\"SearchAction\",\"target\":{\"@type\":\"EntryPoint\",\"urlTemplate\":\"https:\/\/agenciainfra.com\/blog\/?s={search_term_string}\"},\"query-input\":{\"@type\":\"PropertyValueSpecification\",\"valueRequired\":true,\"valueName\":\"search_term_string\"}}],\"inLanguage\":\"pt-BR\"},{\"@type\":\"Organization\",\"@id\":\"https:\/\/agenciainfra.com\/blog\/#organization\",\"name\":\"Ag\u00eancia iNFRA\",\"url\":\"https:\/\/agenciainfra.com\/blog\/\",\"logo\":{\"@type\":\"ImageObject\",\"inLanguage\":\"pt-BR\",\"@id\":\"https:\/\/agenciainfra.com\/blog\/#\/schema\/logo\/image\/\",\"url\":\"https:\/\/agenciainfra.com\/blog\/wp-content\/uploads\/2023\/09\/iNFRA_5-e1761735885940.png\",\"contentUrl\":\"https:\/\/agenciainfra.com\/blog\/wp-content\/uploads\/2023\/09\/iNFRA_5-e1761735885940.png\",\"width\":1672,\"height\":454,\"caption\":\"Ag\u00eancia iNFRA\"},\"image\":{\"@id\":\"https:\/\/agenciainfra.com\/blog\/#\/schema\/logo\/image\/\"},\"sameAs\":[\"https:\/\/www.facebook.com\/ageninfra\",\"https:\/\/x.com\/agencia_infra\",\"https:\/\/www.linkedin.com\/company\/ag\u00eanciainfra\/\",\"https:\/\/www.instagram.com\/agenciainfra\/\"]},{\"@type\":\"Person\",\"@id\":\"https:\/\/agenciainfra.com\/blog\/#\/schema\/person\/34af08dff6adea4cb22b06612ba7acfa\",\"name\":\"Ag\u00eancia iNFRA\",\"image\":{\"@type\":\"ImageObject\",\"inLanguage\":\"pt-BR\",\"@id\":\"https:\/\/agenciainfra.com\/blog\/#\/schema\/person\/image\/\",\"url\":\"https:\/\/secure.gravatar.com\/avatar\/d189e01678f06d8eb84d4e01f08eb848b3fffe3f8443818d3c356c66892f5be8?s=96&d=mm&r=g\",\"contentUrl\":\"https:\/\/secure.gravatar.com\/avatar\/d189e01678f06d8eb84d4e01f08eb848b3fffe3f8443818d3c356c66892f5be8?s=96&d=mm&r=g\",\"caption\":\"Ag\u00eancia iNFRA\"},\"url\":\"https:\/\/agenciainfra.com\/blog\/author\/admin\/\"}]}<\/script>\n<!-- \/ Yoast SEO Premium plugin. -->","yoast_head_json":{"title":"Cade mant\u00e9m condena\u00e7\u00e3o a empresas de log\u00edstica por abuso de posi\u00e7\u00e3o - Ag\u00eancia iNFRA","robots":{"index":"index","follow":"follow","max-snippet":"max-snippet:-1","max-image-preview":"max-image-preview:large","max-video-preview":"max-video-preview:-1"},"canonical":"https:\/\/agenciainfra.com\/blog\/cade-mantem-condenacao-a-empresas-de-logistica-com-multa-de-r-201-milhoes\/","og_locale":"pt_BR","og_type":"article","og_title":"Cade mant\u00e9m condena\u00e7\u00e3o a empresas de log\u00edstica por abuso de posi\u00e7\u00e3o","og_description":"da Ag\u00eancia iNFRA O tribunal do Cade (Conselho Administrativo de Defesa Econ\u00f4mica) concluiu, na sess\u00e3o desta quarta-feira (3), o julgamento do processo administrativo instaurado a partir de representa\u00e7\u00e3o da Agrovia contra a Rumo e a Am\u00e9rica Latina Log\u00edstica. A investiga\u00e7\u00e3o, iniciada em 2016, a partir de den\u00fancia feita ao Cade pela Agrovia, apurou que a [&hellip;]","og_url":"https:\/\/agenciainfra.com\/blog\/cade-mantem-condenacao-a-empresas-de-logistica-com-multa-de-r-201-milhoes\/","og_site_name":"Ag\u00eancia iNFRA","article_publisher":"https:\/\/www.facebook.com\/ageninfra","article_published_time":"2025-09-03T21:12:18+00:00","article_modified_time":"2025-09-03T21:15:32+00:00","og_image":[{"width":1280,"height":960,"url":"https:\/\/agenciainfra.com\/blog\/wp-content\/uploads\/2025\/09\/agrovia-santa-adelia-sp-foto-wikimedia-commons.jpg","type":"image\/jpeg"}],"author":"Ag\u00eancia iNFRA","twitter_card":"summary_large_image","twitter_creator":"@agencia_infra","twitter_site":"@agencia_infra","twitter_misc":{"Escrito por":"Ag\u00eancia iNFRA","Est. tempo de leitura":"2 minutos"},"schema":{"@context":"https:\/\/schema.org","@graph":[{"@type":"Article","@id":"https:\/\/agenciainfra.com\/blog\/cade-mantem-condenacao-a-empresas-de-logistica-com-multa-de-r-201-milhoes\/#article","isPartOf":{"@id":"https:\/\/agenciainfra.com\/blog\/cade-mantem-condenacao-a-empresas-de-logistica-com-multa-de-r-201-milhoes\/"},"author":{"name":"Ag\u00eancia iNFRA","@id":"https:\/\/agenciainfra.com\/blog\/#\/schema\/person\/34af08dff6adea4cb22b06612ba7acfa"},"headline":"Cade mant\u00e9m condena\u00e7\u00e3o a empresas de log\u00edstica por abuso de posi\u00e7\u00e3o","datePublished":"2025-09-03T21:12:18+00:00","dateModified":"2025-09-03T21:15:32+00:00","mainEntityOfPage":{"@id":"https:\/\/agenciainfra.com\/blog\/cade-mantem-condenacao-a-empresas-de-logistica-com-multa-de-r-201-milhoes\/"},"wordCount":392,"publisher":{"@id":"https:\/\/agenciainfra.com\/blog\/#organization"},"image":{"@id":"https:\/\/agenciainfra.com\/blog\/cade-mantem-condenacao-a-empresas-de-logistica-com-multa-de-r-201-milhoes\/#primaryimage"},"thumbnailUrl":"https:\/\/agenciainfra.com\/blog\/wp-content\/uploads\/2025\/09\/agrovia-santa-adelia-sp-foto-wikimedia-commons.jpg","keywords":["Agrovia","Am\u00e9rica Latina Log\u00edstica","Cade","Rumo","Santa Ad\u00e9lia"],"articleSection":["Geral","Giro iNFRA"],"inLanguage":"pt-BR","copyrightYear":"2025","copyrightHolder":{"@id":"https:\/\/agenciainfra.com\/blog\/#organization"}},{"@type":"WebPage","@id":"https:\/\/agenciainfra.com\/blog\/cade-mantem-condenacao-a-empresas-de-logistica-com-multa-de-r-201-milhoes\/","url":"https:\/\/agenciainfra.com\/blog\/cade-mantem-condenacao-a-empresas-de-logistica-com-multa-de-r-201-milhoes\/","name":"Cade mant\u00e9m condena\u00e7\u00e3o a empresas de log\u00edstica por abuso de posi\u00e7\u00e3o - Ag\u00eancia iNFRA","isPartOf":{"@id":"https:\/\/agenciainfra.com\/blog\/#website"},"primaryImageOfPage":{"@id":"https:\/\/agenciainfra.com\/blog\/cade-mantem-condenacao-a-empresas-de-logistica-com-multa-de-r-201-milhoes\/#primaryimage"},"image":{"@id":"https:\/\/agenciainfra.com\/blog\/cade-mantem-condenacao-a-empresas-de-logistica-com-multa-de-r-201-milhoes\/#primaryimage"},"thumbnailUrl":"https:\/\/agenciainfra.com\/blog\/wp-content\/uploads\/2025\/09\/agrovia-santa-adelia-sp-foto-wikimedia-commons.jpg","datePublished":"2025-09-03T21:12:18+00:00","dateModified":"2025-09-03T21:15:32+00:00","breadcrumb":{"@id":"https:\/\/agenciainfra.com\/blog\/cade-mantem-condenacao-a-empresas-de-logistica-com-multa-de-r-201-milhoes\/#breadcrumb"},"inLanguage":"pt-BR","potentialAction":[{"@type":"ReadAction","target":["https:\/\/agenciainfra.com\/blog\/cade-mantem-condenacao-a-empresas-de-logistica-com-multa-de-r-201-milhoes\/"]}]},{"@type":"ImageObject","inLanguage":"pt-BR","@id":"https:\/\/agenciainfra.com\/blog\/cade-mantem-condenacao-a-empresas-de-logistica-com-multa-de-r-201-milhoes\/#primaryimage","url":"https:\/\/agenciainfra.com\/blog\/wp-content\/uploads\/2025\/09\/agrovia-santa-adelia-sp-foto-wikimedia-commons.jpg","contentUrl":"https:\/\/agenciainfra.com\/blog\/wp-content\/uploads\/2025\/09\/agrovia-santa-adelia-sp-foto-wikimedia-commons.jpg","width":1280,"height":960,"caption":"Foto: Wikimedia Commons"},{"@type":"BreadcrumbList","@id":"https:\/\/agenciainfra.com\/blog\/cade-mantem-condenacao-a-empresas-de-logistica-com-multa-de-r-201-milhoes\/#breadcrumb","itemListElement":[{"@type":"ListItem","position":1,"name":"In\u00edcio","item":"https:\/\/agenciainfra.com\/blog\/"},{"@type":"ListItem","position":2,"name":"Cade mant\u00e9m condena\u00e7\u00e3o a empresas de log\u00edstica por abuso de posi\u00e7\u00e3o"}]},{"@type":"WebSite","@id":"https:\/\/agenciainfra.com\/blog\/#website","url":"https:\/\/agenciainfra.com\/blog\/","name":"Ag\u00eancia iNFRA","description":"Multiplataforma de informa\u00e7\u00e3o jornal\u00edstica refer\u00eancia na \u00e1rea de infraestrutura no Brasil!","publisher":{"@id":"https:\/\/agenciainfra.com\/blog\/#organization"},"potentialAction":[{"@type":"SearchAction","target":{"@type":"EntryPoint","urlTemplate":"https:\/\/agenciainfra.com\/blog\/?s={search_term_string}"},"query-input":{"@type":"PropertyValueSpecification","valueRequired":true,"valueName":"search_term_string"}}],"inLanguage":"pt-BR"},{"@type":"Organization","@id":"https:\/\/agenciainfra.com\/blog\/#organization","name":"Ag\u00eancia iNFRA","url":"https:\/\/agenciainfra.com\/blog\/","logo":{"@type":"ImageObject","inLanguage":"pt-BR","@id":"https:\/\/agenciainfra.com\/blog\/#\/schema\/logo\/image\/","url":"https:\/\/agenciainfra.com\/blog\/wp-content\/uploads\/2023\/09\/iNFRA_5-e1761735885940.png","contentUrl":"https:\/\/agenciainfra.com\/blog\/wp-content\/uploads\/2023\/09\/iNFRA_5-e1761735885940.png","width":1672,"height":454,"caption":"Ag\u00eancia iNFRA"},"image":{"@id":"https:\/\/agenciainfra.com\/blog\/#\/schema\/logo\/image\/"},"sameAs":["https:\/\/www.facebook.com\/ageninfra","https:\/\/x.com\/agencia_infra","https:\/\/www.linkedin.com\/company\/ag\u00eanciainfra\/","https:\/\/www.instagram.com\/agenciainfra\/"]},{"@type":"Person","@id":"https:\/\/agenciainfra.com\/blog\/#\/schema\/person\/34af08dff6adea4cb22b06612ba7acfa","name":"Ag\u00eancia iNFRA","image":{"@type":"ImageObject","inLanguage":"pt-BR","@id":"https:\/\/agenciainfra.com\/blog\/#\/schema\/person\/image\/","url":"https:\/\/secure.gravatar.com\/avatar\/d189e01678f06d8eb84d4e01f08eb848b3fffe3f8443818d3c356c66892f5be8?s=96&d=mm&r=g","contentUrl":"https:\/\/secure.gravatar.com\/avatar\/d189e01678f06d8eb84d4e01f08eb848b3fffe3f8443818d3c356c66892f5be8?s=96&d=mm&r=g","caption":"Ag\u00eancia iNFRA"},"url":"https:\/\/agenciainfra.com\/blog\/author\/admin\/"}]}},"_links":{"self":[{"href":"https:\/\/agenciainfra.com\/blog\/wp-json\/wp\/v2\/posts\/27174","targetHints":{"allow":["GET"]}}],"collection":[{"href":"https:\/\/agenciainfra.com\/blog\/wp-json\/wp\/v2\/posts"}],"about":[{"href":"https:\/\/agenciainfra.com\/blog\/wp-json\/wp\/v2\/types\/post"}],"author":[{"embeddable":true,"href":"https:\/\/agenciainfra.com\/blog\/wp-json\/wp\/v2\/users\/1"}],"replies":[{"embeddable":true,"href":"https:\/\/agenciainfra.com\/blog\/wp-json\/wp\/v2\/comments?post=27174"}],"version-history":[{"count":2,"href":"https:\/\/agenciainfra.com\/blog\/wp-json\/wp\/v2\/posts\/27174\/revisions"}],"predecessor-version":[{"id":27178,"href":"https:\/\/agenciainfra.com\/blog\/wp-json\/wp\/v2\/posts\/27174\/revisions\/27178"}],"wp:featuredmedia":[{"embeddable":true,"href":"https:\/\/agenciainfra.com\/blog\/wp-json\/wp\/v2\/media\/27176"}],"wp:attachment":[{"href":"https:\/\/agenciainfra.com\/blog\/wp-json\/wp\/v2\/media?parent=27174"}],"wp:term":[{"taxonomy":"category","embeddable":true,"href":"https:\/\/agenciainfra.com\/blog\/wp-json\/wp\/v2\/categories?post=27174"},{"taxonomy":"post_tag","embeddable":true,"href":"https:\/\/agenciainfra.com\/blog\/wp-json\/wp\/v2\/tags?post=27174"}],"curies":[{"name":"wp","href":"https:\/\/api.w.org\/{rel}","templated":true}]}}