{"id":27194,"date":"2025-09-04T09:35:34","date_gmt":"2025-09-04T12:35:34","guid":{"rendered":"https:\/\/agenciainfra.com\/blog\/?p=27194"},"modified":"2025-09-05T11:22:40","modified_gmt":"2025-09-05T14:22:40","slug":"ibama-aponta-riscos-em-mudancas-sobre-licenciamento-na-lei-portuaria","status":"publish","type":"post","link":"https:\/\/agenciainfra.com\/blog\/ibama-aponta-riscos-em-mudancas-sobre-licenciamento-na-lei-portuaria\/","title":{"rendered":"Ibama aponta riscos em mudan\u00e7as sobre licenciamento na lei portu\u00e1ria"},"content":{"rendered":"\n<p class=\"has-text-align-right\"><strong>Mar\u00edlia Sena, da Ag\u00eancia iNFRA<\/strong><\/p>\n\n\n\n<p>O presidente do Ibama\u00a0(Instituto Brasileiro do Meio Ambiente e dos Recursos Naturais Renov\u00e1veis), Rodrigo Agostinho, alertou, nesta quarta-feira (3),\u00a0ao colegiado da comiss\u00e3o especial que discute uma nova lei para o sistema portu\u00e1rio brasileiro, que o <a href=\"https:\/\/www.camara.leg.br\/proposicoesWeb\/fichadetramitacao?idProposicao=2485830\">PL (Projeto de Lei) 733\/2025<\/a> n\u00e3o \u00e9 o instrumento adequado para que os parlamentares alterem as regras do licenciamento ambiental.<br><br>O texto estabelece que o \u201clicenciamento ambiental do porto p\u00fablico dispensa a licen\u00e7a ambiental individualizada para a instala\u00e7\u00e3o de terminal portu\u00e1rio e de cruzeiros\u201d. Para Agostinho, \u00e9 inadequado prever a dispensa de licen\u00e7a na lei, pois \u00e9 necess\u00e1rio haver an\u00e1lise.<br><br>\u201cH\u00e1 muitas atividades de rotina que j\u00e1 s\u00e3o dispensadas de licen\u00e7a ou contam com licen\u00e7a simplificada, mas trazer de forma expressa essa dispensa \u00e9 complicado, porque acabamos de aprovar o licenciamento ambiental\u201d, afirmou durante a audi\u00eancia p\u00fablica que aconteceu na C\u00e2mara dos Deputados.<br><br>Na reda\u00e7\u00e3o em discuss\u00e3o, tamb\u00e9m h\u00e1 a proposta de que a autoridade portu\u00e1ria solicite ao \u00f3rg\u00e3o ambiental a emiss\u00e3o do licenciamento ambiental do porto p\u00fablico. A medida foi criticada por\u00a0Agostinho, que considera inadequada a denomina\u00e7\u00e3o \u201cp\u00fablico\u201d, j\u00e1 que, de acordo com o Anu\u00e1rio da ANTAQ (Ag\u00eancia Nacional de Transportes Aquavi\u00e1rios) de 2023, o Brasil possui 266 TUPs (Terminais de Uso Privado).<br>\u00a0<br>Na vis\u00e3o do presidente do Ibama, as mudan\u00e7as no licenciamento ambiental previstas no PL 733, que prop\u00f5e modernizar a Lei dos Portos, precisam ser realizadas por meio da Lei 15.180\/2025, sancionada pelo presidente da Rep\u00fablica, Luiz In\u00e1cio Lula da Silva, em agosto. A proposta recebeu vetos do presidente e o governo sugeriu um novo projeto ao Congresso para rediscutir pontos do texto.\u00a0<br><br>A proposta de legisla\u00e7\u00e3o portu\u00e1ria, que est\u00e1 em discuss\u00e3o na C\u00e2mara dos Deputados, tamb\u00e9m sugere mudan\u00e7as na Lei 6.938\/1981, o que o Ibama considerou atrasada.<br><br>Agostinho defendeu a necessidade de cautela nas altera\u00e7\u00f5es, a fim de n\u00e3o gerar inseguran\u00e7a jur\u00eddica. \u201cUm dos grandes problemas do \u2018apag\u00e3o de canetas\u2019 \u00e9 justamente a judicializa\u00e7\u00e3o. Ningu\u00e9m vai assinar projeto prec\u00e1rio ou projeto ruim [&#8230;] A gente se depara com empreendedores s\u00e9rios que querem o crescimento do pa\u00eds, mas que acabam sendo ref\u00e9ns de consultorias que n\u00e3o conseguem entregar\u201d, afirmou.<br><br>Na audi\u00eancia p\u00fablica da \u00faltima semana, os parlamentares ressaltaram a necessidade de discutir com o governo a libera\u00e7\u00e3o do licenciamento ambiental da dragagem de manuten\u00e7\u00e3o. Um trecho que tratava do tema no PL do licenciamento ambiental foi vetado pela presid\u00eancia.<br><br>Representantes das associa\u00e7\u00f5es como a\u00a0ABTP (Associa\u00e7\u00e3o Brasileira dos Terminais Portu\u00e1rios) e a Fenop (Federa\u00e7\u00e3o Nacional das Opera\u00e7\u00f5es Portu\u00e1rias) defendem que, desde que haja fiscaliza\u00e7\u00e3o, seria necess\u00e1rio exigir apenas o primeiro licenciamento ambiental. O presidente da ABTP (Associa\u00e7\u00e3o Brasileira dos Terminais Portu\u00e1rios), Jesualdo Silva, chegou a\u00a0pedir que os congressistas atuem no plen\u00e1rio para derrubar o veto presidencial.<br><br><strong>Modelos de arrendamento<\/strong><br>O relator do texto na comiss\u00e3o, deputado Arthur Maia (Uni\u00e3o-BA), afirmou que o objetivo da discuss\u00e3o \u00e9 avan\u00e7ar com mais rapidez em rela\u00e7\u00e3o \u00e0s licen\u00e7as e \u00e0s modifica\u00e7\u00f5es que ocorram nos portos brasileiros. \u201cEsse projeto de lei tenta avan\u00e7ar ao modo anterior \u00e0 Lei 12.815, que \u00e9 a pr\u00e1tica do arrendamento, realizando licita\u00e7\u00e3o por valor do m\u00b2\u00a0 e, a partir da\u00ed, definir com a iniciativa privada\u201d, defendeu.<br><br>Arthur Maia acredita que, por meio deste modelo de arrendamento, a avalia\u00e7\u00e3o de reequil\u00edbrio econ\u00f4mico pode resolver a chamada \u201cburocracia\u201d existente. \u201cAcabando com o EVTEA [Estudo de Viabilidade T\u00e9cnica, Econ\u00f4mica e Ambiental] e criando esse modelo de licita\u00e7\u00e3o, que \u00e9 mais simplificado e vai gerar menos discuss\u00f5es e judicializa\u00e7\u00e3o\u201d, completou.<br><br>A reuni\u00e3o do colegiado, que acontece todas \u00e0s quartas-feiras, n\u00e3o ser\u00e1 realizada na pr\u00f3xima semana. O presidente da comiss\u00e3o, Murilo Galdino (Republicanos-PB), afirmou que os parlamentares estar\u00e3o em miss\u00e3o internacional com representantes do setor portu\u00e1rio. Tamb\u00e9m foi anunciada, para os dias 30 de setembro e 1\u00ba de outubro, a primeira visita t\u00e9cnica da comiss\u00e3o ao porto de Santos (SP).<\/p>\n","protected":false},"excerpt":{"rendered":"<p>Mar\u00edlia Sena, da Ag\u00eancia iNFRA O presidente do Ibama\u00a0(Instituto Brasileiro do Meio Ambiente e dos Recursos Naturais Renov\u00e1veis), Rodrigo Agostinho, alertou, nesta quarta-feira (3),\u00a0ao colegiado da comiss\u00e3o especial que discute uma nova lei para o sistema portu\u00e1rio brasileiro, que o PL (Projeto de Lei) 733\/2025 n\u00e3o \u00e9 o instrumento adequado para que os parlamentares alterem [&hellip;]<\/p>\n","protected":false},"author":1,"featured_media":27195,"comment_status":"closed","ping_status":"closed","sticky":false,"template":"","format":"standard","meta":{"_monsterinsights_skip_tracking":false,"_monsterinsights_sitenote_active":false,"_monsterinsights_sitenote_note":"","_monsterinsights_sitenote_category":0,"footnotes":""},"categories":[1,7],"tags":[207,13497,749,3506,223,11654,12699,12990,1755],"class_list":["post-27194","post","type-post","status-publish","format-standard","has-post-thumbnail","hentry","category-geral","category-infratransporte","tag-abtp","tag-arthur-maia","tag-ibama","tag-jesualdo-silva","tag-licenciamento-ambiental","tag-marilia-sena","tag-nova-lei-de-portos","tag-pl-733-2025","tag-rodrigo-agostinho"],"yoast_head":"<!-- This site is optimized with the Yoast SEO Premium plugin v25.4 (Yoast SEO v26.0) - https:\/\/yoast.com\/wordpress\/plugins\/seo\/ -->\n<title>Ibama aponta riscos em mudan\u00e7as sobre licenciamento na lei portu\u00e1ria - Ag\u00eancia iNFRA<\/title>\n<meta name=\"robots\" content=\"index, follow, max-snippet:-1, max-image-preview:large, max-video-preview:-1\" \/>\n<link rel=\"canonical\" href=\"https:\/\/agenciainfra.com\/blog\/ibama-aponta-riscos-em-mudancas-sobre-licenciamento-na-lei-portuaria\/\" \/>\n<meta property=\"og:locale\" content=\"pt_BR\" \/>\n<meta property=\"og:type\" content=\"article\" \/>\n<meta property=\"og:title\" content=\"Ibama aponta riscos em mudan\u00e7as sobre licenciamento na lei portu\u00e1ria\" \/>\n<meta property=\"og:description\" content=\"Mar\u00edlia Sena, da Ag\u00eancia iNFRA O presidente do Ibama\u00a0(Instituto Brasileiro do Meio Ambiente e dos Recursos Naturais Renov\u00e1veis), Rodrigo Agostinho, alertou, nesta quarta-feira (3),\u00a0ao colegiado da comiss\u00e3o especial que discute uma nova lei para o sistema portu\u00e1rio brasileiro, que o PL (Projeto de Lei) 733\/2025 n\u00e3o \u00e9 o instrumento adequado para que os parlamentares alterem [&hellip;]\" \/>\n<meta property=\"og:url\" content=\"https:\/\/agenciainfra.com\/blog\/ibama-aponta-riscos-em-mudancas-sobre-licenciamento-na-lei-portuaria\/\" \/>\n<meta property=\"og:site_name\" content=\"Ag\u00eancia iNFRA\" \/>\n<meta property=\"article:publisher\" content=\"https:\/\/www.facebook.com\/ageninfra\" \/>\n<meta property=\"article:published_time\" content=\"2025-09-04T12:35:34+00:00\" \/>\n<meta property=\"article:modified_time\" content=\"2025-09-05T14:22:40+00:00\" \/>\n<meta property=\"og:image\" content=\"https:\/\/agenciainfra.com\/blog\/wp-content\/uploads\/2025\/09\/rodrigo-agostinho-foto-vinicius-loures-camara-dos-deputados.jpg\" \/>\n\t<meta property=\"og:image:width\" content=\"1280\" \/>\n\t<meta property=\"og:image:height\" content=\"789\" \/>\n\t<meta property=\"og:image:type\" content=\"image\/jpeg\" \/>\n<meta name=\"author\" content=\"Ag\u00eancia iNFRA\" \/>\n<meta name=\"twitter:card\" content=\"summary_large_image\" \/>\n<meta name=\"twitter:creator\" content=\"@agencia_infra\" \/>\n<meta name=\"twitter:site\" content=\"@agencia_infra\" \/>\n<meta name=\"twitter:label1\" content=\"Escrito por\" \/>\n\t<meta name=\"twitter:data1\" content=\"Ag\u00eancia iNFRA\" \/>\n\t<meta name=\"twitter:label2\" content=\"Est. tempo de leitura\" \/>\n\t<meta name=\"twitter:data2\" content=\"4 minutos\" \/>\n<script type=\"application\/ld+json\" class=\"yoast-schema-graph\">{\"@context\":\"https:\/\/schema.org\",\"@graph\":[{\"@type\":\"Article\",\"@id\":\"https:\/\/agenciainfra.com\/blog\/ibama-aponta-riscos-em-mudancas-sobre-licenciamento-na-lei-portuaria\/#article\",\"isPartOf\":{\"@id\":\"https:\/\/agenciainfra.com\/blog\/ibama-aponta-riscos-em-mudancas-sobre-licenciamento-na-lei-portuaria\/\"},\"author\":{\"name\":\"Ag\u00eancia iNFRA\",\"@id\":\"https:\/\/agenciainfra.com\/blog\/#\/schema\/person\/34af08dff6adea4cb22b06612ba7acfa\"},\"headline\":\"Ibama aponta riscos em mudan\u00e7as sobre licenciamento na lei portu\u00e1ria\",\"datePublished\":\"2025-09-04T12:35:34+00:00\",\"dateModified\":\"2025-09-05T14:22:40+00:00\",\"mainEntityOfPage\":{\"@id\":\"https:\/\/agenciainfra.com\/blog\/ibama-aponta-riscos-em-mudancas-sobre-licenciamento-na-lei-portuaria\/\"},\"wordCount\":722,\"publisher\":{\"@id\":\"https:\/\/agenciainfra.com\/blog\/#organization\"},\"image\":{\"@id\":\"https:\/\/agenciainfra.com\/blog\/ibama-aponta-riscos-em-mudancas-sobre-licenciamento-na-lei-portuaria\/#primaryimage\"},\"thumbnailUrl\":\"https:\/\/agenciainfra.com\/blog\/wp-content\/uploads\/2025\/09\/rodrigo-agostinho-foto-vinicius-loures-camara-dos-deputados.jpg\",\"keywords\":[\"ABTP\",\"Arthur Maia\",\"Ibama\",\"Jesualdo Silva\",\"Licenciamento ambiental\",\"Mar\u00edlia Sena\",\"nova lei de portos\",\"PL 733\/2025\",\"Rodrigo Agostinho\"],\"articleSection\":[\"Geral\",\"iNFRATransporte\"],\"inLanguage\":\"pt-BR\",\"copyrightYear\":\"2025\",\"copyrightHolder\":{\"@id\":\"https:\/\/agenciainfra.com\/blog\/#organization\"}},{\"@type\":\"WebPage\",\"@id\":\"https:\/\/agenciainfra.com\/blog\/ibama-aponta-riscos-em-mudancas-sobre-licenciamento-na-lei-portuaria\/\",\"url\":\"https:\/\/agenciainfra.com\/blog\/ibama-aponta-riscos-em-mudancas-sobre-licenciamento-na-lei-portuaria\/\",\"name\":\"Ibama aponta riscos em mudan\u00e7as sobre licenciamento na lei portu\u00e1ria - Ag\u00eancia iNFRA\",\"isPartOf\":{\"@id\":\"https:\/\/agenciainfra.com\/blog\/#website\"},\"primaryImageOfPage\":{\"@id\":\"https:\/\/agenciainfra.com\/blog\/ibama-aponta-riscos-em-mudancas-sobre-licenciamento-na-lei-portuaria\/#primaryimage\"},\"image\":{\"@id\":\"https:\/\/agenciainfra.com\/blog\/ibama-aponta-riscos-em-mudancas-sobre-licenciamento-na-lei-portuaria\/#primaryimage\"},\"thumbnailUrl\":\"https:\/\/agenciainfra.com\/blog\/wp-content\/uploads\/2025\/09\/rodrigo-agostinho-foto-vinicius-loures-camara-dos-deputados.jpg\",\"datePublished\":\"2025-09-04T12:35:34+00:00\",\"dateModified\":\"2025-09-05T14:22:40+00:00\",\"breadcrumb\":{\"@id\":\"https:\/\/agenciainfra.com\/blog\/ibama-aponta-riscos-em-mudancas-sobre-licenciamento-na-lei-portuaria\/#breadcrumb\"},\"inLanguage\":\"pt-BR\",\"potentialAction\":[{\"@type\":\"ReadAction\",\"target\":[\"https:\/\/agenciainfra.com\/blog\/ibama-aponta-riscos-em-mudancas-sobre-licenciamento-na-lei-portuaria\/\"]}]},{\"@type\":\"ImageObject\",\"inLanguage\":\"pt-BR\",\"@id\":\"https:\/\/agenciainfra.com\/blog\/ibama-aponta-riscos-em-mudancas-sobre-licenciamento-na-lei-portuaria\/#primaryimage\",\"url\":\"https:\/\/agenciainfra.com\/blog\/wp-content\/uploads\/2025\/09\/rodrigo-agostinho-foto-vinicius-loures-camara-dos-deputados.jpg\",\"contentUrl\":\"https:\/\/agenciainfra.com\/blog\/wp-content\/uploads\/2025\/09\/rodrigo-agostinho-foto-vinicius-loures-camara-dos-deputados.jpg\",\"width\":1280,\"height\":789,\"caption\":\"Foto: Vinicius Loures\/C\u00e2mara dos Deputados\"},{\"@type\":\"BreadcrumbList\",\"@id\":\"https:\/\/agenciainfra.com\/blog\/ibama-aponta-riscos-em-mudancas-sobre-licenciamento-na-lei-portuaria\/#breadcrumb\",\"itemListElement\":[{\"@type\":\"ListItem\",\"position\":1,\"name\":\"In\u00edcio\",\"item\":\"https:\/\/agenciainfra.com\/blog\/\"},{\"@type\":\"ListItem\",\"position\":2,\"name\":\"Ibama aponta riscos em mudan\u00e7as sobre licenciamento na lei portu\u00e1ria\"}]},{\"@type\":\"WebSite\",\"@id\":\"https:\/\/agenciainfra.com\/blog\/#website\",\"url\":\"https:\/\/agenciainfra.com\/blog\/\",\"name\":\"Ag\u00eancia iNFRA\",\"description\":\"Multiplataforma de informa\u00e7\u00e3o jornal\u00edstica refer\u00eancia na \u00e1rea de infraestrutura no Brasil!\",\"publisher\":{\"@id\":\"https:\/\/agenciainfra.com\/blog\/#organization\"},\"potentialAction\":[{\"@type\":\"SearchAction\",\"target\":{\"@type\":\"EntryPoint\",\"urlTemplate\":\"https:\/\/agenciainfra.com\/blog\/?s={search_term_string}\"},\"query-input\":{\"@type\":\"PropertyValueSpecification\",\"valueRequired\":true,\"valueName\":\"search_term_string\"}}],\"inLanguage\":\"pt-BR\"},{\"@type\":\"Organization\",\"@id\":\"https:\/\/agenciainfra.com\/blog\/#organization\",\"name\":\"Ag\u00eancia iNFRA\",\"url\":\"https:\/\/agenciainfra.com\/blog\/\",\"logo\":{\"@type\":\"ImageObject\",\"inLanguage\":\"pt-BR\",\"@id\":\"https:\/\/agenciainfra.com\/blog\/#\/schema\/logo\/image\/\",\"url\":\"https:\/\/agenciainfra.com\/blog\/wp-content\/uploads\/2023\/09\/iNFRA_5-e1761735885940.png\",\"contentUrl\":\"https:\/\/agenciainfra.com\/blog\/wp-content\/uploads\/2023\/09\/iNFRA_5-e1761735885940.png\",\"width\":1672,\"height\":454,\"caption\":\"Ag\u00eancia iNFRA\"},\"image\":{\"@id\":\"https:\/\/agenciainfra.com\/blog\/#\/schema\/logo\/image\/\"},\"sameAs\":[\"https:\/\/www.facebook.com\/ageninfra\",\"https:\/\/x.com\/agencia_infra\",\"https:\/\/www.linkedin.com\/company\/ag\u00eanciainfra\/\",\"https:\/\/www.instagram.com\/agenciainfra\/\"]},{\"@type\":\"Person\",\"@id\":\"https:\/\/agenciainfra.com\/blog\/#\/schema\/person\/34af08dff6adea4cb22b06612ba7acfa\",\"name\":\"Ag\u00eancia iNFRA\",\"image\":{\"@type\":\"ImageObject\",\"inLanguage\":\"pt-BR\",\"@id\":\"https:\/\/agenciainfra.com\/blog\/#\/schema\/person\/image\/\",\"url\":\"https:\/\/secure.gravatar.com\/avatar\/d189e01678f06d8eb84d4e01f08eb848b3fffe3f8443818d3c356c66892f5be8?s=96&d=mm&r=g\",\"contentUrl\":\"https:\/\/secure.gravatar.com\/avatar\/d189e01678f06d8eb84d4e01f08eb848b3fffe3f8443818d3c356c66892f5be8?s=96&d=mm&r=g\",\"caption\":\"Ag\u00eancia iNFRA\"},\"url\":\"https:\/\/agenciainfra.com\/blog\/author\/admin\/\"}]}<\/script>\n<!-- \/ Yoast SEO Premium plugin. -->","yoast_head_json":{"title":"Ibama aponta riscos em mudan\u00e7as sobre licenciamento na lei portu\u00e1ria - Ag\u00eancia iNFRA","robots":{"index":"index","follow":"follow","max-snippet":"max-snippet:-1","max-image-preview":"max-image-preview:large","max-video-preview":"max-video-preview:-1"},"canonical":"https:\/\/agenciainfra.com\/blog\/ibama-aponta-riscos-em-mudancas-sobre-licenciamento-na-lei-portuaria\/","og_locale":"pt_BR","og_type":"article","og_title":"Ibama aponta riscos em mudan\u00e7as sobre licenciamento na lei portu\u00e1ria","og_description":"Mar\u00edlia Sena, da Ag\u00eancia iNFRA O presidente do Ibama\u00a0(Instituto Brasileiro do Meio Ambiente e dos Recursos Naturais Renov\u00e1veis), Rodrigo Agostinho, alertou, nesta quarta-feira (3),\u00a0ao colegiado da comiss\u00e3o especial que discute uma nova lei para o sistema portu\u00e1rio brasileiro, que o PL (Projeto de Lei) 733\/2025 n\u00e3o \u00e9 o instrumento adequado para que os parlamentares alterem [&hellip;]","og_url":"https:\/\/agenciainfra.com\/blog\/ibama-aponta-riscos-em-mudancas-sobre-licenciamento-na-lei-portuaria\/","og_site_name":"Ag\u00eancia iNFRA","article_publisher":"https:\/\/www.facebook.com\/ageninfra","article_published_time":"2025-09-04T12:35:34+00:00","article_modified_time":"2025-09-05T14:22:40+00:00","og_image":[{"width":1280,"height":789,"url":"https:\/\/agenciainfra.com\/blog\/wp-content\/uploads\/2025\/09\/rodrigo-agostinho-foto-vinicius-loures-camara-dos-deputados.jpg","type":"image\/jpeg"}],"author":"Ag\u00eancia iNFRA","twitter_card":"summary_large_image","twitter_creator":"@agencia_infra","twitter_site":"@agencia_infra","twitter_misc":{"Escrito por":"Ag\u00eancia iNFRA","Est. tempo de leitura":"4 minutos"},"schema":{"@context":"https:\/\/schema.org","@graph":[{"@type":"Article","@id":"https:\/\/agenciainfra.com\/blog\/ibama-aponta-riscos-em-mudancas-sobre-licenciamento-na-lei-portuaria\/#article","isPartOf":{"@id":"https:\/\/agenciainfra.com\/blog\/ibama-aponta-riscos-em-mudancas-sobre-licenciamento-na-lei-portuaria\/"},"author":{"name":"Ag\u00eancia iNFRA","@id":"https:\/\/agenciainfra.com\/blog\/#\/schema\/person\/34af08dff6adea4cb22b06612ba7acfa"},"headline":"Ibama aponta riscos em mudan\u00e7as sobre licenciamento na lei portu\u00e1ria","datePublished":"2025-09-04T12:35:34+00:00","dateModified":"2025-09-05T14:22:40+00:00","mainEntityOfPage":{"@id":"https:\/\/agenciainfra.com\/blog\/ibama-aponta-riscos-em-mudancas-sobre-licenciamento-na-lei-portuaria\/"},"wordCount":722,"publisher":{"@id":"https:\/\/agenciainfra.com\/blog\/#organization"},"image":{"@id":"https:\/\/agenciainfra.com\/blog\/ibama-aponta-riscos-em-mudancas-sobre-licenciamento-na-lei-portuaria\/#primaryimage"},"thumbnailUrl":"https:\/\/agenciainfra.com\/blog\/wp-content\/uploads\/2025\/09\/rodrigo-agostinho-foto-vinicius-loures-camara-dos-deputados.jpg","keywords":["ABTP","Arthur Maia","Ibama","Jesualdo Silva","Licenciamento ambiental","Mar\u00edlia Sena","nova lei de portos","PL 733\/2025","Rodrigo Agostinho"],"articleSection":["Geral","iNFRATransporte"],"inLanguage":"pt-BR","copyrightYear":"2025","copyrightHolder":{"@id":"https:\/\/agenciainfra.com\/blog\/#organization"}},{"@type":"WebPage","@id":"https:\/\/agenciainfra.com\/blog\/ibama-aponta-riscos-em-mudancas-sobre-licenciamento-na-lei-portuaria\/","url":"https:\/\/agenciainfra.com\/blog\/ibama-aponta-riscos-em-mudancas-sobre-licenciamento-na-lei-portuaria\/","name":"Ibama aponta riscos em mudan\u00e7as sobre licenciamento na lei portu\u00e1ria - Ag\u00eancia iNFRA","isPartOf":{"@id":"https:\/\/agenciainfra.com\/blog\/#website"},"primaryImageOfPage":{"@id":"https:\/\/agenciainfra.com\/blog\/ibama-aponta-riscos-em-mudancas-sobre-licenciamento-na-lei-portuaria\/#primaryimage"},"image":{"@id":"https:\/\/agenciainfra.com\/blog\/ibama-aponta-riscos-em-mudancas-sobre-licenciamento-na-lei-portuaria\/#primaryimage"},"thumbnailUrl":"https:\/\/agenciainfra.com\/blog\/wp-content\/uploads\/2025\/09\/rodrigo-agostinho-foto-vinicius-loures-camara-dos-deputados.jpg","datePublished":"2025-09-04T12:35:34+00:00","dateModified":"2025-09-05T14:22:40+00:00","breadcrumb":{"@id":"https:\/\/agenciainfra.com\/blog\/ibama-aponta-riscos-em-mudancas-sobre-licenciamento-na-lei-portuaria\/#breadcrumb"},"inLanguage":"pt-BR","potentialAction":[{"@type":"ReadAction","target":["https:\/\/agenciainfra.com\/blog\/ibama-aponta-riscos-em-mudancas-sobre-licenciamento-na-lei-portuaria\/"]}]},{"@type":"ImageObject","inLanguage":"pt-BR","@id":"https:\/\/agenciainfra.com\/blog\/ibama-aponta-riscos-em-mudancas-sobre-licenciamento-na-lei-portuaria\/#primaryimage","url":"https:\/\/agenciainfra.com\/blog\/wp-content\/uploads\/2025\/09\/rodrigo-agostinho-foto-vinicius-loures-camara-dos-deputados.jpg","contentUrl":"https:\/\/agenciainfra.com\/blog\/wp-content\/uploads\/2025\/09\/rodrigo-agostinho-foto-vinicius-loures-camara-dos-deputados.jpg","width":1280,"height":789,"caption":"Foto: Vinicius Loures\/C\u00e2mara dos Deputados"},{"@type":"BreadcrumbList","@id":"https:\/\/agenciainfra.com\/blog\/ibama-aponta-riscos-em-mudancas-sobre-licenciamento-na-lei-portuaria\/#breadcrumb","itemListElement":[{"@type":"ListItem","position":1,"name":"In\u00edcio","item":"https:\/\/agenciainfra.com\/blog\/"},{"@type":"ListItem","position":2,"name":"Ibama aponta riscos em mudan\u00e7as sobre licenciamento na lei portu\u00e1ria"}]},{"@type":"WebSite","@id":"https:\/\/agenciainfra.com\/blog\/#website","url":"https:\/\/agenciainfra.com\/blog\/","name":"Ag\u00eancia iNFRA","description":"Multiplataforma de informa\u00e7\u00e3o jornal\u00edstica refer\u00eancia na \u00e1rea de infraestrutura no Brasil!","publisher":{"@id":"https:\/\/agenciainfra.com\/blog\/#organization"},"potentialAction":[{"@type":"SearchAction","target":{"@type":"EntryPoint","urlTemplate":"https:\/\/agenciainfra.com\/blog\/?s={search_term_string}"},"query-input":{"@type":"PropertyValueSpecification","valueRequired":true,"valueName":"search_term_string"}}],"inLanguage":"pt-BR"},{"@type":"Organization","@id":"https:\/\/agenciainfra.com\/blog\/#organization","name":"Ag\u00eancia iNFRA","url":"https:\/\/agenciainfra.com\/blog\/","logo":{"@type":"ImageObject","inLanguage":"pt-BR","@id":"https:\/\/agenciainfra.com\/blog\/#\/schema\/logo\/image\/","url":"https:\/\/agenciainfra.com\/blog\/wp-content\/uploads\/2023\/09\/iNFRA_5-e1761735885940.png","contentUrl":"https:\/\/agenciainfra.com\/blog\/wp-content\/uploads\/2023\/09\/iNFRA_5-e1761735885940.png","width":1672,"height":454,"caption":"Ag\u00eancia iNFRA"},"image":{"@id":"https:\/\/agenciainfra.com\/blog\/#\/schema\/logo\/image\/"},"sameAs":["https:\/\/www.facebook.com\/ageninfra","https:\/\/x.com\/agencia_infra","https:\/\/www.linkedin.com\/company\/ag\u00eanciainfra\/","https:\/\/www.instagram.com\/agenciainfra\/"]},{"@type":"Person","@id":"https:\/\/agenciainfra.com\/blog\/#\/schema\/person\/34af08dff6adea4cb22b06612ba7acfa","name":"Ag\u00eancia iNFRA","image":{"@type":"ImageObject","inLanguage":"pt-BR","@id":"https:\/\/agenciainfra.com\/blog\/#\/schema\/person\/image\/","url":"https:\/\/secure.gravatar.com\/avatar\/d189e01678f06d8eb84d4e01f08eb848b3fffe3f8443818d3c356c66892f5be8?s=96&d=mm&r=g","contentUrl":"https:\/\/secure.gravatar.com\/avatar\/d189e01678f06d8eb84d4e01f08eb848b3fffe3f8443818d3c356c66892f5be8?s=96&d=mm&r=g","caption":"Ag\u00eancia iNFRA"},"url":"https:\/\/agenciainfra.com\/blog\/author\/admin\/"}]}},"_links":{"self":[{"href":"https:\/\/agenciainfra.com\/blog\/wp-json\/wp\/v2\/posts\/27194","targetHints":{"allow":["GET"]}}],"collection":[{"href":"https:\/\/agenciainfra.com\/blog\/wp-json\/wp\/v2\/posts"}],"about":[{"href":"https:\/\/agenciainfra.com\/blog\/wp-json\/wp\/v2\/types\/post"}],"author":[{"embeddable":true,"href":"https:\/\/agenciainfra.com\/blog\/wp-json\/wp\/v2\/users\/1"}],"replies":[{"embeddable":true,"href":"https:\/\/agenciainfra.com\/blog\/wp-json\/wp\/v2\/comments?post=27194"}],"version-history":[{"count":1,"href":"https:\/\/agenciainfra.com\/blog\/wp-json\/wp\/v2\/posts\/27194\/revisions"}],"predecessor-version":[{"id":27196,"href":"https:\/\/agenciainfra.com\/blog\/wp-json\/wp\/v2\/posts\/27194\/revisions\/27196"}],"wp:featuredmedia":[{"embeddable":true,"href":"https:\/\/agenciainfra.com\/blog\/wp-json\/wp\/v2\/media\/27195"}],"wp:attachment":[{"href":"https:\/\/agenciainfra.com\/blog\/wp-json\/wp\/v2\/media?parent=27194"}],"wp:term":[{"taxonomy":"category","embeddable":true,"href":"https:\/\/agenciainfra.com\/blog\/wp-json\/wp\/v2\/categories?post=27194"},{"taxonomy":"post_tag","embeddable":true,"href":"https:\/\/agenciainfra.com\/blog\/wp-json\/wp\/v2\/tags?post=27194"}],"curies":[{"name":"wp","href":"https:\/\/api.w.org\/{rel}","templated":true}]}}