{"id":27197,"date":"2025-09-04T10:08:57","date_gmt":"2025-09-04T13:08:57","guid":{"rendered":"https:\/\/agenciainfra.com\/blog\/?p=27197"},"modified":"2025-09-04T10:09:02","modified_gmt":"2025-09-04T13:09:02","slug":"aneel-discute-curtailment-em-reuniao-com-setores-eletrico-e-financeiro","status":"publish","type":"post","link":"https:\/\/agenciainfra.com\/blog\/aneel-discute-curtailment-em-reuniao-com-setores-eletrico-e-financeiro\/","title":{"rendered":"ANEEL discute curtailment em reuni\u00e3o com setores el\u00e9trico e financeiro"},"content":{"rendered":"\n<p class=\"has-text-align-right\"><strong>da Ag\u00eancia iNFRA<\/strong><\/p>\n\n\n\n<p>A ANEEL (Ag\u00eancia Nacional de Energia El\u00e9trica) reuniu-se, nesta quarta-feira (3), com representantes de associa\u00e7\u00f5es do setor el\u00e9trico e bancos do setor financeiro para discutir acerca dos crit\u00e9rios regulat\u00f3rios, operacionais e cont\u00e1beis relacionados aos cortes de gera\u00e7\u00e3o de energia \u2013\u00a0o chamado curtailment. O Minist\u00e9rio de Minas e Energia, o ONS (Operador Nacional do Sistema El\u00e9trico) e a CCEE (C\u00e2mara de Comercializa\u00e7\u00e3o de Energia) tamb\u00e9m participaram.<\/p>\n\n\n\n<p>No encontro, a diretora Agnes Costa, que relata a Consulta P\u00fablica 45\/2019, referente ao tema, lembrou que a etapa da discuss\u00e3o t\u00e9cnica est\u00e1 chegado ao fim e se referiu \u00e0 reuni\u00e3o como &#8220;uma \u00faltima oportunidade, principalmente para a ANEEL escutar voc\u00eas&#8221;. A consulta p\u00fablica da ANEEL busca definir as regras para o ordenamento das manobras de curtailment.<\/p>\n\n\n\n<p>&#8220;E acho que \u00e9 importante para voc\u00eas tamb\u00e9m se escutarem&#8221;, completou Agnes, que apontou para a variedade de assuntos discutidos na consulta p\u00fablica e a import\u00e2ncia de o setor &#8220;mostrar, alinhar expectativas e refletir junto o que falta&#8221;. Dentre as associa\u00e7\u00f5es do setor, estiveram presente Abee\u00f3lica, Absolar, ABGD, Abrage, Apine, Abrace, Abradee, Abiape, Abragel, AbraPCH, Abraget e Frente Nacional de Consumidores.<\/p>\n\n\n\n<p>De acordo com nota da ag\u00eancia reguladora, os participantes concordaram com a necessidade de encarar o problema do curtailment em abordagens de curto e longo prazos, de forma conjuntural e estrutural. No entanto, o diretor Fernando Mosna observou que muitos dos temas levados \u00e0 reuni\u00e3o n\u00e3o ser\u00e3o tratados pela Consulta P\u00fablica 45, como por exemplo a gera\u00e7\u00e3o distribu\u00edda.<\/p>\n\n\n\n<p>Em rela\u00e7\u00e3o ao setor financeiro, a ANEEL se comprometeu a &#8220;aprofundar alternativas de curto prazo que podem reduzir dificuldades financeiras de agentes setoriais que preocupam as institui\u00e7\u00f5es financeiras que participaram do debate&#8221;. A reuni\u00e3o contou com a presen\u00e7a dos bancos BNDES, BNB, Bradesco, Ita\u00fa, Santander e BTG.<\/p>\n","protected":false},"excerpt":{"rendered":"<p>da Ag\u00eancia iNFRA A ANEEL (Ag\u00eancia Nacional de Energia El\u00e9trica) reuniu-se, nesta quarta-feira (3), com representantes de associa\u00e7\u00f5es do setor el\u00e9trico e bancos do setor financeiro para discutir acerca dos crit\u00e9rios regulat\u00f3rios, operacionais e cont\u00e1beis relacionados aos cortes de gera\u00e7\u00e3o de energia \u2013\u00a0o chamado curtailment. O Minist\u00e9rio de Minas e Energia, o ONS (Operador Nacional [&hellip;]<\/p>\n","protected":false},"author":1,"featured_media":6318,"comment_status":"closed","ping_status":"closed","sticky":false,"template":"","format":"standard","meta":{"_monsterinsights_skip_tracking":false,"_monsterinsights_sitenote_active":false,"_monsterinsights_sitenote_note":"","_monsterinsights_sitenote_category":0,"footnotes":""},"categories":[1,13576],"tags":[6800,53,15173,11474,54,15172],"class_list":["post-27197","post","type-post","status-publish","format-standard","has-post-thumbnail","hentry","category-geral","category-giro-infra","tag-agnes-costa","tag-aneel","tag-consulta-publica-45-2019","tag-curtailment","tag-setor-eletrico","tag-setor-financeiro"],"yoast_head":"<!-- This site is optimized with the Yoast SEO Premium plugin v25.4 (Yoast SEO v26.0) - https:\/\/yoast.com\/wordpress\/plugins\/seo\/ -->\n<title>ANEEL discute curtailment em reuni\u00e3o com setores el\u00e9trico e financeiro - Ag\u00eancia iNFRA<\/title>\n<meta name=\"robots\" content=\"index, follow, max-snippet:-1, max-image-preview:large, max-video-preview:-1\" \/>\n<link rel=\"canonical\" href=\"https:\/\/agenciainfra.com\/blog\/aneel-discute-curtailment-em-reuniao-com-setores-eletrico-e-financeiro\/\" \/>\n<meta property=\"og:locale\" content=\"pt_BR\" \/>\n<meta property=\"og:type\" content=\"article\" \/>\n<meta property=\"og:title\" content=\"ANEEL discute curtailment em reuni\u00e3o com setores el\u00e9trico e financeiro\" \/>\n<meta property=\"og:description\" content=\"da Ag\u00eancia iNFRA A ANEEL (Ag\u00eancia Nacional de Energia El\u00e9trica) reuniu-se, nesta quarta-feira (3), com representantes de associa\u00e7\u00f5es do setor el\u00e9trico e bancos do setor financeiro para discutir acerca dos crit\u00e9rios regulat\u00f3rios, operacionais e cont\u00e1beis relacionados aos cortes de gera\u00e7\u00e3o de energia \u2013\u00a0o chamado curtailment. O Minist\u00e9rio de Minas e Energia, o ONS (Operador Nacional [&hellip;]\" \/>\n<meta property=\"og:url\" content=\"https:\/\/agenciainfra.com\/blog\/aneel-discute-curtailment-em-reuniao-com-setores-eletrico-e-financeiro\/\" \/>\n<meta property=\"og:site_name\" content=\"Ag\u00eancia iNFRA\" \/>\n<meta property=\"article:publisher\" content=\"https:\/\/www.facebook.com\/ageninfra\" \/>\n<meta property=\"article:published_time\" content=\"2025-09-04T13:08:57+00:00\" \/>\n<meta property=\"article:modified_time\" content=\"2025-09-04T13:09:02+00:00\" \/>\n<meta property=\"og:image\" content=\"https:\/\/agenciainfra.com\/blog\/wp-content\/uploads\/2020\/11\/sede-aneel-foto-aneel.jpg\" \/>\n\t<meta property=\"og:image:width\" content=\"1280\" \/>\n\t<meta property=\"og:image:height\" content=\"853\" \/>\n\t<meta property=\"og:image:type\" content=\"image\/jpeg\" \/>\n<meta name=\"author\" content=\"Ag\u00eancia iNFRA\" \/>\n<meta name=\"twitter:card\" content=\"summary_large_image\" \/>\n<meta name=\"twitter:creator\" content=\"@agencia_infra\" \/>\n<meta name=\"twitter:site\" content=\"@agencia_infra\" \/>\n<meta name=\"twitter:label1\" content=\"Escrito por\" \/>\n\t<meta name=\"twitter:data1\" content=\"Ag\u00eancia iNFRA\" \/>\n\t<meta name=\"twitter:label2\" content=\"Est. tempo de leitura\" \/>\n\t<meta name=\"twitter:data2\" content=\"2 minutos\" \/>\n<script type=\"application\/ld+json\" class=\"yoast-schema-graph\">{\"@context\":\"https:\/\/schema.org\",\"@graph\":[{\"@type\":\"Article\",\"@id\":\"https:\/\/agenciainfra.com\/blog\/aneel-discute-curtailment-em-reuniao-com-setores-eletrico-e-financeiro\/#article\",\"isPartOf\":{\"@id\":\"https:\/\/agenciainfra.com\/blog\/aneel-discute-curtailment-em-reuniao-com-setores-eletrico-e-financeiro\/\"},\"author\":{\"name\":\"Ag\u00eancia iNFRA\",\"@id\":\"https:\/\/agenciainfra.com\/blog\/#\/schema\/person\/34af08dff6adea4cb22b06612ba7acfa\"},\"headline\":\"ANEEL discute curtailment em reuni\u00e3o com setores el\u00e9trico e financeiro\",\"datePublished\":\"2025-09-04T13:08:57+00:00\",\"dateModified\":\"2025-09-04T13:09:02+00:00\",\"mainEntityOfPage\":{\"@id\":\"https:\/\/agenciainfra.com\/blog\/aneel-discute-curtailment-em-reuniao-com-setores-eletrico-e-financeiro\/\"},\"wordCount\":334,\"publisher\":{\"@id\":\"https:\/\/agenciainfra.com\/blog\/#organization\"},\"image\":{\"@id\":\"https:\/\/agenciainfra.com\/blog\/aneel-discute-curtailment-em-reuniao-com-setores-eletrico-e-financeiro\/#primaryimage\"},\"thumbnailUrl\":\"https:\/\/agenciainfra.com\/blog\/wp-content\/uploads\/2020\/11\/sede-aneel-foto-aneel.jpg\",\"keywords\":[\"Agnes Costa\",\"ANEEL\",\"Consulta P\u00fablica 45\/2019\",\"curtailment\",\"Setor El\u00e9trico\",\"setor financeiro\"],\"articleSection\":[\"Geral\",\"Giro iNFRA\"],\"inLanguage\":\"pt-BR\",\"copyrightYear\":\"2025\",\"copyrightHolder\":{\"@id\":\"https:\/\/agenciainfra.com\/blog\/#organization\"}},{\"@type\":\"WebPage\",\"@id\":\"https:\/\/agenciainfra.com\/blog\/aneel-discute-curtailment-em-reuniao-com-setores-eletrico-e-financeiro\/\",\"url\":\"https:\/\/agenciainfra.com\/blog\/aneel-discute-curtailment-em-reuniao-com-setores-eletrico-e-financeiro\/\",\"name\":\"ANEEL discute curtailment em reuni\u00e3o com setores el\u00e9trico e financeiro - Ag\u00eancia iNFRA\",\"isPartOf\":{\"@id\":\"https:\/\/agenciainfra.com\/blog\/#website\"},\"primaryImageOfPage\":{\"@id\":\"https:\/\/agenciainfra.com\/blog\/aneel-discute-curtailment-em-reuniao-com-setores-eletrico-e-financeiro\/#primaryimage\"},\"image\":{\"@id\":\"https:\/\/agenciainfra.com\/blog\/aneel-discute-curtailment-em-reuniao-com-setores-eletrico-e-financeiro\/#primaryimage\"},\"thumbnailUrl\":\"https:\/\/agenciainfra.com\/blog\/wp-content\/uploads\/2020\/11\/sede-aneel-foto-aneel.jpg\",\"datePublished\":\"2025-09-04T13:08:57+00:00\",\"dateModified\":\"2025-09-04T13:09:02+00:00\",\"breadcrumb\":{\"@id\":\"https:\/\/agenciainfra.com\/blog\/aneel-discute-curtailment-em-reuniao-com-setores-eletrico-e-financeiro\/#breadcrumb\"},\"inLanguage\":\"pt-BR\",\"potentialAction\":[{\"@type\":\"ReadAction\",\"target\":[\"https:\/\/agenciainfra.com\/blog\/aneel-discute-curtailment-em-reuniao-com-setores-eletrico-e-financeiro\/\"]}]},{\"@type\":\"ImageObject\",\"inLanguage\":\"pt-BR\",\"@id\":\"https:\/\/agenciainfra.com\/blog\/aneel-discute-curtailment-em-reuniao-com-setores-eletrico-e-financeiro\/#primaryimage\",\"url\":\"https:\/\/agenciainfra.com\/blog\/wp-content\/uploads\/2020\/11\/sede-aneel-foto-aneel.jpg\",\"contentUrl\":\"https:\/\/agenciainfra.com\/blog\/wp-content\/uploads\/2020\/11\/sede-aneel-foto-aneel.jpg\",\"width\":1280,\"height\":853,\"caption\":\"Foto: ANEEL\"},{\"@type\":\"BreadcrumbList\",\"@id\":\"https:\/\/agenciainfra.com\/blog\/aneel-discute-curtailment-em-reuniao-com-setores-eletrico-e-financeiro\/#breadcrumb\",\"itemListElement\":[{\"@type\":\"ListItem\",\"position\":1,\"name\":\"In\u00edcio\",\"item\":\"https:\/\/agenciainfra.com\/blog\/\"},{\"@type\":\"ListItem\",\"position\":2,\"name\":\"ANEEL discute curtailment em reuni\u00e3o com setores el\u00e9trico e financeiro\"}]},{\"@type\":\"WebSite\",\"@id\":\"https:\/\/agenciainfra.com\/blog\/#website\",\"url\":\"https:\/\/agenciainfra.com\/blog\/\",\"name\":\"Ag\u00eancia iNFRA\",\"description\":\"Multiplataforma de informa\u00e7\u00e3o jornal\u00edstica refer\u00eancia na \u00e1rea de infraestrutura no Brasil!\",\"publisher\":{\"@id\":\"https:\/\/agenciainfra.com\/blog\/#organization\"},\"potentialAction\":[{\"@type\":\"SearchAction\",\"target\":{\"@type\":\"EntryPoint\",\"urlTemplate\":\"https:\/\/agenciainfra.com\/blog\/?s={search_term_string}\"},\"query-input\":{\"@type\":\"PropertyValueSpecification\",\"valueRequired\":true,\"valueName\":\"search_term_string\"}}],\"inLanguage\":\"pt-BR\"},{\"@type\":\"Organization\",\"@id\":\"https:\/\/agenciainfra.com\/blog\/#organization\",\"name\":\"Ag\u00eancia iNFRA\",\"url\":\"https:\/\/agenciainfra.com\/blog\/\",\"logo\":{\"@type\":\"ImageObject\",\"inLanguage\":\"pt-BR\",\"@id\":\"https:\/\/agenciainfra.com\/blog\/#\/schema\/logo\/image\/\",\"url\":\"https:\/\/agenciainfra.com\/blog\/wp-content\/uploads\/2023\/09\/iNFRA_5-e1761735885940.png\",\"contentUrl\":\"https:\/\/agenciainfra.com\/blog\/wp-content\/uploads\/2023\/09\/iNFRA_5-e1761735885940.png\",\"width\":1672,\"height\":454,\"caption\":\"Ag\u00eancia iNFRA\"},\"image\":{\"@id\":\"https:\/\/agenciainfra.com\/blog\/#\/schema\/logo\/image\/\"},\"sameAs\":[\"https:\/\/www.facebook.com\/ageninfra\",\"https:\/\/x.com\/agencia_infra\",\"https:\/\/www.linkedin.com\/company\/ag\u00eanciainfra\/\",\"https:\/\/www.instagram.com\/agenciainfra\/\"]},{\"@type\":\"Person\",\"@id\":\"https:\/\/agenciainfra.com\/blog\/#\/schema\/person\/34af08dff6adea4cb22b06612ba7acfa\",\"name\":\"Ag\u00eancia iNFRA\",\"image\":{\"@type\":\"ImageObject\",\"inLanguage\":\"pt-BR\",\"@id\":\"https:\/\/agenciainfra.com\/blog\/#\/schema\/person\/image\/\",\"url\":\"https:\/\/secure.gravatar.com\/avatar\/d189e01678f06d8eb84d4e01f08eb848b3fffe3f8443818d3c356c66892f5be8?s=96&d=mm&r=g\",\"contentUrl\":\"https:\/\/secure.gravatar.com\/avatar\/d189e01678f06d8eb84d4e01f08eb848b3fffe3f8443818d3c356c66892f5be8?s=96&d=mm&r=g\",\"caption\":\"Ag\u00eancia iNFRA\"},\"url\":\"https:\/\/agenciainfra.com\/blog\/author\/admin\/\"}]}<\/script>\n<!-- \/ Yoast SEO Premium plugin. -->","yoast_head_json":{"title":"ANEEL discute curtailment em reuni\u00e3o com setores el\u00e9trico e financeiro - Ag\u00eancia iNFRA","robots":{"index":"index","follow":"follow","max-snippet":"max-snippet:-1","max-image-preview":"max-image-preview:large","max-video-preview":"max-video-preview:-1"},"canonical":"https:\/\/agenciainfra.com\/blog\/aneel-discute-curtailment-em-reuniao-com-setores-eletrico-e-financeiro\/","og_locale":"pt_BR","og_type":"article","og_title":"ANEEL discute curtailment em reuni\u00e3o com setores el\u00e9trico e financeiro","og_description":"da Ag\u00eancia iNFRA A ANEEL (Ag\u00eancia Nacional de Energia El\u00e9trica) reuniu-se, nesta quarta-feira (3), com representantes de associa\u00e7\u00f5es do setor el\u00e9trico e bancos do setor financeiro para discutir acerca dos crit\u00e9rios regulat\u00f3rios, operacionais e cont\u00e1beis relacionados aos cortes de gera\u00e7\u00e3o de energia \u2013\u00a0o chamado curtailment. O Minist\u00e9rio de Minas e Energia, o ONS (Operador Nacional [&hellip;]","og_url":"https:\/\/agenciainfra.com\/blog\/aneel-discute-curtailment-em-reuniao-com-setores-eletrico-e-financeiro\/","og_site_name":"Ag\u00eancia iNFRA","article_publisher":"https:\/\/www.facebook.com\/ageninfra","article_published_time":"2025-09-04T13:08:57+00:00","article_modified_time":"2025-09-04T13:09:02+00:00","og_image":[{"width":1280,"height":853,"url":"https:\/\/agenciainfra.com\/blog\/wp-content\/uploads\/2020\/11\/sede-aneel-foto-aneel.jpg","type":"image\/jpeg"}],"author":"Ag\u00eancia iNFRA","twitter_card":"summary_large_image","twitter_creator":"@agencia_infra","twitter_site":"@agencia_infra","twitter_misc":{"Escrito por":"Ag\u00eancia iNFRA","Est. tempo de leitura":"2 minutos"},"schema":{"@context":"https:\/\/schema.org","@graph":[{"@type":"Article","@id":"https:\/\/agenciainfra.com\/blog\/aneel-discute-curtailment-em-reuniao-com-setores-eletrico-e-financeiro\/#article","isPartOf":{"@id":"https:\/\/agenciainfra.com\/blog\/aneel-discute-curtailment-em-reuniao-com-setores-eletrico-e-financeiro\/"},"author":{"name":"Ag\u00eancia iNFRA","@id":"https:\/\/agenciainfra.com\/blog\/#\/schema\/person\/34af08dff6adea4cb22b06612ba7acfa"},"headline":"ANEEL discute curtailment em reuni\u00e3o com setores el\u00e9trico e financeiro","datePublished":"2025-09-04T13:08:57+00:00","dateModified":"2025-09-04T13:09:02+00:00","mainEntityOfPage":{"@id":"https:\/\/agenciainfra.com\/blog\/aneel-discute-curtailment-em-reuniao-com-setores-eletrico-e-financeiro\/"},"wordCount":334,"publisher":{"@id":"https:\/\/agenciainfra.com\/blog\/#organization"},"image":{"@id":"https:\/\/agenciainfra.com\/blog\/aneel-discute-curtailment-em-reuniao-com-setores-eletrico-e-financeiro\/#primaryimage"},"thumbnailUrl":"https:\/\/agenciainfra.com\/blog\/wp-content\/uploads\/2020\/11\/sede-aneel-foto-aneel.jpg","keywords":["Agnes Costa","ANEEL","Consulta P\u00fablica 45\/2019","curtailment","Setor El\u00e9trico","setor financeiro"],"articleSection":["Geral","Giro iNFRA"],"inLanguage":"pt-BR","copyrightYear":"2025","copyrightHolder":{"@id":"https:\/\/agenciainfra.com\/blog\/#organization"}},{"@type":"WebPage","@id":"https:\/\/agenciainfra.com\/blog\/aneel-discute-curtailment-em-reuniao-com-setores-eletrico-e-financeiro\/","url":"https:\/\/agenciainfra.com\/blog\/aneel-discute-curtailment-em-reuniao-com-setores-eletrico-e-financeiro\/","name":"ANEEL discute curtailment em reuni\u00e3o com setores el\u00e9trico e financeiro - Ag\u00eancia iNFRA","isPartOf":{"@id":"https:\/\/agenciainfra.com\/blog\/#website"},"primaryImageOfPage":{"@id":"https:\/\/agenciainfra.com\/blog\/aneel-discute-curtailment-em-reuniao-com-setores-eletrico-e-financeiro\/#primaryimage"},"image":{"@id":"https:\/\/agenciainfra.com\/blog\/aneel-discute-curtailment-em-reuniao-com-setores-eletrico-e-financeiro\/#primaryimage"},"thumbnailUrl":"https:\/\/agenciainfra.com\/blog\/wp-content\/uploads\/2020\/11\/sede-aneel-foto-aneel.jpg","datePublished":"2025-09-04T13:08:57+00:00","dateModified":"2025-09-04T13:09:02+00:00","breadcrumb":{"@id":"https:\/\/agenciainfra.com\/blog\/aneel-discute-curtailment-em-reuniao-com-setores-eletrico-e-financeiro\/#breadcrumb"},"inLanguage":"pt-BR","potentialAction":[{"@type":"ReadAction","target":["https:\/\/agenciainfra.com\/blog\/aneel-discute-curtailment-em-reuniao-com-setores-eletrico-e-financeiro\/"]}]},{"@type":"ImageObject","inLanguage":"pt-BR","@id":"https:\/\/agenciainfra.com\/blog\/aneel-discute-curtailment-em-reuniao-com-setores-eletrico-e-financeiro\/#primaryimage","url":"https:\/\/agenciainfra.com\/blog\/wp-content\/uploads\/2020\/11\/sede-aneel-foto-aneel.jpg","contentUrl":"https:\/\/agenciainfra.com\/blog\/wp-content\/uploads\/2020\/11\/sede-aneel-foto-aneel.jpg","width":1280,"height":853,"caption":"Foto: ANEEL"},{"@type":"BreadcrumbList","@id":"https:\/\/agenciainfra.com\/blog\/aneel-discute-curtailment-em-reuniao-com-setores-eletrico-e-financeiro\/#breadcrumb","itemListElement":[{"@type":"ListItem","position":1,"name":"In\u00edcio","item":"https:\/\/agenciainfra.com\/blog\/"},{"@type":"ListItem","position":2,"name":"ANEEL discute curtailment em reuni\u00e3o com setores el\u00e9trico e financeiro"}]},{"@type":"WebSite","@id":"https:\/\/agenciainfra.com\/blog\/#website","url":"https:\/\/agenciainfra.com\/blog\/","name":"Ag\u00eancia iNFRA","description":"Multiplataforma de informa\u00e7\u00e3o jornal\u00edstica refer\u00eancia na \u00e1rea de infraestrutura no Brasil!","publisher":{"@id":"https:\/\/agenciainfra.com\/blog\/#organization"},"potentialAction":[{"@type":"SearchAction","target":{"@type":"EntryPoint","urlTemplate":"https:\/\/agenciainfra.com\/blog\/?s={search_term_string}"},"query-input":{"@type":"PropertyValueSpecification","valueRequired":true,"valueName":"search_term_string"}}],"inLanguage":"pt-BR"},{"@type":"Organization","@id":"https:\/\/agenciainfra.com\/blog\/#organization","name":"Ag\u00eancia iNFRA","url":"https:\/\/agenciainfra.com\/blog\/","logo":{"@type":"ImageObject","inLanguage":"pt-BR","@id":"https:\/\/agenciainfra.com\/blog\/#\/schema\/logo\/image\/","url":"https:\/\/agenciainfra.com\/blog\/wp-content\/uploads\/2023\/09\/iNFRA_5-e1761735885940.png","contentUrl":"https:\/\/agenciainfra.com\/blog\/wp-content\/uploads\/2023\/09\/iNFRA_5-e1761735885940.png","width":1672,"height":454,"caption":"Ag\u00eancia iNFRA"},"image":{"@id":"https:\/\/agenciainfra.com\/blog\/#\/schema\/logo\/image\/"},"sameAs":["https:\/\/www.facebook.com\/ageninfra","https:\/\/x.com\/agencia_infra","https:\/\/www.linkedin.com\/company\/ag\u00eanciainfra\/","https:\/\/www.instagram.com\/agenciainfra\/"]},{"@type":"Person","@id":"https:\/\/agenciainfra.com\/blog\/#\/schema\/person\/34af08dff6adea4cb22b06612ba7acfa","name":"Ag\u00eancia iNFRA","image":{"@type":"ImageObject","inLanguage":"pt-BR","@id":"https:\/\/agenciainfra.com\/blog\/#\/schema\/person\/image\/","url":"https:\/\/secure.gravatar.com\/avatar\/d189e01678f06d8eb84d4e01f08eb848b3fffe3f8443818d3c356c66892f5be8?s=96&d=mm&r=g","contentUrl":"https:\/\/secure.gravatar.com\/avatar\/d189e01678f06d8eb84d4e01f08eb848b3fffe3f8443818d3c356c66892f5be8?s=96&d=mm&r=g","caption":"Ag\u00eancia iNFRA"},"url":"https:\/\/agenciainfra.com\/blog\/author\/admin\/"}]}},"_links":{"self":[{"href":"https:\/\/agenciainfra.com\/blog\/wp-json\/wp\/v2\/posts\/27197","targetHints":{"allow":["GET"]}}],"collection":[{"href":"https:\/\/agenciainfra.com\/blog\/wp-json\/wp\/v2\/posts"}],"about":[{"href":"https:\/\/agenciainfra.com\/blog\/wp-json\/wp\/v2\/types\/post"}],"author":[{"embeddable":true,"href":"https:\/\/agenciainfra.com\/blog\/wp-json\/wp\/v2\/users\/1"}],"replies":[{"embeddable":true,"href":"https:\/\/agenciainfra.com\/blog\/wp-json\/wp\/v2\/comments?post=27197"}],"version-history":[{"count":1,"href":"https:\/\/agenciainfra.com\/blog\/wp-json\/wp\/v2\/posts\/27197\/revisions"}],"predecessor-version":[{"id":27198,"href":"https:\/\/agenciainfra.com\/blog\/wp-json\/wp\/v2\/posts\/27197\/revisions\/27198"}],"wp:featuredmedia":[{"embeddable":true,"href":"https:\/\/agenciainfra.com\/blog\/wp-json\/wp\/v2\/media\/6318"}],"wp:attachment":[{"href":"https:\/\/agenciainfra.com\/blog\/wp-json\/wp\/v2\/media?parent=27197"}],"wp:term":[{"taxonomy":"category","embeddable":true,"href":"https:\/\/agenciainfra.com\/blog\/wp-json\/wp\/v2\/categories?post=27197"},{"taxonomy":"post_tag","embeddable":true,"href":"https:\/\/agenciainfra.com\/blog\/wp-json\/wp\/v2\/tags?post=27197"}],"curies":[{"name":"wp","href":"https:\/\/api.w.org\/{rel}","templated":true}]}}