{"id":27200,"date":"2025-09-04T10:51:38","date_gmt":"2025-09-04T13:51:38","guid":{"rendered":"https:\/\/agenciainfra.com\/blog\/?p=27200"},"modified":"2025-09-05T12:29:52","modified_gmt":"2025-09-05T15:29:52","slug":"governo-edita-nova-mp-ao-setor-de-energia-para-programa-gas-do-povo","status":"publish","type":"post","link":"https:\/\/agenciainfra.com\/blog\/governo-edita-nova-mp-ao-setor-de-energia-para-programa-gas-do-povo\/","title":{"rendered":"Governo edita nova MP ao setor de energia para programa &#8216;G\u00e1s do Povo&#8217;"},"content":{"rendered":"\n<p class=\"has-text-align-right\"><strong>Geraldo Campos Jr. e Marisa Wanzeller, da Ag\u00eancia iNFRA<\/strong><\/p>\n\n\n\n<p>O governo federal lan\u00e7a o \u201cG\u00e1s do Povo\u201d nesta quinta-feira (4), com a edi\u00e7\u00e3o de uma <a href=\"https:\/\/agenciainfra.com\/blog\/wp-content\/uploads\/2025\/09\/dou-extra-gas-do-povo.pdf\">nova medida provis\u00f3ria<\/a> para o setor de energia. O programa que substituir\u00e1 o Vale-G\u00e1s vai entregar botij\u00f5es de GLP (G\u00e1s Liquefeito de Petr\u00f3leo) gratuitamente a partir de novembro, com uma transi\u00e7\u00e3o at\u00e9 alcan\u00e7ar 15,5 milh\u00f5es de fam\u00edlias beneficiadas em mar\u00e7o de 2026.<\/p>\n\n\n\n<p>Para os benefici\u00e1rios, os botij\u00f5es ser\u00e3o disponibilizados em frequ\u00eancia que varia conforme o tamanho da fam\u00edlia. J\u00e1 os revendedores ser\u00e3o remunerados por um pre\u00e7o de refer\u00eancia do GLP que ser\u00e1 calculado pelo governo para cada estado. As revendas interessadas dever\u00e3o se cadastrar junto \u00e0 Caixa.<\/p>\n\n\n\n<p>Segundo o MME (Minist\u00e9rio de Minas e Energia), o G\u00e1s do Povo ser\u00e1 financiado integralmente com recursos do or\u00e7amento p\u00fablico, com R$ 3,57 bilh\u00f5es j\u00e1 previstos na LOA (Lei Or\u00e7ament\u00e1ria Anual) de 2025 e necessidade de mais R$ 5,1 bilh\u00f5es para 2026.<\/p>\n\n\n\n<p><strong>G\u00e1s natural<\/strong><br>O lan\u00e7amento estava previsto para o in\u00edcio de agosto, e ocorreria em cerim\u00f4nia ap\u00f3s a reuni\u00e3o do CNPE (Conselho Nacional de Pol\u00edtica Energ\u00e9tica), na sede do MME. Na ocasi\u00e3o tamb\u00e9m seriam assinadas portarias que tratam do acesso a infraestruturas de g\u00e1s natural. O evento inicial foi adiado por falta de consenso entre o grupo de empresas liderado pela Petrobras (que possuem os gasodutos submarinos) e o governo. Ainda n\u00e3o foi divulgada uma nova data para a reuni\u00e3o do conselho.<\/p>\n","protected":false},"excerpt":{"rendered":"<p>Geraldo Campos Jr. e Marisa Wanzeller, da Ag\u00eancia iNFRA O governo federal lan\u00e7a o \u201cG\u00e1s do Povo\u201d nesta quinta-feira (4), com a edi\u00e7\u00e3o de uma nova medida provis\u00f3ria para o setor de energia. O programa que substituir\u00e1 o Vale-G\u00e1s vai entregar botij\u00f5es de GLP (G\u00e1s Liquefeito de Petr\u00f3leo) gratuitamente a partir de novembro, com uma [&hellip;]<\/p>\n","protected":false},"author":1,"featured_media":25983,"comment_status":"closed","ping_status":"closed","sticky":false,"template":"","format":"standard","meta":{"_monsterinsights_skip_tracking":false,"_monsterinsights_sitenote_active":false,"_monsterinsights_sitenote_note":"","_monsterinsights_sitenote_category":0,"footnotes":""},"categories":[1,13271],"tags":[3004,14976,7366,96,13747],"class_list":["post-27200","post","type-post","status-publish","format-standard","has-post-thumbnail","hentry","category-geral","category-oleo-gas","tag-cnpe","tag-gas-do-povo","tag-marisa-wanzeller","tag-ministerio-de-minas-e-energia","tag-vale-gas-2"],"yoast_head":"<!-- This site is optimized with the Yoast SEO Premium plugin v25.4 (Yoast SEO v26.0) - https:\/\/yoast.com\/wordpress\/plugins\/seo\/ -->\n<title>Governo edita nova MP ao setor de energia para programa &#039;G\u00e1s do Povo&#039; - Ag\u00eancia iNFRA<\/title>\n<meta name=\"robots\" content=\"index, follow, max-snippet:-1, max-image-preview:large, max-video-preview:-1\" \/>\n<link rel=\"canonical\" href=\"https:\/\/agenciainfra.com\/blog\/governo-edita-nova-mp-ao-setor-de-energia-para-programa-gas-do-povo\/\" \/>\n<meta property=\"og:locale\" content=\"pt_BR\" \/>\n<meta property=\"og:type\" content=\"article\" \/>\n<meta property=\"og:title\" content=\"Governo edita nova MP ao setor de energia para programa &#039;G\u00e1s do Povo&#039;\" \/>\n<meta property=\"og:description\" content=\"Geraldo Campos Jr. e Marisa Wanzeller, da Ag\u00eancia iNFRA O governo federal lan\u00e7a o \u201cG\u00e1s do Povo\u201d nesta quinta-feira (4), com a edi\u00e7\u00e3o de uma nova medida provis\u00f3ria para o setor de energia. O programa que substituir\u00e1 o Vale-G\u00e1s vai entregar botij\u00f5es de GLP (G\u00e1s Liquefeito de Petr\u00f3leo) gratuitamente a partir de novembro, com uma [&hellip;]\" \/>\n<meta property=\"og:url\" content=\"https:\/\/agenciainfra.com\/blog\/governo-edita-nova-mp-ao-setor-de-energia-para-programa-gas-do-povo\/\" \/>\n<meta property=\"og:site_name\" content=\"Ag\u00eancia iNFRA\" \/>\n<meta property=\"article:publisher\" content=\"https:\/\/www.facebook.com\/ageninfra\" \/>\n<meta property=\"article:published_time\" content=\"2025-09-04T13:51:38+00:00\" \/>\n<meta property=\"article:modified_time\" content=\"2025-09-05T15:29:52+00:00\" \/>\n<meta property=\"og:image\" content=\"https:\/\/agenciainfra.com\/blog\/wp-content\/uploads\/2025\/08\/gas-de-cozinha-glp-foto-dominio-publico-1.png\" \/>\n\t<meta property=\"og:image:width\" content=\"1280\" \/>\n\t<meta property=\"og:image:height\" content=\"658\" \/>\n\t<meta property=\"og:image:type\" content=\"image\/png\" \/>\n<meta name=\"author\" content=\"Ag\u00eancia iNFRA\" \/>\n<meta name=\"twitter:card\" content=\"summary_large_image\" \/>\n<meta name=\"twitter:creator\" content=\"@agencia_infra\" \/>\n<meta name=\"twitter:site\" content=\"@agencia_infra\" \/>\n<meta name=\"twitter:label1\" content=\"Escrito por\" \/>\n\t<meta name=\"twitter:data1\" content=\"Ag\u00eancia iNFRA\" \/>\n\t<meta name=\"twitter:label2\" content=\"Est. tempo de leitura\" \/>\n\t<meta name=\"twitter:data2\" content=\"1 minuto\" \/>\n<script type=\"application\/ld+json\" class=\"yoast-schema-graph\">{\"@context\":\"https:\/\/schema.org\",\"@graph\":[{\"@type\":\"Article\",\"@id\":\"https:\/\/agenciainfra.com\/blog\/governo-edita-nova-mp-ao-setor-de-energia-para-programa-gas-do-povo\/#article\",\"isPartOf\":{\"@id\":\"https:\/\/agenciainfra.com\/blog\/governo-edita-nova-mp-ao-setor-de-energia-para-programa-gas-do-povo\/\"},\"author\":{\"name\":\"Ag\u00eancia iNFRA\",\"@id\":\"https:\/\/agenciainfra.com\/blog\/#\/schema\/person\/34af08dff6adea4cb22b06612ba7acfa\"},\"headline\":\"Governo edita nova MP ao setor de energia para programa &#8216;G\u00e1s do Povo&#8217;\",\"datePublished\":\"2025-09-04T13:51:38+00:00\",\"dateModified\":\"2025-09-05T15:29:52+00:00\",\"mainEntityOfPage\":{\"@id\":\"https:\/\/agenciainfra.com\/blog\/governo-edita-nova-mp-ao-setor-de-energia-para-programa-gas-do-povo\/\"},\"wordCount\":285,\"publisher\":{\"@id\":\"https:\/\/agenciainfra.com\/blog\/#organization\"},\"image\":{\"@id\":\"https:\/\/agenciainfra.com\/blog\/governo-edita-nova-mp-ao-setor-de-energia-para-programa-gas-do-povo\/#primaryimage\"},\"thumbnailUrl\":\"https:\/\/agenciainfra.com\/blog\/wp-content\/uploads\/2025\/08\/gas-de-cozinha-glp-foto-dominio-publico-1.png\",\"keywords\":[\"CNPE\",\"G\u00e1s do Povo\",\"Marisa Wanzeller\",\"Minist\u00e9rio de Minas e Energia\",\"vale-g\u00e1s\"],\"articleSection\":[\"Geral\",\"\u00d3leo &amp; G\u00e1s\"],\"inLanguage\":\"pt-BR\",\"copyrightYear\":\"2025\",\"copyrightHolder\":{\"@id\":\"https:\/\/agenciainfra.com\/blog\/#organization\"}},{\"@type\":\"WebPage\",\"@id\":\"https:\/\/agenciainfra.com\/blog\/governo-edita-nova-mp-ao-setor-de-energia-para-programa-gas-do-povo\/\",\"url\":\"https:\/\/agenciainfra.com\/blog\/governo-edita-nova-mp-ao-setor-de-energia-para-programa-gas-do-povo\/\",\"name\":\"Governo edita nova MP ao setor de energia para programa 'G\u00e1s do Povo' - Ag\u00eancia iNFRA\",\"isPartOf\":{\"@id\":\"https:\/\/agenciainfra.com\/blog\/#website\"},\"primaryImageOfPage\":{\"@id\":\"https:\/\/agenciainfra.com\/blog\/governo-edita-nova-mp-ao-setor-de-energia-para-programa-gas-do-povo\/#primaryimage\"},\"image\":{\"@id\":\"https:\/\/agenciainfra.com\/blog\/governo-edita-nova-mp-ao-setor-de-energia-para-programa-gas-do-povo\/#primaryimage\"},\"thumbnailUrl\":\"https:\/\/agenciainfra.com\/blog\/wp-content\/uploads\/2025\/08\/gas-de-cozinha-glp-foto-dominio-publico-1.png\",\"datePublished\":\"2025-09-04T13:51:38+00:00\",\"dateModified\":\"2025-09-05T15:29:52+00:00\",\"breadcrumb\":{\"@id\":\"https:\/\/agenciainfra.com\/blog\/governo-edita-nova-mp-ao-setor-de-energia-para-programa-gas-do-povo\/#breadcrumb\"},\"inLanguage\":\"pt-BR\",\"potentialAction\":[{\"@type\":\"ReadAction\",\"target\":[\"https:\/\/agenciainfra.com\/blog\/governo-edita-nova-mp-ao-setor-de-energia-para-programa-gas-do-povo\/\"]}]},{\"@type\":\"ImageObject\",\"inLanguage\":\"pt-BR\",\"@id\":\"https:\/\/agenciainfra.com\/blog\/governo-edita-nova-mp-ao-setor-de-energia-para-programa-gas-do-povo\/#primaryimage\",\"url\":\"https:\/\/agenciainfra.com\/blog\/wp-content\/uploads\/2025\/08\/gas-de-cozinha-glp-foto-dominio-publico-1.png\",\"contentUrl\":\"https:\/\/agenciainfra.com\/blog\/wp-content\/uploads\/2025\/08\/gas-de-cozinha-glp-foto-dominio-publico-1.png\",\"width\":1280,\"height\":658,\"caption\":\"Foto: Dom\u00ednio P\u00fablico\"},{\"@type\":\"BreadcrumbList\",\"@id\":\"https:\/\/agenciainfra.com\/blog\/governo-edita-nova-mp-ao-setor-de-energia-para-programa-gas-do-povo\/#breadcrumb\",\"itemListElement\":[{\"@type\":\"ListItem\",\"position\":1,\"name\":\"In\u00edcio\",\"item\":\"https:\/\/agenciainfra.com\/blog\/\"},{\"@type\":\"ListItem\",\"position\":2,\"name\":\"Governo edita nova MP ao setor de energia para programa &#8216;G\u00e1s do Povo&#8217;\"}]},{\"@type\":\"WebSite\",\"@id\":\"https:\/\/agenciainfra.com\/blog\/#website\",\"url\":\"https:\/\/agenciainfra.com\/blog\/\",\"name\":\"Ag\u00eancia iNFRA\",\"description\":\"Multiplataforma de informa\u00e7\u00e3o jornal\u00edstica refer\u00eancia na \u00e1rea de infraestrutura no Brasil!\",\"publisher\":{\"@id\":\"https:\/\/agenciainfra.com\/blog\/#organization\"},\"potentialAction\":[{\"@type\":\"SearchAction\",\"target\":{\"@type\":\"EntryPoint\",\"urlTemplate\":\"https:\/\/agenciainfra.com\/blog\/?s={search_term_string}\"},\"query-input\":{\"@type\":\"PropertyValueSpecification\",\"valueRequired\":true,\"valueName\":\"search_term_string\"}}],\"inLanguage\":\"pt-BR\"},{\"@type\":\"Organization\",\"@id\":\"https:\/\/agenciainfra.com\/blog\/#organization\",\"name\":\"Ag\u00eancia iNFRA\",\"url\":\"https:\/\/agenciainfra.com\/blog\/\",\"logo\":{\"@type\":\"ImageObject\",\"inLanguage\":\"pt-BR\",\"@id\":\"https:\/\/agenciainfra.com\/blog\/#\/schema\/logo\/image\/\",\"url\":\"https:\/\/agenciainfra.com\/blog\/wp-content\/uploads\/2023\/09\/iNFRA_5-e1761735885940.png\",\"contentUrl\":\"https:\/\/agenciainfra.com\/blog\/wp-content\/uploads\/2023\/09\/iNFRA_5-e1761735885940.png\",\"width\":1672,\"height\":454,\"caption\":\"Ag\u00eancia iNFRA\"},\"image\":{\"@id\":\"https:\/\/agenciainfra.com\/blog\/#\/schema\/logo\/image\/\"},\"sameAs\":[\"https:\/\/www.facebook.com\/ageninfra\",\"https:\/\/x.com\/agencia_infra\",\"https:\/\/www.linkedin.com\/company\/ag\u00eanciainfra\/\",\"https:\/\/www.instagram.com\/agenciainfra\/\"]},{\"@type\":\"Person\",\"@id\":\"https:\/\/agenciainfra.com\/blog\/#\/schema\/person\/34af08dff6adea4cb22b06612ba7acfa\",\"name\":\"Ag\u00eancia iNFRA\",\"image\":{\"@type\":\"ImageObject\",\"inLanguage\":\"pt-BR\",\"@id\":\"https:\/\/agenciainfra.com\/blog\/#\/schema\/person\/image\/\",\"url\":\"https:\/\/secure.gravatar.com\/avatar\/d189e01678f06d8eb84d4e01f08eb848b3fffe3f8443818d3c356c66892f5be8?s=96&d=mm&r=g\",\"contentUrl\":\"https:\/\/secure.gravatar.com\/avatar\/d189e01678f06d8eb84d4e01f08eb848b3fffe3f8443818d3c356c66892f5be8?s=96&d=mm&r=g\",\"caption\":\"Ag\u00eancia iNFRA\"},\"url\":\"https:\/\/agenciainfra.com\/blog\/author\/admin\/\"}]}<\/script>\n<!-- \/ Yoast SEO Premium plugin. -->","yoast_head_json":{"title":"Governo edita nova MP ao setor de energia para programa 'G\u00e1s do Povo' - Ag\u00eancia iNFRA","robots":{"index":"index","follow":"follow","max-snippet":"max-snippet:-1","max-image-preview":"max-image-preview:large","max-video-preview":"max-video-preview:-1"},"canonical":"https:\/\/agenciainfra.com\/blog\/governo-edita-nova-mp-ao-setor-de-energia-para-programa-gas-do-povo\/","og_locale":"pt_BR","og_type":"article","og_title":"Governo edita nova MP ao setor de energia para programa 'G\u00e1s do Povo'","og_description":"Geraldo Campos Jr. e Marisa Wanzeller, da Ag\u00eancia iNFRA O governo federal lan\u00e7a o \u201cG\u00e1s do Povo\u201d nesta quinta-feira (4), com a edi\u00e7\u00e3o de uma nova medida provis\u00f3ria para o setor de energia. O programa que substituir\u00e1 o Vale-G\u00e1s vai entregar botij\u00f5es de GLP (G\u00e1s Liquefeito de Petr\u00f3leo) gratuitamente a partir de novembro, com uma [&hellip;]","og_url":"https:\/\/agenciainfra.com\/blog\/governo-edita-nova-mp-ao-setor-de-energia-para-programa-gas-do-povo\/","og_site_name":"Ag\u00eancia iNFRA","article_publisher":"https:\/\/www.facebook.com\/ageninfra","article_published_time":"2025-09-04T13:51:38+00:00","article_modified_time":"2025-09-05T15:29:52+00:00","og_image":[{"width":1280,"height":658,"url":"https:\/\/agenciainfra.com\/blog\/wp-content\/uploads\/2025\/08\/gas-de-cozinha-glp-foto-dominio-publico-1.png","type":"image\/png"}],"author":"Ag\u00eancia iNFRA","twitter_card":"summary_large_image","twitter_creator":"@agencia_infra","twitter_site":"@agencia_infra","twitter_misc":{"Escrito por":"Ag\u00eancia iNFRA","Est. tempo de leitura":"1 minuto"},"schema":{"@context":"https:\/\/schema.org","@graph":[{"@type":"Article","@id":"https:\/\/agenciainfra.com\/blog\/governo-edita-nova-mp-ao-setor-de-energia-para-programa-gas-do-povo\/#article","isPartOf":{"@id":"https:\/\/agenciainfra.com\/blog\/governo-edita-nova-mp-ao-setor-de-energia-para-programa-gas-do-povo\/"},"author":{"name":"Ag\u00eancia iNFRA","@id":"https:\/\/agenciainfra.com\/blog\/#\/schema\/person\/34af08dff6adea4cb22b06612ba7acfa"},"headline":"Governo edita nova MP ao setor de energia para programa &#8216;G\u00e1s do Povo&#8217;","datePublished":"2025-09-04T13:51:38+00:00","dateModified":"2025-09-05T15:29:52+00:00","mainEntityOfPage":{"@id":"https:\/\/agenciainfra.com\/blog\/governo-edita-nova-mp-ao-setor-de-energia-para-programa-gas-do-povo\/"},"wordCount":285,"publisher":{"@id":"https:\/\/agenciainfra.com\/blog\/#organization"},"image":{"@id":"https:\/\/agenciainfra.com\/blog\/governo-edita-nova-mp-ao-setor-de-energia-para-programa-gas-do-povo\/#primaryimage"},"thumbnailUrl":"https:\/\/agenciainfra.com\/blog\/wp-content\/uploads\/2025\/08\/gas-de-cozinha-glp-foto-dominio-publico-1.png","keywords":["CNPE","G\u00e1s do Povo","Marisa Wanzeller","Minist\u00e9rio de Minas e Energia","vale-g\u00e1s"],"articleSection":["Geral","\u00d3leo &amp; G\u00e1s"],"inLanguage":"pt-BR","copyrightYear":"2025","copyrightHolder":{"@id":"https:\/\/agenciainfra.com\/blog\/#organization"}},{"@type":"WebPage","@id":"https:\/\/agenciainfra.com\/blog\/governo-edita-nova-mp-ao-setor-de-energia-para-programa-gas-do-povo\/","url":"https:\/\/agenciainfra.com\/blog\/governo-edita-nova-mp-ao-setor-de-energia-para-programa-gas-do-povo\/","name":"Governo edita nova MP ao setor de energia para programa 'G\u00e1s do Povo' - Ag\u00eancia iNFRA","isPartOf":{"@id":"https:\/\/agenciainfra.com\/blog\/#website"},"primaryImageOfPage":{"@id":"https:\/\/agenciainfra.com\/blog\/governo-edita-nova-mp-ao-setor-de-energia-para-programa-gas-do-povo\/#primaryimage"},"image":{"@id":"https:\/\/agenciainfra.com\/blog\/governo-edita-nova-mp-ao-setor-de-energia-para-programa-gas-do-povo\/#primaryimage"},"thumbnailUrl":"https:\/\/agenciainfra.com\/blog\/wp-content\/uploads\/2025\/08\/gas-de-cozinha-glp-foto-dominio-publico-1.png","datePublished":"2025-09-04T13:51:38+00:00","dateModified":"2025-09-05T15:29:52+00:00","breadcrumb":{"@id":"https:\/\/agenciainfra.com\/blog\/governo-edita-nova-mp-ao-setor-de-energia-para-programa-gas-do-povo\/#breadcrumb"},"inLanguage":"pt-BR","potentialAction":[{"@type":"ReadAction","target":["https:\/\/agenciainfra.com\/blog\/governo-edita-nova-mp-ao-setor-de-energia-para-programa-gas-do-povo\/"]}]},{"@type":"ImageObject","inLanguage":"pt-BR","@id":"https:\/\/agenciainfra.com\/blog\/governo-edita-nova-mp-ao-setor-de-energia-para-programa-gas-do-povo\/#primaryimage","url":"https:\/\/agenciainfra.com\/blog\/wp-content\/uploads\/2025\/08\/gas-de-cozinha-glp-foto-dominio-publico-1.png","contentUrl":"https:\/\/agenciainfra.com\/blog\/wp-content\/uploads\/2025\/08\/gas-de-cozinha-glp-foto-dominio-publico-1.png","width":1280,"height":658,"caption":"Foto: Dom\u00ednio P\u00fablico"},{"@type":"BreadcrumbList","@id":"https:\/\/agenciainfra.com\/blog\/governo-edita-nova-mp-ao-setor-de-energia-para-programa-gas-do-povo\/#breadcrumb","itemListElement":[{"@type":"ListItem","position":1,"name":"In\u00edcio","item":"https:\/\/agenciainfra.com\/blog\/"},{"@type":"ListItem","position":2,"name":"Governo edita nova MP ao setor de energia para programa &#8216;G\u00e1s do Povo&#8217;"}]},{"@type":"WebSite","@id":"https:\/\/agenciainfra.com\/blog\/#website","url":"https:\/\/agenciainfra.com\/blog\/","name":"Ag\u00eancia iNFRA","description":"Multiplataforma de informa\u00e7\u00e3o jornal\u00edstica refer\u00eancia na \u00e1rea de infraestrutura no Brasil!","publisher":{"@id":"https:\/\/agenciainfra.com\/blog\/#organization"},"potentialAction":[{"@type":"SearchAction","target":{"@type":"EntryPoint","urlTemplate":"https:\/\/agenciainfra.com\/blog\/?s={search_term_string}"},"query-input":{"@type":"PropertyValueSpecification","valueRequired":true,"valueName":"search_term_string"}}],"inLanguage":"pt-BR"},{"@type":"Organization","@id":"https:\/\/agenciainfra.com\/blog\/#organization","name":"Ag\u00eancia iNFRA","url":"https:\/\/agenciainfra.com\/blog\/","logo":{"@type":"ImageObject","inLanguage":"pt-BR","@id":"https:\/\/agenciainfra.com\/blog\/#\/schema\/logo\/image\/","url":"https:\/\/agenciainfra.com\/blog\/wp-content\/uploads\/2023\/09\/iNFRA_5-e1761735885940.png","contentUrl":"https:\/\/agenciainfra.com\/blog\/wp-content\/uploads\/2023\/09\/iNFRA_5-e1761735885940.png","width":1672,"height":454,"caption":"Ag\u00eancia iNFRA"},"image":{"@id":"https:\/\/agenciainfra.com\/blog\/#\/schema\/logo\/image\/"},"sameAs":["https:\/\/www.facebook.com\/ageninfra","https:\/\/x.com\/agencia_infra","https:\/\/www.linkedin.com\/company\/ag\u00eanciainfra\/","https:\/\/www.instagram.com\/agenciainfra\/"]},{"@type":"Person","@id":"https:\/\/agenciainfra.com\/blog\/#\/schema\/person\/34af08dff6adea4cb22b06612ba7acfa","name":"Ag\u00eancia iNFRA","image":{"@type":"ImageObject","inLanguage":"pt-BR","@id":"https:\/\/agenciainfra.com\/blog\/#\/schema\/person\/image\/","url":"https:\/\/secure.gravatar.com\/avatar\/d189e01678f06d8eb84d4e01f08eb848b3fffe3f8443818d3c356c66892f5be8?s=96&d=mm&r=g","contentUrl":"https:\/\/secure.gravatar.com\/avatar\/d189e01678f06d8eb84d4e01f08eb848b3fffe3f8443818d3c356c66892f5be8?s=96&d=mm&r=g","caption":"Ag\u00eancia iNFRA"},"url":"https:\/\/agenciainfra.com\/blog\/author\/admin\/"}]}},"_links":{"self":[{"href":"https:\/\/agenciainfra.com\/blog\/wp-json\/wp\/v2\/posts\/27200","targetHints":{"allow":["GET"]}}],"collection":[{"href":"https:\/\/agenciainfra.com\/blog\/wp-json\/wp\/v2\/posts"}],"about":[{"href":"https:\/\/agenciainfra.com\/blog\/wp-json\/wp\/v2\/types\/post"}],"author":[{"embeddable":true,"href":"https:\/\/agenciainfra.com\/blog\/wp-json\/wp\/v2\/users\/1"}],"replies":[{"embeddable":true,"href":"https:\/\/agenciainfra.com\/blog\/wp-json\/wp\/v2\/comments?post=27200"}],"version-history":[{"count":3,"href":"https:\/\/agenciainfra.com\/blog\/wp-json\/wp\/v2\/posts\/27200\/revisions"}],"predecessor-version":[{"id":27239,"href":"https:\/\/agenciainfra.com\/blog\/wp-json\/wp\/v2\/posts\/27200\/revisions\/27239"}],"wp:featuredmedia":[{"embeddable":true,"href":"https:\/\/agenciainfra.com\/blog\/wp-json\/wp\/v2\/media\/25983"}],"wp:attachment":[{"href":"https:\/\/agenciainfra.com\/blog\/wp-json\/wp\/v2\/media?parent=27200"}],"wp:term":[{"taxonomy":"category","embeddable":true,"href":"https:\/\/agenciainfra.com\/blog\/wp-json\/wp\/v2\/categories?post=27200"},{"taxonomy":"post_tag","embeddable":true,"href":"https:\/\/agenciainfra.com\/blog\/wp-json\/wp\/v2\/tags?post=27200"}],"curies":[{"name":"wp","href":"https:\/\/api.w.org\/{rel}","templated":true}]}}