{"id":27217,"date":"2025-09-04T13:07:29","date_gmt":"2025-09-04T16:07:29","guid":{"rendered":"https:\/\/agenciainfra.com\/blog\/?p=27217"},"modified":"2025-09-05T13:02:12","modified_gmt":"2025-09-05T16:02:12","slug":"governo-desenha-regras-para-uso-de-conta-vinculada-em-ferrovias","status":"publish","type":"post","link":"https:\/\/agenciainfra.com\/blog\/governo-desenha-regras-para-uso-de-conta-vinculada-em-ferrovias\/","title":{"rendered":"Governo desenha regras para uso de conta vinculada em ferrovias"},"content":{"rendered":"\n<p class=\"has-text-align-right\"><strong>Amanda Pupo, da Ag\u00eancia iNFRA<\/strong><\/p>\n\n\n\n<p>O Minist\u00e9rio dos Transportes desenha\u00a0uma estrutura de governan\u00e7a para realiza\u00e7\u00e3o do investimento cruzado em ferrovias a partir de contas vinculadas, mecanismo pelo qual o governo pretende superar o gap de viabilidade em futuras concess\u00f5es ferrovi\u00e1rias. A ideia \u00e9 que regras, em estrutura\u00e7\u00e3o, deem mais seguran\u00e7a e previsibilidade ao investimento cruzado, que vinha sendo feito com obras diretas por concession\u00e1rias de ferrovias. Uma delas estabelece, por exemplo, que os recursos s\u00f3 sejam investidos em bens revers\u00edveis da ferrovia.\u00a0<br><br>O uso de contas vinculadas est\u00e1 em discuss\u00e3o no TCU (Tribunal de Contas da Uni\u00e3o) dentro do processo de repactua\u00e7\u00e3o do contrato da Malha Sudeste, operada pela MRS, uma vez que parte do dinheiro gerado pelo acordo iria para uma conta da concess\u00e3o. Com o instrumento, os recursos seriam ent\u00e3o transferidos diretamente pela MRS para outra empresa que arrematar a ferrovia a ser viabilizada com esse montante, numa opera\u00e7\u00e3o gerida e fiscalizada pela ANTT (Ag\u00eancia Nacional de Transportes Terrestres).\u00a0<br><br>\u00c9 essa mec\u00e2nica or\u00e7ament\u00e1ria que gera diverg\u00eancias dentro da corte de contas e amea\u00e7a o acordo fechado com a MRS no \u00e2mbito da SecexConsenso do TCU, ainda em abril, quando ficou definido que a concession\u00e1ria desembolsaria cerca de R$ 2,8 bilh\u00f5es pela repactua\u00e7\u00e3o do contrato renovado em 2022.\u00a0<br><br>Este acordo foi pautado para ser julgado pelo plen\u00e1rio do tribunal nesta quarta-feira (3), mas no in\u00edcio da semana foi retirado de pauta e agora a estimativa \u00e9 de que ele seja julgado no pr\u00f3ximo dia 17, com expectativa de que a AudFiscal (Unidade de Auditoria Especializada em Or\u00e7amento, Tributa\u00e7\u00e3o e Gest\u00e3o Fiscal) do TCU possa ser ouvida at\u00e9 l\u00e1. O relator \u00e9 o ministro Jorge Oliveira.\u00a0<br><br>O Minist\u00e9rio dos Transportes tem feito um esfor\u00e7o dentro da corte de contas para convencer os ministros de que o mecanismo das contas vinculadas \u00e9 mais eficiente e mais transparente que a forma de investimento cruzado que vinha sendo feita at\u00e9 agora, com a empresa fazendo uma obra direta.\u00a0<br><br>Previsto em lei, o investimento cruzado permitiu que o governo inclu\u00edsse nos contratos ferrovi\u00e1rios da Vale, por exemplo, a previs\u00e3o de a empresa construir um trecho da Fico (Ferrovia de Integra\u00e7\u00e3o Centro-Oeste), ou seja, um projeto fora do seu contrato de concess\u00e3o, o que foi chancelado pelo TCU em 2020.<br><br>Desde l\u00e1, contudo, o governo come\u00e7ou a perceber dificuldades nessas execu\u00e7\u00f5es. Na recente tentativa de acordo para a repactua\u00e7\u00e3o dos contratos da\u00a0Vale, a empresa indicou que n\u00e3o queria fazer parte do projeto da Fico, alegando problemas com um aspecto do licenciamento ambiental do projeto.\u00a0<br><br><strong>Governan\u00e7a<\/strong><br>Sob o crivo do TCU, as contas vinculadas seriam uma nova forma de execu\u00e7\u00e3o\u00a0do investimento cruzado sem colocar uma empresa para construir uma ferrovia que n\u00e3o est\u00e1 no seu objeto de concess\u00e3o. Mas a engenharia or\u00e7ament\u00e1ria desse tipo de conta, que j\u00e1 apareceu\u00a0em outros projetos de concess\u00e3o, \u00e9 um tema que h\u00e1 algum tempo gera debates no tribunal, acompanhado, por exemplo, num processo relatado pelo ministro Benjamin Zymler e solicitado pelo ministro Walton Alencar.\u00a0\u00a0<br><br>Diante do debate que se acirrou com o caso da MRS, o Minist\u00e9rio dos Transportes produziu uma nota t\u00e9cnica enviada h\u00e1 poucos dias ao TCU com uma s\u00e9rie de argumentos em favor da sistem\u00e1tica ante o modelo antigo de execu\u00e7\u00e3o direta do investimento cruzado, segundo a\u00a0<strong>Ag\u00eancia iNFRA\u00a0<\/strong>apurou.\u00a0A\u00a0pasta argumenta que o modelo de conta vinculada promove mais efici\u00eancia na aplica\u00e7\u00e3o dos recursos por produzir um maior alinhamento de incentivos.<br><br>O minist\u00e9rio avalia, por exemplo, que o investimento cruzado com aplica\u00e7\u00e3o de recursos gera transpar\u00eancia ao processo porque a obra que receber\u00e1 o capital \u00e9 inclu\u00edda dentro do futuro contrato de concess\u00e3o que ser\u00e1 licitado, e que passar\u00e1, portanto, por um processo concorrencial. Dentro do arcabou\u00e7o de governan\u00e7a desenhado, por exemplo, os futuros projetos ferrovi\u00e1rios dever\u00e3o prever que o crit\u00e9rio de leil\u00e3o ser\u00e1 de maior lance de outorga, com compensa\u00e7\u00e3o do valor a ser transferido para a concession\u00e1ria. Assim, ganha o certame quem exigir a menor transfer\u00eancia dos recursos do investimento cruzado.<br><br>Al\u00e9m disso, outras tr\u00eas regras v\u00e3o basear o uso desse dinheiro nas novas ferrovias. A primeira delas vincula os recursos a investimentos apenas em bens revers\u00edveis da ferrovia. Com isso, a ideia \u00e9 garantir que os aportes sejam revertidos em ativos que permanecer\u00e3o sob titularidade da Uni\u00e3o. A segunda regra veda que o aporte seja superior ao fluxo de caixa descontado negativo (VPL negativo) do projeto, buscando impedir que o investimento cruzado proporcione ganhos econ\u00f4micos excessivos ou subs\u00eddio de custeio injustificado para quem assumir a ferrovia.\u00a0<br><br>A terceira norma pro\u00edbe\u00a0que os recursos previstos superem o pr\u00f3prio capex da implanta\u00e7\u00e3o em bens revers\u00edveis. O plano\u00a0\u00e9 evitar financiamento de gastos de custeio, situa\u00e7\u00e3o em que a receita da concess\u00e3o n\u00e3o seria suficiente para cobrir as despesas operacionais da ferrovia.\u00a0<br><br><strong>Incentivos desalinhados<\/strong><br>A pasta tamb\u00e9m tem argumentado ao TCU que a reda\u00e7\u00e3o da lei que prev\u00ea o investimento cruzado n\u00e3o condiciona que ele seja feito apenas de uma forma, como pela\u00a0execu\u00e7\u00e3o direta de obras pela concession\u00e1ria. Com o modelo sugerido, h\u00e1 uma expectativa de que haja mais alinhamento de interesse entre o que quer o poder p\u00fablico e a futura concession\u00e1ria, j\u00e1 que quem vai executar a obra \u00e9 a empresa que tamb\u00e9m vai operar a ferrovia, o que a incentiva a entregar o empreendimento mais r\u00e1pido e com mais qualidade.\u00a0<br><br>No modelo de execu\u00e7\u00e3o direta, n\u00e3o h\u00e1 processo competitivo para o empreendimento. Al\u00e9m disso, o minist\u00e9rio tem chamado aten\u00e7\u00e3o para o fato de que as concession\u00e1rias que ficaram com a responsabilidade de construir ferrovias fora de seu objeto de concess\u00e3o n\u00e3o s\u00e3o construtoras, e portanto n\u00e3o teriam o core business necess\u00e1rio. Entraves em quest\u00f5es como de licenciamento e reequil\u00edbrios contratuais s\u00e3o outros pontos levantados pelo governo como desvantagens da execu\u00e7\u00e3o direta.\u00a0<br><br><strong>Acordo da MRS<\/strong><br>O processo de repactua\u00e7\u00e3o da MRS \u00e9 emblem\u00e1tico porque \u00e9 a partir dele que o TCU deve estabelecer balizas sobre as novas formas de fazer investimento cruzado. Embora a repactua\u00e7\u00e3o da Malha Paulista j\u00e1 tenha passado pelo tribunal, \u00e0 \u00e9poca, o instrumento das contas vinculadas ainda n\u00e3o havia sido oficialmente discutido no processo. Recentemente, a ANTT aprovou a previs\u00e3o de\u00a0uma conta para a Rumo depositar parte do \u201cadicional de vantajosidade\u201d acordado na repactua\u00e7\u00e3o, que soma R$ 670 milh\u00f5es. Quitada antes dessa delibera\u00e7\u00e3o, a primeira parcela foi direto para o OGU (Or\u00e7amento-Geral da Uni\u00e3o).<br><br>Pela MRS, \u00e9 esperado que o montante do adicional de vantajosidade\u00a0seja maior. No acordo, segundo apurou a\u00a0<strong>Ag\u00eancia iNFRA<\/strong>, foi definida uma lista de projetos que poder\u00e3o receber os recursos do investimento cruzado gerado pelo novo contrato. Ap\u00f3s a conclus\u00e3o das tratativas na SecexConsenso, por sua vez, o MPTCU (Minist\u00e9rio P\u00fablico junto ao Tribunal de Contas da Uni\u00e3o) se manifestou contr\u00e1rio ao acordo. Agora caber\u00e1 ao plen\u00e1rio dar a palavra final.<\/p>\n","protected":false},"excerpt":{"rendered":"<p>Amanda Pupo, da Ag\u00eancia iNFRA O Minist\u00e9rio dos Transportes desenha\u00a0uma estrutura de governan\u00e7a para realiza\u00e7\u00e3o do investimento cruzado em ferrovias a partir de contas vinculadas, mecanismo pelo qual o governo pretende superar o gap de viabilidade em futuras concess\u00f5es ferrovi\u00e1rias. A ideia \u00e9 que regras, em estrutura\u00e7\u00e3o, deem mais seguran\u00e7a e previsibilidade ao investimento cruzado, [&hellip;]<\/p>\n","protected":false},"author":1,"featured_media":5797,"comment_status":"closed","ping_status":"closed","sticky":false,"template":"","format":"standard","meta":{"_monsterinsights_skip_tracking":false,"_monsterinsights_sitenote_active":false,"_monsterinsights_sitenote_note":"","_monsterinsights_sitenote_category":0,"footnotes":""},"categories":[1,7],"tags":[13354,15181,120,2370,6286,81,7218],"class_list":["post-27217","post","type-post","status-publish","format-standard","has-post-thumbnail","hentry","category-geral","category-infratransporte","tag-amanda-pupo","tag-conta-vinculada","tag-ferrovias","tag-investimento-cruzado","tag-malha-sudeste","tag-mrs","tag-secexconsenso"],"yoast_head":"<!-- This site is optimized with the Yoast SEO Premium plugin v25.4 (Yoast SEO v26.0) - https:\/\/yoast.com\/wordpress\/plugins\/seo\/ -->\n<title>Governo desenha regras para uso de conta vinculada em ferrovias - Ag\u00eancia iNFRA<\/title>\n<meta name=\"robots\" content=\"index, follow, max-snippet:-1, max-image-preview:large, max-video-preview:-1\" \/>\n<link rel=\"canonical\" href=\"https:\/\/agenciainfra.com\/blog\/governo-desenha-regras-para-uso-de-conta-vinculada-em-ferrovias\/\" \/>\n<meta property=\"og:locale\" content=\"pt_BR\" \/>\n<meta property=\"og:type\" content=\"article\" \/>\n<meta property=\"og:title\" content=\"Governo desenha regras para uso de conta vinculada em ferrovias\" \/>\n<meta property=\"og:description\" content=\"Amanda Pupo, da Ag\u00eancia iNFRA O Minist\u00e9rio dos Transportes desenha\u00a0uma estrutura de governan\u00e7a para realiza\u00e7\u00e3o do investimento cruzado em ferrovias a partir de contas vinculadas, mecanismo pelo qual o governo pretende superar o gap de viabilidade em futuras concess\u00f5es ferrovi\u00e1rias. A ideia \u00e9 que regras, em estrutura\u00e7\u00e3o, deem mais seguran\u00e7a e previsibilidade ao investimento cruzado, [&hellip;]\" \/>\n<meta property=\"og:url\" content=\"https:\/\/agenciainfra.com\/blog\/governo-desenha-regras-para-uso-de-conta-vinculada-em-ferrovias\/\" \/>\n<meta property=\"og:site_name\" content=\"Ag\u00eancia iNFRA\" \/>\n<meta property=\"article:publisher\" content=\"https:\/\/www.facebook.com\/ageninfra\" \/>\n<meta property=\"article:published_time\" content=\"2025-09-04T16:07:29+00:00\" \/>\n<meta property=\"article:modified_time\" content=\"2025-09-05T16:02:12+00:00\" \/>\n<meta property=\"og:image\" content=\"https:\/\/agenciainfra.com\/blog\/wp-content\/uploads\/2020\/09\/trilho-ferroviario-foto-dominio-publico.jpg\" \/>\n\t<meta property=\"og:image:width\" content=\"1280\" \/>\n\t<meta property=\"og:image:height\" content=\"853\" \/>\n\t<meta property=\"og:image:type\" content=\"image\/jpeg\" \/>\n<meta name=\"author\" content=\"Ag\u00eancia iNFRA\" \/>\n<meta name=\"twitter:card\" content=\"summary_large_image\" \/>\n<meta name=\"twitter:creator\" content=\"@agencia_infra\" \/>\n<meta name=\"twitter:site\" content=\"@agencia_infra\" \/>\n<meta name=\"twitter:label1\" content=\"Escrito por\" \/>\n\t<meta name=\"twitter:data1\" content=\"Ag\u00eancia iNFRA\" \/>\n\t<meta name=\"twitter:label2\" content=\"Est. tempo de leitura\" \/>\n\t<meta name=\"twitter:data2\" content=\"6 minutos\" \/>\n<script type=\"application\/ld+json\" class=\"yoast-schema-graph\">{\"@context\":\"https:\/\/schema.org\",\"@graph\":[{\"@type\":\"Article\",\"@id\":\"https:\/\/agenciainfra.com\/blog\/governo-desenha-regras-para-uso-de-conta-vinculada-em-ferrovias\/#article\",\"isPartOf\":{\"@id\":\"https:\/\/agenciainfra.com\/blog\/governo-desenha-regras-para-uso-de-conta-vinculada-em-ferrovias\/\"},\"author\":{\"name\":\"Ag\u00eancia iNFRA\",\"@id\":\"https:\/\/agenciainfra.com\/blog\/#\/schema\/person\/34af08dff6adea4cb22b06612ba7acfa\"},\"headline\":\"Governo desenha regras para uso de conta vinculada em ferrovias\",\"datePublished\":\"2025-09-04T16:07:29+00:00\",\"dateModified\":\"2025-09-05T16:02:12+00:00\",\"mainEntityOfPage\":{\"@id\":\"https:\/\/agenciainfra.com\/blog\/governo-desenha-regras-para-uso-de-conta-vinculada-em-ferrovias\/\"},\"wordCount\":1242,\"publisher\":{\"@id\":\"https:\/\/agenciainfra.com\/blog\/#organization\"},\"image\":{\"@id\":\"https:\/\/agenciainfra.com\/blog\/governo-desenha-regras-para-uso-de-conta-vinculada-em-ferrovias\/#primaryimage\"},\"thumbnailUrl\":\"https:\/\/agenciainfra.com\/blog\/wp-content\/uploads\/2020\/09\/trilho-ferroviario-foto-dominio-publico.jpg\",\"keywords\":[\"Amanda Pupo\",\"conta vinculada\",\"Ferrovias\",\"investimento cruzado\",\"Malha Sudeste\",\"MRS\",\"SecexConsenso\"],\"articleSection\":[\"Geral\",\"iNFRATransporte\"],\"inLanguage\":\"pt-BR\",\"copyrightYear\":\"2025\",\"copyrightHolder\":{\"@id\":\"https:\/\/agenciainfra.com\/blog\/#organization\"}},{\"@type\":\"WebPage\",\"@id\":\"https:\/\/agenciainfra.com\/blog\/governo-desenha-regras-para-uso-de-conta-vinculada-em-ferrovias\/\",\"url\":\"https:\/\/agenciainfra.com\/blog\/governo-desenha-regras-para-uso-de-conta-vinculada-em-ferrovias\/\",\"name\":\"Governo desenha regras para uso de conta vinculada em ferrovias - Ag\u00eancia iNFRA\",\"isPartOf\":{\"@id\":\"https:\/\/agenciainfra.com\/blog\/#website\"},\"primaryImageOfPage\":{\"@id\":\"https:\/\/agenciainfra.com\/blog\/governo-desenha-regras-para-uso-de-conta-vinculada-em-ferrovias\/#primaryimage\"},\"image\":{\"@id\":\"https:\/\/agenciainfra.com\/blog\/governo-desenha-regras-para-uso-de-conta-vinculada-em-ferrovias\/#primaryimage\"},\"thumbnailUrl\":\"https:\/\/agenciainfra.com\/blog\/wp-content\/uploads\/2020\/09\/trilho-ferroviario-foto-dominio-publico.jpg\",\"datePublished\":\"2025-09-04T16:07:29+00:00\",\"dateModified\":\"2025-09-05T16:02:12+00:00\",\"breadcrumb\":{\"@id\":\"https:\/\/agenciainfra.com\/blog\/governo-desenha-regras-para-uso-de-conta-vinculada-em-ferrovias\/#breadcrumb\"},\"inLanguage\":\"pt-BR\",\"potentialAction\":[{\"@type\":\"ReadAction\",\"target\":[\"https:\/\/agenciainfra.com\/blog\/governo-desenha-regras-para-uso-de-conta-vinculada-em-ferrovias\/\"]}]},{\"@type\":\"ImageObject\",\"inLanguage\":\"pt-BR\",\"@id\":\"https:\/\/agenciainfra.com\/blog\/governo-desenha-regras-para-uso-de-conta-vinculada-em-ferrovias\/#primaryimage\",\"url\":\"https:\/\/agenciainfra.com\/blog\/wp-content\/uploads\/2020\/09\/trilho-ferroviario-foto-dominio-publico.jpg\",\"contentUrl\":\"https:\/\/agenciainfra.com\/blog\/wp-content\/uploads\/2020\/09\/trilho-ferroviario-foto-dominio-publico.jpg\",\"width\":1280,\"height\":853,\"caption\":\"Foto: Dom\u00ednio p\u00fablico\"},{\"@type\":\"BreadcrumbList\",\"@id\":\"https:\/\/agenciainfra.com\/blog\/governo-desenha-regras-para-uso-de-conta-vinculada-em-ferrovias\/#breadcrumb\",\"itemListElement\":[{\"@type\":\"ListItem\",\"position\":1,\"name\":\"In\u00edcio\",\"item\":\"https:\/\/agenciainfra.com\/blog\/\"},{\"@type\":\"ListItem\",\"position\":2,\"name\":\"Governo desenha regras para uso de conta vinculada em ferrovias\"}]},{\"@type\":\"WebSite\",\"@id\":\"https:\/\/agenciainfra.com\/blog\/#website\",\"url\":\"https:\/\/agenciainfra.com\/blog\/\",\"name\":\"Ag\u00eancia iNFRA\",\"description\":\"Multiplataforma de informa\u00e7\u00e3o jornal\u00edstica refer\u00eancia na \u00e1rea de infraestrutura no Brasil!\",\"publisher\":{\"@id\":\"https:\/\/agenciainfra.com\/blog\/#organization\"},\"potentialAction\":[{\"@type\":\"SearchAction\",\"target\":{\"@type\":\"EntryPoint\",\"urlTemplate\":\"https:\/\/agenciainfra.com\/blog\/?s={search_term_string}\"},\"query-input\":{\"@type\":\"PropertyValueSpecification\",\"valueRequired\":true,\"valueName\":\"search_term_string\"}}],\"inLanguage\":\"pt-BR\"},{\"@type\":\"Organization\",\"@id\":\"https:\/\/agenciainfra.com\/blog\/#organization\",\"name\":\"Ag\u00eancia iNFRA\",\"url\":\"https:\/\/agenciainfra.com\/blog\/\",\"logo\":{\"@type\":\"ImageObject\",\"inLanguage\":\"pt-BR\",\"@id\":\"https:\/\/agenciainfra.com\/blog\/#\/schema\/logo\/image\/\",\"url\":\"https:\/\/agenciainfra.com\/blog\/wp-content\/uploads\/2023\/09\/iNFRA_5-e1761735885940.png\",\"contentUrl\":\"https:\/\/agenciainfra.com\/blog\/wp-content\/uploads\/2023\/09\/iNFRA_5-e1761735885940.png\",\"width\":1672,\"height\":454,\"caption\":\"Ag\u00eancia iNFRA\"},\"image\":{\"@id\":\"https:\/\/agenciainfra.com\/blog\/#\/schema\/logo\/image\/\"},\"sameAs\":[\"https:\/\/www.facebook.com\/ageninfra\",\"https:\/\/x.com\/agencia_infra\",\"https:\/\/www.linkedin.com\/company\/ag\u00eanciainfra\/\",\"https:\/\/www.instagram.com\/agenciainfra\/\"]},{\"@type\":\"Person\",\"@id\":\"https:\/\/agenciainfra.com\/blog\/#\/schema\/person\/34af08dff6adea4cb22b06612ba7acfa\",\"name\":\"Ag\u00eancia iNFRA\",\"image\":{\"@type\":\"ImageObject\",\"inLanguage\":\"pt-BR\",\"@id\":\"https:\/\/agenciainfra.com\/blog\/#\/schema\/person\/image\/\",\"url\":\"https:\/\/secure.gravatar.com\/avatar\/d189e01678f06d8eb84d4e01f08eb848b3fffe3f8443818d3c356c66892f5be8?s=96&d=mm&r=g\",\"contentUrl\":\"https:\/\/secure.gravatar.com\/avatar\/d189e01678f06d8eb84d4e01f08eb848b3fffe3f8443818d3c356c66892f5be8?s=96&d=mm&r=g\",\"caption\":\"Ag\u00eancia iNFRA\"},\"url\":\"https:\/\/agenciainfra.com\/blog\/author\/admin\/\"}]}<\/script>\n<!-- \/ Yoast SEO Premium plugin. -->","yoast_head_json":{"title":"Governo desenha regras para uso de conta vinculada em ferrovias - Ag\u00eancia iNFRA","robots":{"index":"index","follow":"follow","max-snippet":"max-snippet:-1","max-image-preview":"max-image-preview:large","max-video-preview":"max-video-preview:-1"},"canonical":"https:\/\/agenciainfra.com\/blog\/governo-desenha-regras-para-uso-de-conta-vinculada-em-ferrovias\/","og_locale":"pt_BR","og_type":"article","og_title":"Governo desenha regras para uso de conta vinculada em ferrovias","og_description":"Amanda Pupo, da Ag\u00eancia iNFRA O Minist\u00e9rio dos Transportes desenha\u00a0uma estrutura de governan\u00e7a para realiza\u00e7\u00e3o do investimento cruzado em ferrovias a partir de contas vinculadas, mecanismo pelo qual o governo pretende superar o gap de viabilidade em futuras concess\u00f5es ferrovi\u00e1rias. A ideia \u00e9 que regras, em estrutura\u00e7\u00e3o, deem mais seguran\u00e7a e previsibilidade ao investimento cruzado, [&hellip;]","og_url":"https:\/\/agenciainfra.com\/blog\/governo-desenha-regras-para-uso-de-conta-vinculada-em-ferrovias\/","og_site_name":"Ag\u00eancia iNFRA","article_publisher":"https:\/\/www.facebook.com\/ageninfra","article_published_time":"2025-09-04T16:07:29+00:00","article_modified_time":"2025-09-05T16:02:12+00:00","og_image":[{"width":1280,"height":853,"url":"https:\/\/agenciainfra.com\/blog\/wp-content\/uploads\/2020\/09\/trilho-ferroviario-foto-dominio-publico.jpg","type":"image\/jpeg"}],"author":"Ag\u00eancia iNFRA","twitter_card":"summary_large_image","twitter_creator":"@agencia_infra","twitter_site":"@agencia_infra","twitter_misc":{"Escrito por":"Ag\u00eancia iNFRA","Est. tempo de leitura":"6 minutos"},"schema":{"@context":"https:\/\/schema.org","@graph":[{"@type":"Article","@id":"https:\/\/agenciainfra.com\/blog\/governo-desenha-regras-para-uso-de-conta-vinculada-em-ferrovias\/#article","isPartOf":{"@id":"https:\/\/agenciainfra.com\/blog\/governo-desenha-regras-para-uso-de-conta-vinculada-em-ferrovias\/"},"author":{"name":"Ag\u00eancia iNFRA","@id":"https:\/\/agenciainfra.com\/blog\/#\/schema\/person\/34af08dff6adea4cb22b06612ba7acfa"},"headline":"Governo desenha regras para uso de conta vinculada em ferrovias","datePublished":"2025-09-04T16:07:29+00:00","dateModified":"2025-09-05T16:02:12+00:00","mainEntityOfPage":{"@id":"https:\/\/agenciainfra.com\/blog\/governo-desenha-regras-para-uso-de-conta-vinculada-em-ferrovias\/"},"wordCount":1242,"publisher":{"@id":"https:\/\/agenciainfra.com\/blog\/#organization"},"image":{"@id":"https:\/\/agenciainfra.com\/blog\/governo-desenha-regras-para-uso-de-conta-vinculada-em-ferrovias\/#primaryimage"},"thumbnailUrl":"https:\/\/agenciainfra.com\/blog\/wp-content\/uploads\/2020\/09\/trilho-ferroviario-foto-dominio-publico.jpg","keywords":["Amanda Pupo","conta vinculada","Ferrovias","investimento cruzado","Malha Sudeste","MRS","SecexConsenso"],"articleSection":["Geral","iNFRATransporte"],"inLanguage":"pt-BR","copyrightYear":"2025","copyrightHolder":{"@id":"https:\/\/agenciainfra.com\/blog\/#organization"}},{"@type":"WebPage","@id":"https:\/\/agenciainfra.com\/blog\/governo-desenha-regras-para-uso-de-conta-vinculada-em-ferrovias\/","url":"https:\/\/agenciainfra.com\/blog\/governo-desenha-regras-para-uso-de-conta-vinculada-em-ferrovias\/","name":"Governo desenha regras para uso de conta vinculada em ferrovias - Ag\u00eancia iNFRA","isPartOf":{"@id":"https:\/\/agenciainfra.com\/blog\/#website"},"primaryImageOfPage":{"@id":"https:\/\/agenciainfra.com\/blog\/governo-desenha-regras-para-uso-de-conta-vinculada-em-ferrovias\/#primaryimage"},"image":{"@id":"https:\/\/agenciainfra.com\/blog\/governo-desenha-regras-para-uso-de-conta-vinculada-em-ferrovias\/#primaryimage"},"thumbnailUrl":"https:\/\/agenciainfra.com\/blog\/wp-content\/uploads\/2020\/09\/trilho-ferroviario-foto-dominio-publico.jpg","datePublished":"2025-09-04T16:07:29+00:00","dateModified":"2025-09-05T16:02:12+00:00","breadcrumb":{"@id":"https:\/\/agenciainfra.com\/blog\/governo-desenha-regras-para-uso-de-conta-vinculada-em-ferrovias\/#breadcrumb"},"inLanguage":"pt-BR","potentialAction":[{"@type":"ReadAction","target":["https:\/\/agenciainfra.com\/blog\/governo-desenha-regras-para-uso-de-conta-vinculada-em-ferrovias\/"]}]},{"@type":"ImageObject","inLanguage":"pt-BR","@id":"https:\/\/agenciainfra.com\/blog\/governo-desenha-regras-para-uso-de-conta-vinculada-em-ferrovias\/#primaryimage","url":"https:\/\/agenciainfra.com\/blog\/wp-content\/uploads\/2020\/09\/trilho-ferroviario-foto-dominio-publico.jpg","contentUrl":"https:\/\/agenciainfra.com\/blog\/wp-content\/uploads\/2020\/09\/trilho-ferroviario-foto-dominio-publico.jpg","width":1280,"height":853,"caption":"Foto: Dom\u00ednio p\u00fablico"},{"@type":"BreadcrumbList","@id":"https:\/\/agenciainfra.com\/blog\/governo-desenha-regras-para-uso-de-conta-vinculada-em-ferrovias\/#breadcrumb","itemListElement":[{"@type":"ListItem","position":1,"name":"In\u00edcio","item":"https:\/\/agenciainfra.com\/blog\/"},{"@type":"ListItem","position":2,"name":"Governo desenha regras para uso de conta vinculada em ferrovias"}]},{"@type":"WebSite","@id":"https:\/\/agenciainfra.com\/blog\/#website","url":"https:\/\/agenciainfra.com\/blog\/","name":"Ag\u00eancia iNFRA","description":"Multiplataforma de informa\u00e7\u00e3o jornal\u00edstica refer\u00eancia na \u00e1rea de infraestrutura no Brasil!","publisher":{"@id":"https:\/\/agenciainfra.com\/blog\/#organization"},"potentialAction":[{"@type":"SearchAction","target":{"@type":"EntryPoint","urlTemplate":"https:\/\/agenciainfra.com\/blog\/?s={search_term_string}"},"query-input":{"@type":"PropertyValueSpecification","valueRequired":true,"valueName":"search_term_string"}}],"inLanguage":"pt-BR"},{"@type":"Organization","@id":"https:\/\/agenciainfra.com\/blog\/#organization","name":"Ag\u00eancia iNFRA","url":"https:\/\/agenciainfra.com\/blog\/","logo":{"@type":"ImageObject","inLanguage":"pt-BR","@id":"https:\/\/agenciainfra.com\/blog\/#\/schema\/logo\/image\/","url":"https:\/\/agenciainfra.com\/blog\/wp-content\/uploads\/2023\/09\/iNFRA_5-e1761735885940.png","contentUrl":"https:\/\/agenciainfra.com\/blog\/wp-content\/uploads\/2023\/09\/iNFRA_5-e1761735885940.png","width":1672,"height":454,"caption":"Ag\u00eancia iNFRA"},"image":{"@id":"https:\/\/agenciainfra.com\/blog\/#\/schema\/logo\/image\/"},"sameAs":["https:\/\/www.facebook.com\/ageninfra","https:\/\/x.com\/agencia_infra","https:\/\/www.linkedin.com\/company\/ag\u00eanciainfra\/","https:\/\/www.instagram.com\/agenciainfra\/"]},{"@type":"Person","@id":"https:\/\/agenciainfra.com\/blog\/#\/schema\/person\/34af08dff6adea4cb22b06612ba7acfa","name":"Ag\u00eancia iNFRA","image":{"@type":"ImageObject","inLanguage":"pt-BR","@id":"https:\/\/agenciainfra.com\/blog\/#\/schema\/person\/image\/","url":"https:\/\/secure.gravatar.com\/avatar\/d189e01678f06d8eb84d4e01f08eb848b3fffe3f8443818d3c356c66892f5be8?s=96&d=mm&r=g","contentUrl":"https:\/\/secure.gravatar.com\/avatar\/d189e01678f06d8eb84d4e01f08eb848b3fffe3f8443818d3c356c66892f5be8?s=96&d=mm&r=g","caption":"Ag\u00eancia iNFRA"},"url":"https:\/\/agenciainfra.com\/blog\/author\/admin\/"}]}},"_links":{"self":[{"href":"https:\/\/agenciainfra.com\/blog\/wp-json\/wp\/v2\/posts\/27217","targetHints":{"allow":["GET"]}}],"collection":[{"href":"https:\/\/agenciainfra.com\/blog\/wp-json\/wp\/v2\/posts"}],"about":[{"href":"https:\/\/agenciainfra.com\/blog\/wp-json\/wp\/v2\/types\/post"}],"author":[{"embeddable":true,"href":"https:\/\/agenciainfra.com\/blog\/wp-json\/wp\/v2\/users\/1"}],"replies":[{"embeddable":true,"href":"https:\/\/agenciainfra.com\/blog\/wp-json\/wp\/v2\/comments?post=27217"}],"version-history":[{"count":2,"href":"https:\/\/agenciainfra.com\/blog\/wp-json\/wp\/v2\/posts\/27217\/revisions"}],"predecessor-version":[{"id":27220,"href":"https:\/\/agenciainfra.com\/blog\/wp-json\/wp\/v2\/posts\/27217\/revisions\/27220"}],"wp:featuredmedia":[{"embeddable":true,"href":"https:\/\/agenciainfra.com\/blog\/wp-json\/wp\/v2\/media\/5797"}],"wp:attachment":[{"href":"https:\/\/agenciainfra.com\/blog\/wp-json\/wp\/v2\/media?parent=27217"}],"wp:term":[{"taxonomy":"category","embeddable":true,"href":"https:\/\/agenciainfra.com\/blog\/wp-json\/wp\/v2\/categories?post=27217"},{"taxonomy":"post_tag","embeddable":true,"href":"https:\/\/agenciainfra.com\/blog\/wp-json\/wp\/v2\/tags?post=27217"}],"curies":[{"name":"wp","href":"https:\/\/api.w.org\/{rel}","templated":true}]}}