{"id":27237,"date":"2025-09-04T18:41:40","date_gmt":"2025-09-04T21:41:40","guid":{"rendered":"https:\/\/agenciainfra.com\/blog\/?p=27237"},"modified":"2025-09-05T14:47:23","modified_gmt":"2025-09-05T17:47:23","slug":"tunel-santos-guaruja-bruno-dantas-do-tcu-nega-pedido-para-suspender-leilao","status":"publish","type":"post","link":"https:\/\/agenciainfra.com\/blog\/tunel-santos-guaruja-bruno-dantas-do-tcu-nega-pedido-para-suspender-leilao\/","title":{"rendered":"T\u00fanel Santos-Guaruj\u00e1: Bruno Dantas, do TCU, nega pedido para suspender leil\u00e3o"},"content":{"rendered":"\n<p class=\"has-text-align-right\"><strong>da Ag\u00eancia iNFRA<\/strong><\/p>\n\n\n\n<p>O ministro Bruno Dantas, do TCU (Tribunal de Contas da Uni\u00e3o), negou nesta quinta-feira (4) o pedido do subprocurador-geral do MPTCU (Minist\u00e9rio P\u00fablico junto ao Tribunal de Contas da Uni\u00e3o), Lucas Furtado, de suspender o leil\u00e3o do t\u00fanel Santos-Guaruj\u00e1, que ser\u00e1 realizado na sexta-feira (5), na B3, em S\u00e3o Paulo. A representa\u00e7\u00e3o de Furtado tinha como base uma not\u00edcia jornal\u00edstica segundo a qual empresas brasileiras teriam desistido de participar do certame devido a restri\u00e7\u00f5es para futuro financiamento do empreendimento junto ao BNDES (Banco Nacional de Desenvolvimento Econ\u00f4mico e Social).<\/p>\n\n\n\n<p>Dantas indicou n\u00e3o haver evid\u00eancias suficientes de conduta inapropriada do BNDES (Banco Nacional de Desenvolvimento Econ\u00f4mico e Social) em rela\u00e7\u00e3o \u00e0 restri\u00e7\u00e3o de financiamentos ou garantias \u00e0s empresas potencialmente interessadas no certame, quest\u00e3o que baseou a representa\u00e7\u00e3o de Furtado.<\/p>\n\n\n\n<p>Em linha com a posi\u00e7\u00e3o da AudPortoFerrovia (Unidade de Auditoria Especializada em Infraestrutura Portu\u00e1ria e Ferrovi\u00e1ria), o ministro tamb\u00e9m destacou que a responsabilidade pela modelagem e pelo edital \u00e9 do estado de S\u00e3o Paulo e, at\u00e9 o momento, n\u00e3o foram efetivados aportes de recursos federais no empreendimento, o que, quando ocorrer, atrairia a \u201cjurisdi\u00e7\u00e3o plena\u201d do tribunal sobre o caso.<\/p>\n\n\n\n<p>\u201cDesse modo, para al\u00e9m da aus\u00eancia dos requisitos para a concess\u00e3o da medida cautelar, conforme destacado pela unidade instrutora, a impossibilidade de sua ado\u00e7\u00e3o encontra \u00f3bice em fundamento jur\u00eddico antecedente: a aus\u00eancia de jurisdi\u00e7\u00e3o deste Tribunal para exercer controle sobre atos administrativos praticados por ente estadual, neste momento do projeto, visto que ainda n\u00e3o houve o repasse de recursos federais\u201d, explicou.<\/p>\n\n\n\n<p>Dantas ainda lembrou que h\u00e1 um acompanhamento espec\u00edfico instaurado pelo TCU para fiscalizar a atua\u00e7\u00e3o da Uni\u00e3o no t\u00fanel. Assim, determinou \u00e0 AudPortoFerrovia para que, neste processo, avalie eventual atua\u00e7\u00e3o direta ou indireta do BNDES com rela\u00e7\u00e3o a financiamentos e garantias \u00e0 empresa declarada vencedora no certame.<\/p>\n\n\n\n<p>&#8220;Registro que esta decis\u00e3o n\u00e3o interfere no regular processamento do leil\u00e3o da PPP do t\u00fanel Santos-Guaruj\u00e1, cuja sess\u00e3o p\u00fablica de abertura dos envelopes est\u00e1 prevista para 5 de setembro de 2025\u201d, afirmou o ministro. Segundo Dantas, em sua an\u00e1lise, a AudPortoFerrovia ressaltou tamb\u00e9m que as quest\u00f5es relativas \u00e0 obten\u00e7\u00e3o de financiamento s\u00e3o, por sua natureza, alheias ao procedimento de licita\u00e7\u00e3o.&nbsp;<br><br>\u201cA capacidade e interesse de obter cr\u00e9dito, bem como os custos do capital, constituem risco inerente ao neg\u00f3cio e integram a estrat\u00e9gia particular de cada licitante, sujeita \u00e0 din\u00e2mica de mercado. N\u00e3o \u00e9, em si, irregularidade do edital, pois esse n\u00e3o imp\u00f5e qualquer condi\u00e7\u00e3o vinculada a empr\u00e9stimos do BNDES\u201d, mencionou o ministro sobre a avalia\u00e7\u00e3o da \u00e1rea t\u00e9cnica, que pontuou tamb\u00e9m n\u00e3o haver obriga\u00e7\u00e3o legal de o BNDES garantir financiamento p\u00fablico a todos os interessados no ativo.&nbsp;<br><br>Dantas, por sua vez, determinou o acompanhamento da \u00e1rea t\u00e9cnica sobre a quest\u00e3o do financiamento porque, em sua vis\u00e3o, seria prudente aprofundar o exame sobre a potencial atua\u00e7\u00e3o do banco de fomento no projeto do t\u00fanel, ainda que independente da licita\u00e7\u00e3o.<\/p>\n\n\n\n<p><em>*Esta mat\u00e9ria foi atualizada em 5 de setembro para complementa\u00e7\u00e3o com mais informa\u00e7\u00f5es.<\/em><\/p>\n","protected":false},"excerpt":{"rendered":"<p>da Ag\u00eancia iNFRA O ministro Bruno Dantas, do TCU (Tribunal de Contas da Uni\u00e3o), negou nesta quinta-feira (4) o pedido do subprocurador-geral do MPTCU (Minist\u00e9rio P\u00fablico junto ao Tribunal de Contas da Uni\u00e3o), Lucas Furtado, de suspender o leil\u00e3o do t\u00fanel Santos-Guaruj\u00e1, que ser\u00e1 realizado na sexta-feira (5), na B3, em S\u00e3o Paulo. A representa\u00e7\u00e3o [&hellip;]<\/p>\n","protected":false},"author":1,"featured_media":18189,"comment_status":"closed","ping_status":"closed","sticky":false,"template":"","format":"standard","meta":{"_monsterinsights_skip_tracking":false,"_monsterinsights_sitenote_active":false,"_monsterinsights_sitenote_note":"","_monsterinsights_sitenote_category":0,"footnotes":""},"categories":[7250,1,7],"tags":[103,396,254,10738,10556,18,5535],"class_list":["post-27237","post","type-post","status-publish","format-standard","has-post-thumbnail","hentry","category-destaque-lista","category-geral","category-infratransporte","tag-bndes","tag-bruno-dantas","tag-leilao","tag-lucas-furtado","tag-mptcu","tag-tcu","tag-tunel-santos-guaruja"],"yoast_head":"<!-- This site is optimized with the Yoast SEO Premium plugin v25.4 (Yoast SEO v26.0) - https:\/\/yoast.com\/wordpress\/plugins\/seo\/ -->\n<title>T\u00fanel Santos-Guaruj\u00e1: Bruno Dantas, do TCU, nega pedido para suspender leil\u00e3o - Ag\u00eancia iNFRA<\/title>\n<meta name=\"robots\" content=\"index, follow, max-snippet:-1, max-image-preview:large, max-video-preview:-1\" \/>\n<link rel=\"canonical\" href=\"https:\/\/agenciainfra.com\/blog\/tunel-santos-guaruja-bruno-dantas-do-tcu-nega-pedido-para-suspender-leilao\/\" \/>\n<meta property=\"og:locale\" content=\"pt_BR\" \/>\n<meta property=\"og:type\" content=\"article\" \/>\n<meta property=\"og:title\" content=\"T\u00fanel Santos-Guaruj\u00e1: Bruno Dantas, do TCU, nega pedido para suspender leil\u00e3o\" \/>\n<meta property=\"og:description\" content=\"da Ag\u00eancia iNFRA O ministro Bruno Dantas, do TCU (Tribunal de Contas da Uni\u00e3o), negou nesta quinta-feira (4) o pedido do subprocurador-geral do MPTCU (Minist\u00e9rio P\u00fablico junto ao Tribunal de Contas da Uni\u00e3o), Lucas Furtado, de suspender o leil\u00e3o do t\u00fanel Santos-Guaruj\u00e1, que ser\u00e1 realizado na sexta-feira (5), na B3, em S\u00e3o Paulo. A representa\u00e7\u00e3o [&hellip;]\" \/>\n<meta property=\"og:url\" content=\"https:\/\/agenciainfra.com\/blog\/tunel-santos-guaruja-bruno-dantas-do-tcu-nega-pedido-para-suspender-leilao\/\" \/>\n<meta property=\"og:site_name\" content=\"Ag\u00eancia iNFRA\" \/>\n<meta property=\"article:publisher\" content=\"https:\/\/www.facebook.com\/ageninfra\" \/>\n<meta property=\"article:published_time\" content=\"2025-09-04T21:41:40+00:00\" \/>\n<meta property=\"article:modified_time\" content=\"2025-09-05T17:47:23+00:00\" \/>\n<meta property=\"og:image\" content=\"https:\/\/agenciainfra.com\/blog\/wp-content\/uploads\/2024\/08\/minstro-bruno-dantas-foto-tcu-flickr-3.jpg\" \/>\n\t<meta property=\"og:image:width\" content=\"1202\" \/>\n\t<meta property=\"og:image:height\" content=\"801\" \/>\n\t<meta property=\"og:image:type\" content=\"image\/jpeg\" \/>\n<meta name=\"author\" content=\"Ag\u00eancia iNFRA\" \/>\n<meta name=\"twitter:card\" content=\"summary_large_image\" \/>\n<meta name=\"twitter:creator\" content=\"@agencia_infra\" \/>\n<meta name=\"twitter:site\" content=\"@agencia_infra\" \/>\n<meta name=\"twitter:label1\" content=\"Escrito por\" \/>\n\t<meta name=\"twitter:data1\" content=\"Ag\u00eancia iNFRA\" \/>\n\t<meta name=\"twitter:label2\" content=\"Est. tempo de leitura\" \/>\n\t<meta name=\"twitter:data2\" content=\"3 minutos\" \/>\n<script type=\"application\/ld+json\" class=\"yoast-schema-graph\">{\"@context\":\"https:\/\/schema.org\",\"@graph\":[{\"@type\":\"Article\",\"@id\":\"https:\/\/agenciainfra.com\/blog\/tunel-santos-guaruja-bruno-dantas-do-tcu-nega-pedido-para-suspender-leilao\/#article\",\"isPartOf\":{\"@id\":\"https:\/\/agenciainfra.com\/blog\/tunel-santos-guaruja-bruno-dantas-do-tcu-nega-pedido-para-suspender-leilao\/\"},\"author\":{\"name\":\"Ag\u00eancia iNFRA\",\"@id\":\"https:\/\/agenciainfra.com\/blog\/#\/schema\/person\/34af08dff6adea4cb22b06612ba7acfa\"},\"headline\":\"T\u00fanel Santos-Guaruj\u00e1: Bruno Dantas, do TCU, nega pedido para suspender leil\u00e3o\",\"datePublished\":\"2025-09-04T21:41:40+00:00\",\"dateModified\":\"2025-09-05T17:47:23+00:00\",\"mainEntityOfPage\":{\"@id\":\"https:\/\/agenciainfra.com\/blog\/tunel-santos-guaruja-bruno-dantas-do-tcu-nega-pedido-para-suspender-leilao\/\"},\"wordCount\":570,\"publisher\":{\"@id\":\"https:\/\/agenciainfra.com\/blog\/#organization\"},\"image\":{\"@id\":\"https:\/\/agenciainfra.com\/blog\/tunel-santos-guaruja-bruno-dantas-do-tcu-nega-pedido-para-suspender-leilao\/#primaryimage\"},\"thumbnailUrl\":\"https:\/\/agenciainfra.com\/blog\/wp-content\/uploads\/2024\/08\/minstro-bruno-dantas-foto-tcu-flickr-3.jpg\",\"keywords\":[\"BNDES\",\"Bruno Dantas\",\"leil\u00e3o\",\"Lucas Furtado\",\"MPTCU\",\"TCU\",\"t\u00fanel Santos-Guaruj\u00e1\"],\"articleSection\":[\"Destaque lista\",\"Geral\",\"iNFRATransporte\"],\"inLanguage\":\"pt-BR\",\"copyrightYear\":\"2025\",\"copyrightHolder\":{\"@id\":\"https:\/\/agenciainfra.com\/blog\/#organization\"}},{\"@type\":\"WebPage\",\"@id\":\"https:\/\/agenciainfra.com\/blog\/tunel-santos-guaruja-bruno-dantas-do-tcu-nega-pedido-para-suspender-leilao\/\",\"url\":\"https:\/\/agenciainfra.com\/blog\/tunel-santos-guaruja-bruno-dantas-do-tcu-nega-pedido-para-suspender-leilao\/\",\"name\":\"T\u00fanel Santos-Guaruj\u00e1: Bruno Dantas, do TCU, nega pedido para suspender leil\u00e3o - Ag\u00eancia iNFRA\",\"isPartOf\":{\"@id\":\"https:\/\/agenciainfra.com\/blog\/#website\"},\"primaryImageOfPage\":{\"@id\":\"https:\/\/agenciainfra.com\/blog\/tunel-santos-guaruja-bruno-dantas-do-tcu-nega-pedido-para-suspender-leilao\/#primaryimage\"},\"image\":{\"@id\":\"https:\/\/agenciainfra.com\/blog\/tunel-santos-guaruja-bruno-dantas-do-tcu-nega-pedido-para-suspender-leilao\/#primaryimage\"},\"thumbnailUrl\":\"https:\/\/agenciainfra.com\/blog\/wp-content\/uploads\/2024\/08\/minstro-bruno-dantas-foto-tcu-flickr-3.jpg\",\"datePublished\":\"2025-09-04T21:41:40+00:00\",\"dateModified\":\"2025-09-05T17:47:23+00:00\",\"breadcrumb\":{\"@id\":\"https:\/\/agenciainfra.com\/blog\/tunel-santos-guaruja-bruno-dantas-do-tcu-nega-pedido-para-suspender-leilao\/#breadcrumb\"},\"inLanguage\":\"pt-BR\",\"potentialAction\":[{\"@type\":\"ReadAction\",\"target\":[\"https:\/\/agenciainfra.com\/blog\/tunel-santos-guaruja-bruno-dantas-do-tcu-nega-pedido-para-suspender-leilao\/\"]}]},{\"@type\":\"ImageObject\",\"inLanguage\":\"pt-BR\",\"@id\":\"https:\/\/agenciainfra.com\/blog\/tunel-santos-guaruja-bruno-dantas-do-tcu-nega-pedido-para-suspender-leilao\/#primaryimage\",\"url\":\"https:\/\/agenciainfra.com\/blog\/wp-content\/uploads\/2024\/08\/minstro-bruno-dantas-foto-tcu-flickr-3.jpg\",\"contentUrl\":\"https:\/\/agenciainfra.com\/blog\/wp-content\/uploads\/2024\/08\/minstro-bruno-dantas-foto-tcu-flickr-3.jpg\",\"width\":1202,\"height\":801,\"caption\":\"Foto: Divulga\u00e7\u00e3o\/TCU\"},{\"@type\":\"BreadcrumbList\",\"@id\":\"https:\/\/agenciainfra.com\/blog\/tunel-santos-guaruja-bruno-dantas-do-tcu-nega-pedido-para-suspender-leilao\/#breadcrumb\",\"itemListElement\":[{\"@type\":\"ListItem\",\"position\":1,\"name\":\"In\u00edcio\",\"item\":\"https:\/\/agenciainfra.com\/blog\/\"},{\"@type\":\"ListItem\",\"position\":2,\"name\":\"T\u00fanel Santos-Guaruj\u00e1: Bruno Dantas, do TCU, nega pedido para suspender leil\u00e3o\"}]},{\"@type\":\"WebSite\",\"@id\":\"https:\/\/agenciainfra.com\/blog\/#website\",\"url\":\"https:\/\/agenciainfra.com\/blog\/\",\"name\":\"Ag\u00eancia iNFRA\",\"description\":\"Multiplataforma de informa\u00e7\u00e3o jornal\u00edstica refer\u00eancia na \u00e1rea de infraestrutura no Brasil!\",\"publisher\":{\"@id\":\"https:\/\/agenciainfra.com\/blog\/#organization\"},\"potentialAction\":[{\"@type\":\"SearchAction\",\"target\":{\"@type\":\"EntryPoint\",\"urlTemplate\":\"https:\/\/agenciainfra.com\/blog\/?s={search_term_string}\"},\"query-input\":{\"@type\":\"PropertyValueSpecification\",\"valueRequired\":true,\"valueName\":\"search_term_string\"}}],\"inLanguage\":\"pt-BR\"},{\"@type\":\"Organization\",\"@id\":\"https:\/\/agenciainfra.com\/blog\/#organization\",\"name\":\"Ag\u00eancia iNFRA\",\"url\":\"https:\/\/agenciainfra.com\/blog\/\",\"logo\":{\"@type\":\"ImageObject\",\"inLanguage\":\"pt-BR\",\"@id\":\"https:\/\/agenciainfra.com\/blog\/#\/schema\/logo\/image\/\",\"url\":\"https:\/\/agenciainfra.com\/blog\/wp-content\/uploads\/2023\/09\/iNFRA_5-e1761735885940.png\",\"contentUrl\":\"https:\/\/agenciainfra.com\/blog\/wp-content\/uploads\/2023\/09\/iNFRA_5-e1761735885940.png\",\"width\":1672,\"height\":454,\"caption\":\"Ag\u00eancia iNFRA\"},\"image\":{\"@id\":\"https:\/\/agenciainfra.com\/blog\/#\/schema\/logo\/image\/\"},\"sameAs\":[\"https:\/\/www.facebook.com\/ageninfra\",\"https:\/\/x.com\/agencia_infra\",\"https:\/\/www.linkedin.com\/company\/ag\u00eanciainfra\/\",\"https:\/\/www.instagram.com\/agenciainfra\/\"]},{\"@type\":\"Person\",\"@id\":\"https:\/\/agenciainfra.com\/blog\/#\/schema\/person\/34af08dff6adea4cb22b06612ba7acfa\",\"name\":\"Ag\u00eancia iNFRA\",\"image\":{\"@type\":\"ImageObject\",\"inLanguage\":\"pt-BR\",\"@id\":\"https:\/\/agenciainfra.com\/blog\/#\/schema\/person\/image\/\",\"url\":\"https:\/\/secure.gravatar.com\/avatar\/d189e01678f06d8eb84d4e01f08eb848b3fffe3f8443818d3c356c66892f5be8?s=96&d=mm&r=g\",\"contentUrl\":\"https:\/\/secure.gravatar.com\/avatar\/d189e01678f06d8eb84d4e01f08eb848b3fffe3f8443818d3c356c66892f5be8?s=96&d=mm&r=g\",\"caption\":\"Ag\u00eancia iNFRA\"},\"url\":\"https:\/\/agenciainfra.com\/blog\/author\/admin\/\"}]}<\/script>\n<!-- \/ Yoast SEO Premium plugin. -->","yoast_head_json":{"title":"T\u00fanel Santos-Guaruj\u00e1: Bruno Dantas, do TCU, nega pedido para suspender leil\u00e3o - Ag\u00eancia iNFRA","robots":{"index":"index","follow":"follow","max-snippet":"max-snippet:-1","max-image-preview":"max-image-preview:large","max-video-preview":"max-video-preview:-1"},"canonical":"https:\/\/agenciainfra.com\/blog\/tunel-santos-guaruja-bruno-dantas-do-tcu-nega-pedido-para-suspender-leilao\/","og_locale":"pt_BR","og_type":"article","og_title":"T\u00fanel Santos-Guaruj\u00e1: Bruno Dantas, do TCU, nega pedido para suspender leil\u00e3o","og_description":"da Ag\u00eancia iNFRA O ministro Bruno Dantas, do TCU (Tribunal de Contas da Uni\u00e3o), negou nesta quinta-feira (4) o pedido do subprocurador-geral do MPTCU (Minist\u00e9rio P\u00fablico junto ao Tribunal de Contas da Uni\u00e3o), Lucas Furtado, de suspender o leil\u00e3o do t\u00fanel Santos-Guaruj\u00e1, que ser\u00e1 realizado na sexta-feira (5), na B3, em S\u00e3o Paulo. A representa\u00e7\u00e3o [&hellip;]","og_url":"https:\/\/agenciainfra.com\/blog\/tunel-santos-guaruja-bruno-dantas-do-tcu-nega-pedido-para-suspender-leilao\/","og_site_name":"Ag\u00eancia iNFRA","article_publisher":"https:\/\/www.facebook.com\/ageninfra","article_published_time":"2025-09-04T21:41:40+00:00","article_modified_time":"2025-09-05T17:47:23+00:00","og_image":[{"width":1202,"height":801,"url":"https:\/\/agenciainfra.com\/blog\/wp-content\/uploads\/2024\/08\/minstro-bruno-dantas-foto-tcu-flickr-3.jpg","type":"image\/jpeg"}],"author":"Ag\u00eancia iNFRA","twitter_card":"summary_large_image","twitter_creator":"@agencia_infra","twitter_site":"@agencia_infra","twitter_misc":{"Escrito por":"Ag\u00eancia iNFRA","Est. tempo de leitura":"3 minutos"},"schema":{"@context":"https:\/\/schema.org","@graph":[{"@type":"Article","@id":"https:\/\/agenciainfra.com\/blog\/tunel-santos-guaruja-bruno-dantas-do-tcu-nega-pedido-para-suspender-leilao\/#article","isPartOf":{"@id":"https:\/\/agenciainfra.com\/blog\/tunel-santos-guaruja-bruno-dantas-do-tcu-nega-pedido-para-suspender-leilao\/"},"author":{"name":"Ag\u00eancia iNFRA","@id":"https:\/\/agenciainfra.com\/blog\/#\/schema\/person\/34af08dff6adea4cb22b06612ba7acfa"},"headline":"T\u00fanel Santos-Guaruj\u00e1: Bruno Dantas, do TCU, nega pedido para suspender leil\u00e3o","datePublished":"2025-09-04T21:41:40+00:00","dateModified":"2025-09-05T17:47:23+00:00","mainEntityOfPage":{"@id":"https:\/\/agenciainfra.com\/blog\/tunel-santos-guaruja-bruno-dantas-do-tcu-nega-pedido-para-suspender-leilao\/"},"wordCount":570,"publisher":{"@id":"https:\/\/agenciainfra.com\/blog\/#organization"},"image":{"@id":"https:\/\/agenciainfra.com\/blog\/tunel-santos-guaruja-bruno-dantas-do-tcu-nega-pedido-para-suspender-leilao\/#primaryimage"},"thumbnailUrl":"https:\/\/agenciainfra.com\/blog\/wp-content\/uploads\/2024\/08\/minstro-bruno-dantas-foto-tcu-flickr-3.jpg","keywords":["BNDES","Bruno Dantas","leil\u00e3o","Lucas Furtado","MPTCU","TCU","t\u00fanel Santos-Guaruj\u00e1"],"articleSection":["Destaque lista","Geral","iNFRATransporte"],"inLanguage":"pt-BR","copyrightYear":"2025","copyrightHolder":{"@id":"https:\/\/agenciainfra.com\/blog\/#organization"}},{"@type":"WebPage","@id":"https:\/\/agenciainfra.com\/blog\/tunel-santos-guaruja-bruno-dantas-do-tcu-nega-pedido-para-suspender-leilao\/","url":"https:\/\/agenciainfra.com\/blog\/tunel-santos-guaruja-bruno-dantas-do-tcu-nega-pedido-para-suspender-leilao\/","name":"T\u00fanel Santos-Guaruj\u00e1: Bruno Dantas, do TCU, nega pedido para suspender leil\u00e3o - Ag\u00eancia iNFRA","isPartOf":{"@id":"https:\/\/agenciainfra.com\/blog\/#website"},"primaryImageOfPage":{"@id":"https:\/\/agenciainfra.com\/blog\/tunel-santos-guaruja-bruno-dantas-do-tcu-nega-pedido-para-suspender-leilao\/#primaryimage"},"image":{"@id":"https:\/\/agenciainfra.com\/blog\/tunel-santos-guaruja-bruno-dantas-do-tcu-nega-pedido-para-suspender-leilao\/#primaryimage"},"thumbnailUrl":"https:\/\/agenciainfra.com\/blog\/wp-content\/uploads\/2024\/08\/minstro-bruno-dantas-foto-tcu-flickr-3.jpg","datePublished":"2025-09-04T21:41:40+00:00","dateModified":"2025-09-05T17:47:23+00:00","breadcrumb":{"@id":"https:\/\/agenciainfra.com\/blog\/tunel-santos-guaruja-bruno-dantas-do-tcu-nega-pedido-para-suspender-leilao\/#breadcrumb"},"inLanguage":"pt-BR","potentialAction":[{"@type":"ReadAction","target":["https:\/\/agenciainfra.com\/blog\/tunel-santos-guaruja-bruno-dantas-do-tcu-nega-pedido-para-suspender-leilao\/"]}]},{"@type":"ImageObject","inLanguage":"pt-BR","@id":"https:\/\/agenciainfra.com\/blog\/tunel-santos-guaruja-bruno-dantas-do-tcu-nega-pedido-para-suspender-leilao\/#primaryimage","url":"https:\/\/agenciainfra.com\/blog\/wp-content\/uploads\/2024\/08\/minstro-bruno-dantas-foto-tcu-flickr-3.jpg","contentUrl":"https:\/\/agenciainfra.com\/blog\/wp-content\/uploads\/2024\/08\/minstro-bruno-dantas-foto-tcu-flickr-3.jpg","width":1202,"height":801,"caption":"Foto: Divulga\u00e7\u00e3o\/TCU"},{"@type":"BreadcrumbList","@id":"https:\/\/agenciainfra.com\/blog\/tunel-santos-guaruja-bruno-dantas-do-tcu-nega-pedido-para-suspender-leilao\/#breadcrumb","itemListElement":[{"@type":"ListItem","position":1,"name":"In\u00edcio","item":"https:\/\/agenciainfra.com\/blog\/"},{"@type":"ListItem","position":2,"name":"T\u00fanel Santos-Guaruj\u00e1: Bruno Dantas, do TCU, nega pedido para suspender leil\u00e3o"}]},{"@type":"WebSite","@id":"https:\/\/agenciainfra.com\/blog\/#website","url":"https:\/\/agenciainfra.com\/blog\/","name":"Ag\u00eancia iNFRA","description":"Multiplataforma de informa\u00e7\u00e3o jornal\u00edstica refer\u00eancia na \u00e1rea de infraestrutura no Brasil!","publisher":{"@id":"https:\/\/agenciainfra.com\/blog\/#organization"},"potentialAction":[{"@type":"SearchAction","target":{"@type":"EntryPoint","urlTemplate":"https:\/\/agenciainfra.com\/blog\/?s={search_term_string}"},"query-input":{"@type":"PropertyValueSpecification","valueRequired":true,"valueName":"search_term_string"}}],"inLanguage":"pt-BR"},{"@type":"Organization","@id":"https:\/\/agenciainfra.com\/blog\/#organization","name":"Ag\u00eancia iNFRA","url":"https:\/\/agenciainfra.com\/blog\/","logo":{"@type":"ImageObject","inLanguage":"pt-BR","@id":"https:\/\/agenciainfra.com\/blog\/#\/schema\/logo\/image\/","url":"https:\/\/agenciainfra.com\/blog\/wp-content\/uploads\/2023\/09\/iNFRA_5-e1761735885940.png","contentUrl":"https:\/\/agenciainfra.com\/blog\/wp-content\/uploads\/2023\/09\/iNFRA_5-e1761735885940.png","width":1672,"height":454,"caption":"Ag\u00eancia iNFRA"},"image":{"@id":"https:\/\/agenciainfra.com\/blog\/#\/schema\/logo\/image\/"},"sameAs":["https:\/\/www.facebook.com\/ageninfra","https:\/\/x.com\/agencia_infra","https:\/\/www.linkedin.com\/company\/ag\u00eanciainfra\/","https:\/\/www.instagram.com\/agenciainfra\/"]},{"@type":"Person","@id":"https:\/\/agenciainfra.com\/blog\/#\/schema\/person\/34af08dff6adea4cb22b06612ba7acfa","name":"Ag\u00eancia iNFRA","image":{"@type":"ImageObject","inLanguage":"pt-BR","@id":"https:\/\/agenciainfra.com\/blog\/#\/schema\/person\/image\/","url":"https:\/\/secure.gravatar.com\/avatar\/d189e01678f06d8eb84d4e01f08eb848b3fffe3f8443818d3c356c66892f5be8?s=96&d=mm&r=g","contentUrl":"https:\/\/secure.gravatar.com\/avatar\/d189e01678f06d8eb84d4e01f08eb848b3fffe3f8443818d3c356c66892f5be8?s=96&d=mm&r=g","caption":"Ag\u00eancia iNFRA"},"url":"https:\/\/agenciainfra.com\/blog\/author\/admin\/"}]}},"_links":{"self":[{"href":"https:\/\/agenciainfra.com\/blog\/wp-json\/wp\/v2\/posts\/27237","targetHints":{"allow":["GET"]}}],"collection":[{"href":"https:\/\/agenciainfra.com\/blog\/wp-json\/wp\/v2\/posts"}],"about":[{"href":"https:\/\/agenciainfra.com\/blog\/wp-json\/wp\/v2\/types\/post"}],"author":[{"embeddable":true,"href":"https:\/\/agenciainfra.com\/blog\/wp-json\/wp\/v2\/users\/1"}],"replies":[{"embeddable":true,"href":"https:\/\/agenciainfra.com\/blog\/wp-json\/wp\/v2\/comments?post=27237"}],"version-history":[{"count":2,"href":"https:\/\/agenciainfra.com\/blog\/wp-json\/wp\/v2\/posts\/27237\/revisions"}],"predecessor-version":[{"id":27256,"href":"https:\/\/agenciainfra.com\/blog\/wp-json\/wp\/v2\/posts\/27237\/revisions\/27256"}],"wp:featuredmedia":[{"embeddable":true,"href":"https:\/\/agenciainfra.com\/blog\/wp-json\/wp\/v2\/media\/18189"}],"wp:attachment":[{"href":"https:\/\/agenciainfra.com\/blog\/wp-json\/wp\/v2\/media?parent=27237"}],"wp:term":[{"taxonomy":"category","embeddable":true,"href":"https:\/\/agenciainfra.com\/blog\/wp-json\/wp\/v2\/categories?post=27237"},{"taxonomy":"post_tag","embeddable":true,"href":"https:\/\/agenciainfra.com\/blog\/wp-json\/wp\/v2\/tags?post=27237"}],"curies":[{"name":"wp","href":"https:\/\/api.w.org\/{rel}","templated":true}]}}