{"id":27251,"date":"2025-09-05T08:00:00","date_gmt":"2025-09-05T11:00:00","guid":{"rendered":"https:\/\/agenciainfra.com\/blog\/?p=27251"},"modified":"2025-09-05T11:20:45","modified_gmt":"2025-09-05T14:20:45","slug":"aneel-aprova-acordo-de-venda-da-amazonas-energia-para-a-ambar-do-jf","status":"publish","type":"post","link":"https:\/\/agenciainfra.com\/blog\/aneel-aprova-acordo-de-venda-da-amazonas-energia-para-a-ambar-do-jf\/","title":{"rendered":"ANEEL aprova acordo de venda da Amazonas Energia para a \u00c2mbar, do J&amp;F"},"content":{"rendered":"\n<p class=\"has-text-align-right\"><strong>Marisa Wanzeller, Geraldo Campos Jr. e Lais Carregosa, da Ag\u00eancia iNFRA<\/strong><\/p>\n\n\n\n<p>A ANEEL (Ag\u00eancia Nacional de Energia El\u00e9trica) aprovou nesta quinta-feira (4) os termos do acordo com a \u00c2mbar Energia, do grupo J&amp;F \u2013 dos irm\u00e3os Wesley e Joesley Batista \u2013 para a compra da Amazonas Energia, disseram fontes \u00e0\u00a0<strong>Ag\u00eancia iNFRA<\/strong>.<br><br>A nova diretoria da ag\u00eancia decidiu, em reuni\u00e3o administrativa, dar o aval para que a \u00c2mbar assuma a distribuidora com flexibiliza\u00e7\u00f5es regulat\u00f3rias por mais 14 anos, n\u00e3o mais por 15 anos, como proposto anteriormente.\u00a0<br><br>Esse per\u00edodo ser\u00e1 dividido em tr\u00eas ciclos tarif\u00e1rios: o primeiro, com 100% de flexibiliza\u00e7\u00e3o; o segundo, com as flexibiliza\u00e7\u00f5es divididas com os consumidores; e o terceiro, sendo a empresa obrigada a cumprir uma trajet\u00f3ria a ser definida. O custo total repassado aos consumidores depender\u00e1 do desempenho da distribuidora.\u00a0<br><br>O processo de compra da Amazonas pela \u00c2mbar teve in\u00edcio em 2024, com a edi\u00e7\u00e3o da Medida Provis\u00f3ria 1.232, mas a transfer\u00eancia do controle da empresa n\u00e3o foi validada pela ANEEL na vig\u00eancia da MP, que caducou em 11 de outubro do ano passado.\u00a0<br><br>Agora, os documentos ser\u00e3o enviados \u00e0 AGU (Advocacia Geral da Uni\u00e3o), que tratar\u00e1 do acordo no \u00e2mbito judicial.\u00a0<br><br><strong>Negocia\u00e7\u00f5es<\/strong><br>Os termos aprovados pela ANEEL foram poss\u00edveis ap\u00f3s ajustes na proposta anterior da \u00c2mbar, apresentada em abril, disseram fontes.\u00a0<br><br>O modelo das flexibiliza\u00e7\u00f5es vinha sendo um entrave para a conclus\u00e3o da transfer\u00eancia da Amazonas. O valor de ressarcimento ao qual a empresa tem direito \u00e9 custeado pela CCC (Conta de Consumo de Combust\u00edveis), um encargo pago por todos os consumidores do pa\u00eds na conta de luz por meio da CDE (Conta de Desenvolvimento Energ\u00e9tico).<br><br>Anteriormente, durante a vig\u00eancia da MP 1.232, a \u00c2mbar havia proposto R$ 14 bilh\u00f5es em flexibiliza\u00e7\u00f5es, enquanto a \u00e1rea t\u00e9cnica da ANEEL defendia R$ 8 bilh\u00f5es, com metas mais ousadas de indicadores para a empresa.\u00a0<br><br>No novo modelo encontrado, enquanto a empresa manteria nos primeiros anos as flexibiliza\u00e7\u00f5es atuais, no segundo ciclo tarif\u00e1rio haveria um compartilhamento com os consumidores dos ganhos nos indicadores, como redu\u00e7\u00e3o de perdas n\u00e3o t\u00e9cnicas e de inadimpl\u00eancia, numa esp\u00e9cie de cashback na tarifa como incentivo. J\u00e1 no terceiro ciclo, a empresa passaria a ter que perseguir uma trajet\u00f3ria de metas regulat\u00f3rias.<br><br><strong>Transfer\u00eancia<\/strong><br>Em meio a busca de solu\u00e7\u00f5es para efetivar a transfer\u00eancia da Amazonas Energia para a \u00c2mbar, o prazo foi prorrogado quatro vezes pela ju\u00edza Jaiza Fraxe, da 1\u00aa Vara C\u00edvel da SJAM (Se\u00e7\u00e3o Judici\u00e1ria do Amazonas), que atuou no processo judicial. A \u00faltima das prorroga\u00e7\u00f5es aconteceu em julho, quando ficou decidido que o prazo seria encerrado apenas ap\u00f3s a conclus\u00e3o do acordo com a ANEEL.<br><br>A transfer\u00eancia da distribuidora foi permitida pela MP 1.232, publicada em junho de 2024, vista como melhor alternativa frente \u00e0 possibilidade de interven\u00e7\u00e3o na empresa. Em novembro de 2023, a ANEEL recomendou ao MME (Minist\u00e9rio de Minas e Energia) a caducidade da concess\u00e3o, ap\u00f3s uma tentativa frustrada de venda da distribuidora para a Green Energy, empresa desconhecida no setor e que seria financiada pelo fundo israelense Lux.\u00a0<br><br>A recomenda\u00e7\u00e3o ocorreu ap\u00f3s a reguladora constatar que, mesmo ap\u00f3s o processo de desestatiza\u00e7\u00e3o da companhia, com o Grupo Oliveira \u00e0 frente, a distribuidora n\u00e3o alcan\u00e7ou \u201cn\u00edveis sustent\u00e1veis do ponto de vista econ\u00f4mico-financeiro&#8221;.\u00a0<\/p>\n","protected":false},"excerpt":{"rendered":"<p>Marisa Wanzeller, Geraldo Campos Jr. e Lais Carregosa, da Ag\u00eancia iNFRA A ANEEL (Ag\u00eancia Nacional de Energia El\u00e9trica) aprovou nesta quinta-feira (4) os termos do acordo com a \u00c2mbar Energia, do grupo J&amp;F \u2013 dos irm\u00e3os Wesley e Joesley Batista \u2013 para a compra da Amazonas Energia, disseram fontes \u00e0\u00a0Ag\u00eancia iNFRA. A nova diretoria da [&hellip;]<\/p>\n","protected":false},"author":1,"featured_media":27252,"comment_status":"closed","ping_status":"closed","sticky":false,"template":"","format":"standard","meta":{"_monsterinsights_skip_tracking":false,"_monsterinsights_sitenote_active":false,"_monsterinsights_sitenote_note":"","_monsterinsights_sitenote_category":0,"footnotes":""},"categories":[7250,1],"tags":[144,5481,53,11594,5482,12221,11970,13132,7366,11502],"class_list":["post-27251","post","type-post","status-publish","format-standard","has-post-thumbnail","hentry","category-destaque-lista","category-geral","tag-amazonas-energia","tag-ambar-energia","tag-aneel","tag-geraldo-campos-jr","tag-jf","tag-jaiza-fraxe","tag-joesley-e-wesley-batista","tag-lais-carregosa","tag-marisa-wanzeller","tag-mp-1-232"],"yoast_head":"<!-- This site is optimized with the Yoast SEO Premium plugin v25.4 (Yoast SEO v26.0) - https:\/\/yoast.com\/wordpress\/plugins\/seo\/ -->\n<title>ANEEL aprova acordo de venda da Amazonas Energia para a \u00c2mbar, do J&amp;F - Ag\u00eancia iNFRA<\/title>\n<meta name=\"robots\" content=\"index, follow, max-snippet:-1, max-image-preview:large, max-video-preview:-1\" \/>\n<link rel=\"canonical\" href=\"https:\/\/agenciainfra.com\/blog\/aneel-aprova-acordo-de-venda-da-amazonas-energia-para-a-ambar-do-jf\/\" \/>\n<meta property=\"og:locale\" content=\"pt_BR\" \/>\n<meta property=\"og:type\" content=\"article\" \/>\n<meta property=\"og:title\" content=\"ANEEL aprova acordo de venda da Amazonas Energia para a \u00c2mbar, do J&amp;F\" \/>\n<meta property=\"og:description\" content=\"Marisa Wanzeller, Geraldo Campos Jr. e Lais Carregosa, da Ag\u00eancia iNFRA A ANEEL (Ag\u00eancia Nacional de Energia El\u00e9trica) aprovou nesta quinta-feira (4) os termos do acordo com a \u00c2mbar Energia, do grupo J&amp;F \u2013 dos irm\u00e3os Wesley e Joesley Batista \u2013 para a compra da Amazonas Energia, disseram fontes \u00e0\u00a0Ag\u00eancia iNFRA. A nova diretoria da [&hellip;]\" \/>\n<meta property=\"og:url\" content=\"https:\/\/agenciainfra.com\/blog\/aneel-aprova-acordo-de-venda-da-amazonas-energia-para-a-ambar-do-jf\/\" \/>\n<meta property=\"og:site_name\" content=\"Ag\u00eancia iNFRA\" \/>\n<meta property=\"article:publisher\" content=\"https:\/\/www.facebook.com\/ageninfra\" \/>\n<meta property=\"article:published_time\" content=\"2025-09-05T11:00:00+00:00\" \/>\n<meta property=\"article:modified_time\" content=\"2025-09-05T14:20:45+00:00\" \/>\n<meta property=\"og:image\" content=\"https:\/\/agenciainfra.com\/blog\/wp-content\/uploads\/2025\/09\/ambar-energia-foto-grupo-j-f.jpg\" \/>\n\t<meta property=\"og:image:width\" content=\"1280\" \/>\n\t<meta property=\"og:image:height\" content=\"914\" \/>\n\t<meta property=\"og:image:type\" content=\"image\/jpeg\" \/>\n<meta name=\"author\" content=\"Ag\u00eancia iNFRA\" \/>\n<meta name=\"twitter:card\" content=\"summary_large_image\" \/>\n<meta name=\"twitter:creator\" content=\"@agencia_infra\" \/>\n<meta name=\"twitter:site\" content=\"@agencia_infra\" \/>\n<meta name=\"twitter:label1\" content=\"Escrito por\" \/>\n\t<meta name=\"twitter:data1\" content=\"Ag\u00eancia iNFRA\" \/>\n\t<meta name=\"twitter:label2\" content=\"Est. tempo de leitura\" \/>\n\t<meta name=\"twitter:data2\" content=\"3 minutos\" \/>\n<script type=\"application\/ld+json\" class=\"yoast-schema-graph\">{\"@context\":\"https:\/\/schema.org\",\"@graph\":[{\"@type\":\"Article\",\"@id\":\"https:\/\/agenciainfra.com\/blog\/aneel-aprova-acordo-de-venda-da-amazonas-energia-para-a-ambar-do-jf\/#article\",\"isPartOf\":{\"@id\":\"https:\/\/agenciainfra.com\/blog\/aneel-aprova-acordo-de-venda-da-amazonas-energia-para-a-ambar-do-jf\/\"},\"author\":{\"name\":\"Ag\u00eancia iNFRA\",\"@id\":\"https:\/\/agenciainfra.com\/blog\/#\/schema\/person\/34af08dff6adea4cb22b06612ba7acfa\"},\"headline\":\"ANEEL aprova acordo de venda da Amazonas Energia para a \u00c2mbar, do J&amp;F\",\"datePublished\":\"2025-09-05T11:00:00+00:00\",\"dateModified\":\"2025-09-05T14:20:45+00:00\",\"mainEntityOfPage\":{\"@id\":\"https:\/\/agenciainfra.com\/blog\/aneel-aprova-acordo-de-venda-da-amazonas-energia-para-a-ambar-do-jf\/\"},\"wordCount\":600,\"publisher\":{\"@id\":\"https:\/\/agenciainfra.com\/blog\/#organization\"},\"image\":{\"@id\":\"https:\/\/agenciainfra.com\/blog\/aneel-aprova-acordo-de-venda-da-amazonas-energia-para-a-ambar-do-jf\/#primaryimage\"},\"thumbnailUrl\":\"https:\/\/agenciainfra.com\/blog\/wp-content\/uploads\/2025\/09\/ambar-energia-foto-grupo-j-f-e1774620299524.jpg\",\"keywords\":[\"Amazonas Energia\",\"\u00c2mbar Energia\",\"ANEEL\",\"Geraldo Campos Jr.\",\"J&amp;F\",\"Jaiza Fraxe\",\"Joesley e Wesley Batista\",\"Lais Carregosa\",\"Marisa Wanzeller\",\"MP 1.232\"],\"articleSection\":[\"Destaque lista\",\"Geral\"],\"inLanguage\":\"pt-BR\",\"copyrightYear\":\"2025\",\"copyrightHolder\":{\"@id\":\"https:\/\/agenciainfra.com\/blog\/#organization\"}},{\"@type\":\"WebPage\",\"@id\":\"https:\/\/agenciainfra.com\/blog\/aneel-aprova-acordo-de-venda-da-amazonas-energia-para-a-ambar-do-jf\/\",\"url\":\"https:\/\/agenciainfra.com\/blog\/aneel-aprova-acordo-de-venda-da-amazonas-energia-para-a-ambar-do-jf\/\",\"name\":\"ANEEL aprova acordo de venda da Amazonas Energia para a \u00c2mbar, do J&amp;F - Ag\u00eancia iNFRA\",\"isPartOf\":{\"@id\":\"https:\/\/agenciainfra.com\/blog\/#website\"},\"primaryImageOfPage\":{\"@id\":\"https:\/\/agenciainfra.com\/blog\/aneel-aprova-acordo-de-venda-da-amazonas-energia-para-a-ambar-do-jf\/#primaryimage\"},\"image\":{\"@id\":\"https:\/\/agenciainfra.com\/blog\/aneel-aprova-acordo-de-venda-da-amazonas-energia-para-a-ambar-do-jf\/#primaryimage\"},\"thumbnailUrl\":\"https:\/\/agenciainfra.com\/blog\/wp-content\/uploads\/2025\/09\/ambar-energia-foto-grupo-j-f-e1774620299524.jpg\",\"datePublished\":\"2025-09-05T11:00:00+00:00\",\"dateModified\":\"2025-09-05T14:20:45+00:00\",\"breadcrumb\":{\"@id\":\"https:\/\/agenciainfra.com\/blog\/aneel-aprova-acordo-de-venda-da-amazonas-energia-para-a-ambar-do-jf\/#breadcrumb\"},\"inLanguage\":\"pt-BR\",\"potentialAction\":[{\"@type\":\"ReadAction\",\"target\":[\"https:\/\/agenciainfra.com\/blog\/aneel-aprova-acordo-de-venda-da-amazonas-energia-para-a-ambar-do-jf\/\"]}]},{\"@type\":\"ImageObject\",\"inLanguage\":\"pt-BR\",\"@id\":\"https:\/\/agenciainfra.com\/blog\/aneel-aprova-acordo-de-venda-da-amazonas-energia-para-a-ambar-do-jf\/#primaryimage\",\"url\":\"https:\/\/agenciainfra.com\/blog\/wp-content\/uploads\/2025\/09\/ambar-energia-foto-grupo-j-f-e1774620299524.jpg\",\"contentUrl\":\"https:\/\/agenciainfra.com\/blog\/wp-content\/uploads\/2025\/09\/ambar-energia-foto-grupo-j-f-e1774620299524.jpg\",\"width\":1278,\"height\":823,\"caption\":\"Foto: Grupo J&F\"},{\"@type\":\"BreadcrumbList\",\"@id\":\"https:\/\/agenciainfra.com\/blog\/aneel-aprova-acordo-de-venda-da-amazonas-energia-para-a-ambar-do-jf\/#breadcrumb\",\"itemListElement\":[{\"@type\":\"ListItem\",\"position\":1,\"name\":\"In\u00edcio\",\"item\":\"https:\/\/agenciainfra.com\/blog\/\"},{\"@type\":\"ListItem\",\"position\":2,\"name\":\"ANEEL aprova acordo de venda da Amazonas Energia para a \u00c2mbar, do J&amp;F\"}]},{\"@type\":\"WebSite\",\"@id\":\"https:\/\/agenciainfra.com\/blog\/#website\",\"url\":\"https:\/\/agenciainfra.com\/blog\/\",\"name\":\"Ag\u00eancia iNFRA\",\"description\":\"Multiplataforma de informa\u00e7\u00e3o jornal\u00edstica refer\u00eancia na \u00e1rea de infraestrutura no Brasil!\",\"publisher\":{\"@id\":\"https:\/\/agenciainfra.com\/blog\/#organization\"},\"potentialAction\":[{\"@type\":\"SearchAction\",\"target\":{\"@type\":\"EntryPoint\",\"urlTemplate\":\"https:\/\/agenciainfra.com\/blog\/?s={search_term_string}\"},\"query-input\":{\"@type\":\"PropertyValueSpecification\",\"valueRequired\":true,\"valueName\":\"search_term_string\"}}],\"inLanguage\":\"pt-BR\"},{\"@type\":\"Organization\",\"@id\":\"https:\/\/agenciainfra.com\/blog\/#organization\",\"name\":\"Ag\u00eancia iNFRA\",\"url\":\"https:\/\/agenciainfra.com\/blog\/\",\"logo\":{\"@type\":\"ImageObject\",\"inLanguage\":\"pt-BR\",\"@id\":\"https:\/\/agenciainfra.com\/blog\/#\/schema\/logo\/image\/\",\"url\":\"https:\/\/agenciainfra.com\/blog\/wp-content\/uploads\/2023\/09\/iNFRA_5-e1761735885940.png\",\"contentUrl\":\"https:\/\/agenciainfra.com\/blog\/wp-content\/uploads\/2023\/09\/iNFRA_5-e1761735885940.png\",\"width\":1672,\"height\":454,\"caption\":\"Ag\u00eancia iNFRA\"},\"image\":{\"@id\":\"https:\/\/agenciainfra.com\/blog\/#\/schema\/logo\/image\/\"},\"sameAs\":[\"https:\/\/www.facebook.com\/ageninfra\",\"https:\/\/x.com\/agencia_infra\",\"https:\/\/www.linkedin.com\/company\/ag\u00eanciainfra\/\",\"https:\/\/www.instagram.com\/agenciainfra\/\"]},{\"@type\":\"Person\",\"@id\":\"https:\/\/agenciainfra.com\/blog\/#\/schema\/person\/34af08dff6adea4cb22b06612ba7acfa\",\"name\":\"Ag\u00eancia iNFRA\",\"image\":{\"@type\":\"ImageObject\",\"inLanguage\":\"pt-BR\",\"@id\":\"https:\/\/agenciainfra.com\/blog\/#\/schema\/person\/image\/\",\"url\":\"https:\/\/secure.gravatar.com\/avatar\/d189e01678f06d8eb84d4e01f08eb848b3fffe3f8443818d3c356c66892f5be8?s=96&d=mm&r=g\",\"contentUrl\":\"https:\/\/secure.gravatar.com\/avatar\/d189e01678f06d8eb84d4e01f08eb848b3fffe3f8443818d3c356c66892f5be8?s=96&d=mm&r=g\",\"caption\":\"Ag\u00eancia iNFRA\"},\"url\":\"https:\/\/agenciainfra.com\/blog\/author\/admin\/\"}]}<\/script>\n<!-- \/ Yoast SEO Premium plugin. -->","yoast_head_json":{"title":"ANEEL aprova acordo de venda da Amazonas Energia para a \u00c2mbar, do J&amp;F - Ag\u00eancia iNFRA","robots":{"index":"index","follow":"follow","max-snippet":"max-snippet:-1","max-image-preview":"max-image-preview:large","max-video-preview":"max-video-preview:-1"},"canonical":"https:\/\/agenciainfra.com\/blog\/aneel-aprova-acordo-de-venda-da-amazonas-energia-para-a-ambar-do-jf\/","og_locale":"pt_BR","og_type":"article","og_title":"ANEEL aprova acordo de venda da Amazonas Energia para a \u00c2mbar, do J&amp;F","og_description":"Marisa Wanzeller, Geraldo Campos Jr. e Lais Carregosa, da Ag\u00eancia iNFRA A ANEEL (Ag\u00eancia Nacional de Energia El\u00e9trica) aprovou nesta quinta-feira (4) os termos do acordo com a \u00c2mbar Energia, do grupo J&amp;F \u2013 dos irm\u00e3os Wesley e Joesley Batista \u2013 para a compra da Amazonas Energia, disseram fontes \u00e0\u00a0Ag\u00eancia iNFRA. A nova diretoria da [&hellip;]","og_url":"https:\/\/agenciainfra.com\/blog\/aneel-aprova-acordo-de-venda-da-amazonas-energia-para-a-ambar-do-jf\/","og_site_name":"Ag\u00eancia iNFRA","article_publisher":"https:\/\/www.facebook.com\/ageninfra","article_published_time":"2025-09-05T11:00:00+00:00","article_modified_time":"2025-09-05T14:20:45+00:00","og_image":[{"width":1280,"height":914,"url":"https:\/\/agenciainfra.com\/blog\/wp-content\/uploads\/2025\/09\/ambar-energia-foto-grupo-j-f.jpg","type":"image\/jpeg"}],"author":"Ag\u00eancia iNFRA","twitter_card":"summary_large_image","twitter_creator":"@agencia_infra","twitter_site":"@agencia_infra","twitter_misc":{"Escrito por":"Ag\u00eancia iNFRA","Est. tempo de leitura":"3 minutos"},"schema":{"@context":"https:\/\/schema.org","@graph":[{"@type":"Article","@id":"https:\/\/agenciainfra.com\/blog\/aneel-aprova-acordo-de-venda-da-amazonas-energia-para-a-ambar-do-jf\/#article","isPartOf":{"@id":"https:\/\/agenciainfra.com\/blog\/aneel-aprova-acordo-de-venda-da-amazonas-energia-para-a-ambar-do-jf\/"},"author":{"name":"Ag\u00eancia iNFRA","@id":"https:\/\/agenciainfra.com\/blog\/#\/schema\/person\/34af08dff6adea4cb22b06612ba7acfa"},"headline":"ANEEL aprova acordo de venda da Amazonas Energia para a \u00c2mbar, do J&amp;F","datePublished":"2025-09-05T11:00:00+00:00","dateModified":"2025-09-05T14:20:45+00:00","mainEntityOfPage":{"@id":"https:\/\/agenciainfra.com\/blog\/aneel-aprova-acordo-de-venda-da-amazonas-energia-para-a-ambar-do-jf\/"},"wordCount":600,"publisher":{"@id":"https:\/\/agenciainfra.com\/blog\/#organization"},"image":{"@id":"https:\/\/agenciainfra.com\/blog\/aneel-aprova-acordo-de-venda-da-amazonas-energia-para-a-ambar-do-jf\/#primaryimage"},"thumbnailUrl":"https:\/\/agenciainfra.com\/blog\/wp-content\/uploads\/2025\/09\/ambar-energia-foto-grupo-j-f-e1774620299524.jpg","keywords":["Amazonas Energia","\u00c2mbar Energia","ANEEL","Geraldo Campos Jr.","J&amp;F","Jaiza Fraxe","Joesley e Wesley Batista","Lais Carregosa","Marisa Wanzeller","MP 1.232"],"articleSection":["Destaque lista","Geral"],"inLanguage":"pt-BR","copyrightYear":"2025","copyrightHolder":{"@id":"https:\/\/agenciainfra.com\/blog\/#organization"}},{"@type":"WebPage","@id":"https:\/\/agenciainfra.com\/blog\/aneel-aprova-acordo-de-venda-da-amazonas-energia-para-a-ambar-do-jf\/","url":"https:\/\/agenciainfra.com\/blog\/aneel-aprova-acordo-de-venda-da-amazonas-energia-para-a-ambar-do-jf\/","name":"ANEEL aprova acordo de venda da Amazonas Energia para a \u00c2mbar, do J&amp;F - Ag\u00eancia iNFRA","isPartOf":{"@id":"https:\/\/agenciainfra.com\/blog\/#website"},"primaryImageOfPage":{"@id":"https:\/\/agenciainfra.com\/blog\/aneel-aprova-acordo-de-venda-da-amazonas-energia-para-a-ambar-do-jf\/#primaryimage"},"image":{"@id":"https:\/\/agenciainfra.com\/blog\/aneel-aprova-acordo-de-venda-da-amazonas-energia-para-a-ambar-do-jf\/#primaryimage"},"thumbnailUrl":"https:\/\/agenciainfra.com\/blog\/wp-content\/uploads\/2025\/09\/ambar-energia-foto-grupo-j-f-e1774620299524.jpg","datePublished":"2025-09-05T11:00:00+00:00","dateModified":"2025-09-05T14:20:45+00:00","breadcrumb":{"@id":"https:\/\/agenciainfra.com\/blog\/aneel-aprova-acordo-de-venda-da-amazonas-energia-para-a-ambar-do-jf\/#breadcrumb"},"inLanguage":"pt-BR","potentialAction":[{"@type":"ReadAction","target":["https:\/\/agenciainfra.com\/blog\/aneel-aprova-acordo-de-venda-da-amazonas-energia-para-a-ambar-do-jf\/"]}]},{"@type":"ImageObject","inLanguage":"pt-BR","@id":"https:\/\/agenciainfra.com\/blog\/aneel-aprova-acordo-de-venda-da-amazonas-energia-para-a-ambar-do-jf\/#primaryimage","url":"https:\/\/agenciainfra.com\/blog\/wp-content\/uploads\/2025\/09\/ambar-energia-foto-grupo-j-f-e1774620299524.jpg","contentUrl":"https:\/\/agenciainfra.com\/blog\/wp-content\/uploads\/2025\/09\/ambar-energia-foto-grupo-j-f-e1774620299524.jpg","width":1278,"height":823,"caption":"Foto: Grupo J&F"},{"@type":"BreadcrumbList","@id":"https:\/\/agenciainfra.com\/blog\/aneel-aprova-acordo-de-venda-da-amazonas-energia-para-a-ambar-do-jf\/#breadcrumb","itemListElement":[{"@type":"ListItem","position":1,"name":"In\u00edcio","item":"https:\/\/agenciainfra.com\/blog\/"},{"@type":"ListItem","position":2,"name":"ANEEL aprova acordo de venda da Amazonas Energia para a \u00c2mbar, do J&amp;F"}]},{"@type":"WebSite","@id":"https:\/\/agenciainfra.com\/blog\/#website","url":"https:\/\/agenciainfra.com\/blog\/","name":"Ag\u00eancia iNFRA","description":"Multiplataforma de informa\u00e7\u00e3o jornal\u00edstica refer\u00eancia na \u00e1rea de infraestrutura no Brasil!","publisher":{"@id":"https:\/\/agenciainfra.com\/blog\/#organization"},"potentialAction":[{"@type":"SearchAction","target":{"@type":"EntryPoint","urlTemplate":"https:\/\/agenciainfra.com\/blog\/?s={search_term_string}"},"query-input":{"@type":"PropertyValueSpecification","valueRequired":true,"valueName":"search_term_string"}}],"inLanguage":"pt-BR"},{"@type":"Organization","@id":"https:\/\/agenciainfra.com\/blog\/#organization","name":"Ag\u00eancia iNFRA","url":"https:\/\/agenciainfra.com\/blog\/","logo":{"@type":"ImageObject","inLanguage":"pt-BR","@id":"https:\/\/agenciainfra.com\/blog\/#\/schema\/logo\/image\/","url":"https:\/\/agenciainfra.com\/blog\/wp-content\/uploads\/2023\/09\/iNFRA_5-e1761735885940.png","contentUrl":"https:\/\/agenciainfra.com\/blog\/wp-content\/uploads\/2023\/09\/iNFRA_5-e1761735885940.png","width":1672,"height":454,"caption":"Ag\u00eancia iNFRA"},"image":{"@id":"https:\/\/agenciainfra.com\/blog\/#\/schema\/logo\/image\/"},"sameAs":["https:\/\/www.facebook.com\/ageninfra","https:\/\/x.com\/agencia_infra","https:\/\/www.linkedin.com\/company\/ag\u00eanciainfra\/","https:\/\/www.instagram.com\/agenciainfra\/"]},{"@type":"Person","@id":"https:\/\/agenciainfra.com\/blog\/#\/schema\/person\/34af08dff6adea4cb22b06612ba7acfa","name":"Ag\u00eancia iNFRA","image":{"@type":"ImageObject","inLanguage":"pt-BR","@id":"https:\/\/agenciainfra.com\/blog\/#\/schema\/person\/image\/","url":"https:\/\/secure.gravatar.com\/avatar\/d189e01678f06d8eb84d4e01f08eb848b3fffe3f8443818d3c356c66892f5be8?s=96&d=mm&r=g","contentUrl":"https:\/\/secure.gravatar.com\/avatar\/d189e01678f06d8eb84d4e01f08eb848b3fffe3f8443818d3c356c66892f5be8?s=96&d=mm&r=g","caption":"Ag\u00eancia iNFRA"},"url":"https:\/\/agenciainfra.com\/blog\/author\/admin\/"}]}},"_links":{"self":[{"href":"https:\/\/agenciainfra.com\/blog\/wp-json\/wp\/v2\/posts\/27251","targetHints":{"allow":["GET"]}}],"collection":[{"href":"https:\/\/agenciainfra.com\/blog\/wp-json\/wp\/v2\/posts"}],"about":[{"href":"https:\/\/agenciainfra.com\/blog\/wp-json\/wp\/v2\/types\/post"}],"author":[{"embeddable":true,"href":"https:\/\/agenciainfra.com\/blog\/wp-json\/wp\/v2\/users\/1"}],"replies":[{"embeddable":true,"href":"https:\/\/agenciainfra.com\/blog\/wp-json\/wp\/v2\/comments?post=27251"}],"version-history":[{"count":1,"href":"https:\/\/agenciainfra.com\/blog\/wp-json\/wp\/v2\/posts\/27251\/revisions"}],"predecessor-version":[{"id":27253,"href":"https:\/\/agenciainfra.com\/blog\/wp-json\/wp\/v2\/posts\/27251\/revisions\/27253"}],"wp:featuredmedia":[{"embeddable":true,"href":"https:\/\/agenciainfra.com\/blog\/wp-json\/wp\/v2\/media\/27252"}],"wp:attachment":[{"href":"https:\/\/agenciainfra.com\/blog\/wp-json\/wp\/v2\/media?parent=27251"}],"wp:term":[{"taxonomy":"category","embeddable":true,"href":"https:\/\/agenciainfra.com\/blog\/wp-json\/wp\/v2\/categories?post=27251"},{"taxonomy":"post_tag","embeddable":true,"href":"https:\/\/agenciainfra.com\/blog\/wp-json\/wp\/v2\/tags?post=27251"}],"curies":[{"name":"wp","href":"https:\/\/api.w.org\/{rel}","templated":true}]}}