{"id":2726,"date":"2018-12-28T04:00:20","date_gmt":"2018-12-28T07:00:20","guid":{"rendered":"http:\/\/www.agenciainfra.com\/blog\/?p=2726"},"modified":"2018-12-26T22:25:23","modified_gmt":"2018-12-27T01:25:23","slug":"novo-governo-trabalha-para-fundir-antaq-e-antt","status":"publish","type":"post","link":"https:\/\/agenciainfra.com\/blog\/novo-governo-trabalha-para-fundir-antaq-e-antt\/","title":{"rendered":"Novo governo trabalha para fundir ANTAQ e ANTT"},"content":{"rendered":"<div>\n<h5 style=\"text-align: right;\"><strong>Dimmi Amora,\u00a0da Ag\u00eancia iNFRA<\/strong><\/h5>\n<p>O governo do presidente eleito Jair Bolsonaro tem praticamente pronta uma MP (medida provis\u00f3ria) para fundir as ag\u00eancias reguladoras ANTAQ (Ag\u00eancia Nacional de Transportes Aquavi\u00e1rios) e ANTT (Ag\u00eancia Nacional de Transportes Terrestres).<\/p>\n<p>A medida prev\u00ea que seja retirado da nova ag\u00eancia\u00a0a elabora\u00e7\u00e3o das concess\u00f5es do setor, o que seria repassado a outros \u00f3rg\u00e3os do governo, entre eles o BNDES e a EPL (Empresa de Planejamento e Log\u00edstica). Na pr\u00e1tica, eles ficariam respons\u00e1veis pela modelagem e leil\u00e3o das concess\u00f5es de rodovias, ferrovias, portos e hidrovias. A nova ag\u00eancia atuaria na fiscaliza\u00e7\u00e3o desses contratos e tamb\u00e9m na fiscaliza\u00e7\u00e3o das empresas provedoras de servi\u00e7os de transportes de cargas e passageiros, por essas infraestruturas.<\/p>\n<p>Caso a MP venha a ser editada, a inten\u00e7\u00e3o \u00e9 que a nova ag\u00eancia tenha cinco diretores. Os atuais oito nomes que comp\u00f5e a ANTAQ (3) e ANTT (5), seriam substitu\u00eddos. Os mandatos da maioria deles terminariam entre 2019 e 2021. Um novo diretor-geral tamb\u00e9m seria escolhido.<\/p>\n<p>A fus\u00e3o das ag\u00eancias vinha sendo estudada pela equipe de transi\u00e7\u00e3o do ainda candidato Jair Bolsonaro no per\u00edodo eleitoral. Contra as duas ag\u00eancias, pesa a vis\u00e3o de que h\u00e1 forte inger\u00eancia pol\u00edtica na escolha das diretorias e superintend\u00eancias. Al\u00e9m disso, a avalia\u00e7\u00e3o \u00e9 que elas n\u00e3o conseguiram avan\u00e7ar em termos de qualidade e velocidade na modelagem das concess\u00f5es, o que \u00e9 prioridade para o pr\u00f3ximo governo.<\/p>\n<p>A nova ag\u00eancia n\u00e3o incluiria a ANAC (Ag\u00eancia Nacional de Avia\u00e7\u00e3o Civil), tamb\u00e9m vinculada atualmente ao minist\u00e9rio dos Transportes, Portos e Avia\u00e7\u00e3o Civil. Ela permaneceria como respons\u00e1vel pela concess\u00e3o de aeroportos, cuja inten\u00e7\u00e3o j\u00e1 anunciada pelo governo \u00e9 repassar \u00e0 iniciativa privada todos os 44 aeroportos que ainda estar\u00e3o sendo administrados pela Infraero, ap\u00f3s o leil\u00e3o marcado para mar\u00e7o de 2019.<\/p>\n<p>A edi\u00e7\u00e3o da Medida Provis\u00f3ria, contudo, depender\u00e1 de decis\u00e3o do presidente, que no momento tende a faz\u00ea-la. Mas ela \u00e9 considerada de aprova\u00e7\u00e3o complexa pelo parlamento. Empresas e associa\u00e7\u00f5es do setor t\u00eam mostrado preocupa\u00e7\u00e3o com a jun\u00e7\u00e3o dessas ag\u00eancias e parte delas ainda tem forte influ\u00eancia dos parlamentares.<\/p>\n<p>No parlamento, a indica\u00e7\u00e3o de diretores de ag\u00eancias tem sido um dos cargos mais disputados pelos deputados e senadores. No ano passado, em evento promovido pela\u00a0<strong>Ag\u00eancia iNFRA,<\/strong>\u00a0o presidente da C\u00e2mara, Rodrigo Maia (DEM-RJ) disse ter ficado \u201cassustado\u201d com a voracidade com que os deputados pediam para indicar integrantes das ag\u00eancias.<\/p>\n<p>Os \u00f3rg\u00e3os de controle t\u00eam apontado em diversos relat\u00f3rios que h\u00e1 \u201ccaptura\u201d das ag\u00eancias pelos agentes regulados, o que os diretores de ambas refutam veementemente.<\/p>\n<p>Especialistas que trabalham ou j\u00e1 trabalharam nas duas ag\u00eancias opinaram, sob a condi\u00e7\u00e3o de sigilo, sob a perspectiva de jun\u00e7\u00e3o como sendo tecnicamente uma decis\u00e3o que pode trazer bons resultados, se de fato a interfer\u00eancia pol\u00edtica for reduzida na nova ag\u00eancia.<\/p>\n<p>Apontam ainda que n\u00e3o haveria \u00f3bice legal na jun\u00e7\u00e3o das ag\u00eancias via medida provis\u00f3ria, mas acreditam que haver\u00e1 forte resist\u00eancia no parlamento \u00e0 sua aprova\u00e7\u00e3o e que h\u00e1 risco de que ela pode acabar sem apoio para ser votada, principalmente pelo grande n\u00famero de mudan\u00e7as legislativas que o futuro governo tem inten\u00e7\u00e3o de realizar ao iniciar o mandato.<\/p>\n<p>ANTAQ e ANTT nasceram no mesmo ano, em 2001, no governo Fernando Henrique Cardoso. De fato, elas deveriam ser apenas uma ag\u00eancia a cuidar do setor de transportes, como se pretende agora. Uma disputa entre caciques pol\u00edticos do PMDB fez com que o ent\u00e3o presidente fizesse a divis\u00e3o da ag\u00eancia em duas.<\/p>\n<\/div>\n","protected":false},"excerpt":{"rendered":"<p>Dimmi Amora,\u00a0da Ag\u00eancia iNFRA O governo do presidente eleito Jair Bolsonaro tem praticamente pronta uma MP (medida provis\u00f3ria) para fundir as ag\u00eancias reguladoras ANTAQ (Ag\u00eancia Nacional de Transportes Aquavi\u00e1rios) e ANTT (Ag\u00eancia Nacional de Transportes Terrestres). A medida prev\u00ea que seja retirado da nova ag\u00eancia\u00a0a elabora\u00e7\u00e3o das concess\u00f5es do setor, o que seria repassado a [&hellip;]<\/p>\n","protected":false},"author":1,"featured_media":2572,"comment_status":"closed","ping_status":"open","sticky":false,"template":"","format":"standard","meta":{"_monsterinsights_skip_tracking":false,"_monsterinsights_sitenote_active":false,"_monsterinsights_sitenote_note":"","_monsterinsights_sitenote_category":0,"footnotes":""},"categories":[7],"tags":[107,46,242,86,19,236,581,79,723,47,619,310,21],"class_list":["post-2726","post","type-post","status-publish","format-standard","has-post-thumbnail","hentry","category-infratransporte","tag-aeroportos","tag-agencias-reguladoras","tag-anac","tag-antaq","tag-antt","tag-aviacao","tag-bolsonaro","tag-ferrovia","tag-fusao","tag-governo","tag-hidrovia","tag-portos","tag-rodovia"],"yoast_head":"<!-- This site is optimized with the Yoast SEO Premium plugin v25.4 (Yoast SEO v26.0) - https:\/\/yoast.com\/wordpress\/plugins\/seo\/ -->\n<title>Novo governo trabalha para fundir ANTAQ e ANTT - Ag\u00eancia iNFRA<\/title>\n<meta name=\"robots\" content=\"index, follow, max-snippet:-1, max-image-preview:large, max-video-preview:-1\" \/>\n<link rel=\"canonical\" href=\"https:\/\/agenciainfra.com\/blog\/novo-governo-trabalha-para-fundir-antaq-e-antt\/\" \/>\n<meta property=\"og:locale\" content=\"pt_BR\" \/>\n<meta property=\"og:type\" content=\"article\" \/>\n<meta property=\"og:title\" content=\"Novo governo trabalha para fundir ANTAQ e ANTT\" \/>\n<meta property=\"og:description\" content=\"Dimmi Amora,\u00a0da Ag\u00eancia iNFRA O governo do presidente eleito Jair Bolsonaro tem praticamente pronta uma MP (medida provis\u00f3ria) para fundir as ag\u00eancias reguladoras ANTAQ (Ag\u00eancia Nacional de Transportes Aquavi\u00e1rios) e ANTT (Ag\u00eancia Nacional de Transportes Terrestres). A medida prev\u00ea que seja retirado da nova ag\u00eancia\u00a0a elabora\u00e7\u00e3o das concess\u00f5es do setor, o que seria repassado a [&hellip;]\" \/>\n<meta property=\"og:url\" content=\"https:\/\/agenciainfra.com\/blog\/novo-governo-trabalha-para-fundir-antaq-e-antt\/\" \/>\n<meta property=\"og:site_name\" content=\"Ag\u00eancia iNFRA\" \/>\n<meta property=\"article:publisher\" content=\"https:\/\/www.facebook.com\/ageninfra\" \/>\n<meta property=\"article:published_time\" content=\"2018-12-28T07:00:20+00:00\" \/>\n<meta property=\"og:image\" content=\"https:\/\/agenciainfra.com\/blog\/wp-content\/uploads\/2018\/10\/jair_bolsonaro_zecaribeiro_camaradosdeputados.jpg\" \/>\n\t<meta property=\"og:image:width\" content=\"671\" \/>\n\t<meta property=\"og:image:height\" content=\"338\" \/>\n\t<meta property=\"og:image:type\" content=\"image\/jpeg\" \/>\n<meta name=\"author\" content=\"Ag\u00eancia iNFRA\" \/>\n<meta name=\"twitter:card\" content=\"summary_large_image\" \/>\n<meta name=\"twitter:creator\" content=\"@agencia_infra\" \/>\n<meta name=\"twitter:site\" content=\"@agencia_infra\" \/>\n<meta name=\"twitter:label1\" content=\"Escrito por\" \/>\n\t<meta name=\"twitter:data1\" content=\"Ag\u00eancia iNFRA\" \/>\n\t<meta name=\"twitter:label2\" content=\"Est. tempo de leitura\" \/>\n\t<meta name=\"twitter:data2\" content=\"3 minutos\" \/>\n<script type=\"application\/ld+json\" class=\"yoast-schema-graph\">{\"@context\":\"https:\/\/schema.org\",\"@graph\":[{\"@type\":\"Article\",\"@id\":\"https:\/\/agenciainfra.com\/blog\/novo-governo-trabalha-para-fundir-antaq-e-antt\/#article\",\"isPartOf\":{\"@id\":\"https:\/\/agenciainfra.com\/blog\/novo-governo-trabalha-para-fundir-antaq-e-antt\/\"},\"author\":{\"name\":\"Ag\u00eancia iNFRA\",\"@id\":\"https:\/\/agenciainfra.com\/blog\/#\/schema\/person\/34af08dff6adea4cb22b06612ba7acfa\"},\"headline\":\"Novo governo trabalha para fundir ANTAQ e ANTT\",\"datePublished\":\"2018-12-28T07:00:20+00:00\",\"mainEntityOfPage\":{\"@id\":\"https:\/\/agenciainfra.com\/blog\/novo-governo-trabalha-para-fundir-antaq-e-antt\/\"},\"wordCount\":655,\"publisher\":{\"@id\":\"https:\/\/agenciainfra.com\/blog\/#organization\"},\"image\":{\"@id\":\"https:\/\/agenciainfra.com\/blog\/novo-governo-trabalha-para-fundir-antaq-e-antt\/#primaryimage\"},\"thumbnailUrl\":\"https:\/\/agenciainfra.com\/blog\/wp-content\/uploads\/2018\/10\/jair_bolsonaro_zecaribeiro_camaradosdeputados.jpg\",\"keywords\":[\"aeroportos\",\"Ag\u00eancias Reguladoras\",\"ANAC\",\"ANTAQ\",\"ANTT\",\"avia\u00e7\u00e3o\",\"Bolsonaro\",\"Ferrovia\",\"fus\u00e3o\",\"Governo\",\"Hidrovia\",\"portos\",\"Rodovia\"],\"articleSection\":[\"iNFRATransporte\"],\"inLanguage\":\"pt-BR\",\"copyrightYear\":\"2018\",\"copyrightHolder\":{\"@id\":\"https:\/\/agenciainfra.com\/blog\/#organization\"}},{\"@type\":\"WebPage\",\"@id\":\"https:\/\/agenciainfra.com\/blog\/novo-governo-trabalha-para-fundir-antaq-e-antt\/\",\"url\":\"https:\/\/agenciainfra.com\/blog\/novo-governo-trabalha-para-fundir-antaq-e-antt\/\",\"name\":\"Novo governo trabalha para fundir ANTAQ e ANTT - Ag\u00eancia iNFRA\",\"isPartOf\":{\"@id\":\"https:\/\/agenciainfra.com\/blog\/#website\"},\"primaryImageOfPage\":{\"@id\":\"https:\/\/agenciainfra.com\/blog\/novo-governo-trabalha-para-fundir-antaq-e-antt\/#primaryimage\"},\"image\":{\"@id\":\"https:\/\/agenciainfra.com\/blog\/novo-governo-trabalha-para-fundir-antaq-e-antt\/#primaryimage\"},\"thumbnailUrl\":\"https:\/\/agenciainfra.com\/blog\/wp-content\/uploads\/2018\/10\/jair_bolsonaro_zecaribeiro_camaradosdeputados.jpg\",\"datePublished\":\"2018-12-28T07:00:20+00:00\",\"breadcrumb\":{\"@id\":\"https:\/\/agenciainfra.com\/blog\/novo-governo-trabalha-para-fundir-antaq-e-antt\/#breadcrumb\"},\"inLanguage\":\"pt-BR\",\"potentialAction\":[{\"@type\":\"ReadAction\",\"target\":[\"https:\/\/agenciainfra.com\/blog\/novo-governo-trabalha-para-fundir-antaq-e-antt\/\"]}]},{\"@type\":\"ImageObject\",\"inLanguage\":\"pt-BR\",\"@id\":\"https:\/\/agenciainfra.com\/blog\/novo-governo-trabalha-para-fundir-antaq-e-antt\/#primaryimage\",\"url\":\"https:\/\/agenciainfra.com\/blog\/wp-content\/uploads\/2018\/10\/jair_bolsonaro_zecaribeiro_camaradosdeputados.jpg\",\"contentUrl\":\"https:\/\/agenciainfra.com\/blog\/wp-content\/uploads\/2018\/10\/jair_bolsonaro_zecaribeiro_camaradosdeputados.jpg\",\"width\":671,\"height\":338},{\"@type\":\"BreadcrumbList\",\"@id\":\"https:\/\/agenciainfra.com\/blog\/novo-governo-trabalha-para-fundir-antaq-e-antt\/#breadcrumb\",\"itemListElement\":[{\"@type\":\"ListItem\",\"position\":1,\"name\":\"In\u00edcio\",\"item\":\"https:\/\/agenciainfra.com\/blog\/\"},{\"@type\":\"ListItem\",\"position\":2,\"name\":\"Novo governo trabalha para fundir ANTAQ e ANTT\"}]},{\"@type\":\"WebSite\",\"@id\":\"https:\/\/agenciainfra.com\/blog\/#website\",\"url\":\"https:\/\/agenciainfra.com\/blog\/\",\"name\":\"Ag\u00eancia iNFRA\",\"description\":\"Multiplataforma de informa\u00e7\u00e3o jornal\u00edstica refer\u00eancia na \u00e1rea de infraestrutura no Brasil!\",\"publisher\":{\"@id\":\"https:\/\/agenciainfra.com\/blog\/#organization\"},\"potentialAction\":[{\"@type\":\"SearchAction\",\"target\":{\"@type\":\"EntryPoint\",\"urlTemplate\":\"https:\/\/agenciainfra.com\/blog\/?s={search_term_string}\"},\"query-input\":{\"@type\":\"PropertyValueSpecification\",\"valueRequired\":true,\"valueName\":\"search_term_string\"}}],\"inLanguage\":\"pt-BR\"},{\"@type\":\"Organization\",\"@id\":\"https:\/\/agenciainfra.com\/blog\/#organization\",\"name\":\"Ag\u00eancia iNFRA\",\"url\":\"https:\/\/agenciainfra.com\/blog\/\",\"logo\":{\"@type\":\"ImageObject\",\"inLanguage\":\"pt-BR\",\"@id\":\"https:\/\/agenciainfra.com\/blog\/#\/schema\/logo\/image\/\",\"url\":\"https:\/\/agenciainfra.com\/blog\/wp-content\/uploads\/2023\/09\/iNFRA_5-e1761735885940.png\",\"contentUrl\":\"https:\/\/agenciainfra.com\/blog\/wp-content\/uploads\/2023\/09\/iNFRA_5-e1761735885940.png\",\"width\":1672,\"height\":454,\"caption\":\"Ag\u00eancia iNFRA\"},\"image\":{\"@id\":\"https:\/\/agenciainfra.com\/blog\/#\/schema\/logo\/image\/\"},\"sameAs\":[\"https:\/\/www.facebook.com\/ageninfra\",\"https:\/\/x.com\/agencia_infra\",\"https:\/\/www.linkedin.com\/company\/ag\u00eanciainfra\/\",\"https:\/\/www.instagram.com\/agenciainfra\/\"]},{\"@type\":\"Person\",\"@id\":\"https:\/\/agenciainfra.com\/blog\/#\/schema\/person\/34af08dff6adea4cb22b06612ba7acfa\",\"name\":\"Ag\u00eancia iNFRA\",\"image\":{\"@type\":\"ImageObject\",\"inLanguage\":\"pt-BR\",\"@id\":\"https:\/\/agenciainfra.com\/blog\/#\/schema\/person\/image\/\",\"url\":\"https:\/\/secure.gravatar.com\/avatar\/d189e01678f06d8eb84d4e01f08eb848b3fffe3f8443818d3c356c66892f5be8?s=96&d=mm&r=g\",\"contentUrl\":\"https:\/\/secure.gravatar.com\/avatar\/d189e01678f06d8eb84d4e01f08eb848b3fffe3f8443818d3c356c66892f5be8?s=96&d=mm&r=g\",\"caption\":\"Ag\u00eancia iNFRA\"},\"url\":\"https:\/\/agenciainfra.com\/blog\/author\/admin\/\"}]}<\/script>\n<!-- \/ Yoast SEO Premium plugin. -->","yoast_head_json":{"title":"Novo governo trabalha para fundir ANTAQ e ANTT - Ag\u00eancia iNFRA","robots":{"index":"index","follow":"follow","max-snippet":"max-snippet:-1","max-image-preview":"max-image-preview:large","max-video-preview":"max-video-preview:-1"},"canonical":"https:\/\/agenciainfra.com\/blog\/novo-governo-trabalha-para-fundir-antaq-e-antt\/","og_locale":"pt_BR","og_type":"article","og_title":"Novo governo trabalha para fundir ANTAQ e ANTT","og_description":"Dimmi Amora,\u00a0da Ag\u00eancia iNFRA O governo do presidente eleito Jair Bolsonaro tem praticamente pronta uma MP (medida provis\u00f3ria) para fundir as ag\u00eancias reguladoras ANTAQ (Ag\u00eancia Nacional de Transportes Aquavi\u00e1rios) e ANTT (Ag\u00eancia Nacional de Transportes Terrestres). A medida prev\u00ea que seja retirado da nova ag\u00eancia\u00a0a elabora\u00e7\u00e3o das concess\u00f5es do setor, o que seria repassado a [&hellip;]","og_url":"https:\/\/agenciainfra.com\/blog\/novo-governo-trabalha-para-fundir-antaq-e-antt\/","og_site_name":"Ag\u00eancia iNFRA","article_publisher":"https:\/\/www.facebook.com\/ageninfra","article_published_time":"2018-12-28T07:00:20+00:00","og_image":[{"width":671,"height":338,"url":"https:\/\/agenciainfra.com\/blog\/wp-content\/uploads\/2018\/10\/jair_bolsonaro_zecaribeiro_camaradosdeputados.jpg","type":"image\/jpeg"}],"author":"Ag\u00eancia iNFRA","twitter_card":"summary_large_image","twitter_creator":"@agencia_infra","twitter_site":"@agencia_infra","twitter_misc":{"Escrito por":"Ag\u00eancia iNFRA","Est. tempo de leitura":"3 minutos"},"schema":{"@context":"https:\/\/schema.org","@graph":[{"@type":"Article","@id":"https:\/\/agenciainfra.com\/blog\/novo-governo-trabalha-para-fundir-antaq-e-antt\/#article","isPartOf":{"@id":"https:\/\/agenciainfra.com\/blog\/novo-governo-trabalha-para-fundir-antaq-e-antt\/"},"author":{"name":"Ag\u00eancia iNFRA","@id":"https:\/\/agenciainfra.com\/blog\/#\/schema\/person\/34af08dff6adea4cb22b06612ba7acfa"},"headline":"Novo governo trabalha para fundir ANTAQ e ANTT","datePublished":"2018-12-28T07:00:20+00:00","mainEntityOfPage":{"@id":"https:\/\/agenciainfra.com\/blog\/novo-governo-trabalha-para-fundir-antaq-e-antt\/"},"wordCount":655,"publisher":{"@id":"https:\/\/agenciainfra.com\/blog\/#organization"},"image":{"@id":"https:\/\/agenciainfra.com\/blog\/novo-governo-trabalha-para-fundir-antaq-e-antt\/#primaryimage"},"thumbnailUrl":"https:\/\/agenciainfra.com\/blog\/wp-content\/uploads\/2018\/10\/jair_bolsonaro_zecaribeiro_camaradosdeputados.jpg","keywords":["aeroportos","Ag\u00eancias Reguladoras","ANAC","ANTAQ","ANTT","avia\u00e7\u00e3o","Bolsonaro","Ferrovia","fus\u00e3o","Governo","Hidrovia","portos","Rodovia"],"articleSection":["iNFRATransporte"],"inLanguage":"pt-BR","copyrightYear":"2018","copyrightHolder":{"@id":"https:\/\/agenciainfra.com\/blog\/#organization"}},{"@type":"WebPage","@id":"https:\/\/agenciainfra.com\/blog\/novo-governo-trabalha-para-fundir-antaq-e-antt\/","url":"https:\/\/agenciainfra.com\/blog\/novo-governo-trabalha-para-fundir-antaq-e-antt\/","name":"Novo governo trabalha para fundir ANTAQ e ANTT - Ag\u00eancia iNFRA","isPartOf":{"@id":"https:\/\/agenciainfra.com\/blog\/#website"},"primaryImageOfPage":{"@id":"https:\/\/agenciainfra.com\/blog\/novo-governo-trabalha-para-fundir-antaq-e-antt\/#primaryimage"},"image":{"@id":"https:\/\/agenciainfra.com\/blog\/novo-governo-trabalha-para-fundir-antaq-e-antt\/#primaryimage"},"thumbnailUrl":"https:\/\/agenciainfra.com\/blog\/wp-content\/uploads\/2018\/10\/jair_bolsonaro_zecaribeiro_camaradosdeputados.jpg","datePublished":"2018-12-28T07:00:20+00:00","breadcrumb":{"@id":"https:\/\/agenciainfra.com\/blog\/novo-governo-trabalha-para-fundir-antaq-e-antt\/#breadcrumb"},"inLanguage":"pt-BR","potentialAction":[{"@type":"ReadAction","target":["https:\/\/agenciainfra.com\/blog\/novo-governo-trabalha-para-fundir-antaq-e-antt\/"]}]},{"@type":"ImageObject","inLanguage":"pt-BR","@id":"https:\/\/agenciainfra.com\/blog\/novo-governo-trabalha-para-fundir-antaq-e-antt\/#primaryimage","url":"https:\/\/agenciainfra.com\/blog\/wp-content\/uploads\/2018\/10\/jair_bolsonaro_zecaribeiro_camaradosdeputados.jpg","contentUrl":"https:\/\/agenciainfra.com\/blog\/wp-content\/uploads\/2018\/10\/jair_bolsonaro_zecaribeiro_camaradosdeputados.jpg","width":671,"height":338},{"@type":"BreadcrumbList","@id":"https:\/\/agenciainfra.com\/blog\/novo-governo-trabalha-para-fundir-antaq-e-antt\/#breadcrumb","itemListElement":[{"@type":"ListItem","position":1,"name":"In\u00edcio","item":"https:\/\/agenciainfra.com\/blog\/"},{"@type":"ListItem","position":2,"name":"Novo governo trabalha para fundir ANTAQ e ANTT"}]},{"@type":"WebSite","@id":"https:\/\/agenciainfra.com\/blog\/#website","url":"https:\/\/agenciainfra.com\/blog\/","name":"Ag\u00eancia iNFRA","description":"Multiplataforma de informa\u00e7\u00e3o jornal\u00edstica refer\u00eancia na \u00e1rea de infraestrutura no Brasil!","publisher":{"@id":"https:\/\/agenciainfra.com\/blog\/#organization"},"potentialAction":[{"@type":"SearchAction","target":{"@type":"EntryPoint","urlTemplate":"https:\/\/agenciainfra.com\/blog\/?s={search_term_string}"},"query-input":{"@type":"PropertyValueSpecification","valueRequired":true,"valueName":"search_term_string"}}],"inLanguage":"pt-BR"},{"@type":"Organization","@id":"https:\/\/agenciainfra.com\/blog\/#organization","name":"Ag\u00eancia iNFRA","url":"https:\/\/agenciainfra.com\/blog\/","logo":{"@type":"ImageObject","inLanguage":"pt-BR","@id":"https:\/\/agenciainfra.com\/blog\/#\/schema\/logo\/image\/","url":"https:\/\/agenciainfra.com\/blog\/wp-content\/uploads\/2023\/09\/iNFRA_5-e1761735885940.png","contentUrl":"https:\/\/agenciainfra.com\/blog\/wp-content\/uploads\/2023\/09\/iNFRA_5-e1761735885940.png","width":1672,"height":454,"caption":"Ag\u00eancia iNFRA"},"image":{"@id":"https:\/\/agenciainfra.com\/blog\/#\/schema\/logo\/image\/"},"sameAs":["https:\/\/www.facebook.com\/ageninfra","https:\/\/x.com\/agencia_infra","https:\/\/www.linkedin.com\/company\/ag\u00eanciainfra\/","https:\/\/www.instagram.com\/agenciainfra\/"]},{"@type":"Person","@id":"https:\/\/agenciainfra.com\/blog\/#\/schema\/person\/34af08dff6adea4cb22b06612ba7acfa","name":"Ag\u00eancia iNFRA","image":{"@type":"ImageObject","inLanguage":"pt-BR","@id":"https:\/\/agenciainfra.com\/blog\/#\/schema\/person\/image\/","url":"https:\/\/secure.gravatar.com\/avatar\/d189e01678f06d8eb84d4e01f08eb848b3fffe3f8443818d3c356c66892f5be8?s=96&d=mm&r=g","contentUrl":"https:\/\/secure.gravatar.com\/avatar\/d189e01678f06d8eb84d4e01f08eb848b3fffe3f8443818d3c356c66892f5be8?s=96&d=mm&r=g","caption":"Ag\u00eancia iNFRA"},"url":"https:\/\/agenciainfra.com\/blog\/author\/admin\/"}]}},"_links":{"self":[{"href":"https:\/\/agenciainfra.com\/blog\/wp-json\/wp\/v2\/posts\/2726","targetHints":{"allow":["GET"]}}],"collection":[{"href":"https:\/\/agenciainfra.com\/blog\/wp-json\/wp\/v2\/posts"}],"about":[{"href":"https:\/\/agenciainfra.com\/blog\/wp-json\/wp\/v2\/types\/post"}],"author":[{"embeddable":true,"href":"https:\/\/agenciainfra.com\/blog\/wp-json\/wp\/v2\/users\/1"}],"replies":[{"embeddable":true,"href":"https:\/\/agenciainfra.com\/blog\/wp-json\/wp\/v2\/comments?post=2726"}],"version-history":[{"count":0,"href":"https:\/\/agenciainfra.com\/blog\/wp-json\/wp\/v2\/posts\/2726\/revisions"}],"wp:featuredmedia":[{"embeddable":true,"href":"https:\/\/agenciainfra.com\/blog\/wp-json\/wp\/v2\/media\/2572"}],"wp:attachment":[{"href":"https:\/\/agenciainfra.com\/blog\/wp-json\/wp\/v2\/media?parent=2726"}],"wp:term":[{"taxonomy":"category","embeddable":true,"href":"https:\/\/agenciainfra.com\/blog\/wp-json\/wp\/v2\/categories?post=2726"},{"taxonomy":"post_tag","embeddable":true,"href":"https:\/\/agenciainfra.com\/blog\/wp-json\/wp\/v2\/tags?post=2726"}],"curies":[{"name":"wp","href":"https:\/\/api.w.org\/{rel}","templated":true}]}}