{"id":27297,"date":"2025-09-05T14:45:27","date_gmt":"2025-09-05T17:45:27","guid":{"rendered":"https:\/\/agenciainfra.com\/blog\/?p=27297"},"modified":"2025-09-09T08:01:24","modified_gmt":"2025-09-09T11:01:24","slug":"testes-do-linhao-do-tucurui-serao-realizados-na-proxima-semana-dizem-fontes","status":"publish","type":"post","link":"https:\/\/agenciainfra.com\/blog\/testes-do-linhao-do-tucurui-serao-realizados-na-proxima-semana-dizem-fontes\/","title":{"rendered":"Testes do linh\u00e3o do Tucuru\u00ed ser\u00e3o realizados na pr\u00f3xima semana, dizem fontes"},"content":{"rendered":"\n<p class=\"has-text-align-right\"><strong>Lais Carregosa e Marisa Wanzeller, da Ag\u00eancia iNFRA<\/strong><\/p>\n\n\n\n<p>Os testes do linh\u00e3o do Tucuru\u00ed (Manaus-Boa Vista), que vai conectar Roraima ao SIN (Sistema Interligado Nacional), devem ser realizados na pr\u00f3xima semana, entre segunda-feira (8) e quarta (10), disseram fontes \u00e0 <strong>Ag\u00eancia iNFRA<\/strong>. A expectativa \u00e9 que a linha de transmiss\u00e3o entre em opera\u00e7\u00e3o no fim de setembro. <\/p>\n\n\n\n<p>Roraima \u00e9 o \u00fanico estado do pa\u00eds que ainda n\u00e3o est\u00e1 interligado ao sistema. As obras da linha de transmiss\u00e3o foram retomadas em 2022, ap\u00f3s um acordo judicial entre os povos ind\u00edgenas Waimiri Atroari e a Uni\u00e3o. O empreendimento tem cerca de 715 km de extens\u00e3o, dos quais 122 km passam pela terra ind\u00edgena.<\/p>\n\n\n\n<p>Licitado em 2021 pela ANEEL (Ag\u00eancia Nacional de Energia El\u00e9trica), o linh\u00e3o est\u00e1 sendo constru\u00eddo pelo cons\u00f3rcio Transnorte Energia, formado por Eletronorte e Alupar, com concess\u00e3o at\u00e9 2042.<\/p>\n","protected":false},"excerpt":{"rendered":"<p>Lais Carregosa e Marisa Wanzeller, da Ag\u00eancia iNFRA Os testes do linh\u00e3o do Tucuru\u00ed (Manaus-Boa Vista), que vai conectar Roraima ao SIN (Sistema Interligado Nacional), devem ser realizados na pr\u00f3xima semana, entre segunda-feira (8) e quarta (10), disseram fontes \u00e0 Ag\u00eancia iNFRA. A expectativa \u00e9 que a linha de transmiss\u00e3o entre em opera\u00e7\u00e3o no fim [&hellip;]<\/p>\n","protected":false},"author":1,"featured_media":23389,"comment_status":"closed","ping_status":"closed","sticky":false,"template":"","format":"standard","meta":{"_monsterinsights_skip_tracking":false,"_monsterinsights_sitenote_active":false,"_monsterinsights_sitenote_note":"","_monsterinsights_sitenote_category":0,"footnotes":""},"categories":[1,10],"tags":[5769,53,282,13132,15210,826,7366,3360,2172],"class_list":["post-27297","post","type-post","status-publish","format-standard","has-post-thumbnail","hentry","category-geral","category-infraenergia","tag-alupar","tag-aneel","tag-energia-eletrica","tag-lais-carregosa","tag-linhao-do-tucurui","tag-linhas-de-transmissao","tag-marisa-wanzeller","tag-sin","tag-transnorte-energia"],"yoast_head":"<!-- This site is optimized with the Yoast SEO Premium plugin v25.4 (Yoast SEO v26.0) - https:\/\/yoast.com\/wordpress\/plugins\/seo\/ -->\n<title>Testes do linh\u00e3o do Tucuru\u00ed ser\u00e3o realizados na pr\u00f3xima semana, dizem fontes - Ag\u00eancia iNFRA<\/title>\n<meta name=\"robots\" content=\"index, follow, max-snippet:-1, max-image-preview:large, max-video-preview:-1\" \/>\n<link rel=\"canonical\" href=\"https:\/\/agenciainfra.com\/blog\/testes-do-linhao-do-tucurui-serao-realizados-na-proxima-semana-dizem-fontes\/\" \/>\n<meta property=\"og:locale\" content=\"pt_BR\" \/>\n<meta property=\"og:type\" content=\"article\" \/>\n<meta property=\"og:title\" content=\"Testes do linh\u00e3o do Tucuru\u00ed ser\u00e3o realizados na pr\u00f3xima semana, dizem fontes\" \/>\n<meta property=\"og:description\" content=\"Lais Carregosa e Marisa Wanzeller, da Ag\u00eancia iNFRA Os testes do linh\u00e3o do Tucuru\u00ed (Manaus-Boa Vista), que vai conectar Roraima ao SIN (Sistema Interligado Nacional), devem ser realizados na pr\u00f3xima semana, entre segunda-feira (8) e quarta (10), disseram fontes \u00e0 Ag\u00eancia iNFRA. A expectativa \u00e9 que a linha de transmiss\u00e3o entre em opera\u00e7\u00e3o no fim [&hellip;]\" \/>\n<meta property=\"og:url\" content=\"https:\/\/agenciainfra.com\/blog\/testes-do-linhao-do-tucurui-serao-realizados-na-proxima-semana-dizem-fontes\/\" \/>\n<meta property=\"og:site_name\" content=\"Ag\u00eancia iNFRA\" \/>\n<meta property=\"article:publisher\" content=\"https:\/\/www.facebook.com\/ageninfra\" \/>\n<meta property=\"article:published_time\" content=\"2025-09-05T17:45:27+00:00\" \/>\n<meta property=\"article:modified_time\" content=\"2025-09-09T11:01:24+00:00\" \/>\n<meta property=\"og:image\" content=\"https:\/\/agenciainfra.com\/blog\/wp-content\/uploads\/2025\/06\/Fotos-Torres-LinhaoTucurui-TransnorteEnergia.webp\" \/>\n\t<meta property=\"og:image:width\" content=\"768\" \/>\n\t<meta property=\"og:image:height\" content=\"563\" \/>\n\t<meta property=\"og:image:type\" content=\"image\/webp\" \/>\n<meta name=\"author\" content=\"Ag\u00eancia iNFRA\" \/>\n<meta name=\"twitter:card\" content=\"summary_large_image\" \/>\n<meta name=\"twitter:creator\" content=\"@agencia_infra\" \/>\n<meta name=\"twitter:site\" content=\"@agencia_infra\" \/>\n<meta name=\"twitter:label1\" content=\"Escrito por\" \/>\n\t<meta name=\"twitter:data1\" content=\"Ag\u00eancia iNFRA\" \/>\n\t<meta name=\"twitter:label2\" content=\"Est. tempo de leitura\" \/>\n\t<meta name=\"twitter:data2\" content=\"1 minuto\" \/>\n<script type=\"application\/ld+json\" class=\"yoast-schema-graph\">{\"@context\":\"https:\/\/schema.org\",\"@graph\":[{\"@type\":\"Article\",\"@id\":\"https:\/\/agenciainfra.com\/blog\/testes-do-linhao-do-tucurui-serao-realizados-na-proxima-semana-dizem-fontes\/#article\",\"isPartOf\":{\"@id\":\"https:\/\/agenciainfra.com\/blog\/testes-do-linhao-do-tucurui-serao-realizados-na-proxima-semana-dizem-fontes\/\"},\"author\":{\"name\":\"Ag\u00eancia iNFRA\",\"@id\":\"https:\/\/agenciainfra.com\/blog\/#\/schema\/person\/34af08dff6adea4cb22b06612ba7acfa\"},\"headline\":\"Testes do linh\u00e3o do Tucuru\u00ed ser\u00e3o realizados na pr\u00f3xima semana, dizem fontes\",\"datePublished\":\"2025-09-05T17:45:27+00:00\",\"dateModified\":\"2025-09-09T11:01:24+00:00\",\"mainEntityOfPage\":{\"@id\":\"https:\/\/agenciainfra.com\/blog\/testes-do-linhao-do-tucurui-serao-realizados-na-proxima-semana-dizem-fontes\/\"},\"wordCount\":164,\"publisher\":{\"@id\":\"https:\/\/agenciainfra.com\/blog\/#organization\"},\"image\":{\"@id\":\"https:\/\/agenciainfra.com\/blog\/testes-do-linhao-do-tucurui-serao-realizados-na-proxima-semana-dizem-fontes\/#primaryimage\"},\"thumbnailUrl\":\"https:\/\/agenciainfra.com\/blog\/wp-content\/uploads\/2025\/06\/Fotos-Torres-LinhaoTucurui-TransnorteEnergia.webp\",\"keywords\":[\"Alupar\",\"ANEEL\",\"energia el\u00e9trica\",\"Lais Carregosa\",\"linh\u00e3o do Tucuru\u00ed\",\"Linhas de Transmiss\u00e3o\",\"Marisa Wanzeller\",\"SIN\",\"Transnorte Energia\"],\"articleSection\":[\"Geral\",\"iNFRAEnergia\"],\"inLanguage\":\"pt-BR\",\"copyrightYear\":\"2025\",\"copyrightHolder\":{\"@id\":\"https:\/\/agenciainfra.com\/blog\/#organization\"}},{\"@type\":\"WebPage\",\"@id\":\"https:\/\/agenciainfra.com\/blog\/testes-do-linhao-do-tucurui-serao-realizados-na-proxima-semana-dizem-fontes\/\",\"url\":\"https:\/\/agenciainfra.com\/blog\/testes-do-linhao-do-tucurui-serao-realizados-na-proxima-semana-dizem-fontes\/\",\"name\":\"Testes do linh\u00e3o do Tucuru\u00ed ser\u00e3o realizados na pr\u00f3xima semana, dizem fontes - Ag\u00eancia iNFRA\",\"isPartOf\":{\"@id\":\"https:\/\/agenciainfra.com\/blog\/#website\"},\"primaryImageOfPage\":{\"@id\":\"https:\/\/agenciainfra.com\/blog\/testes-do-linhao-do-tucurui-serao-realizados-na-proxima-semana-dizem-fontes\/#primaryimage\"},\"image\":{\"@id\":\"https:\/\/agenciainfra.com\/blog\/testes-do-linhao-do-tucurui-serao-realizados-na-proxima-semana-dizem-fontes\/#primaryimage\"},\"thumbnailUrl\":\"https:\/\/agenciainfra.com\/blog\/wp-content\/uploads\/2025\/06\/Fotos-Torres-LinhaoTucurui-TransnorteEnergia.webp\",\"datePublished\":\"2025-09-05T17:45:27+00:00\",\"dateModified\":\"2025-09-09T11:01:24+00:00\",\"breadcrumb\":{\"@id\":\"https:\/\/agenciainfra.com\/blog\/testes-do-linhao-do-tucurui-serao-realizados-na-proxima-semana-dizem-fontes\/#breadcrumb\"},\"inLanguage\":\"pt-BR\",\"potentialAction\":[{\"@type\":\"ReadAction\",\"target\":[\"https:\/\/agenciainfra.com\/blog\/testes-do-linhao-do-tucurui-serao-realizados-na-proxima-semana-dizem-fontes\/\"]}]},{\"@type\":\"ImageObject\",\"inLanguage\":\"pt-BR\",\"@id\":\"https:\/\/agenciainfra.com\/blog\/testes-do-linhao-do-tucurui-serao-realizados-na-proxima-semana-dizem-fontes\/#primaryimage\",\"url\":\"https:\/\/agenciainfra.com\/blog\/wp-content\/uploads\/2025\/06\/Fotos-Torres-LinhaoTucurui-TransnorteEnergia.webp\",\"contentUrl\":\"https:\/\/agenciainfra.com\/blog\/wp-content\/uploads\/2025\/06\/Fotos-Torres-LinhaoTucurui-TransnorteEnergia.webp\",\"width\":768,\"height\":563,\"caption\":\"Foto: Transnorte Energia\"},{\"@type\":\"BreadcrumbList\",\"@id\":\"https:\/\/agenciainfra.com\/blog\/testes-do-linhao-do-tucurui-serao-realizados-na-proxima-semana-dizem-fontes\/#breadcrumb\",\"itemListElement\":[{\"@type\":\"ListItem\",\"position\":1,\"name\":\"In\u00edcio\",\"item\":\"https:\/\/agenciainfra.com\/blog\/\"},{\"@type\":\"ListItem\",\"position\":2,\"name\":\"Testes do linh\u00e3o do Tucuru\u00ed ser\u00e3o realizados na pr\u00f3xima semana, dizem fontes\"}]},{\"@type\":\"WebSite\",\"@id\":\"https:\/\/agenciainfra.com\/blog\/#website\",\"url\":\"https:\/\/agenciainfra.com\/blog\/\",\"name\":\"Ag\u00eancia iNFRA\",\"description\":\"Multiplataforma de informa\u00e7\u00e3o jornal\u00edstica refer\u00eancia na \u00e1rea de infraestrutura no Brasil!\",\"publisher\":{\"@id\":\"https:\/\/agenciainfra.com\/blog\/#organization\"},\"potentialAction\":[{\"@type\":\"SearchAction\",\"target\":{\"@type\":\"EntryPoint\",\"urlTemplate\":\"https:\/\/agenciainfra.com\/blog\/?s={search_term_string}\"},\"query-input\":{\"@type\":\"PropertyValueSpecification\",\"valueRequired\":true,\"valueName\":\"search_term_string\"}}],\"inLanguage\":\"pt-BR\"},{\"@type\":\"Organization\",\"@id\":\"https:\/\/agenciainfra.com\/blog\/#organization\",\"name\":\"Ag\u00eancia iNFRA\",\"url\":\"https:\/\/agenciainfra.com\/blog\/\",\"logo\":{\"@type\":\"ImageObject\",\"inLanguage\":\"pt-BR\",\"@id\":\"https:\/\/agenciainfra.com\/blog\/#\/schema\/logo\/image\/\",\"url\":\"https:\/\/agenciainfra.com\/blog\/wp-content\/uploads\/2023\/09\/iNFRA_5-e1761735885940.png\",\"contentUrl\":\"https:\/\/agenciainfra.com\/blog\/wp-content\/uploads\/2023\/09\/iNFRA_5-e1761735885940.png\",\"width\":1672,\"height\":454,\"caption\":\"Ag\u00eancia iNFRA\"},\"image\":{\"@id\":\"https:\/\/agenciainfra.com\/blog\/#\/schema\/logo\/image\/\"},\"sameAs\":[\"https:\/\/www.facebook.com\/ageninfra\",\"https:\/\/x.com\/agencia_infra\",\"https:\/\/www.linkedin.com\/company\/ag\u00eanciainfra\/\",\"https:\/\/www.instagram.com\/agenciainfra\/\"]},{\"@type\":\"Person\",\"@id\":\"https:\/\/agenciainfra.com\/blog\/#\/schema\/person\/34af08dff6adea4cb22b06612ba7acfa\",\"name\":\"Ag\u00eancia iNFRA\",\"image\":{\"@type\":\"ImageObject\",\"inLanguage\":\"pt-BR\",\"@id\":\"https:\/\/agenciainfra.com\/blog\/#\/schema\/person\/image\/\",\"url\":\"https:\/\/secure.gravatar.com\/avatar\/d189e01678f06d8eb84d4e01f08eb848b3fffe3f8443818d3c356c66892f5be8?s=96&d=mm&r=g\",\"contentUrl\":\"https:\/\/secure.gravatar.com\/avatar\/d189e01678f06d8eb84d4e01f08eb848b3fffe3f8443818d3c356c66892f5be8?s=96&d=mm&r=g\",\"caption\":\"Ag\u00eancia iNFRA\"},\"url\":\"https:\/\/agenciainfra.com\/blog\/author\/admin\/\"}]}<\/script>\n<!-- \/ Yoast SEO Premium plugin. -->","yoast_head_json":{"title":"Testes do linh\u00e3o do Tucuru\u00ed ser\u00e3o realizados na pr\u00f3xima semana, dizem fontes - Ag\u00eancia iNFRA","robots":{"index":"index","follow":"follow","max-snippet":"max-snippet:-1","max-image-preview":"max-image-preview:large","max-video-preview":"max-video-preview:-1"},"canonical":"https:\/\/agenciainfra.com\/blog\/testes-do-linhao-do-tucurui-serao-realizados-na-proxima-semana-dizem-fontes\/","og_locale":"pt_BR","og_type":"article","og_title":"Testes do linh\u00e3o do Tucuru\u00ed ser\u00e3o realizados na pr\u00f3xima semana, dizem fontes","og_description":"Lais Carregosa e Marisa Wanzeller, da Ag\u00eancia iNFRA Os testes do linh\u00e3o do Tucuru\u00ed (Manaus-Boa Vista), que vai conectar Roraima ao SIN (Sistema Interligado Nacional), devem ser realizados na pr\u00f3xima semana, entre segunda-feira (8) e quarta (10), disseram fontes \u00e0 Ag\u00eancia iNFRA. A expectativa \u00e9 que a linha de transmiss\u00e3o entre em opera\u00e7\u00e3o no fim [&hellip;]","og_url":"https:\/\/agenciainfra.com\/blog\/testes-do-linhao-do-tucurui-serao-realizados-na-proxima-semana-dizem-fontes\/","og_site_name":"Ag\u00eancia iNFRA","article_publisher":"https:\/\/www.facebook.com\/ageninfra","article_published_time":"2025-09-05T17:45:27+00:00","article_modified_time":"2025-09-09T11:01:24+00:00","og_image":[{"width":768,"height":563,"url":"https:\/\/agenciainfra.com\/blog\/wp-content\/uploads\/2025\/06\/Fotos-Torres-LinhaoTucurui-TransnorteEnergia.webp","type":"image\/webp"}],"author":"Ag\u00eancia iNFRA","twitter_card":"summary_large_image","twitter_creator":"@agencia_infra","twitter_site":"@agencia_infra","twitter_misc":{"Escrito por":"Ag\u00eancia iNFRA","Est. tempo de leitura":"1 minuto"},"schema":{"@context":"https:\/\/schema.org","@graph":[{"@type":"Article","@id":"https:\/\/agenciainfra.com\/blog\/testes-do-linhao-do-tucurui-serao-realizados-na-proxima-semana-dizem-fontes\/#article","isPartOf":{"@id":"https:\/\/agenciainfra.com\/blog\/testes-do-linhao-do-tucurui-serao-realizados-na-proxima-semana-dizem-fontes\/"},"author":{"name":"Ag\u00eancia iNFRA","@id":"https:\/\/agenciainfra.com\/blog\/#\/schema\/person\/34af08dff6adea4cb22b06612ba7acfa"},"headline":"Testes do linh\u00e3o do Tucuru\u00ed ser\u00e3o realizados na pr\u00f3xima semana, dizem fontes","datePublished":"2025-09-05T17:45:27+00:00","dateModified":"2025-09-09T11:01:24+00:00","mainEntityOfPage":{"@id":"https:\/\/agenciainfra.com\/blog\/testes-do-linhao-do-tucurui-serao-realizados-na-proxima-semana-dizem-fontes\/"},"wordCount":164,"publisher":{"@id":"https:\/\/agenciainfra.com\/blog\/#organization"},"image":{"@id":"https:\/\/agenciainfra.com\/blog\/testes-do-linhao-do-tucurui-serao-realizados-na-proxima-semana-dizem-fontes\/#primaryimage"},"thumbnailUrl":"https:\/\/agenciainfra.com\/blog\/wp-content\/uploads\/2025\/06\/Fotos-Torres-LinhaoTucurui-TransnorteEnergia.webp","keywords":["Alupar","ANEEL","energia el\u00e9trica","Lais Carregosa","linh\u00e3o do Tucuru\u00ed","Linhas de Transmiss\u00e3o","Marisa Wanzeller","SIN","Transnorte Energia"],"articleSection":["Geral","iNFRAEnergia"],"inLanguage":"pt-BR","copyrightYear":"2025","copyrightHolder":{"@id":"https:\/\/agenciainfra.com\/blog\/#organization"}},{"@type":"WebPage","@id":"https:\/\/agenciainfra.com\/blog\/testes-do-linhao-do-tucurui-serao-realizados-na-proxima-semana-dizem-fontes\/","url":"https:\/\/agenciainfra.com\/blog\/testes-do-linhao-do-tucurui-serao-realizados-na-proxima-semana-dizem-fontes\/","name":"Testes do linh\u00e3o do Tucuru\u00ed ser\u00e3o realizados na pr\u00f3xima semana, dizem fontes - Ag\u00eancia iNFRA","isPartOf":{"@id":"https:\/\/agenciainfra.com\/blog\/#website"},"primaryImageOfPage":{"@id":"https:\/\/agenciainfra.com\/blog\/testes-do-linhao-do-tucurui-serao-realizados-na-proxima-semana-dizem-fontes\/#primaryimage"},"image":{"@id":"https:\/\/agenciainfra.com\/blog\/testes-do-linhao-do-tucurui-serao-realizados-na-proxima-semana-dizem-fontes\/#primaryimage"},"thumbnailUrl":"https:\/\/agenciainfra.com\/blog\/wp-content\/uploads\/2025\/06\/Fotos-Torres-LinhaoTucurui-TransnorteEnergia.webp","datePublished":"2025-09-05T17:45:27+00:00","dateModified":"2025-09-09T11:01:24+00:00","breadcrumb":{"@id":"https:\/\/agenciainfra.com\/blog\/testes-do-linhao-do-tucurui-serao-realizados-na-proxima-semana-dizem-fontes\/#breadcrumb"},"inLanguage":"pt-BR","potentialAction":[{"@type":"ReadAction","target":["https:\/\/agenciainfra.com\/blog\/testes-do-linhao-do-tucurui-serao-realizados-na-proxima-semana-dizem-fontes\/"]}]},{"@type":"ImageObject","inLanguage":"pt-BR","@id":"https:\/\/agenciainfra.com\/blog\/testes-do-linhao-do-tucurui-serao-realizados-na-proxima-semana-dizem-fontes\/#primaryimage","url":"https:\/\/agenciainfra.com\/blog\/wp-content\/uploads\/2025\/06\/Fotos-Torres-LinhaoTucurui-TransnorteEnergia.webp","contentUrl":"https:\/\/agenciainfra.com\/blog\/wp-content\/uploads\/2025\/06\/Fotos-Torres-LinhaoTucurui-TransnorteEnergia.webp","width":768,"height":563,"caption":"Foto: Transnorte Energia"},{"@type":"BreadcrumbList","@id":"https:\/\/agenciainfra.com\/blog\/testes-do-linhao-do-tucurui-serao-realizados-na-proxima-semana-dizem-fontes\/#breadcrumb","itemListElement":[{"@type":"ListItem","position":1,"name":"In\u00edcio","item":"https:\/\/agenciainfra.com\/blog\/"},{"@type":"ListItem","position":2,"name":"Testes do linh\u00e3o do Tucuru\u00ed ser\u00e3o realizados na pr\u00f3xima semana, dizem fontes"}]},{"@type":"WebSite","@id":"https:\/\/agenciainfra.com\/blog\/#website","url":"https:\/\/agenciainfra.com\/blog\/","name":"Ag\u00eancia iNFRA","description":"Multiplataforma de informa\u00e7\u00e3o jornal\u00edstica refer\u00eancia na \u00e1rea de infraestrutura no Brasil!","publisher":{"@id":"https:\/\/agenciainfra.com\/blog\/#organization"},"potentialAction":[{"@type":"SearchAction","target":{"@type":"EntryPoint","urlTemplate":"https:\/\/agenciainfra.com\/blog\/?s={search_term_string}"},"query-input":{"@type":"PropertyValueSpecification","valueRequired":true,"valueName":"search_term_string"}}],"inLanguage":"pt-BR"},{"@type":"Organization","@id":"https:\/\/agenciainfra.com\/blog\/#organization","name":"Ag\u00eancia iNFRA","url":"https:\/\/agenciainfra.com\/blog\/","logo":{"@type":"ImageObject","inLanguage":"pt-BR","@id":"https:\/\/agenciainfra.com\/blog\/#\/schema\/logo\/image\/","url":"https:\/\/agenciainfra.com\/blog\/wp-content\/uploads\/2023\/09\/iNFRA_5-e1761735885940.png","contentUrl":"https:\/\/agenciainfra.com\/blog\/wp-content\/uploads\/2023\/09\/iNFRA_5-e1761735885940.png","width":1672,"height":454,"caption":"Ag\u00eancia iNFRA"},"image":{"@id":"https:\/\/agenciainfra.com\/blog\/#\/schema\/logo\/image\/"},"sameAs":["https:\/\/www.facebook.com\/ageninfra","https:\/\/x.com\/agencia_infra","https:\/\/www.linkedin.com\/company\/ag\u00eanciainfra\/","https:\/\/www.instagram.com\/agenciainfra\/"]},{"@type":"Person","@id":"https:\/\/agenciainfra.com\/blog\/#\/schema\/person\/34af08dff6adea4cb22b06612ba7acfa","name":"Ag\u00eancia iNFRA","image":{"@type":"ImageObject","inLanguage":"pt-BR","@id":"https:\/\/agenciainfra.com\/blog\/#\/schema\/person\/image\/","url":"https:\/\/secure.gravatar.com\/avatar\/d189e01678f06d8eb84d4e01f08eb848b3fffe3f8443818d3c356c66892f5be8?s=96&d=mm&r=g","contentUrl":"https:\/\/secure.gravatar.com\/avatar\/d189e01678f06d8eb84d4e01f08eb848b3fffe3f8443818d3c356c66892f5be8?s=96&d=mm&r=g","caption":"Ag\u00eancia iNFRA"},"url":"https:\/\/agenciainfra.com\/blog\/author\/admin\/"}]}},"_links":{"self":[{"href":"https:\/\/agenciainfra.com\/blog\/wp-json\/wp\/v2\/posts\/27297","targetHints":{"allow":["GET"]}}],"collection":[{"href":"https:\/\/agenciainfra.com\/blog\/wp-json\/wp\/v2\/posts"}],"about":[{"href":"https:\/\/agenciainfra.com\/blog\/wp-json\/wp\/v2\/types\/post"}],"author":[{"embeddable":true,"href":"https:\/\/agenciainfra.com\/blog\/wp-json\/wp\/v2\/users\/1"}],"replies":[{"embeddable":true,"href":"https:\/\/agenciainfra.com\/blog\/wp-json\/wp\/v2\/comments?post=27297"}],"version-history":[{"count":2,"href":"https:\/\/agenciainfra.com\/blog\/wp-json\/wp\/v2\/posts\/27297\/revisions"}],"predecessor-version":[{"id":27304,"href":"https:\/\/agenciainfra.com\/blog\/wp-json\/wp\/v2\/posts\/27297\/revisions\/27304"}],"wp:featuredmedia":[{"embeddable":true,"href":"https:\/\/agenciainfra.com\/blog\/wp-json\/wp\/v2\/media\/23389"}],"wp:attachment":[{"href":"https:\/\/agenciainfra.com\/blog\/wp-json\/wp\/v2\/media?parent=27297"}],"wp:term":[{"taxonomy":"category","embeddable":true,"href":"https:\/\/agenciainfra.com\/blog\/wp-json\/wp\/v2\/categories?post=27297"},{"taxonomy":"post_tag","embeddable":true,"href":"https:\/\/agenciainfra.com\/blog\/wp-json\/wp\/v2\/tags?post=27297"}],"curies":[{"name":"wp","href":"https:\/\/api.w.org\/{rel}","templated":true}]}}