{"id":27322,"date":"2025-09-05T20:07:56","date_gmt":"2025-09-05T23:07:56","guid":{"rendered":"https:\/\/agenciainfra.com\/blog\/?p=27322"},"modified":"2025-09-05T20:07:58","modified_gmt":"2025-09-05T23:07:58","slug":"mpor-reforca-acoes-no-rio-madeira-para-garantir-navegacao-e-abastecimento","status":"publish","type":"post","link":"https:\/\/agenciainfra.com\/blog\/mpor-reforca-acoes-no-rio-madeira-para-garantir-navegacao-e-abastecimento\/","title":{"rendered":"MPor refor\u00e7a a\u00e7\u00f5es no rio Madeira para garantir navega\u00e7\u00e3o e abastecimento"},"content":{"rendered":"\n<p class=\"has-text-align-right\"><strong>da Ag\u00eancia iNFRA<\/strong><\/p>\n\n\n\n<p>O MPor (Minist\u00e9rio de Portos e Aeroportos) tem adotado a\u00e7\u00f5es preventivas para assegurar a navegabilidade, o abastecimento de combust\u00edveis e o transporte de insumos para a Zona Franca de Manaus (AM).<\/p>\n\n\n\n<p>Em Porto Velho (RO), o rio Madeira registra atualmente 2,95 metros de profundidade, 1,75 metro acima do n\u00edvel do mesmo per\u00edodo de 2024.<\/p>\n\n\n\n<p>A dragagem j\u00e1 est\u00e1 em andamento nos trechos cr\u00edticos entre Porto Velho e a cidade de Manicor\u00e9, no Amazonas. A campanha come\u00e7ou em julho pelo passo Salom\u00e3o-Fausto (conclu\u00eddo em agosto), e agora concentra esfor\u00e7os no passo Miriti, de onde ser\u00e3o retirados cerca de 480 mil metros c\u00fabicos de sedimentos, quase metade do volume previsto para 2025. A expectativa \u00e9 concluir esta etapa at\u00e9 20 de setembro.<\/p>\n\n\n\n<p><strong>Planejamento<\/strong><br>De acordo com o DNIT (Departamento Nacional de Infraestrutura de Transportes), o cronograma da campanha de dragagem \u00e9 din\u00e2mico e se ajusta conforme o comportamento do rio. Trechos como Papagaios e Costa S\u00e3o Paulo, inicialmente previstos para dragagem, foram liberados para navega\u00e7\u00e3o, permitindo otimizar recursos.<\/p>\n\n\n\n<p>O DNIT tamb\u00e9m estruturou o Plano Anual de Dragagem e Manuten\u00e7\u00e3o Aquavi\u00e1ria e o Plano de Sinaliza\u00e7\u00e3o N\u00e1utica para o Amazonas, com dura\u00e7\u00e3o de cinco anos. <\/p>\n\n\n\n<p>Para a campanha 2025\/2026, o planejamento j\u00e1 foi aprovado e as ordens de servi\u00e7o emitidas, com in\u00edcio previsto para meados de setembro e conclus\u00e3o at\u00e9 o fim do ano, garantindo a continuidade da navega\u00e7\u00e3o em rotas estrat\u00e9gicas como Manaus\u2013Itacoatiara, Benjamin Constant\u2013S\u00e3o Paulo de Oliven\u00e7a e Coari\u2013Codaj\u00e1s.<\/p>\n\n\n\n<p>Al\u00e9m de garantir a navegabilidade, as a\u00e7\u00f5es do Minist\u00e9rio beneficiam popula\u00e7\u00f5es ribeirinhas, comunidades tradicionais e operadores log\u00edsticos, assegurando o abastecimento de combust\u00edveis, alimentos e insumos, integrando cadeias produtivas da Zona Franca de Manaus e do agroneg\u00f3cio, e aumentando a seguran\u00e7a e efici\u00eancia do transporte fluvial.<\/p>\n\n\n\n<p><\/p>\n","protected":false},"excerpt":{"rendered":"<p>da Ag\u00eancia iNFRA O MPor (Minist\u00e9rio de Portos e Aeroportos) tem adotado a\u00e7\u00f5es preventivas para assegurar a navegabilidade, o abastecimento de combust\u00edveis e o transporte de insumos para a Zona Franca de Manaus (AM). Em Porto Velho (RO), o rio Madeira registra atualmente 2,95 metros de profundidade, 1,75 metro acima do n\u00edvel do mesmo per\u00edodo [&hellip;]<\/p>\n","protected":false},"author":1,"featured_media":27027,"comment_status":"closed","ping_status":"closed","sticky":false,"template":"","format":"standard","meta":{"_monsterinsights_skip_tracking":false,"_monsterinsights_sitenote_active":false,"_monsterinsights_sitenote_note":"","_monsterinsights_sitenote_category":0,"footnotes":""},"categories":[1,13576],"tags":[672,3082,2778,4236],"class_list":["post-27322","post","type-post","status-publish","format-standard","has-post-thumbnail","hentry","category-geral","category-giro-infra","tag-amazonas","tag-dragagem-2","tag-estiagem","tag-rio-madeira"],"yoast_head":"<!-- This site is optimized with the Yoast SEO Premium plugin v25.4 (Yoast SEO v26.0) - https:\/\/yoast.com\/wordpress\/plugins\/seo\/ -->\n<title>MPor refor\u00e7a a\u00e7\u00f5es no rio Madeira para garantir navega\u00e7\u00e3o e abastecimento - Ag\u00eancia iNFRA<\/title>\n<meta name=\"robots\" content=\"index, follow, max-snippet:-1, max-image-preview:large, max-video-preview:-1\" \/>\n<link rel=\"canonical\" href=\"https:\/\/agenciainfra.com\/blog\/mpor-reforca-acoes-no-rio-madeira-para-garantir-navegacao-e-abastecimento\/\" \/>\n<meta property=\"og:locale\" content=\"pt_BR\" \/>\n<meta property=\"og:type\" content=\"article\" \/>\n<meta property=\"og:title\" content=\"MPor refor\u00e7a a\u00e7\u00f5es no rio Madeira para garantir navega\u00e7\u00e3o e abastecimento\" \/>\n<meta property=\"og:description\" content=\"da Ag\u00eancia iNFRA O MPor (Minist\u00e9rio de Portos e Aeroportos) tem adotado a\u00e7\u00f5es preventivas para assegurar a navegabilidade, o abastecimento de combust\u00edveis e o transporte de insumos para a Zona Franca de Manaus (AM). Em Porto Velho (RO), o rio Madeira registra atualmente 2,95 metros de profundidade, 1,75 metro acima do n\u00edvel do mesmo per\u00edodo [&hellip;]\" \/>\n<meta property=\"og:url\" content=\"https:\/\/agenciainfra.com\/blog\/mpor-reforca-acoes-no-rio-madeira-para-garantir-navegacao-e-abastecimento\/\" \/>\n<meta property=\"og:site_name\" content=\"Ag\u00eancia iNFRA\" \/>\n<meta property=\"article:publisher\" content=\"https:\/\/www.facebook.com\/ageninfra\" \/>\n<meta property=\"article:published_time\" content=\"2025-09-05T23:07:56+00:00\" \/>\n<meta property=\"article:modified_time\" content=\"2025-09-05T23:07:58+00:00\" \/>\n<meta property=\"og:image\" content=\"https:\/\/agenciainfra.com\/blog\/wp-content\/uploads\/2025\/09\/dragagem-rio-madeira-foto-dnit.jpeg\" \/>\n\t<meta property=\"og:image:width\" content=\"768\" \/>\n\t<meta property=\"og:image:height\" content=\"432\" \/>\n\t<meta property=\"og:image:type\" content=\"image\/jpeg\" \/>\n<meta name=\"author\" content=\"Ag\u00eancia iNFRA\" \/>\n<meta name=\"twitter:card\" content=\"summary_large_image\" \/>\n<meta name=\"twitter:creator\" content=\"@agencia_infra\" \/>\n<meta name=\"twitter:site\" content=\"@agencia_infra\" \/>\n<meta name=\"twitter:label1\" content=\"Escrito por\" \/>\n\t<meta name=\"twitter:data1\" content=\"Ag\u00eancia iNFRA\" \/>\n\t<meta name=\"twitter:label2\" content=\"Est. tempo de leitura\" \/>\n\t<meta name=\"twitter:data2\" content=\"2 minutos\" \/>\n<script type=\"application\/ld+json\" class=\"yoast-schema-graph\">{\"@context\":\"https:\/\/schema.org\",\"@graph\":[{\"@type\":\"Article\",\"@id\":\"https:\/\/agenciainfra.com\/blog\/mpor-reforca-acoes-no-rio-madeira-para-garantir-navegacao-e-abastecimento\/#article\",\"isPartOf\":{\"@id\":\"https:\/\/agenciainfra.com\/blog\/mpor-reforca-acoes-no-rio-madeira-para-garantir-navegacao-e-abastecimento\/\"},\"author\":{\"name\":\"Ag\u00eancia iNFRA\",\"@id\":\"https:\/\/agenciainfra.com\/blog\/#\/schema\/person\/34af08dff6adea4cb22b06612ba7acfa\"},\"headline\":\"MPor refor\u00e7a a\u00e7\u00f5es no rio Madeira para garantir navega\u00e7\u00e3o e abastecimento\",\"datePublished\":\"2025-09-05T23:07:56+00:00\",\"dateModified\":\"2025-09-05T23:07:58+00:00\",\"mainEntityOfPage\":{\"@id\":\"https:\/\/agenciainfra.com\/blog\/mpor-reforca-acoes-no-rio-madeira-para-garantir-navegacao-e-abastecimento\/\"},\"wordCount\":333,\"publisher\":{\"@id\":\"https:\/\/agenciainfra.com\/blog\/#organization\"},\"image\":{\"@id\":\"https:\/\/agenciainfra.com\/blog\/mpor-reforca-acoes-no-rio-madeira-para-garantir-navegacao-e-abastecimento\/#primaryimage\"},\"thumbnailUrl\":\"https:\/\/agenciainfra.com\/blog\/wp-content\/uploads\/2025\/09\/dragagem-rio-madeira-foto-dnit.jpeg\",\"keywords\":[\"amazonas\",\"dragagem\",\"estiagem\",\"Rio Madeira\"],\"articleSection\":[\"Geral\",\"Giro iNFRA\"],\"inLanguage\":\"pt-BR\",\"copyrightYear\":\"2025\",\"copyrightHolder\":{\"@id\":\"https:\/\/agenciainfra.com\/blog\/#organization\"}},{\"@type\":\"WebPage\",\"@id\":\"https:\/\/agenciainfra.com\/blog\/mpor-reforca-acoes-no-rio-madeira-para-garantir-navegacao-e-abastecimento\/\",\"url\":\"https:\/\/agenciainfra.com\/blog\/mpor-reforca-acoes-no-rio-madeira-para-garantir-navegacao-e-abastecimento\/\",\"name\":\"MPor refor\u00e7a a\u00e7\u00f5es no rio Madeira para garantir navega\u00e7\u00e3o e abastecimento - Ag\u00eancia iNFRA\",\"isPartOf\":{\"@id\":\"https:\/\/agenciainfra.com\/blog\/#website\"},\"primaryImageOfPage\":{\"@id\":\"https:\/\/agenciainfra.com\/blog\/mpor-reforca-acoes-no-rio-madeira-para-garantir-navegacao-e-abastecimento\/#primaryimage\"},\"image\":{\"@id\":\"https:\/\/agenciainfra.com\/blog\/mpor-reforca-acoes-no-rio-madeira-para-garantir-navegacao-e-abastecimento\/#primaryimage\"},\"thumbnailUrl\":\"https:\/\/agenciainfra.com\/blog\/wp-content\/uploads\/2025\/09\/dragagem-rio-madeira-foto-dnit.jpeg\",\"datePublished\":\"2025-09-05T23:07:56+00:00\",\"dateModified\":\"2025-09-05T23:07:58+00:00\",\"breadcrumb\":{\"@id\":\"https:\/\/agenciainfra.com\/blog\/mpor-reforca-acoes-no-rio-madeira-para-garantir-navegacao-e-abastecimento\/#breadcrumb\"},\"inLanguage\":\"pt-BR\",\"potentialAction\":[{\"@type\":\"ReadAction\",\"target\":[\"https:\/\/agenciainfra.com\/blog\/mpor-reforca-acoes-no-rio-madeira-para-garantir-navegacao-e-abastecimento\/\"]}]},{\"@type\":\"ImageObject\",\"inLanguage\":\"pt-BR\",\"@id\":\"https:\/\/agenciainfra.com\/blog\/mpor-reforca-acoes-no-rio-madeira-para-garantir-navegacao-e-abastecimento\/#primaryimage\",\"url\":\"https:\/\/agenciainfra.com\/blog\/wp-content\/uploads\/2025\/09\/dragagem-rio-madeira-foto-dnit.jpeg\",\"contentUrl\":\"https:\/\/agenciainfra.com\/blog\/wp-content\/uploads\/2025\/09\/dragagem-rio-madeira-foto-dnit.jpeg\",\"width\":768,\"height\":432,\"caption\":\"Foto: Divulga\u00e7\u00e3o\/DNIT\"},{\"@type\":\"BreadcrumbList\",\"@id\":\"https:\/\/agenciainfra.com\/blog\/mpor-reforca-acoes-no-rio-madeira-para-garantir-navegacao-e-abastecimento\/#breadcrumb\",\"itemListElement\":[{\"@type\":\"ListItem\",\"position\":1,\"name\":\"In\u00edcio\",\"item\":\"https:\/\/agenciainfra.com\/blog\/\"},{\"@type\":\"ListItem\",\"position\":2,\"name\":\"MPor refor\u00e7a a\u00e7\u00f5es no rio Madeira para garantir navega\u00e7\u00e3o e abastecimento\"}]},{\"@type\":\"WebSite\",\"@id\":\"https:\/\/agenciainfra.com\/blog\/#website\",\"url\":\"https:\/\/agenciainfra.com\/blog\/\",\"name\":\"Ag\u00eancia iNFRA\",\"description\":\"Multiplataforma de informa\u00e7\u00e3o jornal\u00edstica refer\u00eancia na \u00e1rea de infraestrutura no Brasil!\",\"publisher\":{\"@id\":\"https:\/\/agenciainfra.com\/blog\/#organization\"},\"potentialAction\":[{\"@type\":\"SearchAction\",\"target\":{\"@type\":\"EntryPoint\",\"urlTemplate\":\"https:\/\/agenciainfra.com\/blog\/?s={search_term_string}\"},\"query-input\":{\"@type\":\"PropertyValueSpecification\",\"valueRequired\":true,\"valueName\":\"search_term_string\"}}],\"inLanguage\":\"pt-BR\"},{\"@type\":\"Organization\",\"@id\":\"https:\/\/agenciainfra.com\/blog\/#organization\",\"name\":\"Ag\u00eancia iNFRA\",\"url\":\"https:\/\/agenciainfra.com\/blog\/\",\"logo\":{\"@type\":\"ImageObject\",\"inLanguage\":\"pt-BR\",\"@id\":\"https:\/\/agenciainfra.com\/blog\/#\/schema\/logo\/image\/\",\"url\":\"https:\/\/agenciainfra.com\/blog\/wp-content\/uploads\/2023\/09\/iNFRA_5-e1761735885940.png\",\"contentUrl\":\"https:\/\/agenciainfra.com\/blog\/wp-content\/uploads\/2023\/09\/iNFRA_5-e1761735885940.png\",\"width\":1672,\"height\":454,\"caption\":\"Ag\u00eancia iNFRA\"},\"image\":{\"@id\":\"https:\/\/agenciainfra.com\/blog\/#\/schema\/logo\/image\/\"},\"sameAs\":[\"https:\/\/www.facebook.com\/ageninfra\",\"https:\/\/x.com\/agencia_infra\",\"https:\/\/www.linkedin.com\/company\/ag\u00eanciainfra\/\",\"https:\/\/www.instagram.com\/agenciainfra\/\"]},{\"@type\":\"Person\",\"@id\":\"https:\/\/agenciainfra.com\/blog\/#\/schema\/person\/34af08dff6adea4cb22b06612ba7acfa\",\"name\":\"Ag\u00eancia iNFRA\",\"image\":{\"@type\":\"ImageObject\",\"inLanguage\":\"pt-BR\",\"@id\":\"https:\/\/agenciainfra.com\/blog\/#\/schema\/person\/image\/\",\"url\":\"https:\/\/secure.gravatar.com\/avatar\/d189e01678f06d8eb84d4e01f08eb848b3fffe3f8443818d3c356c66892f5be8?s=96&d=mm&r=g\",\"contentUrl\":\"https:\/\/secure.gravatar.com\/avatar\/d189e01678f06d8eb84d4e01f08eb848b3fffe3f8443818d3c356c66892f5be8?s=96&d=mm&r=g\",\"caption\":\"Ag\u00eancia iNFRA\"},\"url\":\"https:\/\/agenciainfra.com\/blog\/author\/admin\/\"}]}<\/script>\n<!-- \/ Yoast SEO Premium plugin. -->","yoast_head_json":{"title":"MPor refor\u00e7a a\u00e7\u00f5es no rio Madeira para garantir navega\u00e7\u00e3o e abastecimento - Ag\u00eancia iNFRA","robots":{"index":"index","follow":"follow","max-snippet":"max-snippet:-1","max-image-preview":"max-image-preview:large","max-video-preview":"max-video-preview:-1"},"canonical":"https:\/\/agenciainfra.com\/blog\/mpor-reforca-acoes-no-rio-madeira-para-garantir-navegacao-e-abastecimento\/","og_locale":"pt_BR","og_type":"article","og_title":"MPor refor\u00e7a a\u00e7\u00f5es no rio Madeira para garantir navega\u00e7\u00e3o e abastecimento","og_description":"da Ag\u00eancia iNFRA O MPor (Minist\u00e9rio de Portos e Aeroportos) tem adotado a\u00e7\u00f5es preventivas para assegurar a navegabilidade, o abastecimento de combust\u00edveis e o transporte de insumos para a Zona Franca de Manaus (AM). Em Porto Velho (RO), o rio Madeira registra atualmente 2,95 metros de profundidade, 1,75 metro acima do n\u00edvel do mesmo per\u00edodo [&hellip;]","og_url":"https:\/\/agenciainfra.com\/blog\/mpor-reforca-acoes-no-rio-madeira-para-garantir-navegacao-e-abastecimento\/","og_site_name":"Ag\u00eancia iNFRA","article_publisher":"https:\/\/www.facebook.com\/ageninfra","article_published_time":"2025-09-05T23:07:56+00:00","article_modified_time":"2025-09-05T23:07:58+00:00","og_image":[{"width":768,"height":432,"url":"https:\/\/agenciainfra.com\/blog\/wp-content\/uploads\/2025\/09\/dragagem-rio-madeira-foto-dnit.jpeg","type":"image\/jpeg"}],"author":"Ag\u00eancia iNFRA","twitter_card":"summary_large_image","twitter_creator":"@agencia_infra","twitter_site":"@agencia_infra","twitter_misc":{"Escrito por":"Ag\u00eancia iNFRA","Est. tempo de leitura":"2 minutos"},"schema":{"@context":"https:\/\/schema.org","@graph":[{"@type":"Article","@id":"https:\/\/agenciainfra.com\/blog\/mpor-reforca-acoes-no-rio-madeira-para-garantir-navegacao-e-abastecimento\/#article","isPartOf":{"@id":"https:\/\/agenciainfra.com\/blog\/mpor-reforca-acoes-no-rio-madeira-para-garantir-navegacao-e-abastecimento\/"},"author":{"name":"Ag\u00eancia iNFRA","@id":"https:\/\/agenciainfra.com\/blog\/#\/schema\/person\/34af08dff6adea4cb22b06612ba7acfa"},"headline":"MPor refor\u00e7a a\u00e7\u00f5es no rio Madeira para garantir navega\u00e7\u00e3o e abastecimento","datePublished":"2025-09-05T23:07:56+00:00","dateModified":"2025-09-05T23:07:58+00:00","mainEntityOfPage":{"@id":"https:\/\/agenciainfra.com\/blog\/mpor-reforca-acoes-no-rio-madeira-para-garantir-navegacao-e-abastecimento\/"},"wordCount":333,"publisher":{"@id":"https:\/\/agenciainfra.com\/blog\/#organization"},"image":{"@id":"https:\/\/agenciainfra.com\/blog\/mpor-reforca-acoes-no-rio-madeira-para-garantir-navegacao-e-abastecimento\/#primaryimage"},"thumbnailUrl":"https:\/\/agenciainfra.com\/blog\/wp-content\/uploads\/2025\/09\/dragagem-rio-madeira-foto-dnit.jpeg","keywords":["amazonas","dragagem","estiagem","Rio Madeira"],"articleSection":["Geral","Giro iNFRA"],"inLanguage":"pt-BR","copyrightYear":"2025","copyrightHolder":{"@id":"https:\/\/agenciainfra.com\/blog\/#organization"}},{"@type":"WebPage","@id":"https:\/\/agenciainfra.com\/blog\/mpor-reforca-acoes-no-rio-madeira-para-garantir-navegacao-e-abastecimento\/","url":"https:\/\/agenciainfra.com\/blog\/mpor-reforca-acoes-no-rio-madeira-para-garantir-navegacao-e-abastecimento\/","name":"MPor refor\u00e7a a\u00e7\u00f5es no rio Madeira para garantir navega\u00e7\u00e3o e abastecimento - Ag\u00eancia iNFRA","isPartOf":{"@id":"https:\/\/agenciainfra.com\/blog\/#website"},"primaryImageOfPage":{"@id":"https:\/\/agenciainfra.com\/blog\/mpor-reforca-acoes-no-rio-madeira-para-garantir-navegacao-e-abastecimento\/#primaryimage"},"image":{"@id":"https:\/\/agenciainfra.com\/blog\/mpor-reforca-acoes-no-rio-madeira-para-garantir-navegacao-e-abastecimento\/#primaryimage"},"thumbnailUrl":"https:\/\/agenciainfra.com\/blog\/wp-content\/uploads\/2025\/09\/dragagem-rio-madeira-foto-dnit.jpeg","datePublished":"2025-09-05T23:07:56+00:00","dateModified":"2025-09-05T23:07:58+00:00","breadcrumb":{"@id":"https:\/\/agenciainfra.com\/blog\/mpor-reforca-acoes-no-rio-madeira-para-garantir-navegacao-e-abastecimento\/#breadcrumb"},"inLanguage":"pt-BR","potentialAction":[{"@type":"ReadAction","target":["https:\/\/agenciainfra.com\/blog\/mpor-reforca-acoes-no-rio-madeira-para-garantir-navegacao-e-abastecimento\/"]}]},{"@type":"ImageObject","inLanguage":"pt-BR","@id":"https:\/\/agenciainfra.com\/blog\/mpor-reforca-acoes-no-rio-madeira-para-garantir-navegacao-e-abastecimento\/#primaryimage","url":"https:\/\/agenciainfra.com\/blog\/wp-content\/uploads\/2025\/09\/dragagem-rio-madeira-foto-dnit.jpeg","contentUrl":"https:\/\/agenciainfra.com\/blog\/wp-content\/uploads\/2025\/09\/dragagem-rio-madeira-foto-dnit.jpeg","width":768,"height":432,"caption":"Foto: Divulga\u00e7\u00e3o\/DNIT"},{"@type":"BreadcrumbList","@id":"https:\/\/agenciainfra.com\/blog\/mpor-reforca-acoes-no-rio-madeira-para-garantir-navegacao-e-abastecimento\/#breadcrumb","itemListElement":[{"@type":"ListItem","position":1,"name":"In\u00edcio","item":"https:\/\/agenciainfra.com\/blog\/"},{"@type":"ListItem","position":2,"name":"MPor refor\u00e7a a\u00e7\u00f5es no rio Madeira para garantir navega\u00e7\u00e3o e abastecimento"}]},{"@type":"WebSite","@id":"https:\/\/agenciainfra.com\/blog\/#website","url":"https:\/\/agenciainfra.com\/blog\/","name":"Ag\u00eancia iNFRA","description":"Multiplataforma de informa\u00e7\u00e3o jornal\u00edstica refer\u00eancia na \u00e1rea de infraestrutura no Brasil!","publisher":{"@id":"https:\/\/agenciainfra.com\/blog\/#organization"},"potentialAction":[{"@type":"SearchAction","target":{"@type":"EntryPoint","urlTemplate":"https:\/\/agenciainfra.com\/blog\/?s={search_term_string}"},"query-input":{"@type":"PropertyValueSpecification","valueRequired":true,"valueName":"search_term_string"}}],"inLanguage":"pt-BR"},{"@type":"Organization","@id":"https:\/\/agenciainfra.com\/blog\/#organization","name":"Ag\u00eancia iNFRA","url":"https:\/\/agenciainfra.com\/blog\/","logo":{"@type":"ImageObject","inLanguage":"pt-BR","@id":"https:\/\/agenciainfra.com\/blog\/#\/schema\/logo\/image\/","url":"https:\/\/agenciainfra.com\/blog\/wp-content\/uploads\/2023\/09\/iNFRA_5-e1761735885940.png","contentUrl":"https:\/\/agenciainfra.com\/blog\/wp-content\/uploads\/2023\/09\/iNFRA_5-e1761735885940.png","width":1672,"height":454,"caption":"Ag\u00eancia iNFRA"},"image":{"@id":"https:\/\/agenciainfra.com\/blog\/#\/schema\/logo\/image\/"},"sameAs":["https:\/\/www.facebook.com\/ageninfra","https:\/\/x.com\/agencia_infra","https:\/\/www.linkedin.com\/company\/ag\u00eanciainfra\/","https:\/\/www.instagram.com\/agenciainfra\/"]},{"@type":"Person","@id":"https:\/\/agenciainfra.com\/blog\/#\/schema\/person\/34af08dff6adea4cb22b06612ba7acfa","name":"Ag\u00eancia iNFRA","image":{"@type":"ImageObject","inLanguage":"pt-BR","@id":"https:\/\/agenciainfra.com\/blog\/#\/schema\/person\/image\/","url":"https:\/\/secure.gravatar.com\/avatar\/d189e01678f06d8eb84d4e01f08eb848b3fffe3f8443818d3c356c66892f5be8?s=96&d=mm&r=g","contentUrl":"https:\/\/secure.gravatar.com\/avatar\/d189e01678f06d8eb84d4e01f08eb848b3fffe3f8443818d3c356c66892f5be8?s=96&d=mm&r=g","caption":"Ag\u00eancia iNFRA"},"url":"https:\/\/agenciainfra.com\/blog\/author\/admin\/"}]}},"_links":{"self":[{"href":"https:\/\/agenciainfra.com\/blog\/wp-json\/wp\/v2\/posts\/27322","targetHints":{"allow":["GET"]}}],"collection":[{"href":"https:\/\/agenciainfra.com\/blog\/wp-json\/wp\/v2\/posts"}],"about":[{"href":"https:\/\/agenciainfra.com\/blog\/wp-json\/wp\/v2\/types\/post"}],"author":[{"embeddable":true,"href":"https:\/\/agenciainfra.com\/blog\/wp-json\/wp\/v2\/users\/1"}],"replies":[{"embeddable":true,"href":"https:\/\/agenciainfra.com\/blog\/wp-json\/wp\/v2\/comments?post=27322"}],"version-history":[{"count":1,"href":"https:\/\/agenciainfra.com\/blog\/wp-json\/wp\/v2\/posts\/27322\/revisions"}],"predecessor-version":[{"id":27323,"href":"https:\/\/agenciainfra.com\/blog\/wp-json\/wp\/v2\/posts\/27322\/revisions\/27323"}],"wp:featuredmedia":[{"embeddable":true,"href":"https:\/\/agenciainfra.com\/blog\/wp-json\/wp\/v2\/media\/27027"}],"wp:attachment":[{"href":"https:\/\/agenciainfra.com\/blog\/wp-json\/wp\/v2\/media?parent=27322"}],"wp:term":[{"taxonomy":"category","embeddable":true,"href":"https:\/\/agenciainfra.com\/blog\/wp-json\/wp\/v2\/categories?post=27322"},{"taxonomy":"post_tag","embeddable":true,"href":"https:\/\/agenciainfra.com\/blog\/wp-json\/wp\/v2\/tags?post=27322"}],"curies":[{"name":"wp","href":"https:\/\/api.w.org\/{rel}","templated":true}]}}