{"id":2735,"date":"2018-12-31T01:00:17","date_gmt":"2018-12-31T04:00:17","guid":{"rendered":"http:\/\/www.agenciainfra.com\/blog\/?p=2735"},"modified":"2019-01-01T20:04:59","modified_gmt":"2019-01-01T23:04:59","slug":"extincao-da-antt-e-da-antaq-e-criacao-de-nova-agencia-reguladora-de-transportes-terrestres-e-aquaviarios","status":"publish","type":"post","link":"https:\/\/agenciainfra.com\/blog\/extincao-da-antt-e-da-antaq-e-criacao-de-nova-agencia-reguladora-de-transportes-terrestres-e-aquaviarios\/","title":{"rendered":"Extin\u00e7\u00e3o da ANTT e da ANTAQ e cria\u00e7\u00e3o de nova ag\u00eancia reguladora de transportes terrestres e aquavi\u00e1rios"},"content":{"rendered":"<h5 style=\"text-align: right;\"><strong>Mauricio Portugal Ribeiro<a href=\"#_ftn1\" name=\"_ftnref1\">[1]<\/a><\/strong><\/h5>\n<p>A Ag\u00eancia Infra antecipou no dia 21\/12\/2018 que o Governo Bolsonaro pretendia realizar fus\u00e3o entre a ANTT \u2013 Ag\u00eancia Nacional de Transportes Terrestres e a ANTAQ \u2013 Ag\u00eancia Nacional de Transportes Aquavi\u00e1rios. Aparentemente, a rigor, a inten\u00e7\u00e3o do Governo \u00e9 extinguir ambas as mencionadas ag\u00eancias e criar uma nova ag\u00eancia que enfeixe as compet\u00eancias e atribui\u00e7\u00f5es das duas anteriores.<a href=\"#_ftn2\" name=\"_ftnref2\">[2]<\/a><\/p>\n<p>Antes de seguir falando desse tema, acho importante mencionar para o leitor que sou advogado, especialista nos setores de infraestrutura, e atualmente advogado de v\u00e1rias concession\u00e1rias em processos perante ag\u00eancias reguladoras, inclusive ANTT e ANTAQ.<\/p>\n<p>Trata-se de ag\u00eancias reguladoras que t\u00eam sido incapazes de lidar com problemas graves nos respectivos setores, que se arrastam h\u00e1 anos. Por exemplo, entre outros tantos problemas, vale citar: a necessidade de reestrutura\u00e7\u00e3o de pelo menos 5 contratos de concess\u00f5es federais de rodovias assinados entre 2010 e 2014, que, se n\u00e3o forem reestruturados, caminhar\u00e3o para a rescis\u00e3o ou caducidade com graves preju\u00edzos para todos envolvidos, particularmente para os usu\u00e1rios dos servi\u00e7os; a necessidade de criar uma regula\u00e7\u00e3o adequada para o transporte multimodal, algo que requer, no cen\u00e1rio atual, coordena\u00e7\u00e3o entre a ANTT e a ANTAQ e que at\u00e9 o presente n\u00e3o se mostrou vi\u00e1vel; o estabelecimento de uma nova rela\u00e7\u00e3o com o TCU e com os demais controladores da Administra\u00e7\u00e3o P\u00fablica, que, como j\u00e1 notei em outro <a href=\"https:\/\/www.jota.info\/?pagename=paywall&amp;redirect_to=\/\/www.jota.info\/tributos-e-empresas\/regulacao\/o-tcu-atua-como-gestor-publico-tratemo-lo-como-tal-13112018\">artigo<\/a> publicado recentemente, viraram cogestores dessas ag\u00eancias; enfim, o restabelecimento da credibilidade das ag\u00eancias como entes imparciais entre Governo, concession\u00e1rio e usu\u00e1rios, capazes de solucionar os conflitos com decis\u00f5es t\u00e9cnicas que assegurem o cumprimento das leis e dos contratos.<\/p>\n<p>Creio que j\u00e1 est\u00e1 claro para qualquer um que acompanha o setor de transporte que esses problemas n\u00e3o ser\u00e3o resolvidos pelas estruturas atuais. Portanto, por tr\u00e1s dessa iniciativa de cria\u00e7\u00e3o de uma nova ag\u00eancia, aparentemente h\u00e1 a percep\u00e7\u00e3o de que as ag\u00eancias existentes n\u00e3o cumprem suas fun\u00e7\u00f5es e n\u00e3o ser\u00e3o capazes de cumpri-las.<\/p>\n<p>Note-se que n\u00e3o se trata de uma descoberta nova. J\u00e1 em 2015, quando Joaquim Levy era Ministro da Fazenda do Governo Dilma, isso era claro para os especialistas no tema. O anteprojeto de lei do PPP Mais, elaborado por uma comiss\u00e3o de juristas nomeada nessa \u00e9poca por Levy e capitaneada pelo Professor Carlos Ari Sundfeld \u2013 apesar de alguns equ\u00edvocos, que apontei em <a href=\"http:\/\/www.portugalribeiro.com.br\/wpp\/wp-content\/uploads\/seguro-garantia-para-tudo-final3.pdf\">outros estudos<\/a> \u2013 percebia esse problema e adotava uma estrat\u00e9gia de tirar das ag\u00eancias reguladoras todas as decis\u00f5es finais relevantes na esfera administrativa sobre os contratos de concess\u00e3o e PPP. Naquela \u00e9poca, mencionei, em <a href=\"http:\/\/www.portugalribeiro.com.br\/wpp\/wp-content\/uploads\/erros-e-acertos-do-ppp-mais-versao-6-em-15-12-2005-final.pdf\">artigo<\/a> que publiquei sobre o regime dos contratos previsto no Anteprojeto do PPP Mais, o enorme custo para a sociedade de manter as ag\u00eancias reguladoras funcionando, mas transferir todas as decis\u00f5es que elas deveriam ser capazes de tomar para pain\u00e9is de especialistas, \u00e1rbitros ou outras entidades, que cobram, como \u00e9 natural, pre\u00e7o para assumir essas atribui\u00e7\u00f5es. Era, ent\u00e3o, clara a necessidade de reestruturar as ag\u00eancias particularmente as do setor de transporte terrestre e aquavi\u00e1rio. A op\u00e7\u00e3o, contudo, do PPP Mais era pelo esvaziamento das ag\u00eancias.<\/p>\n<p>Agora, se entendi bem, a op\u00e7\u00e3o do Governo Bolsonaro \u00e9 pela extin\u00e7\u00e3o das ag\u00eancias existentes e cria\u00e7\u00e3o de uma nova ag\u00eancia forte e com condi\u00e7\u00f5es institucionais de independ\u00eancia para desempenhar adequadamente o seu papel. Essa solu\u00e7\u00e3o, do ponto de vista te\u00f3rico, \u00e9 melhor que o esvaziamento das atribui\u00e7\u00f5es das ag\u00eancias anteriormente proposta.<a href=\"#_ftn3\" name=\"_ftnref3\">[3]<\/a><\/p>\n<p>Em 2016, escrevi em coautoria com Eduardo Jord\u00e3o, 3 artigos, depois consolidados em um <a href=\"https:\/\/www.google.com\/url?sa=t&amp;rct=j&amp;q=&amp;esrc=s&amp;source=web&amp;cd=4&amp;ved=2ahUKEwijt6-648XfAhXIG5AKHfN5DmgQFjADegQIBRAC&amp;url=https%3A%2F%2Festudosinstitucionais.com%2FREI%2Farticle%2Fdownload%2F155%2F132&amp;usg=AOvVaw1tOg2S31D_CcIdCDb3gBeN\">artigo maior<\/a>, mostrando as diversas formas pelas quais as ag\u00eancias foram desestruturadas nos \u00faltimos 15 anos, pelo pr\u00f3prio poder executivo, pela atividade dos \u00f3rg\u00e3os de controle e pela atividade das pr\u00f3prias ag\u00eancias, dos seus diretores e corpo t\u00e9cnico. V\u00e1rios dos problemas que analisamos atingiam a ANTT e a ANTAQ. Particularmente, essas ag\u00eancias perderam condi\u00e7\u00f5es institucionais de independ\u00eancia. O golpe de miseric\u00f3rdia em rela\u00e7\u00e3o a esse tema, para ambas as ag\u00eancias, foi a nomea\u00e7\u00e3o de diretores interinos, sem mandato, demiss\u00edveis a qualquer tempo pela ent\u00e3o Presidente da Rep\u00fablica, o que eliminou suas condi\u00e7\u00f5es institucionais de independ\u00eancia pol\u00edtica.<a href=\"#_ftn4\" name=\"_ftnref4\">[4]<\/a><\/p>\n<p>O Governo Temer restabeleceu as condi\u00e7\u00f5es institucionais de independ\u00eancia, seguindo nas nomea\u00e7\u00f5es de diretores dessas ag\u00eancias o processo previsto em lei: submiss\u00e3o dos nomes ao Poder Legislativo para sabatina, aprova\u00e7\u00e3o e atribui\u00e7\u00e3o de mandato. Contudo, malgrado alguns diretores nomeados terem alguma rela\u00e7\u00e3o com os setores regulados, o fundamental para a sua nomea\u00e7\u00e3o era a conex\u00e3o pol\u00edtica com senadores da base aliada no Congresso Nacional. O resultado disso foi que a ANTAQ e a ANTT continuaram incapazes de resolver os maiores problemas que est\u00e3o em suas m\u00e3os.<\/p>\n<p>No caso da ANTT, por exemplo, houve algumas oportunidades, para reestruturar os contratos de concess\u00e3o de rodovias mencionados. Essas oportunidades foram perdidas. A mais not\u00f3ria foi a criada pela Medida Provis\u00f3ria n\u00b0 800\/17, que permitia a reprograma\u00e7\u00e3o de investimentos dos contratos de concess\u00e3o de rodovias, e que se extinguiu sem que a ANTT tivesse praticado os atos que lhe cabia. Agora, os descumprimentos de v\u00e1rios desses contratos \u2013 por todas as partes envolvidas, Uni\u00e3o, ANTT e concession\u00e1rios \u2013 est\u00e3o submetidos ao Poder Judici\u00e1rio ou a tribunais arbitrais, assim como a discuss\u00e3o sobre sua extin\u00e7\u00e3o antecipada, indeniza\u00e7\u00e3o por investimentos n\u00e3o amortizados e aplica\u00e7\u00e3o de quaisquer san\u00e7\u00f5es, o que paralisou o cumprimento de obriga\u00e7\u00f5es relevantes desses contratos. A in\u00e9rcia da ANTT foi sem d\u00favida o motivo central para a escalada dos conflitos, situa\u00e7\u00e3o que foi v\u00e1rias vezes prenunciada.<a href=\"#_ftn5\" name=\"_ftnref5\">[5]<\/a><\/p>\n<p>A principal raz\u00e3o para a paralisia nos \u00faltimos anos dessas ag\u00eancias foi o temor dos \u00f3rg\u00e3os de controle, particularmente da sua atividade de aplica\u00e7\u00e3o de san\u00e7\u00f5es pessoais aos agentes p\u00fablicos envolvidos em decis\u00f5es das quais os \u00f3rg\u00e3os de controle, por qualquer motivo, discordem.<a href=\"#_ftn6\" name=\"_ftnref6\">[6]<\/a><\/p>\n<p>Entre os diretores e t\u00e9cnicos da ag\u00eancia, as estrat\u00e9gias mais comuns para lidar com o temor ao TCU s\u00e3o: (i) ou negar qualquer pedido em favor de concession\u00e1rios, mesmo que eles sejam respaldados em normas legais ou contratuais, o que tem levado os temas ao Poder Judici\u00e1rio ou \u00e0 arbitragem; ou (ii) n\u00e3o decidir pleitos que tenham a apar\u00eancia de serem a favor de concession\u00e1rios, o que significa represar, por exemplo, pleitos de reequil\u00edbrio com custos relevantes para concession\u00e1rios e usu\u00e1rios dos servi\u00e7os<a href=\"#_ftn7\" name=\"_ftnref7\">[7]<\/a>; ou ainda (iii) delegar a \u00f3rg\u00e3os subordinados a pr\u00e1tica de atos, que, pela sua relev\u00e2ncia n\u00e3o deveriam ser delegados.<a href=\"#_ftn8\" name=\"_ftnref8\">[8]<\/a> Exemplos dessas estrat\u00e9gias n\u00e3o faltam nas ag\u00eancias mencionadas.<\/p>\n<p>Percebendo a continuidade durante o Governo Temer da debilidade t\u00e9cnica das ag\u00eancias e o temor dos agentes p\u00fablicos \u00e0s puni\u00e7\u00f5es pessoais, o TCU e Minist\u00e9rio P\u00fablico avan\u00e7aram sobre as suas compet\u00eancias e viraram cogestores delas. Isso piorou ainda mais a situa\u00e7\u00e3o de absoluta inseguran\u00e7a jur\u00eddica da regula\u00e7\u00e3o desses setores. Atualmente, qualquer decis\u00e3o dessas ag\u00eancias pode ser reaberta a qualquer tempo pelo TCU ou pelo Minist\u00e9rio P\u00fablico e considerada il\u00edcita.<\/p>\n<p>Com todos esses problemas acumulados ao longo de anos, como imaginar que ANTT e ANTAQ ser\u00e3o capazes de \u2013 com diretores que s\u00e3o mais pol\u00edticos que t\u00e9cnicos, alguns deles inclusive com problemas reputacionais not\u00f3rios \u2013 reestruturar contratos de concess\u00e3o em curso? Como imaginar que eles ser\u00e3o capazes de estabelecer uma nova rela\u00e7\u00e3o com os controladores da Administra\u00e7\u00e3o P\u00fablica? Como imaginar, enfim, que eles ser\u00e3o capazes de recuperar a credibilidade dessas ag\u00eancias reguladoras de modo reestabelecer o m\u00ednimo de seguran\u00e7a jur\u00eddica para dar continuidade ao programa de desestatiza\u00e7\u00e3o nesses setores?<\/p>\n<p>Note-se que a extin\u00e7\u00e3o de ag\u00eancias e cria\u00e7\u00e3o de uma nova que congregue as compet\u00eancias das anteriores n\u00e3o \u00e9 algo completamente novo entre n\u00f3s. J\u00e1 aconteceu no Esp\u00edrito Santo, com a extin\u00e7\u00e3o da ARSI \u2013 Ag\u00eancia Reguladora de Saneamento B\u00e1sico e Infraestrutura Vi\u00e1ria do Esp\u00edrito Santo e da ASPE \u2013 Ag\u00eancia de Servi\u00e7os P\u00fablicos de Energia do Estado do Esp\u00edrito Santo para cria\u00e7\u00e3o da ARSP &#8211; Ag\u00eancia de Regula\u00e7\u00e3o de Servi\u00e7os P\u00fablicos. Nesse caso, a decis\u00e3o foi do Governador Paulo Hartung e aparentemente a raz\u00e3o central era racionalizar despesas. N\u00e3o havia ent\u00e3o um problema de m\u00e1 qualidade da regula\u00e7\u00e3o. Portanto, por muito menos do que os problemas que se enfrenta atualmente com ANTT e ANTAQ, se fez a extin\u00e7\u00e3o das ag\u00eancias mencionadas e recria\u00e7\u00e3o de uma \u00fanica ag\u00eancia.<\/p>\n<p>Quanto \u00e0 discuss\u00e3o te\u00f3rica sobre os pr\u00f3s e contras de se criar ag\u00eancias multi-setoriais ou ag\u00eancias dedicadas a cada setor, ela n\u00e3o \u00e9 conclusiva. Se por um lado, ag\u00eancias multisetoriais podem ter ganhos com o aproveitamento da experi\u00eancia e de mecanismos regulat\u00f3rios usados nos v\u00e1rios setores que regula, por outro lado, ag\u00eancias focadas em um \u00fanico setor tendem a atrair e acumular maior expertise sobre o setor regulado.<\/p>\n<p>Enfim, a extin\u00e7\u00e3o da ANTT e da ANTAQ para a cria\u00e7\u00e3o de uma nova ag\u00eancia que agregue as suas compet\u00eancias atuais pode ser controversa \u2013 particularmente porque a extin\u00e7\u00e3o das ag\u00eancias implicar\u00e1 em extin\u00e7\u00e3o dos mandatos em curso dos diretores \u2013 mas me parece que das solu\u00e7\u00f5es at\u00e9 aqui aventadas para os problemas estruturais dessas ag\u00eancias, sem d\u00favida, \u00e9 a melhor. E me parece auspicioso que finalmente um Governo, nos seus n\u00edveis mais altos, esteja disposto a enfrentar os problemas concretos da regula\u00e7\u00e3o nos setores de transporte, que por tanto tempo, desde pelo menos o Governo Fernando Henrique, sempre foi tocado mediante barganhas pol\u00edticas.<\/p>\n<p>Se, juntamente \u00e0 cria\u00e7\u00e3o da nova ag\u00eancia, o Governo ainda adotar algumas das sugest\u00f5es seguintes, teremos avan\u00e7ado de forma relevante:<\/p>\n<ul>\n<li>usar a experi\u00eancia dos \u00faltimos 15 anos para prever mecanismos legais para evitar a captura da ag\u00eancia por Governos, refor\u00e7ando os instrumentos tradicionais que conferem independ\u00eancia pol\u00edtica, administrativa e financeira \u00e0 nova ag\u00eancia, inclusive eliminando a possibilidade de diretores interinos ap\u00f3s o per\u00edodo entre a sua cria\u00e7\u00e3o e a sabatina e aprova\u00e7\u00e3o dos novos diretores;<\/li>\n<li>tornar expressamente ilegal a utiliza\u00e7\u00e3o de recurso hier\u00e1rquico impr\u00f3prio, que na pr\u00e1tica permite aos minist\u00e9rios setoriais se substitu\u00edrem ao papel das ag\u00eancias reguladoras;<\/li>\n<li>prever a necessidade de cumprimento pelos diretores de requisitos t\u00e9cnicos m\u00ednimos e de independ\u00eancia em rela\u00e7\u00e3o ao sistema pol\u00edtico partid\u00e1rio \u2013 para isso, poderia ser aproveitado com as devidas adapta\u00e7\u00f5es as exig\u00eancias do artigo 17 da Lei Federal 13.303\/16;<\/li>\n<li>indicar para a fun\u00e7\u00e3o de diretoria pessoas que tenham reputa\u00e7\u00e3o e compet\u00eancia incontestes. Seria importante tamb\u00e9m o Governo atrair para essas posi\u00e7\u00f5es algumas pessoas do setor privado, por exemplo CEOs de empresas nos setores de infraestrutura, que conhe\u00e7am as dificuldades concretas de realizar investimentos e operar infraestruturas no Brasil para conduzir o processo ao mesmo tempo de redu\u00e7\u00e3o e fortalecimento da regula\u00e7\u00e3o;<\/li>\n<li>prever autoriza\u00e7\u00e3o legal para reestruturar os contratos de concess\u00e3o em curso, inclusive deixando claro que, para isso, n\u00e3o h\u00e1 limite de altera\u00e7\u00e3o a esses contratos, sendo vi\u00e1vel suprimir investimentos, remodelar a aplica\u00e7\u00e3o do Fator D, al\u00e9m de prever expressamente que isso pode ser feito diretamente com os concession\u00e1rios ou como parte de um acordo nas inst\u00e2ncias arbitrais e judiciais, mediante reequil\u00edbrio do contrato e possibilidade de convers\u00e3o de multas e descontos de reequil\u00edbrio (ou Fator D) em investimentos ou dila\u00e7\u00e3o da sua aplica\u00e7\u00e3o para criar condi\u00e7\u00f5es de financiamento para os investimentos a serem realizados;<\/li>\n<li>prever autoriza\u00e7\u00e3o legal para, como parte desses processos de reestrutura\u00e7\u00e3o, autorizar a transfer\u00eancia do controle de concess\u00f5es quando isso for necess\u00e1rio para o sucesso da reestrutura\u00e7\u00e3o, inclusive com a possibilidade de realiza\u00e7\u00e3o da reestrutura\u00e7\u00e3o, com efetividade condicionada \u00e0 transfer\u00eancia de controle para acionista que cumpra as exig\u00eancias legais e contratuais para tanto e que demonstre capacidade de financiar e operar o projeto;<\/li>\n<li>previs\u00e3o legal de limites \u00e0 inger\u00eancia do TCU e do Minist\u00e9rio P\u00fablico nas decis\u00f5es que integrem a atividade final\u00edstica da ag\u00eancia;<\/li>\n<li>previs\u00e3o legal de alguma forma de prote\u00e7\u00e3o aos agentes p\u00fablicos contra processos abertos por controladores da Administra\u00e7\u00e3o P\u00fablica, por exemplo a contrata\u00e7\u00e3o obrigat\u00f3ria pela ag\u00eancia de seguro de responsabilidade profissional para os seus diretores e superintendentes (conhecido como \u201cD&amp;O\u201d) e a exig\u00eancia da ag\u00eancia custear, especialmente quando n\u00e3o houver prova de benef\u00edcios pessoais decorrentes das suas decis\u00f5es, a defesa dos seus funcion\u00e1rios em processos na esfera administrativa ou judicial, de modo a criar as condi\u00e7\u00f5es para que os funcion\u00e1rios possam priorizar o interesse p\u00fablico \u00e0 autoprote\u00e7\u00e3o contra os controladores da Administra\u00e7\u00e3o P\u00fablica;<\/li>\n<li>a previs\u00e3o de regras para contrata\u00e7\u00e3o de consultorias para a estrutura\u00e7\u00e3o de projetos, semelhantes \u00e0s \u201cshort lists\u201d do Banco Mundial ou do BID \u2013 Banco Interamericano de Desenvolvimento, para acabar com a lament\u00e1vel pr\u00e1tica de contrata\u00e7\u00e3o por meio de preg\u00e3o de atividades de consultoria sofisticadas \u2013 ali\u00e1s, o uso do preg\u00e3o \u00e9 mais um exemplo de decis\u00e3o adotada por agentes p\u00fablicos para autoprote\u00e7\u00e3o, deixando de lado o interesse p\u00fablico de contratar a melhor consultoria, ainda que por pre\u00e7os mais altos que os que se obt\u00e9m nos preg\u00f5es;<\/li>\n<li>a cria\u00e7\u00e3o de uma carreira de procurador das ag\u00eancias aut\u00f4noma em rela\u00e7\u00e3o \u00e0 AGU, e de mecanismos para a participa\u00e7\u00e3o formal da Uni\u00e3o, como parte, nos processos que tenha interesse perante a ag\u00eancia, de maneira a superar a natureza inquisitorial dos processos administrativos perante as ag\u00eancias, nos quais a ag\u00eancia e particularmente a sua procuradoria, representem ao mesmo tempo o interesse p\u00fablico tal como definido pela Uni\u00e3o e o interesse da ag\u00eancia enquanto \u00f3rg\u00e3o que deveria ser imparcial entre o Governo, os concession\u00e1rios e os usu\u00e1rios;<\/li>\n<li>estender por lei a possibilidade de utiliza\u00e7\u00e3o de arbitragem para abarcar (1) a possibilidade de aprecia\u00e7\u00e3o da causa para a aplica\u00e7\u00e3o de quaisquer penalidades e, portanto, a possibilidade de anula\u00e7\u00e3o de penalidades, particularmente, multas e caducidade, e (2) a rescis\u00e3o contratual por descumprimento do contrato pelo poder p\u00fablico;<\/li>\n<li>incluir cl\u00e1usulas arbitrais com amplo espectro de aplica\u00e7\u00e3o em todos os contratos em curso nos quais n\u00e3o h\u00e1 cl\u00e1usula arbitral; e,<\/li>\n<li>estabelecer prazos claros para a realiza\u00e7\u00e3o dos reequil\u00edbrios dos contratos pela ocorr\u00eancia de eventos que s\u00e3o risco do poder concedente e afetem aos concession\u00e1rios econ\u00f4mica e\/ou financeiramente, ap\u00f3s o qual o concession\u00e1rio ficaria autorizado a submeter a quest\u00e3o ao ju\u00edzo arbitral.<\/li>\n<\/ul>\n<p>Por fim, acho importante afirmar que nossa hist\u00f3ria recente deixa claro que o funcionamento de \u00f3rg\u00e3os reguladores n\u00e3o depende apenas de decis\u00f5es abstratas e gen\u00e9ricas sobre a sua estrutura institucional. A constru\u00e7\u00e3o de uma regula\u00e7\u00e3o adequada \u00e9 tarefa do dia a dia, que n\u00e3o depende apenas de institui\u00e7\u00f5es fortes, mas tamb\u00e9m da escolha de pessoas, nesse caso diretores e t\u00e9cnicos, competentes e corajosos para fazer valer os contratos e a lei.<\/p>\n<h6><a href=\"#_ftnref1\" name=\"_ftn1\"><em>[1]<\/em><\/a><em> Especialista na estrutura\u00e7\u00e3o e regula\u00e7\u00e3o de projetos de infraestrutura, autor de v\u00e1rios livros e artigos sobre esse tema, s\u00f3cio do Portugal Ribeiro Advogados, Mestre em Direito pela Harvard Law School, Ex-professor de Direito de Infraestrutura da FGV-RJ.<\/em><\/h6>\n<h5>O iNFRADebate \u00e9 o espa\u00e7o de artigos da Ag\u00eancia iNFRA com opini\u00f5es de seus atores que n\u00e3o refletem necessariamente o pensamento da Ag\u00eancia iNFRA, sendo de total responsabilidade do autor as informa\u00e7\u00f5es, ju\u00edzos de valor e conceitos descritos no texto.<\/h5>\n<h6 class=\"at-below-post addthis_tool\" data-url=\"http:\/\/www.agenciainfra.com\/blog\/infradebate-aviacao-para-os-proximos-20-anos-por-dario-rais-lopes\/\">[1] Gostaria de agradecer a Ant\u00f4nio J\u00falio Castiglioni Neto pela gentileza no envio de informa\u00e7\u00f5es sobre a recente fus\u00e3o das ag\u00eancias reguladoras no Estado do Espirito Santo e a Gabriela Miniussi Engler Pinto pela discuss\u00e3o dos temas tratados nesse artigo e pela revis\u00e3o do seu texto<\/h6>\n<h6><a href=\"#_ftnref2\" name=\"_ftn2\">[2]<\/a> Aparentemente, o Projeto de Lei n\u00b0 1615\/1999, enviado ao Congresso por meio da Mensagem do Poder Executivo n\u00b0 1268\/99 \u2013 que resultou na Lei 10.233\/01, que criou a ANTT e ANTAQ \u2013 previa originalmente uma s\u00f3 ag\u00eancia, a Ag\u00eancia Nacional de Transportes. Ao longo da sua tramita\u00e7\u00e3o legislativa \u00e9 que houve o desdobramento para cria\u00e7\u00e3o das duas ag\u00eancias atualmente existentes.<\/h6>\n<h6><a href=\"#_ftnref3\" name=\"_ftn3\">[3]<\/a> O ideal seria as ag\u00eancias serem reestruturadas para serem a inst\u00e2ncia m\u00e1xima na via administrativa e a utiliza\u00e7\u00e3o ampla da arbitragem ser adotada como um meio de substitui\u00e7\u00e3o da atividade do Poder Judici\u00e1rio.<\/h6>\n<h6><a href=\"#_ftnref4\" name=\"_ftn4\">[4]<\/a> Paradoxalmente, Dilma nomeou como diretores interinos quadros t\u00e9cnicos das ag\u00eancias.<\/h6>\n<h6><a href=\"#_ftnref5\" name=\"_ftn5\">[5]<\/a> Mencionei em v\u00e1rios artigos que esse seria o desfecho desses contratos. Vide o seguinte <a href=\"http:\/\/www.portugalribeiro.com.br\/wpp\/wp-content\/uploads\/riscos-controlados-por-uma-parte-e-atribuidos-a-outra-parte.pdf\">artigo<\/a> sobre o erro na distribui\u00e7\u00e3o de riscos dos contratos de concess\u00e3o de rodovias e aeroportos celebrados entre 2012 e 2014 no \u00e2mbito federal. Vide tamb\u00e9m o seguinte <a href=\"http:\/\/www.portugalribeiro.com.br\/medida-provisoria-72716-sobre-ppi-o-governo-temer-renunciou-a-usar-investimentos-em-infraestrutura-no-curto-prazo-para-revitalizar-a-economia-do-pais\/\">artigo<\/a> sobre o fato do Governo Temer n\u00e3o ter inclu\u00eddo na Medida Provis\u00f3ria sobre o PPI a tentativa de resolver o problema dos contratos de concess\u00e3o de rodovias em curso. E o seguinte <a href=\"http:\/\/www.portugalribeiro.com.br\/wpp\/wp-content\/uploads\/mp-para-reestruturar-contratos7.pdf\">artigo<\/a> que publiquei em coment\u00e1rios \u00e0 medida provis\u00f3ria que aprovou as regras sobre relicita\u00e7\u00f5es.<\/h6>\n<h6><a href=\"#_ftnref6\" name=\"_ftn6\">[6]<\/a> O caso mais emblem\u00e1tico no setor de transportes terrestres foi o da Nova Subida da Serra, no qual o TCU amea\u00e7ou punir agentes p\u00fablicos com multas e inabilita\u00e7\u00e3o para o exerc\u00edcio de fun\u00e7\u00f5es p\u00fablicas por at\u00e9 8 anos sem que houvesse qualquer prova no processo de benef\u00edcio pessoal desses agentes p\u00fablicos com a decis\u00e3o de assinar aditivo ao contrato de concess\u00e3o da CONCER. No setor de transportes aquavi\u00e1rios, se tornaram emblem\u00e1ticas as san\u00e7\u00f5es aplicadas recentemente aos diretores da ANTAQ na discuss\u00e3o sobre a cobran\u00e7a do THC2.<\/h6>\n<h6><a href=\"#_ftnref7\" name=\"_ftn7\">[7]<\/a> Sobre represamentos de reequil\u00edbrios, vide o seguinte <a href=\"http:\/\/www.agenciainfra.com\/blog\/infradebate-represamento-e-supressao-de-direito-ao-reequilibrio-em-contratos-de-concessao\/\">artigo<\/a>.<\/h6>\n<h6><a href=\"#_ftnref8\" name=\"_ftn8\">[8]<\/a> Exemplo desse \u00faltimo caso \u00e9 a delega\u00e7\u00e3o pela diretoria da ANTT a superintendentes da pr\u00e1tica de atos t\u00e3o graves quanto a abertura de procedimento preliminar para decreta\u00e7\u00e3o de caducidade. Como j\u00e1 notei em <a href=\"http:\/\/www.portugalribeiro.com.br\/wpp\/wp-content\/uploads\/artigo-sobre-caducidade-mauricio-portugal-ribeiro-em-07-12-2017.pdf\">outro trabalho<\/a>, a abertura desse procedimento \u00e9 um ato t\u00e3o grave, que deveria ser decidida pela diretoria da ag\u00eancia, e acrescento agora que faria sentido que o seu regimento interno exigisse um qu\u00f3rum qualificado para essa decis\u00e3o. \u00c9 que a mera amea\u00e7a de abertura de um processo de caducidade pode por si desencadear a bancarrota de um concession\u00e1rio, com vencimento antecipado dos seus financiamentos e outras consequ\u00eancias que inviabilizam o cumprimento de qualquer contrato de concess\u00e3o.<\/h6>\n","protected":false},"excerpt":{"rendered":"<p>Mauricio Portugal Ribeiro[1] A Ag\u00eancia Infra antecipou no dia 21\/12\/2018 que o Governo Bolsonaro pretendia realizar fus\u00e3o entre a ANTT \u2013 Ag\u00eancia Nacional de Transportes Terrestres e a ANTAQ \u2013 Ag\u00eancia Nacional de Transportes Aquavi\u00e1rios. Aparentemente, a rigor, a inten\u00e7\u00e3o do Governo \u00e9 extinguir ambas as mencionadas ag\u00eancias e criar uma nova ag\u00eancia que enfeixe [&hellip;]<\/p>\n","protected":false},"author":1,"featured_media":2392,"comment_status":"closed","ping_status":"open","sticky":false,"template":"","format":"standard","meta":{"_monsterinsights_skip_tracking":false,"_monsterinsights_sitenote_active":false,"_monsterinsights_sitenote_note":"","_monsterinsights_sitenote_category":0,"footnotes":""},"categories":[11],"tags":[72,728,86,19,22,79,34,91,729,97,48,21,70],"class_list":["post-2735","post","type-post","status-publish","format-standard","has-post-thumbnail","hentry","category-infradebate","tag-agencia-reguladora","tag-ant","tag-antaq","tag-antt","tag-concessao","tag-ferrovia","tag-infraestrutura","tag-porto","tag-portugal-ribeiro","tag-ppp","tag-regulacao","tag-rodovia","tag-transportes"],"yoast_head":"<!-- This site is optimized with the Yoast SEO Premium plugin v25.4 (Yoast SEO v26.0) - https:\/\/yoast.com\/wordpress\/plugins\/seo\/ -->\n<title>Extin\u00e7\u00e3o da ANTT e da ANTAQ e cria\u00e7\u00e3o de nova ag\u00eancia reguladora de transportes terrestres e aquavi\u00e1rios - Ag\u00eancia iNFRA<\/title>\n<meta name=\"robots\" content=\"index, follow, max-snippet:-1, max-image-preview:large, max-video-preview:-1\" \/>\n<link rel=\"canonical\" href=\"https:\/\/agenciainfra.com\/blog\/extincao-da-antt-e-da-antaq-e-criacao-de-nova-agencia-reguladora-de-transportes-terrestres-e-aquaviarios\/\" \/>\n<meta property=\"og:locale\" content=\"pt_BR\" \/>\n<meta property=\"og:type\" content=\"article\" \/>\n<meta property=\"og:title\" content=\"Extin\u00e7\u00e3o da ANTT e da ANTAQ e cria\u00e7\u00e3o de nova ag\u00eancia reguladora de transportes terrestres e aquavi\u00e1rios\" \/>\n<meta property=\"og:description\" content=\"Mauricio Portugal Ribeiro[1] A Ag\u00eancia Infra antecipou no dia 21\/12\/2018 que o Governo Bolsonaro pretendia realizar fus\u00e3o entre a ANTT \u2013 Ag\u00eancia Nacional de Transportes Terrestres e a ANTAQ \u2013 Ag\u00eancia Nacional de Transportes Aquavi\u00e1rios. Aparentemente, a rigor, a inten\u00e7\u00e3o do Governo \u00e9 extinguir ambas as mencionadas ag\u00eancias e criar uma nova ag\u00eancia que enfeixe [&hellip;]\" \/>\n<meta property=\"og:url\" content=\"https:\/\/agenciainfra.com\/blog\/extincao-da-antt-e-da-antaq-e-criacao-de-nova-agencia-reguladora-de-transportes-terrestres-e-aquaviarios\/\" \/>\n<meta property=\"og:site_name\" content=\"Ag\u00eancia iNFRA\" \/>\n<meta property=\"article:publisher\" content=\"https:\/\/www.facebook.com\/ageninfra\" \/>\n<meta property=\"article:published_time\" content=\"2018-12-31T04:00:17+00:00\" \/>\n<meta property=\"article:modified_time\" content=\"2019-01-01T23:04:59+00:00\" \/>\n<meta property=\"og:image\" content=\"https:\/\/agenciainfra.com\/blog\/wp-content\/uploads\/2018\/09\/PHOTO-2018-06-19-19-37-32.jpg\" \/>\n\t<meta property=\"og:image:width\" content=\"1024\" \/>\n\t<meta property=\"og:image:height\" content=\"683\" \/>\n\t<meta property=\"og:image:type\" content=\"image\/jpeg\" \/>\n<meta name=\"author\" content=\"Ag\u00eancia iNFRA\" \/>\n<meta name=\"twitter:card\" content=\"summary_large_image\" \/>\n<meta name=\"twitter:creator\" content=\"@agencia_infra\" \/>\n<meta name=\"twitter:site\" content=\"@agencia_infra\" \/>\n<meta name=\"twitter:label1\" content=\"Escrito por\" \/>\n\t<meta name=\"twitter:data1\" content=\"Ag\u00eancia iNFRA\" \/>\n\t<meta name=\"twitter:label2\" content=\"Est. tempo de leitura\" \/>\n\t<meta name=\"twitter:data2\" content=\"16 minutos\" \/>\n<script type=\"application\/ld+json\" class=\"yoast-schema-graph\">{\"@context\":\"https:\/\/schema.org\",\"@graph\":[{\"@type\":\"Article\",\"@id\":\"https:\/\/agenciainfra.com\/blog\/extincao-da-antt-e-da-antaq-e-criacao-de-nova-agencia-reguladora-de-transportes-terrestres-e-aquaviarios\/#article\",\"isPartOf\":{\"@id\":\"https:\/\/agenciainfra.com\/blog\/extincao-da-antt-e-da-antaq-e-criacao-de-nova-agencia-reguladora-de-transportes-terrestres-e-aquaviarios\/\"},\"author\":{\"name\":\"Ag\u00eancia iNFRA\",\"@id\":\"https:\/\/agenciainfra.com\/blog\/#\/schema\/person\/34af08dff6adea4cb22b06612ba7acfa\"},\"headline\":\"Extin\u00e7\u00e3o da ANTT e da ANTAQ e cria\u00e7\u00e3o de nova ag\u00eancia reguladora de transportes terrestres e aquavi\u00e1rios\",\"datePublished\":\"2018-12-31T04:00:17+00:00\",\"dateModified\":\"2019-01-01T23:04:59+00:00\",\"mainEntityOfPage\":{\"@id\":\"https:\/\/agenciainfra.com\/blog\/extincao-da-antt-e-da-antaq-e-criacao-de-nova-agencia-reguladora-de-transportes-terrestres-e-aquaviarios\/\"},\"wordCount\":3264,\"publisher\":{\"@id\":\"https:\/\/agenciainfra.com\/blog\/#organization\"},\"image\":{\"@id\":\"https:\/\/agenciainfra.com\/blog\/extincao-da-antt-e-da-antaq-e-criacao-de-nova-agencia-reguladora-de-transportes-terrestres-e-aquaviarios\/#primaryimage\"},\"thumbnailUrl\":\"https:\/\/agenciainfra.com\/blog\/wp-content\/uploads\/2018\/09\/PHOTO-2018-06-19-19-37-32.jpg\",\"keywords\":[\"ag\u00eancia reguladora\",\"ANT\",\"ANTAQ\",\"ANTT\",\"Concess\u00e3o\",\"Ferrovia\",\"Infraestrutura\",\"PORTO\",\"Portugal Ribeiro\",\"PPP\",\"Regula\u00e7\u00e3o\",\"Rodovia\",\"transportes\"],\"articleSection\":[\"iNFRADebate\"],\"inLanguage\":\"pt-BR\",\"copyrightYear\":\"2018\",\"copyrightHolder\":{\"@id\":\"https:\/\/agenciainfra.com\/blog\/#organization\"}},{\"@type\":\"WebPage\",\"@id\":\"https:\/\/agenciainfra.com\/blog\/extincao-da-antt-e-da-antaq-e-criacao-de-nova-agencia-reguladora-de-transportes-terrestres-e-aquaviarios\/\",\"url\":\"https:\/\/agenciainfra.com\/blog\/extincao-da-antt-e-da-antaq-e-criacao-de-nova-agencia-reguladora-de-transportes-terrestres-e-aquaviarios\/\",\"name\":\"Extin\u00e7\u00e3o da ANTT e da ANTAQ e cria\u00e7\u00e3o de nova ag\u00eancia reguladora de transportes terrestres e aquavi\u00e1rios - Ag\u00eancia iNFRA\",\"isPartOf\":{\"@id\":\"https:\/\/agenciainfra.com\/blog\/#website\"},\"primaryImageOfPage\":{\"@id\":\"https:\/\/agenciainfra.com\/blog\/extincao-da-antt-e-da-antaq-e-criacao-de-nova-agencia-reguladora-de-transportes-terrestres-e-aquaviarios\/#primaryimage\"},\"image\":{\"@id\":\"https:\/\/agenciainfra.com\/blog\/extincao-da-antt-e-da-antaq-e-criacao-de-nova-agencia-reguladora-de-transportes-terrestres-e-aquaviarios\/#primaryimage\"},\"thumbnailUrl\":\"https:\/\/agenciainfra.com\/blog\/wp-content\/uploads\/2018\/09\/PHOTO-2018-06-19-19-37-32.jpg\",\"datePublished\":\"2018-12-31T04:00:17+00:00\",\"dateModified\":\"2019-01-01T23:04:59+00:00\",\"breadcrumb\":{\"@id\":\"https:\/\/agenciainfra.com\/blog\/extincao-da-antt-e-da-antaq-e-criacao-de-nova-agencia-reguladora-de-transportes-terrestres-e-aquaviarios\/#breadcrumb\"},\"inLanguage\":\"pt-BR\",\"potentialAction\":[{\"@type\":\"ReadAction\",\"target\":[\"https:\/\/agenciainfra.com\/blog\/extincao-da-antt-e-da-antaq-e-criacao-de-nova-agencia-reguladora-de-transportes-terrestres-e-aquaviarios\/\"]}]},{\"@type\":\"ImageObject\",\"inLanguage\":\"pt-BR\",\"@id\":\"https:\/\/agenciainfra.com\/blog\/extincao-da-antt-e-da-antaq-e-criacao-de-nova-agencia-reguladora-de-transportes-terrestres-e-aquaviarios\/#primaryimage\",\"url\":\"https:\/\/agenciainfra.com\/blog\/wp-content\/uploads\/2018\/09\/PHOTO-2018-06-19-19-37-32.jpg\",\"contentUrl\":\"https:\/\/agenciainfra.com\/blog\/wp-content\/uploads\/2018\/09\/PHOTO-2018-06-19-19-37-32.jpg\",\"width\":1024,\"height\":683},{\"@type\":\"BreadcrumbList\",\"@id\":\"https:\/\/agenciainfra.com\/blog\/extincao-da-antt-e-da-antaq-e-criacao-de-nova-agencia-reguladora-de-transportes-terrestres-e-aquaviarios\/#breadcrumb\",\"itemListElement\":[{\"@type\":\"ListItem\",\"position\":1,\"name\":\"In\u00edcio\",\"item\":\"https:\/\/agenciainfra.com\/blog\/\"},{\"@type\":\"ListItem\",\"position\":2,\"name\":\"Extin\u00e7\u00e3o da ANTT e da ANTAQ e cria\u00e7\u00e3o de nova ag\u00eancia reguladora de transportes terrestres e aquavi\u00e1rios\"}]},{\"@type\":\"WebSite\",\"@id\":\"https:\/\/agenciainfra.com\/blog\/#website\",\"url\":\"https:\/\/agenciainfra.com\/blog\/\",\"name\":\"Ag\u00eancia iNFRA\",\"description\":\"Multiplataforma de informa\u00e7\u00e3o jornal\u00edstica refer\u00eancia na \u00e1rea de infraestrutura no Brasil!\",\"publisher\":{\"@id\":\"https:\/\/agenciainfra.com\/blog\/#organization\"},\"potentialAction\":[{\"@type\":\"SearchAction\",\"target\":{\"@type\":\"EntryPoint\",\"urlTemplate\":\"https:\/\/agenciainfra.com\/blog\/?s={search_term_string}\"},\"query-input\":{\"@type\":\"PropertyValueSpecification\",\"valueRequired\":true,\"valueName\":\"search_term_string\"}}],\"inLanguage\":\"pt-BR\"},{\"@type\":\"Organization\",\"@id\":\"https:\/\/agenciainfra.com\/blog\/#organization\",\"name\":\"Ag\u00eancia iNFRA\",\"url\":\"https:\/\/agenciainfra.com\/blog\/\",\"logo\":{\"@type\":\"ImageObject\",\"inLanguage\":\"pt-BR\",\"@id\":\"https:\/\/agenciainfra.com\/blog\/#\/schema\/logo\/image\/\",\"url\":\"https:\/\/agenciainfra.com\/blog\/wp-content\/uploads\/2023\/09\/iNFRA_5-e1761735885940.png\",\"contentUrl\":\"https:\/\/agenciainfra.com\/blog\/wp-content\/uploads\/2023\/09\/iNFRA_5-e1761735885940.png\",\"width\":1672,\"height\":454,\"caption\":\"Ag\u00eancia iNFRA\"},\"image\":{\"@id\":\"https:\/\/agenciainfra.com\/blog\/#\/schema\/logo\/image\/\"},\"sameAs\":[\"https:\/\/www.facebook.com\/ageninfra\",\"https:\/\/x.com\/agencia_infra\",\"https:\/\/www.linkedin.com\/company\/ag\u00eanciainfra\/\",\"https:\/\/www.instagram.com\/agenciainfra\/\"]},{\"@type\":\"Person\",\"@id\":\"https:\/\/agenciainfra.com\/blog\/#\/schema\/person\/34af08dff6adea4cb22b06612ba7acfa\",\"name\":\"Ag\u00eancia iNFRA\",\"image\":{\"@type\":\"ImageObject\",\"inLanguage\":\"pt-BR\",\"@id\":\"https:\/\/agenciainfra.com\/blog\/#\/schema\/person\/image\/\",\"url\":\"https:\/\/secure.gravatar.com\/avatar\/d189e01678f06d8eb84d4e01f08eb848b3fffe3f8443818d3c356c66892f5be8?s=96&d=mm&r=g\",\"contentUrl\":\"https:\/\/secure.gravatar.com\/avatar\/d189e01678f06d8eb84d4e01f08eb848b3fffe3f8443818d3c356c66892f5be8?s=96&d=mm&r=g\",\"caption\":\"Ag\u00eancia iNFRA\"},\"url\":\"https:\/\/agenciainfra.com\/blog\/author\/admin\/\"}]}<\/script>\n<!-- \/ Yoast SEO Premium plugin. -->","yoast_head_json":{"title":"Extin\u00e7\u00e3o da ANTT e da ANTAQ e cria\u00e7\u00e3o de nova ag\u00eancia reguladora de transportes terrestres e aquavi\u00e1rios - Ag\u00eancia iNFRA","robots":{"index":"index","follow":"follow","max-snippet":"max-snippet:-1","max-image-preview":"max-image-preview:large","max-video-preview":"max-video-preview:-1"},"canonical":"https:\/\/agenciainfra.com\/blog\/extincao-da-antt-e-da-antaq-e-criacao-de-nova-agencia-reguladora-de-transportes-terrestres-e-aquaviarios\/","og_locale":"pt_BR","og_type":"article","og_title":"Extin\u00e7\u00e3o da ANTT e da ANTAQ e cria\u00e7\u00e3o de nova ag\u00eancia reguladora de transportes terrestres e aquavi\u00e1rios","og_description":"Mauricio Portugal Ribeiro[1] A Ag\u00eancia Infra antecipou no dia 21\/12\/2018 que o Governo Bolsonaro pretendia realizar fus\u00e3o entre a ANTT \u2013 Ag\u00eancia Nacional de Transportes Terrestres e a ANTAQ \u2013 Ag\u00eancia Nacional de Transportes Aquavi\u00e1rios. Aparentemente, a rigor, a inten\u00e7\u00e3o do Governo \u00e9 extinguir ambas as mencionadas ag\u00eancias e criar uma nova ag\u00eancia que enfeixe [&hellip;]","og_url":"https:\/\/agenciainfra.com\/blog\/extincao-da-antt-e-da-antaq-e-criacao-de-nova-agencia-reguladora-de-transportes-terrestres-e-aquaviarios\/","og_site_name":"Ag\u00eancia iNFRA","article_publisher":"https:\/\/www.facebook.com\/ageninfra","article_published_time":"2018-12-31T04:00:17+00:00","article_modified_time":"2019-01-01T23:04:59+00:00","og_image":[{"width":1024,"height":683,"url":"https:\/\/agenciainfra.com\/blog\/wp-content\/uploads\/2018\/09\/PHOTO-2018-06-19-19-37-32.jpg","type":"image\/jpeg"}],"author":"Ag\u00eancia iNFRA","twitter_card":"summary_large_image","twitter_creator":"@agencia_infra","twitter_site":"@agencia_infra","twitter_misc":{"Escrito por":"Ag\u00eancia iNFRA","Est. tempo de leitura":"16 minutos"},"schema":{"@context":"https:\/\/schema.org","@graph":[{"@type":"Article","@id":"https:\/\/agenciainfra.com\/blog\/extincao-da-antt-e-da-antaq-e-criacao-de-nova-agencia-reguladora-de-transportes-terrestres-e-aquaviarios\/#article","isPartOf":{"@id":"https:\/\/agenciainfra.com\/blog\/extincao-da-antt-e-da-antaq-e-criacao-de-nova-agencia-reguladora-de-transportes-terrestres-e-aquaviarios\/"},"author":{"name":"Ag\u00eancia iNFRA","@id":"https:\/\/agenciainfra.com\/blog\/#\/schema\/person\/34af08dff6adea4cb22b06612ba7acfa"},"headline":"Extin\u00e7\u00e3o da ANTT e da ANTAQ e cria\u00e7\u00e3o de nova ag\u00eancia reguladora de transportes terrestres e aquavi\u00e1rios","datePublished":"2018-12-31T04:00:17+00:00","dateModified":"2019-01-01T23:04:59+00:00","mainEntityOfPage":{"@id":"https:\/\/agenciainfra.com\/blog\/extincao-da-antt-e-da-antaq-e-criacao-de-nova-agencia-reguladora-de-transportes-terrestres-e-aquaviarios\/"},"wordCount":3264,"publisher":{"@id":"https:\/\/agenciainfra.com\/blog\/#organization"},"image":{"@id":"https:\/\/agenciainfra.com\/blog\/extincao-da-antt-e-da-antaq-e-criacao-de-nova-agencia-reguladora-de-transportes-terrestres-e-aquaviarios\/#primaryimage"},"thumbnailUrl":"https:\/\/agenciainfra.com\/blog\/wp-content\/uploads\/2018\/09\/PHOTO-2018-06-19-19-37-32.jpg","keywords":["ag\u00eancia reguladora","ANT","ANTAQ","ANTT","Concess\u00e3o","Ferrovia","Infraestrutura","PORTO","Portugal Ribeiro","PPP","Regula\u00e7\u00e3o","Rodovia","transportes"],"articleSection":["iNFRADebate"],"inLanguage":"pt-BR","copyrightYear":"2018","copyrightHolder":{"@id":"https:\/\/agenciainfra.com\/blog\/#organization"}},{"@type":"WebPage","@id":"https:\/\/agenciainfra.com\/blog\/extincao-da-antt-e-da-antaq-e-criacao-de-nova-agencia-reguladora-de-transportes-terrestres-e-aquaviarios\/","url":"https:\/\/agenciainfra.com\/blog\/extincao-da-antt-e-da-antaq-e-criacao-de-nova-agencia-reguladora-de-transportes-terrestres-e-aquaviarios\/","name":"Extin\u00e7\u00e3o da ANTT e da ANTAQ e cria\u00e7\u00e3o de nova ag\u00eancia reguladora de transportes terrestres e aquavi\u00e1rios - Ag\u00eancia iNFRA","isPartOf":{"@id":"https:\/\/agenciainfra.com\/blog\/#website"},"primaryImageOfPage":{"@id":"https:\/\/agenciainfra.com\/blog\/extincao-da-antt-e-da-antaq-e-criacao-de-nova-agencia-reguladora-de-transportes-terrestres-e-aquaviarios\/#primaryimage"},"image":{"@id":"https:\/\/agenciainfra.com\/blog\/extincao-da-antt-e-da-antaq-e-criacao-de-nova-agencia-reguladora-de-transportes-terrestres-e-aquaviarios\/#primaryimage"},"thumbnailUrl":"https:\/\/agenciainfra.com\/blog\/wp-content\/uploads\/2018\/09\/PHOTO-2018-06-19-19-37-32.jpg","datePublished":"2018-12-31T04:00:17+00:00","dateModified":"2019-01-01T23:04:59+00:00","breadcrumb":{"@id":"https:\/\/agenciainfra.com\/blog\/extincao-da-antt-e-da-antaq-e-criacao-de-nova-agencia-reguladora-de-transportes-terrestres-e-aquaviarios\/#breadcrumb"},"inLanguage":"pt-BR","potentialAction":[{"@type":"ReadAction","target":["https:\/\/agenciainfra.com\/blog\/extincao-da-antt-e-da-antaq-e-criacao-de-nova-agencia-reguladora-de-transportes-terrestres-e-aquaviarios\/"]}]},{"@type":"ImageObject","inLanguage":"pt-BR","@id":"https:\/\/agenciainfra.com\/blog\/extincao-da-antt-e-da-antaq-e-criacao-de-nova-agencia-reguladora-de-transportes-terrestres-e-aquaviarios\/#primaryimage","url":"https:\/\/agenciainfra.com\/blog\/wp-content\/uploads\/2018\/09\/PHOTO-2018-06-19-19-37-32.jpg","contentUrl":"https:\/\/agenciainfra.com\/blog\/wp-content\/uploads\/2018\/09\/PHOTO-2018-06-19-19-37-32.jpg","width":1024,"height":683},{"@type":"BreadcrumbList","@id":"https:\/\/agenciainfra.com\/blog\/extincao-da-antt-e-da-antaq-e-criacao-de-nova-agencia-reguladora-de-transportes-terrestres-e-aquaviarios\/#breadcrumb","itemListElement":[{"@type":"ListItem","position":1,"name":"In\u00edcio","item":"https:\/\/agenciainfra.com\/blog\/"},{"@type":"ListItem","position":2,"name":"Extin\u00e7\u00e3o da ANTT e da ANTAQ e cria\u00e7\u00e3o de nova ag\u00eancia reguladora de transportes terrestres e aquavi\u00e1rios"}]},{"@type":"WebSite","@id":"https:\/\/agenciainfra.com\/blog\/#website","url":"https:\/\/agenciainfra.com\/blog\/","name":"Ag\u00eancia iNFRA","description":"Multiplataforma de informa\u00e7\u00e3o jornal\u00edstica refer\u00eancia na \u00e1rea de infraestrutura no Brasil!","publisher":{"@id":"https:\/\/agenciainfra.com\/blog\/#organization"},"potentialAction":[{"@type":"SearchAction","target":{"@type":"EntryPoint","urlTemplate":"https:\/\/agenciainfra.com\/blog\/?s={search_term_string}"},"query-input":{"@type":"PropertyValueSpecification","valueRequired":true,"valueName":"search_term_string"}}],"inLanguage":"pt-BR"},{"@type":"Organization","@id":"https:\/\/agenciainfra.com\/blog\/#organization","name":"Ag\u00eancia iNFRA","url":"https:\/\/agenciainfra.com\/blog\/","logo":{"@type":"ImageObject","inLanguage":"pt-BR","@id":"https:\/\/agenciainfra.com\/blog\/#\/schema\/logo\/image\/","url":"https:\/\/agenciainfra.com\/blog\/wp-content\/uploads\/2023\/09\/iNFRA_5-e1761735885940.png","contentUrl":"https:\/\/agenciainfra.com\/blog\/wp-content\/uploads\/2023\/09\/iNFRA_5-e1761735885940.png","width":1672,"height":454,"caption":"Ag\u00eancia iNFRA"},"image":{"@id":"https:\/\/agenciainfra.com\/blog\/#\/schema\/logo\/image\/"},"sameAs":["https:\/\/www.facebook.com\/ageninfra","https:\/\/x.com\/agencia_infra","https:\/\/www.linkedin.com\/company\/ag\u00eanciainfra\/","https:\/\/www.instagram.com\/agenciainfra\/"]},{"@type":"Person","@id":"https:\/\/agenciainfra.com\/blog\/#\/schema\/person\/34af08dff6adea4cb22b06612ba7acfa","name":"Ag\u00eancia iNFRA","image":{"@type":"ImageObject","inLanguage":"pt-BR","@id":"https:\/\/agenciainfra.com\/blog\/#\/schema\/person\/image\/","url":"https:\/\/secure.gravatar.com\/avatar\/d189e01678f06d8eb84d4e01f08eb848b3fffe3f8443818d3c356c66892f5be8?s=96&d=mm&r=g","contentUrl":"https:\/\/secure.gravatar.com\/avatar\/d189e01678f06d8eb84d4e01f08eb848b3fffe3f8443818d3c356c66892f5be8?s=96&d=mm&r=g","caption":"Ag\u00eancia iNFRA"},"url":"https:\/\/agenciainfra.com\/blog\/author\/admin\/"}]}},"_links":{"self":[{"href":"https:\/\/agenciainfra.com\/blog\/wp-json\/wp\/v2\/posts\/2735","targetHints":{"allow":["GET"]}}],"collection":[{"href":"https:\/\/agenciainfra.com\/blog\/wp-json\/wp\/v2\/posts"}],"about":[{"href":"https:\/\/agenciainfra.com\/blog\/wp-json\/wp\/v2\/types\/post"}],"author":[{"embeddable":true,"href":"https:\/\/agenciainfra.com\/blog\/wp-json\/wp\/v2\/users\/1"}],"replies":[{"embeddable":true,"href":"https:\/\/agenciainfra.com\/blog\/wp-json\/wp\/v2\/comments?post=2735"}],"version-history":[{"count":0,"href":"https:\/\/agenciainfra.com\/blog\/wp-json\/wp\/v2\/posts\/2735\/revisions"}],"wp:featuredmedia":[{"embeddable":true,"href":"https:\/\/agenciainfra.com\/blog\/wp-json\/wp\/v2\/media\/2392"}],"wp:attachment":[{"href":"https:\/\/agenciainfra.com\/blog\/wp-json\/wp\/v2\/media?parent=2735"}],"wp:term":[{"taxonomy":"category","embeddable":true,"href":"https:\/\/agenciainfra.com\/blog\/wp-json\/wp\/v2\/categories?post=2735"},{"taxonomy":"post_tag","embeddable":true,"href":"https:\/\/agenciainfra.com\/blog\/wp-json\/wp\/v2\/tags?post=2735"}],"curies":[{"name":"wp","href":"https:\/\/api.w.org\/{rel}","templated":true}]}}