{"id":27355,"date":"2025-09-09T08:00:00","date_gmt":"2025-09-09T11:00:00","guid":{"rendered":"https:\/\/agenciainfra.com\/blog\/?p=27355"},"modified":"2025-09-09T22:12:17","modified_gmt":"2025-09-10T01:12:17","slug":"soluco-orcamentario-afeta-obras-e-empresarios-pedem-previsibilidade","status":"publish","type":"post","link":"https:\/\/agenciainfra.com\/blog\/soluco-orcamentario-afeta-obras-e-empresarios-pedem-previsibilidade\/","title":{"rendered":"&#8216;Solu\u00e7o&#8217; or\u00e7ament\u00e1rio afeta obras e empres\u00e1rios pedem previsibilidade"},"content":{"rendered":"\n<p class=\"has-text-align-right\"><strong>Amanda Pupo, da Ag\u00eancia iNFRA<\/strong><\/p>\n\n\n\n<p>A pol\u00edtica de execu\u00e7\u00e3o or\u00e7ament\u00e1ria do governo federal feita para a equipe econ\u00f4mica ter maior controle fiscal das contas p\u00fablicas tem gerado uma s\u00e9rie de problemas para as empreiteiras que prestam servi\u00e7os ao DNIT (Departamento Nacional de Infraestrutura de Transportes).<br><br>As empresas alegam que a libera\u00e7\u00e3o fracionada dos recursos, como vem ocorrendo, compromete a capacidade de planejamento para as obras, gera paralisa\u00e7\u00f5es, atrasos e aumento de custo. Haveria, segundo elas, uma descoordena\u00e7\u00e3o entre os empenhos e o que os projetos de engenharia precisam na pr\u00e1tica. Al\u00e9m disso, levantam a necessidade de o or\u00e7amento do \u00f3rg\u00e3o ser suplementado.\u00a0<br><br>Empreiteiras que t\u00eam contratos com o DNIT para obras principalmente nas rodovias federais, ouvidas pela\u00a0<strong>Ag\u00eancia iNFRA<\/strong>\u00a0de forma reservada, relatam, entre outros gargalos, faturamentos no ano bem abaixo da previs\u00e3o inicial, necessidade de paradas e dificuldade para manter a m\u00e3o de obra diante do vai e vem que a falta de previsibilidade imp\u00f5e aos empreendimentos.\u00a0<br><br>Diante das preocupa\u00e7\u00f5es do mercado, e com articula\u00e7\u00e3o do Minist\u00e9rio dos Transportes, o MPO (Minist\u00e9rio do Planejamento e Or\u00e7amento) editou em agosto uma portaria que antecipou para setembro o limite de empenho de R$ 2,38 bilh\u00f5es \u00e0 pasta. Neste momento, as empresas buscam mais or\u00e7amento.<br><br>&#8220;O limite de setembro j\u00e1 foi liberado e trouxe um al\u00edvio importante para o andamento das obras. Agora, o desafio central \u00e9 assegurar dota\u00e7\u00e3o or\u00e7ament\u00e1ria suficiente para que a execu\u00e7\u00e3o n\u00e3o sofra interrup\u00e7\u00f5es. Seguimos confiantes no di\u00e1logo com o governo em busca de solu\u00e7\u00f5es, seja por suplementa\u00e7\u00e3o ou por remanejamentos, garantindo a continuidade e a previsibilidade que o setor necessita\u201d, disse \u00e0\u00a0<strong>Ag\u00eancia iNFRA<\/strong>\u00a0o presidente da Aneor (Associa\u00e7\u00e3o Nacional das Empresas de Obras Rodovi\u00e1rias), Danniel Zveiter.<br><br>Em nota \u00e0 reportagem, o Minist\u00e9rio dos Transportes afirmou que, sobre o or\u00e7amento do DNIT, at\u00e9 agosto, os pagamentos acumulados de despesas discricion\u00e1rias somaram R$ 9,5 bilh\u00f5es, e que os recursos da gest\u00e3o atual superaram os aportados pelo governo anterior. Veja mais abaixo.\u00a0<br><br><strong>Conta-gotas<\/strong><br>Empres\u00e1rios afirmam reconhecer o problema fiscal enfrentado pelo governo, mas avaliam que o modelo gera, ao fim, o oposto da pretens\u00e3o original, tornando o uso do recurso p\u00fablico menos eficiente. Para quem faz a obra, por exemplo, ter recursos liberados somente em novembro e dezembro \u00e9 um problema, porque s\u00e3o meses em que se concentra o per\u00edodo chuvoso no Brasil.<br><br>As repercuss\u00f5es chegam em cascata: a construtora tem problema para remobilizar o empreendimento e faturar o empenho, atrasa a execu\u00e7\u00e3o da obra e ainda pode virar alvo de processo administrativo por descumprimento do cronograma. \u201cA\u00ed gera um atraso sens\u00edvel com preju\u00edzo grande\u201d, relatou um executivo.\u00a0<br><br>Outro empres\u00e1rio chama aten\u00e7\u00e3o para o preju\u00edzo gerado pela mobiliza\u00e7\u00e3o e desmobiliza\u00e7\u00e3o nos canteiros. Segundo ele, recontratar m\u00e3o de obra tem sido dif\u00edcil porque o trabalhador dispensado busca outros mercados, agravando a j\u00e1 \u201cescassa\u201d oferta. O executivo alerta ainda para as perdas geradas pela libera\u00e7\u00e3o do or\u00e7amento em \u201cfra\u00e7\u00f5es\u201d.\u00a0<br><br>\u201cEu tenho l\u00e1 uma terraplanagem que fica tr\u00eas, quatro, cinco meses \u00e0 deriva, exposta \u00e0s intemp\u00e9ries, por exemplo. Depois desses meses, eu vou precisar refazer o servi\u00e7o. Uma base que ficou pronta para receber um asfalto, por exemplo, vai precisar ser refeita se ficar meses exposta sem que o asfalto tenha sido feito\u201d, relatou.\u00a0<br><br>As empresas tamb\u00e9m dizem entender que as limita\u00e7\u00f5es or\u00e7ament\u00e1rias escapam das atribui\u00e7\u00f5es do DNIT e dos Transportes, mas alertam que a situa\u00e7\u00e3o \u00e9 insustent\u00e1vel. Para controlar na \u201cboca do caixa\u201d os gastos federais, o governo adotou desde o ano passado um mecanismo de execu\u00e7\u00e3o faseada do or\u00e7amento que, na pr\u00e1tica, aumenta a conten\u00e7\u00e3o de recursos. Com meta fiscal para cumprir, a equipe econ\u00f4mica criou a regra para ter margem, a cada bimestre, de fazer congelamentos se houver novas frustra\u00e7\u00f5es de receita ou aumento imprevisto de gastos.\u00a0<br><br>Por ser um dos minist\u00e9rios com maior or\u00e7amento discricion\u00e1rio da Esplanada, o Minist\u00e9rio dos Transportes costuma ser uma das pastas que t\u00eam mais recursos congelados quando o governo precisa fazer conten\u00e7\u00f5es fiscais.\u00a0No \u00faltimo decreto de execu\u00e7\u00e3o or\u00e7ament\u00e1ria, do final de julho, os limites de empenho fixados para os \u00f3rg\u00e3os foram distribu\u00eddos em tr\u00eas etapas: setembro, novembro e dezembro.\u00a0<br><br>Outra fonte do setor argumenta que as empresas n\u00e3o podem viver \u00e0 \u201csombra\u201d de eventuais contingenciamentos de recursos, uma vez que \u00e9 um tipo de atividade que se planeja para no m\u00ednimo um ano de execu\u00e7\u00f5es. \u201cN\u00f3s temos que encontrar alternativas ao\u00a0que est\u00e1 colocado a\u00ed sob pena de perdermos, primeiro, a infraestrutura j\u00e1 instalada, o que seria tr\u00e1gico. E segundo, n\u00e3o ampliarmos ela, o que seria ainda pior\u201d, disse.<\/p>\n\n\n\n<p><strong>Compromisso com obras<\/strong><br>O Minist\u00e9rio dos Transportes afirma que, sob a atual gest\u00e3o de Renan Filho,\u00a0todos os pagamentos em despesas discricion\u00e1rias da pasta (custeio e investimento)\u00a0superaram os recursos aportados pelo governo anterior. Para o minist\u00e9rio, o cen\u00e1rio refor\u00e7a o compromisso com a continuidade das obras e o cumprimento das obriga\u00e7\u00f5es junto aos parceiros do setor.<br><br>&#8220;Sobre o or\u00e7amento do Departamento Nacional de Infraestrutura de Transportes (DNIT), at\u00e9 agosto, os pagamentos acumulados de despesas discricion\u00e1rias (custeio e investimento) somaram R$ 9,5 bilh\u00f5es, superando os valores registrados no mesmo per\u00edodo do ano anterior&#8221;, disse o minist\u00e9rio \u00e0\u00a0<strong>Ag\u00eancia iNFRA<\/strong>.\u00a0Dados enviados \u00e0 reportagem apontam, por exemplo, que em 2022 esse patamar era de R$ 5 bilh\u00f5es at\u00e9 agosto.\u00a0<br><br>O DNIT, por sua vez, afirmou que atua com o or\u00e7amento disponibilizado pela LOA (Lei Or\u00e7ament\u00e1ria Anual), que neste ano permitiu a dota\u00e7\u00e3o de R$ 3,2 bilh\u00f5es para obras de constru\u00e7\u00e3o e R$ 7,6 bilh\u00f5es para os servi\u00e7os de manuten\u00e7\u00e3o e conserva\u00e7\u00e3o rodovi\u00e1ria.<br><br>O \u00f3rg\u00e3o tamb\u00e9m\u00a0destacou que a maior parte dos empreendimentos em andamento sob a responsabilidade da autarquia est\u00e1 contemplada no Novo PAC, que tem recursos garantidos para o andamento dos trabalhos. &#8220;Essa garantia est\u00e1 amparada pelo Decreto n\u00ba 11.997\/24, publicado em 16 de abril de 2024, que trata da otimiza\u00e7\u00e3o de regras e crit\u00e9rios para a elabora\u00e7\u00e3o do or\u00e7amento de refer\u00eancia de obras e servi\u00e7os de engenharia contratados e executados com recursos da Uni\u00e3o, com o objetivo de agilizar a conclus\u00e3o de obras, especialmente em munic\u00edpios&#8221;, afirmou o DNIT.<br><br><strong>Patamar de 2010<\/strong><br>Segundo uma fonte do setor, hoje o or\u00e7amento destinado ao setor de infraestrutura rodovi\u00e1ria est\u00e1 pr\u00f3ximo do patamar de 2010. Embora o mercado tenha atravessado um per\u00edodo classificado como \u201cmuito pior\u201d de 2015 a 2022, quando os recursos p\u00fablicos para investimento afundaram, o cen\u00e1rio de hoje est\u00e1 longe de estar confort\u00e1vel, afirmam. \u201cVivemos pesadamente com os servi\u00e7os de transporte de cargas\u201d, disse essa fonte.\u00a0<br><br>De acordo com o Portal da Transpar\u00eancia do governo federal, o or\u00e7amento total atualizado do DNIT para 2025 \u00e9 de R$ 13,62 bilh\u00f5es. Foram empenhadas no ano R$ 10,04 bilh\u00f5es em despesas. De recursos efetivamente pagos, foram R$ 5,98 bilh\u00f5es. A maioria dos valores \u00e9 para o transporte rodovi\u00e1rio, em a\u00e7\u00f5es de interven\u00e7\u00e3o para recupera\u00e7\u00e3o e restaura\u00e7\u00e3o das estradas federais.<br><br>No PLOA (Projeto de Lei Or\u00e7ament\u00e1ria Anual) de 2026, o governo projetou R$ 15 bilh\u00f5es em despesas discricion\u00e1rias para o Minist\u00e9rio dos Transportes, a quem o DNIT \u00e9 vinculado, com R$ 11,5 bilh\u00f5es programados para o transporte rodovi\u00e1rio.<\/p>\n","protected":false},"excerpt":{"rendered":"<p>Amanda Pupo, da Ag\u00eancia iNFRA A pol\u00edtica de execu\u00e7\u00e3o or\u00e7ament\u00e1ria do governo federal feita para a equipe econ\u00f4mica ter maior controle fiscal das contas p\u00fablicas tem gerado uma s\u00e9rie de problemas para as empreiteiras que prestam servi\u00e7os ao DNIT (Departamento Nacional de Infraestrutura de Transportes). As empresas alegam que a libera\u00e7\u00e3o fracionada dos recursos, como [&hellip;]<\/p>\n","protected":false},"author":1,"featured_media":27358,"comment_status":"closed","ping_status":"closed","sticky":false,"template":"","format":"standard","meta":{"_monsterinsights_skip_tracking":false,"_monsterinsights_sitenote_active":false,"_monsterinsights_sitenote_note":"","_monsterinsights_sitenote_category":0,"footnotes":""},"categories":[1],"tags":[13354,3606,3605,328,9718,16,167,433],"class_list":["post-27355","post","type-post","status-publish","format-standard","has-post-thumbnail","hentry","category-geral","tag-amanda-pupo","tag-aneor","tag-danniel-zveiter","tag-dnit","tag-ministerio-do-planejamento-e-orcamento","tag-ministerio-dos-transportes","tag-orcamento","tag-rodovias-federais"],"yoast_head":"<!-- This site is optimized with the Yoast SEO Premium plugin v25.4 (Yoast SEO v26.0) - https:\/\/yoast.com\/wordpress\/plugins\/seo\/ -->\n<title>&#039;Solu\u00e7o&#039; or\u00e7ament\u00e1rio afeta obras e empres\u00e1rios pedem previsibilidade - Ag\u00eancia iNFRA<\/title>\n<meta name=\"robots\" content=\"index, follow, max-snippet:-1, max-image-preview:large, max-video-preview:-1\" \/>\n<link rel=\"canonical\" href=\"https:\/\/agenciainfra.com\/blog\/soluco-orcamentario-afeta-obras-e-empresarios-pedem-previsibilidade\/\" \/>\n<meta property=\"og:locale\" content=\"pt_BR\" \/>\n<meta property=\"og:type\" content=\"article\" \/>\n<meta property=\"og:title\" content=\"&#039;Solu\u00e7o&#039; or\u00e7ament\u00e1rio afeta obras e empres\u00e1rios pedem previsibilidade\" \/>\n<meta property=\"og:description\" content=\"Amanda Pupo, da Ag\u00eancia iNFRA A pol\u00edtica de execu\u00e7\u00e3o or\u00e7ament\u00e1ria do governo federal feita para a equipe econ\u00f4mica ter maior controle fiscal das contas p\u00fablicas tem gerado uma s\u00e9rie de problemas para as empreiteiras que prestam servi\u00e7os ao DNIT (Departamento Nacional de Infraestrutura de Transportes). As empresas alegam que a libera\u00e7\u00e3o fracionada dos recursos, como [&hellip;]\" \/>\n<meta property=\"og:url\" content=\"https:\/\/agenciainfra.com\/blog\/soluco-orcamentario-afeta-obras-e-empresarios-pedem-previsibilidade\/\" \/>\n<meta property=\"og:site_name\" content=\"Ag\u00eancia iNFRA\" \/>\n<meta property=\"article:publisher\" content=\"https:\/\/www.facebook.com\/ageninfra\" \/>\n<meta property=\"article:published_time\" content=\"2025-09-09T11:00:00+00:00\" \/>\n<meta property=\"article:modified_time\" content=\"2025-09-10T01:12:17+00:00\" \/>\n<meta property=\"og:image\" content=\"https:\/\/agenciainfra.com\/blog\/wp-content\/uploads\/2025\/09\/obra-publica-foto-michel-corvello-ministerio-dos-transportes.jpg\" \/>\n\t<meta property=\"og:image:width\" content=\"1280\" \/>\n\t<meta property=\"og:image:height\" content=\"853\" \/>\n\t<meta property=\"og:image:type\" content=\"image\/jpeg\" \/>\n<meta name=\"author\" content=\"Ag\u00eancia iNFRA\" \/>\n<meta name=\"twitter:card\" content=\"summary_large_image\" \/>\n<meta name=\"twitter:creator\" content=\"@agencia_infra\" \/>\n<meta name=\"twitter:site\" content=\"@agencia_infra\" \/>\n<meta name=\"twitter:label1\" content=\"Escrito por\" \/>\n\t<meta name=\"twitter:data1\" content=\"Ag\u00eancia iNFRA\" \/>\n\t<meta name=\"twitter:label2\" content=\"Est. tempo de leitura\" \/>\n\t<meta name=\"twitter:data2\" content=\"6 minutos\" \/>\n<script type=\"application\/ld+json\" class=\"yoast-schema-graph\">{\"@context\":\"https:\/\/schema.org\",\"@graph\":[{\"@type\":\"Article\",\"@id\":\"https:\/\/agenciainfra.com\/blog\/soluco-orcamentario-afeta-obras-e-empresarios-pedem-previsibilidade\/#article\",\"isPartOf\":{\"@id\":\"https:\/\/agenciainfra.com\/blog\/soluco-orcamentario-afeta-obras-e-empresarios-pedem-previsibilidade\/\"},\"author\":{\"name\":\"Ag\u00eancia iNFRA\",\"@id\":\"https:\/\/agenciainfra.com\/blog\/#\/schema\/person\/34af08dff6adea4cb22b06612ba7acfa\"},\"headline\":\"&#8216;Solu\u00e7o&#8217; or\u00e7ament\u00e1rio afeta obras e empres\u00e1rios pedem previsibilidade\",\"datePublished\":\"2025-09-09T11:00:00+00:00\",\"dateModified\":\"2025-09-10T01:12:17+00:00\",\"mainEntityOfPage\":{\"@id\":\"https:\/\/agenciainfra.com\/blog\/soluco-orcamentario-afeta-obras-e-empresarios-pedem-previsibilidade\/\"},\"wordCount\":1299,\"publisher\":{\"@id\":\"https:\/\/agenciainfra.com\/blog\/#organization\"},\"image\":{\"@id\":\"https:\/\/agenciainfra.com\/blog\/soluco-orcamentario-afeta-obras-e-empresarios-pedem-previsibilidade\/#primaryimage\"},\"thumbnailUrl\":\"https:\/\/agenciainfra.com\/blog\/wp-content\/uploads\/2025\/09\/obra-publica-foto-michel-corvello-ministerio-dos-transportes.jpg\",\"keywords\":[\"Amanda Pupo\",\"Aneor\",\"Danniel Zveiter\",\"DNIT\",\"Minist\u00e9rio do Planejamento e Or\u00e7amento\",\"minist\u00e9rio dos transportes\",\"Or\u00e7amento\",\"rodovias federais\"],\"articleSection\":[\"Geral\"],\"inLanguage\":\"pt-BR\",\"copyrightYear\":\"2025\",\"copyrightHolder\":{\"@id\":\"https:\/\/agenciainfra.com\/blog\/#organization\"}},{\"@type\":\"WebPage\",\"@id\":\"https:\/\/agenciainfra.com\/blog\/soluco-orcamentario-afeta-obras-e-empresarios-pedem-previsibilidade\/\",\"url\":\"https:\/\/agenciainfra.com\/blog\/soluco-orcamentario-afeta-obras-e-empresarios-pedem-previsibilidade\/\",\"name\":\"'Solu\u00e7o' or\u00e7ament\u00e1rio afeta obras e empres\u00e1rios pedem previsibilidade - Ag\u00eancia iNFRA\",\"isPartOf\":{\"@id\":\"https:\/\/agenciainfra.com\/blog\/#website\"},\"primaryImageOfPage\":{\"@id\":\"https:\/\/agenciainfra.com\/blog\/soluco-orcamentario-afeta-obras-e-empresarios-pedem-previsibilidade\/#primaryimage\"},\"image\":{\"@id\":\"https:\/\/agenciainfra.com\/blog\/soluco-orcamentario-afeta-obras-e-empresarios-pedem-previsibilidade\/#primaryimage\"},\"thumbnailUrl\":\"https:\/\/agenciainfra.com\/blog\/wp-content\/uploads\/2025\/09\/obra-publica-foto-michel-corvello-ministerio-dos-transportes.jpg\",\"datePublished\":\"2025-09-09T11:00:00+00:00\",\"dateModified\":\"2025-09-10T01:12:17+00:00\",\"breadcrumb\":{\"@id\":\"https:\/\/agenciainfra.com\/blog\/soluco-orcamentario-afeta-obras-e-empresarios-pedem-previsibilidade\/#breadcrumb\"},\"inLanguage\":\"pt-BR\",\"potentialAction\":[{\"@type\":\"ReadAction\",\"target\":[\"https:\/\/agenciainfra.com\/blog\/soluco-orcamentario-afeta-obras-e-empresarios-pedem-previsibilidade\/\"]}]},{\"@type\":\"ImageObject\",\"inLanguage\":\"pt-BR\",\"@id\":\"https:\/\/agenciainfra.com\/blog\/soluco-orcamentario-afeta-obras-e-empresarios-pedem-previsibilidade\/#primaryimage\",\"url\":\"https:\/\/agenciainfra.com\/blog\/wp-content\/uploads\/2025\/09\/obra-publica-foto-michel-corvello-ministerio-dos-transportes.jpg\",\"contentUrl\":\"https:\/\/agenciainfra.com\/blog\/wp-content\/uploads\/2025\/09\/obra-publica-foto-michel-corvello-ministerio-dos-transportes.jpg\",\"width\":1280,\"height\":853,\"caption\":\"Foto: Michel Corvello\/Minist\u00e9rio dos Transportes\"},{\"@type\":\"BreadcrumbList\",\"@id\":\"https:\/\/agenciainfra.com\/blog\/soluco-orcamentario-afeta-obras-e-empresarios-pedem-previsibilidade\/#breadcrumb\",\"itemListElement\":[{\"@type\":\"ListItem\",\"position\":1,\"name\":\"In\u00edcio\",\"item\":\"https:\/\/agenciainfra.com\/blog\/\"},{\"@type\":\"ListItem\",\"position\":2,\"name\":\"&#8216;Solu\u00e7o&#8217; or\u00e7ament\u00e1rio afeta obras e empres\u00e1rios pedem previsibilidade\"}]},{\"@type\":\"WebSite\",\"@id\":\"https:\/\/agenciainfra.com\/blog\/#website\",\"url\":\"https:\/\/agenciainfra.com\/blog\/\",\"name\":\"Ag\u00eancia iNFRA\",\"description\":\"Multiplataforma de informa\u00e7\u00e3o jornal\u00edstica refer\u00eancia na \u00e1rea de infraestrutura no Brasil!\",\"publisher\":{\"@id\":\"https:\/\/agenciainfra.com\/blog\/#organization\"},\"potentialAction\":[{\"@type\":\"SearchAction\",\"target\":{\"@type\":\"EntryPoint\",\"urlTemplate\":\"https:\/\/agenciainfra.com\/blog\/?s={search_term_string}\"},\"query-input\":{\"@type\":\"PropertyValueSpecification\",\"valueRequired\":true,\"valueName\":\"search_term_string\"}}],\"inLanguage\":\"pt-BR\"},{\"@type\":\"Organization\",\"@id\":\"https:\/\/agenciainfra.com\/blog\/#organization\",\"name\":\"Ag\u00eancia iNFRA\",\"url\":\"https:\/\/agenciainfra.com\/blog\/\",\"logo\":{\"@type\":\"ImageObject\",\"inLanguage\":\"pt-BR\",\"@id\":\"https:\/\/agenciainfra.com\/blog\/#\/schema\/logo\/image\/\",\"url\":\"https:\/\/agenciainfra.com\/blog\/wp-content\/uploads\/2023\/09\/iNFRA_5-e1761735885940.png\",\"contentUrl\":\"https:\/\/agenciainfra.com\/blog\/wp-content\/uploads\/2023\/09\/iNFRA_5-e1761735885940.png\",\"width\":1672,\"height\":454,\"caption\":\"Ag\u00eancia iNFRA\"},\"image\":{\"@id\":\"https:\/\/agenciainfra.com\/blog\/#\/schema\/logo\/image\/\"},\"sameAs\":[\"https:\/\/www.facebook.com\/ageninfra\",\"https:\/\/x.com\/agencia_infra\",\"https:\/\/www.linkedin.com\/company\/ag\u00eanciainfra\/\",\"https:\/\/www.instagram.com\/agenciainfra\/\"]},{\"@type\":\"Person\",\"@id\":\"https:\/\/agenciainfra.com\/blog\/#\/schema\/person\/34af08dff6adea4cb22b06612ba7acfa\",\"name\":\"Ag\u00eancia iNFRA\",\"image\":{\"@type\":\"ImageObject\",\"inLanguage\":\"pt-BR\",\"@id\":\"https:\/\/agenciainfra.com\/blog\/#\/schema\/person\/image\/\",\"url\":\"https:\/\/secure.gravatar.com\/avatar\/d189e01678f06d8eb84d4e01f08eb848b3fffe3f8443818d3c356c66892f5be8?s=96&d=mm&r=g\",\"contentUrl\":\"https:\/\/secure.gravatar.com\/avatar\/d189e01678f06d8eb84d4e01f08eb848b3fffe3f8443818d3c356c66892f5be8?s=96&d=mm&r=g\",\"caption\":\"Ag\u00eancia iNFRA\"},\"url\":\"https:\/\/agenciainfra.com\/blog\/author\/admin\/\"}]}<\/script>\n<!-- \/ Yoast SEO Premium plugin. -->","yoast_head_json":{"title":"'Solu\u00e7o' or\u00e7ament\u00e1rio afeta obras e empres\u00e1rios pedem previsibilidade - Ag\u00eancia iNFRA","robots":{"index":"index","follow":"follow","max-snippet":"max-snippet:-1","max-image-preview":"max-image-preview:large","max-video-preview":"max-video-preview:-1"},"canonical":"https:\/\/agenciainfra.com\/blog\/soluco-orcamentario-afeta-obras-e-empresarios-pedem-previsibilidade\/","og_locale":"pt_BR","og_type":"article","og_title":"'Solu\u00e7o' or\u00e7ament\u00e1rio afeta obras e empres\u00e1rios pedem previsibilidade","og_description":"Amanda Pupo, da Ag\u00eancia iNFRA A pol\u00edtica de execu\u00e7\u00e3o or\u00e7ament\u00e1ria do governo federal feita para a equipe econ\u00f4mica ter maior controle fiscal das contas p\u00fablicas tem gerado uma s\u00e9rie de problemas para as empreiteiras que prestam servi\u00e7os ao DNIT (Departamento Nacional de Infraestrutura de Transportes). As empresas alegam que a libera\u00e7\u00e3o fracionada dos recursos, como [&hellip;]","og_url":"https:\/\/agenciainfra.com\/blog\/soluco-orcamentario-afeta-obras-e-empresarios-pedem-previsibilidade\/","og_site_name":"Ag\u00eancia iNFRA","article_publisher":"https:\/\/www.facebook.com\/ageninfra","article_published_time":"2025-09-09T11:00:00+00:00","article_modified_time":"2025-09-10T01:12:17+00:00","og_image":[{"width":1280,"height":853,"url":"https:\/\/agenciainfra.com\/blog\/wp-content\/uploads\/2025\/09\/obra-publica-foto-michel-corvello-ministerio-dos-transportes.jpg","type":"image\/jpeg"}],"author":"Ag\u00eancia iNFRA","twitter_card":"summary_large_image","twitter_creator":"@agencia_infra","twitter_site":"@agencia_infra","twitter_misc":{"Escrito por":"Ag\u00eancia iNFRA","Est. tempo de leitura":"6 minutos"},"schema":{"@context":"https:\/\/schema.org","@graph":[{"@type":"Article","@id":"https:\/\/agenciainfra.com\/blog\/soluco-orcamentario-afeta-obras-e-empresarios-pedem-previsibilidade\/#article","isPartOf":{"@id":"https:\/\/agenciainfra.com\/blog\/soluco-orcamentario-afeta-obras-e-empresarios-pedem-previsibilidade\/"},"author":{"name":"Ag\u00eancia iNFRA","@id":"https:\/\/agenciainfra.com\/blog\/#\/schema\/person\/34af08dff6adea4cb22b06612ba7acfa"},"headline":"&#8216;Solu\u00e7o&#8217; or\u00e7ament\u00e1rio afeta obras e empres\u00e1rios pedem previsibilidade","datePublished":"2025-09-09T11:00:00+00:00","dateModified":"2025-09-10T01:12:17+00:00","mainEntityOfPage":{"@id":"https:\/\/agenciainfra.com\/blog\/soluco-orcamentario-afeta-obras-e-empresarios-pedem-previsibilidade\/"},"wordCount":1299,"publisher":{"@id":"https:\/\/agenciainfra.com\/blog\/#organization"},"image":{"@id":"https:\/\/agenciainfra.com\/blog\/soluco-orcamentario-afeta-obras-e-empresarios-pedem-previsibilidade\/#primaryimage"},"thumbnailUrl":"https:\/\/agenciainfra.com\/blog\/wp-content\/uploads\/2025\/09\/obra-publica-foto-michel-corvello-ministerio-dos-transportes.jpg","keywords":["Amanda Pupo","Aneor","Danniel Zveiter","DNIT","Minist\u00e9rio do Planejamento e Or\u00e7amento","minist\u00e9rio dos transportes","Or\u00e7amento","rodovias federais"],"articleSection":["Geral"],"inLanguage":"pt-BR","copyrightYear":"2025","copyrightHolder":{"@id":"https:\/\/agenciainfra.com\/blog\/#organization"}},{"@type":"WebPage","@id":"https:\/\/agenciainfra.com\/blog\/soluco-orcamentario-afeta-obras-e-empresarios-pedem-previsibilidade\/","url":"https:\/\/agenciainfra.com\/blog\/soluco-orcamentario-afeta-obras-e-empresarios-pedem-previsibilidade\/","name":"'Solu\u00e7o' or\u00e7ament\u00e1rio afeta obras e empres\u00e1rios pedem previsibilidade - Ag\u00eancia iNFRA","isPartOf":{"@id":"https:\/\/agenciainfra.com\/blog\/#website"},"primaryImageOfPage":{"@id":"https:\/\/agenciainfra.com\/blog\/soluco-orcamentario-afeta-obras-e-empresarios-pedem-previsibilidade\/#primaryimage"},"image":{"@id":"https:\/\/agenciainfra.com\/blog\/soluco-orcamentario-afeta-obras-e-empresarios-pedem-previsibilidade\/#primaryimage"},"thumbnailUrl":"https:\/\/agenciainfra.com\/blog\/wp-content\/uploads\/2025\/09\/obra-publica-foto-michel-corvello-ministerio-dos-transportes.jpg","datePublished":"2025-09-09T11:00:00+00:00","dateModified":"2025-09-10T01:12:17+00:00","breadcrumb":{"@id":"https:\/\/agenciainfra.com\/blog\/soluco-orcamentario-afeta-obras-e-empresarios-pedem-previsibilidade\/#breadcrumb"},"inLanguage":"pt-BR","potentialAction":[{"@type":"ReadAction","target":["https:\/\/agenciainfra.com\/blog\/soluco-orcamentario-afeta-obras-e-empresarios-pedem-previsibilidade\/"]}]},{"@type":"ImageObject","inLanguage":"pt-BR","@id":"https:\/\/agenciainfra.com\/blog\/soluco-orcamentario-afeta-obras-e-empresarios-pedem-previsibilidade\/#primaryimage","url":"https:\/\/agenciainfra.com\/blog\/wp-content\/uploads\/2025\/09\/obra-publica-foto-michel-corvello-ministerio-dos-transportes.jpg","contentUrl":"https:\/\/agenciainfra.com\/blog\/wp-content\/uploads\/2025\/09\/obra-publica-foto-michel-corvello-ministerio-dos-transportes.jpg","width":1280,"height":853,"caption":"Foto: Michel Corvello\/Minist\u00e9rio dos Transportes"},{"@type":"BreadcrumbList","@id":"https:\/\/agenciainfra.com\/blog\/soluco-orcamentario-afeta-obras-e-empresarios-pedem-previsibilidade\/#breadcrumb","itemListElement":[{"@type":"ListItem","position":1,"name":"In\u00edcio","item":"https:\/\/agenciainfra.com\/blog\/"},{"@type":"ListItem","position":2,"name":"&#8216;Solu\u00e7o&#8217; or\u00e7ament\u00e1rio afeta obras e empres\u00e1rios pedem previsibilidade"}]},{"@type":"WebSite","@id":"https:\/\/agenciainfra.com\/blog\/#website","url":"https:\/\/agenciainfra.com\/blog\/","name":"Ag\u00eancia iNFRA","description":"Multiplataforma de informa\u00e7\u00e3o jornal\u00edstica refer\u00eancia na \u00e1rea de infraestrutura no Brasil!","publisher":{"@id":"https:\/\/agenciainfra.com\/blog\/#organization"},"potentialAction":[{"@type":"SearchAction","target":{"@type":"EntryPoint","urlTemplate":"https:\/\/agenciainfra.com\/blog\/?s={search_term_string}"},"query-input":{"@type":"PropertyValueSpecification","valueRequired":true,"valueName":"search_term_string"}}],"inLanguage":"pt-BR"},{"@type":"Organization","@id":"https:\/\/agenciainfra.com\/blog\/#organization","name":"Ag\u00eancia iNFRA","url":"https:\/\/agenciainfra.com\/blog\/","logo":{"@type":"ImageObject","inLanguage":"pt-BR","@id":"https:\/\/agenciainfra.com\/blog\/#\/schema\/logo\/image\/","url":"https:\/\/agenciainfra.com\/blog\/wp-content\/uploads\/2023\/09\/iNFRA_5-e1761735885940.png","contentUrl":"https:\/\/agenciainfra.com\/blog\/wp-content\/uploads\/2023\/09\/iNFRA_5-e1761735885940.png","width":1672,"height":454,"caption":"Ag\u00eancia iNFRA"},"image":{"@id":"https:\/\/agenciainfra.com\/blog\/#\/schema\/logo\/image\/"},"sameAs":["https:\/\/www.facebook.com\/ageninfra","https:\/\/x.com\/agencia_infra","https:\/\/www.linkedin.com\/company\/ag\u00eanciainfra\/","https:\/\/www.instagram.com\/agenciainfra\/"]},{"@type":"Person","@id":"https:\/\/agenciainfra.com\/blog\/#\/schema\/person\/34af08dff6adea4cb22b06612ba7acfa","name":"Ag\u00eancia iNFRA","image":{"@type":"ImageObject","inLanguage":"pt-BR","@id":"https:\/\/agenciainfra.com\/blog\/#\/schema\/person\/image\/","url":"https:\/\/secure.gravatar.com\/avatar\/d189e01678f06d8eb84d4e01f08eb848b3fffe3f8443818d3c356c66892f5be8?s=96&d=mm&r=g","contentUrl":"https:\/\/secure.gravatar.com\/avatar\/d189e01678f06d8eb84d4e01f08eb848b3fffe3f8443818d3c356c66892f5be8?s=96&d=mm&r=g","caption":"Ag\u00eancia iNFRA"},"url":"https:\/\/agenciainfra.com\/blog\/author\/admin\/"}]}},"_links":{"self":[{"href":"https:\/\/agenciainfra.com\/blog\/wp-json\/wp\/v2\/posts\/27355","targetHints":{"allow":["GET"]}}],"collection":[{"href":"https:\/\/agenciainfra.com\/blog\/wp-json\/wp\/v2\/posts"}],"about":[{"href":"https:\/\/agenciainfra.com\/blog\/wp-json\/wp\/v2\/types\/post"}],"author":[{"embeddable":true,"href":"https:\/\/agenciainfra.com\/blog\/wp-json\/wp\/v2\/users\/1"}],"replies":[{"embeddable":true,"href":"https:\/\/agenciainfra.com\/blog\/wp-json\/wp\/v2\/comments?post=27355"}],"version-history":[{"count":2,"href":"https:\/\/agenciainfra.com\/blog\/wp-json\/wp\/v2\/posts\/27355\/revisions"}],"predecessor-version":[{"id":27359,"href":"https:\/\/agenciainfra.com\/blog\/wp-json\/wp\/v2\/posts\/27355\/revisions\/27359"}],"wp:featuredmedia":[{"embeddable":true,"href":"https:\/\/agenciainfra.com\/blog\/wp-json\/wp\/v2\/media\/27358"}],"wp:attachment":[{"href":"https:\/\/agenciainfra.com\/blog\/wp-json\/wp\/v2\/media?parent=27355"}],"wp:term":[{"taxonomy":"category","embeddable":true,"href":"https:\/\/agenciainfra.com\/blog\/wp-json\/wp\/v2\/categories?post=27355"},{"taxonomy":"post_tag","embeddable":true,"href":"https:\/\/agenciainfra.com\/blog\/wp-json\/wp\/v2\/tags?post=27355"}],"curies":[{"name":"wp","href":"https:\/\/api.w.org\/{rel}","templated":true}]}}