{"id":27386,"date":"2025-09-08T20:27:38","date_gmt":"2025-09-08T23:27:38","guid":{"rendered":"https:\/\/agenciainfra.com\/blog\/?p=27386"},"modified":"2025-09-08T20:27:40","modified_gmt":"2025-09-08T23:27:40","slug":"aeroporto-de-dourados-retoma-voos-comerciais-para-140-destinos","status":"publish","type":"post","link":"https:\/\/agenciainfra.com\/blog\/aeroporto-de-dourados-retoma-voos-comerciais-para-140-destinos\/","title":{"rendered":"Aeroporto de Dourados retoma voos comerciais para 140 destinos"},"content":{"rendered":"\n<p class=\"has-text-align-right\"><strong>da Ag\u00eancia iNFRA<\/strong><\/p>\n\n\n\n<p>O Aeroporto Regional de Dourados, no Mato Grosso do Sul, retomou a opera\u00e7\u00e3o de voos comerciais nesta segunda-feira (8), com rota inaugural da companhia a\u00e9rea Latam.<\/p>\n\n\n\n<p>O aeroporto est\u00e1 sendo atendido pela Latam com tr\u00eas frequ\u00eancias semanais na rota Dourados-S\u00e3o Paulo\/Guarulhos, em aeronaves Airbus A319, com capacidade para 144 passageiros, e A320, para at\u00e9 174 passageiros. As opera\u00e7\u00f5es ocorrer\u00e3o \u00e0s segundas, quintas e sextas-feiras, com pouso em Dourados \u00e0s 8h40 e partida \u00e0s 9h20.<\/p>\n\n\n\n<p>Por meio do Aeroporto Internacional de Guarulhos, Dourados ser\u00e1 conectada a mais de 50 aeroportos em todo o pa\u00eds e a 90 no exterior.<\/p>\n\n\n\n<p>A Infraero assumiu o Aeroporto de Dourados em agosto de 2024, por meio de contrato com a Prefeitura Municipal, e deu in\u00edcio \u00e0 homologa\u00e7\u00e3o das melhorias realizadas, o que permitiu a retomada das opera\u00e7\u00f5es comerciais, suspensas desde 2021.<\/p>\n\n\n\n<p>Em parceria com a Prefeitura, a Infraero conduziu os processos de homologa\u00e7\u00e3o das obras da pista pouso e decolagem, das pistas de taxiamento, do novo p\u00e1tio de manobras, do PAPI (Sistema Indicador de Percurso de Aproxima\u00e7\u00e3o de Precis\u00e3o) nas duas cabeceiras da pista de pouso e decolagem e da EPTA (Esta\u00e7\u00e3o Prestadora de Servi\u00e7os de Telecomunica\u00e7\u00f5es e de Tr\u00e1fego A\u00e9reo).<\/p>\n\n\n\n<p><\/p>\n","protected":false},"excerpt":{"rendered":"<p>da Ag\u00eancia iNFRA O Aeroporto Regional de Dourados, no Mato Grosso do Sul, retomou a opera\u00e7\u00e3o de voos comerciais nesta segunda-feira (8), com rota inaugural da companhia a\u00e9rea Latam. O aeroporto est\u00e1 sendo atendido pela Latam com tr\u00eas frequ\u00eancias semanais na rota Dourados-S\u00e3o Paulo\/Guarulhos, em aeronaves Airbus A319, com capacidade para 144 passageiros, e A320, [&hellip;]<\/p>\n","protected":false},"author":1,"featured_media":27387,"comment_status":"closed","ping_status":"closed","sticky":false,"template":"","format":"standard","meta":{"_monsterinsights_skip_tracking":false,"_monsterinsights_sitenote_active":false,"_monsterinsights_sitenote_note":"","_monsterinsights_sitenote_category":0,"footnotes":""},"categories":[1,13576],"tags":[15243,61,7131,2797,10460],"class_list":["post-27386","post","type-post","status-publish","format-standard","has-post-thumbnail","hentry","category-geral","category-giro-infra","tag-aeroporto-de-dourados","tag-infraero","tag-latam","tag-mato-grosso-do-sul","tag-voos-comerciais"],"yoast_head":"<!-- This site is optimized with the Yoast SEO Premium plugin v25.4 (Yoast SEO v26.0) - https:\/\/yoast.com\/wordpress\/plugins\/seo\/ -->\n<title>Aeroporto de Dourados retoma voos comerciais para 140 destinos - Ag\u00eancia iNFRA<\/title>\n<meta name=\"robots\" content=\"index, follow, max-snippet:-1, max-image-preview:large, max-video-preview:-1\" \/>\n<link rel=\"canonical\" href=\"https:\/\/agenciainfra.com\/blog\/aeroporto-de-dourados-retoma-voos-comerciais-para-140-destinos\/\" \/>\n<meta property=\"og:locale\" content=\"pt_BR\" \/>\n<meta property=\"og:type\" content=\"article\" \/>\n<meta property=\"og:title\" content=\"Aeroporto de Dourados retoma voos comerciais para 140 destinos\" \/>\n<meta property=\"og:description\" content=\"da Ag\u00eancia iNFRA O Aeroporto Regional de Dourados, no Mato Grosso do Sul, retomou a opera\u00e7\u00e3o de voos comerciais nesta segunda-feira (8), com rota inaugural da companhia a\u00e9rea Latam. O aeroporto est\u00e1 sendo atendido pela Latam com tr\u00eas frequ\u00eancias semanais na rota Dourados-S\u00e3o Paulo\/Guarulhos, em aeronaves Airbus A319, com capacidade para 144 passageiros, e A320, [&hellip;]\" \/>\n<meta property=\"og:url\" content=\"https:\/\/agenciainfra.com\/blog\/aeroporto-de-dourados-retoma-voos-comerciais-para-140-destinos\/\" \/>\n<meta property=\"og:site_name\" content=\"Ag\u00eancia iNFRA\" \/>\n<meta property=\"article:publisher\" content=\"https:\/\/www.facebook.com\/ageninfra\" \/>\n<meta property=\"article:published_time\" content=\"2025-09-08T23:27:38+00:00\" \/>\n<meta property=\"article:modified_time\" content=\"2025-09-08T23:27:40+00:00\" \/>\n<meta property=\"og:image\" content=\"https:\/\/agenciainfra.com\/blog\/wp-content\/uploads\/2025\/09\/aeroporto-dourados-infraero-foto-wikimedia-commons.jpg\" \/>\n\t<meta property=\"og:image:width\" content=\"1024\" \/>\n\t<meta property=\"og:image:height\" content=\"768\" \/>\n\t<meta property=\"og:image:type\" content=\"image\/jpeg\" \/>\n<meta name=\"author\" content=\"Ag\u00eancia iNFRA\" \/>\n<meta name=\"twitter:card\" content=\"summary_large_image\" \/>\n<meta name=\"twitter:creator\" content=\"@agencia_infra\" \/>\n<meta name=\"twitter:site\" content=\"@agencia_infra\" \/>\n<meta name=\"twitter:label1\" content=\"Escrito por\" \/>\n\t<meta name=\"twitter:data1\" content=\"Ag\u00eancia iNFRA\" \/>\n\t<meta name=\"twitter:label2\" content=\"Est. tempo de leitura\" \/>\n\t<meta name=\"twitter:data2\" content=\"1 minuto\" \/>\n<script type=\"application\/ld+json\" class=\"yoast-schema-graph\">{\"@context\":\"https:\/\/schema.org\",\"@graph\":[{\"@type\":\"Article\",\"@id\":\"https:\/\/agenciainfra.com\/blog\/aeroporto-de-dourados-retoma-voos-comerciais-para-140-destinos\/#article\",\"isPartOf\":{\"@id\":\"https:\/\/agenciainfra.com\/blog\/aeroporto-de-dourados-retoma-voos-comerciais-para-140-destinos\/\"},\"author\":{\"name\":\"Ag\u00eancia iNFRA\",\"@id\":\"https:\/\/agenciainfra.com\/blog\/#\/schema\/person\/34af08dff6adea4cb22b06612ba7acfa\"},\"headline\":\"Aeroporto de Dourados retoma voos comerciais para 140 destinos\",\"datePublished\":\"2025-09-08T23:27:38+00:00\",\"dateModified\":\"2025-09-08T23:27:40+00:00\",\"mainEntityOfPage\":{\"@id\":\"https:\/\/agenciainfra.com\/blog\/aeroporto-de-dourados-retoma-voos-comerciais-para-140-destinos\/\"},\"wordCount\":221,\"publisher\":{\"@id\":\"https:\/\/agenciainfra.com\/blog\/#organization\"},\"image\":{\"@id\":\"https:\/\/agenciainfra.com\/blog\/aeroporto-de-dourados-retoma-voos-comerciais-para-140-destinos\/#primaryimage\"},\"thumbnailUrl\":\"https:\/\/agenciainfra.com\/blog\/wp-content\/uploads\/2025\/09\/aeroporto-dourados-infraero-foto-wikimedia-commons.jpg\",\"keywords\":[\"Aeroporto de Dourados\",\"Infraero\",\"Latam\",\"Mato Grosso do Sul\",\"voos comerciais\"],\"articleSection\":[\"Geral\",\"Giro iNFRA\"],\"inLanguage\":\"pt-BR\",\"copyrightYear\":\"2025\",\"copyrightHolder\":{\"@id\":\"https:\/\/agenciainfra.com\/blog\/#organization\"}},{\"@type\":\"WebPage\",\"@id\":\"https:\/\/agenciainfra.com\/blog\/aeroporto-de-dourados-retoma-voos-comerciais-para-140-destinos\/\",\"url\":\"https:\/\/agenciainfra.com\/blog\/aeroporto-de-dourados-retoma-voos-comerciais-para-140-destinos\/\",\"name\":\"Aeroporto de Dourados retoma voos comerciais para 140 destinos - Ag\u00eancia iNFRA\",\"isPartOf\":{\"@id\":\"https:\/\/agenciainfra.com\/blog\/#website\"},\"primaryImageOfPage\":{\"@id\":\"https:\/\/agenciainfra.com\/blog\/aeroporto-de-dourados-retoma-voos-comerciais-para-140-destinos\/#primaryimage\"},\"image\":{\"@id\":\"https:\/\/agenciainfra.com\/blog\/aeroporto-de-dourados-retoma-voos-comerciais-para-140-destinos\/#primaryimage\"},\"thumbnailUrl\":\"https:\/\/agenciainfra.com\/blog\/wp-content\/uploads\/2025\/09\/aeroporto-dourados-infraero-foto-wikimedia-commons.jpg\",\"datePublished\":\"2025-09-08T23:27:38+00:00\",\"dateModified\":\"2025-09-08T23:27:40+00:00\",\"breadcrumb\":{\"@id\":\"https:\/\/agenciainfra.com\/blog\/aeroporto-de-dourados-retoma-voos-comerciais-para-140-destinos\/#breadcrumb\"},\"inLanguage\":\"pt-BR\",\"potentialAction\":[{\"@type\":\"ReadAction\",\"target\":[\"https:\/\/agenciainfra.com\/blog\/aeroporto-de-dourados-retoma-voos-comerciais-para-140-destinos\/\"]}]},{\"@type\":\"ImageObject\",\"inLanguage\":\"pt-BR\",\"@id\":\"https:\/\/agenciainfra.com\/blog\/aeroporto-de-dourados-retoma-voos-comerciais-para-140-destinos\/#primaryimage\",\"url\":\"https:\/\/agenciainfra.com\/blog\/wp-content\/uploads\/2025\/09\/aeroporto-dourados-infraero-foto-wikimedia-commons.jpg\",\"contentUrl\":\"https:\/\/agenciainfra.com\/blog\/wp-content\/uploads\/2025\/09\/aeroporto-dourados-infraero-foto-wikimedia-commons.jpg\",\"width\":1024,\"height\":768,\"caption\":\"Foto: Wikimedia Commons\"},{\"@type\":\"BreadcrumbList\",\"@id\":\"https:\/\/agenciainfra.com\/blog\/aeroporto-de-dourados-retoma-voos-comerciais-para-140-destinos\/#breadcrumb\",\"itemListElement\":[{\"@type\":\"ListItem\",\"position\":1,\"name\":\"In\u00edcio\",\"item\":\"https:\/\/agenciainfra.com\/blog\/\"},{\"@type\":\"ListItem\",\"position\":2,\"name\":\"Aeroporto de Dourados retoma voos comerciais para 140 destinos\"}]},{\"@type\":\"WebSite\",\"@id\":\"https:\/\/agenciainfra.com\/blog\/#website\",\"url\":\"https:\/\/agenciainfra.com\/blog\/\",\"name\":\"Ag\u00eancia iNFRA\",\"description\":\"Multiplataforma de informa\u00e7\u00e3o jornal\u00edstica refer\u00eancia na \u00e1rea de infraestrutura no Brasil!\",\"publisher\":{\"@id\":\"https:\/\/agenciainfra.com\/blog\/#organization\"},\"potentialAction\":[{\"@type\":\"SearchAction\",\"target\":{\"@type\":\"EntryPoint\",\"urlTemplate\":\"https:\/\/agenciainfra.com\/blog\/?s={search_term_string}\"},\"query-input\":{\"@type\":\"PropertyValueSpecification\",\"valueRequired\":true,\"valueName\":\"search_term_string\"}}],\"inLanguage\":\"pt-BR\"},{\"@type\":\"Organization\",\"@id\":\"https:\/\/agenciainfra.com\/blog\/#organization\",\"name\":\"Ag\u00eancia iNFRA\",\"url\":\"https:\/\/agenciainfra.com\/blog\/\",\"logo\":{\"@type\":\"ImageObject\",\"inLanguage\":\"pt-BR\",\"@id\":\"https:\/\/agenciainfra.com\/blog\/#\/schema\/logo\/image\/\",\"url\":\"https:\/\/agenciainfra.com\/blog\/wp-content\/uploads\/2023\/09\/iNFRA_5-e1761735885940.png\",\"contentUrl\":\"https:\/\/agenciainfra.com\/blog\/wp-content\/uploads\/2023\/09\/iNFRA_5-e1761735885940.png\",\"width\":1672,\"height\":454,\"caption\":\"Ag\u00eancia iNFRA\"},\"image\":{\"@id\":\"https:\/\/agenciainfra.com\/blog\/#\/schema\/logo\/image\/\"},\"sameAs\":[\"https:\/\/www.facebook.com\/ageninfra\",\"https:\/\/x.com\/agencia_infra\",\"https:\/\/www.linkedin.com\/company\/ag\u00eanciainfra\/\",\"https:\/\/www.instagram.com\/agenciainfra\/\"]},{\"@type\":\"Person\",\"@id\":\"https:\/\/agenciainfra.com\/blog\/#\/schema\/person\/34af08dff6adea4cb22b06612ba7acfa\",\"name\":\"Ag\u00eancia iNFRA\",\"image\":{\"@type\":\"ImageObject\",\"inLanguage\":\"pt-BR\",\"@id\":\"https:\/\/agenciainfra.com\/blog\/#\/schema\/person\/image\/\",\"url\":\"https:\/\/secure.gravatar.com\/avatar\/d189e01678f06d8eb84d4e01f08eb848b3fffe3f8443818d3c356c66892f5be8?s=96&d=mm&r=g\",\"contentUrl\":\"https:\/\/secure.gravatar.com\/avatar\/d189e01678f06d8eb84d4e01f08eb848b3fffe3f8443818d3c356c66892f5be8?s=96&d=mm&r=g\",\"caption\":\"Ag\u00eancia iNFRA\"},\"url\":\"https:\/\/agenciainfra.com\/blog\/author\/admin\/\"}]}<\/script>\n<!-- \/ Yoast SEO Premium plugin. -->","yoast_head_json":{"title":"Aeroporto de Dourados retoma voos comerciais para 140 destinos - Ag\u00eancia iNFRA","robots":{"index":"index","follow":"follow","max-snippet":"max-snippet:-1","max-image-preview":"max-image-preview:large","max-video-preview":"max-video-preview:-1"},"canonical":"https:\/\/agenciainfra.com\/blog\/aeroporto-de-dourados-retoma-voos-comerciais-para-140-destinos\/","og_locale":"pt_BR","og_type":"article","og_title":"Aeroporto de Dourados retoma voos comerciais para 140 destinos","og_description":"da Ag\u00eancia iNFRA O Aeroporto Regional de Dourados, no Mato Grosso do Sul, retomou a opera\u00e7\u00e3o de voos comerciais nesta segunda-feira (8), com rota inaugural da companhia a\u00e9rea Latam. O aeroporto est\u00e1 sendo atendido pela Latam com tr\u00eas frequ\u00eancias semanais na rota Dourados-S\u00e3o Paulo\/Guarulhos, em aeronaves Airbus A319, com capacidade para 144 passageiros, e A320, [&hellip;]","og_url":"https:\/\/agenciainfra.com\/blog\/aeroporto-de-dourados-retoma-voos-comerciais-para-140-destinos\/","og_site_name":"Ag\u00eancia iNFRA","article_publisher":"https:\/\/www.facebook.com\/ageninfra","article_published_time":"2025-09-08T23:27:38+00:00","article_modified_time":"2025-09-08T23:27:40+00:00","og_image":[{"width":1024,"height":768,"url":"https:\/\/agenciainfra.com\/blog\/wp-content\/uploads\/2025\/09\/aeroporto-dourados-infraero-foto-wikimedia-commons.jpg","type":"image\/jpeg"}],"author":"Ag\u00eancia iNFRA","twitter_card":"summary_large_image","twitter_creator":"@agencia_infra","twitter_site":"@agencia_infra","twitter_misc":{"Escrito por":"Ag\u00eancia iNFRA","Est. tempo de leitura":"1 minuto"},"schema":{"@context":"https:\/\/schema.org","@graph":[{"@type":"Article","@id":"https:\/\/agenciainfra.com\/blog\/aeroporto-de-dourados-retoma-voos-comerciais-para-140-destinos\/#article","isPartOf":{"@id":"https:\/\/agenciainfra.com\/blog\/aeroporto-de-dourados-retoma-voos-comerciais-para-140-destinos\/"},"author":{"name":"Ag\u00eancia iNFRA","@id":"https:\/\/agenciainfra.com\/blog\/#\/schema\/person\/34af08dff6adea4cb22b06612ba7acfa"},"headline":"Aeroporto de Dourados retoma voos comerciais para 140 destinos","datePublished":"2025-09-08T23:27:38+00:00","dateModified":"2025-09-08T23:27:40+00:00","mainEntityOfPage":{"@id":"https:\/\/agenciainfra.com\/blog\/aeroporto-de-dourados-retoma-voos-comerciais-para-140-destinos\/"},"wordCount":221,"publisher":{"@id":"https:\/\/agenciainfra.com\/blog\/#organization"},"image":{"@id":"https:\/\/agenciainfra.com\/blog\/aeroporto-de-dourados-retoma-voos-comerciais-para-140-destinos\/#primaryimage"},"thumbnailUrl":"https:\/\/agenciainfra.com\/blog\/wp-content\/uploads\/2025\/09\/aeroporto-dourados-infraero-foto-wikimedia-commons.jpg","keywords":["Aeroporto de Dourados","Infraero","Latam","Mato Grosso do Sul","voos comerciais"],"articleSection":["Geral","Giro iNFRA"],"inLanguage":"pt-BR","copyrightYear":"2025","copyrightHolder":{"@id":"https:\/\/agenciainfra.com\/blog\/#organization"}},{"@type":"WebPage","@id":"https:\/\/agenciainfra.com\/blog\/aeroporto-de-dourados-retoma-voos-comerciais-para-140-destinos\/","url":"https:\/\/agenciainfra.com\/blog\/aeroporto-de-dourados-retoma-voos-comerciais-para-140-destinos\/","name":"Aeroporto de Dourados retoma voos comerciais para 140 destinos - Ag\u00eancia iNFRA","isPartOf":{"@id":"https:\/\/agenciainfra.com\/blog\/#website"},"primaryImageOfPage":{"@id":"https:\/\/agenciainfra.com\/blog\/aeroporto-de-dourados-retoma-voos-comerciais-para-140-destinos\/#primaryimage"},"image":{"@id":"https:\/\/agenciainfra.com\/blog\/aeroporto-de-dourados-retoma-voos-comerciais-para-140-destinos\/#primaryimage"},"thumbnailUrl":"https:\/\/agenciainfra.com\/blog\/wp-content\/uploads\/2025\/09\/aeroporto-dourados-infraero-foto-wikimedia-commons.jpg","datePublished":"2025-09-08T23:27:38+00:00","dateModified":"2025-09-08T23:27:40+00:00","breadcrumb":{"@id":"https:\/\/agenciainfra.com\/blog\/aeroporto-de-dourados-retoma-voos-comerciais-para-140-destinos\/#breadcrumb"},"inLanguage":"pt-BR","potentialAction":[{"@type":"ReadAction","target":["https:\/\/agenciainfra.com\/blog\/aeroporto-de-dourados-retoma-voos-comerciais-para-140-destinos\/"]}]},{"@type":"ImageObject","inLanguage":"pt-BR","@id":"https:\/\/agenciainfra.com\/blog\/aeroporto-de-dourados-retoma-voos-comerciais-para-140-destinos\/#primaryimage","url":"https:\/\/agenciainfra.com\/blog\/wp-content\/uploads\/2025\/09\/aeroporto-dourados-infraero-foto-wikimedia-commons.jpg","contentUrl":"https:\/\/agenciainfra.com\/blog\/wp-content\/uploads\/2025\/09\/aeroporto-dourados-infraero-foto-wikimedia-commons.jpg","width":1024,"height":768,"caption":"Foto: Wikimedia Commons"},{"@type":"BreadcrumbList","@id":"https:\/\/agenciainfra.com\/blog\/aeroporto-de-dourados-retoma-voos-comerciais-para-140-destinos\/#breadcrumb","itemListElement":[{"@type":"ListItem","position":1,"name":"In\u00edcio","item":"https:\/\/agenciainfra.com\/blog\/"},{"@type":"ListItem","position":2,"name":"Aeroporto de Dourados retoma voos comerciais para 140 destinos"}]},{"@type":"WebSite","@id":"https:\/\/agenciainfra.com\/blog\/#website","url":"https:\/\/agenciainfra.com\/blog\/","name":"Ag\u00eancia iNFRA","description":"Multiplataforma de informa\u00e7\u00e3o jornal\u00edstica refer\u00eancia na \u00e1rea de infraestrutura no Brasil!","publisher":{"@id":"https:\/\/agenciainfra.com\/blog\/#organization"},"potentialAction":[{"@type":"SearchAction","target":{"@type":"EntryPoint","urlTemplate":"https:\/\/agenciainfra.com\/blog\/?s={search_term_string}"},"query-input":{"@type":"PropertyValueSpecification","valueRequired":true,"valueName":"search_term_string"}}],"inLanguage":"pt-BR"},{"@type":"Organization","@id":"https:\/\/agenciainfra.com\/blog\/#organization","name":"Ag\u00eancia iNFRA","url":"https:\/\/agenciainfra.com\/blog\/","logo":{"@type":"ImageObject","inLanguage":"pt-BR","@id":"https:\/\/agenciainfra.com\/blog\/#\/schema\/logo\/image\/","url":"https:\/\/agenciainfra.com\/blog\/wp-content\/uploads\/2023\/09\/iNFRA_5-e1761735885940.png","contentUrl":"https:\/\/agenciainfra.com\/blog\/wp-content\/uploads\/2023\/09\/iNFRA_5-e1761735885940.png","width":1672,"height":454,"caption":"Ag\u00eancia iNFRA"},"image":{"@id":"https:\/\/agenciainfra.com\/blog\/#\/schema\/logo\/image\/"},"sameAs":["https:\/\/www.facebook.com\/ageninfra","https:\/\/x.com\/agencia_infra","https:\/\/www.linkedin.com\/company\/ag\u00eanciainfra\/","https:\/\/www.instagram.com\/agenciainfra\/"]},{"@type":"Person","@id":"https:\/\/agenciainfra.com\/blog\/#\/schema\/person\/34af08dff6adea4cb22b06612ba7acfa","name":"Ag\u00eancia iNFRA","image":{"@type":"ImageObject","inLanguage":"pt-BR","@id":"https:\/\/agenciainfra.com\/blog\/#\/schema\/person\/image\/","url":"https:\/\/secure.gravatar.com\/avatar\/d189e01678f06d8eb84d4e01f08eb848b3fffe3f8443818d3c356c66892f5be8?s=96&d=mm&r=g","contentUrl":"https:\/\/secure.gravatar.com\/avatar\/d189e01678f06d8eb84d4e01f08eb848b3fffe3f8443818d3c356c66892f5be8?s=96&d=mm&r=g","caption":"Ag\u00eancia iNFRA"},"url":"https:\/\/agenciainfra.com\/blog\/author\/admin\/"}]}},"_links":{"self":[{"href":"https:\/\/agenciainfra.com\/blog\/wp-json\/wp\/v2\/posts\/27386","targetHints":{"allow":["GET"]}}],"collection":[{"href":"https:\/\/agenciainfra.com\/blog\/wp-json\/wp\/v2\/posts"}],"about":[{"href":"https:\/\/agenciainfra.com\/blog\/wp-json\/wp\/v2\/types\/post"}],"author":[{"embeddable":true,"href":"https:\/\/agenciainfra.com\/blog\/wp-json\/wp\/v2\/users\/1"}],"replies":[{"embeddable":true,"href":"https:\/\/agenciainfra.com\/blog\/wp-json\/wp\/v2\/comments?post=27386"}],"version-history":[{"count":1,"href":"https:\/\/agenciainfra.com\/blog\/wp-json\/wp\/v2\/posts\/27386\/revisions"}],"predecessor-version":[{"id":27388,"href":"https:\/\/agenciainfra.com\/blog\/wp-json\/wp\/v2\/posts\/27386\/revisions\/27388"}],"wp:featuredmedia":[{"embeddable":true,"href":"https:\/\/agenciainfra.com\/blog\/wp-json\/wp\/v2\/media\/27387"}],"wp:attachment":[{"href":"https:\/\/agenciainfra.com\/blog\/wp-json\/wp\/v2\/media?parent=27386"}],"wp:term":[{"taxonomy":"category","embeddable":true,"href":"https:\/\/agenciainfra.com\/blog\/wp-json\/wp\/v2\/categories?post=27386"},{"taxonomy":"post_tag","embeddable":true,"href":"https:\/\/agenciainfra.com\/blog\/wp-json\/wp\/v2\/tags?post=27386"}],"curies":[{"name":"wp","href":"https:\/\/api.w.org\/{rel}","templated":true}]}}