{"id":27408,"date":"2025-09-09T11:05:20","date_gmt":"2025-09-09T14:05:20","guid":{"rendered":"https:\/\/agenciainfra.com\/blog\/?p=27408"},"modified":"2025-09-10T14:04:14","modified_gmt":"2025-09-10T17:04:14","slug":"aneel-revoga-outorga-da-gold-energia-e-aprova-ingresso-de-acao-judicial","status":"publish","type":"post","link":"https:\/\/agenciainfra.com\/blog\/aneel-revoga-outorga-da-gold-energia-e-aprova-ingresso-de-acao-judicial\/","title":{"rendered":"ANEEL revoga outorga da Gold Energia e aprova ingresso de a\u00e7\u00e3o judicial"},"content":{"rendered":"\n<p class=\"has-text-align-right\"><strong>Geraldo Campos Jr., da Ag\u00eancia iNFRA<\/strong><\/p>\n\n\n\n<p>A diretoria da ANEEL (Ag\u00eancia Nacional de Energia El\u00e9trica) aprovou nesta ter\u00e7a-feira (9), por unanimidade dos presentes, a revoga\u00e7\u00e3o da outorga de autoriza\u00e7\u00e3o da comercializadora Gold Energia, que est\u00e1 em recupera\u00e7\u00e3o extrajudicial, por falhas e infra\u00e7\u00f5es regulat\u00f3rias pela empresa. Foi aprovado ainda autoriza\u00e7\u00e3o para a reguladora ingressar com a\u00e7\u00e3o civil p\u00fablica na Justi\u00e7a para garantir repara\u00e7\u00e3o financeira e medidas cautelares para \u201ccessar pr\u00e1ticas lesivas\u201d, tais como bloqueio de bens e dividendos, inclusive dos seus s\u00f3cios.<\/p>\n\n\n\n<p>O relator do caso, diretor Fernando Mosna, destacou em seu <a href=\"https:\/\/agenciainfra.com\/blog\/wp-content\/uploads\/2025\/09\/TI-Gold-Energia-v8.pdf\">voto<\/a> que a Gold operou com \u201calto n\u00edvel de exposi\u00e7\u00e3o\u201d, com grande volume de venda de energia sem a compra de energia equivalente, em especial em outubro de 2024 e ao longo de 2025, o que elevou o endividamento. Assim, diante de um cen\u00e1rio de alta do PLD (Pre\u00e7o de Liquida\u00e7\u00e3o das Diferen\u00e7as), ficou inadimplente do pagamento de suas obriga\u00e7\u00f5es e descumpriu contratos bilaterais no mercado livre e, posteriormente, tamb\u00e9m no mercado regulado, com concession\u00e1rias de distribui\u00e7\u00e3o.<\/p>\n\n\n\n<p>Mosna disse que a opera\u00e7\u00e3o da Gold no mercado \u201ccom perfil especulativo\u201d levou a um preju\u00edzo estimado de R$ 1 bilh\u00e3o, com reflexos de aproximadamente R$ 300 milh\u00f5es em consumidores regulados, diante da exposi\u00e7\u00e3o de cooperativas e distribuidoras a custos adicionais do mercado de curto prazo. O diretor chegou a dizer que a empresa \u201cn\u00e3o estava atuando como comercializadora, e mais como uma casa de bet (apostas)\u201d.<\/p>\n\n\n\n<p>Al\u00e9m disso, a ANEEL identificou outras irregularidades pela empresa, como rescis\u00e3o unilateral de contrato sem anu\u00eancia da ANEEL e n\u00e3o arcar com penalidades aplicadas pela CCEE (C\u00e2mara de Comercializa\u00e7\u00e3o de Energia), que superam R$ 2 milh\u00f5es. A comercializadora ainda n\u00e3o teria encaminhado balan\u00e7os patrimoniais auditados \u00e0 c\u00e2mara.<\/p>\n\n\n\n<p>\u201cAs reiteradas inadimpl\u00eancias, ocorridas nos meses de mar\u00e7o a maio, al\u00e9m da n\u00e3o entrega de documenta\u00e7\u00e3o referente ao processo de classifica\u00e7\u00e3o, configuram sistem\u00e1tica inadimpl\u00eancia do agente setorial\u201d, disse o relator em seu voto, configurando descumprimento de \u201cobriga\u00e7\u00f5es relativas ao exerc\u00edcio da atividade de comercializa\u00e7\u00e3o de energia\u201d.<\/p>\n\n\n\n<p>Os diretores Gentil Nogueira e Agnes Costa acompanharam o relator. O diretor-geral, Sandoval Feitosa, e o diretor Willamy Frota n\u00e3o estavam presentes na reuni\u00e3o.&nbsp;<\/p>\n\n\n\n<p><strong>A\u00e7\u00e3o judicial<\/strong><br>O relator pontuou que o ingresso de a\u00e7\u00e3o judicial seria complementar \u00e0 revoga\u00e7\u00e3o da outorga visando a resguardar o mercado. Segundo Mosna, apesar de a CCEE ter aplicado penalidades e desligado a empresa e a ANEEL agora aprovar a revoga\u00e7\u00e3o da outorga, n\u00e3o h\u00e1 instrumentos para que as duas entidades garantam o ressarcimento dos preju\u00edzos.<\/p>\n\n\n\n<p>\u201cA perspectiva regulat\u00f3ria e da CCEE n\u00e3o \u00e9 tanto o ressarcimento, e sim a conformidade regulat\u00f3ria. Ent\u00e3o estamos dando um passo al\u00e9m, por conta desse tipo de atua\u00e7\u00e3o da comercializadora, para que ela seja responsabilizada na regula\u00e7\u00e3o e tamb\u00e9m na via civil para garantir o ressarcimento\u201d, disse Mosna a jornalistas ap\u00f3s a reuni\u00e3o da diretoria.&nbsp;<\/p>\n\n\n\n<p>\u201c\u00c9 uma a\u00e7\u00e3o contra a pessoa jur\u00eddica, contra a comercializadora Gold, mas com pedido de desconsidera\u00e7\u00e3o da personalidade jur\u00eddica para poder fazer com que o patrim\u00f4nio de s\u00f3cios-administradores responda pelos danos\u201d, complementou o diretor.<\/p>\n\n\n\n<p>Segundo o procurador-geral da ANEEL, Eduardo Ramalho, essa \u00e9 a segunda vez na hist\u00f3ria que a diretoria d\u00e1 um comando para a procuradoria ingressar com uma a\u00e7\u00e3o contra alguma empresa do setor. O primeiro foi relacionado \u00e0 Eletrobras Chesf em 2012, informou. Ele explicou que agora ser\u00e1 feita uma an\u00e1lise dos argumentos trazidos pelo diretor Mosna no voto para analisar a proposi\u00e7\u00e3o da a\u00e7\u00e3o.&nbsp;<\/p>\n\n\n\n<p><strong>Sinaliza\u00e7\u00e3o ao mercado<\/strong><br>De acordo com o diretor Mosna, a decis\u00e3o desta ter\u00e7a-feira \u00e9 uma sinaliza\u00e7\u00e3o contundente para o mercado de comercializa\u00e7\u00e3o de que condutas que ferem a regula\u00e7\u00e3o ser\u00e3o punidas e poder\u00e3o inclusive alcan\u00e7ar bens dos administradores.<\/p>\n\n\n\n<p>\u201cSe estamos na imin\u00eancia de abrir o mercado, seja na Medida Provis\u00f3ria 1.300, na 1.304 ou em qualquer momento futuro, \u00e9 preciso efetivamente fazer com que os agentes comercializadores tenham a mais absoluta compreens\u00e3o de que se n\u00e3o atuarem em respeito \u00e0s regras regulat\u00f3rias e eventualmente atuarem com car\u00e1ter especulativo nas opera\u00e7\u00f5es de compra e venda de energia, a responsabiliza\u00e7\u00e3o pode ir para a esfera civil e tamb\u00e9m para o patrim\u00f4nio dos administradores\u201d, disse Mosna.<\/p>\n\n\n\n<p>O diretor Gentil Nogueira, que estava participando da sua primeira reuni\u00e3o da diretoria, tamb\u00e9m ponderou ao votar que o endere\u00e7amento \u201cmostra papel ativo da ANEEL\u201d na regula\u00e7\u00e3o e fiscaliza\u00e7\u00e3o do ambiente de contrata\u00e7\u00e3o livre, algo essencial diante do esperado crescimento no segmento nos pr\u00f3ximos anos com a abertura do mercado para a baixa tens\u00e3o.<\/p>\n\n\n\n<p><strong>Defesa da empresa<\/strong><br>No decorrer do processo, a Gold afirmou ter enviado \u00e0 CCEE as informa\u00e7\u00f5es obrigat\u00f3rias para manuten\u00e7\u00e3o da outorga e que estaria adotando medidas para compensar os montantes de energia n\u00e3o registrados, inclusive buscando acordos bilaterais com as contrapartes.\u00a0<\/p>\n\n\n\n<p>A empresa havia solicitado a suspens\u00e3o do processo e manuten\u00e7\u00e3o da outorga at\u00e9 a conclus\u00e3o das negocia\u00e7\u00f5es, alegando que a decis\u00e3o da ANEEL poderia causar &#8220;impactos graves a clientes e contratos&#8221;.<\/p>\n\n\n\n<p>A <strong>Ag\u00eancia iNFRA <\/strong>tentou contato com a Gold Energia ap\u00f3s a decis\u00e3o da ANEEL, mas n\u00e3o obteve resposta.<\/p>\n","protected":false},"excerpt":{"rendered":"<p>Geraldo Campos Jr., da Ag\u00eancia iNFRA A diretoria da ANEEL (Ag\u00eancia Nacional de Energia El\u00e9trica) aprovou nesta ter\u00e7a-feira (9), por unanimidade dos presentes, a revoga\u00e7\u00e3o da outorga de autoriza\u00e7\u00e3o da comercializadora Gold Energia, que est\u00e1 em recupera\u00e7\u00e3o extrajudicial, por falhas e infra\u00e7\u00f5es regulat\u00f3rias pela empresa. Foi aprovado ainda autoriza\u00e7\u00e3o para a reguladora ingressar com a\u00e7\u00e3o [&hellip;]<\/p>\n","protected":false},"author":1,"featured_media":5644,"comment_status":"closed","ping_status":"closed","sticky":false,"template":"","format":"standard","meta":{"_monsterinsights_skip_tracking":false,"_monsterinsights_sitenote_active":false,"_monsterinsights_sitenote_note":"","_monsterinsights_sitenote_category":0,"footnotes":""},"categories":[7250,1,10],"tags":[53,14,5540,15249,7014,11594,13168],"class_list":["post-27408","post","type-post","status-publish","format-standard","has-post-thumbnail","hentry","category-destaque-lista","category-geral","category-infraenergia","tag-aneel","tag-ccee","tag-comercializacao-de-energia","tag-comercializadora","tag-fernando-mosna","tag-geraldo-campos-jr","tag-gold-energia"],"yoast_head":"<!-- This site is optimized with the Yoast SEO Premium plugin v25.4 (Yoast SEO v26.0) - https:\/\/yoast.com\/wordpress\/plugins\/seo\/ -->\n<title>ANEEL revoga outorga da Gold Energia e aprova ingresso de a\u00e7\u00e3o judicial<\/title>\n<meta name=\"description\" content=\"Comercializadora operava \u201ccom perfil especulativo\u201d e provocou um preju\u00edzo estimado de R$ 1 bilh\u00e3o no mercado, segundo o relator\" \/>\n<meta name=\"robots\" content=\"index, follow, max-snippet:-1, max-image-preview:large, max-video-preview:-1\" \/>\n<link rel=\"canonical\" href=\"https:\/\/agenciainfra.com\/blog\/aneel-revoga-outorga-da-gold-energia-e-aprova-ingresso-de-acao-judicial\/\" \/>\n<meta property=\"og:locale\" content=\"pt_BR\" \/>\n<meta property=\"og:type\" content=\"article\" \/>\n<meta property=\"og:title\" content=\"ANEEL revoga outorga da Gold Energia e aprova ingresso de a\u00e7\u00e3o judicial\" \/>\n<meta property=\"og:description\" content=\"Comercializadora operava \u201ccom perfil especulativo\u201d e provocou um preju\u00edzo estimado de R$ 1 bilh\u00e3o no mercado, segundo o relator\" \/>\n<meta property=\"og:url\" content=\"https:\/\/agenciainfra.com\/blog\/aneel-revoga-outorga-da-gold-energia-e-aprova-ingresso-de-acao-judicial\/\" \/>\n<meta property=\"og:site_name\" content=\"Ag\u00eancia iNFRA\" \/>\n<meta property=\"article:publisher\" content=\"https:\/\/www.facebook.com\/ageninfra\" \/>\n<meta property=\"article:published_time\" content=\"2025-09-09T14:05:20+00:00\" \/>\n<meta property=\"article:modified_time\" content=\"2025-09-10T17:04:14+00:00\" \/>\n<meta property=\"og:image\" content=\"https:\/\/agenciainfra.com\/blog\/wp-content\/uploads\/2020\/08\/fachada-aneel-foto-divulgacao-e1750161921473.jpg\" \/>\n\t<meta property=\"og:image:width\" content=\"1280\" \/>\n\t<meta property=\"og:image:height\" content=\"768\" \/>\n\t<meta property=\"og:image:type\" content=\"image\/jpeg\" \/>\n<meta name=\"author\" content=\"Ag\u00eancia iNFRA\" \/>\n<meta name=\"twitter:card\" content=\"summary_large_image\" \/>\n<meta name=\"twitter:creator\" content=\"@agencia_infra\" \/>\n<meta name=\"twitter:site\" content=\"@agencia_infra\" \/>\n<meta name=\"twitter:label1\" content=\"Escrito por\" \/>\n\t<meta name=\"twitter:data1\" content=\"Ag\u00eancia iNFRA\" \/>\n\t<meta name=\"twitter:label2\" content=\"Est. tempo de leitura\" \/>\n\t<meta name=\"twitter:data2\" content=\"5 minutos\" \/>\n<script type=\"application\/ld+json\" class=\"yoast-schema-graph\">{\"@context\":\"https:\/\/schema.org\",\"@graph\":[{\"@type\":\"Article\",\"@id\":\"https:\/\/agenciainfra.com\/blog\/aneel-revoga-outorga-da-gold-energia-e-aprova-ingresso-de-acao-judicial\/#article\",\"isPartOf\":{\"@id\":\"https:\/\/agenciainfra.com\/blog\/aneel-revoga-outorga-da-gold-energia-e-aprova-ingresso-de-acao-judicial\/\"},\"author\":{\"name\":\"Ag\u00eancia iNFRA\",\"@id\":\"https:\/\/agenciainfra.com\/blog\/#\/schema\/person\/34af08dff6adea4cb22b06612ba7acfa\"},\"headline\":\"ANEEL revoga outorga da Gold Energia e aprova ingresso de a\u00e7\u00e3o judicial\",\"datePublished\":\"2025-09-09T14:05:20+00:00\",\"dateModified\":\"2025-09-10T17:04:14+00:00\",\"mainEntityOfPage\":{\"@id\":\"https:\/\/agenciainfra.com\/blog\/aneel-revoga-outorga-da-gold-energia-e-aprova-ingresso-de-acao-judicial\/\"},\"wordCount\":939,\"publisher\":{\"@id\":\"https:\/\/agenciainfra.com\/blog\/#organization\"},\"image\":{\"@id\":\"https:\/\/agenciainfra.com\/blog\/aneel-revoga-outorga-da-gold-energia-e-aprova-ingresso-de-acao-judicial\/#primaryimage\"},\"thumbnailUrl\":\"https:\/\/agenciainfra.com\/blog\/wp-content\/uploads\/2020\/08\/fachada-aneel-foto-divulgacao-e1750161921473.jpg\",\"keywords\":[\"ANEEL\",\"ccee\",\"comercializa\u00e7\u00e3o de energia\",\"comercializadora\",\"Fernando Mosna\",\"Geraldo Campos Jr.\",\"Gold Energia\"],\"articleSection\":[\"Destaque lista\",\"Geral\",\"iNFRAEnergia\"],\"inLanguage\":\"pt-BR\",\"copyrightYear\":\"2025\",\"copyrightHolder\":{\"@id\":\"https:\/\/agenciainfra.com\/blog\/#organization\"}},{\"@type\":\"WebPage\",\"@id\":\"https:\/\/agenciainfra.com\/blog\/aneel-revoga-outorga-da-gold-energia-e-aprova-ingresso-de-acao-judicial\/\",\"url\":\"https:\/\/agenciainfra.com\/blog\/aneel-revoga-outorga-da-gold-energia-e-aprova-ingresso-de-acao-judicial\/\",\"name\":\"ANEEL revoga outorga da Gold Energia e aprova ingresso de a\u00e7\u00e3o judicial\",\"isPartOf\":{\"@id\":\"https:\/\/agenciainfra.com\/blog\/#website\"},\"primaryImageOfPage\":{\"@id\":\"https:\/\/agenciainfra.com\/blog\/aneel-revoga-outorga-da-gold-energia-e-aprova-ingresso-de-acao-judicial\/#primaryimage\"},\"image\":{\"@id\":\"https:\/\/agenciainfra.com\/blog\/aneel-revoga-outorga-da-gold-energia-e-aprova-ingresso-de-acao-judicial\/#primaryimage\"},\"thumbnailUrl\":\"https:\/\/agenciainfra.com\/blog\/wp-content\/uploads\/2020\/08\/fachada-aneel-foto-divulgacao-e1750161921473.jpg\",\"datePublished\":\"2025-09-09T14:05:20+00:00\",\"dateModified\":\"2025-09-10T17:04:14+00:00\",\"description\":\"Comercializadora operava \u201ccom perfil especulativo\u201d e provocou um preju\u00edzo estimado de R$ 1 bilh\u00e3o no mercado, segundo o relator\",\"breadcrumb\":{\"@id\":\"https:\/\/agenciainfra.com\/blog\/aneel-revoga-outorga-da-gold-energia-e-aprova-ingresso-de-acao-judicial\/#breadcrumb\"},\"inLanguage\":\"pt-BR\",\"potentialAction\":[{\"@type\":\"ReadAction\",\"target\":[\"https:\/\/agenciainfra.com\/blog\/aneel-revoga-outorga-da-gold-energia-e-aprova-ingresso-de-acao-judicial\/\"]}]},{\"@type\":\"ImageObject\",\"inLanguage\":\"pt-BR\",\"@id\":\"https:\/\/agenciainfra.com\/blog\/aneel-revoga-outorga-da-gold-energia-e-aprova-ingresso-de-acao-judicial\/#primaryimage\",\"url\":\"https:\/\/agenciainfra.com\/blog\/wp-content\/uploads\/2020\/08\/fachada-aneel-foto-divulgacao-e1750161921473.jpg\",\"contentUrl\":\"https:\/\/agenciainfra.com\/blog\/wp-content\/uploads\/2020\/08\/fachada-aneel-foto-divulgacao-e1750161921473.jpg\",\"width\":1280,\"height\":768,\"caption\":\"Foto: Divulga\u00e7\u00e3o\/ANEEL\"},{\"@type\":\"BreadcrumbList\",\"@id\":\"https:\/\/agenciainfra.com\/blog\/aneel-revoga-outorga-da-gold-energia-e-aprova-ingresso-de-acao-judicial\/#breadcrumb\",\"itemListElement\":[{\"@type\":\"ListItem\",\"position\":1,\"name\":\"In\u00edcio\",\"item\":\"https:\/\/agenciainfra.com\/blog\/\"},{\"@type\":\"ListItem\",\"position\":2,\"name\":\"ANEEL revoga outorga da Gold Energia e aprova ingresso de a\u00e7\u00e3o judicial\"}]},{\"@type\":\"WebSite\",\"@id\":\"https:\/\/agenciainfra.com\/blog\/#website\",\"url\":\"https:\/\/agenciainfra.com\/blog\/\",\"name\":\"Ag\u00eancia iNFRA\",\"description\":\"Multiplataforma de informa\u00e7\u00e3o jornal\u00edstica refer\u00eancia na \u00e1rea de infraestrutura no Brasil!\",\"publisher\":{\"@id\":\"https:\/\/agenciainfra.com\/blog\/#organization\"},\"potentialAction\":[{\"@type\":\"SearchAction\",\"target\":{\"@type\":\"EntryPoint\",\"urlTemplate\":\"https:\/\/agenciainfra.com\/blog\/?s={search_term_string}\"},\"query-input\":{\"@type\":\"PropertyValueSpecification\",\"valueRequired\":true,\"valueName\":\"search_term_string\"}}],\"inLanguage\":\"pt-BR\"},{\"@type\":\"Organization\",\"@id\":\"https:\/\/agenciainfra.com\/blog\/#organization\",\"name\":\"Ag\u00eancia iNFRA\",\"url\":\"https:\/\/agenciainfra.com\/blog\/\",\"logo\":{\"@type\":\"ImageObject\",\"inLanguage\":\"pt-BR\",\"@id\":\"https:\/\/agenciainfra.com\/blog\/#\/schema\/logo\/image\/\",\"url\":\"https:\/\/agenciainfra.com\/blog\/wp-content\/uploads\/2023\/09\/iNFRA_5-e1761735885940.png\",\"contentUrl\":\"https:\/\/agenciainfra.com\/blog\/wp-content\/uploads\/2023\/09\/iNFRA_5-e1761735885940.png\",\"width\":1672,\"height\":454,\"caption\":\"Ag\u00eancia iNFRA\"},\"image\":{\"@id\":\"https:\/\/agenciainfra.com\/blog\/#\/schema\/logo\/image\/\"},\"sameAs\":[\"https:\/\/www.facebook.com\/ageninfra\",\"https:\/\/x.com\/agencia_infra\",\"https:\/\/www.linkedin.com\/company\/ag\u00eanciainfra\/\",\"https:\/\/www.instagram.com\/agenciainfra\/\"]},{\"@type\":\"Person\",\"@id\":\"https:\/\/agenciainfra.com\/blog\/#\/schema\/person\/34af08dff6adea4cb22b06612ba7acfa\",\"name\":\"Ag\u00eancia iNFRA\",\"image\":{\"@type\":\"ImageObject\",\"inLanguage\":\"pt-BR\",\"@id\":\"https:\/\/agenciainfra.com\/blog\/#\/schema\/person\/image\/\",\"url\":\"https:\/\/secure.gravatar.com\/avatar\/d189e01678f06d8eb84d4e01f08eb848b3fffe3f8443818d3c356c66892f5be8?s=96&d=mm&r=g\",\"contentUrl\":\"https:\/\/secure.gravatar.com\/avatar\/d189e01678f06d8eb84d4e01f08eb848b3fffe3f8443818d3c356c66892f5be8?s=96&d=mm&r=g\",\"caption\":\"Ag\u00eancia iNFRA\"},\"url\":\"https:\/\/agenciainfra.com\/blog\/author\/admin\/\"}]}<\/script>\n<!-- \/ Yoast SEO Premium plugin. -->","yoast_head_json":{"title":"ANEEL revoga outorga da Gold Energia e aprova ingresso de a\u00e7\u00e3o judicial","description":"Comercializadora operava \u201ccom perfil especulativo\u201d e provocou um preju\u00edzo estimado de R$ 1 bilh\u00e3o no mercado, segundo o relator","robots":{"index":"index","follow":"follow","max-snippet":"max-snippet:-1","max-image-preview":"max-image-preview:large","max-video-preview":"max-video-preview:-1"},"canonical":"https:\/\/agenciainfra.com\/blog\/aneel-revoga-outorga-da-gold-energia-e-aprova-ingresso-de-acao-judicial\/","og_locale":"pt_BR","og_type":"article","og_title":"ANEEL revoga outorga da Gold Energia e aprova ingresso de a\u00e7\u00e3o judicial","og_description":"Comercializadora operava \u201ccom perfil especulativo\u201d e provocou um preju\u00edzo estimado de R$ 1 bilh\u00e3o no mercado, segundo o relator","og_url":"https:\/\/agenciainfra.com\/blog\/aneel-revoga-outorga-da-gold-energia-e-aprova-ingresso-de-acao-judicial\/","og_site_name":"Ag\u00eancia iNFRA","article_publisher":"https:\/\/www.facebook.com\/ageninfra","article_published_time":"2025-09-09T14:05:20+00:00","article_modified_time":"2025-09-10T17:04:14+00:00","og_image":[{"width":1280,"height":768,"url":"https:\/\/agenciainfra.com\/blog\/wp-content\/uploads\/2020\/08\/fachada-aneel-foto-divulgacao-e1750161921473.jpg","type":"image\/jpeg"}],"author":"Ag\u00eancia iNFRA","twitter_card":"summary_large_image","twitter_creator":"@agencia_infra","twitter_site":"@agencia_infra","twitter_misc":{"Escrito por":"Ag\u00eancia iNFRA","Est. tempo de leitura":"5 minutos"},"schema":{"@context":"https:\/\/schema.org","@graph":[{"@type":"Article","@id":"https:\/\/agenciainfra.com\/blog\/aneel-revoga-outorga-da-gold-energia-e-aprova-ingresso-de-acao-judicial\/#article","isPartOf":{"@id":"https:\/\/agenciainfra.com\/blog\/aneel-revoga-outorga-da-gold-energia-e-aprova-ingresso-de-acao-judicial\/"},"author":{"name":"Ag\u00eancia iNFRA","@id":"https:\/\/agenciainfra.com\/blog\/#\/schema\/person\/34af08dff6adea4cb22b06612ba7acfa"},"headline":"ANEEL revoga outorga da Gold Energia e aprova ingresso de a\u00e7\u00e3o judicial","datePublished":"2025-09-09T14:05:20+00:00","dateModified":"2025-09-10T17:04:14+00:00","mainEntityOfPage":{"@id":"https:\/\/agenciainfra.com\/blog\/aneel-revoga-outorga-da-gold-energia-e-aprova-ingresso-de-acao-judicial\/"},"wordCount":939,"publisher":{"@id":"https:\/\/agenciainfra.com\/blog\/#organization"},"image":{"@id":"https:\/\/agenciainfra.com\/blog\/aneel-revoga-outorga-da-gold-energia-e-aprova-ingresso-de-acao-judicial\/#primaryimage"},"thumbnailUrl":"https:\/\/agenciainfra.com\/blog\/wp-content\/uploads\/2020\/08\/fachada-aneel-foto-divulgacao-e1750161921473.jpg","keywords":["ANEEL","ccee","comercializa\u00e7\u00e3o de energia","comercializadora","Fernando Mosna","Geraldo Campos Jr.","Gold Energia"],"articleSection":["Destaque lista","Geral","iNFRAEnergia"],"inLanguage":"pt-BR","copyrightYear":"2025","copyrightHolder":{"@id":"https:\/\/agenciainfra.com\/blog\/#organization"}},{"@type":"WebPage","@id":"https:\/\/agenciainfra.com\/blog\/aneel-revoga-outorga-da-gold-energia-e-aprova-ingresso-de-acao-judicial\/","url":"https:\/\/agenciainfra.com\/blog\/aneel-revoga-outorga-da-gold-energia-e-aprova-ingresso-de-acao-judicial\/","name":"ANEEL revoga outorga da Gold Energia e aprova ingresso de a\u00e7\u00e3o judicial","isPartOf":{"@id":"https:\/\/agenciainfra.com\/blog\/#website"},"primaryImageOfPage":{"@id":"https:\/\/agenciainfra.com\/blog\/aneel-revoga-outorga-da-gold-energia-e-aprova-ingresso-de-acao-judicial\/#primaryimage"},"image":{"@id":"https:\/\/agenciainfra.com\/blog\/aneel-revoga-outorga-da-gold-energia-e-aprova-ingresso-de-acao-judicial\/#primaryimage"},"thumbnailUrl":"https:\/\/agenciainfra.com\/blog\/wp-content\/uploads\/2020\/08\/fachada-aneel-foto-divulgacao-e1750161921473.jpg","datePublished":"2025-09-09T14:05:20+00:00","dateModified":"2025-09-10T17:04:14+00:00","description":"Comercializadora operava \u201ccom perfil especulativo\u201d e provocou um preju\u00edzo estimado de R$ 1 bilh\u00e3o no mercado, segundo o relator","breadcrumb":{"@id":"https:\/\/agenciainfra.com\/blog\/aneel-revoga-outorga-da-gold-energia-e-aprova-ingresso-de-acao-judicial\/#breadcrumb"},"inLanguage":"pt-BR","potentialAction":[{"@type":"ReadAction","target":["https:\/\/agenciainfra.com\/blog\/aneel-revoga-outorga-da-gold-energia-e-aprova-ingresso-de-acao-judicial\/"]}]},{"@type":"ImageObject","inLanguage":"pt-BR","@id":"https:\/\/agenciainfra.com\/blog\/aneel-revoga-outorga-da-gold-energia-e-aprova-ingresso-de-acao-judicial\/#primaryimage","url":"https:\/\/agenciainfra.com\/blog\/wp-content\/uploads\/2020\/08\/fachada-aneel-foto-divulgacao-e1750161921473.jpg","contentUrl":"https:\/\/agenciainfra.com\/blog\/wp-content\/uploads\/2020\/08\/fachada-aneel-foto-divulgacao-e1750161921473.jpg","width":1280,"height":768,"caption":"Foto: Divulga\u00e7\u00e3o\/ANEEL"},{"@type":"BreadcrumbList","@id":"https:\/\/agenciainfra.com\/blog\/aneel-revoga-outorga-da-gold-energia-e-aprova-ingresso-de-acao-judicial\/#breadcrumb","itemListElement":[{"@type":"ListItem","position":1,"name":"In\u00edcio","item":"https:\/\/agenciainfra.com\/blog\/"},{"@type":"ListItem","position":2,"name":"ANEEL revoga outorga da Gold Energia e aprova ingresso de a\u00e7\u00e3o judicial"}]},{"@type":"WebSite","@id":"https:\/\/agenciainfra.com\/blog\/#website","url":"https:\/\/agenciainfra.com\/blog\/","name":"Ag\u00eancia iNFRA","description":"Multiplataforma de informa\u00e7\u00e3o jornal\u00edstica refer\u00eancia na \u00e1rea de infraestrutura no Brasil!","publisher":{"@id":"https:\/\/agenciainfra.com\/blog\/#organization"},"potentialAction":[{"@type":"SearchAction","target":{"@type":"EntryPoint","urlTemplate":"https:\/\/agenciainfra.com\/blog\/?s={search_term_string}"},"query-input":{"@type":"PropertyValueSpecification","valueRequired":true,"valueName":"search_term_string"}}],"inLanguage":"pt-BR"},{"@type":"Organization","@id":"https:\/\/agenciainfra.com\/blog\/#organization","name":"Ag\u00eancia iNFRA","url":"https:\/\/agenciainfra.com\/blog\/","logo":{"@type":"ImageObject","inLanguage":"pt-BR","@id":"https:\/\/agenciainfra.com\/blog\/#\/schema\/logo\/image\/","url":"https:\/\/agenciainfra.com\/blog\/wp-content\/uploads\/2023\/09\/iNFRA_5-e1761735885940.png","contentUrl":"https:\/\/agenciainfra.com\/blog\/wp-content\/uploads\/2023\/09\/iNFRA_5-e1761735885940.png","width":1672,"height":454,"caption":"Ag\u00eancia iNFRA"},"image":{"@id":"https:\/\/agenciainfra.com\/blog\/#\/schema\/logo\/image\/"},"sameAs":["https:\/\/www.facebook.com\/ageninfra","https:\/\/x.com\/agencia_infra","https:\/\/www.linkedin.com\/company\/ag\u00eanciainfra\/","https:\/\/www.instagram.com\/agenciainfra\/"]},{"@type":"Person","@id":"https:\/\/agenciainfra.com\/blog\/#\/schema\/person\/34af08dff6adea4cb22b06612ba7acfa","name":"Ag\u00eancia iNFRA","image":{"@type":"ImageObject","inLanguage":"pt-BR","@id":"https:\/\/agenciainfra.com\/blog\/#\/schema\/person\/image\/","url":"https:\/\/secure.gravatar.com\/avatar\/d189e01678f06d8eb84d4e01f08eb848b3fffe3f8443818d3c356c66892f5be8?s=96&d=mm&r=g","contentUrl":"https:\/\/secure.gravatar.com\/avatar\/d189e01678f06d8eb84d4e01f08eb848b3fffe3f8443818d3c356c66892f5be8?s=96&d=mm&r=g","caption":"Ag\u00eancia iNFRA"},"url":"https:\/\/agenciainfra.com\/blog\/author\/admin\/"}]}},"_links":{"self":[{"href":"https:\/\/agenciainfra.com\/blog\/wp-json\/wp\/v2\/posts\/27408","targetHints":{"allow":["GET"]}}],"collection":[{"href":"https:\/\/agenciainfra.com\/blog\/wp-json\/wp\/v2\/posts"}],"about":[{"href":"https:\/\/agenciainfra.com\/blog\/wp-json\/wp\/v2\/types\/post"}],"author":[{"embeddable":true,"href":"https:\/\/agenciainfra.com\/blog\/wp-json\/wp\/v2\/users\/1"}],"replies":[{"embeddable":true,"href":"https:\/\/agenciainfra.com\/blog\/wp-json\/wp\/v2\/comments?post=27408"}],"version-history":[{"count":3,"href":"https:\/\/agenciainfra.com\/blog\/wp-json\/wp\/v2\/posts\/27408\/revisions"}],"predecessor-version":[{"id":27479,"href":"https:\/\/agenciainfra.com\/blog\/wp-json\/wp\/v2\/posts\/27408\/revisions\/27479"}],"wp:featuredmedia":[{"embeddable":true,"href":"https:\/\/agenciainfra.com\/blog\/wp-json\/wp\/v2\/media\/5644"}],"wp:attachment":[{"href":"https:\/\/agenciainfra.com\/blog\/wp-json\/wp\/v2\/media?parent=27408"}],"wp:term":[{"taxonomy":"category","embeddable":true,"href":"https:\/\/agenciainfra.com\/blog\/wp-json\/wp\/v2\/categories?post=27408"},{"taxonomy":"post_tag","embeddable":true,"href":"https:\/\/agenciainfra.com\/blog\/wp-json\/wp\/v2\/tags?post=27408"}],"curies":[{"name":"wp","href":"https:\/\/api.w.org\/{rel}","templated":true}]}}