{"id":27435,"date":"2025-09-09T14:20:38","date_gmt":"2025-09-09T17:20:38","guid":{"rendered":"https:\/\/agenciainfra.com\/blog\/?p=27435"},"modified":"2025-09-10T14:07:07","modified_gmt":"2025-09-10T17:07:07","slug":"transpetro-dois-ou-tres-estaleiros-brasileiros-participam-da-licitacao-de-navios-gaseiros","status":"publish","type":"post","link":"https:\/\/agenciainfra.com\/blog\/transpetro-dois-ou-tres-estaleiros-brasileiros-participam-da-licitacao-de-navios-gaseiros\/","title":{"rendered":"Transpetro: \u2019dois ou tr\u00eas estaleiros brasileiros participam da licita\u00e7\u00e3o de navios gaseiros&#8217;"},"content":{"rendered":"\n<p class=\"has-text-align-right\"><strong>Gabriel Vasconcelos, da Ag\u00eancia iNFRA<\/strong><\/p>\n\n\n\n<p>O presidente da Transpetro, S\u00e9rgio Bacci, disse nesta ter\u00e7a-feira (9), que &#8220;dois ou tr\u00eas&#8221; estaleiros brasileiros est\u00e3o na disputa pela constru\u00e7\u00e3o dos oito navios gaseiros encomendados pela Petrobras. Os envelopes ser\u00e3o abertos no dia 22 de setembro. Ato cont\u00ednuo, disse Bacci, ser\u00e1 lan\u00e7ado o terceiro edital voltado \u00e0 amplia\u00e7\u00e3o da frota pr\u00f3pria da Petrobras, para mais quatro navios classe MR1, de m\u00e9dio porte (25 mil toneladas) e voltados \u00e0 cabotagem. Os resultados dessa nova licita\u00e7\u00e3o, disse o presidente da subsidi\u00e1ria de transportes da estatal, devem sair entre janeiro e fevereiro de 2026. Bacci falou no Rio Pipeline, evento do IBP (Instituto Brasileiro do Petr\u00f3leo e G\u00e1s Natural), no Rio de Janeiro.<\/p>\n\n\n\n<p>A Transpetro estuda, em paralelo, a encomenda de mais quatro navios petroleiros de grande porte, do tipo Panamax, que v\u00e3o entrar no Plano Estrat\u00e9gico 2026-2030. Segundo Bacci, a ideia \u00e9 que essas unidades tamb\u00e9m sejam integralmente constru\u00eddas no Brasil.<\/p>\n\n\n\n<p>&#8220;Acertei com a presidente Magda [Chambriard], de colocar no Plano 26-30, quatro navios Pmax para estudo. O que isso significa? Que vamos come\u00e7ar a trabalhar isso e, se virmos que \u00e9 vi\u00e1vel, a gente coloca em implanta\u00e7\u00e3o e solta a licita\u00e7\u00e3o no ano que vem&#8221;, disse.<\/p>\n\n\n\n<p><strong>Demanda sustentada<\/strong><br>O executivo sugeriu que h\u00e1 uma orienta\u00e7\u00e3o da diretoria da Petrobras para emendar um processo licitat\u00f3rio em outro, a fim de criar uma demanda sustentada para a ind\u00fastria naval nacional. Assim aconteceu com a licita\u00e7\u00e3o dos navios classe Handy, vencida pelo cons\u00f3rcio Ecovix\/Mac Laren a um pre\u00e7o de R$ 278 milh\u00f5es, que precedeu o lan\u00e7amento do edital dos gaseiros.<\/p>\n\n\n\n<p>&#8220;O plano \u00e9 chegar perto de dobrar a frota. N\u00f3s t\u00ednhamos 26 navios pr\u00f3prios e oito afretados, totalizando 34 navios. Estamos contratando para deixar, efetivamente, 20 navios sendo constru\u00eddos e mais nove afretados, ou seja, mais 29 embarca\u00e7\u00f5es, o que quase dobra a frota. Essa conta n\u00e3o inclui os quatro Panamax. Se estes entrarem, chegamos perto de 95% de expans\u00e3o&#8221;, resumiu Bacci.<\/p>\n\n\n\n<p>Grupos estrangeiros podem participar, mas a an\u00e1lise das propostas considera impostos e encargos de importa\u00e7\u00e3o sobre embarca\u00e7\u00f5es estrangeiras, o que serve para equalizar as propostas com as iniciativas dom\u00e9sticas, que contam com vantagens como acesso ao FMM (Fundo de Marinha Mercante), mecanismo de deprecia\u00e7\u00e3o acelerada e, no futuro, acesso ao Fundo Garantidor de Cr\u00e9dito, ainda em planejamento pelo governo e BNDES.<\/p>\n\n\n\n<p><strong>Subs\u00eddios<\/strong><br>Em uma mesa com o presidente do IBP, Roberto Ardenghy, Bacci fez forte defesa dos subs\u00eddios \u00e0 ind\u00fastria naval.<\/p>\n\n\n\n<p>&#8220;Quando a gente fala de subs\u00eddio no Brasil, parece que a gente est\u00e1 falando um palavr\u00e3o. E eu digo: ind\u00fastria naval em qualquer lugar do mundo s\u00f3 funciona com a m\u00e3o do estado. Isso \u00e9 para sempre? N\u00e3o \u00e9 para sempre. Mas n\u00e3o d\u00e1 para fazer voo de galinha. A gente encomenda 10 navios e acha que vai ser uma pot\u00eancia da ind\u00fastria naval. Preciso de uma demanda de pelo menos 20 anos para que possamos pegar um voo de cruzeiro e seguir sem os subs\u00eddios. Estou trabalhando para deixar essa demanda&#8221;, disse.<\/p>\n\n\n\n<p>Bacci disse que os principais mercados fabricantes de navio lan\u00e7am m\u00e3o de subs\u00eddios ou reservas de mercado, no que citou a China e os subs\u00eddios de governo, a Coreia do Sul e os subs\u00eddios cruzados com outros setores e os Estados Unidos, onde a cabotagem s\u00f3 pode ser feita por navio fabricado nos EUA, com bandeira e tripula\u00e7\u00e3o americanas. Os nove navios a serem afretados, disse Bacci, vir\u00e3o da Coreia do Sul.<\/p>\n\n\n\n<p>&#8220;Esses navios est\u00e3o sendo feitos na Coreia do Sul porque os estaleiros brasileiros, neste momento, n\u00e3o teriam como atender a demanda no curto prazo de tempo que eu tenho. Preciso desses navios para 2028 e 2029, por conta da demanda da Petrobras&#8221;, disse.<\/p>\n\n\n\n<p><\/p>\n","protected":false},"excerpt":{"rendered":"<p>Gabriel Vasconcelos, da Ag\u00eancia iNFRA O presidente da Transpetro, S\u00e9rgio Bacci, disse nesta ter\u00e7a-feira (9), que &#8220;dois ou tr\u00eas&#8221; estaleiros brasileiros est\u00e3o na disputa pela constru\u00e7\u00e3o dos oito navios gaseiros encomendados pela Petrobras. Os envelopes ser\u00e3o abertos no dia 22 de setembro. Ato cont\u00ednuo, disse Bacci, ser\u00e1 lan\u00e7ado o terceiro edital voltado \u00e0 amplia\u00e7\u00e3o da [&hellip;]<\/p>\n","protected":false},"author":1,"featured_media":27438,"comment_status":"closed","ping_status":"closed","sticky":false,"template":"","format":"standard","meta":{"_monsterinsights_skip_tracking":false,"_monsterinsights_sitenote_active":false,"_monsterinsights_sitenote_note":"","_monsterinsights_sitenote_category":0,"footnotes":""},"categories":[7250,1,13271],"tags":[407,13251,959,15257,15254,15256,143,15255,1526,87],"class_list":["post-27435","post","type-post","status-publish","format-standard","has-post-thumbnail","hentry","category-destaque-lista","category-geral","category-oleo-gas","tag-cabotagem","tag-gabriel-vasconcelos","tag-industria-naval","tag-licitacao-de-navios","tag-navios-gaseiros","tag-navios-petroleiros","tag-petrobras","tag-rio-pipeline","tag-sergio-bacci","tag-transpetro"],"yoast_head":"<!-- This site is optimized with the Yoast SEO Premium plugin v25.4 (Yoast SEO v26.0) - https:\/\/yoast.com\/wordpress\/plugins\/seo\/ -->\n<title>Transpetro: \u2019dois ou tr\u00eas estaleiros brasileiros participam da licita\u00e7\u00e3o de navios gaseiros&#039; - Ag\u00eancia iNFRA<\/title>\n<meta name=\"robots\" content=\"index, follow, max-snippet:-1, max-image-preview:large, max-video-preview:-1\" \/>\n<link rel=\"canonical\" href=\"https:\/\/agenciainfra.com\/blog\/transpetro-dois-ou-tres-estaleiros-brasileiros-participam-da-licitacao-de-navios-gaseiros\/\" \/>\n<meta property=\"og:locale\" content=\"pt_BR\" \/>\n<meta property=\"og:type\" content=\"article\" \/>\n<meta property=\"og:title\" content=\"Transpetro: \u2019dois ou tr\u00eas estaleiros brasileiros participam da licita\u00e7\u00e3o de navios gaseiros&#039;\" \/>\n<meta property=\"og:description\" content=\"Gabriel Vasconcelos, da Ag\u00eancia iNFRA O presidente da Transpetro, S\u00e9rgio Bacci, disse nesta ter\u00e7a-feira (9), que &#8220;dois ou tr\u00eas&#8221; estaleiros brasileiros est\u00e3o na disputa pela constru\u00e7\u00e3o dos oito navios gaseiros encomendados pela Petrobras. Os envelopes ser\u00e3o abertos no dia 22 de setembro. Ato cont\u00ednuo, disse Bacci, ser\u00e1 lan\u00e7ado o terceiro edital voltado \u00e0 amplia\u00e7\u00e3o da [&hellip;]\" \/>\n<meta property=\"og:url\" content=\"https:\/\/agenciainfra.com\/blog\/transpetro-dois-ou-tres-estaleiros-brasileiros-participam-da-licitacao-de-navios-gaseiros\/\" \/>\n<meta property=\"og:site_name\" content=\"Ag\u00eancia iNFRA\" \/>\n<meta property=\"article:publisher\" content=\"https:\/\/www.facebook.com\/ageninfra\" \/>\n<meta property=\"article:published_time\" content=\"2025-09-09T17:20:38+00:00\" \/>\n<meta property=\"article:modified_time\" content=\"2025-09-10T17:07:07+00:00\" \/>\n<meta property=\"og:image\" content=\"https:\/\/agenciainfra.com\/blog\/wp-content\/uploads\/2025\/09\/SergioBacci-foto-transpetro-1.jpg\" \/>\n\t<meta property=\"og:image:width\" content=\"1280\" \/>\n\t<meta property=\"og:image:height\" content=\"841\" \/>\n\t<meta property=\"og:image:type\" content=\"image\/jpeg\" \/>\n<meta name=\"author\" content=\"Ag\u00eancia iNFRA\" \/>\n<meta name=\"twitter:card\" content=\"summary_large_image\" \/>\n<meta name=\"twitter:creator\" content=\"@agencia_infra\" \/>\n<meta name=\"twitter:site\" content=\"@agencia_infra\" \/>\n<meta name=\"twitter:label1\" content=\"Escrito por\" \/>\n\t<meta name=\"twitter:data1\" content=\"Ag\u00eancia iNFRA\" \/>\n\t<meta name=\"twitter:label2\" content=\"Est. tempo de leitura\" \/>\n\t<meta name=\"twitter:data2\" content=\"3 minutos\" \/>\n<script type=\"application\/ld+json\" class=\"yoast-schema-graph\">{\"@context\":\"https:\/\/schema.org\",\"@graph\":[{\"@type\":\"Article\",\"@id\":\"https:\/\/agenciainfra.com\/blog\/transpetro-dois-ou-tres-estaleiros-brasileiros-participam-da-licitacao-de-navios-gaseiros\/#article\",\"isPartOf\":{\"@id\":\"https:\/\/agenciainfra.com\/blog\/transpetro-dois-ou-tres-estaleiros-brasileiros-participam-da-licitacao-de-navios-gaseiros\/\"},\"author\":{\"name\":\"Ag\u00eancia iNFRA\",\"@id\":\"https:\/\/agenciainfra.com\/blog\/#\/schema\/person\/34af08dff6adea4cb22b06612ba7acfa\"},\"headline\":\"Transpetro: \u2019dois ou tr\u00eas estaleiros brasileiros participam da licita\u00e7\u00e3o de navios gaseiros&#8217;\",\"datePublished\":\"2025-09-09T17:20:38+00:00\",\"dateModified\":\"2025-09-10T17:07:07+00:00\",\"mainEntityOfPage\":{\"@id\":\"https:\/\/agenciainfra.com\/blog\/transpetro-dois-ou-tres-estaleiros-brasileiros-participam-da-licitacao-de-navios-gaseiros\/\"},\"wordCount\":672,\"publisher\":{\"@id\":\"https:\/\/agenciainfra.com\/blog\/#organization\"},\"image\":{\"@id\":\"https:\/\/agenciainfra.com\/blog\/transpetro-dois-ou-tres-estaleiros-brasileiros-participam-da-licitacao-de-navios-gaseiros\/#primaryimage\"},\"thumbnailUrl\":\"https:\/\/agenciainfra.com\/blog\/wp-content\/uploads\/2025\/09\/SergioBacci-foto-transpetro-1.jpg\",\"keywords\":[\"cabotagem\",\"Gabriel Vasconcelos\",\"ind\u00fastria naval\",\"licita\u00e7\u00e3o de navios\",\"navios gaseiros\",\"navios petroleiros\",\"Petrobras\",\"Rio Pipeline\",\"S\u00e9rgio Bacci\",\"TRANSPETRO\"],\"articleSection\":[\"Destaque lista\",\"Geral\",\"\u00d3leo &amp; G\u00e1s\"],\"inLanguage\":\"pt-BR\",\"copyrightYear\":\"2025\",\"copyrightHolder\":{\"@id\":\"https:\/\/agenciainfra.com\/blog\/#organization\"}},{\"@type\":\"WebPage\",\"@id\":\"https:\/\/agenciainfra.com\/blog\/transpetro-dois-ou-tres-estaleiros-brasileiros-participam-da-licitacao-de-navios-gaseiros\/\",\"url\":\"https:\/\/agenciainfra.com\/blog\/transpetro-dois-ou-tres-estaleiros-brasileiros-participam-da-licitacao-de-navios-gaseiros\/\",\"name\":\"Transpetro: \u2019dois ou tr\u00eas estaleiros brasileiros participam da licita\u00e7\u00e3o de navios gaseiros' - Ag\u00eancia iNFRA\",\"isPartOf\":{\"@id\":\"https:\/\/agenciainfra.com\/blog\/#website\"},\"primaryImageOfPage\":{\"@id\":\"https:\/\/agenciainfra.com\/blog\/transpetro-dois-ou-tres-estaleiros-brasileiros-participam-da-licitacao-de-navios-gaseiros\/#primaryimage\"},\"image\":{\"@id\":\"https:\/\/agenciainfra.com\/blog\/transpetro-dois-ou-tres-estaleiros-brasileiros-participam-da-licitacao-de-navios-gaseiros\/#primaryimage\"},\"thumbnailUrl\":\"https:\/\/agenciainfra.com\/blog\/wp-content\/uploads\/2025\/09\/SergioBacci-foto-transpetro-1.jpg\",\"datePublished\":\"2025-09-09T17:20:38+00:00\",\"dateModified\":\"2025-09-10T17:07:07+00:00\",\"breadcrumb\":{\"@id\":\"https:\/\/agenciainfra.com\/blog\/transpetro-dois-ou-tres-estaleiros-brasileiros-participam-da-licitacao-de-navios-gaseiros\/#breadcrumb\"},\"inLanguage\":\"pt-BR\",\"potentialAction\":[{\"@type\":\"ReadAction\",\"target\":[\"https:\/\/agenciainfra.com\/blog\/transpetro-dois-ou-tres-estaleiros-brasileiros-participam-da-licitacao-de-navios-gaseiros\/\"]}]},{\"@type\":\"ImageObject\",\"inLanguage\":\"pt-BR\",\"@id\":\"https:\/\/agenciainfra.com\/blog\/transpetro-dois-ou-tres-estaleiros-brasileiros-participam-da-licitacao-de-navios-gaseiros\/#primaryimage\",\"url\":\"https:\/\/agenciainfra.com\/blog\/wp-content\/uploads\/2025\/09\/SergioBacci-foto-transpetro-1.jpg\",\"contentUrl\":\"https:\/\/agenciainfra.com\/blog\/wp-content\/uploads\/2025\/09\/SergioBacci-foto-transpetro-1.jpg\",\"width\":1280,\"height\":841,\"caption\":\"Foto: Transpetro\"},{\"@type\":\"BreadcrumbList\",\"@id\":\"https:\/\/agenciainfra.com\/blog\/transpetro-dois-ou-tres-estaleiros-brasileiros-participam-da-licitacao-de-navios-gaseiros\/#breadcrumb\",\"itemListElement\":[{\"@type\":\"ListItem\",\"position\":1,\"name\":\"In\u00edcio\",\"item\":\"https:\/\/agenciainfra.com\/blog\/\"},{\"@type\":\"ListItem\",\"position\":2,\"name\":\"Transpetro: \u2019dois ou tr\u00eas estaleiros brasileiros participam da licita\u00e7\u00e3o de navios gaseiros&#8217;\"}]},{\"@type\":\"WebSite\",\"@id\":\"https:\/\/agenciainfra.com\/blog\/#website\",\"url\":\"https:\/\/agenciainfra.com\/blog\/\",\"name\":\"Ag\u00eancia iNFRA\",\"description\":\"Multiplataforma de informa\u00e7\u00e3o jornal\u00edstica refer\u00eancia na \u00e1rea de infraestrutura no Brasil!\",\"publisher\":{\"@id\":\"https:\/\/agenciainfra.com\/blog\/#organization\"},\"potentialAction\":[{\"@type\":\"SearchAction\",\"target\":{\"@type\":\"EntryPoint\",\"urlTemplate\":\"https:\/\/agenciainfra.com\/blog\/?s={search_term_string}\"},\"query-input\":{\"@type\":\"PropertyValueSpecification\",\"valueRequired\":true,\"valueName\":\"search_term_string\"}}],\"inLanguage\":\"pt-BR\"},{\"@type\":\"Organization\",\"@id\":\"https:\/\/agenciainfra.com\/blog\/#organization\",\"name\":\"Ag\u00eancia iNFRA\",\"url\":\"https:\/\/agenciainfra.com\/blog\/\",\"logo\":{\"@type\":\"ImageObject\",\"inLanguage\":\"pt-BR\",\"@id\":\"https:\/\/agenciainfra.com\/blog\/#\/schema\/logo\/image\/\",\"url\":\"https:\/\/agenciainfra.com\/blog\/wp-content\/uploads\/2023\/09\/iNFRA_5-e1761735885940.png\",\"contentUrl\":\"https:\/\/agenciainfra.com\/blog\/wp-content\/uploads\/2023\/09\/iNFRA_5-e1761735885940.png\",\"width\":1672,\"height\":454,\"caption\":\"Ag\u00eancia iNFRA\"},\"image\":{\"@id\":\"https:\/\/agenciainfra.com\/blog\/#\/schema\/logo\/image\/\"},\"sameAs\":[\"https:\/\/www.facebook.com\/ageninfra\",\"https:\/\/x.com\/agencia_infra\",\"https:\/\/www.linkedin.com\/company\/ag\u00eanciainfra\/\",\"https:\/\/www.instagram.com\/agenciainfra\/\"]},{\"@type\":\"Person\",\"@id\":\"https:\/\/agenciainfra.com\/blog\/#\/schema\/person\/34af08dff6adea4cb22b06612ba7acfa\",\"name\":\"Ag\u00eancia iNFRA\",\"image\":{\"@type\":\"ImageObject\",\"inLanguage\":\"pt-BR\",\"@id\":\"https:\/\/agenciainfra.com\/blog\/#\/schema\/person\/image\/\",\"url\":\"https:\/\/secure.gravatar.com\/avatar\/d189e01678f06d8eb84d4e01f08eb848b3fffe3f8443818d3c356c66892f5be8?s=96&d=mm&r=g\",\"contentUrl\":\"https:\/\/secure.gravatar.com\/avatar\/d189e01678f06d8eb84d4e01f08eb848b3fffe3f8443818d3c356c66892f5be8?s=96&d=mm&r=g\",\"caption\":\"Ag\u00eancia iNFRA\"},\"url\":\"https:\/\/agenciainfra.com\/blog\/author\/admin\/\"}]}<\/script>\n<!-- \/ Yoast SEO Premium plugin. -->","yoast_head_json":{"title":"Transpetro: \u2019dois ou tr\u00eas estaleiros brasileiros participam da licita\u00e7\u00e3o de navios gaseiros' - Ag\u00eancia iNFRA","robots":{"index":"index","follow":"follow","max-snippet":"max-snippet:-1","max-image-preview":"max-image-preview:large","max-video-preview":"max-video-preview:-1"},"canonical":"https:\/\/agenciainfra.com\/blog\/transpetro-dois-ou-tres-estaleiros-brasileiros-participam-da-licitacao-de-navios-gaseiros\/","og_locale":"pt_BR","og_type":"article","og_title":"Transpetro: \u2019dois ou tr\u00eas estaleiros brasileiros participam da licita\u00e7\u00e3o de navios gaseiros'","og_description":"Gabriel Vasconcelos, da Ag\u00eancia iNFRA O presidente da Transpetro, S\u00e9rgio Bacci, disse nesta ter\u00e7a-feira (9), que &#8220;dois ou tr\u00eas&#8221; estaleiros brasileiros est\u00e3o na disputa pela constru\u00e7\u00e3o dos oito navios gaseiros encomendados pela Petrobras. Os envelopes ser\u00e3o abertos no dia 22 de setembro. Ato cont\u00ednuo, disse Bacci, ser\u00e1 lan\u00e7ado o terceiro edital voltado \u00e0 amplia\u00e7\u00e3o da [&hellip;]","og_url":"https:\/\/agenciainfra.com\/blog\/transpetro-dois-ou-tres-estaleiros-brasileiros-participam-da-licitacao-de-navios-gaseiros\/","og_site_name":"Ag\u00eancia iNFRA","article_publisher":"https:\/\/www.facebook.com\/ageninfra","article_published_time":"2025-09-09T17:20:38+00:00","article_modified_time":"2025-09-10T17:07:07+00:00","og_image":[{"width":1280,"height":841,"url":"https:\/\/agenciainfra.com\/blog\/wp-content\/uploads\/2025\/09\/SergioBacci-foto-transpetro-1.jpg","type":"image\/jpeg"}],"author":"Ag\u00eancia iNFRA","twitter_card":"summary_large_image","twitter_creator":"@agencia_infra","twitter_site":"@agencia_infra","twitter_misc":{"Escrito por":"Ag\u00eancia iNFRA","Est. tempo de leitura":"3 minutos"},"schema":{"@context":"https:\/\/schema.org","@graph":[{"@type":"Article","@id":"https:\/\/agenciainfra.com\/blog\/transpetro-dois-ou-tres-estaleiros-brasileiros-participam-da-licitacao-de-navios-gaseiros\/#article","isPartOf":{"@id":"https:\/\/agenciainfra.com\/blog\/transpetro-dois-ou-tres-estaleiros-brasileiros-participam-da-licitacao-de-navios-gaseiros\/"},"author":{"name":"Ag\u00eancia iNFRA","@id":"https:\/\/agenciainfra.com\/blog\/#\/schema\/person\/34af08dff6adea4cb22b06612ba7acfa"},"headline":"Transpetro: \u2019dois ou tr\u00eas estaleiros brasileiros participam da licita\u00e7\u00e3o de navios gaseiros&#8217;","datePublished":"2025-09-09T17:20:38+00:00","dateModified":"2025-09-10T17:07:07+00:00","mainEntityOfPage":{"@id":"https:\/\/agenciainfra.com\/blog\/transpetro-dois-ou-tres-estaleiros-brasileiros-participam-da-licitacao-de-navios-gaseiros\/"},"wordCount":672,"publisher":{"@id":"https:\/\/agenciainfra.com\/blog\/#organization"},"image":{"@id":"https:\/\/agenciainfra.com\/blog\/transpetro-dois-ou-tres-estaleiros-brasileiros-participam-da-licitacao-de-navios-gaseiros\/#primaryimage"},"thumbnailUrl":"https:\/\/agenciainfra.com\/blog\/wp-content\/uploads\/2025\/09\/SergioBacci-foto-transpetro-1.jpg","keywords":["cabotagem","Gabriel Vasconcelos","ind\u00fastria naval","licita\u00e7\u00e3o de navios","navios gaseiros","navios petroleiros","Petrobras","Rio Pipeline","S\u00e9rgio Bacci","TRANSPETRO"],"articleSection":["Destaque lista","Geral","\u00d3leo &amp; G\u00e1s"],"inLanguage":"pt-BR","copyrightYear":"2025","copyrightHolder":{"@id":"https:\/\/agenciainfra.com\/blog\/#organization"}},{"@type":"WebPage","@id":"https:\/\/agenciainfra.com\/blog\/transpetro-dois-ou-tres-estaleiros-brasileiros-participam-da-licitacao-de-navios-gaseiros\/","url":"https:\/\/agenciainfra.com\/blog\/transpetro-dois-ou-tres-estaleiros-brasileiros-participam-da-licitacao-de-navios-gaseiros\/","name":"Transpetro: \u2019dois ou tr\u00eas estaleiros brasileiros participam da licita\u00e7\u00e3o de navios gaseiros' - Ag\u00eancia iNFRA","isPartOf":{"@id":"https:\/\/agenciainfra.com\/blog\/#website"},"primaryImageOfPage":{"@id":"https:\/\/agenciainfra.com\/blog\/transpetro-dois-ou-tres-estaleiros-brasileiros-participam-da-licitacao-de-navios-gaseiros\/#primaryimage"},"image":{"@id":"https:\/\/agenciainfra.com\/blog\/transpetro-dois-ou-tres-estaleiros-brasileiros-participam-da-licitacao-de-navios-gaseiros\/#primaryimage"},"thumbnailUrl":"https:\/\/agenciainfra.com\/blog\/wp-content\/uploads\/2025\/09\/SergioBacci-foto-transpetro-1.jpg","datePublished":"2025-09-09T17:20:38+00:00","dateModified":"2025-09-10T17:07:07+00:00","breadcrumb":{"@id":"https:\/\/agenciainfra.com\/blog\/transpetro-dois-ou-tres-estaleiros-brasileiros-participam-da-licitacao-de-navios-gaseiros\/#breadcrumb"},"inLanguage":"pt-BR","potentialAction":[{"@type":"ReadAction","target":["https:\/\/agenciainfra.com\/blog\/transpetro-dois-ou-tres-estaleiros-brasileiros-participam-da-licitacao-de-navios-gaseiros\/"]}]},{"@type":"ImageObject","inLanguage":"pt-BR","@id":"https:\/\/agenciainfra.com\/blog\/transpetro-dois-ou-tres-estaleiros-brasileiros-participam-da-licitacao-de-navios-gaseiros\/#primaryimage","url":"https:\/\/agenciainfra.com\/blog\/wp-content\/uploads\/2025\/09\/SergioBacci-foto-transpetro-1.jpg","contentUrl":"https:\/\/agenciainfra.com\/blog\/wp-content\/uploads\/2025\/09\/SergioBacci-foto-transpetro-1.jpg","width":1280,"height":841,"caption":"Foto: Transpetro"},{"@type":"BreadcrumbList","@id":"https:\/\/agenciainfra.com\/blog\/transpetro-dois-ou-tres-estaleiros-brasileiros-participam-da-licitacao-de-navios-gaseiros\/#breadcrumb","itemListElement":[{"@type":"ListItem","position":1,"name":"In\u00edcio","item":"https:\/\/agenciainfra.com\/blog\/"},{"@type":"ListItem","position":2,"name":"Transpetro: \u2019dois ou tr\u00eas estaleiros brasileiros participam da licita\u00e7\u00e3o de navios gaseiros&#8217;"}]},{"@type":"WebSite","@id":"https:\/\/agenciainfra.com\/blog\/#website","url":"https:\/\/agenciainfra.com\/blog\/","name":"Ag\u00eancia iNFRA","description":"Multiplataforma de informa\u00e7\u00e3o jornal\u00edstica refer\u00eancia na \u00e1rea de infraestrutura no Brasil!","publisher":{"@id":"https:\/\/agenciainfra.com\/blog\/#organization"},"potentialAction":[{"@type":"SearchAction","target":{"@type":"EntryPoint","urlTemplate":"https:\/\/agenciainfra.com\/blog\/?s={search_term_string}"},"query-input":{"@type":"PropertyValueSpecification","valueRequired":true,"valueName":"search_term_string"}}],"inLanguage":"pt-BR"},{"@type":"Organization","@id":"https:\/\/agenciainfra.com\/blog\/#organization","name":"Ag\u00eancia iNFRA","url":"https:\/\/agenciainfra.com\/blog\/","logo":{"@type":"ImageObject","inLanguage":"pt-BR","@id":"https:\/\/agenciainfra.com\/blog\/#\/schema\/logo\/image\/","url":"https:\/\/agenciainfra.com\/blog\/wp-content\/uploads\/2023\/09\/iNFRA_5-e1761735885940.png","contentUrl":"https:\/\/agenciainfra.com\/blog\/wp-content\/uploads\/2023\/09\/iNFRA_5-e1761735885940.png","width":1672,"height":454,"caption":"Ag\u00eancia iNFRA"},"image":{"@id":"https:\/\/agenciainfra.com\/blog\/#\/schema\/logo\/image\/"},"sameAs":["https:\/\/www.facebook.com\/ageninfra","https:\/\/x.com\/agencia_infra","https:\/\/www.linkedin.com\/company\/ag\u00eanciainfra\/","https:\/\/www.instagram.com\/agenciainfra\/"]},{"@type":"Person","@id":"https:\/\/agenciainfra.com\/blog\/#\/schema\/person\/34af08dff6adea4cb22b06612ba7acfa","name":"Ag\u00eancia iNFRA","image":{"@type":"ImageObject","inLanguage":"pt-BR","@id":"https:\/\/agenciainfra.com\/blog\/#\/schema\/person\/image\/","url":"https:\/\/secure.gravatar.com\/avatar\/d189e01678f06d8eb84d4e01f08eb848b3fffe3f8443818d3c356c66892f5be8?s=96&d=mm&r=g","contentUrl":"https:\/\/secure.gravatar.com\/avatar\/d189e01678f06d8eb84d4e01f08eb848b3fffe3f8443818d3c356c66892f5be8?s=96&d=mm&r=g","caption":"Ag\u00eancia iNFRA"},"url":"https:\/\/agenciainfra.com\/blog\/author\/admin\/"}]}},"_links":{"self":[{"href":"https:\/\/agenciainfra.com\/blog\/wp-json\/wp\/v2\/posts\/27435","targetHints":{"allow":["GET"]}}],"collection":[{"href":"https:\/\/agenciainfra.com\/blog\/wp-json\/wp\/v2\/posts"}],"about":[{"href":"https:\/\/agenciainfra.com\/blog\/wp-json\/wp\/v2\/types\/post"}],"author":[{"embeddable":true,"href":"https:\/\/agenciainfra.com\/blog\/wp-json\/wp\/v2\/users\/1"}],"replies":[{"embeddable":true,"href":"https:\/\/agenciainfra.com\/blog\/wp-json\/wp\/v2\/comments?post=27435"}],"version-history":[{"count":1,"href":"https:\/\/agenciainfra.com\/blog\/wp-json\/wp\/v2\/posts\/27435\/revisions"}],"predecessor-version":[{"id":27439,"href":"https:\/\/agenciainfra.com\/blog\/wp-json\/wp\/v2\/posts\/27435\/revisions\/27439"}],"wp:featuredmedia":[{"embeddable":true,"href":"https:\/\/agenciainfra.com\/blog\/wp-json\/wp\/v2\/media\/27438"}],"wp:attachment":[{"href":"https:\/\/agenciainfra.com\/blog\/wp-json\/wp\/v2\/media?parent=27435"}],"wp:term":[{"taxonomy":"category","embeddable":true,"href":"https:\/\/agenciainfra.com\/blog\/wp-json\/wp\/v2\/categories?post=27435"},{"taxonomy":"post_tag","embeddable":true,"href":"https:\/\/agenciainfra.com\/blog\/wp-json\/wp\/v2\/tags?post=27435"}],"curies":[{"name":"wp","href":"https:\/\/api.w.org\/{rel}","templated":true}]}}