{"id":27477,"date":"2025-09-10T08:11:52","date_gmt":"2025-09-10T11:11:52","guid":{"rendered":"https:\/\/agenciainfra.com\/blog\/?p=27477"},"modified":"2025-09-11T07:59:57","modified_gmt":"2025-09-11T10:59:57","slug":"camara-deve-mudar-mp-da-tarifa-social-de-energia-para-cumprir-acordo","status":"publish","type":"post","link":"https:\/\/agenciainfra.com\/blog\/camara-deve-mudar-mp-da-tarifa-social-de-energia-para-cumprir-acordo\/","title":{"rendered":"C\u00e2mara deve mudar MP da Tarifa Social de Energia para cumprir acordo"},"content":{"rendered":"\n<p class=\"has-text-align-right\"><strong>Lais Carregosa, Marisa Wanzeller e Geraldo Campos Jr., da Ag\u00eancia iNFRA<\/strong><\/p>\n\n\n\n<p>A aprecia\u00e7\u00e3o da\u00a0<a href=\"https:\/\/agenciainfra.us14.list-manage.com\/track\/click?u=d460dd1bcf9ba0ae040e1fc0f&amp;id=dbb618aa0a&amp;e=c099169394\" target=\"_blank\" rel=\"noreferrer noopener\">MP da Tarifa Social<\/a>\u00a0no plen\u00e1rio da C\u00e2mara dos Deputados ficou para esta quarta-feira (10), ap\u00f3s o presidente Hugo Motta (Republicanos-PB) anunciar, na ter\u00e7a (9), que o relator, deputado Fernando Coelho Filho (Uni\u00e3o-PE), far\u00e1 novos ajustes no texto. Segundo Motta, ser\u00e3o retirados do parecer \u201cpontos fora do acordo\u201d costurados com o Senado.<br><br>\u201cO acordo feito com o Senado \u00e9 para que fosse mantida apenas a tarifa [social] e uma quest\u00e3o do Norte de modicidade tarif\u00e1ria [na MP 1.300]. Ent\u00e3o, \u00e9 para manter s\u00f3 isso [no texto]\u201d, disse Hugo Motta em entrevista. O presidente da C\u00e2mara refere-se a trechos incorporados pelo relator que repassam recursos para a redu\u00e7\u00e3o dos reajustes tarif\u00e1rios das distribuidoras no Norte, a pedido do presidente do Senado, Davi Alcolumbre (Uni\u00e3o-AP).<br><br>N\u00e3o houve converg\u00eancia para apreciar o texto como estava na ter\u00e7a-feira (9). Parlamentares ouvidos pela\u00a0<strong>Ag\u00eancia iNFRA<\/strong>\u00a0disseram que havia articula\u00e7\u00e3o para derrubar os pontos do relat\u00f3rio que extrapolavam o acordo, via destaques em plen\u00e1rio, o que motivou a retirada de pauta para ajustes no texto. Dentre os trechos a serem retirados est\u00e3o as tarifas diferenciadas (como tarifa hor\u00e1ria e tarifa bin\u00f4mia) e sinal de pre\u00e7o de energia el\u00e9trica.\u00a0<br><br>A medida provis\u00f3ria foi discutida em reuni\u00e3o de l\u00edderes, em que ficou acordado que s\u00f3 seriam apreciadas nesta semana mat\u00e9rias com converg\u00eancia na Casa ou urg\u00eancias, devido ao julgamento do ex-presidente Jair Bolsonaro (PL) no STF (Supremo Tribunal Federal). \u00c9 o caso da MP, que tem prazo at\u00e9 o pr\u00f3ximo dia 17.<br><br>Segundo parlamentares, ningu\u00e9m vai se opor \u00e0 aprova\u00e7\u00e3o da Tarifa Social, mas o parecer precisa ser corrigido e, ent\u00e3o, ser\u00e1 votado em plen\u00e1rio. Caso a MP n\u00e3o seja convertida em lei, o programa social do governo volta aos moldes antigos, com descontos limitados por faixas de consumo.\u00a0<br><br><strong>Curtailment<\/strong><br>Tamb\u00e9m foi pleiteado ao col\u00e9gio de l\u00edderes a inser\u00e7\u00e3o de um dispositivo para tratar dos cortes obrigat\u00f3rios de energia renov\u00e1vel, chamados de \u201ccurtailment\u201d, que estariam impactando empreendimentos de energia solar e e\u00f3lica na regi\u00e3o Nordeste. Isso poderia levar a um acordo para a aprova\u00e7\u00e3o do texto com todos os dispositivos tratados atualmente.\u00a0<br><br>Na \u00faltima semana, o deputado Danilo Forte (Uni\u00e3o-CE)\u00a0questionou na comiss\u00e3o mista da MP a prioriza\u00e7\u00e3o de atendimento ao Norte, enquanto o Nordeste tamb\u00e9m precisava de apoio do Congresso Nacional. O deputado \u00e9 autor de uma emenda para ressarcimento obrigat\u00f3rio de todos os empreendimentos cuja gera\u00e7\u00e3o tenha sido cortada, com recursos do ESS (Encargos de Servi\u00e7os do Sistema), pago por todos os consumidores.<br><br>Um destaque apresentado pelo Uni\u00e3o Brasil pede an\u00e1lise em separado da emenda do deputado. Ou seja, ser\u00e1 votada \u00e0 parte e precisa ser aprovada por maioria simples para inclus\u00e3o no texto final da MP.\u00a0<br><br><strong>Destaques<\/strong><br>Lideran\u00e7as partid\u00e1rias come\u00e7aram a apresentar destaques para a aprecia\u00e7\u00e3o no plen\u00e1rio, com altera\u00e7\u00f5es pontuais no texto. Alguns deles pedem a vota\u00e7\u00e3o apartada do texto-base de artigos, como o que trata do leil\u00e3o do GSF (sigla para risco hidrol\u00f3gico) e do que se refere\u00a0a um novo modelo de forma\u00e7\u00e3o de pre\u00e7os de energia. As propostas s\u00e3o para suprimir esses trechos do parecer.<br><br>No caso do GSF, o relat\u00f3rio\u00a0manteve a previs\u00e3o legal do leil\u00e3o, com destina\u00e7\u00e3o do \u00e1gio para abatimento tarif\u00e1rio de consumidores do Norte. Se a previs\u00e3o for retirada do texto, a ANEEL (Ag\u00eancia Nacional de Energia El\u00e9trica) tamb\u00e9m teria at\u00e9 o dia 17 para concluir o processo de extens\u00e3o das outorgas das usinas vencedoras. O item teve a relatoria sorteada na \u00faltima segunda-feira (8) para o diretor Fernando Mosna.<br><br>Outro destaque apresentando prop\u00f5e altera\u00e7\u00e3o na contagem dos prazos para in\u00edcio de execu\u00e7\u00e3o do CUST (Contrato de Uso do Sistema de Transmiss\u00e3o) para as usinas enquadradas na MP 1.212. A medida em quest\u00e3o ampliou de 48 para 84 meses o prazo para conex\u00e3o com descontos nas TUST\/TUSD (Tarifas de Uso do Sistema de Transmiss\u00e3o ou Distribui\u00e7\u00e3o).<br><br>Tamb\u00e9m estava sendo articulada a apresenta\u00e7\u00e3o de destaque para suprimir a previs\u00e3o de tratamento para tarifas diferenciadas pela ANEEL. O ponto foi apontado como preocupante pelo segmento de MMGD (Micro e Minigera\u00e7\u00e3o Distribu\u00edda), que teme a aplica\u00e7\u00e3o de modalidades tarif\u00e1rias de forma compuls\u00f3ria, que possam afetar empreendimentos j\u00e1 realizados.<\/p>\n","protected":false},"excerpt":{"rendered":"<p>Lais Carregosa, Marisa Wanzeller e Geraldo Campos Jr., da Ag\u00eancia iNFRA A aprecia\u00e7\u00e3o da\u00a0MP da Tarifa Social\u00a0no plen\u00e1rio da C\u00e2mara dos Deputados ficou para esta quarta-feira (10), ap\u00f3s o presidente Hugo Motta (Republicanos-PB) anunciar, na ter\u00e7a (9), que o relator, deputado Fernando Coelho Filho (Uni\u00e3o-PE), far\u00e1 novos ajustes no texto. Segundo Motta, ser\u00e3o retirados do [&hellip;]<\/p>\n","protected":false},"author":1,"featured_media":2901,"comment_status":"closed","ping_status":"closed","sticky":false,"template":"","format":"standard","meta":{"_monsterinsights_skip_tracking":false,"_monsterinsights_sitenote_active":false,"_monsterinsights_sitenote_note":"","_monsterinsights_sitenote_category":0,"footnotes":""},"categories":[1,10],"tags":[11474,3755,1254,850,11594,348,2415,13132,7366,13449,193,1831],"class_list":["post-27477","post","type-post","status-publish","format-standard","has-post-thumbnail","hentry","category-geral","category-infraenergia","tag-curtailment","tag-danilo-forte","tag-fernando-coelho-filho","tag-geracao-distribuida","tag-geraldo-campos-jr","tag-gsf","tag-hugo-motta","tag-lais-carregosa","tag-marisa-wanzeller","tag-mp-1-300","tag-risco-hidrologico","tag-tarifa-social-de-energia-eletrica"],"yoast_head":"<!-- This site is optimized with the Yoast SEO Premium plugin v25.4 (Yoast SEO v26.0) - https:\/\/yoast.com\/wordpress\/plugins\/seo\/ -->\n<title>C\u00e2mara deve mudar MP da Tarifa Social de Energia para cumprir acordo - Ag\u00eancia iNFRA<\/title>\n<meta name=\"robots\" content=\"index, follow, max-snippet:-1, max-image-preview:large, max-video-preview:-1\" \/>\n<link rel=\"canonical\" href=\"https:\/\/agenciainfra.com\/blog\/camara-deve-mudar-mp-da-tarifa-social-de-energia-para-cumprir-acordo\/\" \/>\n<meta property=\"og:locale\" content=\"pt_BR\" \/>\n<meta property=\"og:type\" content=\"article\" \/>\n<meta property=\"og:title\" content=\"C\u00e2mara deve mudar MP da Tarifa Social de Energia para cumprir acordo\" \/>\n<meta property=\"og:description\" content=\"Lais Carregosa, Marisa Wanzeller e Geraldo Campos Jr., da Ag\u00eancia iNFRA A aprecia\u00e7\u00e3o da\u00a0MP da Tarifa Social\u00a0no plen\u00e1rio da C\u00e2mara dos Deputados ficou para esta quarta-feira (10), ap\u00f3s o presidente Hugo Motta (Republicanos-PB) anunciar, na ter\u00e7a (9), que o relator, deputado Fernando Coelho Filho (Uni\u00e3o-PE), far\u00e1 novos ajustes no texto. Segundo Motta, ser\u00e3o retirados do [&hellip;]\" \/>\n<meta property=\"og:url\" content=\"https:\/\/agenciainfra.com\/blog\/camara-deve-mudar-mp-da-tarifa-social-de-energia-para-cumprir-acordo\/\" \/>\n<meta property=\"og:site_name\" content=\"Ag\u00eancia iNFRA\" \/>\n<meta property=\"article:publisher\" content=\"https:\/\/www.facebook.com\/ageninfra\" \/>\n<meta property=\"article:published_time\" content=\"2025-09-10T11:11:52+00:00\" \/>\n<meta property=\"article:modified_time\" content=\"2025-09-11T10:59:57+00:00\" \/>\n<meta property=\"og:image\" content=\"https:\/\/agenciainfra.com\/blog\/wp-content\/uploads\/2019\/02\/laycer-tomaz-camara-dos-deputados-1024x672.jpg\" \/>\n\t<meta property=\"og:image:width\" content=\"1024\" \/>\n\t<meta property=\"og:image:height\" content=\"672\" \/>\n\t<meta property=\"og:image:type\" content=\"image\/jpeg\" \/>\n<meta name=\"author\" content=\"Ag\u00eancia iNFRA\" \/>\n<meta name=\"twitter:card\" content=\"summary_large_image\" \/>\n<meta name=\"twitter:creator\" content=\"@agencia_infra\" \/>\n<meta name=\"twitter:site\" content=\"@agencia_infra\" \/>\n<meta name=\"twitter:label1\" content=\"Escrito por\" \/>\n\t<meta name=\"twitter:data1\" content=\"Ag\u00eancia iNFRA\" \/>\n\t<meta name=\"twitter:label2\" content=\"Est. tempo de leitura\" \/>\n\t<meta name=\"twitter:data2\" content=\"4 minutos\" \/>\n<script type=\"application\/ld+json\" class=\"yoast-schema-graph\">{\"@context\":\"https:\/\/schema.org\",\"@graph\":[{\"@type\":\"Article\",\"@id\":\"https:\/\/agenciainfra.com\/blog\/camara-deve-mudar-mp-da-tarifa-social-de-energia-para-cumprir-acordo\/#article\",\"isPartOf\":{\"@id\":\"https:\/\/agenciainfra.com\/blog\/camara-deve-mudar-mp-da-tarifa-social-de-energia-para-cumprir-acordo\/\"},\"author\":{\"name\":\"Ag\u00eancia iNFRA\",\"@id\":\"https:\/\/agenciainfra.com\/blog\/#\/schema\/person\/34af08dff6adea4cb22b06612ba7acfa\"},\"headline\":\"C\u00e2mara deve mudar MP da Tarifa Social de Energia para cumprir acordo\",\"datePublished\":\"2025-09-10T11:11:52+00:00\",\"dateModified\":\"2025-09-11T10:59:57+00:00\",\"mainEntityOfPage\":{\"@id\":\"https:\/\/agenciainfra.com\/blog\/camara-deve-mudar-mp-da-tarifa-social-de-energia-para-cumprir-acordo\/\"},\"wordCount\":787,\"publisher\":{\"@id\":\"https:\/\/agenciainfra.com\/blog\/#organization\"},\"image\":{\"@id\":\"https:\/\/agenciainfra.com\/blog\/camara-deve-mudar-mp-da-tarifa-social-de-energia-para-cumprir-acordo\/#primaryimage\"},\"thumbnailUrl\":\"https:\/\/agenciainfra.com\/blog\/wp-content\/uploads\/2019\/02\/laycer-tomaz-camara-dos-deputados.jpg\",\"keywords\":[\"curtailment\",\"Danilo Forte\",\"Fernando Coelho Filho\",\"gera\u00e7\u00e3o distribu\u00edda\",\"Geraldo Campos Jr.\",\"GSF\",\"Hugo Motta\",\"Lais Carregosa\",\"Marisa Wanzeller\",\"mp 1.300\",\"risco hidrol\u00f3gico\",\"Tarifa Social de Energia El\u00e9trica\"],\"articleSection\":[\"Geral\",\"iNFRAEnergia\"],\"inLanguage\":\"pt-BR\",\"copyrightYear\":\"2025\",\"copyrightHolder\":{\"@id\":\"https:\/\/agenciainfra.com\/blog\/#organization\"}},{\"@type\":\"WebPage\",\"@id\":\"https:\/\/agenciainfra.com\/blog\/camara-deve-mudar-mp-da-tarifa-social-de-energia-para-cumprir-acordo\/\",\"url\":\"https:\/\/agenciainfra.com\/blog\/camara-deve-mudar-mp-da-tarifa-social-de-energia-para-cumprir-acordo\/\",\"name\":\"C\u00e2mara deve mudar MP da Tarifa Social de Energia para cumprir acordo - Ag\u00eancia iNFRA\",\"isPartOf\":{\"@id\":\"https:\/\/agenciainfra.com\/blog\/#website\"},\"primaryImageOfPage\":{\"@id\":\"https:\/\/agenciainfra.com\/blog\/camara-deve-mudar-mp-da-tarifa-social-de-energia-para-cumprir-acordo\/#primaryimage\"},\"image\":{\"@id\":\"https:\/\/agenciainfra.com\/blog\/camara-deve-mudar-mp-da-tarifa-social-de-energia-para-cumprir-acordo\/#primaryimage\"},\"thumbnailUrl\":\"https:\/\/agenciainfra.com\/blog\/wp-content\/uploads\/2019\/02\/laycer-tomaz-camara-dos-deputados.jpg\",\"datePublished\":\"2025-09-10T11:11:52+00:00\",\"dateModified\":\"2025-09-11T10:59:57+00:00\",\"breadcrumb\":{\"@id\":\"https:\/\/agenciainfra.com\/blog\/camara-deve-mudar-mp-da-tarifa-social-de-energia-para-cumprir-acordo\/#breadcrumb\"},\"inLanguage\":\"pt-BR\",\"potentialAction\":[{\"@type\":\"ReadAction\",\"target\":[\"https:\/\/agenciainfra.com\/blog\/camara-deve-mudar-mp-da-tarifa-social-de-energia-para-cumprir-acordo\/\"]}]},{\"@type\":\"ImageObject\",\"inLanguage\":\"pt-BR\",\"@id\":\"https:\/\/agenciainfra.com\/blog\/camara-deve-mudar-mp-da-tarifa-social-de-energia-para-cumprir-acordo\/#primaryimage\",\"url\":\"https:\/\/agenciainfra.com\/blog\/wp-content\/uploads\/2019\/02\/laycer-tomaz-camara-dos-deputados.jpg\",\"contentUrl\":\"https:\/\/agenciainfra.com\/blog\/wp-content\/uploads\/2019\/02\/laycer-tomaz-camara-dos-deputados.jpg\",\"width\":4008,\"height\":2630,\"caption\":\"Foto: Laycer Tomaz\/C\u00e2mara dos Deputados\"},{\"@type\":\"BreadcrumbList\",\"@id\":\"https:\/\/agenciainfra.com\/blog\/camara-deve-mudar-mp-da-tarifa-social-de-energia-para-cumprir-acordo\/#breadcrumb\",\"itemListElement\":[{\"@type\":\"ListItem\",\"position\":1,\"name\":\"In\u00edcio\",\"item\":\"https:\/\/agenciainfra.com\/blog\/\"},{\"@type\":\"ListItem\",\"position\":2,\"name\":\"C\u00e2mara deve mudar MP da Tarifa Social de Energia para cumprir acordo\"}]},{\"@type\":\"WebSite\",\"@id\":\"https:\/\/agenciainfra.com\/blog\/#website\",\"url\":\"https:\/\/agenciainfra.com\/blog\/\",\"name\":\"Ag\u00eancia iNFRA\",\"description\":\"Multiplataforma de informa\u00e7\u00e3o jornal\u00edstica refer\u00eancia na \u00e1rea de infraestrutura no Brasil!\",\"publisher\":{\"@id\":\"https:\/\/agenciainfra.com\/blog\/#organization\"},\"potentialAction\":[{\"@type\":\"SearchAction\",\"target\":{\"@type\":\"EntryPoint\",\"urlTemplate\":\"https:\/\/agenciainfra.com\/blog\/?s={search_term_string}\"},\"query-input\":{\"@type\":\"PropertyValueSpecification\",\"valueRequired\":true,\"valueName\":\"search_term_string\"}}],\"inLanguage\":\"pt-BR\"},{\"@type\":\"Organization\",\"@id\":\"https:\/\/agenciainfra.com\/blog\/#organization\",\"name\":\"Ag\u00eancia iNFRA\",\"url\":\"https:\/\/agenciainfra.com\/blog\/\",\"logo\":{\"@type\":\"ImageObject\",\"inLanguage\":\"pt-BR\",\"@id\":\"https:\/\/agenciainfra.com\/blog\/#\/schema\/logo\/image\/\",\"url\":\"https:\/\/agenciainfra.com\/blog\/wp-content\/uploads\/2023\/09\/iNFRA_5-e1761735885940.png\",\"contentUrl\":\"https:\/\/agenciainfra.com\/blog\/wp-content\/uploads\/2023\/09\/iNFRA_5-e1761735885940.png\",\"width\":1672,\"height\":454,\"caption\":\"Ag\u00eancia iNFRA\"},\"image\":{\"@id\":\"https:\/\/agenciainfra.com\/blog\/#\/schema\/logo\/image\/\"},\"sameAs\":[\"https:\/\/www.facebook.com\/ageninfra\",\"https:\/\/x.com\/agencia_infra\",\"https:\/\/www.linkedin.com\/company\/ag\u00eanciainfra\/\",\"https:\/\/www.instagram.com\/agenciainfra\/\"]},{\"@type\":\"Person\",\"@id\":\"https:\/\/agenciainfra.com\/blog\/#\/schema\/person\/34af08dff6adea4cb22b06612ba7acfa\",\"name\":\"Ag\u00eancia iNFRA\",\"image\":{\"@type\":\"ImageObject\",\"inLanguage\":\"pt-BR\",\"@id\":\"https:\/\/agenciainfra.com\/blog\/#\/schema\/person\/image\/\",\"url\":\"https:\/\/secure.gravatar.com\/avatar\/d189e01678f06d8eb84d4e01f08eb848b3fffe3f8443818d3c356c66892f5be8?s=96&d=mm&r=g\",\"contentUrl\":\"https:\/\/secure.gravatar.com\/avatar\/d189e01678f06d8eb84d4e01f08eb848b3fffe3f8443818d3c356c66892f5be8?s=96&d=mm&r=g\",\"caption\":\"Ag\u00eancia iNFRA\"},\"url\":\"https:\/\/agenciainfra.com\/blog\/author\/admin\/\"}]}<\/script>\n<!-- \/ Yoast SEO Premium plugin. -->","yoast_head_json":{"title":"C\u00e2mara deve mudar MP da Tarifa Social de Energia para cumprir acordo - Ag\u00eancia iNFRA","robots":{"index":"index","follow":"follow","max-snippet":"max-snippet:-1","max-image-preview":"max-image-preview:large","max-video-preview":"max-video-preview:-1"},"canonical":"https:\/\/agenciainfra.com\/blog\/camara-deve-mudar-mp-da-tarifa-social-de-energia-para-cumprir-acordo\/","og_locale":"pt_BR","og_type":"article","og_title":"C\u00e2mara deve mudar MP da Tarifa Social de Energia para cumprir acordo","og_description":"Lais Carregosa, Marisa Wanzeller e Geraldo Campos Jr., da Ag\u00eancia iNFRA A aprecia\u00e7\u00e3o da\u00a0MP da Tarifa Social\u00a0no plen\u00e1rio da C\u00e2mara dos Deputados ficou para esta quarta-feira (10), ap\u00f3s o presidente Hugo Motta (Republicanos-PB) anunciar, na ter\u00e7a (9), que o relator, deputado Fernando Coelho Filho (Uni\u00e3o-PE), far\u00e1 novos ajustes no texto. Segundo Motta, ser\u00e3o retirados do [&hellip;]","og_url":"https:\/\/agenciainfra.com\/blog\/camara-deve-mudar-mp-da-tarifa-social-de-energia-para-cumprir-acordo\/","og_site_name":"Ag\u00eancia iNFRA","article_publisher":"https:\/\/www.facebook.com\/ageninfra","article_published_time":"2025-09-10T11:11:52+00:00","article_modified_time":"2025-09-11T10:59:57+00:00","og_image":[{"width":1024,"height":672,"url":"https:\/\/agenciainfra.com\/blog\/wp-content\/uploads\/2019\/02\/laycer-tomaz-camara-dos-deputados-1024x672.jpg","type":"image\/jpeg"}],"author":"Ag\u00eancia iNFRA","twitter_card":"summary_large_image","twitter_creator":"@agencia_infra","twitter_site":"@agencia_infra","twitter_misc":{"Escrito por":"Ag\u00eancia iNFRA","Est. tempo de leitura":"4 minutos"},"schema":{"@context":"https:\/\/schema.org","@graph":[{"@type":"Article","@id":"https:\/\/agenciainfra.com\/blog\/camara-deve-mudar-mp-da-tarifa-social-de-energia-para-cumprir-acordo\/#article","isPartOf":{"@id":"https:\/\/agenciainfra.com\/blog\/camara-deve-mudar-mp-da-tarifa-social-de-energia-para-cumprir-acordo\/"},"author":{"name":"Ag\u00eancia iNFRA","@id":"https:\/\/agenciainfra.com\/blog\/#\/schema\/person\/34af08dff6adea4cb22b06612ba7acfa"},"headline":"C\u00e2mara deve mudar MP da Tarifa Social de Energia para cumprir acordo","datePublished":"2025-09-10T11:11:52+00:00","dateModified":"2025-09-11T10:59:57+00:00","mainEntityOfPage":{"@id":"https:\/\/agenciainfra.com\/blog\/camara-deve-mudar-mp-da-tarifa-social-de-energia-para-cumprir-acordo\/"},"wordCount":787,"publisher":{"@id":"https:\/\/agenciainfra.com\/blog\/#organization"},"image":{"@id":"https:\/\/agenciainfra.com\/blog\/camara-deve-mudar-mp-da-tarifa-social-de-energia-para-cumprir-acordo\/#primaryimage"},"thumbnailUrl":"https:\/\/agenciainfra.com\/blog\/wp-content\/uploads\/2019\/02\/laycer-tomaz-camara-dos-deputados.jpg","keywords":["curtailment","Danilo Forte","Fernando Coelho Filho","gera\u00e7\u00e3o distribu\u00edda","Geraldo Campos Jr.","GSF","Hugo Motta","Lais Carregosa","Marisa Wanzeller","mp 1.300","risco hidrol\u00f3gico","Tarifa Social de Energia El\u00e9trica"],"articleSection":["Geral","iNFRAEnergia"],"inLanguage":"pt-BR","copyrightYear":"2025","copyrightHolder":{"@id":"https:\/\/agenciainfra.com\/blog\/#organization"}},{"@type":"WebPage","@id":"https:\/\/agenciainfra.com\/blog\/camara-deve-mudar-mp-da-tarifa-social-de-energia-para-cumprir-acordo\/","url":"https:\/\/agenciainfra.com\/blog\/camara-deve-mudar-mp-da-tarifa-social-de-energia-para-cumprir-acordo\/","name":"C\u00e2mara deve mudar MP da Tarifa Social de Energia para cumprir acordo - Ag\u00eancia iNFRA","isPartOf":{"@id":"https:\/\/agenciainfra.com\/blog\/#website"},"primaryImageOfPage":{"@id":"https:\/\/agenciainfra.com\/blog\/camara-deve-mudar-mp-da-tarifa-social-de-energia-para-cumprir-acordo\/#primaryimage"},"image":{"@id":"https:\/\/agenciainfra.com\/blog\/camara-deve-mudar-mp-da-tarifa-social-de-energia-para-cumprir-acordo\/#primaryimage"},"thumbnailUrl":"https:\/\/agenciainfra.com\/blog\/wp-content\/uploads\/2019\/02\/laycer-tomaz-camara-dos-deputados.jpg","datePublished":"2025-09-10T11:11:52+00:00","dateModified":"2025-09-11T10:59:57+00:00","breadcrumb":{"@id":"https:\/\/agenciainfra.com\/blog\/camara-deve-mudar-mp-da-tarifa-social-de-energia-para-cumprir-acordo\/#breadcrumb"},"inLanguage":"pt-BR","potentialAction":[{"@type":"ReadAction","target":["https:\/\/agenciainfra.com\/blog\/camara-deve-mudar-mp-da-tarifa-social-de-energia-para-cumprir-acordo\/"]}]},{"@type":"ImageObject","inLanguage":"pt-BR","@id":"https:\/\/agenciainfra.com\/blog\/camara-deve-mudar-mp-da-tarifa-social-de-energia-para-cumprir-acordo\/#primaryimage","url":"https:\/\/agenciainfra.com\/blog\/wp-content\/uploads\/2019\/02\/laycer-tomaz-camara-dos-deputados.jpg","contentUrl":"https:\/\/agenciainfra.com\/blog\/wp-content\/uploads\/2019\/02\/laycer-tomaz-camara-dos-deputados.jpg","width":4008,"height":2630,"caption":"Foto: Laycer Tomaz\/C\u00e2mara dos Deputados"},{"@type":"BreadcrumbList","@id":"https:\/\/agenciainfra.com\/blog\/camara-deve-mudar-mp-da-tarifa-social-de-energia-para-cumprir-acordo\/#breadcrumb","itemListElement":[{"@type":"ListItem","position":1,"name":"In\u00edcio","item":"https:\/\/agenciainfra.com\/blog\/"},{"@type":"ListItem","position":2,"name":"C\u00e2mara deve mudar MP da Tarifa Social de Energia para cumprir acordo"}]},{"@type":"WebSite","@id":"https:\/\/agenciainfra.com\/blog\/#website","url":"https:\/\/agenciainfra.com\/blog\/","name":"Ag\u00eancia iNFRA","description":"Multiplataforma de informa\u00e7\u00e3o jornal\u00edstica refer\u00eancia na \u00e1rea de infraestrutura no Brasil!","publisher":{"@id":"https:\/\/agenciainfra.com\/blog\/#organization"},"potentialAction":[{"@type":"SearchAction","target":{"@type":"EntryPoint","urlTemplate":"https:\/\/agenciainfra.com\/blog\/?s={search_term_string}"},"query-input":{"@type":"PropertyValueSpecification","valueRequired":true,"valueName":"search_term_string"}}],"inLanguage":"pt-BR"},{"@type":"Organization","@id":"https:\/\/agenciainfra.com\/blog\/#organization","name":"Ag\u00eancia iNFRA","url":"https:\/\/agenciainfra.com\/blog\/","logo":{"@type":"ImageObject","inLanguage":"pt-BR","@id":"https:\/\/agenciainfra.com\/blog\/#\/schema\/logo\/image\/","url":"https:\/\/agenciainfra.com\/blog\/wp-content\/uploads\/2023\/09\/iNFRA_5-e1761735885940.png","contentUrl":"https:\/\/agenciainfra.com\/blog\/wp-content\/uploads\/2023\/09\/iNFRA_5-e1761735885940.png","width":1672,"height":454,"caption":"Ag\u00eancia iNFRA"},"image":{"@id":"https:\/\/agenciainfra.com\/blog\/#\/schema\/logo\/image\/"},"sameAs":["https:\/\/www.facebook.com\/ageninfra","https:\/\/x.com\/agencia_infra","https:\/\/www.linkedin.com\/company\/ag\u00eanciainfra\/","https:\/\/www.instagram.com\/agenciainfra\/"]},{"@type":"Person","@id":"https:\/\/agenciainfra.com\/blog\/#\/schema\/person\/34af08dff6adea4cb22b06612ba7acfa","name":"Ag\u00eancia iNFRA","image":{"@type":"ImageObject","inLanguage":"pt-BR","@id":"https:\/\/agenciainfra.com\/blog\/#\/schema\/person\/image\/","url":"https:\/\/secure.gravatar.com\/avatar\/d189e01678f06d8eb84d4e01f08eb848b3fffe3f8443818d3c356c66892f5be8?s=96&d=mm&r=g","contentUrl":"https:\/\/secure.gravatar.com\/avatar\/d189e01678f06d8eb84d4e01f08eb848b3fffe3f8443818d3c356c66892f5be8?s=96&d=mm&r=g","caption":"Ag\u00eancia iNFRA"},"url":"https:\/\/agenciainfra.com\/blog\/author\/admin\/"}]}},"_links":{"self":[{"href":"https:\/\/agenciainfra.com\/blog\/wp-json\/wp\/v2\/posts\/27477","targetHints":{"allow":["GET"]}}],"collection":[{"href":"https:\/\/agenciainfra.com\/blog\/wp-json\/wp\/v2\/posts"}],"about":[{"href":"https:\/\/agenciainfra.com\/blog\/wp-json\/wp\/v2\/types\/post"}],"author":[{"embeddable":true,"href":"https:\/\/agenciainfra.com\/blog\/wp-json\/wp\/v2\/users\/1"}],"replies":[{"embeddable":true,"href":"https:\/\/agenciainfra.com\/blog\/wp-json\/wp\/v2\/comments?post=27477"}],"version-history":[{"count":1,"href":"https:\/\/agenciainfra.com\/blog\/wp-json\/wp\/v2\/posts\/27477\/revisions"}],"predecessor-version":[{"id":27478,"href":"https:\/\/agenciainfra.com\/blog\/wp-json\/wp\/v2\/posts\/27477\/revisions\/27478"}],"wp:featuredmedia":[{"embeddable":true,"href":"https:\/\/agenciainfra.com\/blog\/wp-json\/wp\/v2\/media\/2901"}],"wp:attachment":[{"href":"https:\/\/agenciainfra.com\/blog\/wp-json\/wp\/v2\/media?parent=27477"}],"wp:term":[{"taxonomy":"category","embeddable":true,"href":"https:\/\/agenciainfra.com\/blog\/wp-json\/wp\/v2\/categories?post=27477"},{"taxonomy":"post_tag","embeddable":true,"href":"https:\/\/agenciainfra.com\/blog\/wp-json\/wp\/v2\/tags?post=27477"}],"curies":[{"name":"wp","href":"https:\/\/api.w.org\/{rel}","templated":true}]}}