{"id":27493,"date":"2025-09-10T12:04:38","date_gmt":"2025-09-10T15:04:38","guid":{"rendered":"https:\/\/agenciainfra.com\/blog\/?p=27493"},"modified":"2025-09-10T12:04:38","modified_gmt":"2025-09-10T15:04:38","slug":"apex-se-une-a-industria-do-hidrogenio-para-promover-setor-no-exterior","status":"publish","type":"post","link":"https:\/\/agenciainfra.com\/blog\/apex-se-une-a-industria-do-hidrogenio-para-promover-setor-no-exterior\/","title":{"rendered":"Apex se une a ind\u00fastria do hidrog\u00eanio para promover setor no exterior"},"content":{"rendered":"\n<p class=\"has-text-align-right\"><strong>da Ag\u00eancia iNFRA<\/strong><\/p>\n\n\n\n<p>A ApexBrasil (Ag\u00eancia Brasileira de Promo\u00e7\u00e3o de Exporta\u00e7\u00f5es e Investimentos) e a ABIHV (Associa\u00e7\u00e3o Brasileira da Ind\u00fastria do Hidrog\u00eanio Verde) unir\u00e3o esfor\u00e7os para promover internacionalmente o hidrog\u00eanio de baixo carbono e seus derivados, a afim de atrair investimentos e fortalecer a cadeia nacional. No in\u00edcio deste m\u00eas, em 3 de setembro, a ag\u00eancia e a associa\u00e7\u00e3o assinaram protocolo de inten\u00e7\u00f5es para firmar a parceria.<\/p>\n\n\n\n<p>Segundo a Apex, o encontro faz parte do Programa Invest in Brasil Hydrogen, que busca a aproxima\u00e7\u00e3o entre produtores nacionais e compradores internacionais. Na agenda para o ano que vem, j\u00e1 est\u00e3o previstas miss\u00f5es de promo\u00e7\u00e3o, rodadas de neg\u00f3cios e presen\u00e7a em eventos.<\/p>\n\n\n\n<p>Os investimentos voltados ao setor j\u00e1 ultrapassaram a marca de R$ 60 bilh\u00f5es, de acordo com informa\u00e7\u00f5es ABIHV, com projetos no Cear\u00e1, em Pernambuco, Minas Gerais e no Rio Grande do Norte destinados \u00e0 produ\u00e7\u00e3o de hidrog\u00eanio, am\u00f4nia e metanol verdes. Para o presidente do Conselho de Administra\u00e7\u00e3o da associa\u00e7\u00e3o, Luis Viga, a parceria \u00e9 decisiva para posicionar o Brasil como refer\u00eancia global na transi\u00e7\u00e3o energ\u00e9tica.<\/p>\n","protected":false},"excerpt":{"rendered":"<p>da Ag\u00eancia iNFRA A ApexBrasil (Ag\u00eancia Brasileira de Promo\u00e7\u00e3o de Exporta\u00e7\u00f5es e Investimentos) e a ABIHV (Associa\u00e7\u00e3o Brasileira da Ind\u00fastria do Hidrog\u00eanio Verde) unir\u00e3o esfor\u00e7os para promover internacionalmente o hidrog\u00eanio de baixo carbono e seus derivados, a afim de atrair investimentos e fortalecer a cadeia nacional. No in\u00edcio deste m\u00eas, em 3 de setembro, a [&hellip;]<\/p>\n","protected":false},"author":1,"featured_media":27497,"comment_status":"closed","ping_status":"closed","sticky":false,"template":"","format":"standard","meta":{"_monsterinsights_skip_tracking":false,"_monsterinsights_sitenote_active":false,"_monsterinsights_sitenote_note":"","_monsterinsights_sitenote_category":0,"footnotes":""},"categories":[1,13576],"tags":[15272,9564,4535,15273,15274],"class_list":["post-27493","post","type-post","status-publish","format-standard","has-post-thumbnail","hentry","category-geral","category-giro-infra","tag-abihv","tag-apexbrasil","tag-hidrogenio-verde","tag-invest-in-brasil-hydrogen","tag-luis-viga"],"yoast_head":"<!-- This site is optimized with the Yoast SEO Premium plugin v25.4 (Yoast SEO v26.0) - https:\/\/yoast.com\/wordpress\/plugins\/seo\/ -->\n<title>Apex se une a ind\u00fastria do hidrog\u00eanio para promover setor no exterior - Ag\u00eancia iNFRA<\/title>\n<meta name=\"robots\" content=\"index, follow, max-snippet:-1, max-image-preview:large, max-video-preview:-1\" \/>\n<link rel=\"canonical\" href=\"https:\/\/agenciainfra.com\/blog\/apex-se-une-a-industria-do-hidrogenio-para-promover-setor-no-exterior\/\" \/>\n<meta property=\"og:locale\" content=\"pt_BR\" \/>\n<meta property=\"og:type\" content=\"article\" \/>\n<meta property=\"og:title\" content=\"Apex se une a ind\u00fastria do hidrog\u00eanio para promover setor no exterior\" \/>\n<meta property=\"og:description\" content=\"da Ag\u00eancia iNFRA A ApexBrasil (Ag\u00eancia Brasileira de Promo\u00e7\u00e3o de Exporta\u00e7\u00f5es e Investimentos) e a ABIHV (Associa\u00e7\u00e3o Brasileira da Ind\u00fastria do Hidrog\u00eanio Verde) unir\u00e3o esfor\u00e7os para promover internacionalmente o hidrog\u00eanio de baixo carbono e seus derivados, a afim de atrair investimentos e fortalecer a cadeia nacional. No in\u00edcio deste m\u00eas, em 3 de setembro, a [&hellip;]\" \/>\n<meta property=\"og:url\" content=\"https:\/\/agenciainfra.com\/blog\/apex-se-une-a-industria-do-hidrogenio-para-promover-setor-no-exterior\/\" \/>\n<meta property=\"og:site_name\" content=\"Ag\u00eancia iNFRA\" \/>\n<meta property=\"article:publisher\" content=\"https:\/\/www.facebook.com\/ageninfra\" \/>\n<meta property=\"article:published_time\" content=\"2025-09-10T15:04:38+00:00\" \/>\n<meta name=\"author\" content=\"Ag\u00eancia iNFRA\" \/>\n<meta name=\"twitter:card\" content=\"summary_large_image\" \/>\n<meta name=\"twitter:creator\" content=\"@agencia_infra\" \/>\n<meta name=\"twitter:site\" content=\"@agencia_infra\" \/>\n<meta name=\"twitter:label1\" content=\"Escrito por\" \/>\n\t<meta name=\"twitter:data1\" content=\"Ag\u00eancia iNFRA\" \/>\n\t<meta name=\"twitter:label2\" content=\"Est. tempo de leitura\" \/>\n\t<meta name=\"twitter:data2\" content=\"1 minuto\" \/>\n<script type=\"application\/ld+json\" class=\"yoast-schema-graph\">{\"@context\":\"https:\/\/schema.org\",\"@graph\":[{\"@type\":\"Article\",\"@id\":\"https:\/\/agenciainfra.com\/blog\/apex-se-une-a-industria-do-hidrogenio-para-promover-setor-no-exterior\/#article\",\"isPartOf\":{\"@id\":\"https:\/\/agenciainfra.com\/blog\/apex-se-une-a-industria-do-hidrogenio-para-promover-setor-no-exterior\/\"},\"author\":{\"name\":\"Ag\u00eancia iNFRA\",\"@id\":\"https:\/\/agenciainfra.com\/blog\/#\/schema\/person\/34af08dff6adea4cb22b06612ba7acfa\"},\"headline\":\"Apex se une a ind\u00fastria do hidrog\u00eanio para promover setor no exterior\",\"datePublished\":\"2025-09-10T15:04:38+00:00\",\"mainEntityOfPage\":{\"@id\":\"https:\/\/agenciainfra.com\/blog\/apex-se-une-a-industria-do-hidrogenio-para-promover-setor-no-exterior\/\"},\"wordCount\":217,\"publisher\":{\"@id\":\"https:\/\/agenciainfra.com\/blog\/#organization\"},\"image\":{\"@id\":\"https:\/\/agenciainfra.com\/blog\/apex-se-une-a-industria-do-hidrogenio-para-promover-setor-no-exterior\/#primaryimage\"},\"thumbnailUrl\":\"https:\/\/agenciainfra.com\/blog\/wp-content\/uploads\/2025\/09\/hidrogenio-verde-foto-jose-wagner-e-thiago-gaspar-governo-do-ceara.jpg\",\"keywords\":[\"ABIHV\",\"ApexBrasil\",\"hidrog\u00eanio verde\",\"Invest in Brasil Hydrogen\",\"Luis Viga\"],\"articleSection\":[\"Geral\",\"Giro iNFRA\"],\"inLanguage\":\"pt-BR\",\"copyrightYear\":\"2025\",\"copyrightHolder\":{\"@id\":\"https:\/\/agenciainfra.com\/blog\/#organization\"}},{\"@type\":\"WebPage\",\"@id\":\"https:\/\/agenciainfra.com\/blog\/apex-se-une-a-industria-do-hidrogenio-para-promover-setor-no-exterior\/\",\"url\":\"https:\/\/agenciainfra.com\/blog\/apex-se-une-a-industria-do-hidrogenio-para-promover-setor-no-exterior\/\",\"name\":\"Apex se une a ind\u00fastria do hidrog\u00eanio para promover setor no exterior - Ag\u00eancia iNFRA\",\"isPartOf\":{\"@id\":\"https:\/\/agenciainfra.com\/blog\/#website\"},\"primaryImageOfPage\":{\"@id\":\"https:\/\/agenciainfra.com\/blog\/apex-se-une-a-industria-do-hidrogenio-para-promover-setor-no-exterior\/#primaryimage\"},\"image\":{\"@id\":\"https:\/\/agenciainfra.com\/blog\/apex-se-une-a-industria-do-hidrogenio-para-promover-setor-no-exterior\/#primaryimage\"},\"thumbnailUrl\":\"https:\/\/agenciainfra.com\/blog\/wp-content\/uploads\/2025\/09\/hidrogenio-verde-foto-jose-wagner-e-thiago-gaspar-governo-do-ceara.jpg\",\"datePublished\":\"2025-09-10T15:04:38+00:00\",\"breadcrumb\":{\"@id\":\"https:\/\/agenciainfra.com\/blog\/apex-se-une-a-industria-do-hidrogenio-para-promover-setor-no-exterior\/#breadcrumb\"},\"inLanguage\":\"pt-BR\",\"potentialAction\":[{\"@type\":\"ReadAction\",\"target\":[\"https:\/\/agenciainfra.com\/blog\/apex-se-une-a-industria-do-hidrogenio-para-promover-setor-no-exterior\/\"]}]},{\"@type\":\"ImageObject\",\"inLanguage\":\"pt-BR\",\"@id\":\"https:\/\/agenciainfra.com\/blog\/apex-se-une-a-industria-do-hidrogenio-para-promover-setor-no-exterior\/#primaryimage\",\"url\":\"https:\/\/agenciainfra.com\/blog\/wp-content\/uploads\/2025\/09\/hidrogenio-verde-foto-jose-wagner-e-thiago-gaspar-governo-do-ceara.jpg\",\"contentUrl\":\"https:\/\/agenciainfra.com\/blog\/wp-content\/uploads\/2025\/09\/hidrogenio-verde-foto-jose-wagner-e-thiago-gaspar-governo-do-ceara.jpg\",\"width\":1280,\"height\":854,\"caption\":\"Foto: Thiago Gaspar\/Governo do Cear\u00e1\"},{\"@type\":\"BreadcrumbList\",\"@id\":\"https:\/\/agenciainfra.com\/blog\/apex-se-une-a-industria-do-hidrogenio-para-promover-setor-no-exterior\/#breadcrumb\",\"itemListElement\":[{\"@type\":\"ListItem\",\"position\":1,\"name\":\"In\u00edcio\",\"item\":\"https:\/\/agenciainfra.com\/blog\/\"},{\"@type\":\"ListItem\",\"position\":2,\"name\":\"Apex se une a ind\u00fastria do hidrog\u00eanio para promover setor no exterior\"}]},{\"@type\":\"WebSite\",\"@id\":\"https:\/\/agenciainfra.com\/blog\/#website\",\"url\":\"https:\/\/agenciainfra.com\/blog\/\",\"name\":\"Ag\u00eancia iNFRA\",\"description\":\"Multiplataforma de informa\u00e7\u00e3o jornal\u00edstica refer\u00eancia na \u00e1rea de infraestrutura no Brasil!\",\"publisher\":{\"@id\":\"https:\/\/agenciainfra.com\/blog\/#organization\"},\"potentialAction\":[{\"@type\":\"SearchAction\",\"target\":{\"@type\":\"EntryPoint\",\"urlTemplate\":\"https:\/\/agenciainfra.com\/blog\/?s={search_term_string}\"},\"query-input\":{\"@type\":\"PropertyValueSpecification\",\"valueRequired\":true,\"valueName\":\"search_term_string\"}}],\"inLanguage\":\"pt-BR\"},{\"@type\":\"Organization\",\"@id\":\"https:\/\/agenciainfra.com\/blog\/#organization\",\"name\":\"Ag\u00eancia iNFRA\",\"url\":\"https:\/\/agenciainfra.com\/blog\/\",\"logo\":{\"@type\":\"ImageObject\",\"inLanguage\":\"pt-BR\",\"@id\":\"https:\/\/agenciainfra.com\/blog\/#\/schema\/logo\/image\/\",\"url\":\"https:\/\/agenciainfra.com\/blog\/wp-content\/uploads\/2023\/09\/iNFRA_5-e1761735885940.png\",\"contentUrl\":\"https:\/\/agenciainfra.com\/blog\/wp-content\/uploads\/2023\/09\/iNFRA_5-e1761735885940.png\",\"width\":1672,\"height\":454,\"caption\":\"Ag\u00eancia iNFRA\"},\"image\":{\"@id\":\"https:\/\/agenciainfra.com\/blog\/#\/schema\/logo\/image\/\"},\"sameAs\":[\"https:\/\/www.facebook.com\/ageninfra\",\"https:\/\/x.com\/agencia_infra\",\"https:\/\/www.linkedin.com\/company\/ag\u00eanciainfra\/\",\"https:\/\/www.instagram.com\/agenciainfra\/\"]},{\"@type\":\"Person\",\"@id\":\"https:\/\/agenciainfra.com\/blog\/#\/schema\/person\/34af08dff6adea4cb22b06612ba7acfa\",\"name\":\"Ag\u00eancia iNFRA\",\"image\":{\"@type\":\"ImageObject\",\"inLanguage\":\"pt-BR\",\"@id\":\"https:\/\/agenciainfra.com\/blog\/#\/schema\/person\/image\/\",\"url\":\"https:\/\/secure.gravatar.com\/avatar\/d189e01678f06d8eb84d4e01f08eb848b3fffe3f8443818d3c356c66892f5be8?s=96&d=mm&r=g\",\"contentUrl\":\"https:\/\/secure.gravatar.com\/avatar\/d189e01678f06d8eb84d4e01f08eb848b3fffe3f8443818d3c356c66892f5be8?s=96&d=mm&r=g\",\"caption\":\"Ag\u00eancia iNFRA\"},\"url\":\"https:\/\/agenciainfra.com\/blog\/author\/admin\/\"}]}<\/script>\n<!-- \/ Yoast SEO Premium plugin. -->","yoast_head_json":{"title":"Apex se une a ind\u00fastria do hidrog\u00eanio para promover setor no exterior - Ag\u00eancia iNFRA","robots":{"index":"index","follow":"follow","max-snippet":"max-snippet:-1","max-image-preview":"max-image-preview:large","max-video-preview":"max-video-preview:-1"},"canonical":"https:\/\/agenciainfra.com\/blog\/apex-se-une-a-industria-do-hidrogenio-para-promover-setor-no-exterior\/","og_locale":"pt_BR","og_type":"article","og_title":"Apex se une a ind\u00fastria do hidrog\u00eanio para promover setor no exterior","og_description":"da Ag\u00eancia iNFRA A ApexBrasil (Ag\u00eancia Brasileira de Promo\u00e7\u00e3o de Exporta\u00e7\u00f5es e Investimentos) e a ABIHV (Associa\u00e7\u00e3o Brasileira da Ind\u00fastria do Hidrog\u00eanio Verde) unir\u00e3o esfor\u00e7os para promover internacionalmente o hidrog\u00eanio de baixo carbono e seus derivados, a afim de atrair investimentos e fortalecer a cadeia nacional. No in\u00edcio deste m\u00eas, em 3 de setembro, a [&hellip;]","og_url":"https:\/\/agenciainfra.com\/blog\/apex-se-une-a-industria-do-hidrogenio-para-promover-setor-no-exterior\/","og_site_name":"Ag\u00eancia iNFRA","article_publisher":"https:\/\/www.facebook.com\/ageninfra","article_published_time":"2025-09-10T15:04:38+00:00","author":"Ag\u00eancia iNFRA","twitter_card":"summary_large_image","twitter_creator":"@agencia_infra","twitter_site":"@agencia_infra","twitter_misc":{"Escrito por":"Ag\u00eancia iNFRA","Est. tempo de leitura":"1 minuto"},"schema":{"@context":"https:\/\/schema.org","@graph":[{"@type":"Article","@id":"https:\/\/agenciainfra.com\/blog\/apex-se-une-a-industria-do-hidrogenio-para-promover-setor-no-exterior\/#article","isPartOf":{"@id":"https:\/\/agenciainfra.com\/blog\/apex-se-une-a-industria-do-hidrogenio-para-promover-setor-no-exterior\/"},"author":{"name":"Ag\u00eancia iNFRA","@id":"https:\/\/agenciainfra.com\/blog\/#\/schema\/person\/34af08dff6adea4cb22b06612ba7acfa"},"headline":"Apex se une a ind\u00fastria do hidrog\u00eanio para promover setor no exterior","datePublished":"2025-09-10T15:04:38+00:00","mainEntityOfPage":{"@id":"https:\/\/agenciainfra.com\/blog\/apex-se-une-a-industria-do-hidrogenio-para-promover-setor-no-exterior\/"},"wordCount":217,"publisher":{"@id":"https:\/\/agenciainfra.com\/blog\/#organization"},"image":{"@id":"https:\/\/agenciainfra.com\/blog\/apex-se-une-a-industria-do-hidrogenio-para-promover-setor-no-exterior\/#primaryimage"},"thumbnailUrl":"https:\/\/agenciainfra.com\/blog\/wp-content\/uploads\/2025\/09\/hidrogenio-verde-foto-jose-wagner-e-thiago-gaspar-governo-do-ceara.jpg","keywords":["ABIHV","ApexBrasil","hidrog\u00eanio verde","Invest in Brasil Hydrogen","Luis Viga"],"articleSection":["Geral","Giro iNFRA"],"inLanguage":"pt-BR","copyrightYear":"2025","copyrightHolder":{"@id":"https:\/\/agenciainfra.com\/blog\/#organization"}},{"@type":"WebPage","@id":"https:\/\/agenciainfra.com\/blog\/apex-se-une-a-industria-do-hidrogenio-para-promover-setor-no-exterior\/","url":"https:\/\/agenciainfra.com\/blog\/apex-se-une-a-industria-do-hidrogenio-para-promover-setor-no-exterior\/","name":"Apex se une a ind\u00fastria do hidrog\u00eanio para promover setor no exterior - Ag\u00eancia iNFRA","isPartOf":{"@id":"https:\/\/agenciainfra.com\/blog\/#website"},"primaryImageOfPage":{"@id":"https:\/\/agenciainfra.com\/blog\/apex-se-une-a-industria-do-hidrogenio-para-promover-setor-no-exterior\/#primaryimage"},"image":{"@id":"https:\/\/agenciainfra.com\/blog\/apex-se-une-a-industria-do-hidrogenio-para-promover-setor-no-exterior\/#primaryimage"},"thumbnailUrl":"https:\/\/agenciainfra.com\/blog\/wp-content\/uploads\/2025\/09\/hidrogenio-verde-foto-jose-wagner-e-thiago-gaspar-governo-do-ceara.jpg","datePublished":"2025-09-10T15:04:38+00:00","breadcrumb":{"@id":"https:\/\/agenciainfra.com\/blog\/apex-se-une-a-industria-do-hidrogenio-para-promover-setor-no-exterior\/#breadcrumb"},"inLanguage":"pt-BR","potentialAction":[{"@type":"ReadAction","target":["https:\/\/agenciainfra.com\/blog\/apex-se-une-a-industria-do-hidrogenio-para-promover-setor-no-exterior\/"]}]},{"@type":"ImageObject","inLanguage":"pt-BR","@id":"https:\/\/agenciainfra.com\/blog\/apex-se-une-a-industria-do-hidrogenio-para-promover-setor-no-exterior\/#primaryimage","url":"https:\/\/agenciainfra.com\/blog\/wp-content\/uploads\/2025\/09\/hidrogenio-verde-foto-jose-wagner-e-thiago-gaspar-governo-do-ceara.jpg","contentUrl":"https:\/\/agenciainfra.com\/blog\/wp-content\/uploads\/2025\/09\/hidrogenio-verde-foto-jose-wagner-e-thiago-gaspar-governo-do-ceara.jpg","width":1280,"height":854,"caption":"Foto: Thiago Gaspar\/Governo do Cear\u00e1"},{"@type":"BreadcrumbList","@id":"https:\/\/agenciainfra.com\/blog\/apex-se-une-a-industria-do-hidrogenio-para-promover-setor-no-exterior\/#breadcrumb","itemListElement":[{"@type":"ListItem","position":1,"name":"In\u00edcio","item":"https:\/\/agenciainfra.com\/blog\/"},{"@type":"ListItem","position":2,"name":"Apex se une a ind\u00fastria do hidrog\u00eanio para promover setor no exterior"}]},{"@type":"WebSite","@id":"https:\/\/agenciainfra.com\/blog\/#website","url":"https:\/\/agenciainfra.com\/blog\/","name":"Ag\u00eancia iNFRA","description":"Multiplataforma de informa\u00e7\u00e3o jornal\u00edstica refer\u00eancia na \u00e1rea de infraestrutura no Brasil!","publisher":{"@id":"https:\/\/agenciainfra.com\/blog\/#organization"},"potentialAction":[{"@type":"SearchAction","target":{"@type":"EntryPoint","urlTemplate":"https:\/\/agenciainfra.com\/blog\/?s={search_term_string}"},"query-input":{"@type":"PropertyValueSpecification","valueRequired":true,"valueName":"search_term_string"}}],"inLanguage":"pt-BR"},{"@type":"Organization","@id":"https:\/\/agenciainfra.com\/blog\/#organization","name":"Ag\u00eancia iNFRA","url":"https:\/\/agenciainfra.com\/blog\/","logo":{"@type":"ImageObject","inLanguage":"pt-BR","@id":"https:\/\/agenciainfra.com\/blog\/#\/schema\/logo\/image\/","url":"https:\/\/agenciainfra.com\/blog\/wp-content\/uploads\/2023\/09\/iNFRA_5-e1761735885940.png","contentUrl":"https:\/\/agenciainfra.com\/blog\/wp-content\/uploads\/2023\/09\/iNFRA_5-e1761735885940.png","width":1672,"height":454,"caption":"Ag\u00eancia iNFRA"},"image":{"@id":"https:\/\/agenciainfra.com\/blog\/#\/schema\/logo\/image\/"},"sameAs":["https:\/\/www.facebook.com\/ageninfra","https:\/\/x.com\/agencia_infra","https:\/\/www.linkedin.com\/company\/ag\u00eanciainfra\/","https:\/\/www.instagram.com\/agenciainfra\/"]},{"@type":"Person","@id":"https:\/\/agenciainfra.com\/blog\/#\/schema\/person\/34af08dff6adea4cb22b06612ba7acfa","name":"Ag\u00eancia iNFRA","image":{"@type":"ImageObject","inLanguage":"pt-BR","@id":"https:\/\/agenciainfra.com\/blog\/#\/schema\/person\/image\/","url":"https:\/\/secure.gravatar.com\/avatar\/d189e01678f06d8eb84d4e01f08eb848b3fffe3f8443818d3c356c66892f5be8?s=96&d=mm&r=g","contentUrl":"https:\/\/secure.gravatar.com\/avatar\/d189e01678f06d8eb84d4e01f08eb848b3fffe3f8443818d3c356c66892f5be8?s=96&d=mm&r=g","caption":"Ag\u00eancia iNFRA"},"url":"https:\/\/agenciainfra.com\/blog\/author\/admin\/"}]}},"_links":{"self":[{"href":"https:\/\/agenciainfra.com\/blog\/wp-json\/wp\/v2\/posts\/27493","targetHints":{"allow":["GET"]}}],"collection":[{"href":"https:\/\/agenciainfra.com\/blog\/wp-json\/wp\/v2\/posts"}],"about":[{"href":"https:\/\/agenciainfra.com\/blog\/wp-json\/wp\/v2\/types\/post"}],"author":[{"embeddable":true,"href":"https:\/\/agenciainfra.com\/blog\/wp-json\/wp\/v2\/users\/1"}],"replies":[{"embeddable":true,"href":"https:\/\/agenciainfra.com\/blog\/wp-json\/wp\/v2\/comments?post=27493"}],"version-history":[{"count":1,"href":"https:\/\/agenciainfra.com\/blog\/wp-json\/wp\/v2\/posts\/27493\/revisions"}],"predecessor-version":[{"id":27498,"href":"https:\/\/agenciainfra.com\/blog\/wp-json\/wp\/v2\/posts\/27493\/revisions\/27498"}],"wp:featuredmedia":[{"embeddable":true,"href":"https:\/\/agenciainfra.com\/blog\/wp-json\/wp\/v2\/media\/27497"}],"wp:attachment":[{"href":"https:\/\/agenciainfra.com\/blog\/wp-json\/wp\/v2\/media?parent=27493"}],"wp:term":[{"taxonomy":"category","embeddable":true,"href":"https:\/\/agenciainfra.com\/blog\/wp-json\/wp\/v2\/categories?post=27493"},{"taxonomy":"post_tag","embeddable":true,"href":"https:\/\/agenciainfra.com\/blog\/wp-json\/wp\/v2\/tags?post=27493"}],"curies":[{"name":"wp","href":"https:\/\/api.w.org\/{rel}","templated":true}]}}