{"id":27499,"date":"2025-09-10T12:42:33","date_gmt":"2025-09-10T15:42:33","guid":{"rendered":"https:\/\/agenciainfra.com\/blog\/?p=27499"},"modified":"2025-09-10T12:42:35","modified_gmt":"2025-09-10T15:42:35","slug":"fluxo-de-veiculos-pesados-cai-em-agosto-enquanto-veiculos-leves-sobem","status":"publish","type":"post","link":"https:\/\/agenciainfra.com\/blog\/fluxo-de-veiculos-pesados-cai-em-agosto-enquanto-veiculos-leves-sobem\/","title":{"rendered":"Fluxo de ve\u00edculos pesados cai em agosto, enquanto ve\u00edculos leves sobem"},"content":{"rendered":"\n<p class=\"has-text-align-right\"><strong>da Ag\u00eancia iNFRA<\/strong><\/p>\n\n\n\n<p>O fluxo pedagiado de ve\u00edculos pesados em agosto registrou uma queda de 0,8% na compara\u00e7\u00e3o dessazonalizada, segundo o \u00cdndice ABCR, divulgado pela Associa\u00e7\u00e3o Brasileira de Concession\u00e1rias de Rodovias em parceria com a Tend\u00eancias Consultoria. No resultado geral, a retra\u00e7\u00e3o foi compensada pelos ve\u00edculos leves, que tiveram alta de 1,3% no m\u00eas.<\/p>\n\n\n\n<p>Na compara\u00e7\u00e3o anual, o segmento de ve\u00edculos pesados tamb\u00e9m teve diminui\u00e7\u00e3o, com uma varia\u00e7\u00e3o negativa de 0,5%. J\u00e1 o fluxo de leves registrou um aumento de 3,5% na compara\u00e7\u00e3o com agosto de 2024.<\/p>\n\n\n\n<p>De acordo com Thiago Xavier e Davi Gon\u00e7alves, analistas da Tend\u00eancias Consultoria, o recuo no fluxo de pesados tem rela\u00e7\u00e3o com o fim do impulso gerado pelo escoamento da produ\u00e7\u00e3o agropecu\u00e1ria e \u00e0 desacelera\u00e7\u00e3o na produ\u00e7\u00e3o de bens industriais, afetada por condi\u00e7\u00f5es financeiras mais restritivas. &#8220;Esse cen\u00e1rio impacta diretamente o transporte de cargas, refletindo os desafios enfrentados pela ind\u00fastria e pelo com\u00e9rcio varejista&#8221;, disseram.<\/p>\n\n\n\n<p>Nos \u00faltimos doze meses, o \u00edndice total do fluxo de ve\u00edculos pedagiados apresentou uma alta de 2,3%, com aumento de 2,3% de ve\u00edculos leves e, igualmente, 2,3% de pesados. Tamb\u00e9m no acumulado do ano ambos os segmentos registram crescimento: 2,4% para ve\u00edculos leves e 1,9% para ve\u00edculos pesados. <\/p>\n","protected":false},"excerpt":{"rendered":"<p>da Ag\u00eancia iNFRA O fluxo pedagiado de ve\u00edculos pesados em agosto registrou uma queda de 0,8% na compara\u00e7\u00e3o dessazonalizada, segundo o \u00cdndice ABCR, divulgado pela Associa\u00e7\u00e3o Brasileira de Concession\u00e1rias de Rodovias em parceria com a Tend\u00eancias Consultoria. No resultado geral, a retra\u00e7\u00e3o foi compensada pelos ve\u00edculos leves, que tiveram alta de 1,3% no m\u00eas. Na [&hellip;]<\/p>\n","protected":false},"author":1,"featured_media":17938,"comment_status":"closed","ping_status":"closed","sticky":false,"template":"","format":"standard","meta":{"_monsterinsights_skip_tracking":false,"_monsterinsights_sitenote_active":false,"_monsterinsights_sitenote_note":"","_monsterinsights_sitenote_category":0,"footnotes":""},"categories":[1,13576],"tags":[9939,9940,1908,2822,9942,4585,9014],"class_list":["post-27499","post","type-post","status-publish","format-standard","has-post-thumbnail","hentry","category-geral","category-giro-infra","tag-davi-goncalves","tag-fluxo-de-veiculos","tag-indice-abcr","tag-tendencias-consultoria","tag-thiago-xavier","tag-veiculos-leves","tag-veiculos-pesados"],"yoast_head":"<!-- This site is optimized with the Yoast SEO Premium plugin v25.4 (Yoast SEO v26.0) - https:\/\/yoast.com\/wordpress\/plugins\/seo\/ -->\n<title>Fluxo de ve\u00edculos pesados cai em agosto, enquanto ve\u00edculos leves sobem - Ag\u00eancia iNFRA<\/title>\n<meta name=\"robots\" content=\"index, follow, max-snippet:-1, max-image-preview:large, max-video-preview:-1\" \/>\n<link rel=\"canonical\" href=\"https:\/\/agenciainfra.com\/blog\/fluxo-de-veiculos-pesados-cai-em-agosto-enquanto-veiculos-leves-sobem\/\" \/>\n<meta property=\"og:locale\" content=\"pt_BR\" \/>\n<meta property=\"og:type\" content=\"article\" \/>\n<meta property=\"og:title\" content=\"Fluxo de ve\u00edculos pesados cai em agosto, enquanto ve\u00edculos leves sobem\" \/>\n<meta property=\"og:description\" content=\"da Ag\u00eancia iNFRA O fluxo pedagiado de ve\u00edculos pesados em agosto registrou uma queda de 0,8% na compara\u00e7\u00e3o dessazonalizada, segundo o \u00cdndice ABCR, divulgado pela Associa\u00e7\u00e3o Brasileira de Concession\u00e1rias de Rodovias em parceria com a Tend\u00eancias Consultoria. No resultado geral, a retra\u00e7\u00e3o foi compensada pelos ve\u00edculos leves, que tiveram alta de 1,3% no m\u00eas. Na [&hellip;]\" \/>\n<meta property=\"og:url\" content=\"https:\/\/agenciainfra.com\/blog\/fluxo-de-veiculos-pesados-cai-em-agosto-enquanto-veiculos-leves-sobem\/\" \/>\n<meta property=\"og:site_name\" content=\"Ag\u00eancia iNFRA\" \/>\n<meta property=\"article:publisher\" content=\"https:\/\/www.facebook.com\/ageninfra\" \/>\n<meta property=\"article:published_time\" content=\"2025-09-10T15:42:33+00:00\" \/>\n<meta property=\"article:modified_time\" content=\"2025-09-10T15:42:35+00:00\" \/>\n<meta property=\"og:image\" content=\"https:\/\/agenciainfra.com\/blog\/wp-content\/uploads\/2024\/07\/rodovia-dos-bandeirantes-foto-governo-de-sao-paulo.jpg\" \/>\n\t<meta property=\"og:image:width\" content=\"1201\" \/>\n\t<meta property=\"og:image:height\" content=\"801\" \/>\n\t<meta property=\"og:image:type\" content=\"image\/jpeg\" \/>\n<meta name=\"author\" content=\"Ag\u00eancia iNFRA\" \/>\n<meta name=\"twitter:card\" content=\"summary_large_image\" \/>\n<meta name=\"twitter:creator\" content=\"@agencia_infra\" \/>\n<meta name=\"twitter:site\" content=\"@agencia_infra\" \/>\n<meta name=\"twitter:label1\" content=\"Escrito por\" \/>\n\t<meta name=\"twitter:data1\" content=\"Ag\u00eancia iNFRA\" \/>\n\t<meta name=\"twitter:label2\" content=\"Est. tempo de leitura\" \/>\n\t<meta name=\"twitter:data2\" content=\"1 minuto\" \/>\n<script type=\"application\/ld+json\" class=\"yoast-schema-graph\">{\"@context\":\"https:\/\/schema.org\",\"@graph\":[{\"@type\":\"Article\",\"@id\":\"https:\/\/agenciainfra.com\/blog\/fluxo-de-veiculos-pesados-cai-em-agosto-enquanto-veiculos-leves-sobem\/#article\",\"isPartOf\":{\"@id\":\"https:\/\/agenciainfra.com\/blog\/fluxo-de-veiculos-pesados-cai-em-agosto-enquanto-veiculos-leves-sobem\/\"},\"author\":{\"name\":\"Ag\u00eancia iNFRA\",\"@id\":\"https:\/\/agenciainfra.com\/blog\/#\/schema\/person\/34af08dff6adea4cb22b06612ba7acfa\"},\"headline\":\"Fluxo de ve\u00edculos pesados cai em agosto, enquanto ve\u00edculos leves sobem\",\"datePublished\":\"2025-09-10T15:42:33+00:00\",\"dateModified\":\"2025-09-10T15:42:35+00:00\",\"mainEntityOfPage\":{\"@id\":\"https:\/\/agenciainfra.com\/blog\/fluxo-de-veiculos-pesados-cai-em-agosto-enquanto-veiculos-leves-sobem\/\"},\"wordCount\":232,\"publisher\":{\"@id\":\"https:\/\/agenciainfra.com\/blog\/#organization\"},\"image\":{\"@id\":\"https:\/\/agenciainfra.com\/blog\/fluxo-de-veiculos-pesados-cai-em-agosto-enquanto-veiculos-leves-sobem\/#primaryimage\"},\"thumbnailUrl\":\"https:\/\/agenciainfra.com\/blog\/wp-content\/uploads\/2024\/07\/rodovia-dos-bandeirantes-foto-governo-de-sao-paulo.jpg\",\"keywords\":[\"Davi Gon\u00e7alves\",\"Fluxo de ve\u00edculos\",\"\u00cdndice ABCR\",\"Tend\u00eancias Consultoria\",\"Thiago Xavier\",\"ve\u00edculos leves\",\"Ve\u00edculos pesados\"],\"articleSection\":[\"Geral\",\"Giro iNFRA\"],\"inLanguage\":\"pt-BR\",\"copyrightYear\":\"2025\",\"copyrightHolder\":{\"@id\":\"https:\/\/agenciainfra.com\/blog\/#organization\"}},{\"@type\":\"WebPage\",\"@id\":\"https:\/\/agenciainfra.com\/blog\/fluxo-de-veiculos-pesados-cai-em-agosto-enquanto-veiculos-leves-sobem\/\",\"url\":\"https:\/\/agenciainfra.com\/blog\/fluxo-de-veiculos-pesados-cai-em-agosto-enquanto-veiculos-leves-sobem\/\",\"name\":\"Fluxo de ve\u00edculos pesados cai em agosto, enquanto ve\u00edculos leves sobem - Ag\u00eancia iNFRA\",\"isPartOf\":{\"@id\":\"https:\/\/agenciainfra.com\/blog\/#website\"},\"primaryImageOfPage\":{\"@id\":\"https:\/\/agenciainfra.com\/blog\/fluxo-de-veiculos-pesados-cai-em-agosto-enquanto-veiculos-leves-sobem\/#primaryimage\"},\"image\":{\"@id\":\"https:\/\/agenciainfra.com\/blog\/fluxo-de-veiculos-pesados-cai-em-agosto-enquanto-veiculos-leves-sobem\/#primaryimage\"},\"thumbnailUrl\":\"https:\/\/agenciainfra.com\/blog\/wp-content\/uploads\/2024\/07\/rodovia-dos-bandeirantes-foto-governo-de-sao-paulo.jpg\",\"datePublished\":\"2025-09-10T15:42:33+00:00\",\"dateModified\":\"2025-09-10T15:42:35+00:00\",\"breadcrumb\":{\"@id\":\"https:\/\/agenciainfra.com\/blog\/fluxo-de-veiculos-pesados-cai-em-agosto-enquanto-veiculos-leves-sobem\/#breadcrumb\"},\"inLanguage\":\"pt-BR\",\"potentialAction\":[{\"@type\":\"ReadAction\",\"target\":[\"https:\/\/agenciainfra.com\/blog\/fluxo-de-veiculos-pesados-cai-em-agosto-enquanto-veiculos-leves-sobem\/\"]}]},{\"@type\":\"ImageObject\",\"inLanguage\":\"pt-BR\",\"@id\":\"https:\/\/agenciainfra.com\/blog\/fluxo-de-veiculos-pesados-cai-em-agosto-enquanto-veiculos-leves-sobem\/#primaryimage\",\"url\":\"https:\/\/agenciainfra.com\/blog\/wp-content\/uploads\/2024\/07\/rodovia-dos-bandeirantes-foto-governo-de-sao-paulo.jpg\",\"contentUrl\":\"https:\/\/agenciainfra.com\/blog\/wp-content\/uploads\/2024\/07\/rodovia-dos-bandeirantes-foto-governo-de-sao-paulo.jpg\",\"width\":1201,\"height\":801,\"caption\":\"Foto: Governo de SP\"},{\"@type\":\"BreadcrumbList\",\"@id\":\"https:\/\/agenciainfra.com\/blog\/fluxo-de-veiculos-pesados-cai-em-agosto-enquanto-veiculos-leves-sobem\/#breadcrumb\",\"itemListElement\":[{\"@type\":\"ListItem\",\"position\":1,\"name\":\"In\u00edcio\",\"item\":\"https:\/\/agenciainfra.com\/blog\/\"},{\"@type\":\"ListItem\",\"position\":2,\"name\":\"Fluxo de ve\u00edculos pesados cai em agosto, enquanto ve\u00edculos leves sobem\"}]},{\"@type\":\"WebSite\",\"@id\":\"https:\/\/agenciainfra.com\/blog\/#website\",\"url\":\"https:\/\/agenciainfra.com\/blog\/\",\"name\":\"Ag\u00eancia iNFRA\",\"description\":\"Multiplataforma de informa\u00e7\u00e3o jornal\u00edstica refer\u00eancia na \u00e1rea de infraestrutura no Brasil!\",\"publisher\":{\"@id\":\"https:\/\/agenciainfra.com\/blog\/#organization\"},\"potentialAction\":[{\"@type\":\"SearchAction\",\"target\":{\"@type\":\"EntryPoint\",\"urlTemplate\":\"https:\/\/agenciainfra.com\/blog\/?s={search_term_string}\"},\"query-input\":{\"@type\":\"PropertyValueSpecification\",\"valueRequired\":true,\"valueName\":\"search_term_string\"}}],\"inLanguage\":\"pt-BR\"},{\"@type\":\"Organization\",\"@id\":\"https:\/\/agenciainfra.com\/blog\/#organization\",\"name\":\"Ag\u00eancia iNFRA\",\"url\":\"https:\/\/agenciainfra.com\/blog\/\",\"logo\":{\"@type\":\"ImageObject\",\"inLanguage\":\"pt-BR\",\"@id\":\"https:\/\/agenciainfra.com\/blog\/#\/schema\/logo\/image\/\",\"url\":\"https:\/\/agenciainfra.com\/blog\/wp-content\/uploads\/2023\/09\/iNFRA_5-e1761735885940.png\",\"contentUrl\":\"https:\/\/agenciainfra.com\/blog\/wp-content\/uploads\/2023\/09\/iNFRA_5-e1761735885940.png\",\"width\":1672,\"height\":454,\"caption\":\"Ag\u00eancia iNFRA\"},\"image\":{\"@id\":\"https:\/\/agenciainfra.com\/blog\/#\/schema\/logo\/image\/\"},\"sameAs\":[\"https:\/\/www.facebook.com\/ageninfra\",\"https:\/\/x.com\/agencia_infra\",\"https:\/\/www.linkedin.com\/company\/ag\u00eanciainfra\/\",\"https:\/\/www.instagram.com\/agenciainfra\/\"]},{\"@type\":\"Person\",\"@id\":\"https:\/\/agenciainfra.com\/blog\/#\/schema\/person\/34af08dff6adea4cb22b06612ba7acfa\",\"name\":\"Ag\u00eancia iNFRA\",\"image\":{\"@type\":\"ImageObject\",\"inLanguage\":\"pt-BR\",\"@id\":\"https:\/\/agenciainfra.com\/blog\/#\/schema\/person\/image\/\",\"url\":\"https:\/\/secure.gravatar.com\/avatar\/d189e01678f06d8eb84d4e01f08eb848b3fffe3f8443818d3c356c66892f5be8?s=96&d=mm&r=g\",\"contentUrl\":\"https:\/\/secure.gravatar.com\/avatar\/d189e01678f06d8eb84d4e01f08eb848b3fffe3f8443818d3c356c66892f5be8?s=96&d=mm&r=g\",\"caption\":\"Ag\u00eancia iNFRA\"},\"url\":\"https:\/\/agenciainfra.com\/blog\/author\/admin\/\"}]}<\/script>\n<!-- \/ Yoast SEO Premium plugin. -->","yoast_head_json":{"title":"Fluxo de ve\u00edculos pesados cai em agosto, enquanto ve\u00edculos leves sobem - Ag\u00eancia iNFRA","robots":{"index":"index","follow":"follow","max-snippet":"max-snippet:-1","max-image-preview":"max-image-preview:large","max-video-preview":"max-video-preview:-1"},"canonical":"https:\/\/agenciainfra.com\/blog\/fluxo-de-veiculos-pesados-cai-em-agosto-enquanto-veiculos-leves-sobem\/","og_locale":"pt_BR","og_type":"article","og_title":"Fluxo de ve\u00edculos pesados cai em agosto, enquanto ve\u00edculos leves sobem","og_description":"da Ag\u00eancia iNFRA O fluxo pedagiado de ve\u00edculos pesados em agosto registrou uma queda de 0,8% na compara\u00e7\u00e3o dessazonalizada, segundo o \u00cdndice ABCR, divulgado pela Associa\u00e7\u00e3o Brasileira de Concession\u00e1rias de Rodovias em parceria com a Tend\u00eancias Consultoria. No resultado geral, a retra\u00e7\u00e3o foi compensada pelos ve\u00edculos leves, que tiveram alta de 1,3% no m\u00eas. Na [&hellip;]","og_url":"https:\/\/agenciainfra.com\/blog\/fluxo-de-veiculos-pesados-cai-em-agosto-enquanto-veiculos-leves-sobem\/","og_site_name":"Ag\u00eancia iNFRA","article_publisher":"https:\/\/www.facebook.com\/ageninfra","article_published_time":"2025-09-10T15:42:33+00:00","article_modified_time":"2025-09-10T15:42:35+00:00","og_image":[{"width":1201,"height":801,"url":"https:\/\/agenciainfra.com\/blog\/wp-content\/uploads\/2024\/07\/rodovia-dos-bandeirantes-foto-governo-de-sao-paulo.jpg","type":"image\/jpeg"}],"author":"Ag\u00eancia iNFRA","twitter_card":"summary_large_image","twitter_creator":"@agencia_infra","twitter_site":"@agencia_infra","twitter_misc":{"Escrito por":"Ag\u00eancia iNFRA","Est. tempo de leitura":"1 minuto"},"schema":{"@context":"https:\/\/schema.org","@graph":[{"@type":"Article","@id":"https:\/\/agenciainfra.com\/blog\/fluxo-de-veiculos-pesados-cai-em-agosto-enquanto-veiculos-leves-sobem\/#article","isPartOf":{"@id":"https:\/\/agenciainfra.com\/blog\/fluxo-de-veiculos-pesados-cai-em-agosto-enquanto-veiculos-leves-sobem\/"},"author":{"name":"Ag\u00eancia iNFRA","@id":"https:\/\/agenciainfra.com\/blog\/#\/schema\/person\/34af08dff6adea4cb22b06612ba7acfa"},"headline":"Fluxo de ve\u00edculos pesados cai em agosto, enquanto ve\u00edculos leves sobem","datePublished":"2025-09-10T15:42:33+00:00","dateModified":"2025-09-10T15:42:35+00:00","mainEntityOfPage":{"@id":"https:\/\/agenciainfra.com\/blog\/fluxo-de-veiculos-pesados-cai-em-agosto-enquanto-veiculos-leves-sobem\/"},"wordCount":232,"publisher":{"@id":"https:\/\/agenciainfra.com\/blog\/#organization"},"image":{"@id":"https:\/\/agenciainfra.com\/blog\/fluxo-de-veiculos-pesados-cai-em-agosto-enquanto-veiculos-leves-sobem\/#primaryimage"},"thumbnailUrl":"https:\/\/agenciainfra.com\/blog\/wp-content\/uploads\/2024\/07\/rodovia-dos-bandeirantes-foto-governo-de-sao-paulo.jpg","keywords":["Davi Gon\u00e7alves","Fluxo de ve\u00edculos","\u00cdndice ABCR","Tend\u00eancias Consultoria","Thiago Xavier","ve\u00edculos leves","Ve\u00edculos pesados"],"articleSection":["Geral","Giro iNFRA"],"inLanguage":"pt-BR","copyrightYear":"2025","copyrightHolder":{"@id":"https:\/\/agenciainfra.com\/blog\/#organization"}},{"@type":"WebPage","@id":"https:\/\/agenciainfra.com\/blog\/fluxo-de-veiculos-pesados-cai-em-agosto-enquanto-veiculos-leves-sobem\/","url":"https:\/\/agenciainfra.com\/blog\/fluxo-de-veiculos-pesados-cai-em-agosto-enquanto-veiculos-leves-sobem\/","name":"Fluxo de ve\u00edculos pesados cai em agosto, enquanto ve\u00edculos leves sobem - Ag\u00eancia iNFRA","isPartOf":{"@id":"https:\/\/agenciainfra.com\/blog\/#website"},"primaryImageOfPage":{"@id":"https:\/\/agenciainfra.com\/blog\/fluxo-de-veiculos-pesados-cai-em-agosto-enquanto-veiculos-leves-sobem\/#primaryimage"},"image":{"@id":"https:\/\/agenciainfra.com\/blog\/fluxo-de-veiculos-pesados-cai-em-agosto-enquanto-veiculos-leves-sobem\/#primaryimage"},"thumbnailUrl":"https:\/\/agenciainfra.com\/blog\/wp-content\/uploads\/2024\/07\/rodovia-dos-bandeirantes-foto-governo-de-sao-paulo.jpg","datePublished":"2025-09-10T15:42:33+00:00","dateModified":"2025-09-10T15:42:35+00:00","breadcrumb":{"@id":"https:\/\/agenciainfra.com\/blog\/fluxo-de-veiculos-pesados-cai-em-agosto-enquanto-veiculos-leves-sobem\/#breadcrumb"},"inLanguage":"pt-BR","potentialAction":[{"@type":"ReadAction","target":["https:\/\/agenciainfra.com\/blog\/fluxo-de-veiculos-pesados-cai-em-agosto-enquanto-veiculos-leves-sobem\/"]}]},{"@type":"ImageObject","inLanguage":"pt-BR","@id":"https:\/\/agenciainfra.com\/blog\/fluxo-de-veiculos-pesados-cai-em-agosto-enquanto-veiculos-leves-sobem\/#primaryimage","url":"https:\/\/agenciainfra.com\/blog\/wp-content\/uploads\/2024\/07\/rodovia-dos-bandeirantes-foto-governo-de-sao-paulo.jpg","contentUrl":"https:\/\/agenciainfra.com\/blog\/wp-content\/uploads\/2024\/07\/rodovia-dos-bandeirantes-foto-governo-de-sao-paulo.jpg","width":1201,"height":801,"caption":"Foto: Governo de SP"},{"@type":"BreadcrumbList","@id":"https:\/\/agenciainfra.com\/blog\/fluxo-de-veiculos-pesados-cai-em-agosto-enquanto-veiculos-leves-sobem\/#breadcrumb","itemListElement":[{"@type":"ListItem","position":1,"name":"In\u00edcio","item":"https:\/\/agenciainfra.com\/blog\/"},{"@type":"ListItem","position":2,"name":"Fluxo de ve\u00edculos pesados cai em agosto, enquanto ve\u00edculos leves sobem"}]},{"@type":"WebSite","@id":"https:\/\/agenciainfra.com\/blog\/#website","url":"https:\/\/agenciainfra.com\/blog\/","name":"Ag\u00eancia iNFRA","description":"Multiplataforma de informa\u00e7\u00e3o jornal\u00edstica refer\u00eancia na \u00e1rea de infraestrutura no Brasil!","publisher":{"@id":"https:\/\/agenciainfra.com\/blog\/#organization"},"potentialAction":[{"@type":"SearchAction","target":{"@type":"EntryPoint","urlTemplate":"https:\/\/agenciainfra.com\/blog\/?s={search_term_string}"},"query-input":{"@type":"PropertyValueSpecification","valueRequired":true,"valueName":"search_term_string"}}],"inLanguage":"pt-BR"},{"@type":"Organization","@id":"https:\/\/agenciainfra.com\/blog\/#organization","name":"Ag\u00eancia iNFRA","url":"https:\/\/agenciainfra.com\/blog\/","logo":{"@type":"ImageObject","inLanguage":"pt-BR","@id":"https:\/\/agenciainfra.com\/blog\/#\/schema\/logo\/image\/","url":"https:\/\/agenciainfra.com\/blog\/wp-content\/uploads\/2023\/09\/iNFRA_5-e1761735885940.png","contentUrl":"https:\/\/agenciainfra.com\/blog\/wp-content\/uploads\/2023\/09\/iNFRA_5-e1761735885940.png","width":1672,"height":454,"caption":"Ag\u00eancia iNFRA"},"image":{"@id":"https:\/\/agenciainfra.com\/blog\/#\/schema\/logo\/image\/"},"sameAs":["https:\/\/www.facebook.com\/ageninfra","https:\/\/x.com\/agencia_infra","https:\/\/www.linkedin.com\/company\/ag\u00eanciainfra\/","https:\/\/www.instagram.com\/agenciainfra\/"]},{"@type":"Person","@id":"https:\/\/agenciainfra.com\/blog\/#\/schema\/person\/34af08dff6adea4cb22b06612ba7acfa","name":"Ag\u00eancia iNFRA","image":{"@type":"ImageObject","inLanguage":"pt-BR","@id":"https:\/\/agenciainfra.com\/blog\/#\/schema\/person\/image\/","url":"https:\/\/secure.gravatar.com\/avatar\/d189e01678f06d8eb84d4e01f08eb848b3fffe3f8443818d3c356c66892f5be8?s=96&d=mm&r=g","contentUrl":"https:\/\/secure.gravatar.com\/avatar\/d189e01678f06d8eb84d4e01f08eb848b3fffe3f8443818d3c356c66892f5be8?s=96&d=mm&r=g","caption":"Ag\u00eancia iNFRA"},"url":"https:\/\/agenciainfra.com\/blog\/author\/admin\/"}]}},"_links":{"self":[{"href":"https:\/\/agenciainfra.com\/blog\/wp-json\/wp\/v2\/posts\/27499","targetHints":{"allow":["GET"]}}],"collection":[{"href":"https:\/\/agenciainfra.com\/blog\/wp-json\/wp\/v2\/posts"}],"about":[{"href":"https:\/\/agenciainfra.com\/blog\/wp-json\/wp\/v2\/types\/post"}],"author":[{"embeddable":true,"href":"https:\/\/agenciainfra.com\/blog\/wp-json\/wp\/v2\/users\/1"}],"replies":[{"embeddable":true,"href":"https:\/\/agenciainfra.com\/blog\/wp-json\/wp\/v2\/comments?post=27499"}],"version-history":[{"count":1,"href":"https:\/\/agenciainfra.com\/blog\/wp-json\/wp\/v2\/posts\/27499\/revisions"}],"predecessor-version":[{"id":27501,"href":"https:\/\/agenciainfra.com\/blog\/wp-json\/wp\/v2\/posts\/27499\/revisions\/27501"}],"wp:featuredmedia":[{"embeddable":true,"href":"https:\/\/agenciainfra.com\/blog\/wp-json\/wp\/v2\/media\/17938"}],"wp:attachment":[{"href":"https:\/\/agenciainfra.com\/blog\/wp-json\/wp\/v2\/media?parent=27499"}],"wp:term":[{"taxonomy":"category","embeddable":true,"href":"https:\/\/agenciainfra.com\/blog\/wp-json\/wp\/v2\/categories?post=27499"},{"taxonomy":"post_tag","embeddable":true,"href":"https:\/\/agenciainfra.com\/blog\/wp-json\/wp\/v2\/tags?post=27499"}],"curies":[{"name":"wp","href":"https:\/\/api.w.org\/{rel}","templated":true}]}}