{"id":27510,"date":"2025-09-10T14:01:55","date_gmt":"2025-09-10T17:01:55","guid":{"rendered":"https:\/\/agenciainfra.com\/blog\/?p=27510"},"modified":"2025-09-12T07:39:19","modified_gmt":"2025-09-12T10:39:19","slug":"linhao-de-tucurui-e-energizado-e-interliga-roraima-ao-sistema-eletrico","status":"publish","type":"post","link":"https:\/\/agenciainfra.com\/blog\/linhao-de-tucurui-e-energizado-e-interliga-roraima-ao-sistema-eletrico\/","title":{"rendered":"Linh\u00e3o de Tucuru\u00ed \u00e9 energizado e interliga Roraima ao sistema el\u00e9trico"},"content":{"rendered":"\n<p class=\"has-text-align-right\"><strong>Geraldo Campos Jr., da Ag\u00eancia iNFRA<\/strong><\/p>\n\n\n\n<p>O linh\u00e3o de Tucuru\u00ed foi energizado nesta quarta-feira (10) interligando o estado de Roraima ao SIN (Sistema Interligado Nacional). O acionamento da nova linha de transmiss\u00e3o que liga Manaus a Boa Vista foi feito pelo presidente Lula na sede do ONS (Operador Nacional do Sistema El\u00e9trico), em Bras\u00edlia.&nbsp;<\/p>\n\n\n\n<p>O ministro de Minas e Energia, Alexandre Silveira, explicou a jornalistas ap\u00f3s o evento que com a energiza\u00e7\u00e3o do linh\u00e3o, \u201cRoraima j\u00e1 est\u00e1 100% conectada ao SIN\u201d. Segundo ele, a gera\u00e7\u00e3o t\u00e9rmica no estado ser\u00e1 reduzida, resultando em economia na conta de luz de todo o pa\u00eds, enquanto a importa\u00e7\u00e3o de energia da Venezuela poder\u00e1 ser substitu\u00edda a depender dos custos.<\/p>\n\n\n\n<p>O presidente Lula elogiou o sistema el\u00e9trico brasileiro durante o evento. \u201cAgora o empres\u00e1rio que quiser investir e fazer uma f\u00e1brica em Roraima, vai ter condi\u00e7\u00f5es pra isso com energia de qualidade. Estamos orgulhosos de poder hoje dizer que Roraima est\u00e1 ligada ao restante do Brasil. N\u00e3o existe mais diferen\u00e7a. S\u00e3o 175 mil quil\u00f4metros de rede transmiss\u00e3o no Brasil. Aqui tudo \u00e9 igual. E ainda vamos ligar a outros pa\u00edses da Am\u00e9rica do Sul, sendo o centro da transi\u00e7\u00e3o energ\u00e9tica\u201d, afirmou.<\/p>\n","protected":false},"excerpt":{"rendered":"<p>Geraldo Campos Jr., da Ag\u00eancia iNFRA O linh\u00e3o de Tucuru\u00ed foi energizado nesta quarta-feira (10) interligando o estado de Roraima ao SIN (Sistema Interligado Nacional). O acionamento da nova linha de transmiss\u00e3o que liga Manaus a Boa Vista foi feito pelo presidente Lula na sede do ONS (Operador Nacional do Sistema El\u00e9trico), em Bras\u00edlia.&nbsp; O [&hellip;]<\/p>\n","protected":false},"author":1,"featured_media":27511,"comment_status":"closed","ping_status":"closed","sticky":false,"template":"","format":"standard","meta":{"_monsterinsights_skip_tracking":false,"_monsterinsights_sitenote_active":false,"_monsterinsights_sitenote_note":"","_monsterinsights_sitenote_category":0,"footnotes":""},"categories":[1,10],"tags":[282,11594,2170,8311,580,216,634,3360],"class_list":["post-27510","post","type-post","status-publish","format-standard","has-post-thumbnail","hentry","category-geral","category-infraenergia","tag-energia-eletrica","tag-geraldo-campos-jr","tag-linha-de-transmissao-manaus-boa-vista","tag-linhao-de-tucurui","tag-lula","tag-ons","tag-roraima","tag-sin"],"yoast_head":"<!-- This site is optimized with the Yoast SEO Premium plugin v25.4 (Yoast SEO v26.0) - https:\/\/yoast.com\/wordpress\/plugins\/seo\/ -->\n<title>Linh\u00e3o de Tucuru\u00ed \u00e9 energizado e interliga Roraima ao sistema el\u00e9trico - Ag\u00eancia iNFRA<\/title>\n<meta name=\"robots\" content=\"index, follow, max-snippet:-1, max-image-preview:large, max-video-preview:-1\" \/>\n<link rel=\"canonical\" href=\"https:\/\/agenciainfra.com\/blog\/linhao-de-tucurui-e-energizado-e-interliga-roraima-ao-sistema-eletrico\/\" \/>\n<meta property=\"og:locale\" content=\"pt_BR\" \/>\n<meta property=\"og:type\" content=\"article\" \/>\n<meta property=\"og:title\" content=\"Linh\u00e3o de Tucuru\u00ed \u00e9 energizado e interliga Roraima ao sistema el\u00e9trico\" \/>\n<meta property=\"og:description\" content=\"Geraldo Campos Jr., da Ag\u00eancia iNFRA O linh\u00e3o de Tucuru\u00ed foi energizado nesta quarta-feira (10) interligando o estado de Roraima ao SIN (Sistema Interligado Nacional). O acionamento da nova linha de transmiss\u00e3o que liga Manaus a Boa Vista foi feito pelo presidente Lula na sede do ONS (Operador Nacional do Sistema El\u00e9trico), em Bras\u00edlia.&nbsp; O [&hellip;]\" \/>\n<meta property=\"og:url\" content=\"https:\/\/agenciainfra.com\/blog\/linhao-de-tucurui-e-energizado-e-interliga-roraima-ao-sistema-eletrico\/\" \/>\n<meta property=\"og:site_name\" content=\"Ag\u00eancia iNFRA\" \/>\n<meta property=\"article:publisher\" content=\"https:\/\/www.facebook.com\/ageninfra\" \/>\n<meta property=\"article:published_time\" content=\"2025-09-10T17:01:55+00:00\" \/>\n<meta property=\"article:modified_time\" content=\"2025-09-12T10:39:19+00:00\" \/>\n<meta property=\"og:image\" content=\"https:\/\/agenciainfra.com\/blog\/wp-content\/uploads\/2025\/09\/54778564684_c48a533d81_c.jpg\" \/>\n\t<meta property=\"og:image:width\" content=\"800\" \/>\n\t<meta property=\"og:image:height\" content=\"583\" \/>\n\t<meta property=\"og:image:type\" content=\"image\/jpeg\" \/>\n<meta name=\"author\" content=\"Ag\u00eancia iNFRA\" \/>\n<meta name=\"twitter:card\" content=\"summary_large_image\" \/>\n<meta name=\"twitter:creator\" content=\"@agencia_infra\" \/>\n<meta name=\"twitter:site\" content=\"@agencia_infra\" \/>\n<meta name=\"twitter:label1\" content=\"Escrito por\" \/>\n\t<meta name=\"twitter:data1\" content=\"Ag\u00eancia iNFRA\" \/>\n\t<meta name=\"twitter:label2\" content=\"Est. tempo de leitura\" \/>\n\t<meta name=\"twitter:data2\" content=\"1 minuto\" \/>\n<script type=\"application\/ld+json\" class=\"yoast-schema-graph\">{\"@context\":\"https:\/\/schema.org\",\"@graph\":[{\"@type\":\"Article\",\"@id\":\"https:\/\/agenciainfra.com\/blog\/linhao-de-tucurui-e-energizado-e-interliga-roraima-ao-sistema-eletrico\/#article\",\"isPartOf\":{\"@id\":\"https:\/\/agenciainfra.com\/blog\/linhao-de-tucurui-e-energizado-e-interliga-roraima-ao-sistema-eletrico\/\"},\"author\":{\"name\":\"Ag\u00eancia iNFRA\",\"@id\":\"https:\/\/agenciainfra.com\/blog\/#\/schema\/person\/34af08dff6adea4cb22b06612ba7acfa\"},\"headline\":\"Linh\u00e3o de Tucuru\u00ed \u00e9 energizado e interliga Roraima ao sistema el\u00e9trico\",\"datePublished\":\"2025-09-10T17:01:55+00:00\",\"dateModified\":\"2025-09-12T10:39:19+00:00\",\"mainEntityOfPage\":{\"@id\":\"https:\/\/agenciainfra.com\/blog\/linhao-de-tucurui-e-energizado-e-interliga-roraima-ao-sistema-eletrico\/\"},\"wordCount\":231,\"publisher\":{\"@id\":\"https:\/\/agenciainfra.com\/blog\/#organization\"},\"image\":{\"@id\":\"https:\/\/agenciainfra.com\/blog\/linhao-de-tucurui-e-energizado-e-interliga-roraima-ao-sistema-eletrico\/#primaryimage\"},\"thumbnailUrl\":\"https:\/\/agenciainfra.com\/blog\/wp-content\/uploads\/2025\/09\/54778564684_c48a533d81_c.jpg\",\"keywords\":[\"energia el\u00e9trica\",\"Geraldo Campos Jr.\",\"Linha de Transmiss\u00e3o Manaus-Boa Vista\",\"Linh\u00e3o de Tucuru\u00ed\",\"Lula\",\"ONS\",\"Roraima\",\"SIN\"],\"articleSection\":[\"Geral\",\"iNFRAEnergia\"],\"inLanguage\":\"pt-BR\",\"copyrightYear\":\"2025\",\"copyrightHolder\":{\"@id\":\"https:\/\/agenciainfra.com\/blog\/#organization\"}},{\"@type\":\"WebPage\",\"@id\":\"https:\/\/agenciainfra.com\/blog\/linhao-de-tucurui-e-energizado-e-interliga-roraima-ao-sistema-eletrico\/\",\"url\":\"https:\/\/agenciainfra.com\/blog\/linhao-de-tucurui-e-energizado-e-interliga-roraima-ao-sistema-eletrico\/\",\"name\":\"Linh\u00e3o de Tucuru\u00ed \u00e9 energizado e interliga Roraima ao sistema el\u00e9trico - Ag\u00eancia iNFRA\",\"isPartOf\":{\"@id\":\"https:\/\/agenciainfra.com\/blog\/#website\"},\"primaryImageOfPage\":{\"@id\":\"https:\/\/agenciainfra.com\/blog\/linhao-de-tucurui-e-energizado-e-interliga-roraima-ao-sistema-eletrico\/#primaryimage\"},\"image\":{\"@id\":\"https:\/\/agenciainfra.com\/blog\/linhao-de-tucurui-e-energizado-e-interliga-roraima-ao-sistema-eletrico\/#primaryimage\"},\"thumbnailUrl\":\"https:\/\/agenciainfra.com\/blog\/wp-content\/uploads\/2025\/09\/54778564684_c48a533d81_c.jpg\",\"datePublished\":\"2025-09-10T17:01:55+00:00\",\"dateModified\":\"2025-09-12T10:39:19+00:00\",\"breadcrumb\":{\"@id\":\"https:\/\/agenciainfra.com\/blog\/linhao-de-tucurui-e-energizado-e-interliga-roraima-ao-sistema-eletrico\/#breadcrumb\"},\"inLanguage\":\"pt-BR\",\"potentialAction\":[{\"@type\":\"ReadAction\",\"target\":[\"https:\/\/agenciainfra.com\/blog\/linhao-de-tucurui-e-energizado-e-interliga-roraima-ao-sistema-eletrico\/\"]}]},{\"@type\":\"ImageObject\",\"inLanguage\":\"pt-BR\",\"@id\":\"https:\/\/agenciainfra.com\/blog\/linhao-de-tucurui-e-energizado-e-interliga-roraima-ao-sistema-eletrico\/#primaryimage\",\"url\":\"https:\/\/agenciainfra.com\/blog\/wp-content\/uploads\/2025\/09\/54778564684_c48a533d81_c.jpg\",\"contentUrl\":\"https:\/\/agenciainfra.com\/blog\/wp-content\/uploads\/2025\/09\/54778564684_c48a533d81_c.jpg\",\"width\":800,\"height\":583,\"caption\":\"Foto: Ricardo Stuckert\/PR\"},{\"@type\":\"BreadcrumbList\",\"@id\":\"https:\/\/agenciainfra.com\/blog\/linhao-de-tucurui-e-energizado-e-interliga-roraima-ao-sistema-eletrico\/#breadcrumb\",\"itemListElement\":[{\"@type\":\"ListItem\",\"position\":1,\"name\":\"In\u00edcio\",\"item\":\"https:\/\/agenciainfra.com\/blog\/\"},{\"@type\":\"ListItem\",\"position\":2,\"name\":\"Linh\u00e3o de Tucuru\u00ed \u00e9 energizado e interliga Roraima ao sistema el\u00e9trico\"}]},{\"@type\":\"WebSite\",\"@id\":\"https:\/\/agenciainfra.com\/blog\/#website\",\"url\":\"https:\/\/agenciainfra.com\/blog\/\",\"name\":\"Ag\u00eancia iNFRA\",\"description\":\"Multiplataforma de informa\u00e7\u00e3o jornal\u00edstica refer\u00eancia na \u00e1rea de infraestrutura no Brasil!\",\"publisher\":{\"@id\":\"https:\/\/agenciainfra.com\/blog\/#organization\"},\"potentialAction\":[{\"@type\":\"SearchAction\",\"target\":{\"@type\":\"EntryPoint\",\"urlTemplate\":\"https:\/\/agenciainfra.com\/blog\/?s={search_term_string}\"},\"query-input\":{\"@type\":\"PropertyValueSpecification\",\"valueRequired\":true,\"valueName\":\"search_term_string\"}}],\"inLanguage\":\"pt-BR\"},{\"@type\":\"Organization\",\"@id\":\"https:\/\/agenciainfra.com\/blog\/#organization\",\"name\":\"Ag\u00eancia iNFRA\",\"url\":\"https:\/\/agenciainfra.com\/blog\/\",\"logo\":{\"@type\":\"ImageObject\",\"inLanguage\":\"pt-BR\",\"@id\":\"https:\/\/agenciainfra.com\/blog\/#\/schema\/logo\/image\/\",\"url\":\"https:\/\/agenciainfra.com\/blog\/wp-content\/uploads\/2023\/09\/iNFRA_5-e1761735885940.png\",\"contentUrl\":\"https:\/\/agenciainfra.com\/blog\/wp-content\/uploads\/2023\/09\/iNFRA_5-e1761735885940.png\",\"width\":1672,\"height\":454,\"caption\":\"Ag\u00eancia iNFRA\"},\"image\":{\"@id\":\"https:\/\/agenciainfra.com\/blog\/#\/schema\/logo\/image\/\"},\"sameAs\":[\"https:\/\/www.facebook.com\/ageninfra\",\"https:\/\/x.com\/agencia_infra\",\"https:\/\/www.linkedin.com\/company\/ag\u00eanciainfra\/\",\"https:\/\/www.instagram.com\/agenciainfra\/\"]},{\"@type\":\"Person\",\"@id\":\"https:\/\/agenciainfra.com\/blog\/#\/schema\/person\/34af08dff6adea4cb22b06612ba7acfa\",\"name\":\"Ag\u00eancia iNFRA\",\"image\":{\"@type\":\"ImageObject\",\"inLanguage\":\"pt-BR\",\"@id\":\"https:\/\/agenciainfra.com\/blog\/#\/schema\/person\/image\/\",\"url\":\"https:\/\/secure.gravatar.com\/avatar\/d189e01678f06d8eb84d4e01f08eb848b3fffe3f8443818d3c356c66892f5be8?s=96&d=mm&r=g\",\"contentUrl\":\"https:\/\/secure.gravatar.com\/avatar\/d189e01678f06d8eb84d4e01f08eb848b3fffe3f8443818d3c356c66892f5be8?s=96&d=mm&r=g\",\"caption\":\"Ag\u00eancia iNFRA\"},\"url\":\"https:\/\/agenciainfra.com\/blog\/author\/admin\/\"}]}<\/script>\n<!-- \/ Yoast SEO Premium plugin. -->","yoast_head_json":{"title":"Linh\u00e3o de Tucuru\u00ed \u00e9 energizado e interliga Roraima ao sistema el\u00e9trico - Ag\u00eancia iNFRA","robots":{"index":"index","follow":"follow","max-snippet":"max-snippet:-1","max-image-preview":"max-image-preview:large","max-video-preview":"max-video-preview:-1"},"canonical":"https:\/\/agenciainfra.com\/blog\/linhao-de-tucurui-e-energizado-e-interliga-roraima-ao-sistema-eletrico\/","og_locale":"pt_BR","og_type":"article","og_title":"Linh\u00e3o de Tucuru\u00ed \u00e9 energizado e interliga Roraima ao sistema el\u00e9trico","og_description":"Geraldo Campos Jr., da Ag\u00eancia iNFRA O linh\u00e3o de Tucuru\u00ed foi energizado nesta quarta-feira (10) interligando o estado de Roraima ao SIN (Sistema Interligado Nacional). O acionamento da nova linha de transmiss\u00e3o que liga Manaus a Boa Vista foi feito pelo presidente Lula na sede do ONS (Operador Nacional do Sistema El\u00e9trico), em Bras\u00edlia.&nbsp; O [&hellip;]","og_url":"https:\/\/agenciainfra.com\/blog\/linhao-de-tucurui-e-energizado-e-interliga-roraima-ao-sistema-eletrico\/","og_site_name":"Ag\u00eancia iNFRA","article_publisher":"https:\/\/www.facebook.com\/ageninfra","article_published_time":"2025-09-10T17:01:55+00:00","article_modified_time":"2025-09-12T10:39:19+00:00","og_image":[{"width":800,"height":583,"url":"https:\/\/agenciainfra.com\/blog\/wp-content\/uploads\/2025\/09\/54778564684_c48a533d81_c.jpg","type":"image\/jpeg"}],"author":"Ag\u00eancia iNFRA","twitter_card":"summary_large_image","twitter_creator":"@agencia_infra","twitter_site":"@agencia_infra","twitter_misc":{"Escrito por":"Ag\u00eancia iNFRA","Est. tempo de leitura":"1 minuto"},"schema":{"@context":"https:\/\/schema.org","@graph":[{"@type":"Article","@id":"https:\/\/agenciainfra.com\/blog\/linhao-de-tucurui-e-energizado-e-interliga-roraima-ao-sistema-eletrico\/#article","isPartOf":{"@id":"https:\/\/agenciainfra.com\/blog\/linhao-de-tucurui-e-energizado-e-interliga-roraima-ao-sistema-eletrico\/"},"author":{"name":"Ag\u00eancia iNFRA","@id":"https:\/\/agenciainfra.com\/blog\/#\/schema\/person\/34af08dff6adea4cb22b06612ba7acfa"},"headline":"Linh\u00e3o de Tucuru\u00ed \u00e9 energizado e interliga Roraima ao sistema el\u00e9trico","datePublished":"2025-09-10T17:01:55+00:00","dateModified":"2025-09-12T10:39:19+00:00","mainEntityOfPage":{"@id":"https:\/\/agenciainfra.com\/blog\/linhao-de-tucurui-e-energizado-e-interliga-roraima-ao-sistema-eletrico\/"},"wordCount":231,"publisher":{"@id":"https:\/\/agenciainfra.com\/blog\/#organization"},"image":{"@id":"https:\/\/agenciainfra.com\/blog\/linhao-de-tucurui-e-energizado-e-interliga-roraima-ao-sistema-eletrico\/#primaryimage"},"thumbnailUrl":"https:\/\/agenciainfra.com\/blog\/wp-content\/uploads\/2025\/09\/54778564684_c48a533d81_c.jpg","keywords":["energia el\u00e9trica","Geraldo Campos Jr.","Linha de Transmiss\u00e3o Manaus-Boa Vista","Linh\u00e3o de Tucuru\u00ed","Lula","ONS","Roraima","SIN"],"articleSection":["Geral","iNFRAEnergia"],"inLanguage":"pt-BR","copyrightYear":"2025","copyrightHolder":{"@id":"https:\/\/agenciainfra.com\/blog\/#organization"}},{"@type":"WebPage","@id":"https:\/\/agenciainfra.com\/blog\/linhao-de-tucurui-e-energizado-e-interliga-roraima-ao-sistema-eletrico\/","url":"https:\/\/agenciainfra.com\/blog\/linhao-de-tucurui-e-energizado-e-interliga-roraima-ao-sistema-eletrico\/","name":"Linh\u00e3o de Tucuru\u00ed \u00e9 energizado e interliga Roraima ao sistema el\u00e9trico - Ag\u00eancia iNFRA","isPartOf":{"@id":"https:\/\/agenciainfra.com\/blog\/#website"},"primaryImageOfPage":{"@id":"https:\/\/agenciainfra.com\/blog\/linhao-de-tucurui-e-energizado-e-interliga-roraima-ao-sistema-eletrico\/#primaryimage"},"image":{"@id":"https:\/\/agenciainfra.com\/blog\/linhao-de-tucurui-e-energizado-e-interliga-roraima-ao-sistema-eletrico\/#primaryimage"},"thumbnailUrl":"https:\/\/agenciainfra.com\/blog\/wp-content\/uploads\/2025\/09\/54778564684_c48a533d81_c.jpg","datePublished":"2025-09-10T17:01:55+00:00","dateModified":"2025-09-12T10:39:19+00:00","breadcrumb":{"@id":"https:\/\/agenciainfra.com\/blog\/linhao-de-tucurui-e-energizado-e-interliga-roraima-ao-sistema-eletrico\/#breadcrumb"},"inLanguage":"pt-BR","potentialAction":[{"@type":"ReadAction","target":["https:\/\/agenciainfra.com\/blog\/linhao-de-tucurui-e-energizado-e-interliga-roraima-ao-sistema-eletrico\/"]}]},{"@type":"ImageObject","inLanguage":"pt-BR","@id":"https:\/\/agenciainfra.com\/blog\/linhao-de-tucurui-e-energizado-e-interliga-roraima-ao-sistema-eletrico\/#primaryimage","url":"https:\/\/agenciainfra.com\/blog\/wp-content\/uploads\/2025\/09\/54778564684_c48a533d81_c.jpg","contentUrl":"https:\/\/agenciainfra.com\/blog\/wp-content\/uploads\/2025\/09\/54778564684_c48a533d81_c.jpg","width":800,"height":583,"caption":"Foto: Ricardo Stuckert\/PR"},{"@type":"BreadcrumbList","@id":"https:\/\/agenciainfra.com\/blog\/linhao-de-tucurui-e-energizado-e-interliga-roraima-ao-sistema-eletrico\/#breadcrumb","itemListElement":[{"@type":"ListItem","position":1,"name":"In\u00edcio","item":"https:\/\/agenciainfra.com\/blog\/"},{"@type":"ListItem","position":2,"name":"Linh\u00e3o de Tucuru\u00ed \u00e9 energizado e interliga Roraima ao sistema el\u00e9trico"}]},{"@type":"WebSite","@id":"https:\/\/agenciainfra.com\/blog\/#website","url":"https:\/\/agenciainfra.com\/blog\/","name":"Ag\u00eancia iNFRA","description":"Multiplataforma de informa\u00e7\u00e3o jornal\u00edstica refer\u00eancia na \u00e1rea de infraestrutura no Brasil!","publisher":{"@id":"https:\/\/agenciainfra.com\/blog\/#organization"},"potentialAction":[{"@type":"SearchAction","target":{"@type":"EntryPoint","urlTemplate":"https:\/\/agenciainfra.com\/blog\/?s={search_term_string}"},"query-input":{"@type":"PropertyValueSpecification","valueRequired":true,"valueName":"search_term_string"}}],"inLanguage":"pt-BR"},{"@type":"Organization","@id":"https:\/\/agenciainfra.com\/blog\/#organization","name":"Ag\u00eancia iNFRA","url":"https:\/\/agenciainfra.com\/blog\/","logo":{"@type":"ImageObject","inLanguage":"pt-BR","@id":"https:\/\/agenciainfra.com\/blog\/#\/schema\/logo\/image\/","url":"https:\/\/agenciainfra.com\/blog\/wp-content\/uploads\/2023\/09\/iNFRA_5-e1761735885940.png","contentUrl":"https:\/\/agenciainfra.com\/blog\/wp-content\/uploads\/2023\/09\/iNFRA_5-e1761735885940.png","width":1672,"height":454,"caption":"Ag\u00eancia iNFRA"},"image":{"@id":"https:\/\/agenciainfra.com\/blog\/#\/schema\/logo\/image\/"},"sameAs":["https:\/\/www.facebook.com\/ageninfra","https:\/\/x.com\/agencia_infra","https:\/\/www.linkedin.com\/company\/ag\u00eanciainfra\/","https:\/\/www.instagram.com\/agenciainfra\/"]},{"@type":"Person","@id":"https:\/\/agenciainfra.com\/blog\/#\/schema\/person\/34af08dff6adea4cb22b06612ba7acfa","name":"Ag\u00eancia iNFRA","image":{"@type":"ImageObject","inLanguage":"pt-BR","@id":"https:\/\/agenciainfra.com\/blog\/#\/schema\/person\/image\/","url":"https:\/\/secure.gravatar.com\/avatar\/d189e01678f06d8eb84d4e01f08eb848b3fffe3f8443818d3c356c66892f5be8?s=96&d=mm&r=g","contentUrl":"https:\/\/secure.gravatar.com\/avatar\/d189e01678f06d8eb84d4e01f08eb848b3fffe3f8443818d3c356c66892f5be8?s=96&d=mm&r=g","caption":"Ag\u00eancia iNFRA"},"url":"https:\/\/agenciainfra.com\/blog\/author\/admin\/"}]}},"_links":{"self":[{"href":"https:\/\/agenciainfra.com\/blog\/wp-json\/wp\/v2\/posts\/27510","targetHints":{"allow":["GET"]}}],"collection":[{"href":"https:\/\/agenciainfra.com\/blog\/wp-json\/wp\/v2\/posts"}],"about":[{"href":"https:\/\/agenciainfra.com\/blog\/wp-json\/wp\/v2\/types\/post"}],"author":[{"embeddable":true,"href":"https:\/\/agenciainfra.com\/blog\/wp-json\/wp\/v2\/users\/1"}],"replies":[{"embeddable":true,"href":"https:\/\/agenciainfra.com\/blog\/wp-json\/wp\/v2\/comments?post=27510"}],"version-history":[{"count":1,"href":"https:\/\/agenciainfra.com\/blog\/wp-json\/wp\/v2\/posts\/27510\/revisions"}],"predecessor-version":[{"id":27512,"href":"https:\/\/agenciainfra.com\/blog\/wp-json\/wp\/v2\/posts\/27510\/revisions\/27512"}],"wp:featuredmedia":[{"embeddable":true,"href":"https:\/\/agenciainfra.com\/blog\/wp-json\/wp\/v2\/media\/27511"}],"wp:attachment":[{"href":"https:\/\/agenciainfra.com\/blog\/wp-json\/wp\/v2\/media?parent=27510"}],"wp:term":[{"taxonomy":"category","embeddable":true,"href":"https:\/\/agenciainfra.com\/blog\/wp-json\/wp\/v2\/categories?post=27510"},{"taxonomy":"post_tag","embeddable":true,"href":"https:\/\/agenciainfra.com\/blog\/wp-json\/wp\/v2\/tags?post=27510"}],"curies":[{"name":"wp","href":"https:\/\/api.w.org\/{rel}","templated":true}]}}