{"id":27522,"date":"2025-09-10T16:36:04","date_gmt":"2025-09-10T19:36:04","guid":{"rendered":"https:\/\/agenciainfra.com\/blog\/?p=27522"},"modified":"2025-09-11T08:06:00","modified_gmt":"2025-09-11T11:06:00","slug":"mp-1-300-partidos-apresentam-destaques-para-votacao-separada-de-trechos","status":"publish","type":"post","link":"https:\/\/agenciainfra.com\/blog\/mp-1-300-partidos-apresentam-destaques-para-votacao-separada-de-trechos\/","title":{"rendered":"MP 1.300: Partidos apresentam destaques para vota\u00e7\u00e3o separada de trechos"},"content":{"rendered":"\n<p class=\"has-text-align-right\"><strong>Lais Carregosa e Marisa Wanzeller, da Ag\u00eancia iNFRA<\/strong><\/p>\n\n\n\n<p>As bancadas partid\u00e1rias da C\u00e2mara dos Deputados j\u00e1 apresentaram dez destaques para vota\u00e7\u00e3o em separado de trechos da MP (Medida Provis\u00f3ria) 1.300, da Tarifa Social, no Plen\u00e1rio. A maior parte tenta suprimir o trecho relacionado a novas modalidades tarif\u00e1rias. Mas h\u00e1 tamb\u00e9m pedido de inclus\u00e3o de tratamento para os cortes de gera\u00e7\u00e3o obrigat\u00f3rios (curtailment) na MP.<\/p>\n\n\n\n<p><strong>Confira os destaques:<\/strong><\/p>\n\n\n\n<p><strong>Destaque 1)<\/strong> apresentado pelo PP, trata sobre prazos para as usinas enquadradas na MP 1.212, que quest\u00e3o ampliou o prazo para conex\u00e3o com descontos. Foi retirado pelo l\u00edder do partido;<\/p>\n\n\n\n<p><strong>Destaque 2)<\/strong> apresentado pelo Uni\u00e3o Brasil, pede aprecia\u00e7\u00e3o de emenda que d\u00e1 tratamento para o curtailment;<\/p>\n\n\n\n<p><strong>Destaque 3)<\/strong> apresentado pelo PSD, pede a vota\u00e7\u00e3o em separado do leil\u00e3o do GSF (sigla para risco hidrol\u00f3gico), realizado em agosto;<\/p>\n\n\n\n<p><strong>Destaque 4)<\/strong> apresentado pelo PP, pede a vota\u00e7\u00e3o em separado do trecho sobre novos par\u00e2metros que considerem a seguran\u00e7a do sistema nas tarifas de energia;<\/p>\n\n\n\n<p><strong>Destaque 5)<\/strong> apresentado pelo PL, pede a vota\u00e7\u00e3o em separado de emenda que trata sobre tarifas de irriga\u00e7\u00e3o;<\/p>\n\n\n\n<p><strong>Destaque 6)<\/strong> apresentado pelo Novo, pede a inclus\u00e3o da Tarifa Social no Or\u00e7amento da Uni\u00e3o;<\/p>\n\n\n\n<p><strong>Destaque 7)<\/strong> apresentado pelo PL, pede vota\u00e7\u00e3o em separado de item sobre as tarifas multipartes;<\/p>\n\n\n\n<p><strong>Destaque 8) <\/strong>apresentado pelo PDT, pede vota\u00e7\u00e3o em separado de item sobre as tarifas multipartes;<\/p>\n\n\n\n<p><strong>Destaque 9)<\/strong> apresentado pelo PDT, pede vota\u00e7\u00e3o em separado de item sobre as tarifas multipartes;<\/p>\n\n\n\n<p><strong>Destaque 10)<\/strong> apresentado pelo Republicanos, pede vota\u00e7\u00e3o em separado de item sobre as tarifas multipartes;<\/p>\n\n\n\n<p>Os itens ser\u00e3o atualizados <a href=\"https:\/\/www.camara.leg.br\/proposicoesWeb\/prop_destaques?idProposicao=2515300\">nesta p\u00e1gina<\/a>.<\/p>\n\n\n\n<p><\/p>\n","protected":false},"excerpt":{"rendered":"<p>Lais Carregosa e Marisa Wanzeller, da Ag\u00eancia iNFRA As bancadas partid\u00e1rias da C\u00e2mara dos Deputados j\u00e1 apresentaram dez destaques para vota\u00e7\u00e3o em separado de trechos da MP (Medida Provis\u00f3ria) 1.300, da Tarifa Social, no Plen\u00e1rio. A maior parte tenta suprimir o trecho relacionado a novas modalidades tarif\u00e1rias. Mas h\u00e1 tamb\u00e9m pedido de inclus\u00e3o de tratamento [&hellip;]<\/p>\n","protected":false},"author":1,"featured_media":24918,"comment_status":"closed","ping_status":"closed","sticky":false,"template":"","format":"standard","meta":{"_monsterinsights_skip_tracking":false,"_monsterinsights_sitenote_active":false,"_monsterinsights_sitenote_note":"","_monsterinsights_sitenote_category":0,"footnotes":""},"categories":[1,10],"tags":[305,15291,13132,7366,13449,3797],"class_list":["post-27522","post","type-post","status-publish","format-standard","has-post-thumbnail","hentry","category-geral","category-infraenergia","tag-camara-dos-deputados","tag-destaques","tag-lais-carregosa","tag-marisa-wanzeller","tag-mp-1-300","tag-tarifa-social"],"yoast_head":"<!-- This site is optimized with the Yoast SEO Premium plugin v25.4 (Yoast SEO v26.0) - https:\/\/yoast.com\/wordpress\/plugins\/seo\/ -->\n<title>MP 1.300: Partidos apresentam destaques para vota\u00e7\u00e3o separada de trechos - Ag\u00eancia iNFRA<\/title>\n<meta name=\"robots\" content=\"index, follow, max-snippet:-1, max-image-preview:large, max-video-preview:-1\" \/>\n<link rel=\"canonical\" href=\"https:\/\/agenciainfra.com\/blog\/mp-1-300-partidos-apresentam-destaques-para-votacao-separada-de-trechos\/\" \/>\n<meta property=\"og:locale\" content=\"pt_BR\" \/>\n<meta property=\"og:type\" content=\"article\" \/>\n<meta property=\"og:title\" content=\"MP 1.300: Partidos apresentam destaques para vota\u00e7\u00e3o separada de trechos\" \/>\n<meta property=\"og:description\" content=\"Lais Carregosa e Marisa Wanzeller, da Ag\u00eancia iNFRA As bancadas partid\u00e1rias da C\u00e2mara dos Deputados j\u00e1 apresentaram dez destaques para vota\u00e7\u00e3o em separado de trechos da MP (Medida Provis\u00f3ria) 1.300, da Tarifa Social, no Plen\u00e1rio. A maior parte tenta suprimir o trecho relacionado a novas modalidades tarif\u00e1rias. Mas h\u00e1 tamb\u00e9m pedido de inclus\u00e3o de tratamento [&hellip;]\" \/>\n<meta property=\"og:url\" content=\"https:\/\/agenciainfra.com\/blog\/mp-1-300-partidos-apresentam-destaques-para-votacao-separada-de-trechos\/\" \/>\n<meta property=\"og:site_name\" content=\"Ag\u00eancia iNFRA\" \/>\n<meta property=\"article:publisher\" content=\"https:\/\/www.facebook.com\/ageninfra\" \/>\n<meta property=\"article:published_time\" content=\"2025-09-10T19:36:04+00:00\" \/>\n<meta property=\"article:modified_time\" content=\"2025-09-11T11:06:00+00:00\" \/>\n<meta property=\"og:image\" content=\"https:\/\/agenciainfra.com\/blog\/wp-content\/uploads\/2025\/07\/plenariocamara-foto-kayo-magalhaes-camara-dos-deputados-e1752748782261.jpg\" \/>\n\t<meta property=\"og:image:width\" content=\"1280\" \/>\n\t<meta property=\"og:image:height\" content=\"789\" \/>\n\t<meta property=\"og:image:type\" content=\"image\/jpeg\" \/>\n<meta name=\"author\" content=\"Ag\u00eancia iNFRA\" \/>\n<meta name=\"twitter:card\" content=\"summary_large_image\" \/>\n<meta name=\"twitter:creator\" content=\"@agencia_infra\" \/>\n<meta name=\"twitter:site\" content=\"@agencia_infra\" \/>\n<meta name=\"twitter:label1\" content=\"Escrito por\" \/>\n\t<meta name=\"twitter:data1\" content=\"Ag\u00eancia iNFRA\" \/>\n\t<meta name=\"twitter:label2\" content=\"Est. tempo de leitura\" \/>\n\t<meta name=\"twitter:data2\" content=\"1 minuto\" \/>\n<script type=\"application\/ld+json\" class=\"yoast-schema-graph\">{\"@context\":\"https:\/\/schema.org\",\"@graph\":[{\"@type\":\"Article\",\"@id\":\"https:\/\/agenciainfra.com\/blog\/mp-1-300-partidos-apresentam-destaques-para-votacao-separada-de-trechos\/#article\",\"isPartOf\":{\"@id\":\"https:\/\/agenciainfra.com\/blog\/mp-1-300-partidos-apresentam-destaques-para-votacao-separada-de-trechos\/\"},\"author\":{\"name\":\"Ag\u00eancia iNFRA\",\"@id\":\"https:\/\/agenciainfra.com\/blog\/#\/schema\/person\/34af08dff6adea4cb22b06612ba7acfa\"},\"headline\":\"MP 1.300: Partidos apresentam destaques para vota\u00e7\u00e3o separada de trechos\",\"datePublished\":\"2025-09-10T19:36:04+00:00\",\"dateModified\":\"2025-09-11T11:06:00+00:00\",\"mainEntityOfPage\":{\"@id\":\"https:\/\/agenciainfra.com\/blog\/mp-1-300-partidos-apresentam-destaques-para-votacao-separada-de-trechos\/\"},\"wordCount\":289,\"publisher\":{\"@id\":\"https:\/\/agenciainfra.com\/blog\/#organization\"},\"image\":{\"@id\":\"https:\/\/agenciainfra.com\/blog\/mp-1-300-partidos-apresentam-destaques-para-votacao-separada-de-trechos\/#primaryimage\"},\"thumbnailUrl\":\"https:\/\/agenciainfra.com\/blog\/wp-content\/uploads\/2025\/07\/plenariocamara-foto-kayo-magalhaes-camara-dos-deputados-e1752748782261.jpg\",\"keywords\":[\"C\u00e2mara dos Deputados\",\"destaques\",\"Lais Carregosa\",\"Marisa Wanzeller\",\"mp 1.300\",\"Tarifa Social\"],\"articleSection\":[\"Geral\",\"iNFRAEnergia\"],\"inLanguage\":\"pt-BR\",\"copyrightYear\":\"2025\",\"copyrightHolder\":{\"@id\":\"https:\/\/agenciainfra.com\/blog\/#organization\"}},{\"@type\":\"WebPage\",\"@id\":\"https:\/\/agenciainfra.com\/blog\/mp-1-300-partidos-apresentam-destaques-para-votacao-separada-de-trechos\/\",\"url\":\"https:\/\/agenciainfra.com\/blog\/mp-1-300-partidos-apresentam-destaques-para-votacao-separada-de-trechos\/\",\"name\":\"MP 1.300: Partidos apresentam destaques para vota\u00e7\u00e3o separada de trechos - Ag\u00eancia iNFRA\",\"isPartOf\":{\"@id\":\"https:\/\/agenciainfra.com\/blog\/#website\"},\"primaryImageOfPage\":{\"@id\":\"https:\/\/agenciainfra.com\/blog\/mp-1-300-partidos-apresentam-destaques-para-votacao-separada-de-trechos\/#primaryimage\"},\"image\":{\"@id\":\"https:\/\/agenciainfra.com\/blog\/mp-1-300-partidos-apresentam-destaques-para-votacao-separada-de-trechos\/#primaryimage\"},\"thumbnailUrl\":\"https:\/\/agenciainfra.com\/blog\/wp-content\/uploads\/2025\/07\/plenariocamara-foto-kayo-magalhaes-camara-dos-deputados-e1752748782261.jpg\",\"datePublished\":\"2025-09-10T19:36:04+00:00\",\"dateModified\":\"2025-09-11T11:06:00+00:00\",\"breadcrumb\":{\"@id\":\"https:\/\/agenciainfra.com\/blog\/mp-1-300-partidos-apresentam-destaques-para-votacao-separada-de-trechos\/#breadcrumb\"},\"inLanguage\":\"pt-BR\",\"potentialAction\":[{\"@type\":\"ReadAction\",\"target\":[\"https:\/\/agenciainfra.com\/blog\/mp-1-300-partidos-apresentam-destaques-para-votacao-separada-de-trechos\/\"]}]},{\"@type\":\"ImageObject\",\"inLanguage\":\"pt-BR\",\"@id\":\"https:\/\/agenciainfra.com\/blog\/mp-1-300-partidos-apresentam-destaques-para-votacao-separada-de-trechos\/#primaryimage\",\"url\":\"https:\/\/agenciainfra.com\/blog\/wp-content\/uploads\/2025\/07\/plenariocamara-foto-kayo-magalhaes-camara-dos-deputados-e1752748782261.jpg\",\"contentUrl\":\"https:\/\/agenciainfra.com\/blog\/wp-content\/uploads\/2025\/07\/plenariocamara-foto-kayo-magalhaes-camara-dos-deputados-e1752748782261.jpg\",\"width\":1280,\"height\":789,\"caption\":\"Foto: Kayo Magalh\u00e3es\/C\u00e2mara dos Deputados\"},{\"@type\":\"BreadcrumbList\",\"@id\":\"https:\/\/agenciainfra.com\/blog\/mp-1-300-partidos-apresentam-destaques-para-votacao-separada-de-trechos\/#breadcrumb\",\"itemListElement\":[{\"@type\":\"ListItem\",\"position\":1,\"name\":\"In\u00edcio\",\"item\":\"https:\/\/agenciainfra.com\/blog\/\"},{\"@type\":\"ListItem\",\"position\":2,\"name\":\"MP 1.300: Partidos apresentam destaques para vota\u00e7\u00e3o separada de trechos\"}]},{\"@type\":\"WebSite\",\"@id\":\"https:\/\/agenciainfra.com\/blog\/#website\",\"url\":\"https:\/\/agenciainfra.com\/blog\/\",\"name\":\"Ag\u00eancia iNFRA\",\"description\":\"Multiplataforma de informa\u00e7\u00e3o jornal\u00edstica refer\u00eancia na \u00e1rea de infraestrutura no Brasil!\",\"publisher\":{\"@id\":\"https:\/\/agenciainfra.com\/blog\/#organization\"},\"potentialAction\":[{\"@type\":\"SearchAction\",\"target\":{\"@type\":\"EntryPoint\",\"urlTemplate\":\"https:\/\/agenciainfra.com\/blog\/?s={search_term_string}\"},\"query-input\":{\"@type\":\"PropertyValueSpecification\",\"valueRequired\":true,\"valueName\":\"search_term_string\"}}],\"inLanguage\":\"pt-BR\"},{\"@type\":\"Organization\",\"@id\":\"https:\/\/agenciainfra.com\/blog\/#organization\",\"name\":\"Ag\u00eancia iNFRA\",\"url\":\"https:\/\/agenciainfra.com\/blog\/\",\"logo\":{\"@type\":\"ImageObject\",\"inLanguage\":\"pt-BR\",\"@id\":\"https:\/\/agenciainfra.com\/blog\/#\/schema\/logo\/image\/\",\"url\":\"https:\/\/agenciainfra.com\/blog\/wp-content\/uploads\/2023\/09\/iNFRA_5-e1761735885940.png\",\"contentUrl\":\"https:\/\/agenciainfra.com\/blog\/wp-content\/uploads\/2023\/09\/iNFRA_5-e1761735885940.png\",\"width\":1672,\"height\":454,\"caption\":\"Ag\u00eancia iNFRA\"},\"image\":{\"@id\":\"https:\/\/agenciainfra.com\/blog\/#\/schema\/logo\/image\/\"},\"sameAs\":[\"https:\/\/www.facebook.com\/ageninfra\",\"https:\/\/x.com\/agencia_infra\",\"https:\/\/www.linkedin.com\/company\/ag\u00eanciainfra\/\",\"https:\/\/www.instagram.com\/agenciainfra\/\"]},{\"@type\":\"Person\",\"@id\":\"https:\/\/agenciainfra.com\/blog\/#\/schema\/person\/34af08dff6adea4cb22b06612ba7acfa\",\"name\":\"Ag\u00eancia iNFRA\",\"image\":{\"@type\":\"ImageObject\",\"inLanguage\":\"pt-BR\",\"@id\":\"https:\/\/agenciainfra.com\/blog\/#\/schema\/person\/image\/\",\"url\":\"https:\/\/secure.gravatar.com\/avatar\/d189e01678f06d8eb84d4e01f08eb848b3fffe3f8443818d3c356c66892f5be8?s=96&d=mm&r=g\",\"contentUrl\":\"https:\/\/secure.gravatar.com\/avatar\/d189e01678f06d8eb84d4e01f08eb848b3fffe3f8443818d3c356c66892f5be8?s=96&d=mm&r=g\",\"caption\":\"Ag\u00eancia iNFRA\"},\"url\":\"https:\/\/agenciainfra.com\/blog\/author\/admin\/\"}]}<\/script>\n<!-- \/ Yoast SEO Premium plugin. -->","yoast_head_json":{"title":"MP 1.300: Partidos apresentam destaques para vota\u00e7\u00e3o separada de trechos - Ag\u00eancia iNFRA","robots":{"index":"index","follow":"follow","max-snippet":"max-snippet:-1","max-image-preview":"max-image-preview:large","max-video-preview":"max-video-preview:-1"},"canonical":"https:\/\/agenciainfra.com\/blog\/mp-1-300-partidos-apresentam-destaques-para-votacao-separada-de-trechos\/","og_locale":"pt_BR","og_type":"article","og_title":"MP 1.300: Partidos apresentam destaques para vota\u00e7\u00e3o separada de trechos","og_description":"Lais Carregosa e Marisa Wanzeller, da Ag\u00eancia iNFRA As bancadas partid\u00e1rias da C\u00e2mara dos Deputados j\u00e1 apresentaram dez destaques para vota\u00e7\u00e3o em separado de trechos da MP (Medida Provis\u00f3ria) 1.300, da Tarifa Social, no Plen\u00e1rio. A maior parte tenta suprimir o trecho relacionado a novas modalidades tarif\u00e1rias. Mas h\u00e1 tamb\u00e9m pedido de inclus\u00e3o de tratamento [&hellip;]","og_url":"https:\/\/agenciainfra.com\/blog\/mp-1-300-partidos-apresentam-destaques-para-votacao-separada-de-trechos\/","og_site_name":"Ag\u00eancia iNFRA","article_publisher":"https:\/\/www.facebook.com\/ageninfra","article_published_time":"2025-09-10T19:36:04+00:00","article_modified_time":"2025-09-11T11:06:00+00:00","og_image":[{"width":1280,"height":789,"url":"https:\/\/agenciainfra.com\/blog\/wp-content\/uploads\/2025\/07\/plenariocamara-foto-kayo-magalhaes-camara-dos-deputados-e1752748782261.jpg","type":"image\/jpeg"}],"author":"Ag\u00eancia iNFRA","twitter_card":"summary_large_image","twitter_creator":"@agencia_infra","twitter_site":"@agencia_infra","twitter_misc":{"Escrito por":"Ag\u00eancia iNFRA","Est. tempo de leitura":"1 minuto"},"schema":{"@context":"https:\/\/schema.org","@graph":[{"@type":"Article","@id":"https:\/\/agenciainfra.com\/blog\/mp-1-300-partidos-apresentam-destaques-para-votacao-separada-de-trechos\/#article","isPartOf":{"@id":"https:\/\/agenciainfra.com\/blog\/mp-1-300-partidos-apresentam-destaques-para-votacao-separada-de-trechos\/"},"author":{"name":"Ag\u00eancia iNFRA","@id":"https:\/\/agenciainfra.com\/blog\/#\/schema\/person\/34af08dff6adea4cb22b06612ba7acfa"},"headline":"MP 1.300: Partidos apresentam destaques para vota\u00e7\u00e3o separada de trechos","datePublished":"2025-09-10T19:36:04+00:00","dateModified":"2025-09-11T11:06:00+00:00","mainEntityOfPage":{"@id":"https:\/\/agenciainfra.com\/blog\/mp-1-300-partidos-apresentam-destaques-para-votacao-separada-de-trechos\/"},"wordCount":289,"publisher":{"@id":"https:\/\/agenciainfra.com\/blog\/#organization"},"image":{"@id":"https:\/\/agenciainfra.com\/blog\/mp-1-300-partidos-apresentam-destaques-para-votacao-separada-de-trechos\/#primaryimage"},"thumbnailUrl":"https:\/\/agenciainfra.com\/blog\/wp-content\/uploads\/2025\/07\/plenariocamara-foto-kayo-magalhaes-camara-dos-deputados-e1752748782261.jpg","keywords":["C\u00e2mara dos Deputados","destaques","Lais Carregosa","Marisa Wanzeller","mp 1.300","Tarifa Social"],"articleSection":["Geral","iNFRAEnergia"],"inLanguage":"pt-BR","copyrightYear":"2025","copyrightHolder":{"@id":"https:\/\/agenciainfra.com\/blog\/#organization"}},{"@type":"WebPage","@id":"https:\/\/agenciainfra.com\/blog\/mp-1-300-partidos-apresentam-destaques-para-votacao-separada-de-trechos\/","url":"https:\/\/agenciainfra.com\/blog\/mp-1-300-partidos-apresentam-destaques-para-votacao-separada-de-trechos\/","name":"MP 1.300: Partidos apresentam destaques para vota\u00e7\u00e3o separada de trechos - Ag\u00eancia iNFRA","isPartOf":{"@id":"https:\/\/agenciainfra.com\/blog\/#website"},"primaryImageOfPage":{"@id":"https:\/\/agenciainfra.com\/blog\/mp-1-300-partidos-apresentam-destaques-para-votacao-separada-de-trechos\/#primaryimage"},"image":{"@id":"https:\/\/agenciainfra.com\/blog\/mp-1-300-partidos-apresentam-destaques-para-votacao-separada-de-trechos\/#primaryimage"},"thumbnailUrl":"https:\/\/agenciainfra.com\/blog\/wp-content\/uploads\/2025\/07\/plenariocamara-foto-kayo-magalhaes-camara-dos-deputados-e1752748782261.jpg","datePublished":"2025-09-10T19:36:04+00:00","dateModified":"2025-09-11T11:06:00+00:00","breadcrumb":{"@id":"https:\/\/agenciainfra.com\/blog\/mp-1-300-partidos-apresentam-destaques-para-votacao-separada-de-trechos\/#breadcrumb"},"inLanguage":"pt-BR","potentialAction":[{"@type":"ReadAction","target":["https:\/\/agenciainfra.com\/blog\/mp-1-300-partidos-apresentam-destaques-para-votacao-separada-de-trechos\/"]}]},{"@type":"ImageObject","inLanguage":"pt-BR","@id":"https:\/\/agenciainfra.com\/blog\/mp-1-300-partidos-apresentam-destaques-para-votacao-separada-de-trechos\/#primaryimage","url":"https:\/\/agenciainfra.com\/blog\/wp-content\/uploads\/2025\/07\/plenariocamara-foto-kayo-magalhaes-camara-dos-deputados-e1752748782261.jpg","contentUrl":"https:\/\/agenciainfra.com\/blog\/wp-content\/uploads\/2025\/07\/plenariocamara-foto-kayo-magalhaes-camara-dos-deputados-e1752748782261.jpg","width":1280,"height":789,"caption":"Foto: Kayo Magalh\u00e3es\/C\u00e2mara dos Deputados"},{"@type":"BreadcrumbList","@id":"https:\/\/agenciainfra.com\/blog\/mp-1-300-partidos-apresentam-destaques-para-votacao-separada-de-trechos\/#breadcrumb","itemListElement":[{"@type":"ListItem","position":1,"name":"In\u00edcio","item":"https:\/\/agenciainfra.com\/blog\/"},{"@type":"ListItem","position":2,"name":"MP 1.300: Partidos apresentam destaques para vota\u00e7\u00e3o separada de trechos"}]},{"@type":"WebSite","@id":"https:\/\/agenciainfra.com\/blog\/#website","url":"https:\/\/agenciainfra.com\/blog\/","name":"Ag\u00eancia iNFRA","description":"Multiplataforma de informa\u00e7\u00e3o jornal\u00edstica refer\u00eancia na \u00e1rea de infraestrutura no Brasil!","publisher":{"@id":"https:\/\/agenciainfra.com\/blog\/#organization"},"potentialAction":[{"@type":"SearchAction","target":{"@type":"EntryPoint","urlTemplate":"https:\/\/agenciainfra.com\/blog\/?s={search_term_string}"},"query-input":{"@type":"PropertyValueSpecification","valueRequired":true,"valueName":"search_term_string"}}],"inLanguage":"pt-BR"},{"@type":"Organization","@id":"https:\/\/agenciainfra.com\/blog\/#organization","name":"Ag\u00eancia iNFRA","url":"https:\/\/agenciainfra.com\/blog\/","logo":{"@type":"ImageObject","inLanguage":"pt-BR","@id":"https:\/\/agenciainfra.com\/blog\/#\/schema\/logo\/image\/","url":"https:\/\/agenciainfra.com\/blog\/wp-content\/uploads\/2023\/09\/iNFRA_5-e1761735885940.png","contentUrl":"https:\/\/agenciainfra.com\/blog\/wp-content\/uploads\/2023\/09\/iNFRA_5-e1761735885940.png","width":1672,"height":454,"caption":"Ag\u00eancia iNFRA"},"image":{"@id":"https:\/\/agenciainfra.com\/blog\/#\/schema\/logo\/image\/"},"sameAs":["https:\/\/www.facebook.com\/ageninfra","https:\/\/x.com\/agencia_infra","https:\/\/www.linkedin.com\/company\/ag\u00eanciainfra\/","https:\/\/www.instagram.com\/agenciainfra\/"]},{"@type":"Person","@id":"https:\/\/agenciainfra.com\/blog\/#\/schema\/person\/34af08dff6adea4cb22b06612ba7acfa","name":"Ag\u00eancia iNFRA","image":{"@type":"ImageObject","inLanguage":"pt-BR","@id":"https:\/\/agenciainfra.com\/blog\/#\/schema\/person\/image\/","url":"https:\/\/secure.gravatar.com\/avatar\/d189e01678f06d8eb84d4e01f08eb848b3fffe3f8443818d3c356c66892f5be8?s=96&d=mm&r=g","contentUrl":"https:\/\/secure.gravatar.com\/avatar\/d189e01678f06d8eb84d4e01f08eb848b3fffe3f8443818d3c356c66892f5be8?s=96&d=mm&r=g","caption":"Ag\u00eancia iNFRA"},"url":"https:\/\/agenciainfra.com\/blog\/author\/admin\/"}]}},"_links":{"self":[{"href":"https:\/\/agenciainfra.com\/blog\/wp-json\/wp\/v2\/posts\/27522","targetHints":{"allow":["GET"]}}],"collection":[{"href":"https:\/\/agenciainfra.com\/blog\/wp-json\/wp\/v2\/posts"}],"about":[{"href":"https:\/\/agenciainfra.com\/blog\/wp-json\/wp\/v2\/types\/post"}],"author":[{"embeddable":true,"href":"https:\/\/agenciainfra.com\/blog\/wp-json\/wp\/v2\/users\/1"}],"replies":[{"embeddable":true,"href":"https:\/\/agenciainfra.com\/blog\/wp-json\/wp\/v2\/comments?post=27522"}],"version-history":[{"count":4,"href":"https:\/\/agenciainfra.com\/blog\/wp-json\/wp\/v2\/posts\/27522\/revisions"}],"predecessor-version":[{"id":27531,"href":"https:\/\/agenciainfra.com\/blog\/wp-json\/wp\/v2\/posts\/27522\/revisions\/27531"}],"wp:featuredmedia":[{"embeddable":true,"href":"https:\/\/agenciainfra.com\/blog\/wp-json\/wp\/v2\/media\/24918"}],"wp:attachment":[{"href":"https:\/\/agenciainfra.com\/blog\/wp-json\/wp\/v2\/media?parent=27522"}],"wp:term":[{"taxonomy":"category","embeddable":true,"href":"https:\/\/agenciainfra.com\/blog\/wp-json\/wp\/v2\/categories?post=27522"},{"taxonomy":"post_tag","embeddable":true,"href":"https:\/\/agenciainfra.com\/blog\/wp-json\/wp\/v2\/tags?post=27522"}],"curies":[{"name":"wp","href":"https:\/\/api.w.org\/{rel}","templated":true}]}}