{"id":27532,"date":"2025-09-10T18:14:10","date_gmt":"2025-09-10T21:14:10","guid":{"rendered":"https:\/\/agenciainfra.com\/blog\/?p=27532"},"modified":"2025-09-11T10:55:46","modified_gmt":"2025-09-11T13:55:46","slug":"mp-da-tarifa-social-acordo-na-camara-preve-votacao-separada-para-derrubar-trechos","status":"publish","type":"post","link":"https:\/\/agenciainfra.com\/blog\/mp-da-tarifa-social-acordo-na-camara-preve-votacao-separada-para-derrubar-trechos\/","title":{"rendered":"MP da Tarifa Social de Energia El\u00e9trica tem acordo de vota\u00e7\u00e3o separada"},"content":{"rendered":"\n<p class=\"has-text-align-right\"><strong>Gabriel Vasconcelos, da Ag\u00eancia iNFRA<\/strong><\/p>\n\n\n\n<p>Um acordo feito entre l\u00edderes da C\u00e2mara dos Deputados para aprova\u00e7\u00e3o da <a href=\"https:\/\/www.congressonacional.leg.br\/materias\/medidas-provisorias\/-\/mpv\/168719\">MP (Medida Provis\u00f3ria) 1.300<\/a>, que trata da Tarifa Social de Energia El\u00e9trica, prev\u00ea que ocorram vota\u00e7\u00f5es separadas para retirada dos trechos do leil\u00e3o do GSF (sigla para risco hidrol\u00f3gico) e dos novos par\u00e2metros para forma\u00e7\u00e3o de pre\u00e7o da energia, que consideram a seguran\u00e7a do sistema.<\/p>\n\n\n\n<p>Segundo fontes, o entendimento foi firmado uma vez que n\u00e3o seria permitida a apresenta\u00e7\u00e3o de um novo relat\u00f3rio do texto por quest\u00e3o regimental.<\/p>\n\n\n\n<p>Al\u00e9m desses trechos, o segmento de MMGD (Micro e Minigera\u00e7\u00e3o Distribu\u00edda) tamb\u00e9m articula para vota\u00e7\u00e3o separada do artigo que trata de tarifas diferenciadas e do poder dado \u00e0 ANEEL (Ag\u00eancia Nacional de Energia El\u00e9trica) para aplicar as novas modalidades tarif\u00e1rias compulsoriamente.<\/p>\n\n\n\n<p>J\u00e1 h\u00e1 um destaque do PDT em tramita\u00e7\u00e3o, que retira a previs\u00e3o das chamadas tarifas multipartes (que consideram a cobran\u00e7a do uso da rede de distribui\u00e7\u00e3o).<\/p>\n","protected":false},"excerpt":{"rendered":"<p>Gabriel Vasconcelos, da Ag\u00eancia iNFRA Um acordo feito entre l\u00edderes da C\u00e2mara dos Deputados para aprova\u00e7\u00e3o da MP (Medida Provis\u00f3ria) 1.300, que trata da Tarifa Social de Energia El\u00e9trica, prev\u00ea que ocorram vota\u00e7\u00f5es separadas para retirada dos trechos do leil\u00e3o do GSF (sigla para risco hidrol\u00f3gico) e dos novos par\u00e2metros para forma\u00e7\u00e3o de pre\u00e7o da [&hellip;]<\/p>\n","protected":false},"author":1,"featured_media":12955,"comment_status":"closed","ping_status":"closed","sticky":false,"template":"","format":"standard","meta":{"_monsterinsights_skip_tracking":false,"_monsterinsights_sitenote_active":false,"_monsterinsights_sitenote_note":"","_monsterinsights_sitenote_category":0,"footnotes":""},"categories":[1,10],"tags":[53,13251,348,8724,13449,14893,1831],"class_list":["post-27532","post","type-post","status-publish","format-standard","has-post-thumbnail","hentry","category-geral","category-infraenergia","tag-aneel","tag-gabriel-vasconcelos","tag-gsf","tag-mmgd","tag-mp-1-300","tag-mp-da-tarifa-social","tag-tarifa-social-de-energia-eletrica"],"yoast_head":"<!-- This site is optimized with the Yoast SEO Premium plugin v25.4 (Yoast SEO v26.0) - https:\/\/yoast.com\/wordpress\/plugins\/seo\/ -->\n<title>MP da Tarifa Social de Energia El\u00e9trica tem acordo de vota\u00e7\u00e3o separada - Ag\u00eancia iNFRA<\/title>\n<meta name=\"robots\" content=\"index, follow, max-snippet:-1, max-image-preview:large, max-video-preview:-1\" \/>\n<link rel=\"canonical\" href=\"https:\/\/agenciainfra.com\/blog\/mp-da-tarifa-social-acordo-na-camara-preve-votacao-separada-para-derrubar-trechos\/\" \/>\n<meta property=\"og:locale\" content=\"pt_BR\" \/>\n<meta property=\"og:type\" content=\"article\" \/>\n<meta property=\"og:title\" content=\"MP da Tarifa Social de Energia El\u00e9trica tem acordo de vota\u00e7\u00e3o separada\" \/>\n<meta property=\"og:description\" content=\"Gabriel Vasconcelos, da Ag\u00eancia iNFRA Um acordo feito entre l\u00edderes da C\u00e2mara dos Deputados para aprova\u00e7\u00e3o da MP (Medida Provis\u00f3ria) 1.300, que trata da Tarifa Social de Energia El\u00e9trica, prev\u00ea que ocorram vota\u00e7\u00f5es separadas para retirada dos trechos do leil\u00e3o do GSF (sigla para risco hidrol\u00f3gico) e dos novos par\u00e2metros para forma\u00e7\u00e3o de pre\u00e7o da [&hellip;]\" \/>\n<meta property=\"og:url\" content=\"https:\/\/agenciainfra.com\/blog\/mp-da-tarifa-social-acordo-na-camara-preve-votacao-separada-para-derrubar-trechos\/\" \/>\n<meta property=\"og:site_name\" content=\"Ag\u00eancia iNFRA\" \/>\n<meta property=\"article:publisher\" content=\"https:\/\/www.facebook.com\/ageninfra\" \/>\n<meta property=\"article:published_time\" content=\"2025-09-10T21:14:10+00:00\" \/>\n<meta property=\"article:modified_time\" content=\"2025-09-11T13:55:46+00:00\" \/>\n<meta property=\"og:image\" content=\"https:\/\/agenciainfra.com\/blog\/wp-content\/uploads\/2023\/06\/camara-dos-deputados-foto-assessoria.jpg\" \/>\n\t<meta property=\"og:image:width\" content=\"1202\" \/>\n\t<meta property=\"og:image:height\" content=\"902\" \/>\n\t<meta property=\"og:image:type\" content=\"image\/jpeg\" \/>\n<meta name=\"author\" content=\"Ag\u00eancia iNFRA\" \/>\n<meta name=\"twitter:card\" content=\"summary_large_image\" \/>\n<meta name=\"twitter:creator\" content=\"@agencia_infra\" \/>\n<meta name=\"twitter:site\" content=\"@agencia_infra\" \/>\n<meta name=\"twitter:label1\" content=\"Escrito por\" \/>\n\t<meta name=\"twitter:data1\" content=\"Ag\u00eancia iNFRA\" \/>\n\t<meta name=\"twitter:label2\" content=\"Est. tempo de leitura\" \/>\n\t<meta name=\"twitter:data2\" content=\"1 minuto\" \/>\n<script type=\"application\/ld+json\" class=\"yoast-schema-graph\">{\"@context\":\"https:\/\/schema.org\",\"@graph\":[{\"@type\":\"Article\",\"@id\":\"https:\/\/agenciainfra.com\/blog\/mp-da-tarifa-social-acordo-na-camara-preve-votacao-separada-para-derrubar-trechos\/#article\",\"isPartOf\":{\"@id\":\"https:\/\/agenciainfra.com\/blog\/mp-da-tarifa-social-acordo-na-camara-preve-votacao-separada-para-derrubar-trechos\/\"},\"author\":{\"name\":\"Ag\u00eancia iNFRA\",\"@id\":\"https:\/\/agenciainfra.com\/blog\/#\/schema\/person\/34af08dff6adea4cb22b06612ba7acfa\"},\"headline\":\"MP da Tarifa Social de Energia El\u00e9trica tem acordo de vota\u00e7\u00e3o separada\",\"datePublished\":\"2025-09-10T21:14:10+00:00\",\"dateModified\":\"2025-09-11T13:55:46+00:00\",\"mainEntityOfPage\":{\"@id\":\"https:\/\/agenciainfra.com\/blog\/mp-da-tarifa-social-acordo-na-camara-preve-votacao-separada-para-derrubar-trechos\/\"},\"wordCount\":193,\"publisher\":{\"@id\":\"https:\/\/agenciainfra.com\/blog\/#organization\"},\"image\":{\"@id\":\"https:\/\/agenciainfra.com\/blog\/mp-da-tarifa-social-acordo-na-camara-preve-votacao-separada-para-derrubar-trechos\/#primaryimage\"},\"thumbnailUrl\":\"https:\/\/agenciainfra.com\/blog\/wp-content\/uploads\/2023\/06\/camara-dos-deputados-foto-assessoria.jpg\",\"keywords\":[\"ANEEL\",\"Gabriel Vasconcelos\",\"GSF\",\"MMGD\",\"mp 1.300\",\"MP da Tarifa Social\",\"Tarifa Social de Energia El\u00e9trica\"],\"articleSection\":[\"Geral\",\"iNFRAEnergia\"],\"inLanguage\":\"pt-BR\",\"copyrightYear\":\"2025\",\"copyrightHolder\":{\"@id\":\"https:\/\/agenciainfra.com\/blog\/#organization\"}},{\"@type\":\"WebPage\",\"@id\":\"https:\/\/agenciainfra.com\/blog\/mp-da-tarifa-social-acordo-na-camara-preve-votacao-separada-para-derrubar-trechos\/\",\"url\":\"https:\/\/agenciainfra.com\/blog\/mp-da-tarifa-social-acordo-na-camara-preve-votacao-separada-para-derrubar-trechos\/\",\"name\":\"MP da Tarifa Social de Energia El\u00e9trica tem acordo de vota\u00e7\u00e3o separada - Ag\u00eancia iNFRA\",\"isPartOf\":{\"@id\":\"https:\/\/agenciainfra.com\/blog\/#website\"},\"primaryImageOfPage\":{\"@id\":\"https:\/\/agenciainfra.com\/blog\/mp-da-tarifa-social-acordo-na-camara-preve-votacao-separada-para-derrubar-trechos\/#primaryimage\"},\"image\":{\"@id\":\"https:\/\/agenciainfra.com\/blog\/mp-da-tarifa-social-acordo-na-camara-preve-votacao-separada-para-derrubar-trechos\/#primaryimage\"},\"thumbnailUrl\":\"https:\/\/agenciainfra.com\/blog\/wp-content\/uploads\/2023\/06\/camara-dos-deputados-foto-assessoria.jpg\",\"datePublished\":\"2025-09-10T21:14:10+00:00\",\"dateModified\":\"2025-09-11T13:55:46+00:00\",\"breadcrumb\":{\"@id\":\"https:\/\/agenciainfra.com\/blog\/mp-da-tarifa-social-acordo-na-camara-preve-votacao-separada-para-derrubar-trechos\/#breadcrumb\"},\"inLanguage\":\"pt-BR\",\"potentialAction\":[{\"@type\":\"ReadAction\",\"target\":[\"https:\/\/agenciainfra.com\/blog\/mp-da-tarifa-social-acordo-na-camara-preve-votacao-separada-para-derrubar-trechos\/\"]}]},{\"@type\":\"ImageObject\",\"inLanguage\":\"pt-BR\",\"@id\":\"https:\/\/agenciainfra.com\/blog\/mp-da-tarifa-social-acordo-na-camara-preve-votacao-separada-para-derrubar-trechos\/#primaryimage\",\"url\":\"https:\/\/agenciainfra.com\/blog\/wp-content\/uploads\/2023\/06\/camara-dos-deputados-foto-assessoria.jpg\",\"contentUrl\":\"https:\/\/agenciainfra.com\/blog\/wp-content\/uploads\/2023\/06\/camara-dos-deputados-foto-assessoria.jpg\",\"width\":1202,\"height\":902,\"caption\":\"Foto: C\u00e2mara dos Deputados\"},{\"@type\":\"BreadcrumbList\",\"@id\":\"https:\/\/agenciainfra.com\/blog\/mp-da-tarifa-social-acordo-na-camara-preve-votacao-separada-para-derrubar-trechos\/#breadcrumb\",\"itemListElement\":[{\"@type\":\"ListItem\",\"position\":1,\"name\":\"In\u00edcio\",\"item\":\"https:\/\/agenciainfra.com\/blog\/\"},{\"@type\":\"ListItem\",\"position\":2,\"name\":\"MP da Tarifa Social de Energia El\u00e9trica tem acordo de vota\u00e7\u00e3o separada\"}]},{\"@type\":\"WebSite\",\"@id\":\"https:\/\/agenciainfra.com\/blog\/#website\",\"url\":\"https:\/\/agenciainfra.com\/blog\/\",\"name\":\"Ag\u00eancia iNFRA\",\"description\":\"Multiplataforma de informa\u00e7\u00e3o jornal\u00edstica refer\u00eancia na \u00e1rea de infraestrutura no Brasil!\",\"publisher\":{\"@id\":\"https:\/\/agenciainfra.com\/blog\/#organization\"},\"potentialAction\":[{\"@type\":\"SearchAction\",\"target\":{\"@type\":\"EntryPoint\",\"urlTemplate\":\"https:\/\/agenciainfra.com\/blog\/?s={search_term_string}\"},\"query-input\":{\"@type\":\"PropertyValueSpecification\",\"valueRequired\":true,\"valueName\":\"search_term_string\"}}],\"inLanguage\":\"pt-BR\"},{\"@type\":\"Organization\",\"@id\":\"https:\/\/agenciainfra.com\/blog\/#organization\",\"name\":\"Ag\u00eancia iNFRA\",\"url\":\"https:\/\/agenciainfra.com\/blog\/\",\"logo\":{\"@type\":\"ImageObject\",\"inLanguage\":\"pt-BR\",\"@id\":\"https:\/\/agenciainfra.com\/blog\/#\/schema\/logo\/image\/\",\"url\":\"https:\/\/agenciainfra.com\/blog\/wp-content\/uploads\/2023\/09\/iNFRA_5-e1761735885940.png\",\"contentUrl\":\"https:\/\/agenciainfra.com\/blog\/wp-content\/uploads\/2023\/09\/iNFRA_5-e1761735885940.png\",\"width\":1672,\"height\":454,\"caption\":\"Ag\u00eancia iNFRA\"},\"image\":{\"@id\":\"https:\/\/agenciainfra.com\/blog\/#\/schema\/logo\/image\/\"},\"sameAs\":[\"https:\/\/www.facebook.com\/ageninfra\",\"https:\/\/x.com\/agencia_infra\",\"https:\/\/www.linkedin.com\/company\/ag\u00eanciainfra\/\",\"https:\/\/www.instagram.com\/agenciainfra\/\"]},{\"@type\":\"Person\",\"@id\":\"https:\/\/agenciainfra.com\/blog\/#\/schema\/person\/34af08dff6adea4cb22b06612ba7acfa\",\"name\":\"Ag\u00eancia iNFRA\",\"image\":{\"@type\":\"ImageObject\",\"inLanguage\":\"pt-BR\",\"@id\":\"https:\/\/agenciainfra.com\/blog\/#\/schema\/person\/image\/\",\"url\":\"https:\/\/secure.gravatar.com\/avatar\/d189e01678f06d8eb84d4e01f08eb848b3fffe3f8443818d3c356c66892f5be8?s=96&d=mm&r=g\",\"contentUrl\":\"https:\/\/secure.gravatar.com\/avatar\/d189e01678f06d8eb84d4e01f08eb848b3fffe3f8443818d3c356c66892f5be8?s=96&d=mm&r=g\",\"caption\":\"Ag\u00eancia iNFRA\"},\"url\":\"https:\/\/agenciainfra.com\/blog\/author\/admin\/\"}]}<\/script>\n<!-- \/ Yoast SEO Premium plugin. -->","yoast_head_json":{"title":"MP da Tarifa Social de Energia El\u00e9trica tem acordo de vota\u00e7\u00e3o separada - Ag\u00eancia iNFRA","robots":{"index":"index","follow":"follow","max-snippet":"max-snippet:-1","max-image-preview":"max-image-preview:large","max-video-preview":"max-video-preview:-1"},"canonical":"https:\/\/agenciainfra.com\/blog\/mp-da-tarifa-social-acordo-na-camara-preve-votacao-separada-para-derrubar-trechos\/","og_locale":"pt_BR","og_type":"article","og_title":"MP da Tarifa Social de Energia El\u00e9trica tem acordo de vota\u00e7\u00e3o separada","og_description":"Gabriel Vasconcelos, da Ag\u00eancia iNFRA Um acordo feito entre l\u00edderes da C\u00e2mara dos Deputados para aprova\u00e7\u00e3o da MP (Medida Provis\u00f3ria) 1.300, que trata da Tarifa Social de Energia El\u00e9trica, prev\u00ea que ocorram vota\u00e7\u00f5es separadas para retirada dos trechos do leil\u00e3o do GSF (sigla para risco hidrol\u00f3gico) e dos novos par\u00e2metros para forma\u00e7\u00e3o de pre\u00e7o da [&hellip;]","og_url":"https:\/\/agenciainfra.com\/blog\/mp-da-tarifa-social-acordo-na-camara-preve-votacao-separada-para-derrubar-trechos\/","og_site_name":"Ag\u00eancia iNFRA","article_publisher":"https:\/\/www.facebook.com\/ageninfra","article_published_time":"2025-09-10T21:14:10+00:00","article_modified_time":"2025-09-11T13:55:46+00:00","og_image":[{"width":1202,"height":902,"url":"https:\/\/agenciainfra.com\/blog\/wp-content\/uploads\/2023\/06\/camara-dos-deputados-foto-assessoria.jpg","type":"image\/jpeg"}],"author":"Ag\u00eancia iNFRA","twitter_card":"summary_large_image","twitter_creator":"@agencia_infra","twitter_site":"@agencia_infra","twitter_misc":{"Escrito por":"Ag\u00eancia iNFRA","Est. tempo de leitura":"1 minuto"},"schema":{"@context":"https:\/\/schema.org","@graph":[{"@type":"Article","@id":"https:\/\/agenciainfra.com\/blog\/mp-da-tarifa-social-acordo-na-camara-preve-votacao-separada-para-derrubar-trechos\/#article","isPartOf":{"@id":"https:\/\/agenciainfra.com\/blog\/mp-da-tarifa-social-acordo-na-camara-preve-votacao-separada-para-derrubar-trechos\/"},"author":{"name":"Ag\u00eancia iNFRA","@id":"https:\/\/agenciainfra.com\/blog\/#\/schema\/person\/34af08dff6adea4cb22b06612ba7acfa"},"headline":"MP da Tarifa Social de Energia El\u00e9trica tem acordo de vota\u00e7\u00e3o separada","datePublished":"2025-09-10T21:14:10+00:00","dateModified":"2025-09-11T13:55:46+00:00","mainEntityOfPage":{"@id":"https:\/\/agenciainfra.com\/blog\/mp-da-tarifa-social-acordo-na-camara-preve-votacao-separada-para-derrubar-trechos\/"},"wordCount":193,"publisher":{"@id":"https:\/\/agenciainfra.com\/blog\/#organization"},"image":{"@id":"https:\/\/agenciainfra.com\/blog\/mp-da-tarifa-social-acordo-na-camara-preve-votacao-separada-para-derrubar-trechos\/#primaryimage"},"thumbnailUrl":"https:\/\/agenciainfra.com\/blog\/wp-content\/uploads\/2023\/06\/camara-dos-deputados-foto-assessoria.jpg","keywords":["ANEEL","Gabriel Vasconcelos","GSF","MMGD","mp 1.300","MP da Tarifa Social","Tarifa Social de Energia El\u00e9trica"],"articleSection":["Geral","iNFRAEnergia"],"inLanguage":"pt-BR","copyrightYear":"2025","copyrightHolder":{"@id":"https:\/\/agenciainfra.com\/blog\/#organization"}},{"@type":"WebPage","@id":"https:\/\/agenciainfra.com\/blog\/mp-da-tarifa-social-acordo-na-camara-preve-votacao-separada-para-derrubar-trechos\/","url":"https:\/\/agenciainfra.com\/blog\/mp-da-tarifa-social-acordo-na-camara-preve-votacao-separada-para-derrubar-trechos\/","name":"MP da Tarifa Social de Energia El\u00e9trica tem acordo de vota\u00e7\u00e3o separada - Ag\u00eancia iNFRA","isPartOf":{"@id":"https:\/\/agenciainfra.com\/blog\/#website"},"primaryImageOfPage":{"@id":"https:\/\/agenciainfra.com\/blog\/mp-da-tarifa-social-acordo-na-camara-preve-votacao-separada-para-derrubar-trechos\/#primaryimage"},"image":{"@id":"https:\/\/agenciainfra.com\/blog\/mp-da-tarifa-social-acordo-na-camara-preve-votacao-separada-para-derrubar-trechos\/#primaryimage"},"thumbnailUrl":"https:\/\/agenciainfra.com\/blog\/wp-content\/uploads\/2023\/06\/camara-dos-deputados-foto-assessoria.jpg","datePublished":"2025-09-10T21:14:10+00:00","dateModified":"2025-09-11T13:55:46+00:00","breadcrumb":{"@id":"https:\/\/agenciainfra.com\/blog\/mp-da-tarifa-social-acordo-na-camara-preve-votacao-separada-para-derrubar-trechos\/#breadcrumb"},"inLanguage":"pt-BR","potentialAction":[{"@type":"ReadAction","target":["https:\/\/agenciainfra.com\/blog\/mp-da-tarifa-social-acordo-na-camara-preve-votacao-separada-para-derrubar-trechos\/"]}]},{"@type":"ImageObject","inLanguage":"pt-BR","@id":"https:\/\/agenciainfra.com\/blog\/mp-da-tarifa-social-acordo-na-camara-preve-votacao-separada-para-derrubar-trechos\/#primaryimage","url":"https:\/\/agenciainfra.com\/blog\/wp-content\/uploads\/2023\/06\/camara-dos-deputados-foto-assessoria.jpg","contentUrl":"https:\/\/agenciainfra.com\/blog\/wp-content\/uploads\/2023\/06\/camara-dos-deputados-foto-assessoria.jpg","width":1202,"height":902,"caption":"Foto: C\u00e2mara dos Deputados"},{"@type":"BreadcrumbList","@id":"https:\/\/agenciainfra.com\/blog\/mp-da-tarifa-social-acordo-na-camara-preve-votacao-separada-para-derrubar-trechos\/#breadcrumb","itemListElement":[{"@type":"ListItem","position":1,"name":"In\u00edcio","item":"https:\/\/agenciainfra.com\/blog\/"},{"@type":"ListItem","position":2,"name":"MP da Tarifa Social de Energia El\u00e9trica tem acordo de vota\u00e7\u00e3o separada"}]},{"@type":"WebSite","@id":"https:\/\/agenciainfra.com\/blog\/#website","url":"https:\/\/agenciainfra.com\/blog\/","name":"Ag\u00eancia iNFRA","description":"Multiplataforma de informa\u00e7\u00e3o jornal\u00edstica refer\u00eancia na \u00e1rea de infraestrutura no Brasil!","publisher":{"@id":"https:\/\/agenciainfra.com\/blog\/#organization"},"potentialAction":[{"@type":"SearchAction","target":{"@type":"EntryPoint","urlTemplate":"https:\/\/agenciainfra.com\/blog\/?s={search_term_string}"},"query-input":{"@type":"PropertyValueSpecification","valueRequired":true,"valueName":"search_term_string"}}],"inLanguage":"pt-BR"},{"@type":"Organization","@id":"https:\/\/agenciainfra.com\/blog\/#organization","name":"Ag\u00eancia iNFRA","url":"https:\/\/agenciainfra.com\/blog\/","logo":{"@type":"ImageObject","inLanguage":"pt-BR","@id":"https:\/\/agenciainfra.com\/blog\/#\/schema\/logo\/image\/","url":"https:\/\/agenciainfra.com\/blog\/wp-content\/uploads\/2023\/09\/iNFRA_5-e1761735885940.png","contentUrl":"https:\/\/agenciainfra.com\/blog\/wp-content\/uploads\/2023\/09\/iNFRA_5-e1761735885940.png","width":1672,"height":454,"caption":"Ag\u00eancia iNFRA"},"image":{"@id":"https:\/\/agenciainfra.com\/blog\/#\/schema\/logo\/image\/"},"sameAs":["https:\/\/www.facebook.com\/ageninfra","https:\/\/x.com\/agencia_infra","https:\/\/www.linkedin.com\/company\/ag\u00eanciainfra\/","https:\/\/www.instagram.com\/agenciainfra\/"]},{"@type":"Person","@id":"https:\/\/agenciainfra.com\/blog\/#\/schema\/person\/34af08dff6adea4cb22b06612ba7acfa","name":"Ag\u00eancia iNFRA","image":{"@type":"ImageObject","inLanguage":"pt-BR","@id":"https:\/\/agenciainfra.com\/blog\/#\/schema\/person\/image\/","url":"https:\/\/secure.gravatar.com\/avatar\/d189e01678f06d8eb84d4e01f08eb848b3fffe3f8443818d3c356c66892f5be8?s=96&d=mm&r=g","contentUrl":"https:\/\/secure.gravatar.com\/avatar\/d189e01678f06d8eb84d4e01f08eb848b3fffe3f8443818d3c356c66892f5be8?s=96&d=mm&r=g","caption":"Ag\u00eancia iNFRA"},"url":"https:\/\/agenciainfra.com\/blog\/author\/admin\/"}]}},"_links":{"self":[{"href":"https:\/\/agenciainfra.com\/blog\/wp-json\/wp\/v2\/posts\/27532","targetHints":{"allow":["GET"]}}],"collection":[{"href":"https:\/\/agenciainfra.com\/blog\/wp-json\/wp\/v2\/posts"}],"about":[{"href":"https:\/\/agenciainfra.com\/blog\/wp-json\/wp\/v2\/types\/post"}],"author":[{"embeddable":true,"href":"https:\/\/agenciainfra.com\/blog\/wp-json\/wp\/v2\/users\/1"}],"replies":[{"embeddable":true,"href":"https:\/\/agenciainfra.com\/blog\/wp-json\/wp\/v2\/comments?post=27532"}],"version-history":[{"count":3,"href":"https:\/\/agenciainfra.com\/blog\/wp-json\/wp\/v2\/posts\/27532\/revisions"}],"predecessor-version":[{"id":27562,"href":"https:\/\/agenciainfra.com\/blog\/wp-json\/wp\/v2\/posts\/27532\/revisions\/27562"}],"wp:featuredmedia":[{"embeddable":true,"href":"https:\/\/agenciainfra.com\/blog\/wp-json\/wp\/v2\/media\/12955"}],"wp:attachment":[{"href":"https:\/\/agenciainfra.com\/blog\/wp-json\/wp\/v2\/media?parent=27532"}],"wp:term":[{"taxonomy":"category","embeddable":true,"href":"https:\/\/agenciainfra.com\/blog\/wp-json\/wp\/v2\/categories?post=27532"},{"taxonomy":"post_tag","embeddable":true,"href":"https:\/\/agenciainfra.com\/blog\/wp-json\/wp\/v2\/tags?post=27532"}],"curies":[{"name":"wp","href":"https:\/\/api.w.org\/{rel}","templated":true}]}}