{"id":2754,"date":"2019-01-05T04:00:27","date_gmt":"2019-01-05T07:00:27","guid":{"rendered":"http:\/\/www.agenciainfra.com\/blog\/?p=2754"},"modified":"2019-01-04T14:23:24","modified_gmt":"2019-01-04T17:23:24","slug":"ferrograo-governo-consegue-reverter-liminar-e-ministro-diz-que-leilao-e-prioridade","status":"publish","type":"post","link":"https:\/\/agenciainfra.com\/blog\/ferrograo-governo-consegue-reverter-liminar-e-ministro-diz-que-leilao-e-prioridade\/","title":{"rendered":"Ferrogr\u00e3o: governo consegue reverter liminar e ministro diz que leil\u00e3o \u00e9 prioridade"},"content":{"rendered":"<div>\n<h5 style=\"text-align: right;\"><strong>Dimmi Amora,\u00a0da Ag\u00eancia iNFRA<\/strong><\/h5>\n<p>O governo conseguiu reverter uma liminar da Justi\u00e7a Federal no Par\u00e1 que determinava que fossem feitos\u00a0estudos ambientais novos e paralisava as audi\u00eancias p\u00fablicas realizadas para a concess\u00e3o da Ferrogr\u00e3o, ferrovia que liga o Mato Grosso ao Par\u00e1.<\/p>\n<p>Com isso, a ANTT (Ag\u00eancia Nacional de Transportes Terrestres) pode dar prosseguimento ao processo de aprova\u00e7\u00e3o da audi\u00eancia, que foi parado em novembro do ano passado pela liminar, e enviar os estudos de viabilidade para an\u00e1lise do TCU (Tribunal de Contas da Uni\u00e3o), etapa que precede a publica\u00e7\u00e3o do edital em caso de aprova\u00e7\u00e3o dos estudos pelo tribunal.<\/p>\n<p>Em seu discurso de posse na quarta-feira (2), o ministro da Infraestrutura, Tarc\u00edsio de Freitas, disse que essa ferrovia \u00e9 o projeto mais desafiador de sua gest\u00e3o, mas afirmou ter certeza de que ser\u00e1 realizado.<\/p>\n<p>&#8220;\u00c9 uma ferrovia que tem carga. Ela faz todo sentido e ser\u00e1 uma revolu\u00e7\u00e3o para o agroneg\u00f3cio do Brasil&#8221;, exaltou Freitas.<\/p>\n<p>Guilherme Quintella, presidente da EDLP, uma das empresas do cons\u00f3rcio que trabalhou na modelagem e j\u00e1 anunciou interesse na concess\u00e3o, afirmou que o grupo de empresas e investidores est\u00e1 animado com a possibilidade da concess\u00e3o e que, na pr\u00f3xima semana, estar\u00e1 em Bras\u00edlia para tratar dos detalhes necess\u00e1rios para a continuidade da an\u00e1lise das audi\u00eancias pela ANTT.<\/p>\n<p>&#8220;N\u00f3s estamos prontos para mostrar ao ministro\u00a0que temos condi\u00e7\u00f5es de fazer cumprir esse desafio&#8221;, afirmou Quintella.<\/p>\n<\/div>\n","protected":false},"excerpt":{"rendered":"<p>Dimmi Amora,\u00a0da Ag\u00eancia iNFRA O governo conseguiu reverter uma liminar da Justi\u00e7a Federal no Par\u00e1 que determinava que fossem feitos\u00a0estudos ambientais novos e paralisava as audi\u00eancias p\u00fablicas realizadas para a concess\u00e3o da Ferrogr\u00e3o, ferrovia que liga o Mato Grosso ao Par\u00e1. Com isso, a ANTT (Ag\u00eancia Nacional de Transportes Terrestres) pode dar prosseguimento ao processo [&hellip;]<\/p>\n","protected":false},"author":1,"featured_media":2024,"comment_status":"closed","ping_status":"open","sticky":false,"template":"","format":"standard","meta":{"_monsterinsights_skip_tracking":false,"_monsterinsights_sitenote_active":false,"_monsterinsights_sitenote_note":"","_monsterinsights_sitenote_category":0,"footnotes":""},"categories":[7],"tags":[22,158,79,34,66,108,719,688],"class_list":["post-2754","post","type-post","status-publish","format-standard","has-post-thumbnail","hentry","category-infratransporte","tag-concessao","tag-ferrograo","tag-ferrovia","tag-infraestrutura","tag-logistica","tag-mato-grosso","tag-obra","tag-para"],"yoast_head":"<!-- This site is optimized with the Yoast SEO Premium plugin v25.4 (Yoast SEO v26.0) - https:\/\/yoast.com\/wordpress\/plugins\/seo\/ -->\n<title>Ferrogr\u00e3o: governo consegue reverter liminar e ministro diz que leil\u00e3o \u00e9 prioridade - Ag\u00eancia iNFRA<\/title>\n<meta name=\"robots\" content=\"index, follow, max-snippet:-1, max-image-preview:large, max-video-preview:-1\" \/>\n<link rel=\"canonical\" href=\"https:\/\/agenciainfra.com\/blog\/ferrograo-governo-consegue-reverter-liminar-e-ministro-diz-que-leilao-e-prioridade\/\" \/>\n<meta property=\"og:locale\" content=\"pt_BR\" \/>\n<meta property=\"og:type\" content=\"article\" \/>\n<meta property=\"og:title\" content=\"Ferrogr\u00e3o: governo consegue reverter liminar e ministro diz que leil\u00e3o \u00e9 prioridade\" \/>\n<meta property=\"og:description\" content=\"Dimmi Amora,\u00a0da Ag\u00eancia iNFRA O governo conseguiu reverter uma liminar da Justi\u00e7a Federal no Par\u00e1 que determinava que fossem feitos\u00a0estudos ambientais novos e paralisava as audi\u00eancias p\u00fablicas realizadas para a concess\u00e3o da Ferrogr\u00e3o, ferrovia que liga o Mato Grosso ao Par\u00e1. Com isso, a ANTT (Ag\u00eancia Nacional de Transportes Terrestres) pode dar prosseguimento ao processo [&hellip;]\" \/>\n<meta property=\"og:url\" content=\"https:\/\/agenciainfra.com\/blog\/ferrograo-governo-consegue-reverter-liminar-e-ministro-diz-que-leilao-e-prioridade\/\" \/>\n<meta property=\"og:site_name\" content=\"Ag\u00eancia iNFRA\" \/>\n<meta property=\"article:publisher\" content=\"https:\/\/www.facebook.com\/ageninfra\" \/>\n<meta property=\"article:published_time\" content=\"2019-01-05T07:00:27+00:00\" \/>\n<meta property=\"og:image\" content=\"https:\/\/agenciainfra.com\/blog\/wp-content\/uploads\/2018\/07\/fiol_gondiberto_filho_valec.jpg\" \/>\n\t<meta property=\"og:image:width\" content=\"207\" \/>\n\t<meta property=\"og:image:height\" content=\"138\" \/>\n\t<meta property=\"og:image:type\" content=\"image\/jpeg\" \/>\n<meta name=\"author\" content=\"Ag\u00eancia iNFRA\" \/>\n<meta name=\"twitter:card\" content=\"summary_large_image\" \/>\n<meta name=\"twitter:creator\" content=\"@agencia_infra\" \/>\n<meta name=\"twitter:site\" content=\"@agencia_infra\" \/>\n<meta name=\"twitter:label1\" content=\"Escrito por\" \/>\n\t<meta name=\"twitter:data1\" content=\"Ag\u00eancia iNFRA\" \/>\n\t<meta name=\"twitter:label2\" content=\"Est. tempo de leitura\" \/>\n\t<meta name=\"twitter:data2\" content=\"1 minuto\" \/>\n<script type=\"application\/ld+json\" class=\"yoast-schema-graph\">{\"@context\":\"https:\/\/schema.org\",\"@graph\":[{\"@type\":\"Article\",\"@id\":\"https:\/\/agenciainfra.com\/blog\/ferrograo-governo-consegue-reverter-liminar-e-ministro-diz-que-leilao-e-prioridade\/#article\",\"isPartOf\":{\"@id\":\"https:\/\/agenciainfra.com\/blog\/ferrograo-governo-consegue-reverter-liminar-e-ministro-diz-que-leilao-e-prioridade\/\"},\"author\":{\"name\":\"Ag\u00eancia iNFRA\",\"@id\":\"https:\/\/agenciainfra.com\/blog\/#\/schema\/person\/34af08dff6adea4cb22b06612ba7acfa\"},\"headline\":\"Ferrogr\u00e3o: governo consegue reverter liminar e ministro diz que leil\u00e3o \u00e9 prioridade\",\"datePublished\":\"2019-01-05T07:00:27+00:00\",\"mainEntityOfPage\":{\"@id\":\"https:\/\/agenciainfra.com\/blog\/ferrograo-governo-consegue-reverter-liminar-e-ministro-diz-que-leilao-e-prioridade\/\"},\"wordCount\":268,\"publisher\":{\"@id\":\"https:\/\/agenciainfra.com\/blog\/#organization\"},\"image\":{\"@id\":\"https:\/\/agenciainfra.com\/blog\/ferrograo-governo-consegue-reverter-liminar-e-ministro-diz-que-leilao-e-prioridade\/#primaryimage\"},\"thumbnailUrl\":\"https:\/\/agenciainfra.com\/blog\/wp-content\/uploads\/2018\/07\/fiol_gondiberto_filho_valec.jpg\",\"keywords\":[\"Concess\u00e3o\",\"Ferrogr\u00e3o\",\"Ferrovia\",\"Infraestrutura\",\"log\u00edstica\",\"Mato Grosso\",\"obra\",\"Par\u00e1\"],\"articleSection\":[\"iNFRATransporte\"],\"inLanguage\":\"pt-BR\",\"copyrightYear\":\"2019\",\"copyrightHolder\":{\"@id\":\"https:\/\/agenciainfra.com\/blog\/#organization\"}},{\"@type\":\"WebPage\",\"@id\":\"https:\/\/agenciainfra.com\/blog\/ferrograo-governo-consegue-reverter-liminar-e-ministro-diz-que-leilao-e-prioridade\/\",\"url\":\"https:\/\/agenciainfra.com\/blog\/ferrograo-governo-consegue-reverter-liminar-e-ministro-diz-que-leilao-e-prioridade\/\",\"name\":\"Ferrogr\u00e3o: governo consegue reverter liminar e ministro diz que leil\u00e3o \u00e9 prioridade - Ag\u00eancia iNFRA\",\"isPartOf\":{\"@id\":\"https:\/\/agenciainfra.com\/blog\/#website\"},\"primaryImageOfPage\":{\"@id\":\"https:\/\/agenciainfra.com\/blog\/ferrograo-governo-consegue-reverter-liminar-e-ministro-diz-que-leilao-e-prioridade\/#primaryimage\"},\"image\":{\"@id\":\"https:\/\/agenciainfra.com\/blog\/ferrograo-governo-consegue-reverter-liminar-e-ministro-diz-que-leilao-e-prioridade\/#primaryimage\"},\"thumbnailUrl\":\"https:\/\/agenciainfra.com\/blog\/wp-content\/uploads\/2018\/07\/fiol_gondiberto_filho_valec.jpg\",\"datePublished\":\"2019-01-05T07:00:27+00:00\",\"breadcrumb\":{\"@id\":\"https:\/\/agenciainfra.com\/blog\/ferrograo-governo-consegue-reverter-liminar-e-ministro-diz-que-leilao-e-prioridade\/#breadcrumb\"},\"inLanguage\":\"pt-BR\",\"potentialAction\":[{\"@type\":\"ReadAction\",\"target\":[\"https:\/\/agenciainfra.com\/blog\/ferrograo-governo-consegue-reverter-liminar-e-ministro-diz-que-leilao-e-prioridade\/\"]}]},{\"@type\":\"ImageObject\",\"inLanguage\":\"pt-BR\",\"@id\":\"https:\/\/agenciainfra.com\/blog\/ferrograo-governo-consegue-reverter-liminar-e-ministro-diz-que-leilao-e-prioridade\/#primaryimage\",\"url\":\"https:\/\/agenciainfra.com\/blog\/wp-content\/uploads\/2018\/07\/fiol_gondiberto_filho_valec.jpg\",\"contentUrl\":\"https:\/\/agenciainfra.com\/blog\/wp-content\/uploads\/2018\/07\/fiol_gondiberto_filho_valec.jpg\",\"width\":207,\"height\":138},{\"@type\":\"BreadcrumbList\",\"@id\":\"https:\/\/agenciainfra.com\/blog\/ferrograo-governo-consegue-reverter-liminar-e-ministro-diz-que-leilao-e-prioridade\/#breadcrumb\",\"itemListElement\":[{\"@type\":\"ListItem\",\"position\":1,\"name\":\"In\u00edcio\",\"item\":\"https:\/\/agenciainfra.com\/blog\/\"},{\"@type\":\"ListItem\",\"position\":2,\"name\":\"Ferrogr\u00e3o: governo consegue reverter liminar e ministro diz que leil\u00e3o \u00e9 prioridade\"}]},{\"@type\":\"WebSite\",\"@id\":\"https:\/\/agenciainfra.com\/blog\/#website\",\"url\":\"https:\/\/agenciainfra.com\/blog\/\",\"name\":\"Ag\u00eancia iNFRA\",\"description\":\"Multiplataforma de informa\u00e7\u00e3o jornal\u00edstica refer\u00eancia na \u00e1rea de infraestrutura no Brasil!\",\"publisher\":{\"@id\":\"https:\/\/agenciainfra.com\/blog\/#organization\"},\"potentialAction\":[{\"@type\":\"SearchAction\",\"target\":{\"@type\":\"EntryPoint\",\"urlTemplate\":\"https:\/\/agenciainfra.com\/blog\/?s={search_term_string}\"},\"query-input\":{\"@type\":\"PropertyValueSpecification\",\"valueRequired\":true,\"valueName\":\"search_term_string\"}}],\"inLanguage\":\"pt-BR\"},{\"@type\":\"Organization\",\"@id\":\"https:\/\/agenciainfra.com\/blog\/#organization\",\"name\":\"Ag\u00eancia iNFRA\",\"url\":\"https:\/\/agenciainfra.com\/blog\/\",\"logo\":{\"@type\":\"ImageObject\",\"inLanguage\":\"pt-BR\",\"@id\":\"https:\/\/agenciainfra.com\/blog\/#\/schema\/logo\/image\/\",\"url\":\"https:\/\/agenciainfra.com\/blog\/wp-content\/uploads\/2023\/09\/iNFRA_5-e1761735885940.png\",\"contentUrl\":\"https:\/\/agenciainfra.com\/blog\/wp-content\/uploads\/2023\/09\/iNFRA_5-e1761735885940.png\",\"width\":1672,\"height\":454,\"caption\":\"Ag\u00eancia iNFRA\"},\"image\":{\"@id\":\"https:\/\/agenciainfra.com\/blog\/#\/schema\/logo\/image\/\"},\"sameAs\":[\"https:\/\/www.facebook.com\/ageninfra\",\"https:\/\/x.com\/agencia_infra\",\"https:\/\/www.linkedin.com\/company\/ag\u00eanciainfra\/\",\"https:\/\/www.instagram.com\/agenciainfra\/\"]},{\"@type\":\"Person\",\"@id\":\"https:\/\/agenciainfra.com\/blog\/#\/schema\/person\/34af08dff6adea4cb22b06612ba7acfa\",\"name\":\"Ag\u00eancia iNFRA\",\"image\":{\"@type\":\"ImageObject\",\"inLanguage\":\"pt-BR\",\"@id\":\"https:\/\/agenciainfra.com\/blog\/#\/schema\/person\/image\/\",\"url\":\"https:\/\/secure.gravatar.com\/avatar\/d189e01678f06d8eb84d4e01f08eb848b3fffe3f8443818d3c356c66892f5be8?s=96&d=mm&r=g\",\"contentUrl\":\"https:\/\/secure.gravatar.com\/avatar\/d189e01678f06d8eb84d4e01f08eb848b3fffe3f8443818d3c356c66892f5be8?s=96&d=mm&r=g\",\"caption\":\"Ag\u00eancia iNFRA\"},\"url\":\"https:\/\/agenciainfra.com\/blog\/author\/admin\/\"}]}<\/script>\n<!-- \/ Yoast SEO Premium plugin. -->","yoast_head_json":{"title":"Ferrogr\u00e3o: governo consegue reverter liminar e ministro diz que leil\u00e3o \u00e9 prioridade - Ag\u00eancia iNFRA","robots":{"index":"index","follow":"follow","max-snippet":"max-snippet:-1","max-image-preview":"max-image-preview:large","max-video-preview":"max-video-preview:-1"},"canonical":"https:\/\/agenciainfra.com\/blog\/ferrograo-governo-consegue-reverter-liminar-e-ministro-diz-que-leilao-e-prioridade\/","og_locale":"pt_BR","og_type":"article","og_title":"Ferrogr\u00e3o: governo consegue reverter liminar e ministro diz que leil\u00e3o \u00e9 prioridade","og_description":"Dimmi Amora,\u00a0da Ag\u00eancia iNFRA O governo conseguiu reverter uma liminar da Justi\u00e7a Federal no Par\u00e1 que determinava que fossem feitos\u00a0estudos ambientais novos e paralisava as audi\u00eancias p\u00fablicas realizadas para a concess\u00e3o da Ferrogr\u00e3o, ferrovia que liga o Mato Grosso ao Par\u00e1. Com isso, a ANTT (Ag\u00eancia Nacional de Transportes Terrestres) pode dar prosseguimento ao processo [&hellip;]","og_url":"https:\/\/agenciainfra.com\/blog\/ferrograo-governo-consegue-reverter-liminar-e-ministro-diz-que-leilao-e-prioridade\/","og_site_name":"Ag\u00eancia iNFRA","article_publisher":"https:\/\/www.facebook.com\/ageninfra","article_published_time":"2019-01-05T07:00:27+00:00","og_image":[{"width":207,"height":138,"url":"https:\/\/agenciainfra.com\/blog\/wp-content\/uploads\/2018\/07\/fiol_gondiberto_filho_valec.jpg","type":"image\/jpeg"}],"author":"Ag\u00eancia iNFRA","twitter_card":"summary_large_image","twitter_creator":"@agencia_infra","twitter_site":"@agencia_infra","twitter_misc":{"Escrito por":"Ag\u00eancia iNFRA","Est. tempo de leitura":"1 minuto"},"schema":{"@context":"https:\/\/schema.org","@graph":[{"@type":"Article","@id":"https:\/\/agenciainfra.com\/blog\/ferrograo-governo-consegue-reverter-liminar-e-ministro-diz-que-leilao-e-prioridade\/#article","isPartOf":{"@id":"https:\/\/agenciainfra.com\/blog\/ferrograo-governo-consegue-reverter-liminar-e-ministro-diz-que-leilao-e-prioridade\/"},"author":{"name":"Ag\u00eancia iNFRA","@id":"https:\/\/agenciainfra.com\/blog\/#\/schema\/person\/34af08dff6adea4cb22b06612ba7acfa"},"headline":"Ferrogr\u00e3o: governo consegue reverter liminar e ministro diz que leil\u00e3o \u00e9 prioridade","datePublished":"2019-01-05T07:00:27+00:00","mainEntityOfPage":{"@id":"https:\/\/agenciainfra.com\/blog\/ferrograo-governo-consegue-reverter-liminar-e-ministro-diz-que-leilao-e-prioridade\/"},"wordCount":268,"publisher":{"@id":"https:\/\/agenciainfra.com\/blog\/#organization"},"image":{"@id":"https:\/\/agenciainfra.com\/blog\/ferrograo-governo-consegue-reverter-liminar-e-ministro-diz-que-leilao-e-prioridade\/#primaryimage"},"thumbnailUrl":"https:\/\/agenciainfra.com\/blog\/wp-content\/uploads\/2018\/07\/fiol_gondiberto_filho_valec.jpg","keywords":["Concess\u00e3o","Ferrogr\u00e3o","Ferrovia","Infraestrutura","log\u00edstica","Mato Grosso","obra","Par\u00e1"],"articleSection":["iNFRATransporte"],"inLanguage":"pt-BR","copyrightYear":"2019","copyrightHolder":{"@id":"https:\/\/agenciainfra.com\/blog\/#organization"}},{"@type":"WebPage","@id":"https:\/\/agenciainfra.com\/blog\/ferrograo-governo-consegue-reverter-liminar-e-ministro-diz-que-leilao-e-prioridade\/","url":"https:\/\/agenciainfra.com\/blog\/ferrograo-governo-consegue-reverter-liminar-e-ministro-diz-que-leilao-e-prioridade\/","name":"Ferrogr\u00e3o: governo consegue reverter liminar e ministro diz que leil\u00e3o \u00e9 prioridade - Ag\u00eancia iNFRA","isPartOf":{"@id":"https:\/\/agenciainfra.com\/blog\/#website"},"primaryImageOfPage":{"@id":"https:\/\/agenciainfra.com\/blog\/ferrograo-governo-consegue-reverter-liminar-e-ministro-diz-que-leilao-e-prioridade\/#primaryimage"},"image":{"@id":"https:\/\/agenciainfra.com\/blog\/ferrograo-governo-consegue-reverter-liminar-e-ministro-diz-que-leilao-e-prioridade\/#primaryimage"},"thumbnailUrl":"https:\/\/agenciainfra.com\/blog\/wp-content\/uploads\/2018\/07\/fiol_gondiberto_filho_valec.jpg","datePublished":"2019-01-05T07:00:27+00:00","breadcrumb":{"@id":"https:\/\/agenciainfra.com\/blog\/ferrograo-governo-consegue-reverter-liminar-e-ministro-diz-que-leilao-e-prioridade\/#breadcrumb"},"inLanguage":"pt-BR","potentialAction":[{"@type":"ReadAction","target":["https:\/\/agenciainfra.com\/blog\/ferrograo-governo-consegue-reverter-liminar-e-ministro-diz-que-leilao-e-prioridade\/"]}]},{"@type":"ImageObject","inLanguage":"pt-BR","@id":"https:\/\/agenciainfra.com\/blog\/ferrograo-governo-consegue-reverter-liminar-e-ministro-diz-que-leilao-e-prioridade\/#primaryimage","url":"https:\/\/agenciainfra.com\/blog\/wp-content\/uploads\/2018\/07\/fiol_gondiberto_filho_valec.jpg","contentUrl":"https:\/\/agenciainfra.com\/blog\/wp-content\/uploads\/2018\/07\/fiol_gondiberto_filho_valec.jpg","width":207,"height":138},{"@type":"BreadcrumbList","@id":"https:\/\/agenciainfra.com\/blog\/ferrograo-governo-consegue-reverter-liminar-e-ministro-diz-que-leilao-e-prioridade\/#breadcrumb","itemListElement":[{"@type":"ListItem","position":1,"name":"In\u00edcio","item":"https:\/\/agenciainfra.com\/blog\/"},{"@type":"ListItem","position":2,"name":"Ferrogr\u00e3o: governo consegue reverter liminar e ministro diz que leil\u00e3o \u00e9 prioridade"}]},{"@type":"WebSite","@id":"https:\/\/agenciainfra.com\/blog\/#website","url":"https:\/\/agenciainfra.com\/blog\/","name":"Ag\u00eancia iNFRA","description":"Multiplataforma de informa\u00e7\u00e3o jornal\u00edstica refer\u00eancia na \u00e1rea de infraestrutura no Brasil!","publisher":{"@id":"https:\/\/agenciainfra.com\/blog\/#organization"},"potentialAction":[{"@type":"SearchAction","target":{"@type":"EntryPoint","urlTemplate":"https:\/\/agenciainfra.com\/blog\/?s={search_term_string}"},"query-input":{"@type":"PropertyValueSpecification","valueRequired":true,"valueName":"search_term_string"}}],"inLanguage":"pt-BR"},{"@type":"Organization","@id":"https:\/\/agenciainfra.com\/blog\/#organization","name":"Ag\u00eancia iNFRA","url":"https:\/\/agenciainfra.com\/blog\/","logo":{"@type":"ImageObject","inLanguage":"pt-BR","@id":"https:\/\/agenciainfra.com\/blog\/#\/schema\/logo\/image\/","url":"https:\/\/agenciainfra.com\/blog\/wp-content\/uploads\/2023\/09\/iNFRA_5-e1761735885940.png","contentUrl":"https:\/\/agenciainfra.com\/blog\/wp-content\/uploads\/2023\/09\/iNFRA_5-e1761735885940.png","width":1672,"height":454,"caption":"Ag\u00eancia iNFRA"},"image":{"@id":"https:\/\/agenciainfra.com\/blog\/#\/schema\/logo\/image\/"},"sameAs":["https:\/\/www.facebook.com\/ageninfra","https:\/\/x.com\/agencia_infra","https:\/\/www.linkedin.com\/company\/ag\u00eanciainfra\/","https:\/\/www.instagram.com\/agenciainfra\/"]},{"@type":"Person","@id":"https:\/\/agenciainfra.com\/blog\/#\/schema\/person\/34af08dff6adea4cb22b06612ba7acfa","name":"Ag\u00eancia iNFRA","image":{"@type":"ImageObject","inLanguage":"pt-BR","@id":"https:\/\/agenciainfra.com\/blog\/#\/schema\/person\/image\/","url":"https:\/\/secure.gravatar.com\/avatar\/d189e01678f06d8eb84d4e01f08eb848b3fffe3f8443818d3c356c66892f5be8?s=96&d=mm&r=g","contentUrl":"https:\/\/secure.gravatar.com\/avatar\/d189e01678f06d8eb84d4e01f08eb848b3fffe3f8443818d3c356c66892f5be8?s=96&d=mm&r=g","caption":"Ag\u00eancia iNFRA"},"url":"https:\/\/agenciainfra.com\/blog\/author\/admin\/"}]}},"_links":{"self":[{"href":"https:\/\/agenciainfra.com\/blog\/wp-json\/wp\/v2\/posts\/2754","targetHints":{"allow":["GET"]}}],"collection":[{"href":"https:\/\/agenciainfra.com\/blog\/wp-json\/wp\/v2\/posts"}],"about":[{"href":"https:\/\/agenciainfra.com\/blog\/wp-json\/wp\/v2\/types\/post"}],"author":[{"embeddable":true,"href":"https:\/\/agenciainfra.com\/blog\/wp-json\/wp\/v2\/users\/1"}],"replies":[{"embeddable":true,"href":"https:\/\/agenciainfra.com\/blog\/wp-json\/wp\/v2\/comments?post=2754"}],"version-history":[{"count":0,"href":"https:\/\/agenciainfra.com\/blog\/wp-json\/wp\/v2\/posts\/2754\/revisions"}],"wp:featuredmedia":[{"embeddable":true,"href":"https:\/\/agenciainfra.com\/blog\/wp-json\/wp\/v2\/media\/2024"}],"wp:attachment":[{"href":"https:\/\/agenciainfra.com\/blog\/wp-json\/wp\/v2\/media?parent=2754"}],"wp:term":[{"taxonomy":"category","embeddable":true,"href":"https:\/\/agenciainfra.com\/blog\/wp-json\/wp\/v2\/categories?post=2754"},{"taxonomy":"post_tag","embeddable":true,"href":"https:\/\/agenciainfra.com\/blog\/wp-json\/wp\/v2\/tags?post=2754"}],"curies":[{"name":"wp","href":"https:\/\/api.w.org\/{rel}","templated":true}]}}