{"id":27548,"date":"2025-09-11T09:00:00","date_gmt":"2025-09-11T12:00:00","guid":{"rendered":"https:\/\/agenciainfra.com\/blog\/?p=27548"},"modified":"2025-09-13T23:00:12","modified_gmt":"2025-09-14T02:00:12","slug":"governo-tera-180-dias-para-atualizar-informacoes-sobre-obras-do-novo-pac-determina-tcu","status":"publish","type":"post","link":"https:\/\/agenciainfra.com\/blog\/governo-tera-180-dias-para-atualizar-informacoes-sobre-obras-do-novo-pac-determina-tcu\/","title":{"rendered":"TCU d\u00e1 180 dias para governo atualizar informa\u00e7\u00f5es sobre Novo PAC"},"content":{"rendered":"\n<p class=\"has-text-align-right\"><strong>Mar\u00edlia Sena, da Ag\u00eancia iNFRA<\/strong><\/p>\n\n\n\n<p>Ao analisar o Novo PAC (Programa de Acelera\u00e7\u00e3o do Crescimento), o\u00a0TCU (Tribunal de Contas da Uni\u00e3o) apontou a necessidade de o governo ampliar a transpar\u00eancia na execu\u00e7\u00e3o dos investimentos e determinou melhorias em diversos pontos. A proposta aprovada na sess\u00e3o de\u00a0quarta-feira (10) foi apresentada pelo ministro Antonio Anastasia, relator do processo. Com a decis\u00e3o (confira\u00a0<a href=\"https:\/\/agenciainfra.com\/blog\/wp-content\/uploads\/2025\/09\/008.447-2024-1-AAA-Programa-de-Aceleracao-PAC.pdf\" target=\"_blank\" rel=\"noreferrer noopener\">aqui<\/a>\u00a0o ac\u00f3rd\u00e3o), o governo ter\u00e1 180\u00a0dias para disponibilizar no site do programa padr\u00f5es que garantam maior transpar\u00eancia.<br><br>Entre as medidas definidas est\u00e3o: elucidar, para as a\u00e7\u00f5es financiadas por investimento privado, o total a ser investido, os valores previstos at\u00e9 2026, o percentual executado por exerc\u00edcio, a execu\u00e7\u00e3o f\u00edsica da obra e a data prevista para conclus\u00e3o da a\u00e7\u00e3o;\u00a0divulgar os indicadores de desempenho utilizados pela Casa Civil para avaliar o progresso das obras;\u00a0evidenciar\u00a0os crit\u00e9rios utilizados para inclus\u00e3o de cada a\u00e7\u00e3o no programa; e\u00a0esclarecer sobre as fontes de recursos consideradas para o financiamento de cada um dos empreendimentos.<br><br>Al\u00e9m disso, recomendou que o governo federal desenvolva um sistema informatizado para acompanhar os empreendimentos priorit\u00e1rios, de forma a permitir o monitoramento completo das a\u00e7\u00f5es do programa. Anastasia sugeriu que o governo utilize metodologias j\u00e1 desenvolvidas pelo TCU, como o iPrazo e o iValor, para aferir prazos e custos das obras.<br><br>Segundo o ac\u00f3rd\u00e3o, durante a an\u00e1lise das medidas, a Casa Civil informou ao TCU que atualizou o portal eletr\u00f4nico do Novo PAC, acrescentando novos dados, e que novos aperfei\u00e7oamentos estavam em curso. De acordo com o governo federal, \u201cas demais informa\u00e7\u00f5es s\u00e3o de responsabilidade dos \u00f3rg\u00e3os e entidades executores\u201d e, segundo refor\u00e7ou, o monitoramento \u00e9 incumb\u00eancia da Sepac (Secretaria Especial do Programa de Acelera\u00e7\u00e3o do Crescimento).<br><br>O relator destacou que a centraliza\u00e7\u00e3o das informa\u00e7\u00f5es na Sepac est\u00e1 prevista no artigo 37-A do Decreto 11.329\/2023, que atribuiu \u00e0 secretaria, entre outras fun\u00e7\u00f5es, o dever de \u201cplanejar, monitorar e avaliar os resultados do Novo PAC\u201d, al\u00e9m de \u201cproduzir informa\u00e7\u00f5es gerenciais\u201d referentes ao programa.<br><br><strong>Viracopos<\/strong><br>O TCU tamb\u00e9m decidiu nesta quarta n\u00e3o admitir um recurso (embargos de declara\u00e7\u00e3o) apresentado pela ANAC (Ag\u00eancia Nacional de Avia\u00e7\u00e3o Civil) contra decis\u00e3o da corte sobre o processo que discutia a relicita\u00e7\u00e3o do Aeroporto de Viracopos (veja\u00a0<a href=\"https:\/\/agenciainfra.com\/blog\/wp-content\/uploads\/2025\/09\/009.470-2020-4-BD-Embargos_ACOM_relicitacao_Viracopos.pdf\" target=\"_blank\" rel=\"noreferrer noopener\">aqui<\/a>\u00a0o ac\u00f3rd\u00e3o). Em julho, o plen\u00e1rio j\u00e1 havia\u00a0<a href=\"https:\/\/agenciainfra.com\/blog\/tcu-rejeita-recurso-da-anac-que-pedia-retomada-do-processo-de-relicitacao-de-viracopos\/%C2%A0\" target=\"_blank\" rel=\"noreferrer noopener\">negado<\/a>\u00a0um primeiro recurso do \u00f3rg\u00e3o que tentava retomar o processo de relicita\u00e7\u00e3o do ativo, hoje administrado pela ABV (Aeroportos Brasil Viracopos).<br><br>\u201cA embargante alega que a delibera\u00e7\u00e3o recorrida estaria eivada de m\u00faltiplas omiss\u00f5es e contradi\u00e7\u00f5es, notadamente no que diz respeito \u00e0 exig\u00eancia de certifica\u00e7\u00e3o pr\u00e9via do c\u00e1lculo de indeniza\u00e7\u00e3o, \u00e0 fixa\u00e7\u00e3o de um prazo fatal para a relicita\u00e7\u00e3o, \u00e0 an\u00e1lise da preclus\u00e3o e \u00e0 aplica\u00e7\u00e3o de precedentes desta Corte\u201d, apontou o relator, ministro Bruno Dantas.\u00a0<br><br>O ministro avaliou, por sua vez, que os argumentos trazidos pela ANAC seriam \u201cmero inconformismo com o m\u00e9rito da decis\u00e3o proferida\u201d. Para ele, no novo recurso, a ag\u00eancia buscou a rediscuss\u00e3o de teses j\u00e1 apreciadas e \u201crecha\u00e7adas\u201d pelo plen\u00e1rio.\u00a0<br><br>\u201cAssim, configurado o intuito meramente protelat\u00f3rio da iniciativa, conv\u00e9m alertar a embargante de que a oposi\u00e7\u00e3o de novos embargos com o mesmo car\u00e1ter ser\u00e1 recebida como mera peti\u00e7\u00e3o e n\u00e3o suspender\u00e1 a consuma\u00e7\u00e3o do tr\u00e2nsito em julgado administrativo da delibera\u00e7\u00e3o original. Adicionalmente, a embargante deve ser alertada de que \u00e9 cab\u00edvel a aplica\u00e7\u00e3o de multa em raz\u00e3o da oposi\u00e7\u00e3o de embargos de declara\u00e7\u00e3o com intuito manifestamente protelat\u00f3rio\u201d, escreveu o ministro em voto seguido pelos demais colegas.\u00a0<\/p>\n","protected":false},"excerpt":{"rendered":"<p>Mar\u00edlia Sena, da Ag\u00eancia iNFRA Ao analisar o Novo PAC (Programa de Acelera\u00e7\u00e3o do Crescimento), o\u00a0TCU (Tribunal de Contas da Uni\u00e3o) apontou a necessidade de o governo ampliar a transpar\u00eancia na execu\u00e7\u00e3o dos investimentos e determinou melhorias em diversos pontos. A proposta aprovada na sess\u00e3o de\u00a0quarta-feira (10) foi apresentada pelo ministro Antonio Anastasia, relator do [&hellip;]<\/p>\n","protected":false},"author":1,"featured_media":0,"comment_status":"closed","ping_status":"closed","sticky":false,"template":"","format":"standard","meta":{"_monsterinsights_skip_tracking":false,"_monsterinsights_sitenote_active":false,"_monsterinsights_sitenote_note":"","_monsterinsights_sitenote_category":0,"footnotes":""},"categories":[1,7],"tags":[647,32,11654,5992,360,15295,18,241],"class_list":["post-27548","post","type-post","status-publish","format-standard","hentry","category-geral","category-infratransporte","tag-construcao","tag-investimentos","tag-marilia-sena","tag-novo-pac","tag-obras","tag-obras-do-novo-pac","tag-tcu","tag-viracopos"],"yoast_head":"<!-- This site is optimized with the Yoast SEO Premium plugin v25.4 (Yoast SEO v26.0) - https:\/\/yoast.com\/wordpress\/plugins\/seo\/ -->\n<title>TCU d\u00e1 180 dias para governo atualizar informa\u00e7\u00f5es sobre Novo PAC - Ag\u00eancia iNFRA<\/title>\n<meta name=\"robots\" content=\"index, follow, max-snippet:-1, max-image-preview:large, max-video-preview:-1\" \/>\n<link rel=\"canonical\" href=\"https:\/\/agenciainfra.com\/blog\/governo-tera-180-dias-para-atualizar-informacoes-sobre-obras-do-novo-pac-determina-tcu\/\" \/>\n<meta property=\"og:locale\" content=\"pt_BR\" \/>\n<meta property=\"og:type\" content=\"article\" \/>\n<meta property=\"og:title\" content=\"TCU d\u00e1 180 dias para governo atualizar informa\u00e7\u00f5es sobre Novo PAC\" \/>\n<meta property=\"og:description\" content=\"Mar\u00edlia Sena, da Ag\u00eancia iNFRA Ao analisar o Novo PAC (Programa de Acelera\u00e7\u00e3o do Crescimento), o\u00a0TCU (Tribunal de Contas da Uni\u00e3o) apontou a necessidade de o governo ampliar a transpar\u00eancia na execu\u00e7\u00e3o dos investimentos e determinou melhorias em diversos pontos. A proposta aprovada na sess\u00e3o de\u00a0quarta-feira (10) foi apresentada pelo ministro Antonio Anastasia, relator do [&hellip;]\" \/>\n<meta property=\"og:url\" content=\"https:\/\/agenciainfra.com\/blog\/governo-tera-180-dias-para-atualizar-informacoes-sobre-obras-do-novo-pac-determina-tcu\/\" \/>\n<meta property=\"og:site_name\" content=\"Ag\u00eancia iNFRA\" \/>\n<meta property=\"article:publisher\" content=\"https:\/\/www.facebook.com\/ageninfra\" \/>\n<meta property=\"article:published_time\" content=\"2025-09-11T12:00:00+00:00\" \/>\n<meta property=\"article:modified_time\" content=\"2025-09-14T02:00:12+00:00\" \/>\n<meta property=\"og:image\" content=\"https:\/\/agenciainfra.com\/blog\/wp-content\/uploads\/2024\/07\/predio-fachada-tcu-foto-agencia-senado-marcos-oliveira.jpg\" \/>\n\t<meta property=\"og:image:width\" content=\"1202\" \/>\n\t<meta property=\"og:image:height\" content=\"801\" \/>\n\t<meta property=\"og:image:type\" content=\"image\/jpeg\" \/>\n<meta name=\"author\" content=\"Ag\u00eancia iNFRA\" \/>\n<meta name=\"twitter:card\" content=\"summary_large_image\" \/>\n<meta name=\"twitter:creator\" content=\"@agencia_infra\" \/>\n<meta name=\"twitter:site\" content=\"@agencia_infra\" \/>\n<meta name=\"twitter:label1\" content=\"Escrito por\" \/>\n\t<meta name=\"twitter:data1\" content=\"Ag\u00eancia iNFRA\" \/>\n\t<meta name=\"twitter:label2\" content=\"Est. tempo de leitura\" \/>\n\t<meta name=\"twitter:data2\" content=\"3 minutos\" \/>\n<script type=\"application\/ld+json\" class=\"yoast-schema-graph\">{\"@context\":\"https:\/\/schema.org\",\"@graph\":[{\"@type\":\"Article\",\"@id\":\"https:\/\/agenciainfra.com\/blog\/governo-tera-180-dias-para-atualizar-informacoes-sobre-obras-do-novo-pac-determina-tcu\/#article\",\"isPartOf\":{\"@id\":\"https:\/\/agenciainfra.com\/blog\/governo-tera-180-dias-para-atualizar-informacoes-sobre-obras-do-novo-pac-determina-tcu\/\"},\"author\":{\"name\":\"Ag\u00eancia iNFRA\",\"@id\":\"https:\/\/agenciainfra.com\/blog\/#\/schema\/person\/34af08dff6adea4cb22b06612ba7acfa\"},\"headline\":\"TCU d\u00e1 180 dias para governo atualizar informa\u00e7\u00f5es sobre Novo PAC\",\"datePublished\":\"2025-09-11T12:00:00+00:00\",\"dateModified\":\"2025-09-14T02:00:12+00:00\",\"mainEntityOfPage\":{\"@id\":\"https:\/\/agenciainfra.com\/blog\/governo-tera-180-dias-para-atualizar-informacoes-sobre-obras-do-novo-pac-determina-tcu\/\"},\"wordCount\":652,\"publisher\":{\"@id\":\"https:\/\/agenciainfra.com\/blog\/#organization\"},\"keywords\":[\"constru\u00e7\u00e3o\",\"Investimentos\",\"Mar\u00edlia Sena\",\"Novo PAC\",\"obras\",\"obras do novo PAC\",\"TCU\",\"Viracopos\"],\"articleSection\":[\"Geral\",\"iNFRATransporte\"],\"inLanguage\":\"pt-BR\",\"copyrightYear\":\"2025\",\"copyrightHolder\":{\"@id\":\"https:\/\/agenciainfra.com\/blog\/#organization\"}},{\"@type\":\"WebPage\",\"@id\":\"https:\/\/agenciainfra.com\/blog\/governo-tera-180-dias-para-atualizar-informacoes-sobre-obras-do-novo-pac-determina-tcu\/\",\"url\":\"https:\/\/agenciainfra.com\/blog\/governo-tera-180-dias-para-atualizar-informacoes-sobre-obras-do-novo-pac-determina-tcu\/\",\"name\":\"TCU d\u00e1 180 dias para governo atualizar informa\u00e7\u00f5es sobre Novo PAC - Ag\u00eancia iNFRA\",\"isPartOf\":{\"@id\":\"https:\/\/agenciainfra.com\/blog\/#website\"},\"datePublished\":\"2025-09-11T12:00:00+00:00\",\"dateModified\":\"2025-09-14T02:00:12+00:00\",\"breadcrumb\":{\"@id\":\"https:\/\/agenciainfra.com\/blog\/governo-tera-180-dias-para-atualizar-informacoes-sobre-obras-do-novo-pac-determina-tcu\/#breadcrumb\"},\"inLanguage\":\"pt-BR\",\"potentialAction\":[{\"@type\":\"ReadAction\",\"target\":[\"https:\/\/agenciainfra.com\/blog\/governo-tera-180-dias-para-atualizar-informacoes-sobre-obras-do-novo-pac-determina-tcu\/\"]}]},{\"@type\":\"BreadcrumbList\",\"@id\":\"https:\/\/agenciainfra.com\/blog\/governo-tera-180-dias-para-atualizar-informacoes-sobre-obras-do-novo-pac-determina-tcu\/#breadcrumb\",\"itemListElement\":[{\"@type\":\"ListItem\",\"position\":1,\"name\":\"In\u00edcio\",\"item\":\"https:\/\/agenciainfra.com\/blog\/\"},{\"@type\":\"ListItem\",\"position\":2,\"name\":\"TCU d\u00e1 180 dias para governo atualizar informa\u00e7\u00f5es sobre Novo PAC\"}]},{\"@type\":\"WebSite\",\"@id\":\"https:\/\/agenciainfra.com\/blog\/#website\",\"url\":\"https:\/\/agenciainfra.com\/blog\/\",\"name\":\"Ag\u00eancia iNFRA\",\"description\":\"Multiplataforma de informa\u00e7\u00e3o jornal\u00edstica refer\u00eancia na \u00e1rea de infraestrutura no Brasil!\",\"publisher\":{\"@id\":\"https:\/\/agenciainfra.com\/blog\/#organization\"},\"potentialAction\":[{\"@type\":\"SearchAction\",\"target\":{\"@type\":\"EntryPoint\",\"urlTemplate\":\"https:\/\/agenciainfra.com\/blog\/?s={search_term_string}\"},\"query-input\":{\"@type\":\"PropertyValueSpecification\",\"valueRequired\":true,\"valueName\":\"search_term_string\"}}],\"inLanguage\":\"pt-BR\"},{\"@type\":\"Organization\",\"@id\":\"https:\/\/agenciainfra.com\/blog\/#organization\",\"name\":\"Ag\u00eancia iNFRA\",\"url\":\"https:\/\/agenciainfra.com\/blog\/\",\"logo\":{\"@type\":\"ImageObject\",\"inLanguage\":\"pt-BR\",\"@id\":\"https:\/\/agenciainfra.com\/blog\/#\/schema\/logo\/image\/\",\"url\":\"https:\/\/agenciainfra.com\/blog\/wp-content\/uploads\/2023\/09\/iNFRA_5-e1761735885940.png\",\"contentUrl\":\"https:\/\/agenciainfra.com\/blog\/wp-content\/uploads\/2023\/09\/iNFRA_5-e1761735885940.png\",\"width\":1672,\"height\":454,\"caption\":\"Ag\u00eancia iNFRA\"},\"image\":{\"@id\":\"https:\/\/agenciainfra.com\/blog\/#\/schema\/logo\/image\/\"},\"sameAs\":[\"https:\/\/www.facebook.com\/ageninfra\",\"https:\/\/x.com\/agencia_infra\",\"https:\/\/www.linkedin.com\/company\/ag\u00eanciainfra\/\",\"https:\/\/www.instagram.com\/agenciainfra\/\"]},{\"@type\":\"Person\",\"@id\":\"https:\/\/agenciainfra.com\/blog\/#\/schema\/person\/34af08dff6adea4cb22b06612ba7acfa\",\"name\":\"Ag\u00eancia iNFRA\",\"image\":{\"@type\":\"ImageObject\",\"inLanguage\":\"pt-BR\",\"@id\":\"https:\/\/agenciainfra.com\/blog\/#\/schema\/person\/image\/\",\"url\":\"https:\/\/secure.gravatar.com\/avatar\/d189e01678f06d8eb84d4e01f08eb848b3fffe3f8443818d3c356c66892f5be8?s=96&d=mm&r=g\",\"contentUrl\":\"https:\/\/secure.gravatar.com\/avatar\/d189e01678f06d8eb84d4e01f08eb848b3fffe3f8443818d3c356c66892f5be8?s=96&d=mm&r=g\",\"caption\":\"Ag\u00eancia iNFRA\"},\"url\":\"https:\/\/agenciainfra.com\/blog\/author\/admin\/\"}]}<\/script>\n<!-- \/ Yoast SEO Premium plugin. -->","yoast_head_json":{"title":"TCU d\u00e1 180 dias para governo atualizar informa\u00e7\u00f5es sobre Novo PAC - Ag\u00eancia iNFRA","robots":{"index":"index","follow":"follow","max-snippet":"max-snippet:-1","max-image-preview":"max-image-preview:large","max-video-preview":"max-video-preview:-1"},"canonical":"https:\/\/agenciainfra.com\/blog\/governo-tera-180-dias-para-atualizar-informacoes-sobre-obras-do-novo-pac-determina-tcu\/","og_locale":"pt_BR","og_type":"article","og_title":"TCU d\u00e1 180 dias para governo atualizar informa\u00e7\u00f5es sobre Novo PAC","og_description":"Mar\u00edlia Sena, da Ag\u00eancia iNFRA Ao analisar o Novo PAC (Programa de Acelera\u00e7\u00e3o do Crescimento), o\u00a0TCU (Tribunal de Contas da Uni\u00e3o) apontou a necessidade de o governo ampliar a transpar\u00eancia na execu\u00e7\u00e3o dos investimentos e determinou melhorias em diversos pontos. A proposta aprovada na sess\u00e3o de\u00a0quarta-feira (10) foi apresentada pelo ministro Antonio Anastasia, relator do [&hellip;]","og_url":"https:\/\/agenciainfra.com\/blog\/governo-tera-180-dias-para-atualizar-informacoes-sobre-obras-do-novo-pac-determina-tcu\/","og_site_name":"Ag\u00eancia iNFRA","article_publisher":"https:\/\/www.facebook.com\/ageninfra","article_published_time":"2025-09-11T12:00:00+00:00","article_modified_time":"2025-09-14T02:00:12+00:00","og_image":[{"width":1202,"height":801,"url":"https:\/\/agenciainfra.com\/blog\/wp-content\/uploads\/2024\/07\/predio-fachada-tcu-foto-agencia-senado-marcos-oliveira.jpg","type":"image\/jpeg"}],"author":"Ag\u00eancia iNFRA","twitter_card":"summary_large_image","twitter_creator":"@agencia_infra","twitter_site":"@agencia_infra","twitter_misc":{"Escrito por":"Ag\u00eancia iNFRA","Est. tempo de leitura":"3 minutos"},"schema":{"@context":"https:\/\/schema.org","@graph":[{"@type":"Article","@id":"https:\/\/agenciainfra.com\/blog\/governo-tera-180-dias-para-atualizar-informacoes-sobre-obras-do-novo-pac-determina-tcu\/#article","isPartOf":{"@id":"https:\/\/agenciainfra.com\/blog\/governo-tera-180-dias-para-atualizar-informacoes-sobre-obras-do-novo-pac-determina-tcu\/"},"author":{"name":"Ag\u00eancia iNFRA","@id":"https:\/\/agenciainfra.com\/blog\/#\/schema\/person\/34af08dff6adea4cb22b06612ba7acfa"},"headline":"TCU d\u00e1 180 dias para governo atualizar informa\u00e7\u00f5es sobre Novo PAC","datePublished":"2025-09-11T12:00:00+00:00","dateModified":"2025-09-14T02:00:12+00:00","mainEntityOfPage":{"@id":"https:\/\/agenciainfra.com\/blog\/governo-tera-180-dias-para-atualizar-informacoes-sobre-obras-do-novo-pac-determina-tcu\/"},"wordCount":652,"publisher":{"@id":"https:\/\/agenciainfra.com\/blog\/#organization"},"keywords":["constru\u00e7\u00e3o","Investimentos","Mar\u00edlia Sena","Novo PAC","obras","obras do novo PAC","TCU","Viracopos"],"articleSection":["Geral","iNFRATransporte"],"inLanguage":"pt-BR","copyrightYear":"2025","copyrightHolder":{"@id":"https:\/\/agenciainfra.com\/blog\/#organization"}},{"@type":"WebPage","@id":"https:\/\/agenciainfra.com\/blog\/governo-tera-180-dias-para-atualizar-informacoes-sobre-obras-do-novo-pac-determina-tcu\/","url":"https:\/\/agenciainfra.com\/blog\/governo-tera-180-dias-para-atualizar-informacoes-sobre-obras-do-novo-pac-determina-tcu\/","name":"TCU d\u00e1 180 dias para governo atualizar informa\u00e7\u00f5es sobre Novo PAC - Ag\u00eancia iNFRA","isPartOf":{"@id":"https:\/\/agenciainfra.com\/blog\/#website"},"datePublished":"2025-09-11T12:00:00+00:00","dateModified":"2025-09-14T02:00:12+00:00","breadcrumb":{"@id":"https:\/\/agenciainfra.com\/blog\/governo-tera-180-dias-para-atualizar-informacoes-sobre-obras-do-novo-pac-determina-tcu\/#breadcrumb"},"inLanguage":"pt-BR","potentialAction":[{"@type":"ReadAction","target":["https:\/\/agenciainfra.com\/blog\/governo-tera-180-dias-para-atualizar-informacoes-sobre-obras-do-novo-pac-determina-tcu\/"]}]},{"@type":"BreadcrumbList","@id":"https:\/\/agenciainfra.com\/blog\/governo-tera-180-dias-para-atualizar-informacoes-sobre-obras-do-novo-pac-determina-tcu\/#breadcrumb","itemListElement":[{"@type":"ListItem","position":1,"name":"In\u00edcio","item":"https:\/\/agenciainfra.com\/blog\/"},{"@type":"ListItem","position":2,"name":"TCU d\u00e1 180 dias para governo atualizar informa\u00e7\u00f5es sobre Novo PAC"}]},{"@type":"WebSite","@id":"https:\/\/agenciainfra.com\/blog\/#website","url":"https:\/\/agenciainfra.com\/blog\/","name":"Ag\u00eancia iNFRA","description":"Multiplataforma de informa\u00e7\u00e3o jornal\u00edstica refer\u00eancia na \u00e1rea de infraestrutura no Brasil!","publisher":{"@id":"https:\/\/agenciainfra.com\/blog\/#organization"},"potentialAction":[{"@type":"SearchAction","target":{"@type":"EntryPoint","urlTemplate":"https:\/\/agenciainfra.com\/blog\/?s={search_term_string}"},"query-input":{"@type":"PropertyValueSpecification","valueRequired":true,"valueName":"search_term_string"}}],"inLanguage":"pt-BR"},{"@type":"Organization","@id":"https:\/\/agenciainfra.com\/blog\/#organization","name":"Ag\u00eancia iNFRA","url":"https:\/\/agenciainfra.com\/blog\/","logo":{"@type":"ImageObject","inLanguage":"pt-BR","@id":"https:\/\/agenciainfra.com\/blog\/#\/schema\/logo\/image\/","url":"https:\/\/agenciainfra.com\/blog\/wp-content\/uploads\/2023\/09\/iNFRA_5-e1761735885940.png","contentUrl":"https:\/\/agenciainfra.com\/blog\/wp-content\/uploads\/2023\/09\/iNFRA_5-e1761735885940.png","width":1672,"height":454,"caption":"Ag\u00eancia iNFRA"},"image":{"@id":"https:\/\/agenciainfra.com\/blog\/#\/schema\/logo\/image\/"},"sameAs":["https:\/\/www.facebook.com\/ageninfra","https:\/\/x.com\/agencia_infra","https:\/\/www.linkedin.com\/company\/ag\u00eanciainfra\/","https:\/\/www.instagram.com\/agenciainfra\/"]},{"@type":"Person","@id":"https:\/\/agenciainfra.com\/blog\/#\/schema\/person\/34af08dff6adea4cb22b06612ba7acfa","name":"Ag\u00eancia iNFRA","image":{"@type":"ImageObject","inLanguage":"pt-BR","@id":"https:\/\/agenciainfra.com\/blog\/#\/schema\/person\/image\/","url":"https:\/\/secure.gravatar.com\/avatar\/d189e01678f06d8eb84d4e01f08eb848b3fffe3f8443818d3c356c66892f5be8?s=96&d=mm&r=g","contentUrl":"https:\/\/secure.gravatar.com\/avatar\/d189e01678f06d8eb84d4e01f08eb848b3fffe3f8443818d3c356c66892f5be8?s=96&d=mm&r=g","caption":"Ag\u00eancia iNFRA"},"url":"https:\/\/agenciainfra.com\/blog\/author\/admin\/"}]}},"_links":{"self":[{"href":"https:\/\/agenciainfra.com\/blog\/wp-json\/wp\/v2\/posts\/27548","targetHints":{"allow":["GET"]}}],"collection":[{"href":"https:\/\/agenciainfra.com\/blog\/wp-json\/wp\/v2\/posts"}],"about":[{"href":"https:\/\/agenciainfra.com\/blog\/wp-json\/wp\/v2\/types\/post"}],"author":[{"embeddable":true,"href":"https:\/\/agenciainfra.com\/blog\/wp-json\/wp\/v2\/users\/1"}],"replies":[{"embeddable":true,"href":"https:\/\/agenciainfra.com\/blog\/wp-json\/wp\/v2\/comments?post=27548"}],"version-history":[{"count":2,"href":"https:\/\/agenciainfra.com\/blog\/wp-json\/wp\/v2\/posts\/27548\/revisions"}],"predecessor-version":[{"id":27571,"href":"https:\/\/agenciainfra.com\/blog\/wp-json\/wp\/v2\/posts\/27548\/revisions\/27571"}],"wp:attachment":[{"href":"https:\/\/agenciainfra.com\/blog\/wp-json\/wp\/v2\/media?parent=27548"}],"wp:term":[{"taxonomy":"category","embeddable":true,"href":"https:\/\/agenciainfra.com\/blog\/wp-json\/wp\/v2\/categories?post=27548"},{"taxonomy":"post_tag","embeddable":true,"href":"https:\/\/agenciainfra.com\/blog\/wp-json\/wp\/v2\/tags?post=27548"}],"curies":[{"name":"wp","href":"https:\/\/api.w.org\/{rel}","templated":true}]}}