{"id":2757,"date":"2019-01-07T04:00:44","date_gmt":"2019-01-07T07:00:44","guid":{"rendered":"http:\/\/www.agenciainfra.com\/blog\/?p=2757"},"modified":"2019-01-04T14:27:23","modified_gmt":"2019-01-04T17:27:23","slug":"ministro-diz-que-vai-abrir-discussao-sobre-fusao-de-agencias-reguladoras","status":"publish","type":"post","link":"https:\/\/agenciainfra.com\/blog\/ministro-diz-que-vai-abrir-discussao-sobre-fusao-de-agencias-reguladoras\/","title":{"rendered":"Ministro diz que vai abrir discuss\u00e3o sobre fus\u00e3o de ag\u00eancias reguladoras"},"content":{"rendered":"<div>\n<h5 style=\"text-align: right;\"><strong>Dimmi Amora,\u00a0da Ag\u00eancia iNFRA<\/strong><\/h5>\n<p>O ministro da Infraestrutura, Tarc\u00edsio de Freitas, tomou posse nesta quarta-feira (2) com um discurso tentando refor\u00e7ar o caminho de parcerias do governo com o setor privado, indicando solu\u00e7\u00f5es\u00a0para problemas deixados\u00a0pelo minist\u00e9rio, e garantindo di\u00e1logo com o setor privado para os atos do setor.<\/p>\n<p>Uma das\u00a0propostas\u00a0em que o novo ministro prometeu maior interlocu\u00e7\u00e3o com empresas e tamb\u00e9m com servidores foi o de extin\u00e7\u00e3o das ag\u00eancias reguladoras ANTAQ (Ag\u00eancia Nacional de Transportes Aquavi\u00e1rios) e\u00a0ANTT (Ag\u00eancia Nacional de Transportes Terrestres)\u00a0para a cria\u00e7\u00e3o de uma nova ag\u00eancia unindo as atribui\u00e7\u00f5es de ambas. Ele tratou o ato como uma possibilidade que s\u00f3 seria realizada\u00a0ap\u00f3s debate com os setores.<\/p>\n<p>&#8220;\u00c9 necess\u00e1rio um rearranjo institucional que garanta principalmente o fortalecimento e a independ\u00eancia das ag\u00eancias. N\u00e3o quer dizer que a gente vai fazer realmente a fus\u00e3o&#8221;, disse Tarc\u00edsio, informando que o novo arranjo tem que trazer resultados e que ser\u00e1 necess\u00e1rio &#8220;o insulamento pol\u00edtico&#8221; das ag\u00eancias. &#8220;Precisamos de ag\u00eancias fortes&#8221;.<\/p>\n<p>Entre as solu\u00e7\u00f5es em que as ag\u00eancias ser\u00e3o necess\u00e1rias\u00a0est\u00e1 o caso das concess\u00f5es de aeroportos e rodovias realizadas no primeiro governo da presidente Dilma Rousseff que, segundo ele, pela crise econ\u00f4mica posterior, tornaram-se contratos inexequ\u00edveis. No discurso, Freitas afirmou que vai dar solu\u00e7\u00e3o para esses contratos.<\/p>\n<p>Depois, em entrevista a jornalistas, ele explicou que essa solu\u00e7\u00e3o pode passar pelo decreto de devolu\u00e7\u00e3o das concess\u00f5es, regulamentando o trecho da Lei 13.448\/2017\u00a0que permitiu isso, mas que o governo do presidente Michel Temer n\u00e3o assinou, ou uma solu\u00e7\u00e3o pelo reequil\u00edbrio dos contratos na revis\u00e3o quinquenal, que ocorrer\u00e1 este ano.<\/p>\n<p>&#8220;Ningu\u00e9m assinou contrato com o governo A ou B. Assinou com o estado brasileiro&#8221;, disse Tarc\u00edsio ao defender a revis\u00e3o, inclusive do Aeroporto de Viracopos, que est\u00e1 em recupera\u00e7\u00e3o judicial.<\/p>\n<p>Segundo ele, a melhor solu\u00e7\u00e3o para os usu\u00e1rios seria a revis\u00e3o dos contratos, mas isso ter\u00e1 que ser decidido em comum acordo com os \u00f3rg\u00e3os de controle que v\u00eam defendendo o que ele chamou de solu\u00e7\u00e3o regulat\u00f3ria mais elegante, ou seja, a devolu\u00e7\u00e3o amig\u00e1vel com relicita\u00e7\u00e3o, mas\u00a0que ficar\u00e1 mais cara aos usu\u00e1rios.<\/p>\n<p><strong>Aeroportos<\/strong><br \/>\nNa entrevista, Tarc\u00edsio indicou que n\u00e3o haver\u00e1 mudan\u00e7as nos pr\u00f3ximo dois leil\u00f5es marcados, da Ferrovia Norte-Sul e dos 3 blocos de aeroportos. Segundo ele, logo ap\u00f3s o leil\u00e3o de aeroportos em mar\u00e7o, o governo vai anunciar uma nova rodada (a 6\u00aa) de aeroportos.<\/p>\n<p>Segundo ele, as unidades que ser\u00e3o colocadas em concess\u00e3o estar\u00e3o aglutinadas em blocos, como agora, e tr\u00eas blocos v\u00e3o a leil\u00e3o por vez, mantendo a l\u00f3gica de aeroportos rent\u00e1veis com n\u00e3o rent\u00e1veis. Mas os aeroportos de Congonhas (SP) e Santos Dumont (RJ) n\u00e3o estar\u00e3o presentes na pr\u00f3xima rodada. Eles ficar\u00e3o para as rodadas finais para garantir sustentabilidade para a Infraero.<\/p>\n<p>O ministro afirmou que deseja acelerar os processos de concess\u00f5es porque o mercado no exterior est\u00e1 vendo com bons olhos o novo momento do pa\u00eds de abertura ao mercado.<\/p>\n<p>&#8220;Os nossos ativos est\u00e3o despertando interesse no mercado internacional. Estamos voltando para as discuss\u00f5es de conselho [das empresas]&#8221;, disse o ministro.<\/p>\n<p><strong>Novo marco<\/strong><br \/>\nTarc\u00edsio foi elegante com os seus antecessores, os ex-ministros dos Transportes da\u00a0presidente Dilma Rousseff, Paulo S\u00e9rgio Passos e C\u00e9sar Borges, com quem trabalhou. Segundo ele, agora \u00e9 a hora dele colocar mais um tijolo na caminhada do setor.<\/p>\n<p>Tarc\u00edsio disse que\u00a0sua gest\u00e3o vai valorizar os servidores da casa e ser\u00e1 baseada no trip\u00e9 Planejamento &#8211; Regula\u00e7\u00e3o &#8211; Gest\u00e3o. O ministro cobrou o que ele chama de maior protagonismo da iniciativa privada e disse que tinha o temor de que sua gera\u00e7\u00e3o fosse a &#8220;gera\u00e7\u00e3o perdida&#8221;, o que n\u00e3o vai acontecer mais.<\/p>\n<p>&#8220;N\u00f3s vamos fazer parte da gera\u00e7\u00e3o que vai fazer entrega ao pa\u00eds. E infraestrutura ser\u00e1\u00a0o maior legado&#8221;, disse o novo ministro.<\/p>\n<\/div>\n","protected":false},"excerpt":{"rendered":"<p>Dimmi Amora,\u00a0da Ag\u00eancia iNFRA O ministro da Infraestrutura, Tarc\u00edsio de Freitas, tomou posse nesta quarta-feira (2) com um discurso tentando refor\u00e7ar o caminho de parcerias do governo com o setor privado, indicando solu\u00e7\u00f5es\u00a0para problemas deixados\u00a0pelo minist\u00e9rio, e garantindo di\u00e1logo com o setor privado para os atos do setor. Uma das\u00a0propostas\u00a0em que o novo ministro prometeu [&hellip;]<\/p>\n","protected":false},"author":1,"featured_media":2722,"comment_status":"closed","ping_status":"open","sticky":false,"template":"","format":"standard","meta":{"_monsterinsights_skip_tracking":false,"_monsterinsights_sitenote_active":false,"_monsterinsights_sitenote_note":"","_monsterinsights_sitenote_category":0,"footnotes":""},"categories":[7],"tags":[60,22,79,34,671,91,21,448],"class_list":["post-2757","post","type-post","status-publish","format-standard","has-post-thumbnail","hentry","category-infratransporte","tag-aeroporto","tag-concessao","tag-ferrovia","tag-infraestrutura","tag-ministerio","tag-porto","tag-rodovia","tag-tarcisio-de-freitas"],"yoast_head":"<!-- This site is optimized with the Yoast SEO Premium plugin v25.4 (Yoast SEO v26.0) - https:\/\/yoast.com\/wordpress\/plugins\/seo\/ -->\n<title>Ministro diz que vai abrir discuss\u00e3o sobre fus\u00e3o de ag\u00eancias reguladoras - Ag\u00eancia iNFRA<\/title>\n<meta name=\"robots\" content=\"index, follow, max-snippet:-1, max-image-preview:large, max-video-preview:-1\" \/>\n<link rel=\"canonical\" href=\"https:\/\/agenciainfra.com\/blog\/ministro-diz-que-vai-abrir-discussao-sobre-fusao-de-agencias-reguladoras\/\" \/>\n<meta property=\"og:locale\" content=\"pt_BR\" \/>\n<meta property=\"og:type\" content=\"article\" \/>\n<meta property=\"og:title\" content=\"Ministro diz que vai abrir discuss\u00e3o sobre fus\u00e3o de ag\u00eancias reguladoras\" \/>\n<meta property=\"og:description\" content=\"Dimmi Amora,\u00a0da Ag\u00eancia iNFRA O ministro da Infraestrutura, Tarc\u00edsio de Freitas, tomou posse nesta quarta-feira (2) com um discurso tentando refor\u00e7ar o caminho de parcerias do governo com o setor privado, indicando solu\u00e7\u00f5es\u00a0para problemas deixados\u00a0pelo minist\u00e9rio, e garantindo di\u00e1logo com o setor privado para os atos do setor. Uma das\u00a0propostas\u00a0em que o novo ministro prometeu [&hellip;]\" \/>\n<meta property=\"og:url\" content=\"https:\/\/agenciainfra.com\/blog\/ministro-diz-que-vai-abrir-discussao-sobre-fusao-de-agencias-reguladoras\/\" \/>\n<meta property=\"og:site_name\" content=\"Ag\u00eancia iNFRA\" \/>\n<meta property=\"article:publisher\" content=\"https:\/\/www.facebook.com\/ageninfra\" \/>\n<meta property=\"article:published_time\" content=\"2019-01-07T07:00:44+00:00\" \/>\n<meta property=\"og:image\" content=\"https:\/\/agenciainfra.com\/blog\/wp-content\/uploads\/2018\/12\/WhatsApp-Image-2018-11-27-at-20.16.21.jpeg\" \/>\n\t<meta property=\"og:image:width\" content=\"1280\" \/>\n\t<meta property=\"og:image:height\" content=\"855\" \/>\n\t<meta property=\"og:image:type\" content=\"image\/jpeg\" \/>\n<meta name=\"author\" content=\"Ag\u00eancia iNFRA\" \/>\n<meta name=\"twitter:card\" content=\"summary_large_image\" \/>\n<meta name=\"twitter:creator\" content=\"@agencia_infra\" \/>\n<meta name=\"twitter:site\" content=\"@agencia_infra\" \/>\n<meta name=\"twitter:label1\" content=\"Escrito por\" \/>\n\t<meta name=\"twitter:data1\" content=\"Ag\u00eancia iNFRA\" \/>\n\t<meta name=\"twitter:label2\" content=\"Est. tempo de leitura\" \/>\n\t<meta name=\"twitter:data2\" content=\"4 minutos\" \/>\n<script type=\"application\/ld+json\" class=\"yoast-schema-graph\">{\"@context\":\"https:\/\/schema.org\",\"@graph\":[{\"@type\":\"Article\",\"@id\":\"https:\/\/agenciainfra.com\/blog\/ministro-diz-que-vai-abrir-discussao-sobre-fusao-de-agencias-reguladoras\/#article\",\"isPartOf\":{\"@id\":\"https:\/\/agenciainfra.com\/blog\/ministro-diz-que-vai-abrir-discussao-sobre-fusao-de-agencias-reguladoras\/\"},\"author\":{\"name\":\"Ag\u00eancia iNFRA\",\"@id\":\"https:\/\/agenciainfra.com\/blog\/#\/schema\/person\/34af08dff6adea4cb22b06612ba7acfa\"},\"headline\":\"Ministro diz que vai abrir discuss\u00e3o sobre fus\u00e3o de ag\u00eancias reguladoras\",\"datePublished\":\"2019-01-07T07:00:44+00:00\",\"mainEntityOfPage\":{\"@id\":\"https:\/\/agenciainfra.com\/blog\/ministro-diz-que-vai-abrir-discussao-sobre-fusao-de-agencias-reguladoras\/\"},\"wordCount\":722,\"publisher\":{\"@id\":\"https:\/\/agenciainfra.com\/blog\/#organization\"},\"image\":{\"@id\":\"https:\/\/agenciainfra.com\/blog\/ministro-diz-que-vai-abrir-discussao-sobre-fusao-de-agencias-reguladoras\/#primaryimage\"},\"thumbnailUrl\":\"https:\/\/agenciainfra.com\/blog\/wp-content\/uploads\/2018\/12\/WhatsApp-Image-2018-11-27-at-20.16.21.jpeg\",\"keywords\":[\"aeroporto\",\"Concess\u00e3o\",\"Ferrovia\",\"Infraestrutura\",\"Minist\u00e9rio\",\"PORTO\",\"Rodovia\",\"Tarc\u00edsio de Freitas\"],\"articleSection\":[\"iNFRATransporte\"],\"inLanguage\":\"pt-BR\",\"copyrightYear\":\"2019\",\"copyrightHolder\":{\"@id\":\"https:\/\/agenciainfra.com\/blog\/#organization\"}},{\"@type\":\"WebPage\",\"@id\":\"https:\/\/agenciainfra.com\/blog\/ministro-diz-que-vai-abrir-discussao-sobre-fusao-de-agencias-reguladoras\/\",\"url\":\"https:\/\/agenciainfra.com\/blog\/ministro-diz-que-vai-abrir-discussao-sobre-fusao-de-agencias-reguladoras\/\",\"name\":\"Ministro diz que vai abrir discuss\u00e3o sobre fus\u00e3o de ag\u00eancias reguladoras - Ag\u00eancia iNFRA\",\"isPartOf\":{\"@id\":\"https:\/\/agenciainfra.com\/blog\/#website\"},\"primaryImageOfPage\":{\"@id\":\"https:\/\/agenciainfra.com\/blog\/ministro-diz-que-vai-abrir-discussao-sobre-fusao-de-agencias-reguladoras\/#primaryimage\"},\"image\":{\"@id\":\"https:\/\/agenciainfra.com\/blog\/ministro-diz-que-vai-abrir-discussao-sobre-fusao-de-agencias-reguladoras\/#primaryimage\"},\"thumbnailUrl\":\"https:\/\/agenciainfra.com\/blog\/wp-content\/uploads\/2018\/12\/WhatsApp-Image-2018-11-27-at-20.16.21.jpeg\",\"datePublished\":\"2019-01-07T07:00:44+00:00\",\"breadcrumb\":{\"@id\":\"https:\/\/agenciainfra.com\/blog\/ministro-diz-que-vai-abrir-discussao-sobre-fusao-de-agencias-reguladoras\/#breadcrumb\"},\"inLanguage\":\"pt-BR\",\"potentialAction\":[{\"@type\":\"ReadAction\",\"target\":[\"https:\/\/agenciainfra.com\/blog\/ministro-diz-que-vai-abrir-discussao-sobre-fusao-de-agencias-reguladoras\/\"]}]},{\"@type\":\"ImageObject\",\"inLanguage\":\"pt-BR\",\"@id\":\"https:\/\/agenciainfra.com\/blog\/ministro-diz-que-vai-abrir-discussao-sobre-fusao-de-agencias-reguladoras\/#primaryimage\",\"url\":\"https:\/\/agenciainfra.com\/blog\/wp-content\/uploads\/2018\/12\/WhatsApp-Image-2018-11-27-at-20.16.21.jpeg\",\"contentUrl\":\"https:\/\/agenciainfra.com\/blog\/wp-content\/uploads\/2018\/12\/WhatsApp-Image-2018-11-27-at-20.16.21.jpeg\",\"width\":1280,\"height\":855},{\"@type\":\"BreadcrumbList\",\"@id\":\"https:\/\/agenciainfra.com\/blog\/ministro-diz-que-vai-abrir-discussao-sobre-fusao-de-agencias-reguladoras\/#breadcrumb\",\"itemListElement\":[{\"@type\":\"ListItem\",\"position\":1,\"name\":\"In\u00edcio\",\"item\":\"https:\/\/agenciainfra.com\/blog\/\"},{\"@type\":\"ListItem\",\"position\":2,\"name\":\"Ministro diz que vai abrir discuss\u00e3o sobre fus\u00e3o de ag\u00eancias reguladoras\"}]},{\"@type\":\"WebSite\",\"@id\":\"https:\/\/agenciainfra.com\/blog\/#website\",\"url\":\"https:\/\/agenciainfra.com\/blog\/\",\"name\":\"Ag\u00eancia iNFRA\",\"description\":\"Multiplataforma de informa\u00e7\u00e3o jornal\u00edstica refer\u00eancia na \u00e1rea de infraestrutura no Brasil!\",\"publisher\":{\"@id\":\"https:\/\/agenciainfra.com\/blog\/#organization\"},\"potentialAction\":[{\"@type\":\"SearchAction\",\"target\":{\"@type\":\"EntryPoint\",\"urlTemplate\":\"https:\/\/agenciainfra.com\/blog\/?s={search_term_string}\"},\"query-input\":{\"@type\":\"PropertyValueSpecification\",\"valueRequired\":true,\"valueName\":\"search_term_string\"}}],\"inLanguage\":\"pt-BR\"},{\"@type\":\"Organization\",\"@id\":\"https:\/\/agenciainfra.com\/blog\/#organization\",\"name\":\"Ag\u00eancia iNFRA\",\"url\":\"https:\/\/agenciainfra.com\/blog\/\",\"logo\":{\"@type\":\"ImageObject\",\"inLanguage\":\"pt-BR\",\"@id\":\"https:\/\/agenciainfra.com\/blog\/#\/schema\/logo\/image\/\",\"url\":\"https:\/\/agenciainfra.com\/blog\/wp-content\/uploads\/2023\/09\/iNFRA_5-e1761735885940.png\",\"contentUrl\":\"https:\/\/agenciainfra.com\/blog\/wp-content\/uploads\/2023\/09\/iNFRA_5-e1761735885940.png\",\"width\":1672,\"height\":454,\"caption\":\"Ag\u00eancia iNFRA\"},\"image\":{\"@id\":\"https:\/\/agenciainfra.com\/blog\/#\/schema\/logo\/image\/\"},\"sameAs\":[\"https:\/\/www.facebook.com\/ageninfra\",\"https:\/\/x.com\/agencia_infra\",\"https:\/\/www.linkedin.com\/company\/ag\u00eanciainfra\/\",\"https:\/\/www.instagram.com\/agenciainfra\/\"]},{\"@type\":\"Person\",\"@id\":\"https:\/\/agenciainfra.com\/blog\/#\/schema\/person\/34af08dff6adea4cb22b06612ba7acfa\",\"name\":\"Ag\u00eancia iNFRA\",\"image\":{\"@type\":\"ImageObject\",\"inLanguage\":\"pt-BR\",\"@id\":\"https:\/\/agenciainfra.com\/blog\/#\/schema\/person\/image\/\",\"url\":\"https:\/\/secure.gravatar.com\/avatar\/d189e01678f06d8eb84d4e01f08eb848b3fffe3f8443818d3c356c66892f5be8?s=96&d=mm&r=g\",\"contentUrl\":\"https:\/\/secure.gravatar.com\/avatar\/d189e01678f06d8eb84d4e01f08eb848b3fffe3f8443818d3c356c66892f5be8?s=96&d=mm&r=g\",\"caption\":\"Ag\u00eancia iNFRA\"},\"url\":\"https:\/\/agenciainfra.com\/blog\/author\/admin\/\"}]}<\/script>\n<!-- \/ Yoast SEO Premium plugin. -->","yoast_head_json":{"title":"Ministro diz que vai abrir discuss\u00e3o sobre fus\u00e3o de ag\u00eancias reguladoras - Ag\u00eancia iNFRA","robots":{"index":"index","follow":"follow","max-snippet":"max-snippet:-1","max-image-preview":"max-image-preview:large","max-video-preview":"max-video-preview:-1"},"canonical":"https:\/\/agenciainfra.com\/blog\/ministro-diz-que-vai-abrir-discussao-sobre-fusao-de-agencias-reguladoras\/","og_locale":"pt_BR","og_type":"article","og_title":"Ministro diz que vai abrir discuss\u00e3o sobre fus\u00e3o de ag\u00eancias reguladoras","og_description":"Dimmi Amora,\u00a0da Ag\u00eancia iNFRA O ministro da Infraestrutura, Tarc\u00edsio de Freitas, tomou posse nesta quarta-feira (2) com um discurso tentando refor\u00e7ar o caminho de parcerias do governo com o setor privado, indicando solu\u00e7\u00f5es\u00a0para problemas deixados\u00a0pelo minist\u00e9rio, e garantindo di\u00e1logo com o setor privado para os atos do setor. Uma das\u00a0propostas\u00a0em que o novo ministro prometeu [&hellip;]","og_url":"https:\/\/agenciainfra.com\/blog\/ministro-diz-que-vai-abrir-discussao-sobre-fusao-de-agencias-reguladoras\/","og_site_name":"Ag\u00eancia iNFRA","article_publisher":"https:\/\/www.facebook.com\/ageninfra","article_published_time":"2019-01-07T07:00:44+00:00","og_image":[{"width":1280,"height":855,"url":"https:\/\/agenciainfra.com\/blog\/wp-content\/uploads\/2018\/12\/WhatsApp-Image-2018-11-27-at-20.16.21.jpeg","type":"image\/jpeg"}],"author":"Ag\u00eancia iNFRA","twitter_card":"summary_large_image","twitter_creator":"@agencia_infra","twitter_site":"@agencia_infra","twitter_misc":{"Escrito por":"Ag\u00eancia iNFRA","Est. tempo de leitura":"4 minutos"},"schema":{"@context":"https:\/\/schema.org","@graph":[{"@type":"Article","@id":"https:\/\/agenciainfra.com\/blog\/ministro-diz-que-vai-abrir-discussao-sobre-fusao-de-agencias-reguladoras\/#article","isPartOf":{"@id":"https:\/\/agenciainfra.com\/blog\/ministro-diz-que-vai-abrir-discussao-sobre-fusao-de-agencias-reguladoras\/"},"author":{"name":"Ag\u00eancia iNFRA","@id":"https:\/\/agenciainfra.com\/blog\/#\/schema\/person\/34af08dff6adea4cb22b06612ba7acfa"},"headline":"Ministro diz que vai abrir discuss\u00e3o sobre fus\u00e3o de ag\u00eancias reguladoras","datePublished":"2019-01-07T07:00:44+00:00","mainEntityOfPage":{"@id":"https:\/\/agenciainfra.com\/blog\/ministro-diz-que-vai-abrir-discussao-sobre-fusao-de-agencias-reguladoras\/"},"wordCount":722,"publisher":{"@id":"https:\/\/agenciainfra.com\/blog\/#organization"},"image":{"@id":"https:\/\/agenciainfra.com\/blog\/ministro-diz-que-vai-abrir-discussao-sobre-fusao-de-agencias-reguladoras\/#primaryimage"},"thumbnailUrl":"https:\/\/agenciainfra.com\/blog\/wp-content\/uploads\/2018\/12\/WhatsApp-Image-2018-11-27-at-20.16.21.jpeg","keywords":["aeroporto","Concess\u00e3o","Ferrovia","Infraestrutura","Minist\u00e9rio","PORTO","Rodovia","Tarc\u00edsio de Freitas"],"articleSection":["iNFRATransporte"],"inLanguage":"pt-BR","copyrightYear":"2019","copyrightHolder":{"@id":"https:\/\/agenciainfra.com\/blog\/#organization"}},{"@type":"WebPage","@id":"https:\/\/agenciainfra.com\/blog\/ministro-diz-que-vai-abrir-discussao-sobre-fusao-de-agencias-reguladoras\/","url":"https:\/\/agenciainfra.com\/blog\/ministro-diz-que-vai-abrir-discussao-sobre-fusao-de-agencias-reguladoras\/","name":"Ministro diz que vai abrir discuss\u00e3o sobre fus\u00e3o de ag\u00eancias reguladoras - Ag\u00eancia iNFRA","isPartOf":{"@id":"https:\/\/agenciainfra.com\/blog\/#website"},"primaryImageOfPage":{"@id":"https:\/\/agenciainfra.com\/blog\/ministro-diz-que-vai-abrir-discussao-sobre-fusao-de-agencias-reguladoras\/#primaryimage"},"image":{"@id":"https:\/\/agenciainfra.com\/blog\/ministro-diz-que-vai-abrir-discussao-sobre-fusao-de-agencias-reguladoras\/#primaryimage"},"thumbnailUrl":"https:\/\/agenciainfra.com\/blog\/wp-content\/uploads\/2018\/12\/WhatsApp-Image-2018-11-27-at-20.16.21.jpeg","datePublished":"2019-01-07T07:00:44+00:00","breadcrumb":{"@id":"https:\/\/agenciainfra.com\/blog\/ministro-diz-que-vai-abrir-discussao-sobre-fusao-de-agencias-reguladoras\/#breadcrumb"},"inLanguage":"pt-BR","potentialAction":[{"@type":"ReadAction","target":["https:\/\/agenciainfra.com\/blog\/ministro-diz-que-vai-abrir-discussao-sobre-fusao-de-agencias-reguladoras\/"]}]},{"@type":"ImageObject","inLanguage":"pt-BR","@id":"https:\/\/agenciainfra.com\/blog\/ministro-diz-que-vai-abrir-discussao-sobre-fusao-de-agencias-reguladoras\/#primaryimage","url":"https:\/\/agenciainfra.com\/blog\/wp-content\/uploads\/2018\/12\/WhatsApp-Image-2018-11-27-at-20.16.21.jpeg","contentUrl":"https:\/\/agenciainfra.com\/blog\/wp-content\/uploads\/2018\/12\/WhatsApp-Image-2018-11-27-at-20.16.21.jpeg","width":1280,"height":855},{"@type":"BreadcrumbList","@id":"https:\/\/agenciainfra.com\/blog\/ministro-diz-que-vai-abrir-discussao-sobre-fusao-de-agencias-reguladoras\/#breadcrumb","itemListElement":[{"@type":"ListItem","position":1,"name":"In\u00edcio","item":"https:\/\/agenciainfra.com\/blog\/"},{"@type":"ListItem","position":2,"name":"Ministro diz que vai abrir discuss\u00e3o sobre fus\u00e3o de ag\u00eancias reguladoras"}]},{"@type":"WebSite","@id":"https:\/\/agenciainfra.com\/blog\/#website","url":"https:\/\/agenciainfra.com\/blog\/","name":"Ag\u00eancia iNFRA","description":"Multiplataforma de informa\u00e7\u00e3o jornal\u00edstica refer\u00eancia na \u00e1rea de infraestrutura no Brasil!","publisher":{"@id":"https:\/\/agenciainfra.com\/blog\/#organization"},"potentialAction":[{"@type":"SearchAction","target":{"@type":"EntryPoint","urlTemplate":"https:\/\/agenciainfra.com\/blog\/?s={search_term_string}"},"query-input":{"@type":"PropertyValueSpecification","valueRequired":true,"valueName":"search_term_string"}}],"inLanguage":"pt-BR"},{"@type":"Organization","@id":"https:\/\/agenciainfra.com\/blog\/#organization","name":"Ag\u00eancia iNFRA","url":"https:\/\/agenciainfra.com\/blog\/","logo":{"@type":"ImageObject","inLanguage":"pt-BR","@id":"https:\/\/agenciainfra.com\/blog\/#\/schema\/logo\/image\/","url":"https:\/\/agenciainfra.com\/blog\/wp-content\/uploads\/2023\/09\/iNFRA_5-e1761735885940.png","contentUrl":"https:\/\/agenciainfra.com\/blog\/wp-content\/uploads\/2023\/09\/iNFRA_5-e1761735885940.png","width":1672,"height":454,"caption":"Ag\u00eancia iNFRA"},"image":{"@id":"https:\/\/agenciainfra.com\/blog\/#\/schema\/logo\/image\/"},"sameAs":["https:\/\/www.facebook.com\/ageninfra","https:\/\/x.com\/agencia_infra","https:\/\/www.linkedin.com\/company\/ag\u00eanciainfra\/","https:\/\/www.instagram.com\/agenciainfra\/"]},{"@type":"Person","@id":"https:\/\/agenciainfra.com\/blog\/#\/schema\/person\/34af08dff6adea4cb22b06612ba7acfa","name":"Ag\u00eancia iNFRA","image":{"@type":"ImageObject","inLanguage":"pt-BR","@id":"https:\/\/agenciainfra.com\/blog\/#\/schema\/person\/image\/","url":"https:\/\/secure.gravatar.com\/avatar\/d189e01678f06d8eb84d4e01f08eb848b3fffe3f8443818d3c356c66892f5be8?s=96&d=mm&r=g","contentUrl":"https:\/\/secure.gravatar.com\/avatar\/d189e01678f06d8eb84d4e01f08eb848b3fffe3f8443818d3c356c66892f5be8?s=96&d=mm&r=g","caption":"Ag\u00eancia iNFRA"},"url":"https:\/\/agenciainfra.com\/blog\/author\/admin\/"}]}},"_links":{"self":[{"href":"https:\/\/agenciainfra.com\/blog\/wp-json\/wp\/v2\/posts\/2757","targetHints":{"allow":["GET"]}}],"collection":[{"href":"https:\/\/agenciainfra.com\/blog\/wp-json\/wp\/v2\/posts"}],"about":[{"href":"https:\/\/agenciainfra.com\/blog\/wp-json\/wp\/v2\/types\/post"}],"author":[{"embeddable":true,"href":"https:\/\/agenciainfra.com\/blog\/wp-json\/wp\/v2\/users\/1"}],"replies":[{"embeddable":true,"href":"https:\/\/agenciainfra.com\/blog\/wp-json\/wp\/v2\/comments?post=2757"}],"version-history":[{"count":0,"href":"https:\/\/agenciainfra.com\/blog\/wp-json\/wp\/v2\/posts\/2757\/revisions"}],"wp:featuredmedia":[{"embeddable":true,"href":"https:\/\/agenciainfra.com\/blog\/wp-json\/wp\/v2\/media\/2722"}],"wp:attachment":[{"href":"https:\/\/agenciainfra.com\/blog\/wp-json\/wp\/v2\/media?parent=2757"}],"wp:term":[{"taxonomy":"category","embeddable":true,"href":"https:\/\/agenciainfra.com\/blog\/wp-json\/wp\/v2\/categories?post=2757"},{"taxonomy":"post_tag","embeddable":true,"href":"https:\/\/agenciainfra.com\/blog\/wp-json\/wp\/v2\/tags?post=2757"}],"curies":[{"name":"wp","href":"https:\/\/api.w.org\/{rel}","templated":true}]}}