{"id":27585,"date":"2025-09-11T15:16:42","date_gmt":"2025-09-11T18:16:42","guid":{"rendered":"https:\/\/agenciainfra.com\/blog\/?p=27585"},"modified":"2025-09-11T15:16:45","modified_gmt":"2025-09-11T18:16:45","slug":"governo-de-minas-propoe-ppp-para-modernizar-rede-estadual-de-ensino","status":"publish","type":"post","link":"https:\/\/agenciainfra.com\/blog\/governo-de-minas-propoe-ppp-para-modernizar-rede-estadual-de-ensino\/","title":{"rendered":"Governo de Minas prop\u00f5e PPP para modernizar rede estadual de ensino"},"content":{"rendered":"\n<p class=\"has-text-align-right\"><strong>da Ag\u00eancia iNFRA<\/strong><\/p>\n\n\n\n<p>O governo de Minas Gerais lan\u00e7ou um projeto de PPP (Parceria P\u00fablico-Privada) para a moderniza\u00e7\u00e3o da rede estadual de ensino, com investimentos previstos em mais de R$ 4,5 bilh\u00f5es. A proposta, que vai a consulta p\u00fablica, abrange reforma, conserva\u00e7\u00e3o, manuten\u00e7\u00e3o e opera\u00e7\u00e3o de servi\u00e7os n\u00e3o pedag\u00f3gicos em 95 escolas estaduais espalhadas em 34 munic\u00edpios das regi\u00f5es Norte e Metropolitana de Belo Horizonte.<\/p>\n\n\n\n<p>A SEE\/MG (Secretaria de Estado de Educa\u00e7\u00e3o), que conduz o projeto junto \u00e0 Seinfra\/MG (Secretaria de Infraestrutura, Mobilidade e Parcerias), continuar\u00e1 com a gest\u00e3o pedag\u00f3gica das escolas. O projeto conta ainda com a parceria do BNDES (Banco Nacional de Desenvolvimento Econ\u00f4mico e Social) e da Codemge (Companhia de Desenvolvimento de Minas Gerais).<\/p>\n\n\n\n<p>O prazo para envio de contribui\u00e7\u00f5es \u00e0 consulta p\u00fablica vai at\u00e9 26 de setembro, quando ser\u00e1 realizada tamb\u00e9m a \u00faltima audi\u00eancia p\u00fablica para debater a proposta, em Montes Claros. A primeira sess\u00e3o ser\u00e1 no dia 24 de setembro, em Belo Horizonte. Os documentos e informa\u00e7\u00f5es referentes ao projeto est\u00e3o dispon\u00edveis no <a href=\"https:\/\/www.educacao.mg.gov.br\/projeto-de-parceria-publico-privada\/\">site da SEE<\/a>.<\/p>\n\n\n\n<p><strong>Dois sublotes<\/strong><br>O projeto foi dividido em dois sublotes, um com 34 escolas, na Regi\u00e3o Norte, e outro com 61, na Regi\u00e3o Metropolitana de Belo Horizonte. De acordo com informa\u00e7\u00f5es da Ag\u00eancia Minas, o certame poder\u00e1 ser por sublote ou lote \u00fanico. O contrato tem dura\u00e7\u00e3o de 25 anos e estima R$ 1,03 bilh\u00e3o em obras de moderniza\u00e7\u00e3o somado a R$ 3,5 bilh\u00f5es para opera\u00e7\u00e3o dos servi\u00e7os.<\/p>\n\n\n\n<p>Os munic\u00edpios contemplados s\u00e3o: Bar\u00e3o de Cocais, Belo Horizonte, Betim, Bocai\u00fava, Brasil\u00e2ndia de Minas, Brumadinho, Caet\u00e9, Contagem, Cora\u00e7\u00e3o de Jesus, Esmeraldas, Francisco S\u00e1, Ibirit\u00e9, Igarap\u00e9, Itacarambi, Janu\u00e1ria, Juatuba, Juven\u00edlia, Lagoa Santa, Lontra, Mirabela, Montes Claros, Nova Lima, Pat\u00eds, Pedro Leopoldo, Ribeir\u00e3o das Neves, Rio Acima, Sabar\u00e1, Santa B\u00e1rbara, Santa Luzia, S\u00e3o Francisco, S\u00e3o Jo\u00e3o do Para\u00edso, Taquara\u00e7u de Minas, Ub\u00e1 e Vespasiano.<\/p>\n","protected":false},"excerpt":{"rendered":"<p>da Ag\u00eancia iNFRA O governo de Minas Gerais lan\u00e7ou um projeto de PPP (Parceria P\u00fablico-Privada) para a moderniza\u00e7\u00e3o da rede estadual de ensino, com investimentos previstos em mais de R$ 4,5 bilh\u00f5es. A proposta, que vai a consulta p\u00fablica, abrange reforma, conserva\u00e7\u00e3o, manuten\u00e7\u00e3o e opera\u00e7\u00e3o de servi\u00e7os n\u00e3o pedag\u00f3gicos em 95 escolas estaduais espalhadas em [&hellip;]<\/p>\n","protected":false},"author":1,"featured_media":27588,"comment_status":"closed","ping_status":"closed","sticky":false,"template":"","format":"standard","meta":{"_monsterinsights_skip_tracking":false,"_monsterinsights_sitenote_active":false,"_monsterinsights_sitenote_note":"","_monsterinsights_sitenote_category":0,"footnotes":""},"categories":[1,13576],"tags":[103,11842,5903,97,15216,15305],"class_list":["post-27585","post","type-post","status-publish","format-standard","has-post-thumbnail","hentry","category-geral","category-giro-infra","tag-bndes","tag-codemge","tag-governo-de-minas-gerais","tag-ppp","tag-ppp-de-educacao","tag-rede-de-ensino"],"yoast_head":"<!-- This site is optimized with the Yoast SEO Premium plugin v25.4 (Yoast SEO v26.0) - https:\/\/yoast.com\/wordpress\/plugins\/seo\/ -->\n<title>Governo de Minas prop\u00f5e PPP para modernizar rede estadual de ensino - Ag\u00eancia iNFRA<\/title>\n<meta name=\"robots\" content=\"index, follow, max-snippet:-1, max-image-preview:large, max-video-preview:-1\" \/>\n<link rel=\"canonical\" href=\"https:\/\/agenciainfra.com\/blog\/governo-de-minas-propoe-ppp-para-modernizar-rede-estadual-de-ensino\/\" \/>\n<meta property=\"og:locale\" content=\"pt_BR\" \/>\n<meta property=\"og:type\" content=\"article\" \/>\n<meta property=\"og:title\" content=\"Governo de Minas prop\u00f5e PPP para modernizar rede estadual de ensino\" \/>\n<meta property=\"og:description\" content=\"da Ag\u00eancia iNFRA O governo de Minas Gerais lan\u00e7ou um projeto de PPP (Parceria P\u00fablico-Privada) para a moderniza\u00e7\u00e3o da rede estadual de ensino, com investimentos previstos em mais de R$ 4,5 bilh\u00f5es. A proposta, que vai a consulta p\u00fablica, abrange reforma, conserva\u00e7\u00e3o, manuten\u00e7\u00e3o e opera\u00e7\u00e3o de servi\u00e7os n\u00e3o pedag\u00f3gicos em 95 escolas estaduais espalhadas em [&hellip;]\" \/>\n<meta property=\"og:url\" content=\"https:\/\/agenciainfra.com\/blog\/governo-de-minas-propoe-ppp-para-modernizar-rede-estadual-de-ensino\/\" \/>\n<meta property=\"og:site_name\" content=\"Ag\u00eancia iNFRA\" \/>\n<meta property=\"article:publisher\" content=\"https:\/\/www.facebook.com\/ageninfra\" \/>\n<meta property=\"article:published_time\" content=\"2025-09-11T18:16:42+00:00\" \/>\n<meta property=\"article:modified_time\" content=\"2025-09-11T18:16:45+00:00\" \/>\n<meta property=\"og:image\" content=\"https:\/\/agenciainfra.com\/blog\/wp-content\/uploads\/2025\/09\/e-e-pedro-II-foto-see-mg.jpg\" \/>\n\t<meta property=\"og:image:width\" content=\"1280\" \/>\n\t<meta property=\"og:image:height\" content=\"721\" \/>\n\t<meta property=\"og:image:type\" content=\"image\/jpeg\" \/>\n<meta name=\"author\" content=\"Ag\u00eancia iNFRA\" \/>\n<meta name=\"twitter:card\" content=\"summary_large_image\" \/>\n<meta name=\"twitter:creator\" content=\"@agencia_infra\" \/>\n<meta name=\"twitter:site\" content=\"@agencia_infra\" \/>\n<meta name=\"twitter:label1\" content=\"Escrito por\" \/>\n\t<meta name=\"twitter:data1\" content=\"Ag\u00eancia iNFRA\" \/>\n\t<meta name=\"twitter:label2\" content=\"Est. tempo de leitura\" \/>\n\t<meta name=\"twitter:data2\" content=\"2 minutos\" \/>\n<script type=\"application\/ld+json\" class=\"yoast-schema-graph\">{\"@context\":\"https:\/\/schema.org\",\"@graph\":[{\"@type\":\"Article\",\"@id\":\"https:\/\/agenciainfra.com\/blog\/governo-de-minas-propoe-ppp-para-modernizar-rede-estadual-de-ensino\/#article\",\"isPartOf\":{\"@id\":\"https:\/\/agenciainfra.com\/blog\/governo-de-minas-propoe-ppp-para-modernizar-rede-estadual-de-ensino\/\"},\"author\":{\"name\":\"Ag\u00eancia iNFRA\",\"@id\":\"https:\/\/agenciainfra.com\/blog\/#\/schema\/person\/34af08dff6adea4cb22b06612ba7acfa\"},\"headline\":\"Governo de Minas prop\u00f5e PPP para modernizar rede estadual de ensino\",\"datePublished\":\"2025-09-11T18:16:42+00:00\",\"dateModified\":\"2025-09-11T18:16:45+00:00\",\"mainEntityOfPage\":{\"@id\":\"https:\/\/agenciainfra.com\/blog\/governo-de-minas-propoe-ppp-para-modernizar-rede-estadual-de-ensino\/\"},\"wordCount\":355,\"publisher\":{\"@id\":\"https:\/\/agenciainfra.com\/blog\/#organization\"},\"image\":{\"@id\":\"https:\/\/agenciainfra.com\/blog\/governo-de-minas-propoe-ppp-para-modernizar-rede-estadual-de-ensino\/#primaryimage\"},\"thumbnailUrl\":\"https:\/\/agenciainfra.com\/blog\/wp-content\/uploads\/2025\/09\/e-e-pedro-II-foto-see-mg.jpg\",\"keywords\":[\"BNDES\",\"Codemge\",\"Governo de Minas Gerais\",\"PPP\",\"PPP de educa\u00e7\u00e3o\",\"rede de ensino\"],\"articleSection\":[\"Geral\",\"Giro iNFRA\"],\"inLanguage\":\"pt-BR\",\"copyrightYear\":\"2025\",\"copyrightHolder\":{\"@id\":\"https:\/\/agenciainfra.com\/blog\/#organization\"}},{\"@type\":\"WebPage\",\"@id\":\"https:\/\/agenciainfra.com\/blog\/governo-de-minas-propoe-ppp-para-modernizar-rede-estadual-de-ensino\/\",\"url\":\"https:\/\/agenciainfra.com\/blog\/governo-de-minas-propoe-ppp-para-modernizar-rede-estadual-de-ensino\/\",\"name\":\"Governo de Minas prop\u00f5e PPP para modernizar rede estadual de ensino - Ag\u00eancia iNFRA\",\"isPartOf\":{\"@id\":\"https:\/\/agenciainfra.com\/blog\/#website\"},\"primaryImageOfPage\":{\"@id\":\"https:\/\/agenciainfra.com\/blog\/governo-de-minas-propoe-ppp-para-modernizar-rede-estadual-de-ensino\/#primaryimage\"},\"image\":{\"@id\":\"https:\/\/agenciainfra.com\/blog\/governo-de-minas-propoe-ppp-para-modernizar-rede-estadual-de-ensino\/#primaryimage\"},\"thumbnailUrl\":\"https:\/\/agenciainfra.com\/blog\/wp-content\/uploads\/2025\/09\/e-e-pedro-II-foto-see-mg.jpg\",\"datePublished\":\"2025-09-11T18:16:42+00:00\",\"dateModified\":\"2025-09-11T18:16:45+00:00\",\"breadcrumb\":{\"@id\":\"https:\/\/agenciainfra.com\/blog\/governo-de-minas-propoe-ppp-para-modernizar-rede-estadual-de-ensino\/#breadcrumb\"},\"inLanguage\":\"pt-BR\",\"potentialAction\":[{\"@type\":\"ReadAction\",\"target\":[\"https:\/\/agenciainfra.com\/blog\/governo-de-minas-propoe-ppp-para-modernizar-rede-estadual-de-ensino\/\"]}]},{\"@type\":\"ImageObject\",\"inLanguage\":\"pt-BR\",\"@id\":\"https:\/\/agenciainfra.com\/blog\/governo-de-minas-propoe-ppp-para-modernizar-rede-estadual-de-ensino\/#primaryimage\",\"url\":\"https:\/\/agenciainfra.com\/blog\/wp-content\/uploads\/2025\/09\/e-e-pedro-II-foto-see-mg.jpg\",\"contentUrl\":\"https:\/\/agenciainfra.com\/blog\/wp-content\/uploads\/2025\/09\/e-e-pedro-II-foto-see-mg.jpg\",\"width\":1280,\"height\":721,\"caption\":\"Foto: SEE\/MG\"},{\"@type\":\"BreadcrumbList\",\"@id\":\"https:\/\/agenciainfra.com\/blog\/governo-de-minas-propoe-ppp-para-modernizar-rede-estadual-de-ensino\/#breadcrumb\",\"itemListElement\":[{\"@type\":\"ListItem\",\"position\":1,\"name\":\"In\u00edcio\",\"item\":\"https:\/\/agenciainfra.com\/blog\/\"},{\"@type\":\"ListItem\",\"position\":2,\"name\":\"Governo de Minas prop\u00f5e PPP para modernizar rede estadual de ensino\"}]},{\"@type\":\"WebSite\",\"@id\":\"https:\/\/agenciainfra.com\/blog\/#website\",\"url\":\"https:\/\/agenciainfra.com\/blog\/\",\"name\":\"Ag\u00eancia iNFRA\",\"description\":\"Multiplataforma de informa\u00e7\u00e3o jornal\u00edstica refer\u00eancia na \u00e1rea de infraestrutura no Brasil!\",\"publisher\":{\"@id\":\"https:\/\/agenciainfra.com\/blog\/#organization\"},\"potentialAction\":[{\"@type\":\"SearchAction\",\"target\":{\"@type\":\"EntryPoint\",\"urlTemplate\":\"https:\/\/agenciainfra.com\/blog\/?s={search_term_string}\"},\"query-input\":{\"@type\":\"PropertyValueSpecification\",\"valueRequired\":true,\"valueName\":\"search_term_string\"}}],\"inLanguage\":\"pt-BR\"},{\"@type\":\"Organization\",\"@id\":\"https:\/\/agenciainfra.com\/blog\/#organization\",\"name\":\"Ag\u00eancia iNFRA\",\"url\":\"https:\/\/agenciainfra.com\/blog\/\",\"logo\":{\"@type\":\"ImageObject\",\"inLanguage\":\"pt-BR\",\"@id\":\"https:\/\/agenciainfra.com\/blog\/#\/schema\/logo\/image\/\",\"url\":\"https:\/\/agenciainfra.com\/blog\/wp-content\/uploads\/2023\/09\/iNFRA_5-e1761735885940.png\",\"contentUrl\":\"https:\/\/agenciainfra.com\/blog\/wp-content\/uploads\/2023\/09\/iNFRA_5-e1761735885940.png\",\"width\":1672,\"height\":454,\"caption\":\"Ag\u00eancia iNFRA\"},\"image\":{\"@id\":\"https:\/\/agenciainfra.com\/blog\/#\/schema\/logo\/image\/\"},\"sameAs\":[\"https:\/\/www.facebook.com\/ageninfra\",\"https:\/\/x.com\/agencia_infra\",\"https:\/\/www.linkedin.com\/company\/ag\u00eanciainfra\/\",\"https:\/\/www.instagram.com\/agenciainfra\/\"]},{\"@type\":\"Person\",\"@id\":\"https:\/\/agenciainfra.com\/blog\/#\/schema\/person\/34af08dff6adea4cb22b06612ba7acfa\",\"name\":\"Ag\u00eancia iNFRA\",\"image\":{\"@type\":\"ImageObject\",\"inLanguage\":\"pt-BR\",\"@id\":\"https:\/\/agenciainfra.com\/blog\/#\/schema\/person\/image\/\",\"url\":\"https:\/\/secure.gravatar.com\/avatar\/d189e01678f06d8eb84d4e01f08eb848b3fffe3f8443818d3c356c66892f5be8?s=96&d=mm&r=g\",\"contentUrl\":\"https:\/\/secure.gravatar.com\/avatar\/d189e01678f06d8eb84d4e01f08eb848b3fffe3f8443818d3c356c66892f5be8?s=96&d=mm&r=g\",\"caption\":\"Ag\u00eancia iNFRA\"},\"url\":\"https:\/\/agenciainfra.com\/blog\/author\/admin\/\"}]}<\/script>\n<!-- \/ Yoast SEO Premium plugin. -->","yoast_head_json":{"title":"Governo de Minas prop\u00f5e PPP para modernizar rede estadual de ensino - Ag\u00eancia iNFRA","robots":{"index":"index","follow":"follow","max-snippet":"max-snippet:-1","max-image-preview":"max-image-preview:large","max-video-preview":"max-video-preview:-1"},"canonical":"https:\/\/agenciainfra.com\/blog\/governo-de-minas-propoe-ppp-para-modernizar-rede-estadual-de-ensino\/","og_locale":"pt_BR","og_type":"article","og_title":"Governo de Minas prop\u00f5e PPP para modernizar rede estadual de ensino","og_description":"da Ag\u00eancia iNFRA O governo de Minas Gerais lan\u00e7ou um projeto de PPP (Parceria P\u00fablico-Privada) para a moderniza\u00e7\u00e3o da rede estadual de ensino, com investimentos previstos em mais de R$ 4,5 bilh\u00f5es. A proposta, que vai a consulta p\u00fablica, abrange reforma, conserva\u00e7\u00e3o, manuten\u00e7\u00e3o e opera\u00e7\u00e3o de servi\u00e7os n\u00e3o pedag\u00f3gicos em 95 escolas estaduais espalhadas em [&hellip;]","og_url":"https:\/\/agenciainfra.com\/blog\/governo-de-minas-propoe-ppp-para-modernizar-rede-estadual-de-ensino\/","og_site_name":"Ag\u00eancia iNFRA","article_publisher":"https:\/\/www.facebook.com\/ageninfra","article_published_time":"2025-09-11T18:16:42+00:00","article_modified_time":"2025-09-11T18:16:45+00:00","og_image":[{"width":1280,"height":721,"url":"https:\/\/agenciainfra.com\/blog\/wp-content\/uploads\/2025\/09\/e-e-pedro-II-foto-see-mg.jpg","type":"image\/jpeg"}],"author":"Ag\u00eancia iNFRA","twitter_card":"summary_large_image","twitter_creator":"@agencia_infra","twitter_site":"@agencia_infra","twitter_misc":{"Escrito por":"Ag\u00eancia iNFRA","Est. tempo de leitura":"2 minutos"},"schema":{"@context":"https:\/\/schema.org","@graph":[{"@type":"Article","@id":"https:\/\/agenciainfra.com\/blog\/governo-de-minas-propoe-ppp-para-modernizar-rede-estadual-de-ensino\/#article","isPartOf":{"@id":"https:\/\/agenciainfra.com\/blog\/governo-de-minas-propoe-ppp-para-modernizar-rede-estadual-de-ensino\/"},"author":{"name":"Ag\u00eancia iNFRA","@id":"https:\/\/agenciainfra.com\/blog\/#\/schema\/person\/34af08dff6adea4cb22b06612ba7acfa"},"headline":"Governo de Minas prop\u00f5e PPP para modernizar rede estadual de ensino","datePublished":"2025-09-11T18:16:42+00:00","dateModified":"2025-09-11T18:16:45+00:00","mainEntityOfPage":{"@id":"https:\/\/agenciainfra.com\/blog\/governo-de-minas-propoe-ppp-para-modernizar-rede-estadual-de-ensino\/"},"wordCount":355,"publisher":{"@id":"https:\/\/agenciainfra.com\/blog\/#organization"},"image":{"@id":"https:\/\/agenciainfra.com\/blog\/governo-de-minas-propoe-ppp-para-modernizar-rede-estadual-de-ensino\/#primaryimage"},"thumbnailUrl":"https:\/\/agenciainfra.com\/blog\/wp-content\/uploads\/2025\/09\/e-e-pedro-II-foto-see-mg.jpg","keywords":["BNDES","Codemge","Governo de Minas Gerais","PPP","PPP de educa\u00e7\u00e3o","rede de ensino"],"articleSection":["Geral","Giro iNFRA"],"inLanguage":"pt-BR","copyrightYear":"2025","copyrightHolder":{"@id":"https:\/\/agenciainfra.com\/blog\/#organization"}},{"@type":"WebPage","@id":"https:\/\/agenciainfra.com\/blog\/governo-de-minas-propoe-ppp-para-modernizar-rede-estadual-de-ensino\/","url":"https:\/\/agenciainfra.com\/blog\/governo-de-minas-propoe-ppp-para-modernizar-rede-estadual-de-ensino\/","name":"Governo de Minas prop\u00f5e PPP para modernizar rede estadual de ensino - Ag\u00eancia iNFRA","isPartOf":{"@id":"https:\/\/agenciainfra.com\/blog\/#website"},"primaryImageOfPage":{"@id":"https:\/\/agenciainfra.com\/blog\/governo-de-minas-propoe-ppp-para-modernizar-rede-estadual-de-ensino\/#primaryimage"},"image":{"@id":"https:\/\/agenciainfra.com\/blog\/governo-de-minas-propoe-ppp-para-modernizar-rede-estadual-de-ensino\/#primaryimage"},"thumbnailUrl":"https:\/\/agenciainfra.com\/blog\/wp-content\/uploads\/2025\/09\/e-e-pedro-II-foto-see-mg.jpg","datePublished":"2025-09-11T18:16:42+00:00","dateModified":"2025-09-11T18:16:45+00:00","breadcrumb":{"@id":"https:\/\/agenciainfra.com\/blog\/governo-de-minas-propoe-ppp-para-modernizar-rede-estadual-de-ensino\/#breadcrumb"},"inLanguage":"pt-BR","potentialAction":[{"@type":"ReadAction","target":["https:\/\/agenciainfra.com\/blog\/governo-de-minas-propoe-ppp-para-modernizar-rede-estadual-de-ensino\/"]}]},{"@type":"ImageObject","inLanguage":"pt-BR","@id":"https:\/\/agenciainfra.com\/blog\/governo-de-minas-propoe-ppp-para-modernizar-rede-estadual-de-ensino\/#primaryimage","url":"https:\/\/agenciainfra.com\/blog\/wp-content\/uploads\/2025\/09\/e-e-pedro-II-foto-see-mg.jpg","contentUrl":"https:\/\/agenciainfra.com\/blog\/wp-content\/uploads\/2025\/09\/e-e-pedro-II-foto-see-mg.jpg","width":1280,"height":721,"caption":"Foto: SEE\/MG"},{"@type":"BreadcrumbList","@id":"https:\/\/agenciainfra.com\/blog\/governo-de-minas-propoe-ppp-para-modernizar-rede-estadual-de-ensino\/#breadcrumb","itemListElement":[{"@type":"ListItem","position":1,"name":"In\u00edcio","item":"https:\/\/agenciainfra.com\/blog\/"},{"@type":"ListItem","position":2,"name":"Governo de Minas prop\u00f5e PPP para modernizar rede estadual de ensino"}]},{"@type":"WebSite","@id":"https:\/\/agenciainfra.com\/blog\/#website","url":"https:\/\/agenciainfra.com\/blog\/","name":"Ag\u00eancia iNFRA","description":"Multiplataforma de informa\u00e7\u00e3o jornal\u00edstica refer\u00eancia na \u00e1rea de infraestrutura no Brasil!","publisher":{"@id":"https:\/\/agenciainfra.com\/blog\/#organization"},"potentialAction":[{"@type":"SearchAction","target":{"@type":"EntryPoint","urlTemplate":"https:\/\/agenciainfra.com\/blog\/?s={search_term_string}"},"query-input":{"@type":"PropertyValueSpecification","valueRequired":true,"valueName":"search_term_string"}}],"inLanguage":"pt-BR"},{"@type":"Organization","@id":"https:\/\/agenciainfra.com\/blog\/#organization","name":"Ag\u00eancia iNFRA","url":"https:\/\/agenciainfra.com\/blog\/","logo":{"@type":"ImageObject","inLanguage":"pt-BR","@id":"https:\/\/agenciainfra.com\/blog\/#\/schema\/logo\/image\/","url":"https:\/\/agenciainfra.com\/blog\/wp-content\/uploads\/2023\/09\/iNFRA_5-e1761735885940.png","contentUrl":"https:\/\/agenciainfra.com\/blog\/wp-content\/uploads\/2023\/09\/iNFRA_5-e1761735885940.png","width":1672,"height":454,"caption":"Ag\u00eancia iNFRA"},"image":{"@id":"https:\/\/agenciainfra.com\/blog\/#\/schema\/logo\/image\/"},"sameAs":["https:\/\/www.facebook.com\/ageninfra","https:\/\/x.com\/agencia_infra","https:\/\/www.linkedin.com\/company\/ag\u00eanciainfra\/","https:\/\/www.instagram.com\/agenciainfra\/"]},{"@type":"Person","@id":"https:\/\/agenciainfra.com\/blog\/#\/schema\/person\/34af08dff6adea4cb22b06612ba7acfa","name":"Ag\u00eancia iNFRA","image":{"@type":"ImageObject","inLanguage":"pt-BR","@id":"https:\/\/agenciainfra.com\/blog\/#\/schema\/person\/image\/","url":"https:\/\/secure.gravatar.com\/avatar\/d189e01678f06d8eb84d4e01f08eb848b3fffe3f8443818d3c356c66892f5be8?s=96&d=mm&r=g","contentUrl":"https:\/\/secure.gravatar.com\/avatar\/d189e01678f06d8eb84d4e01f08eb848b3fffe3f8443818d3c356c66892f5be8?s=96&d=mm&r=g","caption":"Ag\u00eancia iNFRA"},"url":"https:\/\/agenciainfra.com\/blog\/author\/admin\/"}]}},"_links":{"self":[{"href":"https:\/\/agenciainfra.com\/blog\/wp-json\/wp\/v2\/posts\/27585","targetHints":{"allow":["GET"]}}],"collection":[{"href":"https:\/\/agenciainfra.com\/blog\/wp-json\/wp\/v2\/posts"}],"about":[{"href":"https:\/\/agenciainfra.com\/blog\/wp-json\/wp\/v2\/types\/post"}],"author":[{"embeddable":true,"href":"https:\/\/agenciainfra.com\/blog\/wp-json\/wp\/v2\/users\/1"}],"replies":[{"embeddable":true,"href":"https:\/\/agenciainfra.com\/blog\/wp-json\/wp\/v2\/comments?post=27585"}],"version-history":[{"count":1,"href":"https:\/\/agenciainfra.com\/blog\/wp-json\/wp\/v2\/posts\/27585\/revisions"}],"predecessor-version":[{"id":27589,"href":"https:\/\/agenciainfra.com\/blog\/wp-json\/wp\/v2\/posts\/27585\/revisions\/27589"}],"wp:featuredmedia":[{"embeddable":true,"href":"https:\/\/agenciainfra.com\/blog\/wp-json\/wp\/v2\/media\/27588"}],"wp:attachment":[{"href":"https:\/\/agenciainfra.com\/blog\/wp-json\/wp\/v2\/media?parent=27585"}],"wp:term":[{"taxonomy":"category","embeddable":true,"href":"https:\/\/agenciainfra.com\/blog\/wp-json\/wp\/v2\/categories?post=27585"},{"taxonomy":"post_tag","embeddable":true,"href":"https:\/\/agenciainfra.com\/blog\/wp-json\/wp\/v2\/tags?post=27585"}],"curies":[{"name":"wp","href":"https:\/\/api.w.org\/{rel}","templated":true}]}}