{"id":27586,"date":"2025-09-11T14:55:18","date_gmt":"2025-09-11T17:55:18","guid":{"rendered":"https:\/\/agenciainfra.com\/blog\/?p=27586"},"modified":"2025-09-11T14:55:21","modified_gmt":"2025-09-11T17:55:21","slug":"mme-abre-consulta-sobre-metas-de-descarbonizacao-do-renovabio","status":"publish","type":"post","link":"https:\/\/agenciainfra.com\/blog\/mme-abre-consulta-sobre-metas-de-descarbonizacao-do-renovabio\/","title":{"rendered":"MME abre consulta sobre metas de descarboniza\u00e7\u00e3o do RenovaBio"},"content":{"rendered":"\n<p class=\"has-text-align-right\"><strong>da Ag\u00eancia iNFRA&nbsp;<\/strong><\/p>\n\n\n\n<p>O MME (Minist\u00e9rio de Minas e Energia) abriu, nesta quinta-feira (11), a <a href=\"https:\/\/consultas-publicas.mme.gov.br\/home\">Consulta P\u00fablica 197<\/a>, que discute as metas de redu\u00e7\u00e3o de emiss\u00f5es do RenovaBio para o per\u00edodo de 2026 a 2035. As contribui\u00e7\u00f5es podem ser enviadas at\u00e9 26 de outubro, por meio do <a href=\"https:\/\/www.gov.br\/participamaisbrasil\/proposta-de-definicao-das-metas-compulsorias-anuais-do-renovabio-ciclo-2026-2035\">Participa+Brasil<\/a>.<\/p>\n\n\n\n<p>A proposta discute a AIR (An\u00e1lise de Impacto Regulat\u00f3rio) sobre as metas anuais da pol\u00edtica de biocombust\u00edveis. Para 2026, est\u00e1 prevista a emiss\u00e3o de 48,09 milh\u00f5es de CBIOs (Cr\u00e9ditos de Descarboniza\u00e7\u00e3o), que depois ser\u00e3o distribu\u00eddos entre os agentes de mercado. O documento tamb\u00e9m projeta metas para os anos de 2027 a 2035, com margens de toler\u00e2ncia.<\/p>\n\n\n\n<p>O Comit\u00ea RenovaBio, coordenado pelo MME e integrado por diferentes pastas do governo federal, como Fazenda, Agricultura, Meio Ambiente, Transportes e Ci\u00eancia e Tecnologia, al\u00e9m da Casa Civil, aprovou as metas. Ap\u00f3s o fim da consulta, o Comit\u00ea encaminhar\u00e1 suas recomenda\u00e7\u00f5es ao CNPE (Conselho Nacional de Pol\u00edtica Energ\u00e9tica), respons\u00e1vel pela decis\u00e3o final.<\/p>\n","protected":false},"excerpt":{"rendered":"<p>da Ag\u00eancia iNFRA&nbsp; O MME (Minist\u00e9rio de Minas e Energia) abriu, nesta quinta-feira (11), a Consulta P\u00fablica 197, que discute as metas de redu\u00e7\u00e3o de emiss\u00f5es do RenovaBio para o per\u00edodo de 2026 a 2035. As contribui\u00e7\u00f5es podem ser enviadas at\u00e9 26 de outubro, por meio do Participa+Brasil. A proposta discute a AIR (An\u00e1lise de [&hellip;]<\/p>\n","protected":false},"author":1,"featured_media":15182,"comment_status":"closed","ping_status":"closed","sticky":false,"template":"","format":"standard","meta":{"_monsterinsights_skip_tracking":false,"_monsterinsights_sitenote_active":false,"_monsterinsights_sitenote_note":"","_monsterinsights_sitenote_category":0,"footnotes":""},"categories":[1,13576],"tags":[2474,14494,345,3361,71,5202],"class_list":["post-27586","post","type-post","status-publish","format-standard","has-post-thumbnail","hentry","category-geral","category-giro-infra","tag-biocombustiveis","tag-cbios","tag-consulta-publica","tag-descarbonizacao","tag-mme","tag-renovabio"],"yoast_head":"<!-- This site is optimized with the Yoast SEO Premium plugin v25.4 (Yoast SEO v26.0) - https:\/\/yoast.com\/wordpress\/plugins\/seo\/ -->\n<title>MME abre consulta sobre metas de descarboniza\u00e7\u00e3o do RenovaBio - Ag\u00eancia iNFRA<\/title>\n<meta name=\"robots\" content=\"index, follow, max-snippet:-1, max-image-preview:large, max-video-preview:-1\" \/>\n<link rel=\"canonical\" href=\"https:\/\/agenciainfra.com\/blog\/mme-abre-consulta-sobre-metas-de-descarbonizacao-do-renovabio\/\" \/>\n<meta property=\"og:locale\" content=\"pt_BR\" \/>\n<meta property=\"og:type\" content=\"article\" \/>\n<meta property=\"og:title\" content=\"MME abre consulta sobre metas de descarboniza\u00e7\u00e3o do RenovaBio\" \/>\n<meta property=\"og:description\" content=\"da Ag\u00eancia iNFRA&nbsp; O MME (Minist\u00e9rio de Minas e Energia) abriu, nesta quinta-feira (11), a Consulta P\u00fablica 197, que discute as metas de redu\u00e7\u00e3o de emiss\u00f5es do RenovaBio para o per\u00edodo de 2026 a 2035. As contribui\u00e7\u00f5es podem ser enviadas at\u00e9 26 de outubro, por meio do Participa+Brasil. A proposta discute a AIR (An\u00e1lise de [&hellip;]\" \/>\n<meta property=\"og:url\" content=\"https:\/\/agenciainfra.com\/blog\/mme-abre-consulta-sobre-metas-de-descarbonizacao-do-renovabio\/\" \/>\n<meta property=\"og:site_name\" content=\"Ag\u00eancia iNFRA\" \/>\n<meta property=\"article:publisher\" content=\"https:\/\/www.facebook.com\/ageninfra\" \/>\n<meta property=\"article:published_time\" content=\"2025-09-11T17:55:18+00:00\" \/>\n<meta property=\"article:modified_time\" content=\"2025-09-11T17:55:21+00:00\" \/>\n<meta property=\"og:image\" content=\"https:\/\/agenciainfra.com\/blog\/wp-content\/uploads\/2023\/12\/biocombustivel-foto-embrapa.jpg\" \/>\n\t<meta property=\"og:image:width\" content=\"1202\" \/>\n\t<meta property=\"og:image:height\" content=\"676\" \/>\n\t<meta property=\"og:image:type\" content=\"image\/jpeg\" \/>\n<meta name=\"author\" content=\"Ag\u00eancia iNFRA\" \/>\n<meta name=\"twitter:card\" content=\"summary_large_image\" \/>\n<meta name=\"twitter:creator\" content=\"@agencia_infra\" \/>\n<meta name=\"twitter:site\" content=\"@agencia_infra\" \/>\n<meta name=\"twitter:label1\" content=\"Escrito por\" \/>\n\t<meta name=\"twitter:data1\" content=\"Ag\u00eancia iNFRA\" \/>\n\t<meta name=\"twitter:label2\" content=\"Est. tempo de leitura\" \/>\n\t<meta name=\"twitter:data2\" content=\"1 minuto\" \/>\n<script type=\"application\/ld+json\" class=\"yoast-schema-graph\">{\"@context\":\"https:\/\/schema.org\",\"@graph\":[{\"@type\":\"Article\",\"@id\":\"https:\/\/agenciainfra.com\/blog\/mme-abre-consulta-sobre-metas-de-descarbonizacao-do-renovabio\/#article\",\"isPartOf\":{\"@id\":\"https:\/\/agenciainfra.com\/blog\/mme-abre-consulta-sobre-metas-de-descarbonizacao-do-renovabio\/\"},\"author\":{\"name\":\"Ag\u00eancia iNFRA\",\"@id\":\"https:\/\/agenciainfra.com\/blog\/#\/schema\/person\/34af08dff6adea4cb22b06612ba7acfa\"},\"headline\":\"MME abre consulta sobre metas de descarboniza\u00e7\u00e3o do RenovaBio\",\"datePublished\":\"2025-09-11T17:55:18+00:00\",\"dateModified\":\"2025-09-11T17:55:21+00:00\",\"mainEntityOfPage\":{\"@id\":\"https:\/\/agenciainfra.com\/blog\/mme-abre-consulta-sobre-metas-de-descarbonizacao-do-renovabio\/\"},\"wordCount\":186,\"publisher\":{\"@id\":\"https:\/\/agenciainfra.com\/blog\/#organization\"},\"image\":{\"@id\":\"https:\/\/agenciainfra.com\/blog\/mme-abre-consulta-sobre-metas-de-descarbonizacao-do-renovabio\/#primaryimage\"},\"thumbnailUrl\":\"https:\/\/agenciainfra.com\/blog\/wp-content\/uploads\/2023\/12\/biocombustivel-foto-embrapa.jpg\",\"keywords\":[\"biocombust\u00edveis\",\"CBIOs\",\"consulta p\u00fablica\",\"Descarboniza\u00e7\u00e3o\",\"MME\",\"RenovaBio\"],\"articleSection\":[\"Geral\",\"Giro iNFRA\"],\"inLanguage\":\"pt-BR\",\"copyrightYear\":\"2025\",\"copyrightHolder\":{\"@id\":\"https:\/\/agenciainfra.com\/blog\/#organization\"}},{\"@type\":\"WebPage\",\"@id\":\"https:\/\/agenciainfra.com\/blog\/mme-abre-consulta-sobre-metas-de-descarbonizacao-do-renovabio\/\",\"url\":\"https:\/\/agenciainfra.com\/blog\/mme-abre-consulta-sobre-metas-de-descarbonizacao-do-renovabio\/\",\"name\":\"MME abre consulta sobre metas de descarboniza\u00e7\u00e3o do RenovaBio - Ag\u00eancia iNFRA\",\"isPartOf\":{\"@id\":\"https:\/\/agenciainfra.com\/blog\/#website\"},\"primaryImageOfPage\":{\"@id\":\"https:\/\/agenciainfra.com\/blog\/mme-abre-consulta-sobre-metas-de-descarbonizacao-do-renovabio\/#primaryimage\"},\"image\":{\"@id\":\"https:\/\/agenciainfra.com\/blog\/mme-abre-consulta-sobre-metas-de-descarbonizacao-do-renovabio\/#primaryimage\"},\"thumbnailUrl\":\"https:\/\/agenciainfra.com\/blog\/wp-content\/uploads\/2023\/12\/biocombustivel-foto-embrapa.jpg\",\"datePublished\":\"2025-09-11T17:55:18+00:00\",\"dateModified\":\"2025-09-11T17:55:21+00:00\",\"breadcrumb\":{\"@id\":\"https:\/\/agenciainfra.com\/blog\/mme-abre-consulta-sobre-metas-de-descarbonizacao-do-renovabio\/#breadcrumb\"},\"inLanguage\":\"pt-BR\",\"potentialAction\":[{\"@type\":\"ReadAction\",\"target\":[\"https:\/\/agenciainfra.com\/blog\/mme-abre-consulta-sobre-metas-de-descarbonizacao-do-renovabio\/\"]}]},{\"@type\":\"ImageObject\",\"inLanguage\":\"pt-BR\",\"@id\":\"https:\/\/agenciainfra.com\/blog\/mme-abre-consulta-sobre-metas-de-descarbonizacao-do-renovabio\/#primaryimage\",\"url\":\"https:\/\/agenciainfra.com\/blog\/wp-content\/uploads\/2023\/12\/biocombustivel-foto-embrapa.jpg\",\"contentUrl\":\"https:\/\/agenciainfra.com\/blog\/wp-content\/uploads\/2023\/12\/biocombustivel-foto-embrapa.jpg\",\"width\":1202,\"height\":676,\"caption\":\"Foto: Embrapa\"},{\"@type\":\"BreadcrumbList\",\"@id\":\"https:\/\/agenciainfra.com\/blog\/mme-abre-consulta-sobre-metas-de-descarbonizacao-do-renovabio\/#breadcrumb\",\"itemListElement\":[{\"@type\":\"ListItem\",\"position\":1,\"name\":\"In\u00edcio\",\"item\":\"https:\/\/agenciainfra.com\/blog\/\"},{\"@type\":\"ListItem\",\"position\":2,\"name\":\"MME abre consulta sobre metas de descarboniza\u00e7\u00e3o do RenovaBio\"}]},{\"@type\":\"WebSite\",\"@id\":\"https:\/\/agenciainfra.com\/blog\/#website\",\"url\":\"https:\/\/agenciainfra.com\/blog\/\",\"name\":\"Ag\u00eancia iNFRA\",\"description\":\"Multiplataforma de informa\u00e7\u00e3o jornal\u00edstica refer\u00eancia na \u00e1rea de infraestrutura no Brasil!\",\"publisher\":{\"@id\":\"https:\/\/agenciainfra.com\/blog\/#organization\"},\"potentialAction\":[{\"@type\":\"SearchAction\",\"target\":{\"@type\":\"EntryPoint\",\"urlTemplate\":\"https:\/\/agenciainfra.com\/blog\/?s={search_term_string}\"},\"query-input\":{\"@type\":\"PropertyValueSpecification\",\"valueRequired\":true,\"valueName\":\"search_term_string\"}}],\"inLanguage\":\"pt-BR\"},{\"@type\":\"Organization\",\"@id\":\"https:\/\/agenciainfra.com\/blog\/#organization\",\"name\":\"Ag\u00eancia iNFRA\",\"url\":\"https:\/\/agenciainfra.com\/blog\/\",\"logo\":{\"@type\":\"ImageObject\",\"inLanguage\":\"pt-BR\",\"@id\":\"https:\/\/agenciainfra.com\/blog\/#\/schema\/logo\/image\/\",\"url\":\"https:\/\/agenciainfra.com\/blog\/wp-content\/uploads\/2023\/09\/iNFRA_5-e1761735885940.png\",\"contentUrl\":\"https:\/\/agenciainfra.com\/blog\/wp-content\/uploads\/2023\/09\/iNFRA_5-e1761735885940.png\",\"width\":1672,\"height\":454,\"caption\":\"Ag\u00eancia iNFRA\"},\"image\":{\"@id\":\"https:\/\/agenciainfra.com\/blog\/#\/schema\/logo\/image\/\"},\"sameAs\":[\"https:\/\/www.facebook.com\/ageninfra\",\"https:\/\/x.com\/agencia_infra\",\"https:\/\/www.linkedin.com\/company\/ag\u00eanciainfra\/\",\"https:\/\/www.instagram.com\/agenciainfra\/\"]},{\"@type\":\"Person\",\"@id\":\"https:\/\/agenciainfra.com\/blog\/#\/schema\/person\/34af08dff6adea4cb22b06612ba7acfa\",\"name\":\"Ag\u00eancia iNFRA\",\"image\":{\"@type\":\"ImageObject\",\"inLanguage\":\"pt-BR\",\"@id\":\"https:\/\/agenciainfra.com\/blog\/#\/schema\/person\/image\/\",\"url\":\"https:\/\/secure.gravatar.com\/avatar\/d189e01678f06d8eb84d4e01f08eb848b3fffe3f8443818d3c356c66892f5be8?s=96&d=mm&r=g\",\"contentUrl\":\"https:\/\/secure.gravatar.com\/avatar\/d189e01678f06d8eb84d4e01f08eb848b3fffe3f8443818d3c356c66892f5be8?s=96&d=mm&r=g\",\"caption\":\"Ag\u00eancia iNFRA\"},\"url\":\"https:\/\/agenciainfra.com\/blog\/author\/admin\/\"}]}<\/script>\n<!-- \/ Yoast SEO Premium plugin. -->","yoast_head_json":{"title":"MME abre consulta sobre metas de descarboniza\u00e7\u00e3o do RenovaBio - Ag\u00eancia iNFRA","robots":{"index":"index","follow":"follow","max-snippet":"max-snippet:-1","max-image-preview":"max-image-preview:large","max-video-preview":"max-video-preview:-1"},"canonical":"https:\/\/agenciainfra.com\/blog\/mme-abre-consulta-sobre-metas-de-descarbonizacao-do-renovabio\/","og_locale":"pt_BR","og_type":"article","og_title":"MME abre consulta sobre metas de descarboniza\u00e7\u00e3o do RenovaBio","og_description":"da Ag\u00eancia iNFRA&nbsp; O MME (Minist\u00e9rio de Minas e Energia) abriu, nesta quinta-feira (11), a Consulta P\u00fablica 197, que discute as metas de redu\u00e7\u00e3o de emiss\u00f5es do RenovaBio para o per\u00edodo de 2026 a 2035. As contribui\u00e7\u00f5es podem ser enviadas at\u00e9 26 de outubro, por meio do Participa+Brasil. A proposta discute a AIR (An\u00e1lise de [&hellip;]","og_url":"https:\/\/agenciainfra.com\/blog\/mme-abre-consulta-sobre-metas-de-descarbonizacao-do-renovabio\/","og_site_name":"Ag\u00eancia iNFRA","article_publisher":"https:\/\/www.facebook.com\/ageninfra","article_published_time":"2025-09-11T17:55:18+00:00","article_modified_time":"2025-09-11T17:55:21+00:00","og_image":[{"width":1202,"height":676,"url":"https:\/\/agenciainfra.com\/blog\/wp-content\/uploads\/2023\/12\/biocombustivel-foto-embrapa.jpg","type":"image\/jpeg"}],"author":"Ag\u00eancia iNFRA","twitter_card":"summary_large_image","twitter_creator":"@agencia_infra","twitter_site":"@agencia_infra","twitter_misc":{"Escrito por":"Ag\u00eancia iNFRA","Est. tempo de leitura":"1 minuto"},"schema":{"@context":"https:\/\/schema.org","@graph":[{"@type":"Article","@id":"https:\/\/agenciainfra.com\/blog\/mme-abre-consulta-sobre-metas-de-descarbonizacao-do-renovabio\/#article","isPartOf":{"@id":"https:\/\/agenciainfra.com\/blog\/mme-abre-consulta-sobre-metas-de-descarbonizacao-do-renovabio\/"},"author":{"name":"Ag\u00eancia iNFRA","@id":"https:\/\/agenciainfra.com\/blog\/#\/schema\/person\/34af08dff6adea4cb22b06612ba7acfa"},"headline":"MME abre consulta sobre metas de descarboniza\u00e7\u00e3o do RenovaBio","datePublished":"2025-09-11T17:55:18+00:00","dateModified":"2025-09-11T17:55:21+00:00","mainEntityOfPage":{"@id":"https:\/\/agenciainfra.com\/blog\/mme-abre-consulta-sobre-metas-de-descarbonizacao-do-renovabio\/"},"wordCount":186,"publisher":{"@id":"https:\/\/agenciainfra.com\/blog\/#organization"},"image":{"@id":"https:\/\/agenciainfra.com\/blog\/mme-abre-consulta-sobre-metas-de-descarbonizacao-do-renovabio\/#primaryimage"},"thumbnailUrl":"https:\/\/agenciainfra.com\/blog\/wp-content\/uploads\/2023\/12\/biocombustivel-foto-embrapa.jpg","keywords":["biocombust\u00edveis","CBIOs","consulta p\u00fablica","Descarboniza\u00e7\u00e3o","MME","RenovaBio"],"articleSection":["Geral","Giro iNFRA"],"inLanguage":"pt-BR","copyrightYear":"2025","copyrightHolder":{"@id":"https:\/\/agenciainfra.com\/blog\/#organization"}},{"@type":"WebPage","@id":"https:\/\/agenciainfra.com\/blog\/mme-abre-consulta-sobre-metas-de-descarbonizacao-do-renovabio\/","url":"https:\/\/agenciainfra.com\/blog\/mme-abre-consulta-sobre-metas-de-descarbonizacao-do-renovabio\/","name":"MME abre consulta sobre metas de descarboniza\u00e7\u00e3o do RenovaBio - Ag\u00eancia iNFRA","isPartOf":{"@id":"https:\/\/agenciainfra.com\/blog\/#website"},"primaryImageOfPage":{"@id":"https:\/\/agenciainfra.com\/blog\/mme-abre-consulta-sobre-metas-de-descarbonizacao-do-renovabio\/#primaryimage"},"image":{"@id":"https:\/\/agenciainfra.com\/blog\/mme-abre-consulta-sobre-metas-de-descarbonizacao-do-renovabio\/#primaryimage"},"thumbnailUrl":"https:\/\/agenciainfra.com\/blog\/wp-content\/uploads\/2023\/12\/biocombustivel-foto-embrapa.jpg","datePublished":"2025-09-11T17:55:18+00:00","dateModified":"2025-09-11T17:55:21+00:00","breadcrumb":{"@id":"https:\/\/agenciainfra.com\/blog\/mme-abre-consulta-sobre-metas-de-descarbonizacao-do-renovabio\/#breadcrumb"},"inLanguage":"pt-BR","potentialAction":[{"@type":"ReadAction","target":["https:\/\/agenciainfra.com\/blog\/mme-abre-consulta-sobre-metas-de-descarbonizacao-do-renovabio\/"]}]},{"@type":"ImageObject","inLanguage":"pt-BR","@id":"https:\/\/agenciainfra.com\/blog\/mme-abre-consulta-sobre-metas-de-descarbonizacao-do-renovabio\/#primaryimage","url":"https:\/\/agenciainfra.com\/blog\/wp-content\/uploads\/2023\/12\/biocombustivel-foto-embrapa.jpg","contentUrl":"https:\/\/agenciainfra.com\/blog\/wp-content\/uploads\/2023\/12\/biocombustivel-foto-embrapa.jpg","width":1202,"height":676,"caption":"Foto: Embrapa"},{"@type":"BreadcrumbList","@id":"https:\/\/agenciainfra.com\/blog\/mme-abre-consulta-sobre-metas-de-descarbonizacao-do-renovabio\/#breadcrumb","itemListElement":[{"@type":"ListItem","position":1,"name":"In\u00edcio","item":"https:\/\/agenciainfra.com\/blog\/"},{"@type":"ListItem","position":2,"name":"MME abre consulta sobre metas de descarboniza\u00e7\u00e3o do RenovaBio"}]},{"@type":"WebSite","@id":"https:\/\/agenciainfra.com\/blog\/#website","url":"https:\/\/agenciainfra.com\/blog\/","name":"Ag\u00eancia iNFRA","description":"Multiplataforma de informa\u00e7\u00e3o jornal\u00edstica refer\u00eancia na \u00e1rea de infraestrutura no Brasil!","publisher":{"@id":"https:\/\/agenciainfra.com\/blog\/#organization"},"potentialAction":[{"@type":"SearchAction","target":{"@type":"EntryPoint","urlTemplate":"https:\/\/agenciainfra.com\/blog\/?s={search_term_string}"},"query-input":{"@type":"PropertyValueSpecification","valueRequired":true,"valueName":"search_term_string"}}],"inLanguage":"pt-BR"},{"@type":"Organization","@id":"https:\/\/agenciainfra.com\/blog\/#organization","name":"Ag\u00eancia iNFRA","url":"https:\/\/agenciainfra.com\/blog\/","logo":{"@type":"ImageObject","inLanguage":"pt-BR","@id":"https:\/\/agenciainfra.com\/blog\/#\/schema\/logo\/image\/","url":"https:\/\/agenciainfra.com\/blog\/wp-content\/uploads\/2023\/09\/iNFRA_5-e1761735885940.png","contentUrl":"https:\/\/agenciainfra.com\/blog\/wp-content\/uploads\/2023\/09\/iNFRA_5-e1761735885940.png","width":1672,"height":454,"caption":"Ag\u00eancia iNFRA"},"image":{"@id":"https:\/\/agenciainfra.com\/blog\/#\/schema\/logo\/image\/"},"sameAs":["https:\/\/www.facebook.com\/ageninfra","https:\/\/x.com\/agencia_infra","https:\/\/www.linkedin.com\/company\/ag\u00eanciainfra\/","https:\/\/www.instagram.com\/agenciainfra\/"]},{"@type":"Person","@id":"https:\/\/agenciainfra.com\/blog\/#\/schema\/person\/34af08dff6adea4cb22b06612ba7acfa","name":"Ag\u00eancia iNFRA","image":{"@type":"ImageObject","inLanguage":"pt-BR","@id":"https:\/\/agenciainfra.com\/blog\/#\/schema\/person\/image\/","url":"https:\/\/secure.gravatar.com\/avatar\/d189e01678f06d8eb84d4e01f08eb848b3fffe3f8443818d3c356c66892f5be8?s=96&d=mm&r=g","contentUrl":"https:\/\/secure.gravatar.com\/avatar\/d189e01678f06d8eb84d4e01f08eb848b3fffe3f8443818d3c356c66892f5be8?s=96&d=mm&r=g","caption":"Ag\u00eancia iNFRA"},"url":"https:\/\/agenciainfra.com\/blog\/author\/admin\/"}]}},"_links":{"self":[{"href":"https:\/\/agenciainfra.com\/blog\/wp-json\/wp\/v2\/posts\/27586","targetHints":{"allow":["GET"]}}],"collection":[{"href":"https:\/\/agenciainfra.com\/blog\/wp-json\/wp\/v2\/posts"}],"about":[{"href":"https:\/\/agenciainfra.com\/blog\/wp-json\/wp\/v2\/types\/post"}],"author":[{"embeddable":true,"href":"https:\/\/agenciainfra.com\/blog\/wp-json\/wp\/v2\/users\/1"}],"replies":[{"embeddable":true,"href":"https:\/\/agenciainfra.com\/blog\/wp-json\/wp\/v2\/comments?post=27586"}],"version-history":[{"count":1,"href":"https:\/\/agenciainfra.com\/blog\/wp-json\/wp\/v2\/posts\/27586\/revisions"}],"predecessor-version":[{"id":27587,"href":"https:\/\/agenciainfra.com\/blog\/wp-json\/wp\/v2\/posts\/27586\/revisions\/27587"}],"wp:featuredmedia":[{"embeddable":true,"href":"https:\/\/agenciainfra.com\/blog\/wp-json\/wp\/v2\/media\/15182"}],"wp:attachment":[{"href":"https:\/\/agenciainfra.com\/blog\/wp-json\/wp\/v2\/media?parent=27586"}],"wp:term":[{"taxonomy":"category","embeddable":true,"href":"https:\/\/agenciainfra.com\/blog\/wp-json\/wp\/v2\/categories?post=27586"},{"taxonomy":"post_tag","embeddable":true,"href":"https:\/\/agenciainfra.com\/blog\/wp-json\/wp\/v2\/tags?post=27586"}],"curies":[{"name":"wp","href":"https:\/\/api.w.org\/{rel}","templated":true}]}}