{"id":27593,"date":"2025-09-11T17:03:30","date_gmt":"2025-09-11T20:03:30","guid":{"rendered":"https:\/\/agenciainfra.com\/blog\/?p=27593"},"modified":"2025-09-16T10:47:15","modified_gmt":"2025-09-16T13:47:15","slug":"observatorio-do-clima-rechaca-autorizacao-tacita-em-politica-para-minerais-criticos","status":"publish","type":"post","link":"https:\/\/agenciainfra.com\/blog\/observatorio-do-clima-rechaca-autorizacao-tacita-em-politica-para-minerais-criticos\/","title":{"rendered":"Observat\u00f3rio do Clima recha\u00e7a \u2018autoriza\u00e7\u00e3o t\u00e1cita\u2019 para minerais cr\u00edticos"},"content":{"rendered":"\n<p class=\"has-text-align-right\"><strong>Rafael Bitencourt, da Ag\u00eancia iNFRA<\/strong><\/p>\n\n\n\n<p>A <a href=\"https:\/\/agenciainfra.com\/blog\/conheca-as-10-diretrizes-do-brasil-para-os-minerais-criticos\/\">pol\u00edtica nacional para minerais cr\u00edticos<\/a>, debatida tanto no Congresso quanto no Executivo, pode incluir procedimentos mais \u00e1geis para a libera\u00e7\u00e3o desses projetos no Brasil, por\u00e9m n\u00e3o deve criar uma \u201cautoriza\u00e7\u00e3o t\u00e1cita\u201d livrando os empreendimentos da an\u00e1lise t\u00e9cnica sobre o impacto ambiental, afirmou nesta quinta-feira (11) a assessora de incid\u00eancia pol\u00edtica e or\u00e7amento do Observat\u00f3rio do Clima, Adriana Pinheiro, em audi\u00eancia p\u00fablica na C\u00e2mara dos Deputados.<\/p>\n\n\n\n<p>Adriana Pinheiro disse que a refer\u00eancia ao termo \u201cprioriza\u00e7\u00e3o\u201d na pol\u00edtica nacional se tornou \u201cponto de aten\u00e7\u00e3o\u201d dentro do debate. Para ela, a pol\u00edtica n\u00e3o deve deixar de fora a consulta \u00e0s comunidades impactadas, a avalia\u00e7\u00e3o da tipologia e do porte do projeto e as condicionais \u201crobustas\u201d oferecidas pelas mineradoras. Isso deve ser cumprido, segundo ela, \u201cpara que n\u00e3o ocorra uma aprova\u00e7\u00e3o t\u00e1cita por meio de processos pol\u00edticos, e seja um processo t\u00e9cnico&#8221;.<\/p>\n\n\n\n<p>\u201cNossa mensagem chave \u00e9 priorizar sem afrouxar, principalmente nas \u00e1reas protegidas, manter o foco em procedimentos t\u00e9cnicos, e n\u00e3o em decis\u00f5es pol\u00edticas\u201d, destacou Adriana Pinheiro, ao participar da audi\u00eancia na Comiss\u00e3o de Meio Ambiente e Desenvolvimento Sustent\u00e1vel.<\/p>\n\n\n\n<p>Na ocasi\u00e3o, Maur\u00edcio Angelo, integrante do Observat\u00f3rio da Minera\u00e7\u00e3o, apresentou gr\u00e1fico para demonstrar que o Par\u00e1 est\u00e1 em regi\u00e3o vulner\u00e1vel \u00e0 explora\u00e7\u00e3o de minerais cr\u00edticos, se n\u00e3o houver cuidado com a preserva\u00e7\u00e3o do meio ambiente e do direito das comunidades locais. O estado sediar\u00e1 neste ano a COP30, a confer\u00eancia da ONU (Organiza\u00e7\u00e3o das Na\u00e7\u00f5es Unidas) sobre as mudan\u00e7as clim\u00e1ticas.<\/p>\n\n\n\n<p>\u201cO Par\u00e1, entre os principais estados mineradores do Brasil, est\u00e1 exposto a esses riscos tendo em conta o avan\u00e7o dos minerais cr\u00edticos\u201d, disse Angelo, que \u00e9 diretor-executivo do Observat\u00f3rio da Minera\u00e7\u00e3o.<\/p>\n","protected":false},"excerpt":{"rendered":"<p>Rafael Bitencourt, da Ag\u00eancia iNFRA A pol\u00edtica nacional para minerais cr\u00edticos, debatida tanto no Congresso quanto no Executivo, pode incluir procedimentos mais \u00e1geis para a libera\u00e7\u00e3o desses projetos no Brasil, por\u00e9m n\u00e3o deve criar uma \u201cautoriza\u00e7\u00e3o t\u00e1cita\u201d livrando os empreendimentos da an\u00e1lise t\u00e9cnica sobre o impacto ambiental, afirmou nesta quinta-feira (11) a assessora de incid\u00eancia [&hellip;]<\/p>\n","protected":false},"author":1,"featured_media":0,"comment_status":"closed","ping_status":"closed","sticky":false,"template":"","format":"standard","meta":{"_monsterinsights_skip_tracking":false,"_monsterinsights_sitenote_active":false,"_monsterinsights_sitenote_note":"","_monsterinsights_sitenote_category":0,"footnotes":""},"categories":[1,13239],"tags":[15310,15309,8068,15311,13228,15308,15307,13813],"class_list":["post-27593","post","type-post","status-publish","format-standard","hentry","category-geral","category-mineracao","tag-adriana-pinheiro","tag-autorizacao-tacita","tag-cop30","tag-mauricio-angelo","tag-minerais-criticos","tag-observatorio-da-mineracao","tag-observatorio-do-clima","tag-rafael-bitencourt"],"yoast_head":"<!-- This site is optimized with the Yoast SEO Premium plugin v25.4 (Yoast SEO v26.0) - https:\/\/yoast.com\/wordpress\/plugins\/seo\/ -->\n<title>Observat\u00f3rio do Clima recha\u00e7a \u2018autoriza\u00e7\u00e3o t\u00e1cita\u2019 para minerais cr\u00edticos - Ag\u00eancia iNFRA<\/title>\n<meta name=\"robots\" content=\"index, follow, max-snippet:-1, max-image-preview:large, max-video-preview:-1\" \/>\n<link rel=\"canonical\" href=\"https:\/\/agenciainfra.com\/blog\/observatorio-do-clima-rechaca-autorizacao-tacita-em-politica-para-minerais-criticos\/\" \/>\n<meta property=\"og:locale\" content=\"pt_BR\" \/>\n<meta property=\"og:type\" content=\"article\" \/>\n<meta property=\"og:title\" content=\"Observat\u00f3rio do Clima recha\u00e7a \u2018autoriza\u00e7\u00e3o t\u00e1cita\u2019 para minerais cr\u00edticos\" \/>\n<meta property=\"og:description\" content=\"Rafael Bitencourt, da Ag\u00eancia iNFRA A pol\u00edtica nacional para minerais cr\u00edticos, debatida tanto no Congresso quanto no Executivo, pode incluir procedimentos mais \u00e1geis para a libera\u00e7\u00e3o desses projetos no Brasil, por\u00e9m n\u00e3o deve criar uma \u201cautoriza\u00e7\u00e3o t\u00e1cita\u201d livrando os empreendimentos da an\u00e1lise t\u00e9cnica sobre o impacto ambiental, afirmou nesta quinta-feira (11) a assessora de incid\u00eancia [&hellip;]\" \/>\n<meta property=\"og:url\" content=\"https:\/\/agenciainfra.com\/blog\/observatorio-do-clima-rechaca-autorizacao-tacita-em-politica-para-minerais-criticos\/\" \/>\n<meta property=\"og:site_name\" content=\"Ag\u00eancia iNFRA\" \/>\n<meta property=\"article:publisher\" content=\"https:\/\/www.facebook.com\/ageninfra\" \/>\n<meta property=\"article:published_time\" content=\"2025-09-11T20:03:30+00:00\" \/>\n<meta property=\"article:modified_time\" content=\"2025-09-16T13:47:15+00:00\" \/>\n<meta property=\"og:image\" content=\"https:\/\/agenciainfra.com\/blog\/wp-content\/uploads\/2025\/09\/mineracao-foto-Dominik-Vanyi-Unsplash.jpg\" \/>\n\t<meta property=\"og:image:width\" content=\"1280\" \/>\n\t<meta property=\"og:image:height\" content=\"679\" \/>\n\t<meta property=\"og:image:type\" content=\"image\/jpeg\" \/>\n<meta name=\"author\" content=\"Ag\u00eancia iNFRA\" \/>\n<meta name=\"twitter:card\" content=\"summary_large_image\" \/>\n<meta name=\"twitter:creator\" content=\"@agencia_infra\" \/>\n<meta name=\"twitter:site\" content=\"@agencia_infra\" \/>\n<meta name=\"twitter:label1\" content=\"Escrito por\" \/>\n\t<meta name=\"twitter:data1\" content=\"Ag\u00eancia iNFRA\" \/>\n\t<meta name=\"twitter:label2\" content=\"Est. tempo de leitura\" \/>\n\t<meta name=\"twitter:data2\" content=\"2 minutos\" \/>\n<script type=\"application\/ld+json\" class=\"yoast-schema-graph\">{\"@context\":\"https:\/\/schema.org\",\"@graph\":[{\"@type\":\"Article\",\"@id\":\"https:\/\/agenciainfra.com\/blog\/observatorio-do-clima-rechaca-autorizacao-tacita-em-politica-para-minerais-criticos\/#article\",\"isPartOf\":{\"@id\":\"https:\/\/agenciainfra.com\/blog\/observatorio-do-clima-rechaca-autorizacao-tacita-em-politica-para-minerais-criticos\/\"},\"author\":{\"name\":\"Ag\u00eancia iNFRA\",\"@id\":\"https:\/\/agenciainfra.com\/blog\/#\/schema\/person\/34af08dff6adea4cb22b06612ba7acfa\"},\"headline\":\"Observat\u00f3rio do Clima recha\u00e7a \u2018autoriza\u00e7\u00e3o t\u00e1cita\u2019 para minerais cr\u00edticos\",\"datePublished\":\"2025-09-11T20:03:30+00:00\",\"dateModified\":\"2025-09-16T13:47:15+00:00\",\"mainEntityOfPage\":{\"@id\":\"https:\/\/agenciainfra.com\/blog\/observatorio-do-clima-rechaca-autorizacao-tacita-em-politica-para-minerais-criticos\/\"},\"wordCount\":338,\"publisher\":{\"@id\":\"https:\/\/agenciainfra.com\/blog\/#organization\"},\"keywords\":[\"Adriana Pinheiro\",\"autoriza\u00e7\u00e3o t\u00e1cita\",\"COP30\",\"Maur\u00edcio Angelo\",\"minerais cr\u00edticos\",\"Observat\u00f3rio da Minera\u00e7\u00e3o\",\"Observat\u00f3rio do Clima\",\"Rafael Bitencourt\"],\"articleSection\":[\"Geral\",\"Minera\u00e7\u00e3o\"],\"inLanguage\":\"pt-BR\",\"copyrightYear\":\"2025\",\"copyrightHolder\":{\"@id\":\"https:\/\/agenciainfra.com\/blog\/#organization\"}},{\"@type\":\"WebPage\",\"@id\":\"https:\/\/agenciainfra.com\/blog\/observatorio-do-clima-rechaca-autorizacao-tacita-em-politica-para-minerais-criticos\/\",\"url\":\"https:\/\/agenciainfra.com\/blog\/observatorio-do-clima-rechaca-autorizacao-tacita-em-politica-para-minerais-criticos\/\",\"name\":\"Observat\u00f3rio do Clima recha\u00e7a \u2018autoriza\u00e7\u00e3o t\u00e1cita\u2019 para minerais cr\u00edticos - Ag\u00eancia iNFRA\",\"isPartOf\":{\"@id\":\"https:\/\/agenciainfra.com\/blog\/#website\"},\"datePublished\":\"2025-09-11T20:03:30+00:00\",\"dateModified\":\"2025-09-16T13:47:15+00:00\",\"breadcrumb\":{\"@id\":\"https:\/\/agenciainfra.com\/blog\/observatorio-do-clima-rechaca-autorizacao-tacita-em-politica-para-minerais-criticos\/#breadcrumb\"},\"inLanguage\":\"pt-BR\",\"potentialAction\":[{\"@type\":\"ReadAction\",\"target\":[\"https:\/\/agenciainfra.com\/blog\/observatorio-do-clima-rechaca-autorizacao-tacita-em-politica-para-minerais-criticos\/\"]}]},{\"@type\":\"BreadcrumbList\",\"@id\":\"https:\/\/agenciainfra.com\/blog\/observatorio-do-clima-rechaca-autorizacao-tacita-em-politica-para-minerais-criticos\/#breadcrumb\",\"itemListElement\":[{\"@type\":\"ListItem\",\"position\":1,\"name\":\"In\u00edcio\",\"item\":\"https:\/\/agenciainfra.com\/blog\/\"},{\"@type\":\"ListItem\",\"position\":2,\"name\":\"Observat\u00f3rio do Clima recha\u00e7a \u2018autoriza\u00e7\u00e3o t\u00e1cita\u2019 para minerais cr\u00edticos\"}]},{\"@type\":\"WebSite\",\"@id\":\"https:\/\/agenciainfra.com\/blog\/#website\",\"url\":\"https:\/\/agenciainfra.com\/blog\/\",\"name\":\"Ag\u00eancia iNFRA\",\"description\":\"Multiplataforma de informa\u00e7\u00e3o jornal\u00edstica refer\u00eancia na \u00e1rea de infraestrutura no Brasil!\",\"publisher\":{\"@id\":\"https:\/\/agenciainfra.com\/blog\/#organization\"},\"potentialAction\":[{\"@type\":\"SearchAction\",\"target\":{\"@type\":\"EntryPoint\",\"urlTemplate\":\"https:\/\/agenciainfra.com\/blog\/?s={search_term_string}\"},\"query-input\":{\"@type\":\"PropertyValueSpecification\",\"valueRequired\":true,\"valueName\":\"search_term_string\"}}],\"inLanguage\":\"pt-BR\"},{\"@type\":\"Organization\",\"@id\":\"https:\/\/agenciainfra.com\/blog\/#organization\",\"name\":\"Ag\u00eancia iNFRA\",\"url\":\"https:\/\/agenciainfra.com\/blog\/\",\"logo\":{\"@type\":\"ImageObject\",\"inLanguage\":\"pt-BR\",\"@id\":\"https:\/\/agenciainfra.com\/blog\/#\/schema\/logo\/image\/\",\"url\":\"https:\/\/agenciainfra.com\/blog\/wp-content\/uploads\/2023\/09\/iNFRA_5-e1761735885940.png\",\"contentUrl\":\"https:\/\/agenciainfra.com\/blog\/wp-content\/uploads\/2023\/09\/iNFRA_5-e1761735885940.png\",\"width\":1672,\"height\":454,\"caption\":\"Ag\u00eancia iNFRA\"},\"image\":{\"@id\":\"https:\/\/agenciainfra.com\/blog\/#\/schema\/logo\/image\/\"},\"sameAs\":[\"https:\/\/www.facebook.com\/ageninfra\",\"https:\/\/x.com\/agencia_infra\",\"https:\/\/www.linkedin.com\/company\/ag\u00eanciainfra\/\",\"https:\/\/www.instagram.com\/agenciainfra\/\"]},{\"@type\":\"Person\",\"@id\":\"https:\/\/agenciainfra.com\/blog\/#\/schema\/person\/34af08dff6adea4cb22b06612ba7acfa\",\"name\":\"Ag\u00eancia iNFRA\",\"image\":{\"@type\":\"ImageObject\",\"inLanguage\":\"pt-BR\",\"@id\":\"https:\/\/agenciainfra.com\/blog\/#\/schema\/person\/image\/\",\"url\":\"https:\/\/secure.gravatar.com\/avatar\/d189e01678f06d8eb84d4e01f08eb848b3fffe3f8443818d3c356c66892f5be8?s=96&d=mm&r=g\",\"contentUrl\":\"https:\/\/secure.gravatar.com\/avatar\/d189e01678f06d8eb84d4e01f08eb848b3fffe3f8443818d3c356c66892f5be8?s=96&d=mm&r=g\",\"caption\":\"Ag\u00eancia iNFRA\"},\"url\":\"https:\/\/agenciainfra.com\/blog\/author\/admin\/\"}]}<\/script>\n<!-- \/ Yoast SEO Premium plugin. -->","yoast_head_json":{"title":"Observat\u00f3rio do Clima recha\u00e7a \u2018autoriza\u00e7\u00e3o t\u00e1cita\u2019 para minerais cr\u00edticos - Ag\u00eancia iNFRA","robots":{"index":"index","follow":"follow","max-snippet":"max-snippet:-1","max-image-preview":"max-image-preview:large","max-video-preview":"max-video-preview:-1"},"canonical":"https:\/\/agenciainfra.com\/blog\/observatorio-do-clima-rechaca-autorizacao-tacita-em-politica-para-minerais-criticos\/","og_locale":"pt_BR","og_type":"article","og_title":"Observat\u00f3rio do Clima recha\u00e7a \u2018autoriza\u00e7\u00e3o t\u00e1cita\u2019 para minerais cr\u00edticos","og_description":"Rafael Bitencourt, da Ag\u00eancia iNFRA A pol\u00edtica nacional para minerais cr\u00edticos, debatida tanto no Congresso quanto no Executivo, pode incluir procedimentos mais \u00e1geis para a libera\u00e7\u00e3o desses projetos no Brasil, por\u00e9m n\u00e3o deve criar uma \u201cautoriza\u00e7\u00e3o t\u00e1cita\u201d livrando os empreendimentos da an\u00e1lise t\u00e9cnica sobre o impacto ambiental, afirmou nesta quinta-feira (11) a assessora de incid\u00eancia [&hellip;]","og_url":"https:\/\/agenciainfra.com\/blog\/observatorio-do-clima-rechaca-autorizacao-tacita-em-politica-para-minerais-criticos\/","og_site_name":"Ag\u00eancia iNFRA","article_publisher":"https:\/\/www.facebook.com\/ageninfra","article_published_time":"2025-09-11T20:03:30+00:00","article_modified_time":"2025-09-16T13:47:15+00:00","og_image":[{"width":1280,"height":679,"url":"https:\/\/agenciainfra.com\/blog\/wp-content\/uploads\/2025\/09\/mineracao-foto-Dominik-Vanyi-Unsplash.jpg","type":"image\/jpeg"}],"author":"Ag\u00eancia iNFRA","twitter_card":"summary_large_image","twitter_creator":"@agencia_infra","twitter_site":"@agencia_infra","twitter_misc":{"Escrito por":"Ag\u00eancia iNFRA","Est. tempo de leitura":"2 minutos"},"schema":{"@context":"https:\/\/schema.org","@graph":[{"@type":"Article","@id":"https:\/\/agenciainfra.com\/blog\/observatorio-do-clima-rechaca-autorizacao-tacita-em-politica-para-minerais-criticos\/#article","isPartOf":{"@id":"https:\/\/agenciainfra.com\/blog\/observatorio-do-clima-rechaca-autorizacao-tacita-em-politica-para-minerais-criticos\/"},"author":{"name":"Ag\u00eancia iNFRA","@id":"https:\/\/agenciainfra.com\/blog\/#\/schema\/person\/34af08dff6adea4cb22b06612ba7acfa"},"headline":"Observat\u00f3rio do Clima recha\u00e7a \u2018autoriza\u00e7\u00e3o t\u00e1cita\u2019 para minerais cr\u00edticos","datePublished":"2025-09-11T20:03:30+00:00","dateModified":"2025-09-16T13:47:15+00:00","mainEntityOfPage":{"@id":"https:\/\/agenciainfra.com\/blog\/observatorio-do-clima-rechaca-autorizacao-tacita-em-politica-para-minerais-criticos\/"},"wordCount":338,"publisher":{"@id":"https:\/\/agenciainfra.com\/blog\/#organization"},"keywords":["Adriana Pinheiro","autoriza\u00e7\u00e3o t\u00e1cita","COP30","Maur\u00edcio Angelo","minerais cr\u00edticos","Observat\u00f3rio da Minera\u00e7\u00e3o","Observat\u00f3rio do Clima","Rafael Bitencourt"],"articleSection":["Geral","Minera\u00e7\u00e3o"],"inLanguage":"pt-BR","copyrightYear":"2025","copyrightHolder":{"@id":"https:\/\/agenciainfra.com\/blog\/#organization"}},{"@type":"WebPage","@id":"https:\/\/agenciainfra.com\/blog\/observatorio-do-clima-rechaca-autorizacao-tacita-em-politica-para-minerais-criticos\/","url":"https:\/\/agenciainfra.com\/blog\/observatorio-do-clima-rechaca-autorizacao-tacita-em-politica-para-minerais-criticos\/","name":"Observat\u00f3rio do Clima recha\u00e7a \u2018autoriza\u00e7\u00e3o t\u00e1cita\u2019 para minerais cr\u00edticos - Ag\u00eancia iNFRA","isPartOf":{"@id":"https:\/\/agenciainfra.com\/blog\/#website"},"datePublished":"2025-09-11T20:03:30+00:00","dateModified":"2025-09-16T13:47:15+00:00","breadcrumb":{"@id":"https:\/\/agenciainfra.com\/blog\/observatorio-do-clima-rechaca-autorizacao-tacita-em-politica-para-minerais-criticos\/#breadcrumb"},"inLanguage":"pt-BR","potentialAction":[{"@type":"ReadAction","target":["https:\/\/agenciainfra.com\/blog\/observatorio-do-clima-rechaca-autorizacao-tacita-em-politica-para-minerais-criticos\/"]}]},{"@type":"BreadcrumbList","@id":"https:\/\/agenciainfra.com\/blog\/observatorio-do-clima-rechaca-autorizacao-tacita-em-politica-para-minerais-criticos\/#breadcrumb","itemListElement":[{"@type":"ListItem","position":1,"name":"In\u00edcio","item":"https:\/\/agenciainfra.com\/blog\/"},{"@type":"ListItem","position":2,"name":"Observat\u00f3rio do Clima recha\u00e7a \u2018autoriza\u00e7\u00e3o t\u00e1cita\u2019 para minerais cr\u00edticos"}]},{"@type":"WebSite","@id":"https:\/\/agenciainfra.com\/blog\/#website","url":"https:\/\/agenciainfra.com\/blog\/","name":"Ag\u00eancia iNFRA","description":"Multiplataforma de informa\u00e7\u00e3o jornal\u00edstica refer\u00eancia na \u00e1rea de infraestrutura no Brasil!","publisher":{"@id":"https:\/\/agenciainfra.com\/blog\/#organization"},"potentialAction":[{"@type":"SearchAction","target":{"@type":"EntryPoint","urlTemplate":"https:\/\/agenciainfra.com\/blog\/?s={search_term_string}"},"query-input":{"@type":"PropertyValueSpecification","valueRequired":true,"valueName":"search_term_string"}}],"inLanguage":"pt-BR"},{"@type":"Organization","@id":"https:\/\/agenciainfra.com\/blog\/#organization","name":"Ag\u00eancia iNFRA","url":"https:\/\/agenciainfra.com\/blog\/","logo":{"@type":"ImageObject","inLanguage":"pt-BR","@id":"https:\/\/agenciainfra.com\/blog\/#\/schema\/logo\/image\/","url":"https:\/\/agenciainfra.com\/blog\/wp-content\/uploads\/2023\/09\/iNFRA_5-e1761735885940.png","contentUrl":"https:\/\/agenciainfra.com\/blog\/wp-content\/uploads\/2023\/09\/iNFRA_5-e1761735885940.png","width":1672,"height":454,"caption":"Ag\u00eancia iNFRA"},"image":{"@id":"https:\/\/agenciainfra.com\/blog\/#\/schema\/logo\/image\/"},"sameAs":["https:\/\/www.facebook.com\/ageninfra","https:\/\/x.com\/agencia_infra","https:\/\/www.linkedin.com\/company\/ag\u00eanciainfra\/","https:\/\/www.instagram.com\/agenciainfra\/"]},{"@type":"Person","@id":"https:\/\/agenciainfra.com\/blog\/#\/schema\/person\/34af08dff6adea4cb22b06612ba7acfa","name":"Ag\u00eancia iNFRA","image":{"@type":"ImageObject","inLanguage":"pt-BR","@id":"https:\/\/agenciainfra.com\/blog\/#\/schema\/person\/image\/","url":"https:\/\/secure.gravatar.com\/avatar\/d189e01678f06d8eb84d4e01f08eb848b3fffe3f8443818d3c356c66892f5be8?s=96&d=mm&r=g","contentUrl":"https:\/\/secure.gravatar.com\/avatar\/d189e01678f06d8eb84d4e01f08eb848b3fffe3f8443818d3c356c66892f5be8?s=96&d=mm&r=g","caption":"Ag\u00eancia iNFRA"},"url":"https:\/\/agenciainfra.com\/blog\/author\/admin\/"}]}},"_links":{"self":[{"href":"https:\/\/agenciainfra.com\/blog\/wp-json\/wp\/v2\/posts\/27593","targetHints":{"allow":["GET"]}}],"collection":[{"href":"https:\/\/agenciainfra.com\/blog\/wp-json\/wp\/v2\/posts"}],"about":[{"href":"https:\/\/agenciainfra.com\/blog\/wp-json\/wp\/v2\/types\/post"}],"author":[{"embeddable":true,"href":"https:\/\/agenciainfra.com\/blog\/wp-json\/wp\/v2\/users\/1"}],"replies":[{"embeddable":true,"href":"https:\/\/agenciainfra.com\/blog\/wp-json\/wp\/v2\/comments?post=27593"}],"version-history":[{"count":3,"href":"https:\/\/agenciainfra.com\/blog\/wp-json\/wp\/v2\/posts\/27593\/revisions"}],"predecessor-version":[{"id":27610,"href":"https:\/\/agenciainfra.com\/blog\/wp-json\/wp\/v2\/posts\/27593\/revisions\/27610"}],"wp:attachment":[{"href":"https:\/\/agenciainfra.com\/blog\/wp-json\/wp\/v2\/media?parent=27593"}],"wp:term":[{"taxonomy":"category","embeddable":true,"href":"https:\/\/agenciainfra.com\/blog\/wp-json\/wp\/v2\/categories?post=27593"},{"taxonomy":"post_tag","embeddable":true,"href":"https:\/\/agenciainfra.com\/blog\/wp-json\/wp\/v2\/tags?post=27593"}],"curies":[{"name":"wp","href":"https:\/\/api.w.org\/{rel}","templated":true}]}}