{"id":27613,"date":"2025-09-11T18:39:38","date_gmt":"2025-09-11T21:39:38","guid":{"rendered":"https:\/\/agenciainfra.com\/blog\/?p=27613"},"modified":"2025-09-12T11:07:47","modified_gmt":"2025-09-12T14:07:47","slug":"ccee-reduz-passivo-do-gsf-apos-primeira-liquidacao-do-mcp-com-novo-mecanismo","status":"publish","type":"post","link":"https:\/\/agenciainfra.com\/blog\/ccee-reduz-passivo-do-gsf-apos-primeira-liquidacao-do-mcp-com-novo-mecanismo\/","title":{"rendered":"CCEE reduz passivo do GSF ap\u00f3s liquida\u00e7\u00e3o do MCP com novo mecanismo"},"content":{"rendered":"\n<p class=\"has-text-align-right\"><strong>da Ag\u00eancia iNFRA<\/strong><\/p>\n\n\n\n<p>A CCEE (C\u00e2mara de Comercializa\u00e7\u00e3o de Energia) realizou, na ter\u00e7a-feira (9), a primeira liquida\u00e7\u00e3o financeira do MCP (Mercado de Curto Prazo) ap\u00f3s a ado\u00e7\u00e3o do mecanismo concorrencial para mitigar os efeitos da judicializa\u00e7\u00e3o do risco hidrol\u00f3gico, o GSF. A opera\u00e7\u00e3o, referente a julho de 2025, movimentou R$ 2,54 bilh\u00f5es, equivalente a 87,4% do total contabilizado para o m\u00eas (R$ 2,91 bilh\u00f5es).<\/p>\n\n\n\n<p>Com o novo modelo, os valores bloqueados por decis\u00f5es judiciais ca\u00edram 72%, passando de R$ 1,09 bilh\u00e3o em junho para R$ 310,46 milh\u00f5es em julho, o menor n\u00edvel desde 2015. A inadimpl\u00eancia efetiva somou R$ 57,09 milh\u00f5es. A liquidez ampliou a recupera\u00e7\u00e3o de cr\u00e9ditos. Agentes que haviam recebido 57,5% dos valores em junho passaram a receber 84,7% em julho. Entre os que n\u00e3o tinham liminares, a propor\u00e7\u00e3o saltou de 53,3% para 84,5%.<\/p>\n\n\n\n<p>O presidente do Conselho de Administra\u00e7\u00e3o da CCEE, Alexandre Ramos, afirmou que a medida coloca o setor pr\u00f3ximo de uma solu\u00e7\u00e3o definitiva para os impactos do GSF, que h\u00e1 mais de uma d\u00e9cada geravam incertezas. \u201cA partir desta liquida\u00e7\u00e3o financeira, alcan\u00e7aremos novos patamares de seguran\u00e7a, confian\u00e7a e robustez no mercado brasileiro de energia, fruto de um mecanismo concorrencial operado com maestria pela CCEE e habilmente regulado pelo Minist\u00e9rio de Minas e Energia\u201d, completou.<\/p>\n\n\n\n<p>A liquida\u00e7\u00e3o de julho tamb\u00e9m zerou os pagamentos parcelados desde a repactua\u00e7\u00e3o do GSF em 2020, quando hidrel\u00e9tricas negociaram a extens\u00e3o de outorgas em troca da desist\u00eancia de a\u00e7\u00f5es judiciais.<\/p>\n","protected":false},"excerpt":{"rendered":"<p>da Ag\u00eancia iNFRA A CCEE (C\u00e2mara de Comercializa\u00e7\u00e3o de Energia) realizou, na ter\u00e7a-feira (9), a primeira liquida\u00e7\u00e3o financeira do MCP (Mercado de Curto Prazo) ap\u00f3s a ado\u00e7\u00e3o do mecanismo concorrencial para mitigar os efeitos da judicializa\u00e7\u00e3o do risco hidrol\u00f3gico, o GSF. A opera\u00e7\u00e3o, referente a julho de 2025, movimentou R$ 2,54 bilh\u00f5es, equivalente a 87,4% [&hellip;]<\/p>\n","protected":false},"author":1,"featured_media":12482,"comment_status":"closed","ping_status":"closed","sticky":false,"template":"","format":"standard","meta":{"_monsterinsights_skip_tracking":false,"_monsterinsights_sitenote_active":false,"_monsterinsights_sitenote_note":"","_monsterinsights_sitenote_category":0,"footnotes":""},"categories":[1,13576],"tags":[14,348,572,4947,821,193],"class_list":["post-27613","post","type-post","status-publish","format-standard","has-post-thumbnail","hentry","category-geral","category-giro-infra","tag-ccee","tag-gsf","tag-judicializacao","tag-liquidacao-financeira","tag-mercado-de-curto-prazo","tag-risco-hidrologico"],"yoast_head":"<!-- This site is optimized with the Yoast SEO Premium plugin v25.4 (Yoast SEO v26.0) - https:\/\/yoast.com\/wordpress\/plugins\/seo\/ -->\n<title>CCEE reduz passivo do GSF ap\u00f3s liquida\u00e7\u00e3o do MCP com novo mecanismo - Ag\u00eancia iNFRA<\/title>\n<meta name=\"robots\" content=\"index, follow, max-snippet:-1, max-image-preview:large, max-video-preview:-1\" \/>\n<link rel=\"canonical\" href=\"https:\/\/agenciainfra.com\/blog\/ccee-reduz-passivo-do-gsf-apos-primeira-liquidacao-do-mcp-com-novo-mecanismo\/\" \/>\n<meta property=\"og:locale\" content=\"pt_BR\" \/>\n<meta property=\"og:type\" content=\"article\" \/>\n<meta property=\"og:title\" content=\"CCEE reduz passivo do GSF ap\u00f3s liquida\u00e7\u00e3o do MCP com novo mecanismo\" \/>\n<meta property=\"og:description\" content=\"da Ag\u00eancia iNFRA A CCEE (C\u00e2mara de Comercializa\u00e7\u00e3o de Energia) realizou, na ter\u00e7a-feira (9), a primeira liquida\u00e7\u00e3o financeira do MCP (Mercado de Curto Prazo) ap\u00f3s a ado\u00e7\u00e3o do mecanismo concorrencial para mitigar os efeitos da judicializa\u00e7\u00e3o do risco hidrol\u00f3gico, o GSF. A opera\u00e7\u00e3o, referente a julho de 2025, movimentou R$ 2,54 bilh\u00f5es, equivalente a 87,4% [&hellip;]\" \/>\n<meta property=\"og:url\" content=\"https:\/\/agenciainfra.com\/blog\/ccee-reduz-passivo-do-gsf-apos-primeira-liquidacao-do-mcp-com-novo-mecanismo\/\" \/>\n<meta property=\"og:site_name\" content=\"Ag\u00eancia iNFRA\" \/>\n<meta property=\"article:publisher\" content=\"https:\/\/www.facebook.com\/ageninfra\" \/>\n<meta property=\"article:published_time\" content=\"2025-09-11T21:39:38+00:00\" \/>\n<meta property=\"article:modified_time\" content=\"2025-09-12T14:07:47+00:00\" \/>\n<meta property=\"og:image\" content=\"https:\/\/agenciainfra.com\/blog\/wp-content\/uploads\/2023\/04\/usina-hidreletrica-de-agua-vermelha-foto-aes-brasil.jpg\" \/>\n\t<meta property=\"og:image:width\" content=\"1200\" \/>\n\t<meta property=\"og:image:height\" content=\"800\" \/>\n\t<meta property=\"og:image:type\" content=\"image\/jpeg\" \/>\n<meta name=\"author\" content=\"Ag\u00eancia iNFRA\" \/>\n<meta name=\"twitter:card\" content=\"summary_large_image\" \/>\n<meta name=\"twitter:creator\" content=\"@agencia_infra\" \/>\n<meta name=\"twitter:site\" content=\"@agencia_infra\" \/>\n<meta name=\"twitter:label1\" content=\"Escrito por\" \/>\n\t<meta name=\"twitter:data1\" content=\"Ag\u00eancia iNFRA\" \/>\n\t<meta name=\"twitter:label2\" content=\"Est. tempo de leitura\" \/>\n\t<meta name=\"twitter:data2\" content=\"1 minuto\" \/>\n<script type=\"application\/ld+json\" class=\"yoast-schema-graph\">{\"@context\":\"https:\/\/schema.org\",\"@graph\":[{\"@type\":\"Article\",\"@id\":\"https:\/\/agenciainfra.com\/blog\/ccee-reduz-passivo-do-gsf-apos-primeira-liquidacao-do-mcp-com-novo-mecanismo\/#article\",\"isPartOf\":{\"@id\":\"https:\/\/agenciainfra.com\/blog\/ccee-reduz-passivo-do-gsf-apos-primeira-liquidacao-do-mcp-com-novo-mecanismo\/\"},\"author\":{\"name\":\"Ag\u00eancia iNFRA\",\"@id\":\"https:\/\/agenciainfra.com\/blog\/#\/schema\/person\/34af08dff6adea4cb22b06612ba7acfa\"},\"headline\":\"CCEE reduz passivo do GSF ap\u00f3s liquida\u00e7\u00e3o do MCP com novo mecanismo\",\"datePublished\":\"2025-09-11T21:39:38+00:00\",\"dateModified\":\"2025-09-12T14:07:47+00:00\",\"mainEntityOfPage\":{\"@id\":\"https:\/\/agenciainfra.com\/blog\/ccee-reduz-passivo-do-gsf-apos-primeira-liquidacao-do-mcp-com-novo-mecanismo\/\"},\"wordCount\":278,\"publisher\":{\"@id\":\"https:\/\/agenciainfra.com\/blog\/#organization\"},\"image\":{\"@id\":\"https:\/\/agenciainfra.com\/blog\/ccee-reduz-passivo-do-gsf-apos-primeira-liquidacao-do-mcp-com-novo-mecanismo\/#primaryimage\"},\"thumbnailUrl\":\"https:\/\/agenciainfra.com\/blog\/wp-content\/uploads\/2023\/04\/usina-hidreletrica-de-agua-vermelha-foto-aes-brasil.jpg\",\"keywords\":[\"ccee\",\"GSF\",\"judicializa\u00e7\u00e3o\",\"liquida\u00e7\u00e3o financeira\",\"mercado de curto prazo\",\"risco hidrol\u00f3gico\"],\"articleSection\":[\"Geral\",\"Giro iNFRA\"],\"inLanguage\":\"pt-BR\",\"copyrightYear\":\"2025\",\"copyrightHolder\":{\"@id\":\"https:\/\/agenciainfra.com\/blog\/#organization\"}},{\"@type\":\"WebPage\",\"@id\":\"https:\/\/agenciainfra.com\/blog\/ccee-reduz-passivo-do-gsf-apos-primeira-liquidacao-do-mcp-com-novo-mecanismo\/\",\"url\":\"https:\/\/agenciainfra.com\/blog\/ccee-reduz-passivo-do-gsf-apos-primeira-liquidacao-do-mcp-com-novo-mecanismo\/\",\"name\":\"CCEE reduz passivo do GSF ap\u00f3s liquida\u00e7\u00e3o do MCP com novo mecanismo - Ag\u00eancia iNFRA\",\"isPartOf\":{\"@id\":\"https:\/\/agenciainfra.com\/blog\/#website\"},\"primaryImageOfPage\":{\"@id\":\"https:\/\/agenciainfra.com\/blog\/ccee-reduz-passivo-do-gsf-apos-primeira-liquidacao-do-mcp-com-novo-mecanismo\/#primaryimage\"},\"image\":{\"@id\":\"https:\/\/agenciainfra.com\/blog\/ccee-reduz-passivo-do-gsf-apos-primeira-liquidacao-do-mcp-com-novo-mecanismo\/#primaryimage\"},\"thumbnailUrl\":\"https:\/\/agenciainfra.com\/blog\/wp-content\/uploads\/2023\/04\/usina-hidreletrica-de-agua-vermelha-foto-aes-brasil.jpg\",\"datePublished\":\"2025-09-11T21:39:38+00:00\",\"dateModified\":\"2025-09-12T14:07:47+00:00\",\"breadcrumb\":{\"@id\":\"https:\/\/agenciainfra.com\/blog\/ccee-reduz-passivo-do-gsf-apos-primeira-liquidacao-do-mcp-com-novo-mecanismo\/#breadcrumb\"},\"inLanguage\":\"pt-BR\",\"potentialAction\":[{\"@type\":\"ReadAction\",\"target\":[\"https:\/\/agenciainfra.com\/blog\/ccee-reduz-passivo-do-gsf-apos-primeira-liquidacao-do-mcp-com-novo-mecanismo\/\"]}]},{\"@type\":\"ImageObject\",\"inLanguage\":\"pt-BR\",\"@id\":\"https:\/\/agenciainfra.com\/blog\/ccee-reduz-passivo-do-gsf-apos-primeira-liquidacao-do-mcp-com-novo-mecanismo\/#primaryimage\",\"url\":\"https:\/\/agenciainfra.com\/blog\/wp-content\/uploads\/2023\/04\/usina-hidreletrica-de-agua-vermelha-foto-aes-brasil.jpg\",\"contentUrl\":\"https:\/\/agenciainfra.com\/blog\/wp-content\/uploads\/2023\/04\/usina-hidreletrica-de-agua-vermelha-foto-aes-brasil.jpg\",\"width\":1200,\"height\":800,\"caption\":\"Foto: AES Brasil\/Divulga\u00e7\u00e3o\"},{\"@type\":\"BreadcrumbList\",\"@id\":\"https:\/\/agenciainfra.com\/blog\/ccee-reduz-passivo-do-gsf-apos-primeira-liquidacao-do-mcp-com-novo-mecanismo\/#breadcrumb\",\"itemListElement\":[{\"@type\":\"ListItem\",\"position\":1,\"name\":\"In\u00edcio\",\"item\":\"https:\/\/agenciainfra.com\/blog\/\"},{\"@type\":\"ListItem\",\"position\":2,\"name\":\"CCEE reduz passivo do GSF ap\u00f3s liquida\u00e7\u00e3o do MCP com novo mecanismo\"}]},{\"@type\":\"WebSite\",\"@id\":\"https:\/\/agenciainfra.com\/blog\/#website\",\"url\":\"https:\/\/agenciainfra.com\/blog\/\",\"name\":\"Ag\u00eancia iNFRA\",\"description\":\"Multiplataforma de informa\u00e7\u00e3o jornal\u00edstica refer\u00eancia na \u00e1rea de infraestrutura no Brasil!\",\"publisher\":{\"@id\":\"https:\/\/agenciainfra.com\/blog\/#organization\"},\"potentialAction\":[{\"@type\":\"SearchAction\",\"target\":{\"@type\":\"EntryPoint\",\"urlTemplate\":\"https:\/\/agenciainfra.com\/blog\/?s={search_term_string}\"},\"query-input\":{\"@type\":\"PropertyValueSpecification\",\"valueRequired\":true,\"valueName\":\"search_term_string\"}}],\"inLanguage\":\"pt-BR\"},{\"@type\":\"Organization\",\"@id\":\"https:\/\/agenciainfra.com\/blog\/#organization\",\"name\":\"Ag\u00eancia iNFRA\",\"url\":\"https:\/\/agenciainfra.com\/blog\/\",\"logo\":{\"@type\":\"ImageObject\",\"inLanguage\":\"pt-BR\",\"@id\":\"https:\/\/agenciainfra.com\/blog\/#\/schema\/logo\/image\/\",\"url\":\"https:\/\/agenciainfra.com\/blog\/wp-content\/uploads\/2023\/09\/iNFRA_5-e1761735885940.png\",\"contentUrl\":\"https:\/\/agenciainfra.com\/blog\/wp-content\/uploads\/2023\/09\/iNFRA_5-e1761735885940.png\",\"width\":1672,\"height\":454,\"caption\":\"Ag\u00eancia iNFRA\"},\"image\":{\"@id\":\"https:\/\/agenciainfra.com\/blog\/#\/schema\/logo\/image\/\"},\"sameAs\":[\"https:\/\/www.facebook.com\/ageninfra\",\"https:\/\/x.com\/agencia_infra\",\"https:\/\/www.linkedin.com\/company\/ag\u00eanciainfra\/\",\"https:\/\/www.instagram.com\/agenciainfra\/\"]},{\"@type\":\"Person\",\"@id\":\"https:\/\/agenciainfra.com\/blog\/#\/schema\/person\/34af08dff6adea4cb22b06612ba7acfa\",\"name\":\"Ag\u00eancia iNFRA\",\"image\":{\"@type\":\"ImageObject\",\"inLanguage\":\"pt-BR\",\"@id\":\"https:\/\/agenciainfra.com\/blog\/#\/schema\/person\/image\/\",\"url\":\"https:\/\/secure.gravatar.com\/avatar\/d189e01678f06d8eb84d4e01f08eb848b3fffe3f8443818d3c356c66892f5be8?s=96&d=mm&r=g\",\"contentUrl\":\"https:\/\/secure.gravatar.com\/avatar\/d189e01678f06d8eb84d4e01f08eb848b3fffe3f8443818d3c356c66892f5be8?s=96&d=mm&r=g\",\"caption\":\"Ag\u00eancia iNFRA\"},\"url\":\"https:\/\/agenciainfra.com\/blog\/author\/admin\/\"}]}<\/script>\n<!-- \/ Yoast SEO Premium plugin. -->","yoast_head_json":{"title":"CCEE reduz passivo do GSF ap\u00f3s liquida\u00e7\u00e3o do MCP com novo mecanismo - Ag\u00eancia iNFRA","robots":{"index":"index","follow":"follow","max-snippet":"max-snippet:-1","max-image-preview":"max-image-preview:large","max-video-preview":"max-video-preview:-1"},"canonical":"https:\/\/agenciainfra.com\/blog\/ccee-reduz-passivo-do-gsf-apos-primeira-liquidacao-do-mcp-com-novo-mecanismo\/","og_locale":"pt_BR","og_type":"article","og_title":"CCEE reduz passivo do GSF ap\u00f3s liquida\u00e7\u00e3o do MCP com novo mecanismo","og_description":"da Ag\u00eancia iNFRA A CCEE (C\u00e2mara de Comercializa\u00e7\u00e3o de Energia) realizou, na ter\u00e7a-feira (9), a primeira liquida\u00e7\u00e3o financeira do MCP (Mercado de Curto Prazo) ap\u00f3s a ado\u00e7\u00e3o do mecanismo concorrencial para mitigar os efeitos da judicializa\u00e7\u00e3o do risco hidrol\u00f3gico, o GSF. A opera\u00e7\u00e3o, referente a julho de 2025, movimentou R$ 2,54 bilh\u00f5es, equivalente a 87,4% [&hellip;]","og_url":"https:\/\/agenciainfra.com\/blog\/ccee-reduz-passivo-do-gsf-apos-primeira-liquidacao-do-mcp-com-novo-mecanismo\/","og_site_name":"Ag\u00eancia iNFRA","article_publisher":"https:\/\/www.facebook.com\/ageninfra","article_published_time":"2025-09-11T21:39:38+00:00","article_modified_time":"2025-09-12T14:07:47+00:00","og_image":[{"width":1200,"height":800,"url":"https:\/\/agenciainfra.com\/blog\/wp-content\/uploads\/2023\/04\/usina-hidreletrica-de-agua-vermelha-foto-aes-brasil.jpg","type":"image\/jpeg"}],"author":"Ag\u00eancia iNFRA","twitter_card":"summary_large_image","twitter_creator":"@agencia_infra","twitter_site":"@agencia_infra","twitter_misc":{"Escrito por":"Ag\u00eancia iNFRA","Est. tempo de leitura":"1 minuto"},"schema":{"@context":"https:\/\/schema.org","@graph":[{"@type":"Article","@id":"https:\/\/agenciainfra.com\/blog\/ccee-reduz-passivo-do-gsf-apos-primeira-liquidacao-do-mcp-com-novo-mecanismo\/#article","isPartOf":{"@id":"https:\/\/agenciainfra.com\/blog\/ccee-reduz-passivo-do-gsf-apos-primeira-liquidacao-do-mcp-com-novo-mecanismo\/"},"author":{"name":"Ag\u00eancia iNFRA","@id":"https:\/\/agenciainfra.com\/blog\/#\/schema\/person\/34af08dff6adea4cb22b06612ba7acfa"},"headline":"CCEE reduz passivo do GSF ap\u00f3s liquida\u00e7\u00e3o do MCP com novo mecanismo","datePublished":"2025-09-11T21:39:38+00:00","dateModified":"2025-09-12T14:07:47+00:00","mainEntityOfPage":{"@id":"https:\/\/agenciainfra.com\/blog\/ccee-reduz-passivo-do-gsf-apos-primeira-liquidacao-do-mcp-com-novo-mecanismo\/"},"wordCount":278,"publisher":{"@id":"https:\/\/agenciainfra.com\/blog\/#organization"},"image":{"@id":"https:\/\/agenciainfra.com\/blog\/ccee-reduz-passivo-do-gsf-apos-primeira-liquidacao-do-mcp-com-novo-mecanismo\/#primaryimage"},"thumbnailUrl":"https:\/\/agenciainfra.com\/blog\/wp-content\/uploads\/2023\/04\/usina-hidreletrica-de-agua-vermelha-foto-aes-brasil.jpg","keywords":["ccee","GSF","judicializa\u00e7\u00e3o","liquida\u00e7\u00e3o financeira","mercado de curto prazo","risco hidrol\u00f3gico"],"articleSection":["Geral","Giro iNFRA"],"inLanguage":"pt-BR","copyrightYear":"2025","copyrightHolder":{"@id":"https:\/\/agenciainfra.com\/blog\/#organization"}},{"@type":"WebPage","@id":"https:\/\/agenciainfra.com\/blog\/ccee-reduz-passivo-do-gsf-apos-primeira-liquidacao-do-mcp-com-novo-mecanismo\/","url":"https:\/\/agenciainfra.com\/blog\/ccee-reduz-passivo-do-gsf-apos-primeira-liquidacao-do-mcp-com-novo-mecanismo\/","name":"CCEE reduz passivo do GSF ap\u00f3s liquida\u00e7\u00e3o do MCP com novo mecanismo - Ag\u00eancia iNFRA","isPartOf":{"@id":"https:\/\/agenciainfra.com\/blog\/#website"},"primaryImageOfPage":{"@id":"https:\/\/agenciainfra.com\/blog\/ccee-reduz-passivo-do-gsf-apos-primeira-liquidacao-do-mcp-com-novo-mecanismo\/#primaryimage"},"image":{"@id":"https:\/\/agenciainfra.com\/blog\/ccee-reduz-passivo-do-gsf-apos-primeira-liquidacao-do-mcp-com-novo-mecanismo\/#primaryimage"},"thumbnailUrl":"https:\/\/agenciainfra.com\/blog\/wp-content\/uploads\/2023\/04\/usina-hidreletrica-de-agua-vermelha-foto-aes-brasil.jpg","datePublished":"2025-09-11T21:39:38+00:00","dateModified":"2025-09-12T14:07:47+00:00","breadcrumb":{"@id":"https:\/\/agenciainfra.com\/blog\/ccee-reduz-passivo-do-gsf-apos-primeira-liquidacao-do-mcp-com-novo-mecanismo\/#breadcrumb"},"inLanguage":"pt-BR","potentialAction":[{"@type":"ReadAction","target":["https:\/\/agenciainfra.com\/blog\/ccee-reduz-passivo-do-gsf-apos-primeira-liquidacao-do-mcp-com-novo-mecanismo\/"]}]},{"@type":"ImageObject","inLanguage":"pt-BR","@id":"https:\/\/agenciainfra.com\/blog\/ccee-reduz-passivo-do-gsf-apos-primeira-liquidacao-do-mcp-com-novo-mecanismo\/#primaryimage","url":"https:\/\/agenciainfra.com\/blog\/wp-content\/uploads\/2023\/04\/usina-hidreletrica-de-agua-vermelha-foto-aes-brasil.jpg","contentUrl":"https:\/\/agenciainfra.com\/blog\/wp-content\/uploads\/2023\/04\/usina-hidreletrica-de-agua-vermelha-foto-aes-brasil.jpg","width":1200,"height":800,"caption":"Foto: AES Brasil\/Divulga\u00e7\u00e3o"},{"@type":"BreadcrumbList","@id":"https:\/\/agenciainfra.com\/blog\/ccee-reduz-passivo-do-gsf-apos-primeira-liquidacao-do-mcp-com-novo-mecanismo\/#breadcrumb","itemListElement":[{"@type":"ListItem","position":1,"name":"In\u00edcio","item":"https:\/\/agenciainfra.com\/blog\/"},{"@type":"ListItem","position":2,"name":"CCEE reduz passivo do GSF ap\u00f3s liquida\u00e7\u00e3o do MCP com novo mecanismo"}]},{"@type":"WebSite","@id":"https:\/\/agenciainfra.com\/blog\/#website","url":"https:\/\/agenciainfra.com\/blog\/","name":"Ag\u00eancia iNFRA","description":"Multiplataforma de informa\u00e7\u00e3o jornal\u00edstica refer\u00eancia na \u00e1rea de infraestrutura no Brasil!","publisher":{"@id":"https:\/\/agenciainfra.com\/blog\/#organization"},"potentialAction":[{"@type":"SearchAction","target":{"@type":"EntryPoint","urlTemplate":"https:\/\/agenciainfra.com\/blog\/?s={search_term_string}"},"query-input":{"@type":"PropertyValueSpecification","valueRequired":true,"valueName":"search_term_string"}}],"inLanguage":"pt-BR"},{"@type":"Organization","@id":"https:\/\/agenciainfra.com\/blog\/#organization","name":"Ag\u00eancia iNFRA","url":"https:\/\/agenciainfra.com\/blog\/","logo":{"@type":"ImageObject","inLanguage":"pt-BR","@id":"https:\/\/agenciainfra.com\/blog\/#\/schema\/logo\/image\/","url":"https:\/\/agenciainfra.com\/blog\/wp-content\/uploads\/2023\/09\/iNFRA_5-e1761735885940.png","contentUrl":"https:\/\/agenciainfra.com\/blog\/wp-content\/uploads\/2023\/09\/iNFRA_5-e1761735885940.png","width":1672,"height":454,"caption":"Ag\u00eancia iNFRA"},"image":{"@id":"https:\/\/agenciainfra.com\/blog\/#\/schema\/logo\/image\/"},"sameAs":["https:\/\/www.facebook.com\/ageninfra","https:\/\/x.com\/agencia_infra","https:\/\/www.linkedin.com\/company\/ag\u00eanciainfra\/","https:\/\/www.instagram.com\/agenciainfra\/"]},{"@type":"Person","@id":"https:\/\/agenciainfra.com\/blog\/#\/schema\/person\/34af08dff6adea4cb22b06612ba7acfa","name":"Ag\u00eancia iNFRA","image":{"@type":"ImageObject","inLanguage":"pt-BR","@id":"https:\/\/agenciainfra.com\/blog\/#\/schema\/person\/image\/","url":"https:\/\/secure.gravatar.com\/avatar\/d189e01678f06d8eb84d4e01f08eb848b3fffe3f8443818d3c356c66892f5be8?s=96&d=mm&r=g","contentUrl":"https:\/\/secure.gravatar.com\/avatar\/d189e01678f06d8eb84d4e01f08eb848b3fffe3f8443818d3c356c66892f5be8?s=96&d=mm&r=g","caption":"Ag\u00eancia iNFRA"},"url":"https:\/\/agenciainfra.com\/blog\/author\/admin\/"}]}},"_links":{"self":[{"href":"https:\/\/agenciainfra.com\/blog\/wp-json\/wp\/v2\/posts\/27613","targetHints":{"allow":["GET"]}}],"collection":[{"href":"https:\/\/agenciainfra.com\/blog\/wp-json\/wp\/v2\/posts"}],"about":[{"href":"https:\/\/agenciainfra.com\/blog\/wp-json\/wp\/v2\/types\/post"}],"author":[{"embeddable":true,"href":"https:\/\/agenciainfra.com\/blog\/wp-json\/wp\/v2\/users\/1"}],"replies":[{"embeddable":true,"href":"https:\/\/agenciainfra.com\/blog\/wp-json\/wp\/v2\/comments?post=27613"}],"version-history":[{"count":4,"href":"https:\/\/agenciainfra.com\/blog\/wp-json\/wp\/v2\/posts\/27613\/revisions"}],"predecessor-version":[{"id":27648,"href":"https:\/\/agenciainfra.com\/blog\/wp-json\/wp\/v2\/posts\/27613\/revisions\/27648"}],"wp:featuredmedia":[{"embeddable":true,"href":"https:\/\/agenciainfra.com\/blog\/wp-json\/wp\/v2\/media\/12482"}],"wp:attachment":[{"href":"https:\/\/agenciainfra.com\/blog\/wp-json\/wp\/v2\/media?parent=27613"}],"wp:term":[{"taxonomy":"category","embeddable":true,"href":"https:\/\/agenciainfra.com\/blog\/wp-json\/wp\/v2\/categories?post=27613"},{"taxonomy":"post_tag","embeddable":true,"href":"https:\/\/agenciainfra.com\/blog\/wp-json\/wp\/v2\/tags?post=27613"}],"curies":[{"name":"wp","href":"https:\/\/api.w.org\/{rel}","templated":true}]}}