{"id":27617,"date":"2025-09-11T18:54:47","date_gmt":"2025-09-11T21:54:47","guid":{"rendered":"https:\/\/agenciainfra.com\/blog\/?p=27617"},"modified":"2025-09-16T10:47:06","modified_gmt":"2025-09-16T13:47:06","slug":"aprovados-em-concurso-da-anm-vao-a-camara-cobrar-convocacao","status":"publish","type":"post","link":"https:\/\/agenciainfra.com\/blog\/aprovados-em-concurso-da-anm-vao-a-camara-cobrar-convocacao\/","title":{"rendered":"Aprovados em concurso da ANM v\u00e3o \u00e0 C\u00e2mara cobrar convoca\u00e7\u00e3o"},"content":{"rendered":"\n<p class=\"has-text-align-right\"><strong>Rafael Bitencourt, da Ag\u00eancia iNFRA<\/strong><\/p>\n\n\n\n<p>Candidatos aprovados no concurso p\u00fablico da ANM (Ag\u00eancia Nacional de Minera\u00e7\u00e3o) foram nesta quinta-feira (11) \u00e0 C\u00e2mara dos Deputados para cobrar a convoca\u00e7\u00e3o dos aprovados no \u00faltimo processo de sele\u00e7\u00e3o. O grupo aproveitou a presen\u00e7a de representantes do setor, em debate sobre <a href=\"https:\/\/agenciainfra.com\/blog\/conheca-as-10-diretrizes-do-brasil-para-os-minerais-criticos\/\">minerais cr\u00edticos<\/a> em comiss\u00e3o, para distribuir folders e at\u00e9 se manifestar, durante audi\u00eancia p\u00fablica, em defesa da reposi\u00e7\u00e3o do quadro funcional da autarquia federal.<\/p>\n\n\n\n<p>Bruna Farias, aprovada no \u00faltimo concurso da ANM, contou que a ag\u00eancia reguladora solicitou ao governo a contrata\u00e7\u00e3o de mil servidores, mas apenas 220 foram autorizados e chamados para o curso de forma\u00e7\u00e3o.<\/p>\n\n\n\n<p>Durante a audi\u00eancia p\u00fablica, ela ressaltou que esse n\u00famero corresponde \u00e0 quantidade de servidores com perspectiva de se aposentar nos pr\u00f3ximos quatro anos \u2013 ou seja, o objetivo de eliminar parte do d\u00e9ficit de contrata\u00e7\u00e3o deve ser atingido.<\/p>\n\n\n\n<p>O material distribu\u00eddo informa que a cada servidor inclu\u00eddo na \u00e1rea de fiscaliza\u00e7\u00e3o financeira do \u00f3rg\u00e3o tem o potencial de aumentar a arrecada\u00e7\u00e3o de royalty das mineradoras, a chamada Cfem (Compensa\u00e7\u00e3o Financeira pela Explora\u00e7\u00e3o de Recursos Minerais), em mais de R$ 100 milh\u00f5es por ano. Resgata ainda dados, levantados por \u00f3rg\u00e3os de controle, que demonstram a perda potencial de R$ 10 bilh\u00f5es em receita nos \u00faltimos anos, em raz\u00e3o da falta de aprimoramento dos sistemas de controle e d\u00e9ficit de servidores.<\/p>\n\n\n\n<p>\u201c\u00c9 urgente a convoca\u00e7\u00e3o de todo o cadastro reserva!\u201d, destaca a mensagem do folder distribu\u00eddo pelos candidatos na audi\u00eancia p\u00fablica da Comiss\u00e3o de Meio Ambiente e Desenvolvimento&nbsp;Sustent\u00e1vel.<\/p>\n\n\n\n<p><em>*Reportagem atualizada para ajuste de informa\u00e7\u00e3o referente \u00e0 autoriza\u00e7\u00e3o de servidores para o curso de forma\u00e7\u00e3o.<\/em><\/p>\n","protected":false},"excerpt":{"rendered":"<p>Rafael Bitencourt, da Ag\u00eancia iNFRA Candidatos aprovados no concurso p\u00fablico da ANM (Ag\u00eancia Nacional de Minera\u00e7\u00e3o) foram nesta quinta-feira (11) \u00e0 C\u00e2mara dos Deputados para cobrar a convoca\u00e7\u00e3o dos aprovados no \u00faltimo processo de sele\u00e7\u00e3o. O grupo aproveitou a presen\u00e7a de representantes do setor, em debate sobre minerais cr\u00edticos em comiss\u00e3o, para distribuir folders e [&hellip;]<\/p>\n","protected":false},"author":1,"featured_media":27619,"comment_status":"closed","ping_status":"closed","sticky":false,"template":"","format":"standard","meta":{"_monsterinsights_skip_tracking":false,"_monsterinsights_sitenote_active":false,"_monsterinsights_sitenote_note":"","_monsterinsights_sitenote_category":0,"footnotes":""},"categories":[1,13239],"tags":[840,340,15314,305,13139,15313,8074,13228,13813],"class_list":["post-27617","post","type-post","status-publish","format-standard","has-post-thumbnail","hentry","category-geral","category-mineracao","tag-agencia-nacional-de-mineracao","tag-anm","tag-cadastro-reserva","tag-camara-dos-deputados","tag-cfem","tag-comissao-de-meio-ambiente-e-desenvolvimento-sustentavel-2","tag-concurso-publico","tag-minerais-criticos","tag-rafael-bitencourt"],"yoast_head":"<!-- This site is optimized with the Yoast SEO Premium plugin v25.4 (Yoast SEO v26.0) - https:\/\/yoast.com\/wordpress\/plugins\/seo\/ -->\n<title>Aprovados em concurso da ANM v\u00e3o \u00e0 C\u00e2mara cobrar convoca\u00e7\u00e3o - Ag\u00eancia iNFRA<\/title>\n<meta name=\"robots\" content=\"index, follow, max-snippet:-1, max-image-preview:large, max-video-preview:-1\" \/>\n<link rel=\"canonical\" href=\"https:\/\/agenciainfra.com\/blog\/aprovados-em-concurso-da-anm-vao-a-camara-cobrar-convocacao\/\" \/>\n<meta property=\"og:locale\" content=\"pt_BR\" \/>\n<meta property=\"og:type\" content=\"article\" \/>\n<meta property=\"og:title\" content=\"Aprovados em concurso da ANM v\u00e3o \u00e0 C\u00e2mara cobrar convoca\u00e7\u00e3o\" \/>\n<meta property=\"og:description\" content=\"Rafael Bitencourt, da Ag\u00eancia iNFRA Candidatos aprovados no concurso p\u00fablico da ANM (Ag\u00eancia Nacional de Minera\u00e7\u00e3o) foram nesta quinta-feira (11) \u00e0 C\u00e2mara dos Deputados para cobrar a convoca\u00e7\u00e3o dos aprovados no \u00faltimo processo de sele\u00e7\u00e3o. O grupo aproveitou a presen\u00e7a de representantes do setor, em debate sobre minerais cr\u00edticos em comiss\u00e3o, para distribuir folders e [&hellip;]\" \/>\n<meta property=\"og:url\" content=\"https:\/\/agenciainfra.com\/blog\/aprovados-em-concurso-da-anm-vao-a-camara-cobrar-convocacao\/\" \/>\n<meta property=\"og:site_name\" content=\"Ag\u00eancia iNFRA\" \/>\n<meta property=\"article:publisher\" content=\"https:\/\/www.facebook.com\/ageninfra\" \/>\n<meta property=\"article:published_time\" content=\"2025-09-11T21:54:47+00:00\" \/>\n<meta property=\"article:modified_time\" content=\"2025-09-16T13:47:06+00:00\" \/>\n<meta property=\"og:image\" content=\"https:\/\/agenciainfra.com\/blog\/wp-content\/uploads\/2025\/09\/Foto-Agencia-iNFRA.jpg\" \/>\n\t<meta property=\"og:image:width\" content=\"1280\" \/>\n\t<meta property=\"og:image:height\" content=\"780\" \/>\n\t<meta property=\"og:image:type\" content=\"image\/jpeg\" \/>\n<meta name=\"author\" content=\"Ag\u00eancia iNFRA\" \/>\n<meta name=\"twitter:card\" content=\"summary_large_image\" \/>\n<meta name=\"twitter:creator\" content=\"@agencia_infra\" \/>\n<meta name=\"twitter:site\" content=\"@agencia_infra\" \/>\n<meta name=\"twitter:label1\" content=\"Escrito por\" \/>\n\t<meta name=\"twitter:data1\" content=\"Ag\u00eancia iNFRA\" \/>\n\t<meta name=\"twitter:label2\" content=\"Est. tempo de leitura\" \/>\n\t<meta name=\"twitter:data2\" content=\"2 minutos\" \/>\n<script type=\"application\/ld+json\" class=\"yoast-schema-graph\">{\"@context\":\"https:\/\/schema.org\",\"@graph\":[{\"@type\":\"Article\",\"@id\":\"https:\/\/agenciainfra.com\/blog\/aprovados-em-concurso-da-anm-vao-a-camara-cobrar-convocacao\/#article\",\"isPartOf\":{\"@id\":\"https:\/\/agenciainfra.com\/blog\/aprovados-em-concurso-da-anm-vao-a-camara-cobrar-convocacao\/\"},\"author\":{\"name\":\"Ag\u00eancia iNFRA\",\"@id\":\"https:\/\/agenciainfra.com\/blog\/#\/schema\/person\/34af08dff6adea4cb22b06612ba7acfa\"},\"headline\":\"Aprovados em concurso da ANM v\u00e3o \u00e0 C\u00e2mara cobrar convoca\u00e7\u00e3o\",\"datePublished\":\"2025-09-11T21:54:47+00:00\",\"dateModified\":\"2025-09-16T13:47:06+00:00\",\"mainEntityOfPage\":{\"@id\":\"https:\/\/agenciainfra.com\/blog\/aprovados-em-concurso-da-anm-vao-a-camara-cobrar-convocacao\/\"},\"wordCount\":314,\"publisher\":{\"@id\":\"https:\/\/agenciainfra.com\/blog\/#organization\"},\"image\":{\"@id\":\"https:\/\/agenciainfra.com\/blog\/aprovados-em-concurso-da-anm-vao-a-camara-cobrar-convocacao\/#primaryimage\"},\"thumbnailUrl\":\"https:\/\/agenciainfra.com\/blog\/wp-content\/uploads\/2025\/09\/Foto-Agencia-iNFRA.jpg\",\"keywords\":[\"Ag\u00eancia Nacional de Minera\u00e7\u00e3o\",\"ANM\",\"cadastro reserva\",\"C\u00e2mara dos Deputados\",\"CFEM\",\"Comiss\u00e3o de Meio Ambiente e Desenvolvimento\u00a0Sustent\u00e1vel\",\"Concurso P\u00fablico\",\"minerais cr\u00edticos\",\"Rafael Bitencourt\"],\"articleSection\":[\"Geral\",\"Minera\u00e7\u00e3o\"],\"inLanguage\":\"pt-BR\",\"copyrightYear\":\"2025\",\"copyrightHolder\":{\"@id\":\"https:\/\/agenciainfra.com\/blog\/#organization\"}},{\"@type\":\"WebPage\",\"@id\":\"https:\/\/agenciainfra.com\/blog\/aprovados-em-concurso-da-anm-vao-a-camara-cobrar-convocacao\/\",\"url\":\"https:\/\/agenciainfra.com\/blog\/aprovados-em-concurso-da-anm-vao-a-camara-cobrar-convocacao\/\",\"name\":\"Aprovados em concurso da ANM v\u00e3o \u00e0 C\u00e2mara cobrar convoca\u00e7\u00e3o - Ag\u00eancia iNFRA\",\"isPartOf\":{\"@id\":\"https:\/\/agenciainfra.com\/blog\/#website\"},\"primaryImageOfPage\":{\"@id\":\"https:\/\/agenciainfra.com\/blog\/aprovados-em-concurso-da-anm-vao-a-camara-cobrar-convocacao\/#primaryimage\"},\"image\":{\"@id\":\"https:\/\/agenciainfra.com\/blog\/aprovados-em-concurso-da-anm-vao-a-camara-cobrar-convocacao\/#primaryimage\"},\"thumbnailUrl\":\"https:\/\/agenciainfra.com\/blog\/wp-content\/uploads\/2025\/09\/Foto-Agencia-iNFRA.jpg\",\"datePublished\":\"2025-09-11T21:54:47+00:00\",\"dateModified\":\"2025-09-16T13:47:06+00:00\",\"breadcrumb\":{\"@id\":\"https:\/\/agenciainfra.com\/blog\/aprovados-em-concurso-da-anm-vao-a-camara-cobrar-convocacao\/#breadcrumb\"},\"inLanguage\":\"pt-BR\",\"potentialAction\":[{\"@type\":\"ReadAction\",\"target\":[\"https:\/\/agenciainfra.com\/blog\/aprovados-em-concurso-da-anm-vao-a-camara-cobrar-convocacao\/\"]}]},{\"@type\":\"ImageObject\",\"inLanguage\":\"pt-BR\",\"@id\":\"https:\/\/agenciainfra.com\/blog\/aprovados-em-concurso-da-anm-vao-a-camara-cobrar-convocacao\/#primaryimage\",\"url\":\"https:\/\/agenciainfra.com\/blog\/wp-content\/uploads\/2025\/09\/Foto-Agencia-iNFRA.jpg\",\"contentUrl\":\"https:\/\/agenciainfra.com\/blog\/wp-content\/uploads\/2025\/09\/Foto-Agencia-iNFRA.jpg\",\"width\":1280,\"height\":780,\"caption\":\"Foto: Ag\u00eancia iNFRA\"},{\"@type\":\"BreadcrumbList\",\"@id\":\"https:\/\/agenciainfra.com\/blog\/aprovados-em-concurso-da-anm-vao-a-camara-cobrar-convocacao\/#breadcrumb\",\"itemListElement\":[{\"@type\":\"ListItem\",\"position\":1,\"name\":\"In\u00edcio\",\"item\":\"https:\/\/agenciainfra.com\/blog\/\"},{\"@type\":\"ListItem\",\"position\":2,\"name\":\"Aprovados em concurso da ANM v\u00e3o \u00e0 C\u00e2mara cobrar convoca\u00e7\u00e3o\"}]},{\"@type\":\"WebSite\",\"@id\":\"https:\/\/agenciainfra.com\/blog\/#website\",\"url\":\"https:\/\/agenciainfra.com\/blog\/\",\"name\":\"Ag\u00eancia iNFRA\",\"description\":\"Multiplataforma de informa\u00e7\u00e3o jornal\u00edstica refer\u00eancia na \u00e1rea de infraestrutura no Brasil!\",\"publisher\":{\"@id\":\"https:\/\/agenciainfra.com\/blog\/#organization\"},\"potentialAction\":[{\"@type\":\"SearchAction\",\"target\":{\"@type\":\"EntryPoint\",\"urlTemplate\":\"https:\/\/agenciainfra.com\/blog\/?s={search_term_string}\"},\"query-input\":{\"@type\":\"PropertyValueSpecification\",\"valueRequired\":true,\"valueName\":\"search_term_string\"}}],\"inLanguage\":\"pt-BR\"},{\"@type\":\"Organization\",\"@id\":\"https:\/\/agenciainfra.com\/blog\/#organization\",\"name\":\"Ag\u00eancia iNFRA\",\"url\":\"https:\/\/agenciainfra.com\/blog\/\",\"logo\":{\"@type\":\"ImageObject\",\"inLanguage\":\"pt-BR\",\"@id\":\"https:\/\/agenciainfra.com\/blog\/#\/schema\/logo\/image\/\",\"url\":\"https:\/\/agenciainfra.com\/blog\/wp-content\/uploads\/2023\/09\/iNFRA_5-e1761735885940.png\",\"contentUrl\":\"https:\/\/agenciainfra.com\/blog\/wp-content\/uploads\/2023\/09\/iNFRA_5-e1761735885940.png\",\"width\":1672,\"height\":454,\"caption\":\"Ag\u00eancia iNFRA\"},\"image\":{\"@id\":\"https:\/\/agenciainfra.com\/blog\/#\/schema\/logo\/image\/\"},\"sameAs\":[\"https:\/\/www.facebook.com\/ageninfra\",\"https:\/\/x.com\/agencia_infra\",\"https:\/\/www.linkedin.com\/company\/ag\u00eanciainfra\/\",\"https:\/\/www.instagram.com\/agenciainfra\/\"]},{\"@type\":\"Person\",\"@id\":\"https:\/\/agenciainfra.com\/blog\/#\/schema\/person\/34af08dff6adea4cb22b06612ba7acfa\",\"name\":\"Ag\u00eancia iNFRA\",\"image\":{\"@type\":\"ImageObject\",\"inLanguage\":\"pt-BR\",\"@id\":\"https:\/\/agenciainfra.com\/blog\/#\/schema\/person\/image\/\",\"url\":\"https:\/\/secure.gravatar.com\/avatar\/d189e01678f06d8eb84d4e01f08eb848b3fffe3f8443818d3c356c66892f5be8?s=96&d=mm&r=g\",\"contentUrl\":\"https:\/\/secure.gravatar.com\/avatar\/d189e01678f06d8eb84d4e01f08eb848b3fffe3f8443818d3c356c66892f5be8?s=96&d=mm&r=g\",\"caption\":\"Ag\u00eancia iNFRA\"},\"url\":\"https:\/\/agenciainfra.com\/blog\/author\/admin\/\"}]}<\/script>\n<!-- \/ Yoast SEO Premium plugin. -->","yoast_head_json":{"title":"Aprovados em concurso da ANM v\u00e3o \u00e0 C\u00e2mara cobrar convoca\u00e7\u00e3o - Ag\u00eancia iNFRA","robots":{"index":"index","follow":"follow","max-snippet":"max-snippet:-1","max-image-preview":"max-image-preview:large","max-video-preview":"max-video-preview:-1"},"canonical":"https:\/\/agenciainfra.com\/blog\/aprovados-em-concurso-da-anm-vao-a-camara-cobrar-convocacao\/","og_locale":"pt_BR","og_type":"article","og_title":"Aprovados em concurso da ANM v\u00e3o \u00e0 C\u00e2mara cobrar convoca\u00e7\u00e3o","og_description":"Rafael Bitencourt, da Ag\u00eancia iNFRA Candidatos aprovados no concurso p\u00fablico da ANM (Ag\u00eancia Nacional de Minera\u00e7\u00e3o) foram nesta quinta-feira (11) \u00e0 C\u00e2mara dos Deputados para cobrar a convoca\u00e7\u00e3o dos aprovados no \u00faltimo processo de sele\u00e7\u00e3o. O grupo aproveitou a presen\u00e7a de representantes do setor, em debate sobre minerais cr\u00edticos em comiss\u00e3o, para distribuir folders e [&hellip;]","og_url":"https:\/\/agenciainfra.com\/blog\/aprovados-em-concurso-da-anm-vao-a-camara-cobrar-convocacao\/","og_site_name":"Ag\u00eancia iNFRA","article_publisher":"https:\/\/www.facebook.com\/ageninfra","article_published_time":"2025-09-11T21:54:47+00:00","article_modified_time":"2025-09-16T13:47:06+00:00","og_image":[{"width":1280,"height":780,"url":"https:\/\/agenciainfra.com\/blog\/wp-content\/uploads\/2025\/09\/Foto-Agencia-iNFRA.jpg","type":"image\/jpeg"}],"author":"Ag\u00eancia iNFRA","twitter_card":"summary_large_image","twitter_creator":"@agencia_infra","twitter_site":"@agencia_infra","twitter_misc":{"Escrito por":"Ag\u00eancia iNFRA","Est. tempo de leitura":"2 minutos"},"schema":{"@context":"https:\/\/schema.org","@graph":[{"@type":"Article","@id":"https:\/\/agenciainfra.com\/blog\/aprovados-em-concurso-da-anm-vao-a-camara-cobrar-convocacao\/#article","isPartOf":{"@id":"https:\/\/agenciainfra.com\/blog\/aprovados-em-concurso-da-anm-vao-a-camara-cobrar-convocacao\/"},"author":{"name":"Ag\u00eancia iNFRA","@id":"https:\/\/agenciainfra.com\/blog\/#\/schema\/person\/34af08dff6adea4cb22b06612ba7acfa"},"headline":"Aprovados em concurso da ANM v\u00e3o \u00e0 C\u00e2mara cobrar convoca\u00e7\u00e3o","datePublished":"2025-09-11T21:54:47+00:00","dateModified":"2025-09-16T13:47:06+00:00","mainEntityOfPage":{"@id":"https:\/\/agenciainfra.com\/blog\/aprovados-em-concurso-da-anm-vao-a-camara-cobrar-convocacao\/"},"wordCount":314,"publisher":{"@id":"https:\/\/agenciainfra.com\/blog\/#organization"},"image":{"@id":"https:\/\/agenciainfra.com\/blog\/aprovados-em-concurso-da-anm-vao-a-camara-cobrar-convocacao\/#primaryimage"},"thumbnailUrl":"https:\/\/agenciainfra.com\/blog\/wp-content\/uploads\/2025\/09\/Foto-Agencia-iNFRA.jpg","keywords":["Ag\u00eancia Nacional de Minera\u00e7\u00e3o","ANM","cadastro reserva","C\u00e2mara dos Deputados","CFEM","Comiss\u00e3o de Meio Ambiente e Desenvolvimento\u00a0Sustent\u00e1vel","Concurso P\u00fablico","minerais cr\u00edticos","Rafael Bitencourt"],"articleSection":["Geral","Minera\u00e7\u00e3o"],"inLanguage":"pt-BR","copyrightYear":"2025","copyrightHolder":{"@id":"https:\/\/agenciainfra.com\/blog\/#organization"}},{"@type":"WebPage","@id":"https:\/\/agenciainfra.com\/blog\/aprovados-em-concurso-da-anm-vao-a-camara-cobrar-convocacao\/","url":"https:\/\/agenciainfra.com\/blog\/aprovados-em-concurso-da-anm-vao-a-camara-cobrar-convocacao\/","name":"Aprovados em concurso da ANM v\u00e3o \u00e0 C\u00e2mara cobrar convoca\u00e7\u00e3o - Ag\u00eancia iNFRA","isPartOf":{"@id":"https:\/\/agenciainfra.com\/blog\/#website"},"primaryImageOfPage":{"@id":"https:\/\/agenciainfra.com\/blog\/aprovados-em-concurso-da-anm-vao-a-camara-cobrar-convocacao\/#primaryimage"},"image":{"@id":"https:\/\/agenciainfra.com\/blog\/aprovados-em-concurso-da-anm-vao-a-camara-cobrar-convocacao\/#primaryimage"},"thumbnailUrl":"https:\/\/agenciainfra.com\/blog\/wp-content\/uploads\/2025\/09\/Foto-Agencia-iNFRA.jpg","datePublished":"2025-09-11T21:54:47+00:00","dateModified":"2025-09-16T13:47:06+00:00","breadcrumb":{"@id":"https:\/\/agenciainfra.com\/blog\/aprovados-em-concurso-da-anm-vao-a-camara-cobrar-convocacao\/#breadcrumb"},"inLanguage":"pt-BR","potentialAction":[{"@type":"ReadAction","target":["https:\/\/agenciainfra.com\/blog\/aprovados-em-concurso-da-anm-vao-a-camara-cobrar-convocacao\/"]}]},{"@type":"ImageObject","inLanguage":"pt-BR","@id":"https:\/\/agenciainfra.com\/blog\/aprovados-em-concurso-da-anm-vao-a-camara-cobrar-convocacao\/#primaryimage","url":"https:\/\/agenciainfra.com\/blog\/wp-content\/uploads\/2025\/09\/Foto-Agencia-iNFRA.jpg","contentUrl":"https:\/\/agenciainfra.com\/blog\/wp-content\/uploads\/2025\/09\/Foto-Agencia-iNFRA.jpg","width":1280,"height":780,"caption":"Foto: Ag\u00eancia iNFRA"},{"@type":"BreadcrumbList","@id":"https:\/\/agenciainfra.com\/blog\/aprovados-em-concurso-da-anm-vao-a-camara-cobrar-convocacao\/#breadcrumb","itemListElement":[{"@type":"ListItem","position":1,"name":"In\u00edcio","item":"https:\/\/agenciainfra.com\/blog\/"},{"@type":"ListItem","position":2,"name":"Aprovados em concurso da ANM v\u00e3o \u00e0 C\u00e2mara cobrar convoca\u00e7\u00e3o"}]},{"@type":"WebSite","@id":"https:\/\/agenciainfra.com\/blog\/#website","url":"https:\/\/agenciainfra.com\/blog\/","name":"Ag\u00eancia iNFRA","description":"Multiplataforma de informa\u00e7\u00e3o jornal\u00edstica refer\u00eancia na \u00e1rea de infraestrutura no Brasil!","publisher":{"@id":"https:\/\/agenciainfra.com\/blog\/#organization"},"potentialAction":[{"@type":"SearchAction","target":{"@type":"EntryPoint","urlTemplate":"https:\/\/agenciainfra.com\/blog\/?s={search_term_string}"},"query-input":{"@type":"PropertyValueSpecification","valueRequired":true,"valueName":"search_term_string"}}],"inLanguage":"pt-BR"},{"@type":"Organization","@id":"https:\/\/agenciainfra.com\/blog\/#organization","name":"Ag\u00eancia iNFRA","url":"https:\/\/agenciainfra.com\/blog\/","logo":{"@type":"ImageObject","inLanguage":"pt-BR","@id":"https:\/\/agenciainfra.com\/blog\/#\/schema\/logo\/image\/","url":"https:\/\/agenciainfra.com\/blog\/wp-content\/uploads\/2023\/09\/iNFRA_5-e1761735885940.png","contentUrl":"https:\/\/agenciainfra.com\/blog\/wp-content\/uploads\/2023\/09\/iNFRA_5-e1761735885940.png","width":1672,"height":454,"caption":"Ag\u00eancia iNFRA"},"image":{"@id":"https:\/\/agenciainfra.com\/blog\/#\/schema\/logo\/image\/"},"sameAs":["https:\/\/www.facebook.com\/ageninfra","https:\/\/x.com\/agencia_infra","https:\/\/www.linkedin.com\/company\/ag\u00eanciainfra\/","https:\/\/www.instagram.com\/agenciainfra\/"]},{"@type":"Person","@id":"https:\/\/agenciainfra.com\/blog\/#\/schema\/person\/34af08dff6adea4cb22b06612ba7acfa","name":"Ag\u00eancia iNFRA","image":{"@type":"ImageObject","inLanguage":"pt-BR","@id":"https:\/\/agenciainfra.com\/blog\/#\/schema\/person\/image\/","url":"https:\/\/secure.gravatar.com\/avatar\/d189e01678f06d8eb84d4e01f08eb848b3fffe3f8443818d3c356c66892f5be8?s=96&d=mm&r=g","contentUrl":"https:\/\/secure.gravatar.com\/avatar\/d189e01678f06d8eb84d4e01f08eb848b3fffe3f8443818d3c356c66892f5be8?s=96&d=mm&r=g","caption":"Ag\u00eancia iNFRA"},"url":"https:\/\/agenciainfra.com\/blog\/author\/admin\/"}]}},"_links":{"self":[{"href":"https:\/\/agenciainfra.com\/blog\/wp-json\/wp\/v2\/posts\/27617","targetHints":{"allow":["GET"]}}],"collection":[{"href":"https:\/\/agenciainfra.com\/blog\/wp-json\/wp\/v2\/posts"}],"about":[{"href":"https:\/\/agenciainfra.com\/blog\/wp-json\/wp\/v2\/types\/post"}],"author":[{"embeddable":true,"href":"https:\/\/agenciainfra.com\/blog\/wp-json\/wp\/v2\/users\/1"}],"replies":[{"embeddable":true,"href":"https:\/\/agenciainfra.com\/blog\/wp-json\/wp\/v2\/comments?post=27617"}],"version-history":[{"count":5,"href":"https:\/\/agenciainfra.com\/blog\/wp-json\/wp\/v2\/posts\/27617\/revisions"}],"predecessor-version":[{"id":27649,"href":"https:\/\/agenciainfra.com\/blog\/wp-json\/wp\/v2\/posts\/27617\/revisions\/27649"}],"wp:featuredmedia":[{"embeddable":true,"href":"https:\/\/agenciainfra.com\/blog\/wp-json\/wp\/v2\/media\/27619"}],"wp:attachment":[{"href":"https:\/\/agenciainfra.com\/blog\/wp-json\/wp\/v2\/media?parent=27617"}],"wp:term":[{"taxonomy":"category","embeddable":true,"href":"https:\/\/agenciainfra.com\/blog\/wp-json\/wp\/v2\/categories?post=27617"},{"taxonomy":"post_tag","embeddable":true,"href":"https:\/\/agenciainfra.com\/blog\/wp-json\/wp\/v2\/tags?post=27617"}],"curies":[{"name":"wp","href":"https:\/\/api.w.org\/{rel}","templated":true}]}}