{"id":27636,"date":"2025-09-15T08:00:00","date_gmt":"2025-09-15T11:00:00","guid":{"rendered":"https:\/\/agenciainfra.com\/blog\/?p=27636"},"modified":"2025-09-16T10:46:47","modified_gmt":"2025-09-16T13:46:47","slug":"poder-publico-repassa-obrigacoes-a-aeroportos-operadoras-temem-custos","status":"publish","type":"post","link":"https:\/\/agenciainfra.com\/blog\/poder-publico-repassa-obrigacoes-a-aeroportos-operadoras-temem-custos\/","title":{"rendered":"Poder p\u00fablico repassa obriga\u00e7\u00f5es a aeroportos; operadoras temem custos"},"content":{"rendered":"\n<p class=\"has-text-align-right\"><strong>Amanda Pupo, da Ag\u00eancia iNFRA<\/strong><\/p>\n\n\n\n<p>Empresas aeroportu\u00e1rias monitoram com preocupa\u00e7\u00e3o iniciativas cada vez mais frequentes do poder p\u00fablico que aumentam o custo das concess\u00f5es \u2013 eleva\u00e7\u00e3o que, ao fim, acaba repassada \u00e0 popula\u00e7\u00e3o que usa a infraestrutura dos aeroportos e paga tarifas dentro do valor da passagem a\u00e9rea e custos nos aeroportos. S\u00e3o novas obriga\u00e7\u00f5es que surgem para os aeroportos impostas por diferentes \u00f3rg\u00e3os do governo e que, para o setor, acendem o alerta da necessidade de maior coordena\u00e7\u00e3o entre as institui\u00e7\u00f5es que coabitam e ditam a atividade aeroportu\u00e1ria.\u00a0<br><br>Dois casos recentes ganharam aten\u00e7\u00e3o das concession\u00e1rias. Um deles \u00e9 a proposta da ANVISA (Ag\u00eancia Nacional de Vigil\u00e2ncia Sanit\u00e1ria) que vai atualizar a norma de seguran\u00e7a sanit\u00e1ria em aeroportos e aeronaves. Entre as novas obriga\u00e7\u00f5es sugeridas para os empresas aeroportu\u00e1rias est\u00e3o, por exemplo, a instala\u00e7\u00e3o e gest\u00e3o de posto de atendimento com uma sala de estabiliza\u00e7\u00e3o \u2013 o que envolve uma s\u00e9rie de exig\u00eancias de aparelhos, como um incubadora, e equipe m\u00e9dica que ficariam\u00a0sob responsabilidade da concession\u00e1ria, inclusive financeira. A proposta passa por <a href=\"https:\/\/agenciainfra.us14.list-manage.com\/track\/click?u=d460dd1bcf9ba0ae040e1fc0f&amp;id=3b11c44ba7&amp;e=1192c754bc\" target=\"_blank\" rel=\"noreferrer noopener\">CP (Consulta P\u00fablica)<\/a>\u00a0at\u00e9 o pr\u00f3ximo dia 19.<br><br>O segundo caso j\u00e1 est\u00e1 em vigor. \u00c9 uma\u00a0<a href=\"https:\/\/agenciainfra.us14.list-manage.com\/track\/click?u=d460dd1bcf9ba0ae040e1fc0f&amp;id=0d55132555&amp;e=1192c754bc\" target=\"_blank\" rel=\"noreferrer noopener\">portaria<\/a>\u00a0da PF (Pol\u00edcia Federal) publicada recentemente que d\u00e1 prazo de um ano para as operadoras comprarem e instalarem\u00a0e-gates, que s\u00e3o port\u00f5es eletr\u00f4nicos de autoatendimento na \u00e1rea de migra\u00e7\u00e3o que dispensam a necessidade de agentes da PF para checagem do passaporte.<br><br>As concession\u00e1rias dizem n\u00e3o questionar o m\u00e9rito ou a import\u00e2ncia das medidas, mas sim a forma ou o\u00a0repasse dessas obriga\u00e7\u00f5es para a administra\u00e7\u00e3o dos aeroportos que, por contrato, tem obriga\u00e7\u00e3o de oferecer espa\u00e7os f\u00edsicos para as atividades p\u00fablicas que precisam funcionar, e n\u00e3o assumir o funcionamento desses servi\u00e7os. Essas transfer\u00eancias\u00a0geram custos que precisam ser reequilibrados, muitas vezes pelo aumento das tarifas de embarque e desembarque pagas pelo usu\u00e1rio.<br><br>&#8220;Com a diminui\u00e7\u00e3o do or\u00e7amento dos \u00f3rg\u00e3os e das entidades p\u00fablicas, tem sido quase uma tenta\u00e7\u00e3o para a administra\u00e7\u00e3o p\u00fablica repassar custos que s\u00e3o originariamente dela para o concession\u00e1rio. A partir do momento que voc\u00ea imputa responsabilidades que n\u00e3o s\u00e3o do aeroporto, que precisam ser remuneradas, isso gera a discuss\u00e3o de reequil\u00edbrio econ\u00f4mico-financeiro\u201d, afirmou \u00e0\u00a0<strong>Ag\u00eancia iNFRA\u00a0<\/strong>o\u00a0CEO da ABR Aeroportos do Brasil, F\u00e1bio Rog\u00e9rio Carvalho. A entidade re\u00fane treze empresas concession\u00e1rias de aeroportos com atua\u00e7\u00e3o no pa\u00eds.\u00a0<br><br>&#8220;Nosso pleito \u00e9 a defini\u00e7\u00e3o de uma pol\u00edtica p\u00fablica para o setor, respeitando as reais necessidades e especificidades de cada aeroporto, com prazo e forma de reequil\u00edbrio pr\u00e9-definidos&#8221;, completou o executivo.<br><br>Segundo Carvalho, em di\u00e1logo \u201cpr\u00f3ximo\u201d com a PF e a ANVISA, os \u00f3rg\u00e3os t\u00eam se mostrado sens\u00edveis \u00e0s quest\u00f5es levantadas pelas empresas. \u201cMas o ponto de aten\u00e7\u00e3o n\u00e3o deixou de acontecer\u201d, disse o executivo, segundo quem o setor est\u00e1 preocupado com os precedentes que est\u00e3o sendo abertos, tendo em vista a intensidade maior do surgimento de novas obriga\u00e7\u00f5es.\u00a0<br><br>Pelas restri\u00e7\u00f5es or\u00e7ament\u00e1rias que a m\u00e1quina p\u00fablica federal\u00a0enfrenta h\u00e1 alguns anos,\u00a0certas atividades j\u00e1 vinham sendo repassadas aos aeroportos. \u00c9 o caso, por exemplo, de uma portaria da PF de 2021 que atribuiu \u00e0s administradoras parte da presta\u00e7\u00e3o de servi\u00e7os de controle migrat\u00f3rio. Antes, a corpora\u00e7\u00e3o era respons\u00e1vel pela contrata\u00e7\u00e3o de terceirizados que trabalham nessa opera\u00e7\u00e3o, o que passou a ser responsabilidade dos aeroportos.<br><br>At\u00e9 hoje a ANAC (Ag\u00eancia Nacional de Avia\u00e7\u00e3o Civil) avalia pedidos de reequil\u00edbrio das operadoras em raz\u00e3o da mudan\u00e7a. No final de junho, por exemplo, autorizou que o Aeroporto Internacional de Porto Alegre (RS) aumente em 5,46% a tarifa de embarque internacional para compensar os novos custos.\u00a0<br><br>\u201cEm alguma medida, sempre procuramos atender a essas necessidades que t\u00eam sido solicitadas ao aeroporto (\u2026) Mas s\u00e3o responsabilidades or\u00e7ament\u00e1rias da Uni\u00e3o. E a transfer\u00eancia dessas atividades precisa ser remunerada. Ou seja, o usu\u00e1rio, que j\u00e1 \u00e9 quem paga impostos para manter o funcionamento da m\u00e1quina estatal, em alguma medida pode pagar isso mais uma vez via tarifa, se for essa a modalidade de reequil\u00edbrio\u201d, disse o CEO da ABR.\u00a0<br><br><strong>Atendimento m\u00e9dico<\/strong><br>Segundo Carvalho, na consulta aberta pela ANVISA, a\u00a0associa\u00e7\u00e3o j\u00e1 apresentou suas preocupa\u00e7\u00f5es e subs\u00eddios. Um dos argumentos levados foi de que a\u00a0previs\u00e3o de uma sala de estabiliza\u00e7\u00e3o, conforme proposto, n\u00e3o segue o padr\u00e3o mundial.\u00a0<br><br>\u201cO conceito mundial \u00e9 ter uma \u00e1rea de seguran\u00e7a que permita o atendimento para emerg\u00eancias m\u00e9dicas, mas que n\u00e3o transforme os s\u00edtios aeroportu\u00e1rios em alternativas de hospital\u201d, explicou o executivo, lembrando que outros equipamentos p\u00fablicos com grande tr\u00e2nsito de pessoas, como os terminais rodovi\u00e1rios, n\u00e3o t\u00eam obriga\u00e7\u00e3o similar. Pela proposta, a exig\u00eancia de uma sala de estabiliza\u00e7\u00e3o seria aplicada a aeroportos que processam a partir de cinco milh\u00f5es de passageiros.<br><br>\u00c0\u00a0<strong>Ag\u00eancia iNFRA<\/strong>, a ANVISA afirmou que n\u00e3o fez uma an\u00e1lise sobre o custo da sala de estabiliza\u00e7\u00e3o, mas disse que espera receber os dados durante a consulta p\u00fablica \u201cpara avaliar posteriormente o impacto de manter essa obriga\u00e7\u00e3o na RDC\u201d. Sobre o que levou o \u00f3rg\u00e3o regulador a propor o espa\u00e7o, a ANVISA apontou que a estrutura seria ideal para o pronto atendimento e estabiliza\u00e7\u00e3o de um viajante que necessitasse ser removido seguidamente para o hospital.\u00a0<br><br>\u201cA ideia vem sendo discutida com o setor regulado, ANAC e Minist\u00e9rio da Sa\u00fade e ser\u00e1 consolidada ap\u00f3s an\u00e1lise das contribui\u00e7\u00f5es recebidas durante a CP, de forma que a exig\u00eancia mais adequada, considerando os diversos aspectos, esteja estabelecida na futura norma\u201d, completou a ANVISA. Carvalho, da ABR, afirmou que o \u00f3rg\u00e3o tem sido \u201cbastante atencioso\u201d na discuss\u00e3o.\u00a0<br><br><strong>E-gates<\/strong><br>J\u00e1 a portaria da PF, que foi publicada em julho, estabelece o n\u00famero de e-gates que precisar\u00e3o ser implementados por cada um dos 16 aeroportos listados, tanto no embarque como no desembarque, no prazo de um ano.\u00a0A tecnologia n\u00e3o \u00e9 in\u00e9dita no Brasil e j\u00e1 teve instala\u00e7\u00f5es, por exemplo, em Guarulhos.<br><br>Mas o setor se preocupa, por exemplo, com a viabilidade da coloca\u00e7\u00e3o dos equipamentos no prazo exigido pela corpora\u00e7\u00e3o e os custos altos que ser\u00e3o refletidos no contrato, sem que a forma de reequil\u00edbrio tenha sido discutida previamente.\u00a0<br><br>\u201cN\u00e3o h\u00e1 discuss\u00e3o da necessidade da Pol\u00edcia Federal de ter maior controle, da utilidade disso para a presta\u00e7\u00e3o do servi\u00e7o p\u00fablico. O que a gente tem discutido num di\u00e1logo bastante franco \u00e9 a forma pela qual isso vai ser realizado. Qual tecnologia? Prazo? Qual a necessidade realmente de cada um desses aeroportos em rela\u00e7\u00e3o \u00e0\u00a0obriga\u00e7\u00e3o estabelecida?\u201d, levantou o CEO da ABR. Procurada, a PF n\u00e3o respondeu at\u00e9 o fechamento desta edi\u00e7\u00e3o.<br><br>A edi\u00e7\u00e3o da portaria\u00a0tamb\u00e9m ocorreu descoordenada da agenda que a ANAC vem realizando sobre a seguran\u00e7a dos aeroportos. Em agosto do ano passado, a diretoria do \u00f3rg\u00e3o definiu em\u00a0<a href=\"https:\/\/agenciainfra.us14.list-manage.com\/track\/click?u=d460dd1bcf9ba0ae040e1fc0f&amp;id=fbcfcc3608&amp;e=1192c754bc\" target=\"_blank\" rel=\"noreferrer noopener\">resolu\u00e7\u00e3o<\/a>\u00a0que estabelecer\u00e1 crit\u00e9rios m\u00ednimos para aceita\u00e7\u00e3o de tecnologias, metodologias e procedimentos que dever\u00e3o ser adotados pelos operadores.<br><br>Na nota t\u00e9cnica que baseou a decis\u00e3o, a ag\u00eancia j\u00e1 apontava, por exemplo, que o\u00a0Brasil precisa enfrentar o tema da demanda de moderniza\u00e7\u00e3o dos mecanismos de controle migrat\u00f3rio, \u201cdiante da crescente amea\u00e7a de terrorismo e aumento de fraudes no mundo\u201d.<\/p>\n","protected":false},"excerpt":{"rendered":"<p>Amanda Pupo, da Ag\u00eancia iNFRA Empresas aeroportu\u00e1rias monitoram com preocupa\u00e7\u00e3o iniciativas cada vez mais frequentes do poder p\u00fablico que aumentam o custo das concess\u00f5es \u2013 eleva\u00e7\u00e3o que, ao fim, acaba repassada \u00e0 popula\u00e7\u00e3o que usa a infraestrutura dos aeroportos e paga tarifas dentro do valor da passagem a\u00e9rea e custos nos aeroportos. S\u00e3o novas obriga\u00e7\u00f5es [&hellip;]<\/p>\n","protected":false},"author":1,"featured_media":22878,"comment_status":"closed","ping_status":"closed","sticky":false,"template":"","format":"standard","meta":{"_monsterinsights_skip_tracking":false,"_monsterinsights_sitenote_active":false,"_monsterinsights_sitenote_note":"","_monsterinsights_sitenote_category":0,"footnotes":""},"categories":[1,7],"tags":[12151,107,14655,13354,2594,236,9734,15326,10943],"class_list":["post-27636","post","type-post","status-publish","format-standard","has-post-thumbnail","hentry","category-geral","category-infratransporte","tag-abr-aeroportos-do-brasil","tag-aeroportos","tag-aeroportos-brasileiros","tag-amanda-pupo","tag-anvisa","tag-aviacao","tag-concessoes-de-aeroportos","tag-custo-das-concessoes","tag-passagem-aerea"],"yoast_head":"<!-- This site is optimized with the Yoast SEO Premium plugin v25.4 (Yoast SEO v26.0) - https:\/\/yoast.com\/wordpress\/plugins\/seo\/ -->\n<title>Poder p\u00fablico repassa obriga\u00e7\u00f5es a aeroportos; operadoras temem custos - Ag\u00eancia iNFRA<\/title>\n<meta name=\"robots\" content=\"index, follow, max-snippet:-1, max-image-preview:large, max-video-preview:-1\" \/>\n<link rel=\"canonical\" href=\"https:\/\/agenciainfra.com\/blog\/poder-publico-repassa-obrigacoes-a-aeroportos-operadoras-temem-custos\/\" \/>\n<meta property=\"og:locale\" content=\"pt_BR\" \/>\n<meta property=\"og:type\" content=\"article\" \/>\n<meta property=\"og:title\" content=\"Poder p\u00fablico repassa obriga\u00e7\u00f5es a aeroportos; operadoras temem custos\" \/>\n<meta property=\"og:description\" content=\"Amanda Pupo, da Ag\u00eancia iNFRA Empresas aeroportu\u00e1rias monitoram com preocupa\u00e7\u00e3o iniciativas cada vez mais frequentes do poder p\u00fablico que aumentam o custo das concess\u00f5es \u2013 eleva\u00e7\u00e3o que, ao fim, acaba repassada \u00e0 popula\u00e7\u00e3o que usa a infraestrutura dos aeroportos e paga tarifas dentro do valor da passagem a\u00e9rea e custos nos aeroportos. S\u00e3o novas obriga\u00e7\u00f5es [&hellip;]\" \/>\n<meta property=\"og:url\" content=\"https:\/\/agenciainfra.com\/blog\/poder-publico-repassa-obrigacoes-a-aeroportos-operadoras-temem-custos\/\" \/>\n<meta property=\"og:site_name\" content=\"Ag\u00eancia iNFRA\" \/>\n<meta property=\"article:publisher\" content=\"https:\/\/www.facebook.com\/ageninfra\" \/>\n<meta property=\"article:published_time\" content=\"2025-09-15T11:00:00+00:00\" \/>\n<meta property=\"article:modified_time\" content=\"2025-09-16T13:46:47+00:00\" \/>\n<meta property=\"og:image\" content=\"https:\/\/agenciainfra.com\/blog\/wp-content\/uploads\/2025\/06\/aviao-decolagem-foto-dominiopublico-e1749829674231.jpg\" \/>\n\t<meta property=\"og:image:width\" content=\"1280\" \/>\n\t<meta property=\"og:image:height\" content=\"768\" \/>\n\t<meta property=\"og:image:type\" content=\"image\/jpeg\" \/>\n<meta name=\"author\" content=\"Ag\u00eancia iNFRA\" \/>\n<meta name=\"twitter:card\" content=\"summary_large_image\" \/>\n<meta name=\"twitter:creator\" content=\"@agencia_infra\" \/>\n<meta name=\"twitter:site\" content=\"@agencia_infra\" \/>\n<meta name=\"twitter:label1\" content=\"Escrito por\" \/>\n\t<meta name=\"twitter:data1\" content=\"Ag\u00eancia iNFRA\" \/>\n\t<meta name=\"twitter:label2\" content=\"Est. tempo de leitura\" \/>\n\t<meta name=\"twitter:data2\" content=\"7 minutos\" \/>\n<script type=\"application\/ld+json\" class=\"yoast-schema-graph\">{\"@context\":\"https:\/\/schema.org\",\"@graph\":[{\"@type\":\"Article\",\"@id\":\"https:\/\/agenciainfra.com\/blog\/poder-publico-repassa-obrigacoes-a-aeroportos-operadoras-temem-custos\/#article\",\"isPartOf\":{\"@id\":\"https:\/\/agenciainfra.com\/blog\/poder-publico-repassa-obrigacoes-a-aeroportos-operadoras-temem-custos\/\"},\"author\":{\"name\":\"Ag\u00eancia iNFRA\",\"@id\":\"https:\/\/agenciainfra.com\/blog\/#\/schema\/person\/34af08dff6adea4cb22b06612ba7acfa\"},\"headline\":\"Poder p\u00fablico repassa obriga\u00e7\u00f5es a aeroportos; operadoras temem custos\",\"datePublished\":\"2025-09-15T11:00:00+00:00\",\"dateModified\":\"2025-09-16T13:46:47+00:00\",\"mainEntityOfPage\":{\"@id\":\"https:\/\/agenciainfra.com\/blog\/poder-publico-repassa-obrigacoes-a-aeroportos-operadoras-temem-custos\/\"},\"wordCount\":1326,\"publisher\":{\"@id\":\"https:\/\/agenciainfra.com\/blog\/#organization\"},\"image\":{\"@id\":\"https:\/\/agenciainfra.com\/blog\/poder-publico-repassa-obrigacoes-a-aeroportos-operadoras-temem-custos\/#primaryimage\"},\"thumbnailUrl\":\"https:\/\/agenciainfra.com\/blog\/wp-content\/uploads\/2025\/06\/aviao-decolagem-foto-dominiopublico-e1749829674231.jpg\",\"keywords\":[\"abr aeroportos do brasil\",\"aeroportos\",\"Aeroportos brasileiros\",\"Amanda Pupo\",\"Anvisa\",\"avia\u00e7\u00e3o\",\"Concess\u00f5es de Aeroportos\",\"custo das concess\u00f5es\",\"Passagem a\u00e9rea\"],\"articleSection\":[\"Geral\",\"iNFRATransporte\"],\"inLanguage\":\"pt-BR\",\"copyrightYear\":\"2025\",\"copyrightHolder\":{\"@id\":\"https:\/\/agenciainfra.com\/blog\/#organization\"}},{\"@type\":\"WebPage\",\"@id\":\"https:\/\/agenciainfra.com\/blog\/poder-publico-repassa-obrigacoes-a-aeroportos-operadoras-temem-custos\/\",\"url\":\"https:\/\/agenciainfra.com\/blog\/poder-publico-repassa-obrigacoes-a-aeroportos-operadoras-temem-custos\/\",\"name\":\"Poder p\u00fablico repassa obriga\u00e7\u00f5es a aeroportos; operadoras temem custos - Ag\u00eancia iNFRA\",\"isPartOf\":{\"@id\":\"https:\/\/agenciainfra.com\/blog\/#website\"},\"primaryImageOfPage\":{\"@id\":\"https:\/\/agenciainfra.com\/blog\/poder-publico-repassa-obrigacoes-a-aeroportos-operadoras-temem-custos\/#primaryimage\"},\"image\":{\"@id\":\"https:\/\/agenciainfra.com\/blog\/poder-publico-repassa-obrigacoes-a-aeroportos-operadoras-temem-custos\/#primaryimage\"},\"thumbnailUrl\":\"https:\/\/agenciainfra.com\/blog\/wp-content\/uploads\/2025\/06\/aviao-decolagem-foto-dominiopublico-e1749829674231.jpg\",\"datePublished\":\"2025-09-15T11:00:00+00:00\",\"dateModified\":\"2025-09-16T13:46:47+00:00\",\"breadcrumb\":{\"@id\":\"https:\/\/agenciainfra.com\/blog\/poder-publico-repassa-obrigacoes-a-aeroportos-operadoras-temem-custos\/#breadcrumb\"},\"inLanguage\":\"pt-BR\",\"potentialAction\":[{\"@type\":\"ReadAction\",\"target\":[\"https:\/\/agenciainfra.com\/blog\/poder-publico-repassa-obrigacoes-a-aeroportos-operadoras-temem-custos\/\"]}]},{\"@type\":\"ImageObject\",\"inLanguage\":\"pt-BR\",\"@id\":\"https:\/\/agenciainfra.com\/blog\/poder-publico-repassa-obrigacoes-a-aeroportos-operadoras-temem-custos\/#primaryimage\",\"url\":\"https:\/\/agenciainfra.com\/blog\/wp-content\/uploads\/2025\/06\/aviao-decolagem-foto-dominiopublico-e1749829674231.jpg\",\"contentUrl\":\"https:\/\/agenciainfra.com\/blog\/wp-content\/uploads\/2025\/06\/aviao-decolagem-foto-dominiopublico-e1749829674231.jpg\",\"width\":1280,\"height\":768,\"caption\":\"Foto: Dom\u00ednio P\u00fablico\"},{\"@type\":\"BreadcrumbList\",\"@id\":\"https:\/\/agenciainfra.com\/blog\/poder-publico-repassa-obrigacoes-a-aeroportos-operadoras-temem-custos\/#breadcrumb\",\"itemListElement\":[{\"@type\":\"ListItem\",\"position\":1,\"name\":\"In\u00edcio\",\"item\":\"https:\/\/agenciainfra.com\/blog\/\"},{\"@type\":\"ListItem\",\"position\":2,\"name\":\"Poder p\u00fablico repassa obriga\u00e7\u00f5es a aeroportos; operadoras temem custos\"}]},{\"@type\":\"WebSite\",\"@id\":\"https:\/\/agenciainfra.com\/blog\/#website\",\"url\":\"https:\/\/agenciainfra.com\/blog\/\",\"name\":\"Ag\u00eancia iNFRA\",\"description\":\"Multiplataforma de informa\u00e7\u00e3o jornal\u00edstica refer\u00eancia na \u00e1rea de infraestrutura no Brasil!\",\"publisher\":{\"@id\":\"https:\/\/agenciainfra.com\/blog\/#organization\"},\"potentialAction\":[{\"@type\":\"SearchAction\",\"target\":{\"@type\":\"EntryPoint\",\"urlTemplate\":\"https:\/\/agenciainfra.com\/blog\/?s={search_term_string}\"},\"query-input\":{\"@type\":\"PropertyValueSpecification\",\"valueRequired\":true,\"valueName\":\"search_term_string\"}}],\"inLanguage\":\"pt-BR\"},{\"@type\":\"Organization\",\"@id\":\"https:\/\/agenciainfra.com\/blog\/#organization\",\"name\":\"Ag\u00eancia iNFRA\",\"url\":\"https:\/\/agenciainfra.com\/blog\/\",\"logo\":{\"@type\":\"ImageObject\",\"inLanguage\":\"pt-BR\",\"@id\":\"https:\/\/agenciainfra.com\/blog\/#\/schema\/logo\/image\/\",\"url\":\"https:\/\/agenciainfra.com\/blog\/wp-content\/uploads\/2023\/09\/iNFRA_5-e1761735885940.png\",\"contentUrl\":\"https:\/\/agenciainfra.com\/blog\/wp-content\/uploads\/2023\/09\/iNFRA_5-e1761735885940.png\",\"width\":1672,\"height\":454,\"caption\":\"Ag\u00eancia iNFRA\"},\"image\":{\"@id\":\"https:\/\/agenciainfra.com\/blog\/#\/schema\/logo\/image\/\"},\"sameAs\":[\"https:\/\/www.facebook.com\/ageninfra\",\"https:\/\/x.com\/agencia_infra\",\"https:\/\/www.linkedin.com\/company\/ag\u00eanciainfra\/\",\"https:\/\/www.instagram.com\/agenciainfra\/\"]},{\"@type\":\"Person\",\"@id\":\"https:\/\/agenciainfra.com\/blog\/#\/schema\/person\/34af08dff6adea4cb22b06612ba7acfa\",\"name\":\"Ag\u00eancia iNFRA\",\"image\":{\"@type\":\"ImageObject\",\"inLanguage\":\"pt-BR\",\"@id\":\"https:\/\/agenciainfra.com\/blog\/#\/schema\/person\/image\/\",\"url\":\"https:\/\/secure.gravatar.com\/avatar\/d189e01678f06d8eb84d4e01f08eb848b3fffe3f8443818d3c356c66892f5be8?s=96&d=mm&r=g\",\"contentUrl\":\"https:\/\/secure.gravatar.com\/avatar\/d189e01678f06d8eb84d4e01f08eb848b3fffe3f8443818d3c356c66892f5be8?s=96&d=mm&r=g\",\"caption\":\"Ag\u00eancia iNFRA\"},\"url\":\"https:\/\/agenciainfra.com\/blog\/author\/admin\/\"}]}<\/script>\n<!-- \/ Yoast SEO Premium plugin. -->","yoast_head_json":{"title":"Poder p\u00fablico repassa obriga\u00e7\u00f5es a aeroportos; operadoras temem custos - Ag\u00eancia iNFRA","robots":{"index":"index","follow":"follow","max-snippet":"max-snippet:-1","max-image-preview":"max-image-preview:large","max-video-preview":"max-video-preview:-1"},"canonical":"https:\/\/agenciainfra.com\/blog\/poder-publico-repassa-obrigacoes-a-aeroportos-operadoras-temem-custos\/","og_locale":"pt_BR","og_type":"article","og_title":"Poder p\u00fablico repassa obriga\u00e7\u00f5es a aeroportos; operadoras temem custos","og_description":"Amanda Pupo, da Ag\u00eancia iNFRA Empresas aeroportu\u00e1rias monitoram com preocupa\u00e7\u00e3o iniciativas cada vez mais frequentes do poder p\u00fablico que aumentam o custo das concess\u00f5es \u2013 eleva\u00e7\u00e3o que, ao fim, acaba repassada \u00e0 popula\u00e7\u00e3o que usa a infraestrutura dos aeroportos e paga tarifas dentro do valor da passagem a\u00e9rea e custos nos aeroportos. S\u00e3o novas obriga\u00e7\u00f5es [&hellip;]","og_url":"https:\/\/agenciainfra.com\/blog\/poder-publico-repassa-obrigacoes-a-aeroportos-operadoras-temem-custos\/","og_site_name":"Ag\u00eancia iNFRA","article_publisher":"https:\/\/www.facebook.com\/ageninfra","article_published_time":"2025-09-15T11:00:00+00:00","article_modified_time":"2025-09-16T13:46:47+00:00","og_image":[{"width":1280,"height":768,"url":"https:\/\/agenciainfra.com\/blog\/wp-content\/uploads\/2025\/06\/aviao-decolagem-foto-dominiopublico-e1749829674231.jpg","type":"image\/jpeg"}],"author":"Ag\u00eancia iNFRA","twitter_card":"summary_large_image","twitter_creator":"@agencia_infra","twitter_site":"@agencia_infra","twitter_misc":{"Escrito por":"Ag\u00eancia iNFRA","Est. tempo de leitura":"7 minutos"},"schema":{"@context":"https:\/\/schema.org","@graph":[{"@type":"Article","@id":"https:\/\/agenciainfra.com\/blog\/poder-publico-repassa-obrigacoes-a-aeroportos-operadoras-temem-custos\/#article","isPartOf":{"@id":"https:\/\/agenciainfra.com\/blog\/poder-publico-repassa-obrigacoes-a-aeroportos-operadoras-temem-custos\/"},"author":{"name":"Ag\u00eancia iNFRA","@id":"https:\/\/agenciainfra.com\/blog\/#\/schema\/person\/34af08dff6adea4cb22b06612ba7acfa"},"headline":"Poder p\u00fablico repassa obriga\u00e7\u00f5es a aeroportos; operadoras temem custos","datePublished":"2025-09-15T11:00:00+00:00","dateModified":"2025-09-16T13:46:47+00:00","mainEntityOfPage":{"@id":"https:\/\/agenciainfra.com\/blog\/poder-publico-repassa-obrigacoes-a-aeroportos-operadoras-temem-custos\/"},"wordCount":1326,"publisher":{"@id":"https:\/\/agenciainfra.com\/blog\/#organization"},"image":{"@id":"https:\/\/agenciainfra.com\/blog\/poder-publico-repassa-obrigacoes-a-aeroportos-operadoras-temem-custos\/#primaryimage"},"thumbnailUrl":"https:\/\/agenciainfra.com\/blog\/wp-content\/uploads\/2025\/06\/aviao-decolagem-foto-dominiopublico-e1749829674231.jpg","keywords":["abr aeroportos do brasil","aeroportos","Aeroportos brasileiros","Amanda Pupo","Anvisa","avia\u00e7\u00e3o","Concess\u00f5es de Aeroportos","custo das concess\u00f5es","Passagem a\u00e9rea"],"articleSection":["Geral","iNFRATransporte"],"inLanguage":"pt-BR","copyrightYear":"2025","copyrightHolder":{"@id":"https:\/\/agenciainfra.com\/blog\/#organization"}},{"@type":"WebPage","@id":"https:\/\/agenciainfra.com\/blog\/poder-publico-repassa-obrigacoes-a-aeroportos-operadoras-temem-custos\/","url":"https:\/\/agenciainfra.com\/blog\/poder-publico-repassa-obrigacoes-a-aeroportos-operadoras-temem-custos\/","name":"Poder p\u00fablico repassa obriga\u00e7\u00f5es a aeroportos; operadoras temem custos - Ag\u00eancia iNFRA","isPartOf":{"@id":"https:\/\/agenciainfra.com\/blog\/#website"},"primaryImageOfPage":{"@id":"https:\/\/agenciainfra.com\/blog\/poder-publico-repassa-obrigacoes-a-aeroportos-operadoras-temem-custos\/#primaryimage"},"image":{"@id":"https:\/\/agenciainfra.com\/blog\/poder-publico-repassa-obrigacoes-a-aeroportos-operadoras-temem-custos\/#primaryimage"},"thumbnailUrl":"https:\/\/agenciainfra.com\/blog\/wp-content\/uploads\/2025\/06\/aviao-decolagem-foto-dominiopublico-e1749829674231.jpg","datePublished":"2025-09-15T11:00:00+00:00","dateModified":"2025-09-16T13:46:47+00:00","breadcrumb":{"@id":"https:\/\/agenciainfra.com\/blog\/poder-publico-repassa-obrigacoes-a-aeroportos-operadoras-temem-custos\/#breadcrumb"},"inLanguage":"pt-BR","potentialAction":[{"@type":"ReadAction","target":["https:\/\/agenciainfra.com\/blog\/poder-publico-repassa-obrigacoes-a-aeroportos-operadoras-temem-custos\/"]}]},{"@type":"ImageObject","inLanguage":"pt-BR","@id":"https:\/\/agenciainfra.com\/blog\/poder-publico-repassa-obrigacoes-a-aeroportos-operadoras-temem-custos\/#primaryimage","url":"https:\/\/agenciainfra.com\/blog\/wp-content\/uploads\/2025\/06\/aviao-decolagem-foto-dominiopublico-e1749829674231.jpg","contentUrl":"https:\/\/agenciainfra.com\/blog\/wp-content\/uploads\/2025\/06\/aviao-decolagem-foto-dominiopublico-e1749829674231.jpg","width":1280,"height":768,"caption":"Foto: Dom\u00ednio P\u00fablico"},{"@type":"BreadcrumbList","@id":"https:\/\/agenciainfra.com\/blog\/poder-publico-repassa-obrigacoes-a-aeroportos-operadoras-temem-custos\/#breadcrumb","itemListElement":[{"@type":"ListItem","position":1,"name":"In\u00edcio","item":"https:\/\/agenciainfra.com\/blog\/"},{"@type":"ListItem","position":2,"name":"Poder p\u00fablico repassa obriga\u00e7\u00f5es a aeroportos; operadoras temem custos"}]},{"@type":"WebSite","@id":"https:\/\/agenciainfra.com\/blog\/#website","url":"https:\/\/agenciainfra.com\/blog\/","name":"Ag\u00eancia iNFRA","description":"Multiplataforma de informa\u00e7\u00e3o jornal\u00edstica refer\u00eancia na \u00e1rea de infraestrutura no Brasil!","publisher":{"@id":"https:\/\/agenciainfra.com\/blog\/#organization"},"potentialAction":[{"@type":"SearchAction","target":{"@type":"EntryPoint","urlTemplate":"https:\/\/agenciainfra.com\/blog\/?s={search_term_string}"},"query-input":{"@type":"PropertyValueSpecification","valueRequired":true,"valueName":"search_term_string"}}],"inLanguage":"pt-BR"},{"@type":"Organization","@id":"https:\/\/agenciainfra.com\/blog\/#organization","name":"Ag\u00eancia iNFRA","url":"https:\/\/agenciainfra.com\/blog\/","logo":{"@type":"ImageObject","inLanguage":"pt-BR","@id":"https:\/\/agenciainfra.com\/blog\/#\/schema\/logo\/image\/","url":"https:\/\/agenciainfra.com\/blog\/wp-content\/uploads\/2023\/09\/iNFRA_5-e1761735885940.png","contentUrl":"https:\/\/agenciainfra.com\/blog\/wp-content\/uploads\/2023\/09\/iNFRA_5-e1761735885940.png","width":1672,"height":454,"caption":"Ag\u00eancia iNFRA"},"image":{"@id":"https:\/\/agenciainfra.com\/blog\/#\/schema\/logo\/image\/"},"sameAs":["https:\/\/www.facebook.com\/ageninfra","https:\/\/x.com\/agencia_infra","https:\/\/www.linkedin.com\/company\/ag\u00eanciainfra\/","https:\/\/www.instagram.com\/agenciainfra\/"]},{"@type":"Person","@id":"https:\/\/agenciainfra.com\/blog\/#\/schema\/person\/34af08dff6adea4cb22b06612ba7acfa","name":"Ag\u00eancia iNFRA","image":{"@type":"ImageObject","inLanguage":"pt-BR","@id":"https:\/\/agenciainfra.com\/blog\/#\/schema\/person\/image\/","url":"https:\/\/secure.gravatar.com\/avatar\/d189e01678f06d8eb84d4e01f08eb848b3fffe3f8443818d3c356c66892f5be8?s=96&d=mm&r=g","contentUrl":"https:\/\/secure.gravatar.com\/avatar\/d189e01678f06d8eb84d4e01f08eb848b3fffe3f8443818d3c356c66892f5be8?s=96&d=mm&r=g","caption":"Ag\u00eancia iNFRA"},"url":"https:\/\/agenciainfra.com\/blog\/author\/admin\/"}]}},"_links":{"self":[{"href":"https:\/\/agenciainfra.com\/blog\/wp-json\/wp\/v2\/posts\/27636","targetHints":{"allow":["GET"]}}],"collection":[{"href":"https:\/\/agenciainfra.com\/blog\/wp-json\/wp\/v2\/posts"}],"about":[{"href":"https:\/\/agenciainfra.com\/blog\/wp-json\/wp\/v2\/types\/post"}],"author":[{"embeddable":true,"href":"https:\/\/agenciainfra.com\/blog\/wp-json\/wp\/v2\/users\/1"}],"replies":[{"embeddable":true,"href":"https:\/\/agenciainfra.com\/blog\/wp-json\/wp\/v2\/comments?post=27636"}],"version-history":[{"count":2,"href":"https:\/\/agenciainfra.com\/blog\/wp-json\/wp\/v2\/posts\/27636\/revisions"}],"predecessor-version":[{"id":27737,"href":"https:\/\/agenciainfra.com\/blog\/wp-json\/wp\/v2\/posts\/27636\/revisions\/27737"}],"wp:featuredmedia":[{"embeddable":true,"href":"https:\/\/agenciainfra.com\/blog\/wp-json\/wp\/v2\/media\/22878"}],"wp:attachment":[{"href":"https:\/\/agenciainfra.com\/blog\/wp-json\/wp\/v2\/media?parent=27636"}],"wp:term":[{"taxonomy":"category","embeddable":true,"href":"https:\/\/agenciainfra.com\/blog\/wp-json\/wp\/v2\/categories?post=27636"},{"taxonomy":"post_tag","embeddable":true,"href":"https:\/\/agenciainfra.com\/blog\/wp-json\/wp\/v2\/tags?post=27636"}],"curies":[{"name":"wp","href":"https:\/\/api.w.org\/{rel}","templated":true}]}}