{"id":27668,"date":"2025-09-12T16:50:48","date_gmt":"2025-09-12T19:50:48","guid":{"rendered":"https:\/\/agenciainfra.com\/blog\/?p=27668"},"modified":"2025-09-15T11:46:49","modified_gmt":"2025-09-15T14:46:49","slug":"na-escocia-ministro-dos-transportes-cita-aumento-de-concessoes-na-infraestrutura","status":"publish","type":"post","link":"https:\/\/agenciainfra.com\/blog\/na-escocia-ministro-dos-transportes-cita-aumento-de-concessoes-na-infraestrutura\/","title":{"rendered":"Na Esc\u00f3cia, Renan Filho cita aumento de concess\u00f5es na infraestrutura"},"content":{"rendered":"\n<p class=\"has-text-align-right\"><strong>da Ag\u00eancia iNFRA<\/strong><\/p>\n\n\n\n<p>O ministro dos Transportes, Renan Filho, visitou na quinta-feira (11) o Parlamento escoc\u00eas para uma conversa sobre investimentos, inova\u00e7\u00e3o e sustentabilidade no setor. A viagem foi a convite de Fiona Hyslop, chefe de Gabinete para Transportes da Esc\u00f3cia \u2013 equivalente ao Minist\u00e9rio dos Transportes no Brasil.<\/p>\n\n\n\n<p>As duas autoridades abordaram pontos em comum e diferen\u00e7as entre os modelos de concess\u00f5es escoc\u00eas e brasileiro. \u201cTemos similaridades e diferen\u00e7as nos modelos de concess\u00f5es, tanto em termos de investimento e planejamento, quanto de inova\u00e7\u00e3o e sustentabilidade\u201d, afirmou Fiona Hyslop.<\/p>\n\n\n\n<p>A ministra tamb\u00e9m ressaltou a import\u00e2ncia do Brasil na agenda global de sustentabilidade: \u201cO Brasil tem um papel fundamental nesse processo de transi\u00e7\u00e3o energ\u00e9tica e pode mostrar ao mundo que \u00e9 poss\u00edvel avan\u00e7ar nesse caminho\u201d.<\/p>\n\n\n\n<p>Renan Filho ressaltou que o Brasil tem buscado ampliar a carteira de projetos por meio da atra\u00e7\u00e3o de investimentos privados. \u201cO governo do presidente Lula j\u00e1 ampliou fortemente o programa de concess\u00f5es de rodovias federais. S\u00f3 em 16 leil\u00f5es, conseguimos conceder quase 8 mil quil\u00f4metros, somando R$ 176 bilh\u00f5es, em investimentos contratados\u201d, disse.<\/p>\n","protected":false},"excerpt":{"rendered":"<p>da Ag\u00eancia iNFRA O ministro dos Transportes, Renan Filho, visitou na quinta-feira (11) o Parlamento escoc\u00eas para uma conversa sobre investimentos, inova\u00e7\u00e3o e sustentabilidade no setor. A viagem foi a convite de Fiona Hyslop, chefe de Gabinete para Transportes da Esc\u00f3cia \u2013 equivalente ao Minist\u00e9rio dos Transportes no Brasil. As duas autoridades abordaram pontos em [&hellip;]<\/p>\n","protected":false},"author":1,"featured_media":27669,"comment_status":"closed","ping_status":"closed","sticky":false,"template":"","format":"standard","meta":{"_monsterinsights_skip_tracking":false,"_monsterinsights_sitenote_active":false,"_monsterinsights_sitenote_note":"","_monsterinsights_sitenote_category":0,"footnotes":""},"categories":[1,13576],"tags":[951,15332,15348,16,6248],"class_list":["post-27668","post","type-post","status-publish","format-standard","has-post-thumbnail","hentry","category-geral","category-giro-infra","tag-concessoes-de-rodovias","tag-escocia","tag-fiona-hyslop","tag-ministerio-dos-transportes","tag-renan-filho"],"yoast_head":"<!-- This site is optimized with the Yoast SEO Premium plugin v25.4 (Yoast SEO v26.0) - https:\/\/yoast.com\/wordpress\/plugins\/seo\/ -->\n<title>Na Esc\u00f3cia, Renan Filho cita aumento de concess\u00f5es na infraestrutura - Ag\u00eancia iNFRA<\/title>\n<meta name=\"robots\" content=\"index, follow, max-snippet:-1, max-image-preview:large, max-video-preview:-1\" \/>\n<link rel=\"canonical\" href=\"https:\/\/agenciainfra.com\/blog\/na-escocia-ministro-dos-transportes-cita-aumento-de-concessoes-na-infraestrutura\/\" \/>\n<meta property=\"og:locale\" content=\"pt_BR\" \/>\n<meta property=\"og:type\" content=\"article\" \/>\n<meta property=\"og:title\" content=\"Na Esc\u00f3cia, Renan Filho cita aumento de concess\u00f5es na infraestrutura\" \/>\n<meta property=\"og:description\" content=\"da Ag\u00eancia iNFRA O ministro dos Transportes, Renan Filho, visitou na quinta-feira (11) o Parlamento escoc\u00eas para uma conversa sobre investimentos, inova\u00e7\u00e3o e sustentabilidade no setor. A viagem foi a convite de Fiona Hyslop, chefe de Gabinete para Transportes da Esc\u00f3cia \u2013 equivalente ao Minist\u00e9rio dos Transportes no Brasil. As duas autoridades abordaram pontos em [&hellip;]\" \/>\n<meta property=\"og:url\" content=\"https:\/\/agenciainfra.com\/blog\/na-escocia-ministro-dos-transportes-cita-aumento-de-concessoes-na-infraestrutura\/\" \/>\n<meta property=\"og:site_name\" content=\"Ag\u00eancia iNFRA\" \/>\n<meta property=\"article:publisher\" content=\"https:\/\/www.facebook.com\/ageninfra\" \/>\n<meta property=\"article:published_time\" content=\"2025-09-12T19:50:48+00:00\" \/>\n<meta property=\"article:modified_time\" content=\"2025-09-15T14:46:49+00:00\" \/>\n<meta property=\"og:image\" content=\"https:\/\/agenciainfra.com\/blog\/wp-content\/uploads\/2025\/09\/renan-filho-transportes-escocia-foto-luiz-siqueira-ministerio-transportes.jpeg\" \/>\n\t<meta property=\"og:image:width\" content=\"768\" \/>\n\t<meta property=\"og:image:height\" content=\"511\" \/>\n\t<meta property=\"og:image:type\" content=\"image\/jpeg\" \/>\n<meta name=\"author\" content=\"Ag\u00eancia iNFRA\" \/>\n<meta name=\"twitter:card\" content=\"summary_large_image\" \/>\n<meta name=\"twitter:creator\" content=\"@agencia_infra\" \/>\n<meta name=\"twitter:site\" content=\"@agencia_infra\" \/>\n<meta name=\"twitter:label1\" content=\"Escrito por\" \/>\n\t<meta name=\"twitter:data1\" content=\"Ag\u00eancia iNFRA\" \/>\n\t<meta name=\"twitter:label2\" content=\"Est. tempo de leitura\" \/>\n\t<meta name=\"twitter:data2\" content=\"1 minuto\" \/>\n<script type=\"application\/ld+json\" class=\"yoast-schema-graph\">{\"@context\":\"https:\/\/schema.org\",\"@graph\":[{\"@type\":\"Article\",\"@id\":\"https:\/\/agenciainfra.com\/blog\/na-escocia-ministro-dos-transportes-cita-aumento-de-concessoes-na-infraestrutura\/#article\",\"isPartOf\":{\"@id\":\"https:\/\/agenciainfra.com\/blog\/na-escocia-ministro-dos-transportes-cita-aumento-de-concessoes-na-infraestrutura\/\"},\"author\":{\"name\":\"Ag\u00eancia iNFRA\",\"@id\":\"https:\/\/agenciainfra.com\/blog\/#\/schema\/person\/34af08dff6adea4cb22b06612ba7acfa\"},\"headline\":\"Na Esc\u00f3cia, Renan Filho cita aumento de concess\u00f5es na infraestrutura\",\"datePublished\":\"2025-09-12T19:50:48+00:00\",\"dateModified\":\"2025-09-15T14:46:49+00:00\",\"mainEntityOfPage\":{\"@id\":\"https:\/\/agenciainfra.com\/blog\/na-escocia-ministro-dos-transportes-cita-aumento-de-concessoes-na-infraestrutura\/\"},\"wordCount\":205,\"publisher\":{\"@id\":\"https:\/\/agenciainfra.com\/blog\/#organization\"},\"image\":{\"@id\":\"https:\/\/agenciainfra.com\/blog\/na-escocia-ministro-dos-transportes-cita-aumento-de-concessoes-na-infraestrutura\/#primaryimage\"},\"thumbnailUrl\":\"https:\/\/agenciainfra.com\/blog\/wp-content\/uploads\/2025\/09\/renan-filho-transportes-escocia-foto-luiz-siqueira-ministerio-transportes.jpeg\",\"keywords\":[\"concess\u00f5es de rodovias\",\"Esc\u00f3cia\",\"Fiona Hyslop\",\"minist\u00e9rio dos transportes\",\"Renan Filho\"],\"articleSection\":[\"Geral\",\"Giro iNFRA\"],\"inLanguage\":\"pt-BR\",\"copyrightYear\":\"2025\",\"copyrightHolder\":{\"@id\":\"https:\/\/agenciainfra.com\/blog\/#organization\"}},{\"@type\":\"WebPage\",\"@id\":\"https:\/\/agenciainfra.com\/blog\/na-escocia-ministro-dos-transportes-cita-aumento-de-concessoes-na-infraestrutura\/\",\"url\":\"https:\/\/agenciainfra.com\/blog\/na-escocia-ministro-dos-transportes-cita-aumento-de-concessoes-na-infraestrutura\/\",\"name\":\"Na Esc\u00f3cia, Renan Filho cita aumento de concess\u00f5es na infraestrutura - Ag\u00eancia iNFRA\",\"isPartOf\":{\"@id\":\"https:\/\/agenciainfra.com\/blog\/#website\"},\"primaryImageOfPage\":{\"@id\":\"https:\/\/agenciainfra.com\/blog\/na-escocia-ministro-dos-transportes-cita-aumento-de-concessoes-na-infraestrutura\/#primaryimage\"},\"image\":{\"@id\":\"https:\/\/agenciainfra.com\/blog\/na-escocia-ministro-dos-transportes-cita-aumento-de-concessoes-na-infraestrutura\/#primaryimage\"},\"thumbnailUrl\":\"https:\/\/agenciainfra.com\/blog\/wp-content\/uploads\/2025\/09\/renan-filho-transportes-escocia-foto-luiz-siqueira-ministerio-transportes.jpeg\",\"datePublished\":\"2025-09-12T19:50:48+00:00\",\"dateModified\":\"2025-09-15T14:46:49+00:00\",\"breadcrumb\":{\"@id\":\"https:\/\/agenciainfra.com\/blog\/na-escocia-ministro-dos-transportes-cita-aumento-de-concessoes-na-infraestrutura\/#breadcrumb\"},\"inLanguage\":\"pt-BR\",\"potentialAction\":[{\"@type\":\"ReadAction\",\"target\":[\"https:\/\/agenciainfra.com\/blog\/na-escocia-ministro-dos-transportes-cita-aumento-de-concessoes-na-infraestrutura\/\"]}]},{\"@type\":\"ImageObject\",\"inLanguage\":\"pt-BR\",\"@id\":\"https:\/\/agenciainfra.com\/blog\/na-escocia-ministro-dos-transportes-cita-aumento-de-concessoes-na-infraestrutura\/#primaryimage\",\"url\":\"https:\/\/agenciainfra.com\/blog\/wp-content\/uploads\/2025\/09\/renan-filho-transportes-escocia-foto-luiz-siqueira-ministerio-transportes.jpeg\",\"contentUrl\":\"https:\/\/agenciainfra.com\/blog\/wp-content\/uploads\/2025\/09\/renan-filho-transportes-escocia-foto-luiz-siqueira-ministerio-transportes.jpeg\",\"width\":768,\"height\":511,\"caption\":\"Foto: Luiz Siqueira\/Minist\u00e9rio dos Transportes\"},{\"@type\":\"BreadcrumbList\",\"@id\":\"https:\/\/agenciainfra.com\/blog\/na-escocia-ministro-dos-transportes-cita-aumento-de-concessoes-na-infraestrutura\/#breadcrumb\",\"itemListElement\":[{\"@type\":\"ListItem\",\"position\":1,\"name\":\"In\u00edcio\",\"item\":\"https:\/\/agenciainfra.com\/blog\/\"},{\"@type\":\"ListItem\",\"position\":2,\"name\":\"Na Esc\u00f3cia, Renan Filho cita aumento de concess\u00f5es na infraestrutura\"}]},{\"@type\":\"WebSite\",\"@id\":\"https:\/\/agenciainfra.com\/blog\/#website\",\"url\":\"https:\/\/agenciainfra.com\/blog\/\",\"name\":\"Ag\u00eancia iNFRA\",\"description\":\"Multiplataforma de informa\u00e7\u00e3o jornal\u00edstica refer\u00eancia na \u00e1rea de infraestrutura no Brasil!\",\"publisher\":{\"@id\":\"https:\/\/agenciainfra.com\/blog\/#organization\"},\"potentialAction\":[{\"@type\":\"SearchAction\",\"target\":{\"@type\":\"EntryPoint\",\"urlTemplate\":\"https:\/\/agenciainfra.com\/blog\/?s={search_term_string}\"},\"query-input\":{\"@type\":\"PropertyValueSpecification\",\"valueRequired\":true,\"valueName\":\"search_term_string\"}}],\"inLanguage\":\"pt-BR\"},{\"@type\":\"Organization\",\"@id\":\"https:\/\/agenciainfra.com\/blog\/#organization\",\"name\":\"Ag\u00eancia iNFRA\",\"url\":\"https:\/\/agenciainfra.com\/blog\/\",\"logo\":{\"@type\":\"ImageObject\",\"inLanguage\":\"pt-BR\",\"@id\":\"https:\/\/agenciainfra.com\/blog\/#\/schema\/logo\/image\/\",\"url\":\"https:\/\/agenciainfra.com\/blog\/wp-content\/uploads\/2023\/09\/iNFRA_5-e1761735885940.png\",\"contentUrl\":\"https:\/\/agenciainfra.com\/blog\/wp-content\/uploads\/2023\/09\/iNFRA_5-e1761735885940.png\",\"width\":1672,\"height\":454,\"caption\":\"Ag\u00eancia iNFRA\"},\"image\":{\"@id\":\"https:\/\/agenciainfra.com\/blog\/#\/schema\/logo\/image\/\"},\"sameAs\":[\"https:\/\/www.facebook.com\/ageninfra\",\"https:\/\/x.com\/agencia_infra\",\"https:\/\/www.linkedin.com\/company\/ag\u00eanciainfra\/\",\"https:\/\/www.instagram.com\/agenciainfra\/\"]},{\"@type\":\"Person\",\"@id\":\"https:\/\/agenciainfra.com\/blog\/#\/schema\/person\/34af08dff6adea4cb22b06612ba7acfa\",\"name\":\"Ag\u00eancia iNFRA\",\"image\":{\"@type\":\"ImageObject\",\"inLanguage\":\"pt-BR\",\"@id\":\"https:\/\/agenciainfra.com\/blog\/#\/schema\/person\/image\/\",\"url\":\"https:\/\/secure.gravatar.com\/avatar\/d189e01678f06d8eb84d4e01f08eb848b3fffe3f8443818d3c356c66892f5be8?s=96&d=mm&r=g\",\"contentUrl\":\"https:\/\/secure.gravatar.com\/avatar\/d189e01678f06d8eb84d4e01f08eb848b3fffe3f8443818d3c356c66892f5be8?s=96&d=mm&r=g\",\"caption\":\"Ag\u00eancia iNFRA\"},\"url\":\"https:\/\/agenciainfra.com\/blog\/author\/admin\/\"}]}<\/script>\n<!-- \/ Yoast SEO Premium plugin. -->","yoast_head_json":{"title":"Na Esc\u00f3cia, Renan Filho cita aumento de concess\u00f5es na infraestrutura - Ag\u00eancia iNFRA","robots":{"index":"index","follow":"follow","max-snippet":"max-snippet:-1","max-image-preview":"max-image-preview:large","max-video-preview":"max-video-preview:-1"},"canonical":"https:\/\/agenciainfra.com\/blog\/na-escocia-ministro-dos-transportes-cita-aumento-de-concessoes-na-infraestrutura\/","og_locale":"pt_BR","og_type":"article","og_title":"Na Esc\u00f3cia, Renan Filho cita aumento de concess\u00f5es na infraestrutura","og_description":"da Ag\u00eancia iNFRA O ministro dos Transportes, Renan Filho, visitou na quinta-feira (11) o Parlamento escoc\u00eas para uma conversa sobre investimentos, inova\u00e7\u00e3o e sustentabilidade no setor. A viagem foi a convite de Fiona Hyslop, chefe de Gabinete para Transportes da Esc\u00f3cia \u2013 equivalente ao Minist\u00e9rio dos Transportes no Brasil. As duas autoridades abordaram pontos em [&hellip;]","og_url":"https:\/\/agenciainfra.com\/blog\/na-escocia-ministro-dos-transportes-cita-aumento-de-concessoes-na-infraestrutura\/","og_site_name":"Ag\u00eancia iNFRA","article_publisher":"https:\/\/www.facebook.com\/ageninfra","article_published_time":"2025-09-12T19:50:48+00:00","article_modified_time":"2025-09-15T14:46:49+00:00","og_image":[{"width":768,"height":511,"url":"https:\/\/agenciainfra.com\/blog\/wp-content\/uploads\/2025\/09\/renan-filho-transportes-escocia-foto-luiz-siqueira-ministerio-transportes.jpeg","type":"image\/jpeg"}],"author":"Ag\u00eancia iNFRA","twitter_card":"summary_large_image","twitter_creator":"@agencia_infra","twitter_site":"@agencia_infra","twitter_misc":{"Escrito por":"Ag\u00eancia iNFRA","Est. tempo de leitura":"1 minuto"},"schema":{"@context":"https:\/\/schema.org","@graph":[{"@type":"Article","@id":"https:\/\/agenciainfra.com\/blog\/na-escocia-ministro-dos-transportes-cita-aumento-de-concessoes-na-infraestrutura\/#article","isPartOf":{"@id":"https:\/\/agenciainfra.com\/blog\/na-escocia-ministro-dos-transportes-cita-aumento-de-concessoes-na-infraestrutura\/"},"author":{"name":"Ag\u00eancia iNFRA","@id":"https:\/\/agenciainfra.com\/blog\/#\/schema\/person\/34af08dff6adea4cb22b06612ba7acfa"},"headline":"Na Esc\u00f3cia, Renan Filho cita aumento de concess\u00f5es na infraestrutura","datePublished":"2025-09-12T19:50:48+00:00","dateModified":"2025-09-15T14:46:49+00:00","mainEntityOfPage":{"@id":"https:\/\/agenciainfra.com\/blog\/na-escocia-ministro-dos-transportes-cita-aumento-de-concessoes-na-infraestrutura\/"},"wordCount":205,"publisher":{"@id":"https:\/\/agenciainfra.com\/blog\/#organization"},"image":{"@id":"https:\/\/agenciainfra.com\/blog\/na-escocia-ministro-dos-transportes-cita-aumento-de-concessoes-na-infraestrutura\/#primaryimage"},"thumbnailUrl":"https:\/\/agenciainfra.com\/blog\/wp-content\/uploads\/2025\/09\/renan-filho-transportes-escocia-foto-luiz-siqueira-ministerio-transportes.jpeg","keywords":["concess\u00f5es de rodovias","Esc\u00f3cia","Fiona Hyslop","minist\u00e9rio dos transportes","Renan Filho"],"articleSection":["Geral","Giro iNFRA"],"inLanguage":"pt-BR","copyrightYear":"2025","copyrightHolder":{"@id":"https:\/\/agenciainfra.com\/blog\/#organization"}},{"@type":"WebPage","@id":"https:\/\/agenciainfra.com\/blog\/na-escocia-ministro-dos-transportes-cita-aumento-de-concessoes-na-infraestrutura\/","url":"https:\/\/agenciainfra.com\/blog\/na-escocia-ministro-dos-transportes-cita-aumento-de-concessoes-na-infraestrutura\/","name":"Na Esc\u00f3cia, Renan Filho cita aumento de concess\u00f5es na infraestrutura - Ag\u00eancia iNFRA","isPartOf":{"@id":"https:\/\/agenciainfra.com\/blog\/#website"},"primaryImageOfPage":{"@id":"https:\/\/agenciainfra.com\/blog\/na-escocia-ministro-dos-transportes-cita-aumento-de-concessoes-na-infraestrutura\/#primaryimage"},"image":{"@id":"https:\/\/agenciainfra.com\/blog\/na-escocia-ministro-dos-transportes-cita-aumento-de-concessoes-na-infraestrutura\/#primaryimage"},"thumbnailUrl":"https:\/\/agenciainfra.com\/blog\/wp-content\/uploads\/2025\/09\/renan-filho-transportes-escocia-foto-luiz-siqueira-ministerio-transportes.jpeg","datePublished":"2025-09-12T19:50:48+00:00","dateModified":"2025-09-15T14:46:49+00:00","breadcrumb":{"@id":"https:\/\/agenciainfra.com\/blog\/na-escocia-ministro-dos-transportes-cita-aumento-de-concessoes-na-infraestrutura\/#breadcrumb"},"inLanguage":"pt-BR","potentialAction":[{"@type":"ReadAction","target":["https:\/\/agenciainfra.com\/blog\/na-escocia-ministro-dos-transportes-cita-aumento-de-concessoes-na-infraestrutura\/"]}]},{"@type":"ImageObject","inLanguage":"pt-BR","@id":"https:\/\/agenciainfra.com\/blog\/na-escocia-ministro-dos-transportes-cita-aumento-de-concessoes-na-infraestrutura\/#primaryimage","url":"https:\/\/agenciainfra.com\/blog\/wp-content\/uploads\/2025\/09\/renan-filho-transportes-escocia-foto-luiz-siqueira-ministerio-transportes.jpeg","contentUrl":"https:\/\/agenciainfra.com\/blog\/wp-content\/uploads\/2025\/09\/renan-filho-transportes-escocia-foto-luiz-siqueira-ministerio-transportes.jpeg","width":768,"height":511,"caption":"Foto: Luiz Siqueira\/Minist\u00e9rio dos Transportes"},{"@type":"BreadcrumbList","@id":"https:\/\/agenciainfra.com\/blog\/na-escocia-ministro-dos-transportes-cita-aumento-de-concessoes-na-infraestrutura\/#breadcrumb","itemListElement":[{"@type":"ListItem","position":1,"name":"In\u00edcio","item":"https:\/\/agenciainfra.com\/blog\/"},{"@type":"ListItem","position":2,"name":"Na Esc\u00f3cia, Renan Filho cita aumento de concess\u00f5es na infraestrutura"}]},{"@type":"WebSite","@id":"https:\/\/agenciainfra.com\/blog\/#website","url":"https:\/\/agenciainfra.com\/blog\/","name":"Ag\u00eancia iNFRA","description":"Multiplataforma de informa\u00e7\u00e3o jornal\u00edstica refer\u00eancia na \u00e1rea de infraestrutura no Brasil!","publisher":{"@id":"https:\/\/agenciainfra.com\/blog\/#organization"},"potentialAction":[{"@type":"SearchAction","target":{"@type":"EntryPoint","urlTemplate":"https:\/\/agenciainfra.com\/blog\/?s={search_term_string}"},"query-input":{"@type":"PropertyValueSpecification","valueRequired":true,"valueName":"search_term_string"}}],"inLanguage":"pt-BR"},{"@type":"Organization","@id":"https:\/\/agenciainfra.com\/blog\/#organization","name":"Ag\u00eancia iNFRA","url":"https:\/\/agenciainfra.com\/blog\/","logo":{"@type":"ImageObject","inLanguage":"pt-BR","@id":"https:\/\/agenciainfra.com\/blog\/#\/schema\/logo\/image\/","url":"https:\/\/agenciainfra.com\/blog\/wp-content\/uploads\/2023\/09\/iNFRA_5-e1761735885940.png","contentUrl":"https:\/\/agenciainfra.com\/blog\/wp-content\/uploads\/2023\/09\/iNFRA_5-e1761735885940.png","width":1672,"height":454,"caption":"Ag\u00eancia iNFRA"},"image":{"@id":"https:\/\/agenciainfra.com\/blog\/#\/schema\/logo\/image\/"},"sameAs":["https:\/\/www.facebook.com\/ageninfra","https:\/\/x.com\/agencia_infra","https:\/\/www.linkedin.com\/company\/ag\u00eanciainfra\/","https:\/\/www.instagram.com\/agenciainfra\/"]},{"@type":"Person","@id":"https:\/\/agenciainfra.com\/blog\/#\/schema\/person\/34af08dff6adea4cb22b06612ba7acfa","name":"Ag\u00eancia iNFRA","image":{"@type":"ImageObject","inLanguage":"pt-BR","@id":"https:\/\/agenciainfra.com\/blog\/#\/schema\/person\/image\/","url":"https:\/\/secure.gravatar.com\/avatar\/d189e01678f06d8eb84d4e01f08eb848b3fffe3f8443818d3c356c66892f5be8?s=96&d=mm&r=g","contentUrl":"https:\/\/secure.gravatar.com\/avatar\/d189e01678f06d8eb84d4e01f08eb848b3fffe3f8443818d3c356c66892f5be8?s=96&d=mm&r=g","caption":"Ag\u00eancia iNFRA"},"url":"https:\/\/agenciainfra.com\/blog\/author\/admin\/"}]}},"_links":{"self":[{"href":"https:\/\/agenciainfra.com\/blog\/wp-json\/wp\/v2\/posts\/27668","targetHints":{"allow":["GET"]}}],"collection":[{"href":"https:\/\/agenciainfra.com\/blog\/wp-json\/wp\/v2\/posts"}],"about":[{"href":"https:\/\/agenciainfra.com\/blog\/wp-json\/wp\/v2\/types\/post"}],"author":[{"embeddable":true,"href":"https:\/\/agenciainfra.com\/blog\/wp-json\/wp\/v2\/users\/1"}],"replies":[{"embeddable":true,"href":"https:\/\/agenciainfra.com\/blog\/wp-json\/wp\/v2\/comments?post=27668"}],"version-history":[{"count":3,"href":"https:\/\/agenciainfra.com\/blog\/wp-json\/wp\/v2\/posts\/27668\/revisions"}],"predecessor-version":[{"id":27724,"href":"https:\/\/agenciainfra.com\/blog\/wp-json\/wp\/v2\/posts\/27668\/revisions\/27724"}],"wp:featuredmedia":[{"embeddable":true,"href":"https:\/\/agenciainfra.com\/blog\/wp-json\/wp\/v2\/media\/27669"}],"wp:attachment":[{"href":"https:\/\/agenciainfra.com\/blog\/wp-json\/wp\/v2\/media?parent=27668"}],"wp:term":[{"taxonomy":"category","embeddable":true,"href":"https:\/\/agenciainfra.com\/blog\/wp-json\/wp\/v2\/categories?post=27668"},{"taxonomy":"post_tag","embeddable":true,"href":"https:\/\/agenciainfra.com\/blog\/wp-json\/wp\/v2\/tags?post=27668"}],"curies":[{"name":"wp","href":"https:\/\/api.w.org\/{rel}","templated":true}]}}