{"id":2768,"date":"2019-01-12T04:00:43","date_gmt":"2019-01-12T07:00:43","guid":{"rendered":"http:\/\/www.agenciainfra.com\/blog\/?p=2768"},"modified":"2019-01-10T07:51:35","modified_gmt":"2019-01-10T10:51:35","slug":"antaq-indica-que-vai-reequilibrar-contratos-que-pagarem-iptu","status":"publish","type":"post","link":"https:\/\/agenciainfra.com\/blog\/antaq-indica-que-vai-reequilibrar-contratos-que-pagarem-iptu\/","title":{"rendered":"Antaq indica que vai reequilibrar contratos que pagarem IPTU"},"content":{"rendered":"<div>\n<h5 style=\"text-align: right;\"><strong>Dimmi Amora,\u00a0da Ag\u00eancia iNFRA<\/strong><\/h5>\n<p>O diretor da ANTAQ (Ag\u00eancia Nacional de Transportes Aquavi\u00e1rios)\u00a0Francisval Mendes\u00a0deu parecer favor\u00e1vel ao reequil\u00edbrio de contratos de terminais portu\u00e1rios que tiverem que pagar IPTU para os munic\u00edpios.<\/p>\n<p>O parecer foi dado no\u00a0processo em que a ag\u00eancia analisava um pedido de Reconsidera\u00e7\u00e3o da Localfrio, empresa que tem um terminal no Porto de Santos (SP), sobre um pedido de reequil\u00edbrio da companhia, referente \u00e0 cobran\u00e7a por escaneamento de cont\u00eaineres.<\/p>\n<p>No entanto, n\u00e3o houve decis\u00e3o porque outro diretor da ag\u00eancia, Adalberto Tokarski, pediu vista do processo que foi relatado na reuni\u00e3o de 20 de dezembro da ag\u00eancia, a \u00faltima do ano passado. A pr\u00f3xima reuni\u00e3o est\u00e1 marcada para 31 de janeiro, mas n\u00e3o h\u00e1 informa\u00e7\u00e3o ainda se o processo\u00a031.50300.006006\/2016-<wbr \/>50\u00a0ser\u00e1 levado para aprecia\u00e7\u00e3o.<\/p>\n<p>A cobran\u00e7a de IPTU sobre concession\u00e1rios a arrendat\u00e1rios de bens p\u00fablicos come\u00e7ou a ser feita por algumas cidades no ano passado, ap\u00f3s decis\u00e3o do STF (Supremo Tribunal Federal) que considerou legal esse tipo de cobran\u00e7a. Os concession\u00e1rios de todos os setores, inclusive aeroportos, metr\u00f4s e rodovias, dizem que est\u00e3o administrando bens p\u00fablicos e que, por isso, n\u00e3o deveriam pagar o imposto territorial.<\/p>\n<p>Havia uma esp\u00e9cie de senso comum de que, se de fato a cobran\u00e7a passasse a vigorar, os contratos teriam que ser reequilibrados j\u00e1 que a grande maioria tem cl\u00e1usula espec\u00edfica sobre reequil\u00edbrio em caso de cobran\u00e7a de imposto n\u00e3o previsto. Foi o que ocorreu na an\u00e1lise do processo da Localfrio.<\/p>\n<p><strong>Pedido de Revis\u00e3o<\/strong><br \/>\nA empresa pedia a revis\u00e3o\u00a0alegando que havia erro de c\u00e1lculo na decis\u00e3o anterior referente ao gasto extraordin\u00e1rio com o escaneamento de cont\u00eaineres, o que foi reconhecido pelo diretor. Mas, segundo ele, a empresa ainda alegou &#8220;fato novo&#8221; referente \u00e0 cobran\u00e7a do IPTU pela prefeitura do Guaruj\u00e1 (SP), onde o terminal est\u00e1 instalado.<\/p>\n<p>De acordo com Mendes, que seguiu parecer t\u00e9cnico dos servidores da ag\u00eancia, a ANTAQ ainda n\u00e3o enfrentou a quest\u00e3o do IPTU mas sua \u00f3tica \u00e9 que ela dever\u00e1 garantir o\u00a0reequil\u00edbrio dos contratos, o que deve\u00a0ser pago\u00a0pela Uni\u00e3o.<\/p>\n<p>Com os valores a mais que o IPTU vai trazer ao contrato,\u00a0a Localfrio poder\u00e1 ficar mais tempo que o previsto inicialmente explorando o terminal para que o contrato volte a ficar equilibrado. A estimativa \u00e9 at\u00e9 2023.<\/p>\n<p>Caso n\u00e3o houvesse a compensa\u00e7\u00e3o do IPTU,\u00a0o contrato j\u00e1 poderia ser relicitado em troca de mais investimentos, o que tem a capacidade de reduzir custos ao usu\u00e1rio, ou de um maior pagamento de taxas para o governo, como tem sido feito pela ag\u00eancia nos \u00faltimos anos.<\/p>\n<p>Na pr\u00e1tica, o que se temia quando a cobran\u00e7a foi considerada legal, come\u00e7a a ocorrer: a conta do IPTU vai ser repassada aos usu\u00e1rios ou aos contribuintes.<\/p>\n<\/div>\n","protected":false},"excerpt":{"rendered":"<p>Dimmi Amora,\u00a0da Ag\u00eancia iNFRA O diretor da ANTAQ (Ag\u00eancia Nacional de Transportes Aquavi\u00e1rios)\u00a0Francisval Mendes\u00a0deu parecer favor\u00e1vel ao reequil\u00edbrio de contratos de terminais portu\u00e1rios que tiverem que pagar IPTU para os munic\u00edpios. O parecer foi dado no\u00a0processo em que a ag\u00eancia analisava um pedido de Reconsidera\u00e7\u00e3o da Localfrio, empresa que tem um terminal no Porto de [&hellip;]<\/p>\n","protected":false},"author":1,"featured_media":0,"comment_status":"closed","ping_status":"open","sticky":false,"template":"","format":"standard","meta":{"_monsterinsights_skip_tracking":false,"_monsterinsights_sitenote_active":false,"_monsterinsights_sitenote_note":"","_monsterinsights_sitenote_category":0,"footnotes":""},"categories":[7],"tags":[86,34,196,91,260,48,90],"class_list":["post-2768","post","type-post","status-publish","format-standard","hentry","category-infratransporte","tag-antaq","tag-infraestrutura","tag-iptu","tag-porto","tag-porto-de-santos","tag-regulacao","tag-terminal-portuario"],"yoast_head":"<!-- This site is optimized with the Yoast SEO Premium plugin v25.4 (Yoast SEO v26.0) - https:\/\/yoast.com\/wordpress\/plugins\/seo\/ -->\n<title>Antaq indica que vai reequilibrar contratos que pagarem IPTU - Ag\u00eancia iNFRA<\/title>\n<meta name=\"robots\" content=\"index, follow, max-snippet:-1, max-image-preview:large, max-video-preview:-1\" \/>\n<link rel=\"canonical\" href=\"https:\/\/agenciainfra.com\/blog\/antaq-indica-que-vai-reequilibrar-contratos-que-pagarem-iptu\/\" \/>\n<meta property=\"og:locale\" content=\"pt_BR\" \/>\n<meta property=\"og:type\" content=\"article\" \/>\n<meta property=\"og:title\" content=\"Antaq indica que vai reequilibrar contratos que pagarem IPTU\" \/>\n<meta property=\"og:description\" content=\"Dimmi Amora,\u00a0da Ag\u00eancia iNFRA O diretor da ANTAQ (Ag\u00eancia Nacional de Transportes Aquavi\u00e1rios)\u00a0Francisval Mendes\u00a0deu parecer favor\u00e1vel ao reequil\u00edbrio de contratos de terminais portu\u00e1rios que tiverem que pagar IPTU para os munic\u00edpios. O parecer foi dado no\u00a0processo em que a ag\u00eancia analisava um pedido de Reconsidera\u00e7\u00e3o da Localfrio, empresa que tem um terminal no Porto de [&hellip;]\" \/>\n<meta property=\"og:url\" content=\"https:\/\/agenciainfra.com\/blog\/antaq-indica-que-vai-reequilibrar-contratos-que-pagarem-iptu\/\" \/>\n<meta property=\"og:site_name\" content=\"Ag\u00eancia iNFRA\" \/>\n<meta property=\"article:publisher\" content=\"https:\/\/www.facebook.com\/ageninfra\" \/>\n<meta property=\"article:published_time\" content=\"2019-01-12T07:00:43+00:00\" \/>\n<meta property=\"og:image\" content=\"https:\/\/agenciainfra.com\/blog\/wp-content\/uploads\/2018\/03\/sededaantaq.jpg\" \/>\n\t<meta property=\"og:image:width\" content=\"678\" \/>\n\t<meta property=\"og:image:height\" content=\"381\" \/>\n\t<meta property=\"og:image:type\" content=\"image\/jpeg\" \/>\n<meta name=\"author\" content=\"Ag\u00eancia iNFRA\" \/>\n<meta name=\"twitter:card\" content=\"summary_large_image\" \/>\n<meta name=\"twitter:creator\" content=\"@agencia_infra\" \/>\n<meta name=\"twitter:site\" content=\"@agencia_infra\" \/>\n<meta name=\"twitter:label1\" content=\"Escrito por\" \/>\n\t<meta name=\"twitter:data1\" content=\"Ag\u00eancia iNFRA\" \/>\n\t<meta name=\"twitter:label2\" content=\"Est. tempo de leitura\" \/>\n\t<meta name=\"twitter:data2\" content=\"3 minutos\" \/>\n<script type=\"application\/ld+json\" class=\"yoast-schema-graph\">{\"@context\":\"https:\/\/schema.org\",\"@graph\":[{\"@type\":\"Article\",\"@id\":\"https:\/\/agenciainfra.com\/blog\/antaq-indica-que-vai-reequilibrar-contratos-que-pagarem-iptu\/#article\",\"isPartOf\":{\"@id\":\"https:\/\/agenciainfra.com\/blog\/antaq-indica-que-vai-reequilibrar-contratos-que-pagarem-iptu\/\"},\"author\":{\"name\":\"Ag\u00eancia iNFRA\",\"@id\":\"https:\/\/agenciainfra.com\/blog\/#\/schema\/person\/34af08dff6adea4cb22b06612ba7acfa\"},\"headline\":\"Antaq indica que vai reequilibrar contratos que pagarem IPTU\",\"datePublished\":\"2019-01-12T07:00:43+00:00\",\"mainEntityOfPage\":{\"@id\":\"https:\/\/agenciainfra.com\/blog\/antaq-indica-que-vai-reequilibrar-contratos-que-pagarem-iptu\/\"},\"wordCount\":515,\"publisher\":{\"@id\":\"https:\/\/agenciainfra.com\/blog\/#organization\"},\"keywords\":[\"ANTAQ\",\"Infraestrutura\",\"IPTU\",\"PORTO\",\"Porto de Santos\",\"Regula\u00e7\u00e3o\",\"TERMINAL PORTU\u00c1RIO\"],\"articleSection\":[\"iNFRATransporte\"],\"inLanguage\":\"pt-BR\",\"copyrightYear\":\"2019\",\"copyrightHolder\":{\"@id\":\"https:\/\/agenciainfra.com\/blog\/#organization\"}},{\"@type\":\"WebPage\",\"@id\":\"https:\/\/agenciainfra.com\/blog\/antaq-indica-que-vai-reequilibrar-contratos-que-pagarem-iptu\/\",\"url\":\"https:\/\/agenciainfra.com\/blog\/antaq-indica-que-vai-reequilibrar-contratos-que-pagarem-iptu\/\",\"name\":\"Antaq indica que vai reequilibrar contratos que pagarem IPTU - Ag\u00eancia iNFRA\",\"isPartOf\":{\"@id\":\"https:\/\/agenciainfra.com\/blog\/#website\"},\"datePublished\":\"2019-01-12T07:00:43+00:00\",\"breadcrumb\":{\"@id\":\"https:\/\/agenciainfra.com\/blog\/antaq-indica-que-vai-reequilibrar-contratos-que-pagarem-iptu\/#breadcrumb\"},\"inLanguage\":\"pt-BR\",\"potentialAction\":[{\"@type\":\"ReadAction\",\"target\":[\"https:\/\/agenciainfra.com\/blog\/antaq-indica-que-vai-reequilibrar-contratos-que-pagarem-iptu\/\"]}]},{\"@type\":\"BreadcrumbList\",\"@id\":\"https:\/\/agenciainfra.com\/blog\/antaq-indica-que-vai-reequilibrar-contratos-que-pagarem-iptu\/#breadcrumb\",\"itemListElement\":[{\"@type\":\"ListItem\",\"position\":1,\"name\":\"In\u00edcio\",\"item\":\"https:\/\/agenciainfra.com\/blog\/\"},{\"@type\":\"ListItem\",\"position\":2,\"name\":\"Antaq indica que vai reequilibrar contratos que pagarem IPTU\"}]},{\"@type\":\"WebSite\",\"@id\":\"https:\/\/agenciainfra.com\/blog\/#website\",\"url\":\"https:\/\/agenciainfra.com\/blog\/\",\"name\":\"Ag\u00eancia iNFRA\",\"description\":\"Multiplataforma de informa\u00e7\u00e3o jornal\u00edstica refer\u00eancia na \u00e1rea de infraestrutura no Brasil!\",\"publisher\":{\"@id\":\"https:\/\/agenciainfra.com\/blog\/#organization\"},\"potentialAction\":[{\"@type\":\"SearchAction\",\"target\":{\"@type\":\"EntryPoint\",\"urlTemplate\":\"https:\/\/agenciainfra.com\/blog\/?s={search_term_string}\"},\"query-input\":{\"@type\":\"PropertyValueSpecification\",\"valueRequired\":true,\"valueName\":\"search_term_string\"}}],\"inLanguage\":\"pt-BR\"},{\"@type\":\"Organization\",\"@id\":\"https:\/\/agenciainfra.com\/blog\/#organization\",\"name\":\"Ag\u00eancia iNFRA\",\"url\":\"https:\/\/agenciainfra.com\/blog\/\",\"logo\":{\"@type\":\"ImageObject\",\"inLanguage\":\"pt-BR\",\"@id\":\"https:\/\/agenciainfra.com\/blog\/#\/schema\/logo\/image\/\",\"url\":\"https:\/\/agenciainfra.com\/blog\/wp-content\/uploads\/2023\/09\/iNFRA_5-e1761735885940.png\",\"contentUrl\":\"https:\/\/agenciainfra.com\/blog\/wp-content\/uploads\/2023\/09\/iNFRA_5-e1761735885940.png\",\"width\":1672,\"height\":454,\"caption\":\"Ag\u00eancia iNFRA\"},\"image\":{\"@id\":\"https:\/\/agenciainfra.com\/blog\/#\/schema\/logo\/image\/\"},\"sameAs\":[\"https:\/\/www.facebook.com\/ageninfra\",\"https:\/\/x.com\/agencia_infra\",\"https:\/\/www.linkedin.com\/company\/ag\u00eanciainfra\/\",\"https:\/\/www.instagram.com\/agenciainfra\/\"]},{\"@type\":\"Person\",\"@id\":\"https:\/\/agenciainfra.com\/blog\/#\/schema\/person\/34af08dff6adea4cb22b06612ba7acfa\",\"name\":\"Ag\u00eancia iNFRA\",\"image\":{\"@type\":\"ImageObject\",\"inLanguage\":\"pt-BR\",\"@id\":\"https:\/\/agenciainfra.com\/blog\/#\/schema\/person\/image\/\",\"url\":\"https:\/\/secure.gravatar.com\/avatar\/d189e01678f06d8eb84d4e01f08eb848b3fffe3f8443818d3c356c66892f5be8?s=96&d=mm&r=g\",\"contentUrl\":\"https:\/\/secure.gravatar.com\/avatar\/d189e01678f06d8eb84d4e01f08eb848b3fffe3f8443818d3c356c66892f5be8?s=96&d=mm&r=g\",\"caption\":\"Ag\u00eancia iNFRA\"},\"url\":\"https:\/\/agenciainfra.com\/blog\/author\/admin\/\"}]}<\/script>\n<!-- \/ Yoast SEO Premium plugin. -->","yoast_head_json":{"title":"Antaq indica que vai reequilibrar contratos que pagarem IPTU - Ag\u00eancia iNFRA","robots":{"index":"index","follow":"follow","max-snippet":"max-snippet:-1","max-image-preview":"max-image-preview:large","max-video-preview":"max-video-preview:-1"},"canonical":"https:\/\/agenciainfra.com\/blog\/antaq-indica-que-vai-reequilibrar-contratos-que-pagarem-iptu\/","og_locale":"pt_BR","og_type":"article","og_title":"Antaq indica que vai reequilibrar contratos que pagarem IPTU","og_description":"Dimmi Amora,\u00a0da Ag\u00eancia iNFRA O diretor da ANTAQ (Ag\u00eancia Nacional de Transportes Aquavi\u00e1rios)\u00a0Francisval Mendes\u00a0deu parecer favor\u00e1vel ao reequil\u00edbrio de contratos de terminais portu\u00e1rios que tiverem que pagar IPTU para os munic\u00edpios. O parecer foi dado no\u00a0processo em que a ag\u00eancia analisava um pedido de Reconsidera\u00e7\u00e3o da Localfrio, empresa que tem um terminal no Porto de [&hellip;]","og_url":"https:\/\/agenciainfra.com\/blog\/antaq-indica-que-vai-reequilibrar-contratos-que-pagarem-iptu\/","og_site_name":"Ag\u00eancia iNFRA","article_publisher":"https:\/\/www.facebook.com\/ageninfra","article_published_time":"2019-01-12T07:00:43+00:00","og_image":[{"width":678,"height":381,"url":"https:\/\/agenciainfra.com\/blog\/wp-content\/uploads\/2018\/03\/sededaantaq.jpg","type":"image\/jpeg"}],"author":"Ag\u00eancia iNFRA","twitter_card":"summary_large_image","twitter_creator":"@agencia_infra","twitter_site":"@agencia_infra","twitter_misc":{"Escrito por":"Ag\u00eancia iNFRA","Est. tempo de leitura":"3 minutos"},"schema":{"@context":"https:\/\/schema.org","@graph":[{"@type":"Article","@id":"https:\/\/agenciainfra.com\/blog\/antaq-indica-que-vai-reequilibrar-contratos-que-pagarem-iptu\/#article","isPartOf":{"@id":"https:\/\/agenciainfra.com\/blog\/antaq-indica-que-vai-reequilibrar-contratos-que-pagarem-iptu\/"},"author":{"name":"Ag\u00eancia iNFRA","@id":"https:\/\/agenciainfra.com\/blog\/#\/schema\/person\/34af08dff6adea4cb22b06612ba7acfa"},"headline":"Antaq indica que vai reequilibrar contratos que pagarem IPTU","datePublished":"2019-01-12T07:00:43+00:00","mainEntityOfPage":{"@id":"https:\/\/agenciainfra.com\/blog\/antaq-indica-que-vai-reequilibrar-contratos-que-pagarem-iptu\/"},"wordCount":515,"publisher":{"@id":"https:\/\/agenciainfra.com\/blog\/#organization"},"keywords":["ANTAQ","Infraestrutura","IPTU","PORTO","Porto de Santos","Regula\u00e7\u00e3o","TERMINAL PORTU\u00c1RIO"],"articleSection":["iNFRATransporte"],"inLanguage":"pt-BR","copyrightYear":"2019","copyrightHolder":{"@id":"https:\/\/agenciainfra.com\/blog\/#organization"}},{"@type":"WebPage","@id":"https:\/\/agenciainfra.com\/blog\/antaq-indica-que-vai-reequilibrar-contratos-que-pagarem-iptu\/","url":"https:\/\/agenciainfra.com\/blog\/antaq-indica-que-vai-reequilibrar-contratos-que-pagarem-iptu\/","name":"Antaq indica que vai reequilibrar contratos que pagarem IPTU - Ag\u00eancia iNFRA","isPartOf":{"@id":"https:\/\/agenciainfra.com\/blog\/#website"},"datePublished":"2019-01-12T07:00:43+00:00","breadcrumb":{"@id":"https:\/\/agenciainfra.com\/blog\/antaq-indica-que-vai-reequilibrar-contratos-que-pagarem-iptu\/#breadcrumb"},"inLanguage":"pt-BR","potentialAction":[{"@type":"ReadAction","target":["https:\/\/agenciainfra.com\/blog\/antaq-indica-que-vai-reequilibrar-contratos-que-pagarem-iptu\/"]}]},{"@type":"BreadcrumbList","@id":"https:\/\/agenciainfra.com\/blog\/antaq-indica-que-vai-reequilibrar-contratos-que-pagarem-iptu\/#breadcrumb","itemListElement":[{"@type":"ListItem","position":1,"name":"In\u00edcio","item":"https:\/\/agenciainfra.com\/blog\/"},{"@type":"ListItem","position":2,"name":"Antaq indica que vai reequilibrar contratos que pagarem IPTU"}]},{"@type":"WebSite","@id":"https:\/\/agenciainfra.com\/blog\/#website","url":"https:\/\/agenciainfra.com\/blog\/","name":"Ag\u00eancia iNFRA","description":"Multiplataforma de informa\u00e7\u00e3o jornal\u00edstica refer\u00eancia na \u00e1rea de infraestrutura no Brasil!","publisher":{"@id":"https:\/\/agenciainfra.com\/blog\/#organization"},"potentialAction":[{"@type":"SearchAction","target":{"@type":"EntryPoint","urlTemplate":"https:\/\/agenciainfra.com\/blog\/?s={search_term_string}"},"query-input":{"@type":"PropertyValueSpecification","valueRequired":true,"valueName":"search_term_string"}}],"inLanguage":"pt-BR"},{"@type":"Organization","@id":"https:\/\/agenciainfra.com\/blog\/#organization","name":"Ag\u00eancia iNFRA","url":"https:\/\/agenciainfra.com\/blog\/","logo":{"@type":"ImageObject","inLanguage":"pt-BR","@id":"https:\/\/agenciainfra.com\/blog\/#\/schema\/logo\/image\/","url":"https:\/\/agenciainfra.com\/blog\/wp-content\/uploads\/2023\/09\/iNFRA_5-e1761735885940.png","contentUrl":"https:\/\/agenciainfra.com\/blog\/wp-content\/uploads\/2023\/09\/iNFRA_5-e1761735885940.png","width":1672,"height":454,"caption":"Ag\u00eancia iNFRA"},"image":{"@id":"https:\/\/agenciainfra.com\/blog\/#\/schema\/logo\/image\/"},"sameAs":["https:\/\/www.facebook.com\/ageninfra","https:\/\/x.com\/agencia_infra","https:\/\/www.linkedin.com\/company\/ag\u00eanciainfra\/","https:\/\/www.instagram.com\/agenciainfra\/"]},{"@type":"Person","@id":"https:\/\/agenciainfra.com\/blog\/#\/schema\/person\/34af08dff6adea4cb22b06612ba7acfa","name":"Ag\u00eancia iNFRA","image":{"@type":"ImageObject","inLanguage":"pt-BR","@id":"https:\/\/agenciainfra.com\/blog\/#\/schema\/person\/image\/","url":"https:\/\/secure.gravatar.com\/avatar\/d189e01678f06d8eb84d4e01f08eb848b3fffe3f8443818d3c356c66892f5be8?s=96&d=mm&r=g","contentUrl":"https:\/\/secure.gravatar.com\/avatar\/d189e01678f06d8eb84d4e01f08eb848b3fffe3f8443818d3c356c66892f5be8?s=96&d=mm&r=g","caption":"Ag\u00eancia iNFRA"},"url":"https:\/\/agenciainfra.com\/blog\/author\/admin\/"}]}},"_links":{"self":[{"href":"https:\/\/agenciainfra.com\/blog\/wp-json\/wp\/v2\/posts\/2768","targetHints":{"allow":["GET"]}}],"collection":[{"href":"https:\/\/agenciainfra.com\/blog\/wp-json\/wp\/v2\/posts"}],"about":[{"href":"https:\/\/agenciainfra.com\/blog\/wp-json\/wp\/v2\/types\/post"}],"author":[{"embeddable":true,"href":"https:\/\/agenciainfra.com\/blog\/wp-json\/wp\/v2\/users\/1"}],"replies":[{"embeddable":true,"href":"https:\/\/agenciainfra.com\/blog\/wp-json\/wp\/v2\/comments?post=2768"}],"version-history":[{"count":0,"href":"https:\/\/agenciainfra.com\/blog\/wp-json\/wp\/v2\/posts\/2768\/revisions"}],"wp:attachment":[{"href":"https:\/\/agenciainfra.com\/blog\/wp-json\/wp\/v2\/media?parent=2768"}],"wp:term":[{"taxonomy":"category","embeddable":true,"href":"https:\/\/agenciainfra.com\/blog\/wp-json\/wp\/v2\/categories?post=2768"},{"taxonomy":"post_tag","embeddable":true,"href":"https:\/\/agenciainfra.com\/blog\/wp-json\/wp\/v2\/tags?post=2768"}],"curies":[{"name":"wp","href":"https:\/\/api.w.org\/{rel}","templated":true}]}}