{"id":27696,"date":"2025-09-12T19:27:33","date_gmt":"2025-09-12T22:27:33","guid":{"rendered":"https:\/\/agenciainfra.com\/blog\/?p=27696"},"modified":"2025-09-15T12:23:29","modified_gmt":"2025-09-15T15:23:29","slug":"ons-projeta-aumento-da-afluencia-no-sul-e-estabilidade-nos-demais-subsistemas","status":"publish","type":"post","link":"https:\/\/agenciainfra.com\/blog\/ons-projeta-aumento-da-afluencia-no-sul-e-estabilidade-nos-demais-subsistemas\/","title":{"rendered":"ONS projeta alta da aflu\u00eancia no Sul; outros subsistemas ficam est\u00e1veis"},"content":{"rendered":"\n<p class=\"has-text-align-right\"><strong>da Ag\u00eancia iNFRA<\/strong><\/p>\n\n\n\n<p>As proje\u00e7\u00f5es do PMO (Programa Mensal de Opera\u00e7\u00e3o) referente ao per\u00edodo de 13 a 19 de setembro apontam eleva\u00e7\u00e3o das aflu\u00eancias no Sul, \u00fanico subsistema acima da MLT (M\u00e9dia de Longo Termo), com 119%. Nos demais, os \u00edndices permanecem est\u00e1veis, sendo 59% no Sudeste\/Centro-Oeste; 60% para o Norte; e 47% no Nordeste.<\/p>\n\n\n\n<p>At\u00e9 30 de setembro, o reservat\u00f3rio de todas as regi\u00f5es devem ultrapassar 50% de energia armazenada. O Sul apresenta a maior alta, com previs\u00e3o de 87,8%. Para os demais subsistemas, as expectativas s\u00e3o de 80,6% no Norte, 54,3% no Nordeste e 51,6% no Sudeste\/Centro-Oeste.<\/p>\n\n\n\n<p>No comportamento da carga do SIN (Sistema Interligado Nacional), a proje\u00e7\u00e3o \u00e9 de retra\u00e7\u00e3o de 2,3%, com 79.403 MWmed (megawatt-m\u00e9dios), puxada pela queda de 4,8% no Sudeste\/Centro-Oeste (44.461 MWmed). Em contrapartida, os submercados Norte, Nordeste e Sul devem registrar crescimento de 1,8% (8.597 MWmed), 1,4% (13.295 MWmed) e 0,5% (13.049 MWmed), respectivamente.<\/p>\n\n\n\n<p>Para a pr\u00f3xima semana operativa, o CMO (Custo Marginal de Opera\u00e7\u00e3o) permanece igual em todos os subsistemas, no valor de R$ 303,65\/MWh.<\/p>\n","protected":false},"excerpt":{"rendered":"<p>da Ag\u00eancia iNFRA As proje\u00e7\u00f5es do PMO (Programa Mensal de Opera\u00e7\u00e3o) referente ao per\u00edodo de 13 a 19 de setembro apontam eleva\u00e7\u00e3o das aflu\u00eancias no Sul, \u00fanico subsistema acima da MLT (M\u00e9dia de Longo Termo), com 119%. Nos demais, os \u00edndices permanecem est\u00e1veis, sendo 59% no Sudeste\/Centro-Oeste; 60% para o Norte; e 47% no Nordeste. [&hellip;]<\/p>\n","protected":false},"author":1,"featured_media":24094,"comment_status":"closed","ping_status":"closed","sticky":false,"template":"","format":"standard","meta":{"_monsterinsights_skip_tracking":false,"_monsterinsights_sitenote_active":false,"_monsterinsights_sitenote_note":"","_monsterinsights_sitenote_category":0,"footnotes":""},"categories":[1,13576],"tags":[15336,15103,10538,216,1819,747],"class_list":["post-27696","post","type-post","status-publish","format-standard","has-post-thumbnail","hentry","category-geral","category-giro-infra","tag-custo-da-marginal-da-operacao","tag-energia-afluente","tag-mlt","tag-ons","tag-reservatorios","tag-sistema-interligado-nacional"],"yoast_head":"<!-- This site is optimized with the Yoast SEO Premium plugin v25.4 (Yoast SEO v26.0) - https:\/\/yoast.com\/wordpress\/plugins\/seo\/ -->\n<title>ONS projeta alta da aflu\u00eancia no Sul; outros subsistemas ficam est\u00e1veis - Ag\u00eancia iNFRA<\/title>\n<meta name=\"robots\" content=\"index, follow, max-snippet:-1, max-image-preview:large, max-video-preview:-1\" \/>\n<link rel=\"canonical\" href=\"https:\/\/agenciainfra.com\/blog\/ons-projeta-aumento-da-afluencia-no-sul-e-estabilidade-nos-demais-subsistemas\/\" \/>\n<meta property=\"og:locale\" content=\"pt_BR\" \/>\n<meta property=\"og:type\" content=\"article\" \/>\n<meta property=\"og:title\" content=\"ONS projeta alta da aflu\u00eancia no Sul; outros subsistemas ficam est\u00e1veis\" \/>\n<meta property=\"og:description\" content=\"da Ag\u00eancia iNFRA As proje\u00e7\u00f5es do PMO (Programa Mensal de Opera\u00e7\u00e3o) referente ao per\u00edodo de 13 a 19 de setembro apontam eleva\u00e7\u00e3o das aflu\u00eancias no Sul, \u00fanico subsistema acima da MLT (M\u00e9dia de Longo Termo), com 119%. Nos demais, os \u00edndices permanecem est\u00e1veis, sendo 59% no Sudeste\/Centro-Oeste; 60% para o Norte; e 47% no Nordeste. [&hellip;]\" \/>\n<meta property=\"og:url\" content=\"https:\/\/agenciainfra.com\/blog\/ons-projeta-aumento-da-afluencia-no-sul-e-estabilidade-nos-demais-subsistemas\/\" \/>\n<meta property=\"og:site_name\" content=\"Ag\u00eancia iNFRA\" \/>\n<meta property=\"article:publisher\" content=\"https:\/\/www.facebook.com\/ageninfra\" \/>\n<meta property=\"article:published_time\" content=\"2025-09-12T22:27:33+00:00\" \/>\n<meta property=\"article:modified_time\" content=\"2025-09-15T15:23:29+00:00\" \/>\n<meta property=\"og:image\" content=\"https:\/\/agenciainfra.com\/blog\/wp-content\/uploads\/2025\/07\/Foto-de-Belo-Monte-credito-Roney-Santana.jpg\" \/>\n\t<meta property=\"og:image:width\" content=\"1280\" \/>\n\t<meta property=\"og:image:height\" content=\"719\" \/>\n\t<meta property=\"og:image:type\" content=\"image\/jpeg\" \/>\n<meta name=\"author\" content=\"Ag\u00eancia iNFRA\" \/>\n<meta name=\"twitter:card\" content=\"summary_large_image\" \/>\n<meta name=\"twitter:creator\" content=\"@agencia_infra\" \/>\n<meta name=\"twitter:site\" content=\"@agencia_infra\" \/>\n<meta name=\"twitter:label1\" content=\"Escrito por\" \/>\n\t<meta name=\"twitter:data1\" content=\"Ag\u00eancia iNFRA\" \/>\n\t<meta name=\"twitter:label2\" content=\"Est. tempo de leitura\" \/>\n\t<meta name=\"twitter:data2\" content=\"1 minuto\" \/>\n<script type=\"application\/ld+json\" class=\"yoast-schema-graph\">{\"@context\":\"https:\/\/schema.org\",\"@graph\":[{\"@type\":\"Article\",\"@id\":\"https:\/\/agenciainfra.com\/blog\/ons-projeta-aumento-da-afluencia-no-sul-e-estabilidade-nos-demais-subsistemas\/#article\",\"isPartOf\":{\"@id\":\"https:\/\/agenciainfra.com\/blog\/ons-projeta-aumento-da-afluencia-no-sul-e-estabilidade-nos-demais-subsistemas\/\"},\"author\":{\"name\":\"Ag\u00eancia iNFRA\",\"@id\":\"https:\/\/agenciainfra.com\/blog\/#\/schema\/person\/34af08dff6adea4cb22b06612ba7acfa\"},\"headline\":\"ONS projeta alta da aflu\u00eancia no Sul; outros subsistemas ficam est\u00e1veis\",\"datePublished\":\"2025-09-12T22:27:33+00:00\",\"dateModified\":\"2025-09-15T15:23:29+00:00\",\"mainEntityOfPage\":{\"@id\":\"https:\/\/agenciainfra.com\/blog\/ons-projeta-aumento-da-afluencia-no-sul-e-estabilidade-nos-demais-subsistemas\/\"},\"wordCount\":183,\"publisher\":{\"@id\":\"https:\/\/agenciainfra.com\/blog\/#organization\"},\"image\":{\"@id\":\"https:\/\/agenciainfra.com\/blog\/ons-projeta-aumento-da-afluencia-no-sul-e-estabilidade-nos-demais-subsistemas\/#primaryimage\"},\"thumbnailUrl\":\"https:\/\/agenciainfra.com\/blog\/wp-content\/uploads\/2025\/07\/Foto-de-Belo-Monte-credito-Roney-Santana.jpg\",\"keywords\":[\"custo da marginal da opera\u00e7\u00e3o\",\"energia afluente\",\"MLT\",\"ONS\",\"reservat\u00f3rios\",\"Sistema Interligado Nacional\"],\"articleSection\":[\"Geral\",\"Giro iNFRA\"],\"inLanguage\":\"pt-BR\",\"copyrightYear\":\"2025\",\"copyrightHolder\":{\"@id\":\"https:\/\/agenciainfra.com\/blog\/#organization\"}},{\"@type\":\"WebPage\",\"@id\":\"https:\/\/agenciainfra.com\/blog\/ons-projeta-aumento-da-afluencia-no-sul-e-estabilidade-nos-demais-subsistemas\/\",\"url\":\"https:\/\/agenciainfra.com\/blog\/ons-projeta-aumento-da-afluencia-no-sul-e-estabilidade-nos-demais-subsistemas\/\",\"name\":\"ONS projeta alta da aflu\u00eancia no Sul; outros subsistemas ficam est\u00e1veis - Ag\u00eancia iNFRA\",\"isPartOf\":{\"@id\":\"https:\/\/agenciainfra.com\/blog\/#website\"},\"primaryImageOfPage\":{\"@id\":\"https:\/\/agenciainfra.com\/blog\/ons-projeta-aumento-da-afluencia-no-sul-e-estabilidade-nos-demais-subsistemas\/#primaryimage\"},\"image\":{\"@id\":\"https:\/\/agenciainfra.com\/blog\/ons-projeta-aumento-da-afluencia-no-sul-e-estabilidade-nos-demais-subsistemas\/#primaryimage\"},\"thumbnailUrl\":\"https:\/\/agenciainfra.com\/blog\/wp-content\/uploads\/2025\/07\/Foto-de-Belo-Monte-credito-Roney-Santana.jpg\",\"datePublished\":\"2025-09-12T22:27:33+00:00\",\"dateModified\":\"2025-09-15T15:23:29+00:00\",\"breadcrumb\":{\"@id\":\"https:\/\/agenciainfra.com\/blog\/ons-projeta-aumento-da-afluencia-no-sul-e-estabilidade-nos-demais-subsistemas\/#breadcrumb\"},\"inLanguage\":\"pt-BR\",\"potentialAction\":[{\"@type\":\"ReadAction\",\"target\":[\"https:\/\/agenciainfra.com\/blog\/ons-projeta-aumento-da-afluencia-no-sul-e-estabilidade-nos-demais-subsistemas\/\"]}]},{\"@type\":\"ImageObject\",\"inLanguage\":\"pt-BR\",\"@id\":\"https:\/\/agenciainfra.com\/blog\/ons-projeta-aumento-da-afluencia-no-sul-e-estabilidade-nos-demais-subsistemas\/#primaryimage\",\"url\":\"https:\/\/agenciainfra.com\/blog\/wp-content\/uploads\/2025\/07\/Foto-de-Belo-Monte-credito-Roney-Santana.jpg\",\"contentUrl\":\"https:\/\/agenciainfra.com\/blog\/wp-content\/uploads\/2025\/07\/Foto-de-Belo-Monte-credito-Roney-Santana.jpg\",\"width\":1280,\"height\":719,\"caption\":\"Foto: Roney Santana\/Norte Energia\"},{\"@type\":\"BreadcrumbList\",\"@id\":\"https:\/\/agenciainfra.com\/blog\/ons-projeta-aumento-da-afluencia-no-sul-e-estabilidade-nos-demais-subsistemas\/#breadcrumb\",\"itemListElement\":[{\"@type\":\"ListItem\",\"position\":1,\"name\":\"In\u00edcio\",\"item\":\"https:\/\/agenciainfra.com\/blog\/\"},{\"@type\":\"ListItem\",\"position\":2,\"name\":\"ONS projeta alta da aflu\u00eancia no Sul; outros subsistemas ficam est\u00e1veis\"}]},{\"@type\":\"WebSite\",\"@id\":\"https:\/\/agenciainfra.com\/blog\/#website\",\"url\":\"https:\/\/agenciainfra.com\/blog\/\",\"name\":\"Ag\u00eancia iNFRA\",\"description\":\"Multiplataforma de informa\u00e7\u00e3o jornal\u00edstica refer\u00eancia na \u00e1rea de infraestrutura no Brasil!\",\"publisher\":{\"@id\":\"https:\/\/agenciainfra.com\/blog\/#organization\"},\"potentialAction\":[{\"@type\":\"SearchAction\",\"target\":{\"@type\":\"EntryPoint\",\"urlTemplate\":\"https:\/\/agenciainfra.com\/blog\/?s={search_term_string}\"},\"query-input\":{\"@type\":\"PropertyValueSpecification\",\"valueRequired\":true,\"valueName\":\"search_term_string\"}}],\"inLanguage\":\"pt-BR\"},{\"@type\":\"Organization\",\"@id\":\"https:\/\/agenciainfra.com\/blog\/#organization\",\"name\":\"Ag\u00eancia iNFRA\",\"url\":\"https:\/\/agenciainfra.com\/blog\/\",\"logo\":{\"@type\":\"ImageObject\",\"inLanguage\":\"pt-BR\",\"@id\":\"https:\/\/agenciainfra.com\/blog\/#\/schema\/logo\/image\/\",\"url\":\"https:\/\/agenciainfra.com\/blog\/wp-content\/uploads\/2023\/09\/iNFRA_5-e1761735885940.png\",\"contentUrl\":\"https:\/\/agenciainfra.com\/blog\/wp-content\/uploads\/2023\/09\/iNFRA_5-e1761735885940.png\",\"width\":1672,\"height\":454,\"caption\":\"Ag\u00eancia iNFRA\"},\"image\":{\"@id\":\"https:\/\/agenciainfra.com\/blog\/#\/schema\/logo\/image\/\"},\"sameAs\":[\"https:\/\/www.facebook.com\/ageninfra\",\"https:\/\/x.com\/agencia_infra\",\"https:\/\/www.linkedin.com\/company\/ag\u00eanciainfra\/\",\"https:\/\/www.instagram.com\/agenciainfra\/\"]},{\"@type\":\"Person\",\"@id\":\"https:\/\/agenciainfra.com\/blog\/#\/schema\/person\/34af08dff6adea4cb22b06612ba7acfa\",\"name\":\"Ag\u00eancia iNFRA\",\"image\":{\"@type\":\"ImageObject\",\"inLanguage\":\"pt-BR\",\"@id\":\"https:\/\/agenciainfra.com\/blog\/#\/schema\/person\/image\/\",\"url\":\"https:\/\/secure.gravatar.com\/avatar\/d189e01678f06d8eb84d4e01f08eb848b3fffe3f8443818d3c356c66892f5be8?s=96&d=mm&r=g\",\"contentUrl\":\"https:\/\/secure.gravatar.com\/avatar\/d189e01678f06d8eb84d4e01f08eb848b3fffe3f8443818d3c356c66892f5be8?s=96&d=mm&r=g\",\"caption\":\"Ag\u00eancia iNFRA\"},\"url\":\"https:\/\/agenciainfra.com\/blog\/author\/admin\/\"}]}<\/script>\n<!-- \/ Yoast SEO Premium plugin. -->","yoast_head_json":{"title":"ONS projeta alta da aflu\u00eancia no Sul; outros subsistemas ficam est\u00e1veis - Ag\u00eancia iNFRA","robots":{"index":"index","follow":"follow","max-snippet":"max-snippet:-1","max-image-preview":"max-image-preview:large","max-video-preview":"max-video-preview:-1"},"canonical":"https:\/\/agenciainfra.com\/blog\/ons-projeta-aumento-da-afluencia-no-sul-e-estabilidade-nos-demais-subsistemas\/","og_locale":"pt_BR","og_type":"article","og_title":"ONS projeta alta da aflu\u00eancia no Sul; outros subsistemas ficam est\u00e1veis","og_description":"da Ag\u00eancia iNFRA As proje\u00e7\u00f5es do PMO (Programa Mensal de Opera\u00e7\u00e3o) referente ao per\u00edodo de 13 a 19 de setembro apontam eleva\u00e7\u00e3o das aflu\u00eancias no Sul, \u00fanico subsistema acima da MLT (M\u00e9dia de Longo Termo), com 119%. Nos demais, os \u00edndices permanecem est\u00e1veis, sendo 59% no Sudeste\/Centro-Oeste; 60% para o Norte; e 47% no Nordeste. [&hellip;]","og_url":"https:\/\/agenciainfra.com\/blog\/ons-projeta-aumento-da-afluencia-no-sul-e-estabilidade-nos-demais-subsistemas\/","og_site_name":"Ag\u00eancia iNFRA","article_publisher":"https:\/\/www.facebook.com\/ageninfra","article_published_time":"2025-09-12T22:27:33+00:00","article_modified_time":"2025-09-15T15:23:29+00:00","og_image":[{"width":1280,"height":719,"url":"https:\/\/agenciainfra.com\/blog\/wp-content\/uploads\/2025\/07\/Foto-de-Belo-Monte-credito-Roney-Santana.jpg","type":"image\/jpeg"}],"author":"Ag\u00eancia iNFRA","twitter_card":"summary_large_image","twitter_creator":"@agencia_infra","twitter_site":"@agencia_infra","twitter_misc":{"Escrito por":"Ag\u00eancia iNFRA","Est. tempo de leitura":"1 minuto"},"schema":{"@context":"https:\/\/schema.org","@graph":[{"@type":"Article","@id":"https:\/\/agenciainfra.com\/blog\/ons-projeta-aumento-da-afluencia-no-sul-e-estabilidade-nos-demais-subsistemas\/#article","isPartOf":{"@id":"https:\/\/agenciainfra.com\/blog\/ons-projeta-aumento-da-afluencia-no-sul-e-estabilidade-nos-demais-subsistemas\/"},"author":{"name":"Ag\u00eancia iNFRA","@id":"https:\/\/agenciainfra.com\/blog\/#\/schema\/person\/34af08dff6adea4cb22b06612ba7acfa"},"headline":"ONS projeta alta da aflu\u00eancia no Sul; outros subsistemas ficam est\u00e1veis","datePublished":"2025-09-12T22:27:33+00:00","dateModified":"2025-09-15T15:23:29+00:00","mainEntityOfPage":{"@id":"https:\/\/agenciainfra.com\/blog\/ons-projeta-aumento-da-afluencia-no-sul-e-estabilidade-nos-demais-subsistemas\/"},"wordCount":183,"publisher":{"@id":"https:\/\/agenciainfra.com\/blog\/#organization"},"image":{"@id":"https:\/\/agenciainfra.com\/blog\/ons-projeta-aumento-da-afluencia-no-sul-e-estabilidade-nos-demais-subsistemas\/#primaryimage"},"thumbnailUrl":"https:\/\/agenciainfra.com\/blog\/wp-content\/uploads\/2025\/07\/Foto-de-Belo-Monte-credito-Roney-Santana.jpg","keywords":["custo da marginal da opera\u00e7\u00e3o","energia afluente","MLT","ONS","reservat\u00f3rios","Sistema Interligado Nacional"],"articleSection":["Geral","Giro iNFRA"],"inLanguage":"pt-BR","copyrightYear":"2025","copyrightHolder":{"@id":"https:\/\/agenciainfra.com\/blog\/#organization"}},{"@type":"WebPage","@id":"https:\/\/agenciainfra.com\/blog\/ons-projeta-aumento-da-afluencia-no-sul-e-estabilidade-nos-demais-subsistemas\/","url":"https:\/\/agenciainfra.com\/blog\/ons-projeta-aumento-da-afluencia-no-sul-e-estabilidade-nos-demais-subsistemas\/","name":"ONS projeta alta da aflu\u00eancia no Sul; outros subsistemas ficam est\u00e1veis - Ag\u00eancia iNFRA","isPartOf":{"@id":"https:\/\/agenciainfra.com\/blog\/#website"},"primaryImageOfPage":{"@id":"https:\/\/agenciainfra.com\/blog\/ons-projeta-aumento-da-afluencia-no-sul-e-estabilidade-nos-demais-subsistemas\/#primaryimage"},"image":{"@id":"https:\/\/agenciainfra.com\/blog\/ons-projeta-aumento-da-afluencia-no-sul-e-estabilidade-nos-demais-subsistemas\/#primaryimage"},"thumbnailUrl":"https:\/\/agenciainfra.com\/blog\/wp-content\/uploads\/2025\/07\/Foto-de-Belo-Monte-credito-Roney-Santana.jpg","datePublished":"2025-09-12T22:27:33+00:00","dateModified":"2025-09-15T15:23:29+00:00","breadcrumb":{"@id":"https:\/\/agenciainfra.com\/blog\/ons-projeta-aumento-da-afluencia-no-sul-e-estabilidade-nos-demais-subsistemas\/#breadcrumb"},"inLanguage":"pt-BR","potentialAction":[{"@type":"ReadAction","target":["https:\/\/agenciainfra.com\/blog\/ons-projeta-aumento-da-afluencia-no-sul-e-estabilidade-nos-demais-subsistemas\/"]}]},{"@type":"ImageObject","inLanguage":"pt-BR","@id":"https:\/\/agenciainfra.com\/blog\/ons-projeta-aumento-da-afluencia-no-sul-e-estabilidade-nos-demais-subsistemas\/#primaryimage","url":"https:\/\/agenciainfra.com\/blog\/wp-content\/uploads\/2025\/07\/Foto-de-Belo-Monte-credito-Roney-Santana.jpg","contentUrl":"https:\/\/agenciainfra.com\/blog\/wp-content\/uploads\/2025\/07\/Foto-de-Belo-Monte-credito-Roney-Santana.jpg","width":1280,"height":719,"caption":"Foto: Roney Santana\/Norte Energia"},{"@type":"BreadcrumbList","@id":"https:\/\/agenciainfra.com\/blog\/ons-projeta-aumento-da-afluencia-no-sul-e-estabilidade-nos-demais-subsistemas\/#breadcrumb","itemListElement":[{"@type":"ListItem","position":1,"name":"In\u00edcio","item":"https:\/\/agenciainfra.com\/blog\/"},{"@type":"ListItem","position":2,"name":"ONS projeta alta da aflu\u00eancia no Sul; outros subsistemas ficam est\u00e1veis"}]},{"@type":"WebSite","@id":"https:\/\/agenciainfra.com\/blog\/#website","url":"https:\/\/agenciainfra.com\/blog\/","name":"Ag\u00eancia iNFRA","description":"Multiplataforma de informa\u00e7\u00e3o jornal\u00edstica refer\u00eancia na \u00e1rea de infraestrutura no Brasil!","publisher":{"@id":"https:\/\/agenciainfra.com\/blog\/#organization"},"potentialAction":[{"@type":"SearchAction","target":{"@type":"EntryPoint","urlTemplate":"https:\/\/agenciainfra.com\/blog\/?s={search_term_string}"},"query-input":{"@type":"PropertyValueSpecification","valueRequired":true,"valueName":"search_term_string"}}],"inLanguage":"pt-BR"},{"@type":"Organization","@id":"https:\/\/agenciainfra.com\/blog\/#organization","name":"Ag\u00eancia iNFRA","url":"https:\/\/agenciainfra.com\/blog\/","logo":{"@type":"ImageObject","inLanguage":"pt-BR","@id":"https:\/\/agenciainfra.com\/blog\/#\/schema\/logo\/image\/","url":"https:\/\/agenciainfra.com\/blog\/wp-content\/uploads\/2023\/09\/iNFRA_5-e1761735885940.png","contentUrl":"https:\/\/agenciainfra.com\/blog\/wp-content\/uploads\/2023\/09\/iNFRA_5-e1761735885940.png","width":1672,"height":454,"caption":"Ag\u00eancia iNFRA"},"image":{"@id":"https:\/\/agenciainfra.com\/blog\/#\/schema\/logo\/image\/"},"sameAs":["https:\/\/www.facebook.com\/ageninfra","https:\/\/x.com\/agencia_infra","https:\/\/www.linkedin.com\/company\/ag\u00eanciainfra\/","https:\/\/www.instagram.com\/agenciainfra\/"]},{"@type":"Person","@id":"https:\/\/agenciainfra.com\/blog\/#\/schema\/person\/34af08dff6adea4cb22b06612ba7acfa","name":"Ag\u00eancia iNFRA","image":{"@type":"ImageObject","inLanguage":"pt-BR","@id":"https:\/\/agenciainfra.com\/blog\/#\/schema\/person\/image\/","url":"https:\/\/secure.gravatar.com\/avatar\/d189e01678f06d8eb84d4e01f08eb848b3fffe3f8443818d3c356c66892f5be8?s=96&d=mm&r=g","contentUrl":"https:\/\/secure.gravatar.com\/avatar\/d189e01678f06d8eb84d4e01f08eb848b3fffe3f8443818d3c356c66892f5be8?s=96&d=mm&r=g","caption":"Ag\u00eancia iNFRA"},"url":"https:\/\/agenciainfra.com\/blog\/author\/admin\/"}]}},"_links":{"self":[{"href":"https:\/\/agenciainfra.com\/blog\/wp-json\/wp\/v2\/posts\/27696","targetHints":{"allow":["GET"]}}],"collection":[{"href":"https:\/\/agenciainfra.com\/blog\/wp-json\/wp\/v2\/posts"}],"about":[{"href":"https:\/\/agenciainfra.com\/blog\/wp-json\/wp\/v2\/types\/post"}],"author":[{"embeddable":true,"href":"https:\/\/agenciainfra.com\/blog\/wp-json\/wp\/v2\/users\/1"}],"replies":[{"embeddable":true,"href":"https:\/\/agenciainfra.com\/blog\/wp-json\/wp\/v2\/comments?post=27696"}],"version-history":[{"count":2,"href":"https:\/\/agenciainfra.com\/blog\/wp-json\/wp\/v2\/posts\/27696\/revisions"}],"predecessor-version":[{"id":27733,"href":"https:\/\/agenciainfra.com\/blog\/wp-json\/wp\/v2\/posts\/27696\/revisions\/27733"}],"wp:featuredmedia":[{"embeddable":true,"href":"https:\/\/agenciainfra.com\/blog\/wp-json\/wp\/v2\/media\/24094"}],"wp:attachment":[{"href":"https:\/\/agenciainfra.com\/blog\/wp-json\/wp\/v2\/media?parent=27696"}],"wp:term":[{"taxonomy":"category","embeddable":true,"href":"https:\/\/agenciainfra.com\/blog\/wp-json\/wp\/v2\/categories?post=27696"},{"taxonomy":"post_tag","embeddable":true,"href":"https:\/\/agenciainfra.com\/blog\/wp-json\/wp\/v2\/tags?post=27696"}],"curies":[{"name":"wp","href":"https:\/\/api.w.org\/{rel}","templated":true}]}}