{"id":27725,"date":"2025-09-15T11:54:33","date_gmt":"2025-09-15T14:54:33","guid":{"rendered":"https:\/\/agenciainfra.com\/blog\/?p=27725"},"modified":"2025-09-16T10:46:41","modified_gmt":"2025-09-16T13:46:41","slug":"senado-pauta-mp-1-300-para-quarta-17-camara-deve-votar-na-terca-16","status":"publish","type":"post","link":"https:\/\/agenciainfra.com\/blog\/senado-pauta-mp-1-300-para-quarta-17-camara-deve-votar-na-terca-16\/","title":{"rendered":"Senado pauta MP 1.300 para quarta (17); C\u00e2mara deve votar na ter\u00e7a (16)"},"content":{"rendered":"\n<p class=\"has-text-align-right\"><strong>da Ag\u00eancia iNFRA<\/strong><\/p>\n\n\n\n<p>O Senado pautou a <a href=\"https:\/\/www.congressonacional.leg.br\/materias\/medidas-provisorias\/-\/mpv\/168719\">MP (Medida Provis\u00f3ria) 1.300\/2025<\/a>, que amplia a tarifa social de energia, para vota\u00e7\u00e3o em plen\u00e1rio <a href=\"https:\/\/www25.senado.leg.br\/web\/atividade\/sessao-plenaria\/-\/pauta\/480051\">nesta quarta-feira<\/a> (17), com pend\u00eancia de aprova\u00e7\u00e3o anterior na C\u00e2mara dos Deputados. Segundo fontes, a medida deve ser votada no plen\u00e1rio da C\u00e2mara nesta ter\u00e7a-feira (16), mas a pauta ainda n\u00e3o foi divulgada. O texto perde a validade na quarta-feira.<\/p>\n\n\n\n<p>A medida provis\u00f3ria chegou a ser pautada em sess\u00e3o da C\u00e2mara na \u00faltima quarta-feira (10), mas a delibera\u00e7\u00e3o foi adiada por <a href=\"https:\/\/agenciainfra.com\/blog\/falta-de-acordo-sobre-tarifas-diferenciadas-adia-votacao-da-mp-1-300-na-camara\/\">falta de acordo<\/a> para a vota\u00e7\u00e3o de destaques que modificam a MP.<br><\/p>\n\n\n\n<p><\/p>\n","protected":false},"excerpt":{"rendered":"<p>da Ag\u00eancia iNFRA O Senado pautou a MP (Medida Provis\u00f3ria) 1.300\/2025, que amplia a tarifa social de energia, para vota\u00e7\u00e3o em plen\u00e1rio nesta quarta-feira (17), com pend\u00eancia de aprova\u00e7\u00e3o anterior na C\u00e2mara dos Deputados. Segundo fontes, a medida deve ser votada no plen\u00e1rio da C\u00e2mara nesta ter\u00e7a-feira (16), mas a pauta ainda n\u00e3o foi divulgada. [&hellip;]<\/p>\n","protected":false},"author":1,"featured_media":18248,"comment_status":"closed","ping_status":"closed","sticky":false,"template":"","format":"standard","meta":{"_monsterinsights_skip_tracking":false,"_monsterinsights_sitenote_active":false,"_monsterinsights_sitenote_note":"","_monsterinsights_sitenote_category":0,"footnotes":""},"categories":[1,10],"tags":[53,305,348,76,13449,14893,4354,1831,15294],"class_list":["post-27725","post","type-post","status-publish","format-standard","has-post-thumbnail","hentry","category-geral","category-infraenergia","tag-aneel","tag-camara-dos-deputados","tag-gsf","tag-medida-provisoria","tag-mp-1-300","tag-mp-da-tarifa-social","tag-senado-federal","tag-tarifa-social-de-energia-eletrica","tag-tarifas-diferenciadas"],"yoast_head":"<!-- This site is optimized with the Yoast SEO Premium plugin v25.4 (Yoast SEO v26.0) - https:\/\/yoast.com\/wordpress\/plugins\/seo\/ -->\n<title>Senado pauta MP 1.300 para quarta (17); C\u00e2mara deve votar na ter\u00e7a (16) - Ag\u00eancia iNFRA<\/title>\n<meta name=\"robots\" content=\"index, follow, max-snippet:-1, max-image-preview:large, max-video-preview:-1\" \/>\n<link rel=\"canonical\" href=\"https:\/\/agenciainfra.com\/blog\/senado-pauta-mp-1-300-para-quarta-17-camara-deve-votar-na-terca-16\/\" \/>\n<meta property=\"og:locale\" content=\"pt_BR\" \/>\n<meta property=\"og:type\" content=\"article\" \/>\n<meta property=\"og:title\" content=\"Senado pauta MP 1.300 para quarta (17); C\u00e2mara deve votar na ter\u00e7a (16)\" \/>\n<meta property=\"og:description\" content=\"da Ag\u00eancia iNFRA O Senado pautou a MP (Medida Provis\u00f3ria) 1.300\/2025, que amplia a tarifa social de energia, para vota\u00e7\u00e3o em plen\u00e1rio nesta quarta-feira (17), com pend\u00eancia de aprova\u00e7\u00e3o anterior na C\u00e2mara dos Deputados. Segundo fontes, a medida deve ser votada no plen\u00e1rio da C\u00e2mara nesta ter\u00e7a-feira (16), mas a pauta ainda n\u00e3o foi divulgada. [&hellip;]\" \/>\n<meta property=\"og:url\" content=\"https:\/\/agenciainfra.com\/blog\/senado-pauta-mp-1-300-para-quarta-17-camara-deve-votar-na-terca-16\/\" \/>\n<meta property=\"og:site_name\" content=\"Ag\u00eancia iNFRA\" \/>\n<meta property=\"article:publisher\" content=\"https:\/\/www.facebook.com\/ageninfra\" \/>\n<meta property=\"article:published_time\" content=\"2025-09-15T14:54:33+00:00\" \/>\n<meta property=\"article:modified_time\" content=\"2025-09-16T13:46:41+00:00\" \/>\n<meta property=\"og:image\" content=\"https:\/\/agenciainfra.com\/blog\/wp-content\/uploads\/2024\/08\/fachada-congresso-nacional-foto-antonio-cruz-agencia-brasil-3-e1748341279943.jpg\" \/>\n\t<meta property=\"og:image:width\" content=\"1202\" \/>\n\t<meta property=\"og:image:height\" content=\"753\" \/>\n\t<meta property=\"og:image:type\" content=\"image\/jpeg\" \/>\n<meta name=\"author\" content=\"Ag\u00eancia iNFRA\" \/>\n<meta name=\"twitter:card\" content=\"summary_large_image\" \/>\n<meta name=\"twitter:creator\" content=\"@agencia_infra\" \/>\n<meta name=\"twitter:site\" content=\"@agencia_infra\" \/>\n<meta name=\"twitter:label1\" content=\"Escrito por\" \/>\n\t<meta name=\"twitter:data1\" content=\"Ag\u00eancia iNFRA\" \/>\n\t<meta name=\"twitter:label2\" content=\"Est. tempo de leitura\" \/>\n\t<meta name=\"twitter:data2\" content=\"1 minuto\" \/>\n<script type=\"application\/ld+json\" class=\"yoast-schema-graph\">{\"@context\":\"https:\/\/schema.org\",\"@graph\":[{\"@type\":\"Article\",\"@id\":\"https:\/\/agenciainfra.com\/blog\/senado-pauta-mp-1-300-para-quarta-17-camara-deve-votar-na-terca-16\/#article\",\"isPartOf\":{\"@id\":\"https:\/\/agenciainfra.com\/blog\/senado-pauta-mp-1-300-para-quarta-17-camara-deve-votar-na-terca-16\/\"},\"author\":{\"name\":\"Ag\u00eancia iNFRA\",\"@id\":\"https:\/\/agenciainfra.com\/blog\/#\/schema\/person\/34af08dff6adea4cb22b06612ba7acfa\"},\"headline\":\"Senado pauta MP 1.300 para quarta (17); C\u00e2mara deve votar na ter\u00e7a (16)\",\"datePublished\":\"2025-09-15T14:54:33+00:00\",\"dateModified\":\"2025-09-16T13:46:41+00:00\",\"mainEntityOfPage\":{\"@id\":\"https:\/\/agenciainfra.com\/blog\/senado-pauta-mp-1-300-para-quarta-17-camara-deve-votar-na-terca-16\/\"},\"wordCount\":119,\"publisher\":{\"@id\":\"https:\/\/agenciainfra.com\/blog\/#organization\"},\"image\":{\"@id\":\"https:\/\/agenciainfra.com\/blog\/senado-pauta-mp-1-300-para-quarta-17-camara-deve-votar-na-terca-16\/#primaryimage\"},\"thumbnailUrl\":\"https:\/\/agenciainfra.com\/blog\/wp-content\/uploads\/2024\/08\/fachada-congresso-nacional-foto-antonio-cruz-agencia-brasil-3-e1748341279943.jpg\",\"keywords\":[\"ANEEL\",\"C\u00e2mara dos Deputados\",\"GSF\",\"Medida Provis\u00f3ria\",\"mp 1.300\",\"MP da Tarifa Social\",\"Senado Federal\",\"Tarifa Social de Energia El\u00e9trica\",\"tarifas diferenciadas\"],\"articleSection\":[\"Geral\",\"iNFRAEnergia\"],\"inLanguage\":\"pt-BR\",\"copyrightYear\":\"2025\",\"copyrightHolder\":{\"@id\":\"https:\/\/agenciainfra.com\/blog\/#organization\"}},{\"@type\":\"WebPage\",\"@id\":\"https:\/\/agenciainfra.com\/blog\/senado-pauta-mp-1-300-para-quarta-17-camara-deve-votar-na-terca-16\/\",\"url\":\"https:\/\/agenciainfra.com\/blog\/senado-pauta-mp-1-300-para-quarta-17-camara-deve-votar-na-terca-16\/\",\"name\":\"Senado pauta MP 1.300 para quarta (17); C\u00e2mara deve votar na ter\u00e7a (16) - Ag\u00eancia iNFRA\",\"isPartOf\":{\"@id\":\"https:\/\/agenciainfra.com\/blog\/#website\"},\"primaryImageOfPage\":{\"@id\":\"https:\/\/agenciainfra.com\/blog\/senado-pauta-mp-1-300-para-quarta-17-camara-deve-votar-na-terca-16\/#primaryimage\"},\"image\":{\"@id\":\"https:\/\/agenciainfra.com\/blog\/senado-pauta-mp-1-300-para-quarta-17-camara-deve-votar-na-terca-16\/#primaryimage\"},\"thumbnailUrl\":\"https:\/\/agenciainfra.com\/blog\/wp-content\/uploads\/2024\/08\/fachada-congresso-nacional-foto-antonio-cruz-agencia-brasil-3-e1748341279943.jpg\",\"datePublished\":\"2025-09-15T14:54:33+00:00\",\"dateModified\":\"2025-09-16T13:46:41+00:00\",\"breadcrumb\":{\"@id\":\"https:\/\/agenciainfra.com\/blog\/senado-pauta-mp-1-300-para-quarta-17-camara-deve-votar-na-terca-16\/#breadcrumb\"},\"inLanguage\":\"pt-BR\",\"potentialAction\":[{\"@type\":\"ReadAction\",\"target\":[\"https:\/\/agenciainfra.com\/blog\/senado-pauta-mp-1-300-para-quarta-17-camara-deve-votar-na-terca-16\/\"]}]},{\"@type\":\"ImageObject\",\"inLanguage\":\"pt-BR\",\"@id\":\"https:\/\/agenciainfra.com\/blog\/senado-pauta-mp-1-300-para-quarta-17-camara-deve-votar-na-terca-16\/#primaryimage\",\"url\":\"https:\/\/agenciainfra.com\/blog\/wp-content\/uploads\/2024\/08\/fachada-congresso-nacional-foto-antonio-cruz-agencia-brasil-3-e1748341279943.jpg\",\"contentUrl\":\"https:\/\/agenciainfra.com\/blog\/wp-content\/uploads\/2024\/08\/fachada-congresso-nacional-foto-antonio-cruz-agencia-brasil-3-e1748341279943.jpg\",\"width\":1202,\"height\":753,\"caption\":\"Foto: Ant\u00f4nio Cruz\/Ag\u00eancia Brasil\"},{\"@type\":\"BreadcrumbList\",\"@id\":\"https:\/\/agenciainfra.com\/blog\/senado-pauta-mp-1-300-para-quarta-17-camara-deve-votar-na-terca-16\/#breadcrumb\",\"itemListElement\":[{\"@type\":\"ListItem\",\"position\":1,\"name\":\"In\u00edcio\",\"item\":\"https:\/\/agenciainfra.com\/blog\/\"},{\"@type\":\"ListItem\",\"position\":2,\"name\":\"Senado pauta MP 1.300 para quarta (17); C\u00e2mara deve votar na ter\u00e7a (16)\"}]},{\"@type\":\"WebSite\",\"@id\":\"https:\/\/agenciainfra.com\/blog\/#website\",\"url\":\"https:\/\/agenciainfra.com\/blog\/\",\"name\":\"Ag\u00eancia iNFRA\",\"description\":\"Multiplataforma de informa\u00e7\u00e3o jornal\u00edstica refer\u00eancia na \u00e1rea de infraestrutura no Brasil!\",\"publisher\":{\"@id\":\"https:\/\/agenciainfra.com\/blog\/#organization\"},\"potentialAction\":[{\"@type\":\"SearchAction\",\"target\":{\"@type\":\"EntryPoint\",\"urlTemplate\":\"https:\/\/agenciainfra.com\/blog\/?s={search_term_string}\"},\"query-input\":{\"@type\":\"PropertyValueSpecification\",\"valueRequired\":true,\"valueName\":\"search_term_string\"}}],\"inLanguage\":\"pt-BR\"},{\"@type\":\"Organization\",\"@id\":\"https:\/\/agenciainfra.com\/blog\/#organization\",\"name\":\"Ag\u00eancia iNFRA\",\"url\":\"https:\/\/agenciainfra.com\/blog\/\",\"logo\":{\"@type\":\"ImageObject\",\"inLanguage\":\"pt-BR\",\"@id\":\"https:\/\/agenciainfra.com\/blog\/#\/schema\/logo\/image\/\",\"url\":\"https:\/\/agenciainfra.com\/blog\/wp-content\/uploads\/2023\/09\/iNFRA_5-e1761735885940.png\",\"contentUrl\":\"https:\/\/agenciainfra.com\/blog\/wp-content\/uploads\/2023\/09\/iNFRA_5-e1761735885940.png\",\"width\":1672,\"height\":454,\"caption\":\"Ag\u00eancia iNFRA\"},\"image\":{\"@id\":\"https:\/\/agenciainfra.com\/blog\/#\/schema\/logo\/image\/\"},\"sameAs\":[\"https:\/\/www.facebook.com\/ageninfra\",\"https:\/\/x.com\/agencia_infra\",\"https:\/\/www.linkedin.com\/company\/ag\u00eanciainfra\/\",\"https:\/\/www.instagram.com\/agenciainfra\/\"]},{\"@type\":\"Person\",\"@id\":\"https:\/\/agenciainfra.com\/blog\/#\/schema\/person\/34af08dff6adea4cb22b06612ba7acfa\",\"name\":\"Ag\u00eancia iNFRA\",\"image\":{\"@type\":\"ImageObject\",\"inLanguage\":\"pt-BR\",\"@id\":\"https:\/\/agenciainfra.com\/blog\/#\/schema\/person\/image\/\",\"url\":\"https:\/\/secure.gravatar.com\/avatar\/d189e01678f06d8eb84d4e01f08eb848b3fffe3f8443818d3c356c66892f5be8?s=96&d=mm&r=g\",\"contentUrl\":\"https:\/\/secure.gravatar.com\/avatar\/d189e01678f06d8eb84d4e01f08eb848b3fffe3f8443818d3c356c66892f5be8?s=96&d=mm&r=g\",\"caption\":\"Ag\u00eancia iNFRA\"},\"url\":\"https:\/\/agenciainfra.com\/blog\/author\/admin\/\"}]}<\/script>\n<!-- \/ Yoast SEO Premium plugin. -->","yoast_head_json":{"title":"Senado pauta MP 1.300 para quarta (17); C\u00e2mara deve votar na ter\u00e7a (16) - Ag\u00eancia iNFRA","robots":{"index":"index","follow":"follow","max-snippet":"max-snippet:-1","max-image-preview":"max-image-preview:large","max-video-preview":"max-video-preview:-1"},"canonical":"https:\/\/agenciainfra.com\/blog\/senado-pauta-mp-1-300-para-quarta-17-camara-deve-votar-na-terca-16\/","og_locale":"pt_BR","og_type":"article","og_title":"Senado pauta MP 1.300 para quarta (17); C\u00e2mara deve votar na ter\u00e7a (16)","og_description":"da Ag\u00eancia iNFRA O Senado pautou a MP (Medida Provis\u00f3ria) 1.300\/2025, que amplia a tarifa social de energia, para vota\u00e7\u00e3o em plen\u00e1rio nesta quarta-feira (17), com pend\u00eancia de aprova\u00e7\u00e3o anterior na C\u00e2mara dos Deputados. Segundo fontes, a medida deve ser votada no plen\u00e1rio da C\u00e2mara nesta ter\u00e7a-feira (16), mas a pauta ainda n\u00e3o foi divulgada. [&hellip;]","og_url":"https:\/\/agenciainfra.com\/blog\/senado-pauta-mp-1-300-para-quarta-17-camara-deve-votar-na-terca-16\/","og_site_name":"Ag\u00eancia iNFRA","article_publisher":"https:\/\/www.facebook.com\/ageninfra","article_published_time":"2025-09-15T14:54:33+00:00","article_modified_time":"2025-09-16T13:46:41+00:00","og_image":[{"width":1202,"height":753,"url":"https:\/\/agenciainfra.com\/blog\/wp-content\/uploads\/2024\/08\/fachada-congresso-nacional-foto-antonio-cruz-agencia-brasil-3-e1748341279943.jpg","type":"image\/jpeg"}],"author":"Ag\u00eancia iNFRA","twitter_card":"summary_large_image","twitter_creator":"@agencia_infra","twitter_site":"@agencia_infra","twitter_misc":{"Escrito por":"Ag\u00eancia iNFRA","Est. tempo de leitura":"1 minuto"},"schema":{"@context":"https:\/\/schema.org","@graph":[{"@type":"Article","@id":"https:\/\/agenciainfra.com\/blog\/senado-pauta-mp-1-300-para-quarta-17-camara-deve-votar-na-terca-16\/#article","isPartOf":{"@id":"https:\/\/agenciainfra.com\/blog\/senado-pauta-mp-1-300-para-quarta-17-camara-deve-votar-na-terca-16\/"},"author":{"name":"Ag\u00eancia iNFRA","@id":"https:\/\/agenciainfra.com\/blog\/#\/schema\/person\/34af08dff6adea4cb22b06612ba7acfa"},"headline":"Senado pauta MP 1.300 para quarta (17); C\u00e2mara deve votar na ter\u00e7a (16)","datePublished":"2025-09-15T14:54:33+00:00","dateModified":"2025-09-16T13:46:41+00:00","mainEntityOfPage":{"@id":"https:\/\/agenciainfra.com\/blog\/senado-pauta-mp-1-300-para-quarta-17-camara-deve-votar-na-terca-16\/"},"wordCount":119,"publisher":{"@id":"https:\/\/agenciainfra.com\/blog\/#organization"},"image":{"@id":"https:\/\/agenciainfra.com\/blog\/senado-pauta-mp-1-300-para-quarta-17-camara-deve-votar-na-terca-16\/#primaryimage"},"thumbnailUrl":"https:\/\/agenciainfra.com\/blog\/wp-content\/uploads\/2024\/08\/fachada-congresso-nacional-foto-antonio-cruz-agencia-brasil-3-e1748341279943.jpg","keywords":["ANEEL","C\u00e2mara dos Deputados","GSF","Medida Provis\u00f3ria","mp 1.300","MP da Tarifa Social","Senado Federal","Tarifa Social de Energia El\u00e9trica","tarifas diferenciadas"],"articleSection":["Geral","iNFRAEnergia"],"inLanguage":"pt-BR","copyrightYear":"2025","copyrightHolder":{"@id":"https:\/\/agenciainfra.com\/blog\/#organization"}},{"@type":"WebPage","@id":"https:\/\/agenciainfra.com\/blog\/senado-pauta-mp-1-300-para-quarta-17-camara-deve-votar-na-terca-16\/","url":"https:\/\/agenciainfra.com\/blog\/senado-pauta-mp-1-300-para-quarta-17-camara-deve-votar-na-terca-16\/","name":"Senado pauta MP 1.300 para quarta (17); C\u00e2mara deve votar na ter\u00e7a (16) - Ag\u00eancia iNFRA","isPartOf":{"@id":"https:\/\/agenciainfra.com\/blog\/#website"},"primaryImageOfPage":{"@id":"https:\/\/agenciainfra.com\/blog\/senado-pauta-mp-1-300-para-quarta-17-camara-deve-votar-na-terca-16\/#primaryimage"},"image":{"@id":"https:\/\/agenciainfra.com\/blog\/senado-pauta-mp-1-300-para-quarta-17-camara-deve-votar-na-terca-16\/#primaryimage"},"thumbnailUrl":"https:\/\/agenciainfra.com\/blog\/wp-content\/uploads\/2024\/08\/fachada-congresso-nacional-foto-antonio-cruz-agencia-brasil-3-e1748341279943.jpg","datePublished":"2025-09-15T14:54:33+00:00","dateModified":"2025-09-16T13:46:41+00:00","breadcrumb":{"@id":"https:\/\/agenciainfra.com\/blog\/senado-pauta-mp-1-300-para-quarta-17-camara-deve-votar-na-terca-16\/#breadcrumb"},"inLanguage":"pt-BR","potentialAction":[{"@type":"ReadAction","target":["https:\/\/agenciainfra.com\/blog\/senado-pauta-mp-1-300-para-quarta-17-camara-deve-votar-na-terca-16\/"]}]},{"@type":"ImageObject","inLanguage":"pt-BR","@id":"https:\/\/agenciainfra.com\/blog\/senado-pauta-mp-1-300-para-quarta-17-camara-deve-votar-na-terca-16\/#primaryimage","url":"https:\/\/agenciainfra.com\/blog\/wp-content\/uploads\/2024\/08\/fachada-congresso-nacional-foto-antonio-cruz-agencia-brasil-3-e1748341279943.jpg","contentUrl":"https:\/\/agenciainfra.com\/blog\/wp-content\/uploads\/2024\/08\/fachada-congresso-nacional-foto-antonio-cruz-agencia-brasil-3-e1748341279943.jpg","width":1202,"height":753,"caption":"Foto: Ant\u00f4nio Cruz\/Ag\u00eancia Brasil"},{"@type":"BreadcrumbList","@id":"https:\/\/agenciainfra.com\/blog\/senado-pauta-mp-1-300-para-quarta-17-camara-deve-votar-na-terca-16\/#breadcrumb","itemListElement":[{"@type":"ListItem","position":1,"name":"In\u00edcio","item":"https:\/\/agenciainfra.com\/blog\/"},{"@type":"ListItem","position":2,"name":"Senado pauta MP 1.300 para quarta (17); C\u00e2mara deve votar na ter\u00e7a (16)"}]},{"@type":"WebSite","@id":"https:\/\/agenciainfra.com\/blog\/#website","url":"https:\/\/agenciainfra.com\/blog\/","name":"Ag\u00eancia iNFRA","description":"Multiplataforma de informa\u00e7\u00e3o jornal\u00edstica refer\u00eancia na \u00e1rea de infraestrutura no Brasil!","publisher":{"@id":"https:\/\/agenciainfra.com\/blog\/#organization"},"potentialAction":[{"@type":"SearchAction","target":{"@type":"EntryPoint","urlTemplate":"https:\/\/agenciainfra.com\/blog\/?s={search_term_string}"},"query-input":{"@type":"PropertyValueSpecification","valueRequired":true,"valueName":"search_term_string"}}],"inLanguage":"pt-BR"},{"@type":"Organization","@id":"https:\/\/agenciainfra.com\/blog\/#organization","name":"Ag\u00eancia iNFRA","url":"https:\/\/agenciainfra.com\/blog\/","logo":{"@type":"ImageObject","inLanguage":"pt-BR","@id":"https:\/\/agenciainfra.com\/blog\/#\/schema\/logo\/image\/","url":"https:\/\/agenciainfra.com\/blog\/wp-content\/uploads\/2023\/09\/iNFRA_5-e1761735885940.png","contentUrl":"https:\/\/agenciainfra.com\/blog\/wp-content\/uploads\/2023\/09\/iNFRA_5-e1761735885940.png","width":1672,"height":454,"caption":"Ag\u00eancia iNFRA"},"image":{"@id":"https:\/\/agenciainfra.com\/blog\/#\/schema\/logo\/image\/"},"sameAs":["https:\/\/www.facebook.com\/ageninfra","https:\/\/x.com\/agencia_infra","https:\/\/www.linkedin.com\/company\/ag\u00eanciainfra\/","https:\/\/www.instagram.com\/agenciainfra\/"]},{"@type":"Person","@id":"https:\/\/agenciainfra.com\/blog\/#\/schema\/person\/34af08dff6adea4cb22b06612ba7acfa","name":"Ag\u00eancia iNFRA","image":{"@type":"ImageObject","inLanguage":"pt-BR","@id":"https:\/\/agenciainfra.com\/blog\/#\/schema\/person\/image\/","url":"https:\/\/secure.gravatar.com\/avatar\/d189e01678f06d8eb84d4e01f08eb848b3fffe3f8443818d3c356c66892f5be8?s=96&d=mm&r=g","contentUrl":"https:\/\/secure.gravatar.com\/avatar\/d189e01678f06d8eb84d4e01f08eb848b3fffe3f8443818d3c356c66892f5be8?s=96&d=mm&r=g","caption":"Ag\u00eancia iNFRA"},"url":"https:\/\/agenciainfra.com\/blog\/author\/admin\/"}]}},"_links":{"self":[{"href":"https:\/\/agenciainfra.com\/blog\/wp-json\/wp\/v2\/posts\/27725","targetHints":{"allow":["GET"]}}],"collection":[{"href":"https:\/\/agenciainfra.com\/blog\/wp-json\/wp\/v2\/posts"}],"about":[{"href":"https:\/\/agenciainfra.com\/blog\/wp-json\/wp\/v2\/types\/post"}],"author":[{"embeddable":true,"href":"https:\/\/agenciainfra.com\/blog\/wp-json\/wp\/v2\/users\/1"}],"replies":[{"embeddable":true,"href":"https:\/\/agenciainfra.com\/blog\/wp-json\/wp\/v2\/comments?post=27725"}],"version-history":[{"count":1,"href":"https:\/\/agenciainfra.com\/blog\/wp-json\/wp\/v2\/posts\/27725\/revisions"}],"predecessor-version":[{"id":27727,"href":"https:\/\/agenciainfra.com\/blog\/wp-json\/wp\/v2\/posts\/27725\/revisions\/27727"}],"wp:featuredmedia":[{"embeddable":true,"href":"https:\/\/agenciainfra.com\/blog\/wp-json\/wp\/v2\/media\/18248"}],"wp:attachment":[{"href":"https:\/\/agenciainfra.com\/blog\/wp-json\/wp\/v2\/media?parent=27725"}],"wp:term":[{"taxonomy":"category","embeddable":true,"href":"https:\/\/agenciainfra.com\/blog\/wp-json\/wp\/v2\/categories?post=27725"},{"taxonomy":"post_tag","embeddable":true,"href":"https:\/\/agenciainfra.com\/blog\/wp-json\/wp\/v2\/tags?post=27725"}],"curies":[{"name":"wp","href":"https:\/\/api.w.org\/{rel}","templated":true}]}}