{"id":27738,"date":"2025-09-15T13:54:20","date_gmt":"2025-09-15T16:54:20","guid":{"rendered":"https:\/\/agenciainfra.com\/blog\/?p=27738"},"modified":"2025-09-16T11:02:06","modified_gmt":"2025-09-16T14:02:06","slug":"abegas-defende-exigencia-de-conexao-com-malha-de-distribuidoras-para-projetos-do-lrcap","status":"publish","type":"post","link":"https:\/\/agenciainfra.com\/blog\/abegas-defende-exigencia-de-conexao-com-malha-de-distribuidoras-para-projetos-do-lrcap\/","title":{"rendered":"Abeg\u00e1s defende conex\u00e3o de t\u00e9rmicas a gasodutos para projetos do LRCAP"},"content":{"rendered":"\n<p class=\"has-text-align-right\"><strong>Gabriel Vasconcelos e Marisa Wanzeller, da Ag\u00eancia iNFRA<\/strong><\/p>\n\n\n\n<p>A Abeg\u00e1s (Associa\u00e7\u00e3o Brasileira das Empresas Distribuidoras de G\u00e1s Canalizado) pleiteia que seja exigido dos proponentes de termel\u00e9tricas no LRCAP (Leil\u00e3o de Reserva de Capacidade em forma de Pot\u00eancia) um &#8220;parecer ou documento equivalente&#8221; que ateste o acesso \u00e0s malhas de distribui\u00e7\u00e3o de g\u00e1s natural. O pedido consta de consulta p\u00fablica promovida pelo MME (Minist\u00e9rio de Minas e Energia) sobre o leil\u00e3o previsto para mar\u00e7o de 2026, que se encerrou \u00e0 meia-noite de sexta-feira (12).<\/p>\n\n\n\n<p>Na pr\u00e1tica, a Abeg\u00e1s volta a tocar em um ponto hoje considerado superado pelo governo para este leil\u00e3o: a necessidade de conex\u00e3o ou n\u00e3o dos projetos de t\u00e9rmel\u00e9tricas \u00e0 rede de gasodutos. Fontes do governo disseram \u00e0 <strong>Ag\u00eancia iNFRA<\/strong> que o pedido &#8220;faz pouco sentido&#8221;, j\u00e1 que a inclus\u00e3o dessa condicionante excluiria da disputa projetos desconectados da malha de gasodutos por op\u00e7\u00e3o de neg\u00f3cio ou aqueles pensados para \u00e1reas onde n\u00e3o h\u00e1 malha de distribui\u00e7\u00e3o, como acontece no Norte do pa\u00eds.<\/p>\n\n\n\n<p>Em nota, o presidente da Abeg\u00e1s, Marcelo Mendon\u00e7a, diz que o pleito &#8220;visa refor\u00e7ar que os empreendimentos termel\u00e9tricos que se qualifiquem para o leil\u00e3o cumpram as exig\u00eancias t\u00e9cnicas necess\u00e1rias, garantindo que a movimenta\u00e7\u00e3o da mol\u00e9cula at\u00e9 o empreendimento seja feita pelas distribuidoras de g\u00e1s canalizado, impedindo o &#8216;bypass&#8217; e resguardando a harmoniza\u00e7\u00e3o regulat\u00f3ria do setor&#8221;.<\/p>\n\n\n\n<p>Segundo Mendon\u00e7a, garantir a conex\u00e3o de termel\u00e9tricas aprovadas no certame ao sistema de distribui\u00e7\u00e3o de g\u00e1s aumenta o volume de insumo que circula nas malhas e resulta em modicidade tarif\u00e1ria para os usu\u00e1rios.<\/p>\n\n\n\n<p>A quest\u00e3o da conex\u00e3o \u00e0 malha de gasodutos j\u00e1 esteve no cerne de uma disputa entre transportadoras de g\u00e1s e empresas donas de projetos desconectados ou \u00e0 GNL (G\u00e1s Natural Liquefeito), como a Eneva, sobre o modelo de pagamento das tarifas de transporte do g\u00e1s natural a ser usado nos projetos de usinas termel\u00e9tricas. Isso levou \u00e0 divis\u00e3o do leil\u00e3o por produtos, o que acalmou as partes.<\/p>\n\n\n\n<p>Agora, em seu pedido, a Abeg\u00e1s se inspira no artigo 4\u00ba do par\u00e1grafo 3\u00ba da Portaria 102\/2016 do MME, segundo o qual esse parecer deve ter sido emitido por distribuidoras de g\u00e1s, no m\u00e1ximo, seis meses antes da data de cadastramento na EPE (Empresa de Pesquisa Energ\u00e9tica).<\/p>\n","protected":false},"excerpt":{"rendered":"<p>Gabriel Vasconcelos e Marisa Wanzeller, da Ag\u00eancia iNFRA A Abeg\u00e1s (Associa\u00e7\u00e3o Brasileira das Empresas Distribuidoras de G\u00e1s Canalizado) pleiteia que seja exigido dos proponentes de termel\u00e9tricas no LRCAP (Leil\u00e3o de Reserva de Capacidade em forma de Pot\u00eancia) um &#8220;parecer ou documento equivalente&#8221; que ateste o acesso \u00e0s malhas de distribui\u00e7\u00e3o de g\u00e1s natural. O pedido [&hellip;]<\/p>\n","protected":false},"author":1,"featured_media":7088,"comment_status":"closed","ping_status":"closed","sticky":false,"template":"","format":"standard","meta":{"_monsterinsights_skip_tracking":false,"_monsterinsights_sitenote_active":false,"_monsterinsights_sitenote_note":"","_monsterinsights_sitenote_category":0,"footnotes":""},"categories":[7250,1,13271],"tags":[1150,950,13251,882,341,9822,7366,71,1154],"class_list":["post-27738","post","type-post","status-publish","format-standard","has-post-thumbnail","hentry","category-destaque-lista","category-geral","category-oleo-gas","tag-abegas","tag-distribuicao-de-gas","tag-gabriel-vasconcelos","tag-gas-natural","tag-gasodutos","tag-lrcap","tag-marisa-wanzeller","tag-mme","tag-termeletricas"],"yoast_head":"<!-- This site is optimized with the Yoast SEO Premium plugin v25.4 (Yoast SEO v26.0) - https:\/\/yoast.com\/wordpress\/plugins\/seo\/ -->\n<title>Abeg\u00e1s defende conex\u00e3o de t\u00e9rmicas a gasodutos para projetos do LRCAP - Ag\u00eancia iNFRA<\/title>\n<meta name=\"robots\" content=\"index, follow, max-snippet:-1, max-image-preview:large, max-video-preview:-1\" \/>\n<link rel=\"canonical\" href=\"https:\/\/agenciainfra.com\/blog\/abegas-defende-exigencia-de-conexao-com-malha-de-distribuidoras-para-projetos-do-lrcap\/\" \/>\n<meta property=\"og:locale\" content=\"pt_BR\" \/>\n<meta property=\"og:type\" content=\"article\" \/>\n<meta property=\"og:title\" content=\"Abeg\u00e1s defende conex\u00e3o de t\u00e9rmicas a gasodutos para projetos do LRCAP\" \/>\n<meta property=\"og:description\" content=\"Gabriel Vasconcelos e Marisa Wanzeller, da Ag\u00eancia iNFRA A Abeg\u00e1s (Associa\u00e7\u00e3o Brasileira das Empresas Distribuidoras de G\u00e1s Canalizado) pleiteia que seja exigido dos proponentes de termel\u00e9tricas no LRCAP (Leil\u00e3o de Reserva de Capacidade em forma de Pot\u00eancia) um &#8220;parecer ou documento equivalente&#8221; que ateste o acesso \u00e0s malhas de distribui\u00e7\u00e3o de g\u00e1s natural. O pedido [&hellip;]\" \/>\n<meta property=\"og:url\" content=\"https:\/\/agenciainfra.com\/blog\/abegas-defende-exigencia-de-conexao-com-malha-de-distribuidoras-para-projetos-do-lrcap\/\" \/>\n<meta property=\"og:site_name\" content=\"Ag\u00eancia iNFRA\" \/>\n<meta property=\"article:publisher\" content=\"https:\/\/www.facebook.com\/ageninfra\" \/>\n<meta property=\"article:published_time\" content=\"2025-09-15T16:54:20+00:00\" \/>\n<meta property=\"article:modified_time\" content=\"2025-09-16T14:02:06+00:00\" \/>\n<meta property=\"og:image\" content=\"https:\/\/agenciainfra.com\/blog\/wp-content\/uploads\/2021\/04\/gas-natural-foto-agencia-brasil.png\" \/>\n\t<meta property=\"og:image:width\" content=\"1280\" \/>\n\t<meta property=\"og:image:height\" content=\"678\" \/>\n\t<meta property=\"og:image:type\" content=\"image\/png\" \/>\n<meta name=\"author\" content=\"Ag\u00eancia iNFRA\" \/>\n<meta name=\"twitter:card\" content=\"summary_large_image\" \/>\n<meta name=\"twitter:creator\" content=\"@agencia_infra\" \/>\n<meta name=\"twitter:site\" content=\"@agencia_infra\" \/>\n<meta name=\"twitter:label1\" content=\"Escrito por\" \/>\n\t<meta name=\"twitter:data1\" content=\"Ag\u00eancia iNFRA\" \/>\n\t<meta name=\"twitter:label2\" content=\"Est. tempo de leitura\" \/>\n\t<meta name=\"twitter:data2\" content=\"2 minutos\" \/>\n<script type=\"application\/ld+json\" class=\"yoast-schema-graph\">{\"@context\":\"https:\/\/schema.org\",\"@graph\":[{\"@type\":\"Article\",\"@id\":\"https:\/\/agenciainfra.com\/blog\/abegas-defende-exigencia-de-conexao-com-malha-de-distribuidoras-para-projetos-do-lrcap\/#article\",\"isPartOf\":{\"@id\":\"https:\/\/agenciainfra.com\/blog\/abegas-defende-exigencia-de-conexao-com-malha-de-distribuidoras-para-projetos-do-lrcap\/\"},\"author\":{\"name\":\"Ag\u00eancia iNFRA\",\"@id\":\"https:\/\/agenciainfra.com\/blog\/#\/schema\/person\/34af08dff6adea4cb22b06612ba7acfa\"},\"headline\":\"Abeg\u00e1s defende conex\u00e3o de t\u00e9rmicas a gasodutos para projetos do LRCAP\",\"datePublished\":\"2025-09-15T16:54:20+00:00\",\"dateModified\":\"2025-09-16T14:02:06+00:00\",\"mainEntityOfPage\":{\"@id\":\"https:\/\/agenciainfra.com\/blog\/abegas-defende-exigencia-de-conexao-com-malha-de-distribuidoras-para-projetos-do-lrcap\/\"},\"wordCount\":429,\"publisher\":{\"@id\":\"https:\/\/agenciainfra.com\/blog\/#organization\"},\"image\":{\"@id\":\"https:\/\/agenciainfra.com\/blog\/abegas-defende-exigencia-de-conexao-com-malha-de-distribuidoras-para-projetos-do-lrcap\/#primaryimage\"},\"thumbnailUrl\":\"https:\/\/agenciainfra.com\/blog\/wp-content\/uploads\/2021\/04\/gas-natural-foto-agencia-brasil.png\",\"keywords\":[\"Abeg\u00e1s\",\"distribui\u00e7\u00e3o de g\u00e1s\",\"Gabriel Vasconcelos\",\"g\u00e1s natural\",\"gasodutos\",\"LRCAP\",\"Marisa Wanzeller\",\"MME\",\"termel\u00e9tricas\"],\"articleSection\":[\"Destaque lista\",\"Geral\",\"\u00d3leo &amp; G\u00e1s\"],\"inLanguage\":\"pt-BR\",\"copyrightYear\":\"2025\",\"copyrightHolder\":{\"@id\":\"https:\/\/agenciainfra.com\/blog\/#organization\"}},{\"@type\":\"WebPage\",\"@id\":\"https:\/\/agenciainfra.com\/blog\/abegas-defende-exigencia-de-conexao-com-malha-de-distribuidoras-para-projetos-do-lrcap\/\",\"url\":\"https:\/\/agenciainfra.com\/blog\/abegas-defende-exigencia-de-conexao-com-malha-de-distribuidoras-para-projetos-do-lrcap\/\",\"name\":\"Abeg\u00e1s defende conex\u00e3o de t\u00e9rmicas a gasodutos para projetos do LRCAP - Ag\u00eancia iNFRA\",\"isPartOf\":{\"@id\":\"https:\/\/agenciainfra.com\/blog\/#website\"},\"primaryImageOfPage\":{\"@id\":\"https:\/\/agenciainfra.com\/blog\/abegas-defende-exigencia-de-conexao-com-malha-de-distribuidoras-para-projetos-do-lrcap\/#primaryimage\"},\"image\":{\"@id\":\"https:\/\/agenciainfra.com\/blog\/abegas-defende-exigencia-de-conexao-com-malha-de-distribuidoras-para-projetos-do-lrcap\/#primaryimage\"},\"thumbnailUrl\":\"https:\/\/agenciainfra.com\/blog\/wp-content\/uploads\/2021\/04\/gas-natural-foto-agencia-brasil.png\",\"datePublished\":\"2025-09-15T16:54:20+00:00\",\"dateModified\":\"2025-09-16T14:02:06+00:00\",\"breadcrumb\":{\"@id\":\"https:\/\/agenciainfra.com\/blog\/abegas-defende-exigencia-de-conexao-com-malha-de-distribuidoras-para-projetos-do-lrcap\/#breadcrumb\"},\"inLanguage\":\"pt-BR\",\"potentialAction\":[{\"@type\":\"ReadAction\",\"target\":[\"https:\/\/agenciainfra.com\/blog\/abegas-defende-exigencia-de-conexao-com-malha-de-distribuidoras-para-projetos-do-lrcap\/\"]}]},{\"@type\":\"ImageObject\",\"inLanguage\":\"pt-BR\",\"@id\":\"https:\/\/agenciainfra.com\/blog\/abegas-defende-exigencia-de-conexao-com-malha-de-distribuidoras-para-projetos-do-lrcap\/#primaryimage\",\"url\":\"https:\/\/agenciainfra.com\/blog\/wp-content\/uploads\/2021\/04\/gas-natural-foto-agencia-brasil.png\",\"contentUrl\":\"https:\/\/agenciainfra.com\/blog\/wp-content\/uploads\/2021\/04\/gas-natural-foto-agencia-brasil.png\",\"width\":1280,\"height\":678,\"caption\":\"Foto: Ag\u00eancia Brasil\"},{\"@type\":\"BreadcrumbList\",\"@id\":\"https:\/\/agenciainfra.com\/blog\/abegas-defende-exigencia-de-conexao-com-malha-de-distribuidoras-para-projetos-do-lrcap\/#breadcrumb\",\"itemListElement\":[{\"@type\":\"ListItem\",\"position\":1,\"name\":\"In\u00edcio\",\"item\":\"https:\/\/agenciainfra.com\/blog\/\"},{\"@type\":\"ListItem\",\"position\":2,\"name\":\"Abeg\u00e1s defende conex\u00e3o de t\u00e9rmicas a gasodutos para projetos do LRCAP\"}]},{\"@type\":\"WebSite\",\"@id\":\"https:\/\/agenciainfra.com\/blog\/#website\",\"url\":\"https:\/\/agenciainfra.com\/blog\/\",\"name\":\"Ag\u00eancia iNFRA\",\"description\":\"Multiplataforma de informa\u00e7\u00e3o jornal\u00edstica refer\u00eancia na \u00e1rea de infraestrutura no Brasil!\",\"publisher\":{\"@id\":\"https:\/\/agenciainfra.com\/blog\/#organization\"},\"potentialAction\":[{\"@type\":\"SearchAction\",\"target\":{\"@type\":\"EntryPoint\",\"urlTemplate\":\"https:\/\/agenciainfra.com\/blog\/?s={search_term_string}\"},\"query-input\":{\"@type\":\"PropertyValueSpecification\",\"valueRequired\":true,\"valueName\":\"search_term_string\"}}],\"inLanguage\":\"pt-BR\"},{\"@type\":\"Organization\",\"@id\":\"https:\/\/agenciainfra.com\/blog\/#organization\",\"name\":\"Ag\u00eancia iNFRA\",\"url\":\"https:\/\/agenciainfra.com\/blog\/\",\"logo\":{\"@type\":\"ImageObject\",\"inLanguage\":\"pt-BR\",\"@id\":\"https:\/\/agenciainfra.com\/blog\/#\/schema\/logo\/image\/\",\"url\":\"https:\/\/agenciainfra.com\/blog\/wp-content\/uploads\/2023\/09\/iNFRA_5-e1761735885940.png\",\"contentUrl\":\"https:\/\/agenciainfra.com\/blog\/wp-content\/uploads\/2023\/09\/iNFRA_5-e1761735885940.png\",\"width\":1672,\"height\":454,\"caption\":\"Ag\u00eancia iNFRA\"},\"image\":{\"@id\":\"https:\/\/agenciainfra.com\/blog\/#\/schema\/logo\/image\/\"},\"sameAs\":[\"https:\/\/www.facebook.com\/ageninfra\",\"https:\/\/x.com\/agencia_infra\",\"https:\/\/www.linkedin.com\/company\/ag\u00eanciainfra\/\",\"https:\/\/www.instagram.com\/agenciainfra\/\"]},{\"@type\":\"Person\",\"@id\":\"https:\/\/agenciainfra.com\/blog\/#\/schema\/person\/34af08dff6adea4cb22b06612ba7acfa\",\"name\":\"Ag\u00eancia iNFRA\",\"image\":{\"@type\":\"ImageObject\",\"inLanguage\":\"pt-BR\",\"@id\":\"https:\/\/agenciainfra.com\/blog\/#\/schema\/person\/image\/\",\"url\":\"https:\/\/secure.gravatar.com\/avatar\/d189e01678f06d8eb84d4e01f08eb848b3fffe3f8443818d3c356c66892f5be8?s=96&d=mm&r=g\",\"contentUrl\":\"https:\/\/secure.gravatar.com\/avatar\/d189e01678f06d8eb84d4e01f08eb848b3fffe3f8443818d3c356c66892f5be8?s=96&d=mm&r=g\",\"caption\":\"Ag\u00eancia iNFRA\"},\"url\":\"https:\/\/agenciainfra.com\/blog\/author\/admin\/\"}]}<\/script>\n<!-- \/ Yoast SEO Premium plugin. -->","yoast_head_json":{"title":"Abeg\u00e1s defende conex\u00e3o de t\u00e9rmicas a gasodutos para projetos do LRCAP - Ag\u00eancia iNFRA","robots":{"index":"index","follow":"follow","max-snippet":"max-snippet:-1","max-image-preview":"max-image-preview:large","max-video-preview":"max-video-preview:-1"},"canonical":"https:\/\/agenciainfra.com\/blog\/abegas-defende-exigencia-de-conexao-com-malha-de-distribuidoras-para-projetos-do-lrcap\/","og_locale":"pt_BR","og_type":"article","og_title":"Abeg\u00e1s defende conex\u00e3o de t\u00e9rmicas a gasodutos para projetos do LRCAP","og_description":"Gabriel Vasconcelos e Marisa Wanzeller, da Ag\u00eancia iNFRA A Abeg\u00e1s (Associa\u00e7\u00e3o Brasileira das Empresas Distribuidoras de G\u00e1s Canalizado) pleiteia que seja exigido dos proponentes de termel\u00e9tricas no LRCAP (Leil\u00e3o de Reserva de Capacidade em forma de Pot\u00eancia) um &#8220;parecer ou documento equivalente&#8221; que ateste o acesso \u00e0s malhas de distribui\u00e7\u00e3o de g\u00e1s natural. O pedido [&hellip;]","og_url":"https:\/\/agenciainfra.com\/blog\/abegas-defende-exigencia-de-conexao-com-malha-de-distribuidoras-para-projetos-do-lrcap\/","og_site_name":"Ag\u00eancia iNFRA","article_publisher":"https:\/\/www.facebook.com\/ageninfra","article_published_time":"2025-09-15T16:54:20+00:00","article_modified_time":"2025-09-16T14:02:06+00:00","og_image":[{"width":1280,"height":678,"url":"https:\/\/agenciainfra.com\/blog\/wp-content\/uploads\/2021\/04\/gas-natural-foto-agencia-brasil.png","type":"image\/png"}],"author":"Ag\u00eancia iNFRA","twitter_card":"summary_large_image","twitter_creator":"@agencia_infra","twitter_site":"@agencia_infra","twitter_misc":{"Escrito por":"Ag\u00eancia iNFRA","Est. tempo de leitura":"2 minutos"},"schema":{"@context":"https:\/\/schema.org","@graph":[{"@type":"Article","@id":"https:\/\/agenciainfra.com\/blog\/abegas-defende-exigencia-de-conexao-com-malha-de-distribuidoras-para-projetos-do-lrcap\/#article","isPartOf":{"@id":"https:\/\/agenciainfra.com\/blog\/abegas-defende-exigencia-de-conexao-com-malha-de-distribuidoras-para-projetos-do-lrcap\/"},"author":{"name":"Ag\u00eancia iNFRA","@id":"https:\/\/agenciainfra.com\/blog\/#\/schema\/person\/34af08dff6adea4cb22b06612ba7acfa"},"headline":"Abeg\u00e1s defende conex\u00e3o de t\u00e9rmicas a gasodutos para projetos do LRCAP","datePublished":"2025-09-15T16:54:20+00:00","dateModified":"2025-09-16T14:02:06+00:00","mainEntityOfPage":{"@id":"https:\/\/agenciainfra.com\/blog\/abegas-defende-exigencia-de-conexao-com-malha-de-distribuidoras-para-projetos-do-lrcap\/"},"wordCount":429,"publisher":{"@id":"https:\/\/agenciainfra.com\/blog\/#organization"},"image":{"@id":"https:\/\/agenciainfra.com\/blog\/abegas-defende-exigencia-de-conexao-com-malha-de-distribuidoras-para-projetos-do-lrcap\/#primaryimage"},"thumbnailUrl":"https:\/\/agenciainfra.com\/blog\/wp-content\/uploads\/2021\/04\/gas-natural-foto-agencia-brasil.png","keywords":["Abeg\u00e1s","distribui\u00e7\u00e3o de g\u00e1s","Gabriel Vasconcelos","g\u00e1s natural","gasodutos","LRCAP","Marisa Wanzeller","MME","termel\u00e9tricas"],"articleSection":["Destaque lista","Geral","\u00d3leo &amp; G\u00e1s"],"inLanguage":"pt-BR","copyrightYear":"2025","copyrightHolder":{"@id":"https:\/\/agenciainfra.com\/blog\/#organization"}},{"@type":"WebPage","@id":"https:\/\/agenciainfra.com\/blog\/abegas-defende-exigencia-de-conexao-com-malha-de-distribuidoras-para-projetos-do-lrcap\/","url":"https:\/\/agenciainfra.com\/blog\/abegas-defende-exigencia-de-conexao-com-malha-de-distribuidoras-para-projetos-do-lrcap\/","name":"Abeg\u00e1s defende conex\u00e3o de t\u00e9rmicas a gasodutos para projetos do LRCAP - Ag\u00eancia iNFRA","isPartOf":{"@id":"https:\/\/agenciainfra.com\/blog\/#website"},"primaryImageOfPage":{"@id":"https:\/\/agenciainfra.com\/blog\/abegas-defende-exigencia-de-conexao-com-malha-de-distribuidoras-para-projetos-do-lrcap\/#primaryimage"},"image":{"@id":"https:\/\/agenciainfra.com\/blog\/abegas-defende-exigencia-de-conexao-com-malha-de-distribuidoras-para-projetos-do-lrcap\/#primaryimage"},"thumbnailUrl":"https:\/\/agenciainfra.com\/blog\/wp-content\/uploads\/2021\/04\/gas-natural-foto-agencia-brasil.png","datePublished":"2025-09-15T16:54:20+00:00","dateModified":"2025-09-16T14:02:06+00:00","breadcrumb":{"@id":"https:\/\/agenciainfra.com\/blog\/abegas-defende-exigencia-de-conexao-com-malha-de-distribuidoras-para-projetos-do-lrcap\/#breadcrumb"},"inLanguage":"pt-BR","potentialAction":[{"@type":"ReadAction","target":["https:\/\/agenciainfra.com\/blog\/abegas-defende-exigencia-de-conexao-com-malha-de-distribuidoras-para-projetos-do-lrcap\/"]}]},{"@type":"ImageObject","inLanguage":"pt-BR","@id":"https:\/\/agenciainfra.com\/blog\/abegas-defende-exigencia-de-conexao-com-malha-de-distribuidoras-para-projetos-do-lrcap\/#primaryimage","url":"https:\/\/agenciainfra.com\/blog\/wp-content\/uploads\/2021\/04\/gas-natural-foto-agencia-brasil.png","contentUrl":"https:\/\/agenciainfra.com\/blog\/wp-content\/uploads\/2021\/04\/gas-natural-foto-agencia-brasil.png","width":1280,"height":678,"caption":"Foto: Ag\u00eancia Brasil"},{"@type":"BreadcrumbList","@id":"https:\/\/agenciainfra.com\/blog\/abegas-defende-exigencia-de-conexao-com-malha-de-distribuidoras-para-projetos-do-lrcap\/#breadcrumb","itemListElement":[{"@type":"ListItem","position":1,"name":"In\u00edcio","item":"https:\/\/agenciainfra.com\/blog\/"},{"@type":"ListItem","position":2,"name":"Abeg\u00e1s defende conex\u00e3o de t\u00e9rmicas a gasodutos para projetos do LRCAP"}]},{"@type":"WebSite","@id":"https:\/\/agenciainfra.com\/blog\/#website","url":"https:\/\/agenciainfra.com\/blog\/","name":"Ag\u00eancia iNFRA","description":"Multiplataforma de informa\u00e7\u00e3o jornal\u00edstica refer\u00eancia na \u00e1rea de infraestrutura no Brasil!","publisher":{"@id":"https:\/\/agenciainfra.com\/blog\/#organization"},"potentialAction":[{"@type":"SearchAction","target":{"@type":"EntryPoint","urlTemplate":"https:\/\/agenciainfra.com\/blog\/?s={search_term_string}"},"query-input":{"@type":"PropertyValueSpecification","valueRequired":true,"valueName":"search_term_string"}}],"inLanguage":"pt-BR"},{"@type":"Organization","@id":"https:\/\/agenciainfra.com\/blog\/#organization","name":"Ag\u00eancia iNFRA","url":"https:\/\/agenciainfra.com\/blog\/","logo":{"@type":"ImageObject","inLanguage":"pt-BR","@id":"https:\/\/agenciainfra.com\/blog\/#\/schema\/logo\/image\/","url":"https:\/\/agenciainfra.com\/blog\/wp-content\/uploads\/2023\/09\/iNFRA_5-e1761735885940.png","contentUrl":"https:\/\/agenciainfra.com\/blog\/wp-content\/uploads\/2023\/09\/iNFRA_5-e1761735885940.png","width":1672,"height":454,"caption":"Ag\u00eancia iNFRA"},"image":{"@id":"https:\/\/agenciainfra.com\/blog\/#\/schema\/logo\/image\/"},"sameAs":["https:\/\/www.facebook.com\/ageninfra","https:\/\/x.com\/agencia_infra","https:\/\/www.linkedin.com\/company\/ag\u00eanciainfra\/","https:\/\/www.instagram.com\/agenciainfra\/"]},{"@type":"Person","@id":"https:\/\/agenciainfra.com\/blog\/#\/schema\/person\/34af08dff6adea4cb22b06612ba7acfa","name":"Ag\u00eancia iNFRA","image":{"@type":"ImageObject","inLanguage":"pt-BR","@id":"https:\/\/agenciainfra.com\/blog\/#\/schema\/person\/image\/","url":"https:\/\/secure.gravatar.com\/avatar\/d189e01678f06d8eb84d4e01f08eb848b3fffe3f8443818d3c356c66892f5be8?s=96&d=mm&r=g","contentUrl":"https:\/\/secure.gravatar.com\/avatar\/d189e01678f06d8eb84d4e01f08eb848b3fffe3f8443818d3c356c66892f5be8?s=96&d=mm&r=g","caption":"Ag\u00eancia iNFRA"},"url":"https:\/\/agenciainfra.com\/blog\/author\/admin\/"}]}},"_links":{"self":[{"href":"https:\/\/agenciainfra.com\/blog\/wp-json\/wp\/v2\/posts\/27738","targetHints":{"allow":["GET"]}}],"collection":[{"href":"https:\/\/agenciainfra.com\/blog\/wp-json\/wp\/v2\/posts"}],"about":[{"href":"https:\/\/agenciainfra.com\/blog\/wp-json\/wp\/v2\/types\/post"}],"author":[{"embeddable":true,"href":"https:\/\/agenciainfra.com\/blog\/wp-json\/wp\/v2\/users\/1"}],"replies":[{"embeddable":true,"href":"https:\/\/agenciainfra.com\/blog\/wp-json\/wp\/v2\/comments?post=27738"}],"version-history":[{"count":2,"href":"https:\/\/agenciainfra.com\/blog\/wp-json\/wp\/v2\/posts\/27738\/revisions"}],"predecessor-version":[{"id":27747,"href":"https:\/\/agenciainfra.com\/blog\/wp-json\/wp\/v2\/posts\/27738\/revisions\/27747"}],"wp:featuredmedia":[{"embeddable":true,"href":"https:\/\/agenciainfra.com\/blog\/wp-json\/wp\/v2\/media\/7088"}],"wp:attachment":[{"href":"https:\/\/agenciainfra.com\/blog\/wp-json\/wp\/v2\/media?parent=27738"}],"wp:term":[{"taxonomy":"category","embeddable":true,"href":"https:\/\/agenciainfra.com\/blog\/wp-json\/wp\/v2\/categories?post=27738"},{"taxonomy":"post_tag","embeddable":true,"href":"https:\/\/agenciainfra.com\/blog\/wp-json\/wp\/v2\/tags?post=27738"}],"curies":[{"name":"wp","href":"https:\/\/api.w.org\/{rel}","templated":true}]}}