{"id":27818,"date":"2025-09-17T08:00:00","date_gmt":"2025-09-17T11:00:00","guid":{"rendered":"https:\/\/agenciainfra.com\/blog\/?p=27818"},"modified":"2025-09-17T16:25:43","modified_gmt":"2025-09-17T19:25:43","slug":"contratos-da-fiol-2-serao-fechados-antes-da-concessao-diz-infra-s-a","status":"publish","type":"post","link":"https:\/\/agenciainfra.com\/blog\/contratos-da-fiol-2-serao-fechados-antes-da-concessao-diz-infra-s-a\/","title":{"rendered":"Contratos da Fiol 2 ser\u00e3o fechados antes da concess\u00e3o, diz Infra S.A."},"content":{"rendered":"\n<p class=\"has-text-align-right\"><strong>Dimmi Amora, da Ag\u00eancia iNFRA<\/strong><\/p>\n\n\n\n<p>Todas as obras abandonadas da Fiol 2 (Ferrovia Oeste-Leste), na Bahia, entre Caetit\u00e9 e Barreiras, estar\u00e3o contratadas at\u00e9 o ano que vem e o trecho de cerca de 485 quil\u00f4metros poder\u00e1 estar conclu\u00eddo pelo poder p\u00fablico para a concess\u00e3o.<br><br>\u00c9 o que a Infra S.A. est\u00e1 prometendo ap\u00f3s o lan\u00e7amento neste m\u00eas do edital para a finaliza\u00e7\u00e3o do que era chamado de Lote 5F, com 37 quil\u00f4metros, que conectam a Fiol 2 \u00e0 Fiol 1 \u2013 o trecho que vai de Caetit\u00e9 at\u00e9 o porto em Ilh\u00e9us (BA). Al\u00e9m do edital, a estatal se prepara para contrata\u00e7\u00e3o de \u00faltimo trecho que ainda n\u00e3o tem contrato nessa ferrovia, o que est\u00e1 previsto\u00a0para o primeiro trimestre do ano que vem.<br><br>&#8220;Temos dois lotes contratados em obras. Com as contrata\u00e7\u00f5es desses dois lotes at\u00e9 o ano que vem, vamos ter 100% da ferrovia contratada&#8221;, disse o diretor da Infra S.A., Andr\u00e9 Ludolfo, \u00e0\u00a0<strong>Ag\u00eancia iNFRA<\/strong>\u00a0durante evento para apresentar a licita\u00e7\u00e3o do lote de Caetit\u00e9, cujo leil\u00e3o est\u00e1 previsto para 6 de novembro.<br><br>A Fiol 2 \u00e9 parte de um grande corredor que o governo tenta conceder juntando cinco diferentes trechos ferrovi\u00e1rios e que ligaria o Mato Grosso ao litoral da Bahia, que est\u00e1 sendo chamado de corredor Fico-Fiol. O plano \u00e9 que, nesta concess\u00e3o, o vencedor receba dois trechos constru\u00eddos, a Fiol 2 e a Fico 1 (entre Mara Rosa, em Goi\u00e1s, e \u00c1gua Boa, em Mato Grosso), e implante outras duas ferrovias (Fico 2 e Fiol 3). A Fiol 1, entre Caetit\u00e9 e o porto de Ilh\u00e9us, j\u00e1 est\u00e1 concedida, mas as obras est\u00e3o paralisadas.<br><br>A Infra S.A ser\u00e1 fundamental para que essa licita\u00e7\u00e3o de uma concess\u00e3o ferrovi\u00e1ria, considerada uma das priorit\u00e1rias do governo, tenha sucesso. Al\u00e9m de construir a Fiol 2, ela ainda \u00e9 a respons\u00e1vel por entregar o licenciamento ambiental e as desapropria\u00e7\u00f5es da Fico 1, que est\u00e1 sendo constru\u00edda pela mineradora Vale com recursos da empresa, num modelo de investimento cruzado.<br><br>Recentemente, ao entrar numa repactua\u00e7\u00e3o do contrato que levou a empresa a ter que construir a Fico 1, a Vale pediu para indenizar o governo e n\u00e3o construir um trecho de 80 quil\u00f4metros da ferrovia que passa pr\u00f3ximo a quatro territ\u00f3rios ind\u00edgenas, as comunidades\u00a0Are\u00f5es, Pimentel Barbosa, Marechal Rondon e Parabubure. A alega\u00e7\u00e3o \u00e9 que a Infra S.A. n\u00e3o entregaria as desapropria\u00e7\u00f5es a tempo, o que o governo negou. O acordo n\u00e3o foi fechado (detalhes\u00a0<a href=\"https:\/\/agenciainfra.com\/blog\/divergencias-entre-governo-e-vale-brecam-acordo-sobre-ferrovias\/\" target=\"_blank\" rel=\"noreferrer noopener\">nesta reportagem<\/a>).<br><br>A Fiol 2 teve obras iniciadas no in\u00edcio da d\u00e9cada passada. Ludolfo diz que esse trecho da ferrovia\u00a0foi recebido\u00a0com uma m\u00e9dia de 70% das obras entregues, mas com muitas varia\u00e7\u00f5es de execu\u00e7\u00e3o. Segundo ele, a caracter\u00edstica comum foi que os trechos abandonados eram o &#8220;osso&#8221; da constru\u00e7\u00e3o, ou seja, as obras mais complexas.<br><br>\u00c9 o caso do lote em licita\u00e7\u00e3o, que passa pr\u00f3ximo \u00e0 Barragem de Cera\u00edma e, desde 2010, estava com licenciamento pendente por causa dos riscos do projeto original que passava a menos de 200 metros da barragem antiga. \u00a0<br><br><strong>Execu\u00e7\u00e3o em 43 meses<\/strong><br>Segundo Ludolfo, o projeto passou por uma reforma completa para que a dist\u00e2ncia aumentasse para mais de dois quil\u00f4metros da barragem, al\u00e9m de mudan\u00e7as nos m\u00e9todos construtivos como a implanta\u00e7\u00e3o de mais viadutos e tamb\u00e9m de cortes e drenos que v\u00e3o evitar qualquer canaliza\u00e7\u00e3o de \u00e1gua para a barragem.<br><br>Ele tamb\u00e9m afirmou que, para evitar paralisa\u00e7\u00f5es nas obras\u00a0estimadas em R$ 507 milh\u00f5es, o modelo de edital e contrato tem uma nova reparti\u00e7\u00e3o de risco, al\u00e9m do investimento ter prioridade por estar no Novo PAC. O cronograma de execu\u00e7\u00e3o \u00e9 de 43 meses, ou seja, as obras ficariam prontas entre 2027 e 2028.<br><br>Ludolfo acredita que isso \u00e9 tempo suficiente para que as obras de toda a Fiol 2 estejam completas antes da conclus\u00e3o da Fiol 1, que foi concedida em 2021, mas a concession\u00e1ria Bamin abandonou o projeto e hoje tenta uma negocia\u00e7\u00e3o para que outras empresas assumam o ativo e concluam o que ela assumiu fazer. Na \u00e9poca, faltavam cerca de 25% das obras da ferrovia, al\u00e9m da constru\u00e7\u00e3o de um porto em Ilh\u00e9us.<br><br><strong>Acordos com comunidades<\/strong><br>Mas a Infra S.A. enfrenta outros desafios para fazer com que a ferrovia seja entregue, entre eles as desapropria\u00e7\u00f5es. No caso da Fiol 2, por exemplo,\u00a0<a href=\"https:\/\/agenciainfra.com\/blog\/comunidades-quilombolas-aprovam-plano-ambiental-para-obras-da-ferrovia-oeste-leste\/\" target=\"_blank\" rel=\"noreferrer noopener\">cinco comunidades quilombolas<\/a>\u00a0de Bom Jesus da Lapa (BA) vinham impedindo h\u00e1 alguns anos a continuidade da ferrovia.<br><br>Ludolfo lembrou que essas comunidades j\u00e1 aprovaram o PBAQ (Plano B\u00e1sico Ambiental Quilombola) no \u00faltimo m\u00eas de junho, que incluiu a negocia\u00e7\u00e3o com 880 fam\u00edlias. Com isso, um trecho de 17 quil\u00f4metros fundamental para que a ferrovia possa ficar operacional, foi liberado ap\u00f3s mais de 10 anos de negocia\u00e7\u00f5es.<br><br>De acordo com o diretor, as negocia\u00e7\u00f5es com essas comunidades viraram um case de refer\u00eancia para a Infra S.A., e est\u00e3o inclusive concorrendo a um pr\u00eamio internacional sobre gest\u00e3o social de projetos de infraestrutura. O plano \u00e9 que elas sirvam de modelo para outras a\u00e7\u00f5es com comunidades sob responsabilidade da estatal.<\/p>\n\n\n\n<p><\/p>\n","protected":false},"excerpt":{"rendered":"<p>Dimmi Amora, da Ag\u00eancia iNFRA Todas as obras abandonadas da Fiol 2 (Ferrovia Oeste-Leste), na Bahia, entre Caetit\u00e9 e Barreiras, estar\u00e3o contratadas at\u00e9 o ano que vem e o trecho de cerca de 485 quil\u00f4metros poder\u00e1 estar conclu\u00eddo pelo poder p\u00fablico para a concess\u00e3o. \u00c9 o que a Infra S.A. est\u00e1 prometendo ap\u00f3s o lan\u00e7amento [&hellip;]<\/p>\n","protected":false},"author":1,"featured_media":6618,"comment_status":"closed","ping_status":"closed","sticky":false,"template":"","format":"standard","meta":{"_monsterinsights_skip_tracking":false,"_monsterinsights_sitenote_active":false,"_monsterinsights_sitenote_note":"","_monsterinsights_sitenote_category":0,"footnotes":""},"categories":[1,7],"tags":[2689,1299,120,472,13327,156,2579,14658],"class_list":["post-27818","post","type-post","status-publish","format-standard","has-post-thumbnail","hentry","category-geral","category-infratransporte","tag-concessao-ferroviaria","tag-dimmi-amora","tag-ferrovias","tag-fico","tag-fico-fiol-2","tag-fiol","tag-fiol-2","tag-obras-inacabadas"],"yoast_head":"<!-- This site is optimized with the Yoast SEO Premium plugin v25.4 (Yoast SEO v26.0) - https:\/\/yoast.com\/wordpress\/plugins\/seo\/ -->\n<title>Contratos da Fiol 2 ser\u00e3o fechados antes da concess\u00e3o, diz Infra S.A. - Ag\u00eancia iNFRA<\/title>\n<meta name=\"robots\" content=\"index, follow, max-snippet:-1, max-image-preview:large, max-video-preview:-1\" \/>\n<link rel=\"canonical\" href=\"https:\/\/agenciainfra.com\/blog\/contratos-da-fiol-2-serao-fechados-antes-da-concessao-diz-infra-s-a\/\" \/>\n<meta property=\"og:locale\" content=\"pt_BR\" \/>\n<meta property=\"og:type\" content=\"article\" \/>\n<meta property=\"og:title\" content=\"Contratos da Fiol 2 ser\u00e3o fechados antes da concess\u00e3o, diz Infra S.A.\" \/>\n<meta property=\"og:description\" content=\"Dimmi Amora, da Ag\u00eancia iNFRA Todas as obras abandonadas da Fiol 2 (Ferrovia Oeste-Leste), na Bahia, entre Caetit\u00e9 e Barreiras, estar\u00e3o contratadas at\u00e9 o ano que vem e o trecho de cerca de 485 quil\u00f4metros poder\u00e1 estar conclu\u00eddo pelo poder p\u00fablico para a concess\u00e3o. \u00c9 o que a Infra S.A. est\u00e1 prometendo ap\u00f3s o lan\u00e7amento [&hellip;]\" \/>\n<meta property=\"og:url\" content=\"https:\/\/agenciainfra.com\/blog\/contratos-da-fiol-2-serao-fechados-antes-da-concessao-diz-infra-s-a\/\" \/>\n<meta property=\"og:site_name\" content=\"Ag\u00eancia iNFRA\" \/>\n<meta property=\"article:publisher\" content=\"https:\/\/www.facebook.com\/ageninfra\" \/>\n<meta property=\"article:published_time\" content=\"2025-09-17T11:00:00+00:00\" \/>\n<meta property=\"article:modified_time\" content=\"2025-09-17T19:25:43+00:00\" \/>\n<meta property=\"og:image\" content=\"https:\/\/agenciainfra.com\/blog\/wp-content\/uploads\/2021\/01\/fiol-foto-ricardo-botelho-minfra.jpg\" \/>\n\t<meta property=\"og:image:width\" content=\"1280\" \/>\n\t<meta property=\"og:image:height\" content=\"854\" \/>\n\t<meta property=\"og:image:type\" content=\"image\/jpeg\" \/>\n<meta name=\"author\" content=\"Ag\u00eancia iNFRA\" \/>\n<meta name=\"twitter:card\" content=\"summary_large_image\" \/>\n<meta name=\"twitter:creator\" content=\"@agencia_infra\" \/>\n<meta name=\"twitter:site\" content=\"@agencia_infra\" \/>\n<meta name=\"twitter:label1\" content=\"Escrito por\" \/>\n\t<meta name=\"twitter:data1\" content=\"Ag\u00eancia iNFRA\" \/>\n\t<meta name=\"twitter:label2\" content=\"Est. tempo de leitura\" \/>\n\t<meta name=\"twitter:data2\" content=\"4 minutos\" \/>\n<script type=\"application\/ld+json\" class=\"yoast-schema-graph\">{\"@context\":\"https:\/\/schema.org\",\"@graph\":[{\"@type\":\"Article\",\"@id\":\"https:\/\/agenciainfra.com\/blog\/contratos-da-fiol-2-serao-fechados-antes-da-concessao-diz-infra-s-a\/#article\",\"isPartOf\":{\"@id\":\"https:\/\/agenciainfra.com\/blog\/contratos-da-fiol-2-serao-fechados-antes-da-concessao-diz-infra-s-a\/\"},\"author\":{\"name\":\"Ag\u00eancia iNFRA\",\"@id\":\"https:\/\/agenciainfra.com\/blog\/#\/schema\/person\/34af08dff6adea4cb22b06612ba7acfa\"},\"headline\":\"Contratos da Fiol 2 ser\u00e3o fechados antes da concess\u00e3o, diz Infra S.A.\",\"datePublished\":\"2025-09-17T11:00:00+00:00\",\"dateModified\":\"2025-09-17T19:25:43+00:00\",\"mainEntityOfPage\":{\"@id\":\"https:\/\/agenciainfra.com\/blog\/contratos-da-fiol-2-serao-fechados-antes-da-concessao-diz-infra-s-a\/\"},\"wordCount\":889,\"publisher\":{\"@id\":\"https:\/\/agenciainfra.com\/blog\/#organization\"},\"image\":{\"@id\":\"https:\/\/agenciainfra.com\/blog\/contratos-da-fiol-2-serao-fechados-antes-da-concessao-diz-infra-s-a\/#primaryimage\"},\"thumbnailUrl\":\"https:\/\/agenciainfra.com\/blog\/wp-content\/uploads\/2021\/01\/fiol-foto-ricardo-botelho-minfra.jpg\",\"keywords\":[\"concess\u00e3o ferrovi\u00e1ria\",\"Dimmi Amora\",\"Ferrovias\",\"FICO\",\"fico-fiol\",\"FIOL\",\"Fiol 2\",\"obras inacabadas\"],\"articleSection\":[\"Geral\",\"iNFRATransporte\"],\"inLanguage\":\"pt-BR\",\"copyrightYear\":\"2025\",\"copyrightHolder\":{\"@id\":\"https:\/\/agenciainfra.com\/blog\/#organization\"}},{\"@type\":\"WebPage\",\"@id\":\"https:\/\/agenciainfra.com\/blog\/contratos-da-fiol-2-serao-fechados-antes-da-concessao-diz-infra-s-a\/\",\"url\":\"https:\/\/agenciainfra.com\/blog\/contratos-da-fiol-2-serao-fechados-antes-da-concessao-diz-infra-s-a\/\",\"name\":\"Contratos da Fiol 2 ser\u00e3o fechados antes da concess\u00e3o, diz Infra S.A. - Ag\u00eancia iNFRA\",\"isPartOf\":{\"@id\":\"https:\/\/agenciainfra.com\/blog\/#website\"},\"primaryImageOfPage\":{\"@id\":\"https:\/\/agenciainfra.com\/blog\/contratos-da-fiol-2-serao-fechados-antes-da-concessao-diz-infra-s-a\/#primaryimage\"},\"image\":{\"@id\":\"https:\/\/agenciainfra.com\/blog\/contratos-da-fiol-2-serao-fechados-antes-da-concessao-diz-infra-s-a\/#primaryimage\"},\"thumbnailUrl\":\"https:\/\/agenciainfra.com\/blog\/wp-content\/uploads\/2021\/01\/fiol-foto-ricardo-botelho-minfra.jpg\",\"datePublished\":\"2025-09-17T11:00:00+00:00\",\"dateModified\":\"2025-09-17T19:25:43+00:00\",\"breadcrumb\":{\"@id\":\"https:\/\/agenciainfra.com\/blog\/contratos-da-fiol-2-serao-fechados-antes-da-concessao-diz-infra-s-a\/#breadcrumb\"},\"inLanguage\":\"pt-BR\",\"potentialAction\":[{\"@type\":\"ReadAction\",\"target\":[\"https:\/\/agenciainfra.com\/blog\/contratos-da-fiol-2-serao-fechados-antes-da-concessao-diz-infra-s-a\/\"]}]},{\"@type\":\"ImageObject\",\"inLanguage\":\"pt-BR\",\"@id\":\"https:\/\/agenciainfra.com\/blog\/contratos-da-fiol-2-serao-fechados-antes-da-concessao-diz-infra-s-a\/#primaryimage\",\"url\":\"https:\/\/agenciainfra.com\/blog\/wp-content\/uploads\/2021\/01\/fiol-foto-ricardo-botelho-minfra.jpg\",\"contentUrl\":\"https:\/\/agenciainfra.com\/blog\/wp-content\/uploads\/2021\/01\/fiol-foto-ricardo-botelho-minfra.jpg\",\"width\":1280,\"height\":854,\"caption\":\"Foto: Ricardo Botelho\/Minfra\"},{\"@type\":\"BreadcrumbList\",\"@id\":\"https:\/\/agenciainfra.com\/blog\/contratos-da-fiol-2-serao-fechados-antes-da-concessao-diz-infra-s-a\/#breadcrumb\",\"itemListElement\":[{\"@type\":\"ListItem\",\"position\":1,\"name\":\"In\u00edcio\",\"item\":\"https:\/\/agenciainfra.com\/blog\/\"},{\"@type\":\"ListItem\",\"position\":2,\"name\":\"Contratos da Fiol 2 ser\u00e3o fechados antes da concess\u00e3o, diz Infra S.A.\"}]},{\"@type\":\"WebSite\",\"@id\":\"https:\/\/agenciainfra.com\/blog\/#website\",\"url\":\"https:\/\/agenciainfra.com\/blog\/\",\"name\":\"Ag\u00eancia iNFRA\",\"description\":\"Multiplataforma de informa\u00e7\u00e3o jornal\u00edstica refer\u00eancia na \u00e1rea de infraestrutura no Brasil!\",\"publisher\":{\"@id\":\"https:\/\/agenciainfra.com\/blog\/#organization\"},\"potentialAction\":[{\"@type\":\"SearchAction\",\"target\":{\"@type\":\"EntryPoint\",\"urlTemplate\":\"https:\/\/agenciainfra.com\/blog\/?s={search_term_string}\"},\"query-input\":{\"@type\":\"PropertyValueSpecification\",\"valueRequired\":true,\"valueName\":\"search_term_string\"}}],\"inLanguage\":\"pt-BR\"},{\"@type\":\"Organization\",\"@id\":\"https:\/\/agenciainfra.com\/blog\/#organization\",\"name\":\"Ag\u00eancia iNFRA\",\"url\":\"https:\/\/agenciainfra.com\/blog\/\",\"logo\":{\"@type\":\"ImageObject\",\"inLanguage\":\"pt-BR\",\"@id\":\"https:\/\/agenciainfra.com\/blog\/#\/schema\/logo\/image\/\",\"url\":\"https:\/\/agenciainfra.com\/blog\/wp-content\/uploads\/2023\/09\/iNFRA_5-e1761735885940.png\",\"contentUrl\":\"https:\/\/agenciainfra.com\/blog\/wp-content\/uploads\/2023\/09\/iNFRA_5-e1761735885940.png\",\"width\":1672,\"height\":454,\"caption\":\"Ag\u00eancia iNFRA\"},\"image\":{\"@id\":\"https:\/\/agenciainfra.com\/blog\/#\/schema\/logo\/image\/\"},\"sameAs\":[\"https:\/\/www.facebook.com\/ageninfra\",\"https:\/\/x.com\/agencia_infra\",\"https:\/\/www.linkedin.com\/company\/ag\u00eanciainfra\/\",\"https:\/\/www.instagram.com\/agenciainfra\/\"]},{\"@type\":\"Person\",\"@id\":\"https:\/\/agenciainfra.com\/blog\/#\/schema\/person\/34af08dff6adea4cb22b06612ba7acfa\",\"name\":\"Ag\u00eancia iNFRA\",\"image\":{\"@type\":\"ImageObject\",\"inLanguage\":\"pt-BR\",\"@id\":\"https:\/\/agenciainfra.com\/blog\/#\/schema\/person\/image\/\",\"url\":\"https:\/\/secure.gravatar.com\/avatar\/d189e01678f06d8eb84d4e01f08eb848b3fffe3f8443818d3c356c66892f5be8?s=96&d=mm&r=g\",\"contentUrl\":\"https:\/\/secure.gravatar.com\/avatar\/d189e01678f06d8eb84d4e01f08eb848b3fffe3f8443818d3c356c66892f5be8?s=96&d=mm&r=g\",\"caption\":\"Ag\u00eancia iNFRA\"},\"url\":\"https:\/\/agenciainfra.com\/blog\/author\/admin\/\"}]}<\/script>\n<!-- \/ Yoast SEO Premium plugin. -->","yoast_head_json":{"title":"Contratos da Fiol 2 ser\u00e3o fechados antes da concess\u00e3o, diz Infra S.A. - Ag\u00eancia iNFRA","robots":{"index":"index","follow":"follow","max-snippet":"max-snippet:-1","max-image-preview":"max-image-preview:large","max-video-preview":"max-video-preview:-1"},"canonical":"https:\/\/agenciainfra.com\/blog\/contratos-da-fiol-2-serao-fechados-antes-da-concessao-diz-infra-s-a\/","og_locale":"pt_BR","og_type":"article","og_title":"Contratos da Fiol 2 ser\u00e3o fechados antes da concess\u00e3o, diz Infra S.A.","og_description":"Dimmi Amora, da Ag\u00eancia iNFRA Todas as obras abandonadas da Fiol 2 (Ferrovia Oeste-Leste), na Bahia, entre Caetit\u00e9 e Barreiras, estar\u00e3o contratadas at\u00e9 o ano que vem e o trecho de cerca de 485 quil\u00f4metros poder\u00e1 estar conclu\u00eddo pelo poder p\u00fablico para a concess\u00e3o. \u00c9 o que a Infra S.A. est\u00e1 prometendo ap\u00f3s o lan\u00e7amento [&hellip;]","og_url":"https:\/\/agenciainfra.com\/blog\/contratos-da-fiol-2-serao-fechados-antes-da-concessao-diz-infra-s-a\/","og_site_name":"Ag\u00eancia iNFRA","article_publisher":"https:\/\/www.facebook.com\/ageninfra","article_published_time":"2025-09-17T11:00:00+00:00","article_modified_time":"2025-09-17T19:25:43+00:00","og_image":[{"width":1280,"height":854,"url":"https:\/\/agenciainfra.com\/blog\/wp-content\/uploads\/2021\/01\/fiol-foto-ricardo-botelho-minfra.jpg","type":"image\/jpeg"}],"author":"Ag\u00eancia iNFRA","twitter_card":"summary_large_image","twitter_creator":"@agencia_infra","twitter_site":"@agencia_infra","twitter_misc":{"Escrito por":"Ag\u00eancia iNFRA","Est. tempo de leitura":"4 minutos"},"schema":{"@context":"https:\/\/schema.org","@graph":[{"@type":"Article","@id":"https:\/\/agenciainfra.com\/blog\/contratos-da-fiol-2-serao-fechados-antes-da-concessao-diz-infra-s-a\/#article","isPartOf":{"@id":"https:\/\/agenciainfra.com\/blog\/contratos-da-fiol-2-serao-fechados-antes-da-concessao-diz-infra-s-a\/"},"author":{"name":"Ag\u00eancia iNFRA","@id":"https:\/\/agenciainfra.com\/blog\/#\/schema\/person\/34af08dff6adea4cb22b06612ba7acfa"},"headline":"Contratos da Fiol 2 ser\u00e3o fechados antes da concess\u00e3o, diz Infra S.A.","datePublished":"2025-09-17T11:00:00+00:00","dateModified":"2025-09-17T19:25:43+00:00","mainEntityOfPage":{"@id":"https:\/\/agenciainfra.com\/blog\/contratos-da-fiol-2-serao-fechados-antes-da-concessao-diz-infra-s-a\/"},"wordCount":889,"publisher":{"@id":"https:\/\/agenciainfra.com\/blog\/#organization"},"image":{"@id":"https:\/\/agenciainfra.com\/blog\/contratos-da-fiol-2-serao-fechados-antes-da-concessao-diz-infra-s-a\/#primaryimage"},"thumbnailUrl":"https:\/\/agenciainfra.com\/blog\/wp-content\/uploads\/2021\/01\/fiol-foto-ricardo-botelho-minfra.jpg","keywords":["concess\u00e3o ferrovi\u00e1ria","Dimmi Amora","Ferrovias","FICO","fico-fiol","FIOL","Fiol 2","obras inacabadas"],"articleSection":["Geral","iNFRATransporte"],"inLanguage":"pt-BR","copyrightYear":"2025","copyrightHolder":{"@id":"https:\/\/agenciainfra.com\/blog\/#organization"}},{"@type":"WebPage","@id":"https:\/\/agenciainfra.com\/blog\/contratos-da-fiol-2-serao-fechados-antes-da-concessao-diz-infra-s-a\/","url":"https:\/\/agenciainfra.com\/blog\/contratos-da-fiol-2-serao-fechados-antes-da-concessao-diz-infra-s-a\/","name":"Contratos da Fiol 2 ser\u00e3o fechados antes da concess\u00e3o, diz Infra S.A. - Ag\u00eancia iNFRA","isPartOf":{"@id":"https:\/\/agenciainfra.com\/blog\/#website"},"primaryImageOfPage":{"@id":"https:\/\/agenciainfra.com\/blog\/contratos-da-fiol-2-serao-fechados-antes-da-concessao-diz-infra-s-a\/#primaryimage"},"image":{"@id":"https:\/\/agenciainfra.com\/blog\/contratos-da-fiol-2-serao-fechados-antes-da-concessao-diz-infra-s-a\/#primaryimage"},"thumbnailUrl":"https:\/\/agenciainfra.com\/blog\/wp-content\/uploads\/2021\/01\/fiol-foto-ricardo-botelho-minfra.jpg","datePublished":"2025-09-17T11:00:00+00:00","dateModified":"2025-09-17T19:25:43+00:00","breadcrumb":{"@id":"https:\/\/agenciainfra.com\/blog\/contratos-da-fiol-2-serao-fechados-antes-da-concessao-diz-infra-s-a\/#breadcrumb"},"inLanguage":"pt-BR","potentialAction":[{"@type":"ReadAction","target":["https:\/\/agenciainfra.com\/blog\/contratos-da-fiol-2-serao-fechados-antes-da-concessao-diz-infra-s-a\/"]}]},{"@type":"ImageObject","inLanguage":"pt-BR","@id":"https:\/\/agenciainfra.com\/blog\/contratos-da-fiol-2-serao-fechados-antes-da-concessao-diz-infra-s-a\/#primaryimage","url":"https:\/\/agenciainfra.com\/blog\/wp-content\/uploads\/2021\/01\/fiol-foto-ricardo-botelho-minfra.jpg","contentUrl":"https:\/\/agenciainfra.com\/blog\/wp-content\/uploads\/2021\/01\/fiol-foto-ricardo-botelho-minfra.jpg","width":1280,"height":854,"caption":"Foto: Ricardo Botelho\/Minfra"},{"@type":"BreadcrumbList","@id":"https:\/\/agenciainfra.com\/blog\/contratos-da-fiol-2-serao-fechados-antes-da-concessao-diz-infra-s-a\/#breadcrumb","itemListElement":[{"@type":"ListItem","position":1,"name":"In\u00edcio","item":"https:\/\/agenciainfra.com\/blog\/"},{"@type":"ListItem","position":2,"name":"Contratos da Fiol 2 ser\u00e3o fechados antes da concess\u00e3o, diz Infra S.A."}]},{"@type":"WebSite","@id":"https:\/\/agenciainfra.com\/blog\/#website","url":"https:\/\/agenciainfra.com\/blog\/","name":"Ag\u00eancia iNFRA","description":"Multiplataforma de informa\u00e7\u00e3o jornal\u00edstica refer\u00eancia na \u00e1rea de infraestrutura no Brasil!","publisher":{"@id":"https:\/\/agenciainfra.com\/blog\/#organization"},"potentialAction":[{"@type":"SearchAction","target":{"@type":"EntryPoint","urlTemplate":"https:\/\/agenciainfra.com\/blog\/?s={search_term_string}"},"query-input":{"@type":"PropertyValueSpecification","valueRequired":true,"valueName":"search_term_string"}}],"inLanguage":"pt-BR"},{"@type":"Organization","@id":"https:\/\/agenciainfra.com\/blog\/#organization","name":"Ag\u00eancia iNFRA","url":"https:\/\/agenciainfra.com\/blog\/","logo":{"@type":"ImageObject","inLanguage":"pt-BR","@id":"https:\/\/agenciainfra.com\/blog\/#\/schema\/logo\/image\/","url":"https:\/\/agenciainfra.com\/blog\/wp-content\/uploads\/2023\/09\/iNFRA_5-e1761735885940.png","contentUrl":"https:\/\/agenciainfra.com\/blog\/wp-content\/uploads\/2023\/09\/iNFRA_5-e1761735885940.png","width":1672,"height":454,"caption":"Ag\u00eancia iNFRA"},"image":{"@id":"https:\/\/agenciainfra.com\/blog\/#\/schema\/logo\/image\/"},"sameAs":["https:\/\/www.facebook.com\/ageninfra","https:\/\/x.com\/agencia_infra","https:\/\/www.linkedin.com\/company\/ag\u00eanciainfra\/","https:\/\/www.instagram.com\/agenciainfra\/"]},{"@type":"Person","@id":"https:\/\/agenciainfra.com\/blog\/#\/schema\/person\/34af08dff6adea4cb22b06612ba7acfa","name":"Ag\u00eancia iNFRA","image":{"@type":"ImageObject","inLanguage":"pt-BR","@id":"https:\/\/agenciainfra.com\/blog\/#\/schema\/person\/image\/","url":"https:\/\/secure.gravatar.com\/avatar\/d189e01678f06d8eb84d4e01f08eb848b3fffe3f8443818d3c356c66892f5be8?s=96&d=mm&r=g","contentUrl":"https:\/\/secure.gravatar.com\/avatar\/d189e01678f06d8eb84d4e01f08eb848b3fffe3f8443818d3c356c66892f5be8?s=96&d=mm&r=g","caption":"Ag\u00eancia iNFRA"},"url":"https:\/\/agenciainfra.com\/blog\/author\/admin\/"}]}},"_links":{"self":[{"href":"https:\/\/agenciainfra.com\/blog\/wp-json\/wp\/v2\/posts\/27818","targetHints":{"allow":["GET"]}}],"collection":[{"href":"https:\/\/agenciainfra.com\/blog\/wp-json\/wp\/v2\/posts"}],"about":[{"href":"https:\/\/agenciainfra.com\/blog\/wp-json\/wp\/v2\/types\/post"}],"author":[{"embeddable":true,"href":"https:\/\/agenciainfra.com\/blog\/wp-json\/wp\/v2\/users\/1"}],"replies":[{"embeddable":true,"href":"https:\/\/agenciainfra.com\/blog\/wp-json\/wp\/v2\/comments?post=27818"}],"version-history":[{"count":2,"href":"https:\/\/agenciainfra.com\/blog\/wp-json\/wp\/v2\/posts\/27818\/revisions"}],"predecessor-version":[{"id":27935,"href":"https:\/\/agenciainfra.com\/blog\/wp-json\/wp\/v2\/posts\/27818\/revisions\/27935"}],"wp:featuredmedia":[{"embeddable":true,"href":"https:\/\/agenciainfra.com\/blog\/wp-json\/wp\/v2\/media\/6618"}],"wp:attachment":[{"href":"https:\/\/agenciainfra.com\/blog\/wp-json\/wp\/v2\/media?parent=27818"}],"wp:term":[{"taxonomy":"category","embeddable":true,"href":"https:\/\/agenciainfra.com\/blog\/wp-json\/wp\/v2\/categories?post=27818"},{"taxonomy":"post_tag","embeddable":true,"href":"https:\/\/agenciainfra.com\/blog\/wp-json\/wp\/v2\/tags?post=27818"}],"curies":[{"name":"wp","href":"https:\/\/api.w.org\/{rel}","templated":true}]}}