{"id":27819,"date":"2025-09-16T10:00:00","date_gmt":"2025-09-16T13:00:00","guid":{"rendered":"https:\/\/agenciainfra.com\/blog\/?p=27819"},"modified":"2025-09-16T14:52:14","modified_gmt":"2025-09-16T17:52:14","slug":"ppp-via-liberdade-dois-consorcios-disputam-lote-rodoviario-em-mg","status":"publish","type":"post","link":"https:\/\/agenciainfra.com\/blog\/ppp-via-liberdade-dois-consorcios-disputam-lote-rodoviario-em-mg\/","title":{"rendered":"PPP Via Liberdade: Dois cons\u00f3rcios disputam lote rodovi\u00e1rio em MG"},"content":{"rendered":"\n<p class=\"has-text-align-right\"><strong>Mar\u00edlia Sena, da Ag\u00eancia iNFRA<\/strong><\/p>\n\n\n\n<p>O governo de Minas Gerais (MG) recebeu duas propostas para o leil\u00e3o do lote rodovi\u00e1rio Ouro Preto\u2013Mariana, conhecido como Via Liberdade, que deve ocorrer na quinta-feira (18), na sede da B3, em S\u00e3o Paulo (SP). A PPP (Parceria P\u00fablico-Privada) ser\u00e1 disputada por dois cons\u00f3rcios: um liderado pela Metropolitana, formado por seis construtoras, e outro pela Houer Concess\u00f5es. O prazo para entrega dos envelopes encerrou na segunda-feira (15).<br><br>O vencedor ser\u00e1 definido com base no crit\u00e9rio de menor contrapresta\u00e7\u00e3o. O aporte p\u00fablico no projeto, de R$ 2 bilh\u00f5es, prov\u00e9m do acordo de repara\u00e7\u00e3o do desastre de Mariana. Os\u00a0investimentos previstos totais\u00a0devem ficar na casa dos R$ 4 bilh\u00f5es, de acordo com os estudos. H\u00e1 um limitador no des\u00e1gio. A partir de um desconto acima de R$ 600 milh\u00f5es, a vencedora ter\u00e1 que colocar recursos numa conta de garantia.<br><br>O lote abrange a BR\u2011356, delegada pelo governo federal, e as rodovias MG\u2011329 e MG\u2011262. De acordo com o governo de Minas Gerais, a PPP vai viabilizar a duplica\u00e7\u00e3o total da BR\u2011356 e proporcionar melhorias no trecho que liga a MG\u2011329, em Rio Casca, passando pela MG\u2011262 e BR\u2011356, at\u00e9 a BR\u2011040, em Nova Lima, \u201cformando um importante corredor log\u00edstico, tur\u00edstico e econ\u00f4mico da regi\u00e3o\u201d, define o governo estadual.<br><br>Segundo a gest\u00e3o estadual, os investimentos da PPP tamb\u00e9m incluem a\u00a0constru\u00e7\u00e3o do contorno vi\u00e1rio de Cachoeira do Campo, com 7,3 quil\u00f4metros j\u00e1 em pistas duplas, implanta\u00e7\u00e3o de terceiras faixas e acostamentos, al\u00e9m de corre\u00e7\u00f5es de vias marginais, constru\u00e7\u00e3o de acessos e outras interven\u00e7\u00f5es em toda a extens\u00e3o concedida.<br><br>A atra\u00e7\u00e3o de novas empresas integra a expectativa do governo de Minas Gerais, que busca uma solu\u00e7\u00e3o permanente para o corredor log\u00edstico Rio Casca\u2013Belo Horizonte, servindo tamb\u00e9m como rota alternativa para acesso \u00e0 BR\u2011381 e ao estado do Esp\u00edrito Santo. \u00c9 um trecho considerado dif\u00edcil, segundo os integrantes do governo, a BR-381 estadual (em refer\u00eancia \u00e0 complexidade da concess\u00e3o dessa rodovia). Por isso, mesmo com uma taxa de retorno estimada em 11,2%, havia risco de n\u00e3o haver interessados.<br><br><strong>PPP do Hospital<\/strong><br>O governo espera para esta ter\u00e7a-feira (16) a apresenta\u00e7\u00e3o de propostas para a PPP do Complexo de Sa\u00fade Hospitalar Padre Eust\u00e1quio (HoPE), em Belo Horizonte.\u00a0Com cerca de R$ 2 bilh\u00f5es de Capex, o hospital \u00e9 projetado para mais de 500 leitos, sendo 100 de Unidade de Terapia Intensiva\u00a0(UTI), mais de 60 consult\u00f3rios, 13 salas cir\u00fargicas e um laborat\u00f3rio de \u00faltima gera\u00e7\u00e3o, o novo complexo hospitalar ser\u00e1 erguido no bairro Gameleira. Se receber propostas, o leil\u00e3o ser\u00e1 na sexta-feira (19), tamb\u00e9m na B3.<\/p>\n\n\n\n<p><\/p>\n","protected":false},"excerpt":{"rendered":"<p>Mar\u00edlia Sena, da Ag\u00eancia iNFRA O governo de Minas Gerais (MG) recebeu duas propostas para o leil\u00e3o do lote rodovi\u00e1rio Ouro Preto\u2013Mariana, conhecido como Via Liberdade, que deve ocorrer na quinta-feira (18), na sede da B3, em S\u00e3o Paulo (SP). A PPP (Parceria P\u00fablico-Privada) ser\u00e1 disputada por dois cons\u00f3rcios: um liderado pela Metropolitana, formado por [&hellip;]<\/p>\n","protected":false},"author":1,"featured_media":8985,"comment_status":"closed","ping_status":"closed","sticky":false,"template":"","format":"standard","meta":{"_monsterinsights_skip_tracking":false,"_monsterinsights_sitenote_active":false,"_monsterinsights_sitenote_note":"","_monsterinsights_sitenote_category":0,"footnotes":""},"categories":[7250,1,7],"tags":[11651,697,254,15374,11654,1315,97,12238,15373,15376],"class_list":["post-27819","post","type-post","status-publish","format-standard","has-post-thumbnail","hentry","category-destaque-lista","category-geral","category-infratransporte","tag-concessoes-e-ppps","tag-houer-concessoes","tag-leilao","tag-lote-rodoviario","tag-marilia-sena","tag-parcerias-publico-privadas","tag-ppp","tag-ppp-de-hospital","tag-ppp-via-liberdade","tag-rodovias-mg"],"yoast_head":"<!-- This site is optimized with the Yoast SEO Premium plugin v25.4 (Yoast SEO v26.0) - https:\/\/yoast.com\/wordpress\/plugins\/seo\/ -->\n<title>PPP Via Liberdade: Dois cons\u00f3rcios disputam lote rodovi\u00e1rio em MG - Ag\u00eancia iNFRA<\/title>\n<meta name=\"robots\" content=\"index, follow, max-snippet:-1, max-image-preview:large, max-video-preview:-1\" \/>\n<link rel=\"canonical\" href=\"https:\/\/agenciainfra.com\/blog\/ppp-via-liberdade-dois-consorcios-disputam-lote-rodoviario-em-mg\/\" \/>\n<meta property=\"og:locale\" content=\"pt_BR\" \/>\n<meta property=\"og:type\" content=\"article\" \/>\n<meta property=\"og:title\" content=\"PPP Via Liberdade: Dois cons\u00f3rcios disputam lote rodovi\u00e1rio em MG\" \/>\n<meta property=\"og:description\" content=\"Mar\u00edlia Sena, da Ag\u00eancia iNFRA O governo de Minas Gerais (MG) recebeu duas propostas para o leil\u00e3o do lote rodovi\u00e1rio Ouro Preto\u2013Mariana, conhecido como Via Liberdade, que deve ocorrer na quinta-feira (18), na sede da B3, em S\u00e3o Paulo (SP). A PPP (Parceria P\u00fablico-Privada) ser\u00e1 disputada por dois cons\u00f3rcios: um liderado pela Metropolitana, formado por [&hellip;]\" \/>\n<meta property=\"og:url\" content=\"https:\/\/agenciainfra.com\/blog\/ppp-via-liberdade-dois-consorcios-disputam-lote-rodoviario-em-mg\/\" \/>\n<meta property=\"og:site_name\" content=\"Ag\u00eancia iNFRA\" \/>\n<meta property=\"article:publisher\" content=\"https:\/\/www.facebook.com\/ageninfra\" \/>\n<meta property=\"article:published_time\" content=\"2025-09-16T13:00:00+00:00\" \/>\n<meta property=\"article:modified_time\" content=\"2025-09-16T17:52:14+00:00\" \/>\n<meta property=\"og:image\" content=\"https:\/\/agenciainfra.com\/blog\/wp-content\/uploads\/2021\/11\/leilao-foto-ricardo-botelho-minfra.jpeg\" \/>\n\t<meta property=\"og:image:width\" content=\"1280\" \/>\n\t<meta property=\"og:image:height\" content=\"853\" \/>\n\t<meta property=\"og:image:type\" content=\"image\/jpeg\" \/>\n<meta name=\"author\" content=\"Ag\u00eancia iNFRA\" \/>\n<meta name=\"twitter:card\" content=\"summary_large_image\" \/>\n<meta name=\"twitter:creator\" content=\"@agencia_infra\" \/>\n<meta name=\"twitter:site\" content=\"@agencia_infra\" \/>\n<meta name=\"twitter:label1\" content=\"Escrito por\" \/>\n\t<meta name=\"twitter:data1\" content=\"Ag\u00eancia iNFRA\" \/>\n\t<meta name=\"twitter:label2\" content=\"Est. tempo de leitura\" \/>\n\t<meta name=\"twitter:data2\" content=\"2 minutos\" \/>\n<script type=\"application\/ld+json\" class=\"yoast-schema-graph\">{\"@context\":\"https:\/\/schema.org\",\"@graph\":[{\"@type\":\"Article\",\"@id\":\"https:\/\/agenciainfra.com\/blog\/ppp-via-liberdade-dois-consorcios-disputam-lote-rodoviario-em-mg\/#article\",\"isPartOf\":{\"@id\":\"https:\/\/agenciainfra.com\/blog\/ppp-via-liberdade-dois-consorcios-disputam-lote-rodoviario-em-mg\/\"},\"author\":{\"name\":\"Ag\u00eancia iNFRA\",\"@id\":\"https:\/\/agenciainfra.com\/blog\/#\/schema\/person\/34af08dff6adea4cb22b06612ba7acfa\"},\"headline\":\"PPP Via Liberdade: Dois cons\u00f3rcios disputam lote rodovi\u00e1rio em MG\",\"datePublished\":\"2025-09-16T13:00:00+00:00\",\"dateModified\":\"2025-09-16T17:52:14+00:00\",\"mainEntityOfPage\":{\"@id\":\"https:\/\/agenciainfra.com\/blog\/ppp-via-liberdade-dois-consorcios-disputam-lote-rodoviario-em-mg\/\"},\"wordCount\":475,\"publisher\":{\"@id\":\"https:\/\/agenciainfra.com\/blog\/#organization\"},\"image\":{\"@id\":\"https:\/\/agenciainfra.com\/blog\/ppp-via-liberdade-dois-consorcios-disputam-lote-rodoviario-em-mg\/#primaryimage\"},\"thumbnailUrl\":\"https:\/\/agenciainfra.com\/blog\/wp-content\/uploads\/2021\/11\/leilao-foto-ricardo-botelho-minfra.jpeg\",\"keywords\":[\"concess\u00f5es e ppps\",\"Houer Concess\u00f5es\",\"leil\u00e3o\",\"lote rodovi\u00e1rio\",\"Mar\u00edlia Sena\",\"parcerias p\u00fablico-privadas\",\"PPP\",\"ppp de hospital\",\"PPP Via Liberdade\",\"Rodovias MG\"],\"articleSection\":[\"Destaque lista\",\"Geral\",\"iNFRATransporte\"],\"inLanguage\":\"pt-BR\",\"copyrightYear\":\"2025\",\"copyrightHolder\":{\"@id\":\"https:\/\/agenciainfra.com\/blog\/#organization\"}},{\"@type\":\"WebPage\",\"@id\":\"https:\/\/agenciainfra.com\/blog\/ppp-via-liberdade-dois-consorcios-disputam-lote-rodoviario-em-mg\/\",\"url\":\"https:\/\/agenciainfra.com\/blog\/ppp-via-liberdade-dois-consorcios-disputam-lote-rodoviario-em-mg\/\",\"name\":\"PPP Via Liberdade: Dois cons\u00f3rcios disputam lote rodovi\u00e1rio em MG - Ag\u00eancia iNFRA\",\"isPartOf\":{\"@id\":\"https:\/\/agenciainfra.com\/blog\/#website\"},\"primaryImageOfPage\":{\"@id\":\"https:\/\/agenciainfra.com\/blog\/ppp-via-liberdade-dois-consorcios-disputam-lote-rodoviario-em-mg\/#primaryimage\"},\"image\":{\"@id\":\"https:\/\/agenciainfra.com\/blog\/ppp-via-liberdade-dois-consorcios-disputam-lote-rodoviario-em-mg\/#primaryimage\"},\"thumbnailUrl\":\"https:\/\/agenciainfra.com\/blog\/wp-content\/uploads\/2021\/11\/leilao-foto-ricardo-botelho-minfra.jpeg\",\"datePublished\":\"2025-09-16T13:00:00+00:00\",\"dateModified\":\"2025-09-16T17:52:14+00:00\",\"breadcrumb\":{\"@id\":\"https:\/\/agenciainfra.com\/blog\/ppp-via-liberdade-dois-consorcios-disputam-lote-rodoviario-em-mg\/#breadcrumb\"},\"inLanguage\":\"pt-BR\",\"potentialAction\":[{\"@type\":\"ReadAction\",\"target\":[\"https:\/\/agenciainfra.com\/blog\/ppp-via-liberdade-dois-consorcios-disputam-lote-rodoviario-em-mg\/\"]}]},{\"@type\":\"ImageObject\",\"inLanguage\":\"pt-BR\",\"@id\":\"https:\/\/agenciainfra.com\/blog\/ppp-via-liberdade-dois-consorcios-disputam-lote-rodoviario-em-mg\/#primaryimage\",\"url\":\"https:\/\/agenciainfra.com\/blog\/wp-content\/uploads\/2021\/11\/leilao-foto-ricardo-botelho-minfra.jpeg\",\"contentUrl\":\"https:\/\/agenciainfra.com\/blog\/wp-content\/uploads\/2021\/11\/leilao-foto-ricardo-botelho-minfra.jpeg\",\"width\":1280,\"height\":853,\"caption\":\"Foto: Ricardo Botelho\/Minfra\"},{\"@type\":\"BreadcrumbList\",\"@id\":\"https:\/\/agenciainfra.com\/blog\/ppp-via-liberdade-dois-consorcios-disputam-lote-rodoviario-em-mg\/#breadcrumb\",\"itemListElement\":[{\"@type\":\"ListItem\",\"position\":1,\"name\":\"In\u00edcio\",\"item\":\"https:\/\/agenciainfra.com\/blog\/\"},{\"@type\":\"ListItem\",\"position\":2,\"name\":\"PPP Via Liberdade: Dois cons\u00f3rcios disputam lote rodovi\u00e1rio em MG\"}]},{\"@type\":\"WebSite\",\"@id\":\"https:\/\/agenciainfra.com\/blog\/#website\",\"url\":\"https:\/\/agenciainfra.com\/blog\/\",\"name\":\"Ag\u00eancia iNFRA\",\"description\":\"Multiplataforma de informa\u00e7\u00e3o jornal\u00edstica refer\u00eancia na \u00e1rea de infraestrutura no Brasil!\",\"publisher\":{\"@id\":\"https:\/\/agenciainfra.com\/blog\/#organization\"},\"potentialAction\":[{\"@type\":\"SearchAction\",\"target\":{\"@type\":\"EntryPoint\",\"urlTemplate\":\"https:\/\/agenciainfra.com\/blog\/?s={search_term_string}\"},\"query-input\":{\"@type\":\"PropertyValueSpecification\",\"valueRequired\":true,\"valueName\":\"search_term_string\"}}],\"inLanguage\":\"pt-BR\"},{\"@type\":\"Organization\",\"@id\":\"https:\/\/agenciainfra.com\/blog\/#organization\",\"name\":\"Ag\u00eancia iNFRA\",\"url\":\"https:\/\/agenciainfra.com\/blog\/\",\"logo\":{\"@type\":\"ImageObject\",\"inLanguage\":\"pt-BR\",\"@id\":\"https:\/\/agenciainfra.com\/blog\/#\/schema\/logo\/image\/\",\"url\":\"https:\/\/agenciainfra.com\/blog\/wp-content\/uploads\/2023\/09\/iNFRA_5-e1761735885940.png\",\"contentUrl\":\"https:\/\/agenciainfra.com\/blog\/wp-content\/uploads\/2023\/09\/iNFRA_5-e1761735885940.png\",\"width\":1672,\"height\":454,\"caption\":\"Ag\u00eancia iNFRA\"},\"image\":{\"@id\":\"https:\/\/agenciainfra.com\/blog\/#\/schema\/logo\/image\/\"},\"sameAs\":[\"https:\/\/www.facebook.com\/ageninfra\",\"https:\/\/x.com\/agencia_infra\",\"https:\/\/www.linkedin.com\/company\/ag\u00eanciainfra\/\",\"https:\/\/www.instagram.com\/agenciainfra\/\"]},{\"@type\":\"Person\",\"@id\":\"https:\/\/agenciainfra.com\/blog\/#\/schema\/person\/34af08dff6adea4cb22b06612ba7acfa\",\"name\":\"Ag\u00eancia iNFRA\",\"image\":{\"@type\":\"ImageObject\",\"inLanguage\":\"pt-BR\",\"@id\":\"https:\/\/agenciainfra.com\/blog\/#\/schema\/person\/image\/\",\"url\":\"https:\/\/secure.gravatar.com\/avatar\/d189e01678f06d8eb84d4e01f08eb848b3fffe3f8443818d3c356c66892f5be8?s=96&d=mm&r=g\",\"contentUrl\":\"https:\/\/secure.gravatar.com\/avatar\/d189e01678f06d8eb84d4e01f08eb848b3fffe3f8443818d3c356c66892f5be8?s=96&d=mm&r=g\",\"caption\":\"Ag\u00eancia iNFRA\"},\"url\":\"https:\/\/agenciainfra.com\/blog\/author\/admin\/\"}]}<\/script>\n<!-- \/ Yoast SEO Premium plugin. -->","yoast_head_json":{"title":"PPP Via Liberdade: Dois cons\u00f3rcios disputam lote rodovi\u00e1rio em MG - Ag\u00eancia iNFRA","robots":{"index":"index","follow":"follow","max-snippet":"max-snippet:-1","max-image-preview":"max-image-preview:large","max-video-preview":"max-video-preview:-1"},"canonical":"https:\/\/agenciainfra.com\/blog\/ppp-via-liberdade-dois-consorcios-disputam-lote-rodoviario-em-mg\/","og_locale":"pt_BR","og_type":"article","og_title":"PPP Via Liberdade: Dois cons\u00f3rcios disputam lote rodovi\u00e1rio em MG","og_description":"Mar\u00edlia Sena, da Ag\u00eancia iNFRA O governo de Minas Gerais (MG) recebeu duas propostas para o leil\u00e3o do lote rodovi\u00e1rio Ouro Preto\u2013Mariana, conhecido como Via Liberdade, que deve ocorrer na quinta-feira (18), na sede da B3, em S\u00e3o Paulo (SP). A PPP (Parceria P\u00fablico-Privada) ser\u00e1 disputada por dois cons\u00f3rcios: um liderado pela Metropolitana, formado por [&hellip;]","og_url":"https:\/\/agenciainfra.com\/blog\/ppp-via-liberdade-dois-consorcios-disputam-lote-rodoviario-em-mg\/","og_site_name":"Ag\u00eancia iNFRA","article_publisher":"https:\/\/www.facebook.com\/ageninfra","article_published_time":"2025-09-16T13:00:00+00:00","article_modified_time":"2025-09-16T17:52:14+00:00","og_image":[{"width":1280,"height":853,"url":"https:\/\/agenciainfra.com\/blog\/wp-content\/uploads\/2021\/11\/leilao-foto-ricardo-botelho-minfra.jpeg","type":"image\/jpeg"}],"author":"Ag\u00eancia iNFRA","twitter_card":"summary_large_image","twitter_creator":"@agencia_infra","twitter_site":"@agencia_infra","twitter_misc":{"Escrito por":"Ag\u00eancia iNFRA","Est. tempo de leitura":"2 minutos"},"schema":{"@context":"https:\/\/schema.org","@graph":[{"@type":"Article","@id":"https:\/\/agenciainfra.com\/blog\/ppp-via-liberdade-dois-consorcios-disputam-lote-rodoviario-em-mg\/#article","isPartOf":{"@id":"https:\/\/agenciainfra.com\/blog\/ppp-via-liberdade-dois-consorcios-disputam-lote-rodoviario-em-mg\/"},"author":{"name":"Ag\u00eancia iNFRA","@id":"https:\/\/agenciainfra.com\/blog\/#\/schema\/person\/34af08dff6adea4cb22b06612ba7acfa"},"headline":"PPP Via Liberdade: Dois cons\u00f3rcios disputam lote rodovi\u00e1rio em MG","datePublished":"2025-09-16T13:00:00+00:00","dateModified":"2025-09-16T17:52:14+00:00","mainEntityOfPage":{"@id":"https:\/\/agenciainfra.com\/blog\/ppp-via-liberdade-dois-consorcios-disputam-lote-rodoviario-em-mg\/"},"wordCount":475,"publisher":{"@id":"https:\/\/agenciainfra.com\/blog\/#organization"},"image":{"@id":"https:\/\/agenciainfra.com\/blog\/ppp-via-liberdade-dois-consorcios-disputam-lote-rodoviario-em-mg\/#primaryimage"},"thumbnailUrl":"https:\/\/agenciainfra.com\/blog\/wp-content\/uploads\/2021\/11\/leilao-foto-ricardo-botelho-minfra.jpeg","keywords":["concess\u00f5es e ppps","Houer Concess\u00f5es","leil\u00e3o","lote rodovi\u00e1rio","Mar\u00edlia Sena","parcerias p\u00fablico-privadas","PPP","ppp de hospital","PPP Via Liberdade","Rodovias MG"],"articleSection":["Destaque lista","Geral","iNFRATransporte"],"inLanguage":"pt-BR","copyrightYear":"2025","copyrightHolder":{"@id":"https:\/\/agenciainfra.com\/blog\/#organization"}},{"@type":"WebPage","@id":"https:\/\/agenciainfra.com\/blog\/ppp-via-liberdade-dois-consorcios-disputam-lote-rodoviario-em-mg\/","url":"https:\/\/agenciainfra.com\/blog\/ppp-via-liberdade-dois-consorcios-disputam-lote-rodoviario-em-mg\/","name":"PPP Via Liberdade: Dois cons\u00f3rcios disputam lote rodovi\u00e1rio em MG - Ag\u00eancia iNFRA","isPartOf":{"@id":"https:\/\/agenciainfra.com\/blog\/#website"},"primaryImageOfPage":{"@id":"https:\/\/agenciainfra.com\/blog\/ppp-via-liberdade-dois-consorcios-disputam-lote-rodoviario-em-mg\/#primaryimage"},"image":{"@id":"https:\/\/agenciainfra.com\/blog\/ppp-via-liberdade-dois-consorcios-disputam-lote-rodoviario-em-mg\/#primaryimage"},"thumbnailUrl":"https:\/\/agenciainfra.com\/blog\/wp-content\/uploads\/2021\/11\/leilao-foto-ricardo-botelho-minfra.jpeg","datePublished":"2025-09-16T13:00:00+00:00","dateModified":"2025-09-16T17:52:14+00:00","breadcrumb":{"@id":"https:\/\/agenciainfra.com\/blog\/ppp-via-liberdade-dois-consorcios-disputam-lote-rodoviario-em-mg\/#breadcrumb"},"inLanguage":"pt-BR","potentialAction":[{"@type":"ReadAction","target":["https:\/\/agenciainfra.com\/blog\/ppp-via-liberdade-dois-consorcios-disputam-lote-rodoviario-em-mg\/"]}]},{"@type":"ImageObject","inLanguage":"pt-BR","@id":"https:\/\/agenciainfra.com\/blog\/ppp-via-liberdade-dois-consorcios-disputam-lote-rodoviario-em-mg\/#primaryimage","url":"https:\/\/agenciainfra.com\/blog\/wp-content\/uploads\/2021\/11\/leilao-foto-ricardo-botelho-minfra.jpeg","contentUrl":"https:\/\/agenciainfra.com\/blog\/wp-content\/uploads\/2021\/11\/leilao-foto-ricardo-botelho-minfra.jpeg","width":1280,"height":853,"caption":"Foto: Ricardo Botelho\/Minfra"},{"@type":"BreadcrumbList","@id":"https:\/\/agenciainfra.com\/blog\/ppp-via-liberdade-dois-consorcios-disputam-lote-rodoviario-em-mg\/#breadcrumb","itemListElement":[{"@type":"ListItem","position":1,"name":"In\u00edcio","item":"https:\/\/agenciainfra.com\/blog\/"},{"@type":"ListItem","position":2,"name":"PPP Via Liberdade: Dois cons\u00f3rcios disputam lote rodovi\u00e1rio em MG"}]},{"@type":"WebSite","@id":"https:\/\/agenciainfra.com\/blog\/#website","url":"https:\/\/agenciainfra.com\/blog\/","name":"Ag\u00eancia iNFRA","description":"Multiplataforma de informa\u00e7\u00e3o jornal\u00edstica refer\u00eancia na \u00e1rea de infraestrutura no Brasil!","publisher":{"@id":"https:\/\/agenciainfra.com\/blog\/#organization"},"potentialAction":[{"@type":"SearchAction","target":{"@type":"EntryPoint","urlTemplate":"https:\/\/agenciainfra.com\/blog\/?s={search_term_string}"},"query-input":{"@type":"PropertyValueSpecification","valueRequired":true,"valueName":"search_term_string"}}],"inLanguage":"pt-BR"},{"@type":"Organization","@id":"https:\/\/agenciainfra.com\/blog\/#organization","name":"Ag\u00eancia iNFRA","url":"https:\/\/agenciainfra.com\/blog\/","logo":{"@type":"ImageObject","inLanguage":"pt-BR","@id":"https:\/\/agenciainfra.com\/blog\/#\/schema\/logo\/image\/","url":"https:\/\/agenciainfra.com\/blog\/wp-content\/uploads\/2023\/09\/iNFRA_5-e1761735885940.png","contentUrl":"https:\/\/agenciainfra.com\/blog\/wp-content\/uploads\/2023\/09\/iNFRA_5-e1761735885940.png","width":1672,"height":454,"caption":"Ag\u00eancia iNFRA"},"image":{"@id":"https:\/\/agenciainfra.com\/blog\/#\/schema\/logo\/image\/"},"sameAs":["https:\/\/www.facebook.com\/ageninfra","https:\/\/x.com\/agencia_infra","https:\/\/www.linkedin.com\/company\/ag\u00eanciainfra\/","https:\/\/www.instagram.com\/agenciainfra\/"]},{"@type":"Person","@id":"https:\/\/agenciainfra.com\/blog\/#\/schema\/person\/34af08dff6adea4cb22b06612ba7acfa","name":"Ag\u00eancia iNFRA","image":{"@type":"ImageObject","inLanguage":"pt-BR","@id":"https:\/\/agenciainfra.com\/blog\/#\/schema\/person\/image\/","url":"https:\/\/secure.gravatar.com\/avatar\/d189e01678f06d8eb84d4e01f08eb848b3fffe3f8443818d3c356c66892f5be8?s=96&d=mm&r=g","contentUrl":"https:\/\/secure.gravatar.com\/avatar\/d189e01678f06d8eb84d4e01f08eb848b3fffe3f8443818d3c356c66892f5be8?s=96&d=mm&r=g","caption":"Ag\u00eancia iNFRA"},"url":"https:\/\/agenciainfra.com\/blog\/author\/admin\/"}]}},"_links":{"self":[{"href":"https:\/\/agenciainfra.com\/blog\/wp-json\/wp\/v2\/posts\/27819","targetHints":{"allow":["GET"]}}],"collection":[{"href":"https:\/\/agenciainfra.com\/blog\/wp-json\/wp\/v2\/posts"}],"about":[{"href":"https:\/\/agenciainfra.com\/blog\/wp-json\/wp\/v2\/types\/post"}],"author":[{"embeddable":true,"href":"https:\/\/agenciainfra.com\/blog\/wp-json\/wp\/v2\/users\/1"}],"replies":[{"embeddable":true,"href":"https:\/\/agenciainfra.com\/blog\/wp-json\/wp\/v2\/comments?post=27819"}],"version-history":[{"count":1,"href":"https:\/\/agenciainfra.com\/blog\/wp-json\/wp\/v2\/posts\/27819\/revisions"}],"predecessor-version":[{"id":27820,"href":"https:\/\/agenciainfra.com\/blog\/wp-json\/wp\/v2\/posts\/27819\/revisions\/27820"}],"wp:featuredmedia":[{"embeddable":true,"href":"https:\/\/agenciainfra.com\/blog\/wp-json\/wp\/v2\/media\/8985"}],"wp:attachment":[{"href":"https:\/\/agenciainfra.com\/blog\/wp-json\/wp\/v2\/media?parent=27819"}],"wp:term":[{"taxonomy":"category","embeddable":true,"href":"https:\/\/agenciainfra.com\/blog\/wp-json\/wp\/v2\/categories?post=27819"},{"taxonomy":"post_tag","embeddable":true,"href":"https:\/\/agenciainfra.com\/blog\/wp-json\/wp\/v2\/tags?post=27819"}],"curies":[{"name":"wp","href":"https:\/\/api.w.org\/{rel}","templated":true}]}}